{"id":5235,"date":"2015-02-11T00:00:00","date_gmt":"2015-02-10T23:00:00","guid":{"rendered":"https:\/\/lightweb.dev\/l\/svm-temp\/spannande-innovativ-konst-pa-cac\/"},"modified":"2015-02-11T00:00:00","modified_gmt":"2015-02-10T23:00:00","slug":"spannande-innovativ-konst-pa-cac","status":"publish","type":"post","link":"https:\/\/lightweb.dev\/l\/svm-temp\/artiklar\/spannande-innovativ-konst-pa-cac\/","title":{"rendered":"Sp\u00e4nnande innovativ konst p\u00e5 CAC"},"content":{"rendered":"<p> CAC M\u00e1laga ligger i en fd saluhall f\u00f6r partihandel byggd i slutet av 1930-talet, en 6.000 m2 stor byggnad p\u00e5 \u00f6stra sidan av floden Guadalmedina som rinner genom staden. Runt 2.400 m2 \u00e4r idag utst\u00e4llningshallar med planer f\u00f6r tillbyggnad och vidareutveckling. Av Madeleine \u00d6berg<\/p>\n<p>H\u00e4r har man f\u00f6r f\u00f6rsta g\u00e5ngen i Spanien valt att kombinera privata f\u00f6rvaltningsmetoder och den offentliga sektorns ideal och m\u00e5l med stor framg\u00e5ng.<\/p>\n<p>Man har etablerat ett innovativt program, ursprungligen inspirerat av den tyska modellen av &#8221;Kunsthaus&#8221;. Detta \u00e4r t\u00e4nkt som ett &#8221;Konstens hus&#8221;, en dynamisk space, \u00f6ppen f\u00f6r nya trender och uttrycksformer samt sociala aspekter, politiska och estetiska perspektiv av samtida konst.<\/p>\n<p>CAC M\u00e1laga har genom \u00e5ren, f\u00f6rutom sitt st\u00f6d till mer lokala konstn\u00e4rer,  tagit emot m\u00e5nga europeiska och andra internationellt erk\u00e4nda namn; Louise Bourgeois, br\u00f6derna Chapman, Gerard Richter, Paul McCarthy, Anish Kapoor, Jason Rhoades, Raymond Pettibon, Ron Mueck, Rachael Whiteread, Yoshitmo Nara, Roni Horn, Daniel Richter o Rodney Graham.<\/p>\n<p>  I den permanenta samlingen belyser man verk skapade fr\u00e5n 1950-talet fram till nutid av betydande internationella konstn\u00e4rer. Likas\u00e5 \u00e4gnas s\u00e4rskild uppm\u00e4rksamhet \u00e5t spansk konst fr\u00e5n \u00e5ttiotalet, som inneh\u00e5ller verk av lokala konstn\u00e4rer och bidrar till spridning av andalusisk konst.<\/p>\n<p>Att bes\u00f6ka CAC M\u00e1laga \u00e4r verkligen att rekommendera. Det centrala l\u00e4get g\u00f6r det l\u00e4tt att hitta och det kr\u00e4vs inte heller timsl\u00e5nga bes\u00f6k. Dessutom \u00e4r det fri entr\u00e9. F\u00f6rutom den permanenta samlingen, erbjuder CAC M\u00e1laga st\u00e4ndigt nya sp\u00e4nnande  utst\u00e4llningar, kurser och f\u00f6rel\u00e4sningar som ni kan l\u00e4sa mer om p\u00e5 deras  hemsida cacmalaga.eu  Muse\u00e9t har \u00f6ppet tis &#8211; s\u00f6n fr 10.00 &#8211; 20.00.<\/p>\n<p>I entr\u00e9planet hittar ni den v\u00e4lrenommerade restaurangen \u00d2leo som serverar uts\u00f6kt medelhavsk\u00f6k och sushi bar. En v\u00e4lfylld shop finns ocks\u00e5 i entr\u00e9planet.<\/p>\n<p>Att bes\u00f6ka CAC M\u00e1laga \u00e4r verkligen att rekommendera. Det centrala l\u00e4get g\u00f6r det l\u00e4tt att hitta och det kr\u00e4vs inte heller timsl\u00e5nga bes\u00f6k. Dessutom \u00e4r det fri entr\u00e9. F\u00f6rutom den permanenta samlingen, erbjuder CAC M\u00e1laga st\u00e4ndigt nya sp\u00e4nnande  utst\u00e4llningar, kurser och f\u00f6rel\u00e4sningar som ni kan l\u00e4sa mer om p\u00e5 deras  hemsida cacmalaga.eu  Muse\u00e9t har \u00f6ppet tis &#8211; s\u00f6n fr 10.00 &#8211; 20.00. I entr\u00e9planet hittar ni den v\u00e4lrenommerade restaurangen \u00d2leo som serverar uts\u00f6kt medelhavsk\u00f6k och sushi bar. En v\u00e4lfylld shop finns ocks\u00e5 i entr\u00e9planet.<\/p>\n","protected":false},"excerpt":{"rendered":"<p>CAC M\u00e1laga ligger i en fd saluhall f\u00f6r partihandel byggd i slutet av 1930-talet, en 6.000 m2 stor byggnad p\u00e5 \u00f6stra sidan av floden Guadalmedina som rinner genom staden. Runt 2.400 m2 \u00e4r idag utst\u00e4llningshallar med planer f\u00f6r tillbyggnad och vidareutveckling. Av Madeleine \u00d6berg H\u00e4r har man f\u00f6r f\u00f6rsta g\u00e5ngen i Spanien valt att kombinera [&hellip;]<\/p>\n","protected":false},"author":8,"featured_media":5236,"comment_status":"open","ping_status":"open","sticky":false,"template":"","format":"standard","meta":{"_et_pb_use_builder":"","_et_pb_old_content":"","_et_gb_content_width":"","footnotes":""},"categories":[4,45],"tags":[],"class_list":["post-5235","post","type-post","status-publish","format-standard","has-post-thumbnail","hentry","category-artiklar","category-kultur"],"yoast_head":"<!-- This site is optimized with the Yoast SEO Premium plugin v26.2 (Yoast SEO v27.4) - https:\/\/yoast.com\/product\/yoast-seo-premium-wordpress\/ -->\n<title>Sp\u00e4nnande innovativ konst p\u00e5 CAC - Svenska Magasinet<\/title>\n<meta name=\"robots\" content=\"noindex, follow, max-snippet:-1, max-image-preview:large, max-video-preview:-1\" \/>\n<meta property=\"og:locale\" content=\"sv_SE\" \/>\n<meta property=\"og:type\" content=\"article\" \/>\n<meta property=\"og:title\" content=\"Sp\u00e4nnande innovativ konst p\u00e5 CAC\" \/>\n<meta property=\"og:description\" content=\"CAC M\u00e1laga ligger i en fd saluhall f\u00f6r partihandel byggd i slutet av 1930-talet, en 6.000 m2 stor byggnad p\u00e5 \u00f6stra sidan av floden Guadalmedina som rinner genom staden. Runt 2.400 m2 \u00e4r idag utst\u00e4llningshallar med planer f\u00f6r tillbyggnad och vidareutveckling. Av Madeleine \u00d6berg H\u00e4r har man f\u00f6r f\u00f6rsta g\u00e5ngen i Spanien valt att kombinera [&hellip;]\" \/>\n<meta property=\"og:url\" content=\"https:\/\/lightweb.dev\/l\/svm-temp\/artiklar\/spannande-innovativ-konst-pa-cac\/\" \/>\n<meta property=\"og:site_name\" content=\"Svenska Magasinet\" \/>\n<meta property=\"article:publisher\" content=\"https:\/\/www.facebook.com\/svenskamagasinet\" \/>\n<meta property=\"article:published_time\" content=\"2015-02-10T23:00:00+00:00\" \/>\n<meta property=\"og:image\" content=\"https:\/\/lightweb.dev\/l\/svm-temp\/wp-content\/uploads\/2022\/04\/spnnande-innovativ-konst-p-cac.png\" \/>\n\t<meta property=\"og:image:width\" content=\"300\" \/>\n\t<meta property=\"og:image:height\" content=\"200\" \/>\n\t<meta property=\"og:image:type\" content=\"image\/png\" \/>\n<meta name=\"author\" content=\"Redaktionen SvM\" \/>\n<meta name=\"twitter:card\" content=\"summary_large_image\" \/>\n<meta name=\"twitter:creator\" content=\"@SvenskaMagasine\" \/>\n<meta name=\"twitter:site\" content=\"@SvenskaMagasine\" \/>\n<script type=\"application\/ld+json\" class=\"yoast-schema-graph\">{\"@context\":\"https:\\\/\\\/schema.org\",\"@graph\":[{\"@type\":\"Article\",\"@id\":\"https:\\\/\\\/lightweb.dev\\\/l\\\/svm-temp\\\/artiklar\\\/spannande-innovativ-konst-pa-cac\\\/#article\",\"isPartOf\":{\"@id\":\"https:\\\/\\\/lightweb.dev\\\/l\\\/svm-temp\\\/artiklar\\\/spannande-innovativ-konst-pa-cac\\\/\"},\"author\":{\"name\":\"Redaktionen SvM\",\"@id\":\"https:\\\/\\\/lightweb.dev\\\/l\\\/svm-temp\\\/#\\\/schema\\\/person\\\/206a3bda5b607b0c25e1749191e4d837\"},\"headline\":\"Sp\u00e4nnande innovativ konst p\u00e5 CAC\",\"datePublished\":\"2015-02-10T23:00:00+00:00\",\"mainEntityOfPage\":{\"@id\":\"https:\\\/\\\/lightweb.dev\\\/l\\\/svm-temp\\\/artiklar\\\/spannande-innovativ-konst-pa-cac\\\/\"},\"wordCount\":439,\"commentCount\":0,\"publisher\":{\"@id\":\"https:\\\/\\\/lightweb.dev\\\/l\\\/svm-temp\\\/#organization\"},\"image\":{\"@id\":\"https:\\\/\\\/lightweb.dev\\\/l\\\/svm-temp\\\/artiklar\\\/spannande-innovativ-konst-pa-cac\\\/#primaryimage\"},\"thumbnailUrl\":\"https:\\\/\\\/lightweb.dev\\\/l\\\/svm-temp\\\/wp-content\\\/uploads\\\/2022\\\/04\\\/spnnande-innovativ-konst-p-cac.png\",\"articleSection\":[\"Artiklar\",\"Kultur &amp; historia\"],\"inLanguage\":\"sv-SE\"},{\"@type\":\"WebPage\",\"@id\":\"https:\\\/\\\/lightweb.dev\\\/l\\\/svm-temp\\\/artiklar\\\/spannande-innovativ-konst-pa-cac\\\/\",\"url\":\"https:\\\/\\\/lightweb.dev\\\/l\\\/svm-temp\\\/artiklar\\\/spannande-innovativ-konst-pa-cac\\\/\",\"name\":\"Sp\u00e4nnande innovativ konst p\u00e5 CAC - Svenska Magasinet\",\"isPartOf\":{\"@id\":\"https:\\\/\\\/lightweb.dev\\\/l\\\/svm-temp\\\/#website\"},\"primaryImageOfPage\":{\"@id\":\"https:\\\/\\\/lightweb.dev\\\/l\\\/svm-temp\\\/artiklar\\\/spannande-innovativ-konst-pa-cac\\\/#primaryimage\"},\"image\":{\"@id\":\"https:\\\/\\\/lightweb.dev\\\/l\\\/svm-temp\\\/artiklar\\\/spannande-innovativ-konst-pa-cac\\\/#primaryimage\"},\"thumbnailUrl\":\"https:\\\/\\\/lightweb.dev\\\/l\\\/svm-temp\\\/wp-content\\\/uploads\\\/2022\\\/04\\\/spnnande-innovativ-konst-p-cac.png\",\"datePublished\":\"2015-02-10T23:00:00+00:00\",\"breadcrumb\":{\"@id\":\"https:\\\/\\\/lightweb.dev\\\/l\\\/svm-temp\\\/artiklar\\\/spannande-innovativ-konst-pa-cac\\\/#breadcrumb\"},\"inLanguage\":\"sv-SE\",\"potentialAction\":[{\"@type\":\"ReadAction\",\"target\":[\"https:\\\/\\\/lightweb.dev\\\/l\\\/svm-temp\\\/artiklar\\\/spannande-innovativ-konst-pa-cac\\\/\"]}]},{\"@type\":\"ImageObject\",\"inLanguage\":\"sv-SE\",\"@id\":\"https:\\\/\\\/lightweb.dev\\\/l\\\/svm-temp\\\/artiklar\\\/spannande-innovativ-konst-pa-cac\\\/#primaryimage\",\"url\":\"https:\\\/\\\/lightweb.dev\\\/l\\\/svm-temp\\\/wp-content\\\/uploads\\\/2022\\\/04\\\/spnnande-innovativ-konst-p-cac.png\",\"contentUrl\":\"https:\\\/\\\/lightweb.dev\\\/l\\\/svm-temp\\\/wp-content\\\/uploads\\\/2022\\\/04\\\/spnnande-innovativ-konst-p-cac.png\",\"width\":300,\"height\":200},{\"@type\":\"BreadcrumbList\",\"@id\":\"https:\\\/\\\/lightweb.dev\\\/l\\\/svm-temp\\\/artiklar\\\/spannande-innovativ-konst-pa-cac\\\/#breadcrumb\",\"itemListElement\":[{\"@type\":\"ListItem\",\"position\":1,\"name\":\"Hem\",\"item\":\"https:\\\/\\\/lightweb.dev\\\/l\\\/svm-temp\\\/\"},{\"@type\":\"ListItem\",\"position\":2,\"name\":\"Sp\u00e4nnande innovativ konst p\u00e5 CAC\"}]},{\"@type\":\"WebSite\",\"@id\":\"https:\\\/\\\/lightweb.dev\\\/l\\\/svm-temp\\\/#website\",\"url\":\"https:\\\/\\\/lightweb.dev\\\/l\\\/svm-temp\\\/\",\"name\":\"Svenska Magasinet\",\"description\":\"Dina Spanska nyheter p&aring; Svenska\",\"publisher\":{\"@id\":\"https:\\\/\\\/lightweb.dev\\\/l\\\/svm-temp\\\/#organization\"},\"potentialAction\":[{\"@type\":\"SearchAction\",\"target\":{\"@type\":\"EntryPoint\",\"urlTemplate\":\"https:\\\/\\\/lightweb.dev\\\/l\\\/svm-temp\\\/?s={search_term_string}\"},\"query-input\":{\"@type\":\"PropertyValueSpecification\",\"valueRequired\":true,\"valueName\":\"search_term_string\"}}],\"inLanguage\":\"sv-SE\"},{\"@type\":\"Organization\",\"@id\":\"https:\\\/\\\/lightweb.dev\\\/l\\\/svm-temp\\\/#organization\",\"name\":\"Melkerson y Nott SL\",\"alternateName\":\"Svenska Magasinet\",\"url\":\"https:\\\/\\\/lightweb.dev\\\/l\\\/svm-temp\\\/\",\"logo\":{\"@type\":\"ImageObject\",\"inLanguage\":\"sv-SE\",\"@id\":\"https:\\\/\\\/lightweb.dev\\\/l\\\/svm-temp\\\/#\\\/schema\\\/logo\\\/image\\\/\",\"url\":\"https:\\\/\\\/lightweb.dev\\\/l\\\/svm-temp\\\/wp-content\\\/uploads\\\/2025\\\/02\\\/SvM-logo-Xtra-Centrerad-SVART.png\",\"contentUrl\":\"https:\\\/\\\/lightweb.dev\\\/l\\\/svm-temp\\\/wp-content\\\/uploads\\\/2025\\\/02\\\/SvM-logo-Xtra-Centrerad-SVART.png\",\"width\":300,\"height\":99,\"caption\":\"Melkerson y Nott SL\"},\"image\":{\"@id\":\"https:\\\/\\\/lightweb.dev\\\/l\\\/svm-temp\\\/#\\\/schema\\\/logo\\\/image\\\/\"},\"sameAs\":[\"https:\\\/\\\/www.facebook.com\\\/svenskamagasinet\",\"https:\\\/\\\/x.com\\\/SvenskaMagasine\"]},{\"@type\":\"Person\",\"@id\":\"https:\\\/\\\/lightweb.dev\\\/l\\\/svm-temp\\\/#\\\/schema\\\/person\\\/206a3bda5b607b0c25e1749191e4d837\",\"name\":\"Redaktionen SvM\",\"description\":\"Redaktionen\",\"sameAs\":[\"https:\\\/\\\/lightweb.dev\\\/l\\\/svm-temp\"],\"url\":\"https:\\\/\\\/lightweb.dev\\\/l\\\/svm-temp\\\/reporter\\\/redaktionen\\\/\"}]}<\/script>\n<!-- \/ Yoast SEO Premium plugin. -->","yoast_head_json":{"title":"Sp\u00e4nnande innovativ konst p\u00e5 CAC - Svenska Magasinet","robots":{"index":"noindex","follow":"follow","max-snippet":"max-snippet:-1","max-image-preview":"max-image-preview:large","max-video-preview":"max-video-preview:-1"},"og_locale":"sv_SE","og_type":"article","og_title":"Sp\u00e4nnande innovativ konst p\u00e5 CAC","og_description":"CAC M\u00e1laga ligger i en fd saluhall f\u00f6r partihandel byggd i slutet av 1930-talet, en 6.000 m2 stor byggnad p\u00e5 \u00f6stra sidan av floden Guadalmedina som rinner genom staden. Runt 2.400 m2 \u00e4r idag utst\u00e4llningshallar med planer f\u00f6r tillbyggnad och vidareutveckling. Av Madeleine \u00d6berg H\u00e4r har man f\u00f6r f\u00f6rsta g\u00e5ngen i Spanien valt att kombinera [&hellip;]","og_url":"https:\/\/lightweb.dev\/l\/svm-temp\/artiklar\/spannande-innovativ-konst-pa-cac\/","og_site_name":"Svenska Magasinet","article_publisher":"https:\/\/www.facebook.com\/svenskamagasinet","article_published_time":"2015-02-10T23:00:00+00:00","og_image":[{"width":300,"height":200,"url":"https:\/\/lightweb.dev\/l\/svm-temp\/wp-content\/uploads\/2022\/04\/spnnande-innovativ-konst-p-cac.png","type":"image\/png"}],"author":"Redaktionen SvM","twitter_card":"summary_large_image","twitter_creator":"@SvenskaMagasine","twitter_site":"@SvenskaMagasine","schema":{"@context":"https:\/\/schema.org","@graph":[{"@type":"Article","@id":"https:\/\/lightweb.dev\/l\/svm-temp\/artiklar\/spannande-innovativ-konst-pa-cac\/#article","isPartOf":{"@id":"https:\/\/lightweb.dev\/l\/svm-temp\/artiklar\/spannande-innovativ-konst-pa-cac\/"},"author":{"name":"Redaktionen SvM","@id":"https:\/\/lightweb.dev\/l\/svm-temp\/#\/schema\/person\/206a3bda5b607b0c25e1749191e4d837"},"headline":"Sp\u00e4nnande innovativ konst p\u00e5 CAC","datePublished":"2015-02-10T23:00:00+00:00","mainEntityOfPage":{"@id":"https:\/\/lightweb.dev\/l\/svm-temp\/artiklar\/spannande-innovativ-konst-pa-cac\/"},"wordCount":439,"commentCount":0,"publisher":{"@id":"https:\/\/lightweb.dev\/l\/svm-temp\/#organization"},"image":{"@id":"https:\/\/lightweb.dev\/l\/svm-temp\/artiklar\/spannande-innovativ-konst-pa-cac\/#primaryimage"},"thumbnailUrl":"https:\/\/lightweb.dev\/l\/svm-temp\/wp-content\/uploads\/2022\/04\/spnnande-innovativ-konst-p-cac.png","articleSection":["Artiklar","Kultur &amp; historia"],"inLanguage":"sv-SE"},{"@type":"WebPage","@id":"https:\/\/lightweb.dev\/l\/svm-temp\/artiklar\/spannande-innovativ-konst-pa-cac\/","url":"https:\/\/lightweb.dev\/l\/svm-temp\/artiklar\/spannande-innovativ-konst-pa-cac\/","name":"Sp\u00e4nnande innovativ konst p\u00e5 CAC - Svenska Magasinet","isPartOf":{"@id":"https:\/\/lightweb.dev\/l\/svm-temp\/#website"},"primaryImageOfPage":{"@id":"https:\/\/lightweb.dev\/l\/svm-temp\/artiklar\/spannande-innovativ-konst-pa-cac\/#primaryimage"},"image":{"@id":"https:\/\/lightweb.dev\/l\/svm-temp\/artiklar\/spannande-innovativ-konst-pa-cac\/#primaryimage"},"thumbnailUrl":"https:\/\/lightweb.dev\/l\/svm-temp\/wp-content\/uploads\/2022\/04\/spnnande-innovativ-konst-p-cac.png","datePublished":"2015-02-10T23:00:00+00:00","breadcrumb":{"@id":"https:\/\/lightweb.dev\/l\/svm-temp\/artiklar\/spannande-innovativ-konst-pa-cac\/#breadcrumb"},"inLanguage":"sv-SE","potentialAction":[{"@type":"ReadAction","target":["https:\/\/lightweb.dev\/l\/svm-temp\/artiklar\/spannande-innovativ-konst-pa-cac\/"]}]},{"@type":"ImageObject","inLanguage":"sv-SE","@id":"https:\/\/lightweb.dev\/l\/svm-temp\/artiklar\/spannande-innovativ-konst-pa-cac\/#primaryimage","url":"https:\/\/lightweb.dev\/l\/svm-temp\/wp-content\/uploads\/2022\/04\/spnnande-innovativ-konst-p-cac.png","contentUrl":"https:\/\/lightweb.dev\/l\/svm-temp\/wp-content\/uploads\/2022\/04\/spnnande-innovativ-konst-p-cac.png","width":300,"height":200},{"@type":"BreadcrumbList","@id":"https:\/\/lightweb.dev\/l\/svm-temp\/artiklar\/spannande-innovativ-konst-pa-cac\/#breadcrumb","itemListElement":[{"@type":"ListItem","position":1,"name":"Hem","item":"https:\/\/lightweb.dev\/l\/svm-temp\/"},{"@type":"ListItem","position":2,"name":"Sp\u00e4nnande innovativ konst p\u00e5 CAC"}]},{"@type":"WebSite","@id":"https:\/\/lightweb.dev\/l\/svm-temp\/#website","url":"https:\/\/lightweb.dev\/l\/svm-temp\/","name":"Svenska Magasinet","description":"Dina Spanska nyheter p&aring; Svenska","publisher":{"@id":"https:\/\/lightweb.dev\/l\/svm-temp\/#organization"},"potentialAction":[{"@type":"SearchAction","target":{"@type":"EntryPoint","urlTemplate":"https:\/\/lightweb.dev\/l\/svm-temp\/?s={search_term_string}"},"query-input":{"@type":"PropertyValueSpecification","valueRequired":true,"valueName":"search_term_string"}}],"inLanguage":"sv-SE"},{"@type":"Organization","@id":"https:\/\/lightweb.dev\/l\/svm-temp\/#organization","name":"Melkerson y Nott SL","alternateName":"Svenska Magasinet","url":"https:\/\/lightweb.dev\/l\/svm-temp\/","logo":{"@type":"ImageObject","inLanguage":"sv-SE","@id":"https:\/\/lightweb.dev\/l\/svm-temp\/#\/schema\/logo\/image\/","url":"https:\/\/lightweb.dev\/l\/svm-temp\/wp-content\/uploads\/2025\/02\/SvM-logo-Xtra-Centrerad-SVART.png","contentUrl":"https:\/\/lightweb.dev\/l\/svm-temp\/wp-content\/uploads\/2025\/02\/SvM-logo-Xtra-Centrerad-SVART.png","width":300,"height":99,"caption":"Melkerson y Nott SL"},"image":{"@id":"https:\/\/lightweb.dev\/l\/svm-temp\/#\/schema\/logo\/image\/"},"sameAs":["https:\/\/www.facebook.com\/svenskamagasinet","https:\/\/x.com\/SvenskaMagasine"]},{"@type":"Person","@id":"https:\/\/lightweb.dev\/l\/svm-temp\/#\/schema\/person\/206a3bda5b607b0c25e1749191e4d837","name":"Redaktionen SvM","description":"Redaktionen","sameAs":["https:\/\/lightweb.dev\/l\/svm-temp"],"url":"https:\/\/lightweb.dev\/l\/svm-temp\/reporter\/redaktionen\/"}]}},"_links":{"self":[{"href":"https:\/\/lightweb.dev\/l\/svm-temp\/wp-json\/wp\/v2\/posts\/5235","targetHints":{"allow":["GET"]}}],"collection":[{"href":"https:\/\/lightweb.dev\/l\/svm-temp\/wp-json\/wp\/v2\/posts"}],"about":[{"href":"https:\/\/lightweb.dev\/l\/svm-temp\/wp-json\/wp\/v2\/types\/post"}],"author":[{"embeddable":true,"href":"https:\/\/lightweb.dev\/l\/svm-temp\/wp-json\/wp\/v2\/users\/8"}],"replies":[{"embeddable":true,"href":"https:\/\/lightweb.dev\/l\/svm-temp\/wp-json\/wp\/v2\/comments?post=5235"}],"version-history":[{"count":0,"href":"https:\/\/lightweb.dev\/l\/svm-temp\/wp-json\/wp\/v2\/posts\/5235\/revisions"}],"wp:featuredmedia":[{"embeddable":true,"href":"https:\/\/lightweb.dev\/l\/svm-temp\/wp-json\/wp\/v2\/media\/5236"}],"wp:attachment":[{"href":"https:\/\/lightweb.dev\/l\/svm-temp\/wp-json\/wp\/v2\/media?parent=5235"}],"wp:term":[{"taxonomy":"category","embeddable":true,"href":"https:\/\/lightweb.dev\/l\/svm-temp\/wp-json\/wp\/v2\/categories?post=5235"},{"taxonomy":"post_tag","embeddable":true,"href":"https:\/\/lightweb.dev\/l\/svm-temp\/wp-json\/wp\/v2\/tags?post=5235"}],"curies":[{"name":"wp","href":"https:\/\/api.w.org\/{rel}","templated":true}]}}