{"id":5239,"date":"2015-02-11T00:00:00","date_gmt":"2015-02-10T23:00:00","guid":{"rendered":"https:\/\/lightweb.dev\/l\/svm-temp\/blir-det-varre-eller-mojligen-annu-varre\/"},"modified":"2015-02-11T00:00:00","modified_gmt":"2015-02-10T23:00:00","slug":"blir-det-varre-eller-mojligen-annu-varre","status":"publish","type":"post","link":"https:\/\/lightweb.dev\/l\/svm-temp\/artiklar\/blir-det-varre-eller-mojligen-annu-varre\/","title":{"rendered":"Blir det v\u00e4rre eller m\u00f6jligen \u00e4nnu v\u00e4rre?"},"content":{"rendered":"<p> George Orwells roman \u201d1984\u201d fr\u00e5n 1949 har idag blivit mer \u00e4n verklighet. Den 1 januari 2015 tr\u00e4dde det nya sparandedirektivet \u2013 European Savings Directive (EUSD) \u2013 i kraft. Direktivet \u00e4r till\u00e4mpligt inom EU och betyder i realiteten, att information skall l\u00e4mnas av bankinstitut n\u00e4r r\u00e4nta utbetalats till en fysisk person i en annan medlemsstat. S\u00e5lunda kommer till exempel Luxemburg att l\u00e4mna s\u00e5dana besked avseende svenska medborgare, som uppburit r\u00e4nta p\u00e5 ett konto i Luxemburg till skatteverket i hemvistlandet. Uppgifterna kommer att l\u00e4mnas automatiskt inom EU.<\/p>\n<p>H\u00e4rtill finns ytterligare ett \u201dinkommande\u201d direktiv, det s.k. handr\u00e4ckningsdirektivet \u2013 Directive on Administrative Corporations in the Field of Taxation (EUACT) \u2013 vilket inneb\u00e4r att till exempel Schweiz, Liechtenstein, Gibraltar, Malta, Cypern, \u00d6sterrike och Monaco automatiskt kommer att l\u00e4mna informationutbyte om alla typer av personliga inkomster, s\u00e5som l\u00f6n, pension, hyresinkomster, \u00e4gande av fastigheter, r\u00e4ntor, utdelningar, f\u00f6rs\u00e4ljningsint\u00e4kter och kontost\u00e4llningar vid \u00e5rsskiftet fr\u00e5n och med 2016.<br \/>\nDetta direktiv kommer att ers\u00e4tta sparandedirektivet.<\/p>\n<p>Man kan utg\u00e5 ifr\u00e5n, att EUACT kommer att omfatta \u201dallt\u201d och \u201dalla\u201d.<\/p>\n<p>Jag vill s\u00e4rskilt framh\u00e5lla, att EUACT inneh\u00e5ller s\u00e4rskilda uppgiftsskyldigheter r\u00f6rande genomsyn av vissa bolag och andra r\u00e4ttssubjekt, s\u00e5som truster, handelsbolag och stiftelser m.m. Vem \u00e4r t.ex. beneficial owner?<\/p>\n<p>Genom bilaterala avtal inom OECD finns ytterligare informationsutbyte, som inneh\u00e5ller information mellan avtalade l\u00e4nder. Syftet med detta informationsutbyte \u00e4r givetvis, att avtalsl\u00e4nderna skall kunna anv\u00e4nda informationen f\u00f6r skattedebiteringar.<\/p>\n<p>FATCA, Foreign Account Tax Compliance Act, \u00e4r en amerikansk lag, som \u00e5l\u00e4gger finansiella institut i hela v\u00e4rlden att identifiera amerikanska kontohavare bland sina kunder och rapportera deras tillg\u00e5ngar och inkomster till den amerikanska skattemyndigheten IRS.<\/p>\n<p>Sverige har accepterat, att inf\u00f6ra FATCA-reglerna fr\u00e5n den 1 april 2015. Givetvis kommer svenska medborgares innehav av konton i USA att i motsvarande m\u00e5n rapporteras till den svenska skattemyndigheten.<br \/>\nD\u00e4rut\u00f6ver kommer \u00e4nnu mer information att successivt inf\u00f6ras fr\u00e5n 2017 genom Automatic Exchange of Information. Parollen \u00e4r, att \u201dalla skall vara med\u201d.<\/p>\n<p>Det kan n\u00e4mnas, att till detta direktiv har t.ex. redan Gibraltar, Luxemburg och Malta fr\u00e5n och med 2017 anslutit sig samt fr\u00e5n 2018 Andorra, Kina, Monaco, Qatar, Singapore, Schweiz, och F\u00f6renade Arabemiraten. L\u00e4nder s\u00e5som Iran, Irak, Syrien, Jemen och Panam\u00e1 synes \u00e4nnu icke best\u00e4mt sig f\u00f6r att g\u00e5 med i detta informationsutbyte!<\/p>\n<p>Vad g\u00e4ller d\u00e5 f\u00f6r advokaters klientmedelskonton?<br \/>\nSparandedirektivet\/handr\u00e4ckningsdirektivet inneb\u00e4r inte en skyldighet f\u00f6r en advokat, att automatiskt l\u00e4mna uppgifter om sina klientmedel. Dessa omfattas av sekretessbest\u00e4mmelserna f\u00f6r advokater.<br \/>\nEtt f\u00e4rskt exempel \u00e4r, att FATCA-avtalet, som ovan angetts, inte medf\u00f6r att bankerna kan l\u00e4mna uppgifter om advokaternas klientmedelskonton. Dessa konton \u00e4r s\u00e5lunda undantagna fr\u00e5n uppgiftsskyldighet.<\/p>\n<p>Vad skall man i nul\u00e4get g\u00f6ra?<br \/>\nMitt r\u00e5d \u00e4r, att snarast m\u00f6jligt g\u00e5 igenom alla tillg\u00e5ngar och utbetalningar i banksystemet med sin r\u00e5dgivande bank.<br \/>\nSEB i Luxemburg t.ex., har specialister med kunskaper om mottot \u201dalla skall vara med\u201d.<br \/>\nAdvokater och revisorer, som \u00e4r insatta i denna problematik, b\u00f6r ocks\u00e5 kunna ge relevant r\u00e5dgivning.<br \/>\nSlutsats av rubriken blir s\u00e5lunda, att det \u201dblir \u00e4nnu v\u00e4rre\u201d!  <\/p>\n<p>Nueva Andaluc\u00eda den 5 februari 2015<br \/>\nG\u00f6ran Rise<\/p>\n","protected":false},"excerpt":{"rendered":"<p>George Orwells roman \u201d1984\u201d fr\u00e5n 1949 har idag blivit mer \u00e4n verklighet. Den 1 januari 2015 tr\u00e4dde det nya sparandedirektivet \u2013 European Savings Directive (EUSD) \u2013 i kraft. Direktivet \u00e4r till\u00e4mpligt inom EU och betyder i realiteten, att information skall l\u00e4mnas av bankinstitut n\u00e4r r\u00e4nta utbetalats till en fysisk person i en annan medlemsstat. S\u00e5lunda [&hellip;]<\/p>\n","protected":false},"author":8,"featured_media":5240,"comment_status":"open","ping_status":"open","sticky":false,"template":"","format":"standard","meta":{"_et_pb_use_builder":"","_et_pb_old_content":"","_et_gb_content_width":"","footnotes":""},"categories":[396,4],"tags":[],"class_list":["post-5239","post","type-post","status-publish","format-standard","has-post-thumbnail","hentry","category-arkiv-artiklar","category-artiklar"],"yoast_head":"<!-- This site is optimized with the Yoast SEO Premium plugin v26.2 (Yoast SEO v27.4) - https:\/\/yoast.com\/product\/yoast-seo-premium-wordpress\/ -->\n<title>Blir det v\u00e4rre eller m\u00f6jligen \u00e4nnu v\u00e4rre? - Svenska Magasinet<\/title>\n<meta name=\"robots\" content=\"noindex, follow, max-snippet:-1, max-image-preview:large, max-video-preview:-1\" \/>\n<meta property=\"og:locale\" content=\"sv_SE\" \/>\n<meta property=\"og:type\" content=\"article\" \/>\n<meta property=\"og:title\" content=\"Blir det v\u00e4rre eller m\u00f6jligen \u00e4nnu v\u00e4rre?\" \/>\n<meta property=\"og:description\" content=\"George Orwells roman \u201d1984\u201d fr\u00e5n 1949 har idag blivit mer \u00e4n verklighet. Den 1 januari 2015 tr\u00e4dde det nya sparandedirektivet \u2013 European Savings Directive (EUSD) \u2013 i kraft. Direktivet \u00e4r till\u00e4mpligt inom EU och betyder i realiteten, att information skall l\u00e4mnas av bankinstitut n\u00e4r r\u00e4nta utbetalats till en fysisk person i en annan medlemsstat. S\u00e5lunda [&hellip;]\" \/>\n<meta property=\"og:url\" content=\"https:\/\/lightweb.dev\/l\/svm-temp\/artiklar\/blir-det-varre-eller-mojligen-annu-varre\/\" \/>\n<meta property=\"og:site_name\" content=\"Svenska Magasinet\" \/>\n<meta property=\"article:publisher\" content=\"https:\/\/www.facebook.com\/svenskamagasinet\" \/>\n<meta property=\"article:published_time\" content=\"2015-02-10T23:00:00+00:00\" \/>\n<meta property=\"og:image\" content=\"https:\/\/lightweb.dev\/l\/svm-temp\/wp-content\/uploads\/2022\/04\/blir-det-vrre-eller-mjligen-nnu-vrre.png\" \/>\n\t<meta property=\"og:image:width\" content=\"299\" \/>\n\t<meta property=\"og:image:height\" content=\"200\" \/>\n\t<meta property=\"og:image:type\" content=\"image\/png\" \/>\n<meta name=\"author\" content=\"Redaktionen SvM\" \/>\n<meta name=\"twitter:card\" content=\"summary_large_image\" \/>\n<meta name=\"twitter:creator\" content=\"@SvenskaMagasine\" \/>\n<meta name=\"twitter:site\" content=\"@SvenskaMagasine\" \/>\n<script type=\"application\/ld+json\" class=\"yoast-schema-graph\">{\"@context\":\"https:\\\/\\\/schema.org\",\"@graph\":[{\"@type\":\"Article\",\"@id\":\"https:\\\/\\\/lightweb.dev\\\/l\\\/svm-temp\\\/artiklar\\\/blir-det-varre-eller-mojligen-annu-varre\\\/#article\",\"isPartOf\":{\"@id\":\"https:\\\/\\\/lightweb.dev\\\/l\\\/svm-temp\\\/artiklar\\\/blir-det-varre-eller-mojligen-annu-varre\\\/\"},\"author\":{\"name\":\"Redaktionen SvM\",\"@id\":\"https:\\\/\\\/lightweb.dev\\\/l\\\/svm-temp\\\/#\\\/schema\\\/person\\\/206a3bda5b607b0c25e1749191e4d837\"},\"headline\":\"Blir det v\u00e4rre eller m\u00f6jligen \u00e4nnu v\u00e4rre?\",\"datePublished\":\"2015-02-10T23:00:00+00:00\",\"mainEntityOfPage\":{\"@id\":\"https:\\\/\\\/lightweb.dev\\\/l\\\/svm-temp\\\/artiklar\\\/blir-det-varre-eller-mojligen-annu-varre\\\/\"},\"wordCount\":564,\"commentCount\":0,\"publisher\":{\"@id\":\"https:\\\/\\\/lightweb.dev\\\/l\\\/svm-temp\\\/#organization\"},\"image\":{\"@id\":\"https:\\\/\\\/lightweb.dev\\\/l\\\/svm-temp\\\/artiklar\\\/blir-det-varre-eller-mojligen-annu-varre\\\/#primaryimage\"},\"thumbnailUrl\":\"https:\\\/\\\/lightweb.dev\\\/l\\\/svm-temp\\\/wp-content\\\/uploads\\\/2022\\\/04\\\/blir-det-vrre-eller-mjligen-nnu-vrre.png\",\"articleSection\":[\"Arkiv\",\"Artiklar\"],\"inLanguage\":\"sv-SE\"},{\"@type\":\"WebPage\",\"@id\":\"https:\\\/\\\/lightweb.dev\\\/l\\\/svm-temp\\\/artiklar\\\/blir-det-varre-eller-mojligen-annu-varre\\\/\",\"url\":\"https:\\\/\\\/lightweb.dev\\\/l\\\/svm-temp\\\/artiklar\\\/blir-det-varre-eller-mojligen-annu-varre\\\/\",\"name\":\"Blir det v\u00e4rre eller m\u00f6jligen \u00e4nnu v\u00e4rre? - Svenska Magasinet\",\"isPartOf\":{\"@id\":\"https:\\\/\\\/lightweb.dev\\\/l\\\/svm-temp\\\/#website\"},\"primaryImageOfPage\":{\"@id\":\"https:\\\/\\\/lightweb.dev\\\/l\\\/svm-temp\\\/artiklar\\\/blir-det-varre-eller-mojligen-annu-varre\\\/#primaryimage\"},\"image\":{\"@id\":\"https:\\\/\\\/lightweb.dev\\\/l\\\/svm-temp\\\/artiklar\\\/blir-det-varre-eller-mojligen-annu-varre\\\/#primaryimage\"},\"thumbnailUrl\":\"https:\\\/\\\/lightweb.dev\\\/l\\\/svm-temp\\\/wp-content\\\/uploads\\\/2022\\\/04\\\/blir-det-vrre-eller-mjligen-nnu-vrre.png\",\"datePublished\":\"2015-02-10T23:00:00+00:00\",\"breadcrumb\":{\"@id\":\"https:\\\/\\\/lightweb.dev\\\/l\\\/svm-temp\\\/artiklar\\\/blir-det-varre-eller-mojligen-annu-varre\\\/#breadcrumb\"},\"inLanguage\":\"sv-SE\",\"potentialAction\":[{\"@type\":\"ReadAction\",\"target\":[\"https:\\\/\\\/lightweb.dev\\\/l\\\/svm-temp\\\/artiklar\\\/blir-det-varre-eller-mojligen-annu-varre\\\/\"]}]},{\"@type\":\"ImageObject\",\"inLanguage\":\"sv-SE\",\"@id\":\"https:\\\/\\\/lightweb.dev\\\/l\\\/svm-temp\\\/artiklar\\\/blir-det-varre-eller-mojligen-annu-varre\\\/#primaryimage\",\"url\":\"https:\\\/\\\/lightweb.dev\\\/l\\\/svm-temp\\\/wp-content\\\/uploads\\\/2022\\\/04\\\/blir-det-vrre-eller-mjligen-nnu-vrre.png\",\"contentUrl\":\"https:\\\/\\\/lightweb.dev\\\/l\\\/svm-temp\\\/wp-content\\\/uploads\\\/2022\\\/04\\\/blir-det-vrre-eller-mjligen-nnu-vrre.png\",\"width\":299,\"height\":200},{\"@type\":\"BreadcrumbList\",\"@id\":\"https:\\\/\\\/lightweb.dev\\\/l\\\/svm-temp\\\/artiklar\\\/blir-det-varre-eller-mojligen-annu-varre\\\/#breadcrumb\",\"itemListElement\":[{\"@type\":\"ListItem\",\"position\":1,\"name\":\"Hem\",\"item\":\"https:\\\/\\\/lightweb.dev\\\/l\\\/svm-temp\\\/\"},{\"@type\":\"ListItem\",\"position\":2,\"name\":\"Blir det v\u00e4rre eller m\u00f6jligen \u00e4nnu v\u00e4rre?\"}]},{\"@type\":\"WebSite\",\"@id\":\"https:\\\/\\\/lightweb.dev\\\/l\\\/svm-temp\\\/#website\",\"url\":\"https:\\\/\\\/lightweb.dev\\\/l\\\/svm-temp\\\/\",\"name\":\"Svenska Magasinet\",\"description\":\"Dina Spanska nyheter p&aring; Svenska\",\"publisher\":{\"@id\":\"https:\\\/\\\/lightweb.dev\\\/l\\\/svm-temp\\\/#organization\"},\"potentialAction\":[{\"@type\":\"SearchAction\",\"target\":{\"@type\":\"EntryPoint\",\"urlTemplate\":\"https:\\\/\\\/lightweb.dev\\\/l\\\/svm-temp\\\/?s={search_term_string}\"},\"query-input\":{\"@type\":\"PropertyValueSpecification\",\"valueRequired\":true,\"valueName\":\"search_term_string\"}}],\"inLanguage\":\"sv-SE\"},{\"@type\":\"Organization\",\"@id\":\"https:\\\/\\\/lightweb.dev\\\/l\\\/svm-temp\\\/#organization\",\"name\":\"Melkerson y Nott SL\",\"alternateName\":\"Svenska Magasinet\",\"url\":\"https:\\\/\\\/lightweb.dev\\\/l\\\/svm-temp\\\/\",\"logo\":{\"@type\":\"ImageObject\",\"inLanguage\":\"sv-SE\",\"@id\":\"https:\\\/\\\/lightweb.dev\\\/l\\\/svm-temp\\\/#\\\/schema\\\/logo\\\/image\\\/\",\"url\":\"https:\\\/\\\/lightweb.dev\\\/l\\\/svm-temp\\\/wp-content\\\/uploads\\\/2025\\\/02\\\/SvM-logo-Xtra-Centrerad-SVART.png\",\"contentUrl\":\"https:\\\/\\\/lightweb.dev\\\/l\\\/svm-temp\\\/wp-content\\\/uploads\\\/2025\\\/02\\\/SvM-logo-Xtra-Centrerad-SVART.png\",\"width\":300,\"height\":99,\"caption\":\"Melkerson y Nott SL\"},\"image\":{\"@id\":\"https:\\\/\\\/lightweb.dev\\\/l\\\/svm-temp\\\/#\\\/schema\\\/logo\\\/image\\\/\"},\"sameAs\":[\"https:\\\/\\\/www.facebook.com\\\/svenskamagasinet\",\"https:\\\/\\\/x.com\\\/SvenskaMagasine\"]},{\"@type\":\"Person\",\"@id\":\"https:\\\/\\\/lightweb.dev\\\/l\\\/svm-temp\\\/#\\\/schema\\\/person\\\/206a3bda5b607b0c25e1749191e4d837\",\"name\":\"Redaktionen SvM\",\"description\":\"Redaktionen\",\"sameAs\":[\"https:\\\/\\\/lightweb.dev\\\/l\\\/svm-temp\"],\"url\":\"https:\\\/\\\/lightweb.dev\\\/l\\\/svm-temp\\\/reporter\\\/redaktionen\\\/\"}]}<\/script>\n<!-- \/ Yoast SEO Premium plugin. -->","yoast_head_json":{"title":"Blir det v\u00e4rre eller m\u00f6jligen \u00e4nnu v\u00e4rre? - Svenska Magasinet","robots":{"index":"noindex","follow":"follow","max-snippet":"max-snippet:-1","max-image-preview":"max-image-preview:large","max-video-preview":"max-video-preview:-1"},"og_locale":"sv_SE","og_type":"article","og_title":"Blir det v\u00e4rre eller m\u00f6jligen \u00e4nnu v\u00e4rre?","og_description":"George Orwells roman \u201d1984\u201d fr\u00e5n 1949 har idag blivit mer \u00e4n verklighet. Den 1 januari 2015 tr\u00e4dde det nya sparandedirektivet \u2013 European Savings Directive (EUSD) \u2013 i kraft. Direktivet \u00e4r till\u00e4mpligt inom EU och betyder i realiteten, att information skall l\u00e4mnas av bankinstitut n\u00e4r r\u00e4nta utbetalats till en fysisk person i en annan medlemsstat. S\u00e5lunda [&hellip;]","og_url":"https:\/\/lightweb.dev\/l\/svm-temp\/artiklar\/blir-det-varre-eller-mojligen-annu-varre\/","og_site_name":"Svenska Magasinet","article_publisher":"https:\/\/www.facebook.com\/svenskamagasinet","article_published_time":"2015-02-10T23:00:00+00:00","og_image":[{"width":299,"height":200,"url":"https:\/\/lightweb.dev\/l\/svm-temp\/wp-content\/uploads\/2022\/04\/blir-det-vrre-eller-mjligen-nnu-vrre.png","type":"image\/png"}],"author":"Redaktionen SvM","twitter_card":"summary_large_image","twitter_creator":"@SvenskaMagasine","twitter_site":"@SvenskaMagasine","schema":{"@context":"https:\/\/schema.org","@graph":[{"@type":"Article","@id":"https:\/\/lightweb.dev\/l\/svm-temp\/artiklar\/blir-det-varre-eller-mojligen-annu-varre\/#article","isPartOf":{"@id":"https:\/\/lightweb.dev\/l\/svm-temp\/artiklar\/blir-det-varre-eller-mojligen-annu-varre\/"},"author":{"name":"Redaktionen SvM","@id":"https:\/\/lightweb.dev\/l\/svm-temp\/#\/schema\/person\/206a3bda5b607b0c25e1749191e4d837"},"headline":"Blir det v\u00e4rre eller m\u00f6jligen \u00e4nnu v\u00e4rre?","datePublished":"2015-02-10T23:00:00+00:00","mainEntityOfPage":{"@id":"https:\/\/lightweb.dev\/l\/svm-temp\/artiklar\/blir-det-varre-eller-mojligen-annu-varre\/"},"wordCount":564,"commentCount":0,"publisher":{"@id":"https:\/\/lightweb.dev\/l\/svm-temp\/#organization"},"image":{"@id":"https:\/\/lightweb.dev\/l\/svm-temp\/artiklar\/blir-det-varre-eller-mojligen-annu-varre\/#primaryimage"},"thumbnailUrl":"https:\/\/lightweb.dev\/l\/svm-temp\/wp-content\/uploads\/2022\/04\/blir-det-vrre-eller-mjligen-nnu-vrre.png","articleSection":["Arkiv","Artiklar"],"inLanguage":"sv-SE"},{"@type":"WebPage","@id":"https:\/\/lightweb.dev\/l\/svm-temp\/artiklar\/blir-det-varre-eller-mojligen-annu-varre\/","url":"https:\/\/lightweb.dev\/l\/svm-temp\/artiklar\/blir-det-varre-eller-mojligen-annu-varre\/","name":"Blir det v\u00e4rre eller m\u00f6jligen \u00e4nnu v\u00e4rre? - Svenska Magasinet","isPartOf":{"@id":"https:\/\/lightweb.dev\/l\/svm-temp\/#website"},"primaryImageOfPage":{"@id":"https:\/\/lightweb.dev\/l\/svm-temp\/artiklar\/blir-det-varre-eller-mojligen-annu-varre\/#primaryimage"},"image":{"@id":"https:\/\/lightweb.dev\/l\/svm-temp\/artiklar\/blir-det-varre-eller-mojligen-annu-varre\/#primaryimage"},"thumbnailUrl":"https:\/\/lightweb.dev\/l\/svm-temp\/wp-content\/uploads\/2022\/04\/blir-det-vrre-eller-mjligen-nnu-vrre.png","datePublished":"2015-02-10T23:00:00+00:00","breadcrumb":{"@id":"https:\/\/lightweb.dev\/l\/svm-temp\/artiklar\/blir-det-varre-eller-mojligen-annu-varre\/#breadcrumb"},"inLanguage":"sv-SE","potentialAction":[{"@type":"ReadAction","target":["https:\/\/lightweb.dev\/l\/svm-temp\/artiklar\/blir-det-varre-eller-mojligen-annu-varre\/"]}]},{"@type":"ImageObject","inLanguage":"sv-SE","@id":"https:\/\/lightweb.dev\/l\/svm-temp\/artiklar\/blir-det-varre-eller-mojligen-annu-varre\/#primaryimage","url":"https:\/\/lightweb.dev\/l\/svm-temp\/wp-content\/uploads\/2022\/04\/blir-det-vrre-eller-mjligen-nnu-vrre.png","contentUrl":"https:\/\/lightweb.dev\/l\/svm-temp\/wp-content\/uploads\/2022\/04\/blir-det-vrre-eller-mjligen-nnu-vrre.png","width":299,"height":200},{"@type":"BreadcrumbList","@id":"https:\/\/lightweb.dev\/l\/svm-temp\/artiklar\/blir-det-varre-eller-mojligen-annu-varre\/#breadcrumb","itemListElement":[{"@type":"ListItem","position":1,"name":"Hem","item":"https:\/\/lightweb.dev\/l\/svm-temp\/"},{"@type":"ListItem","position":2,"name":"Blir det v\u00e4rre eller m\u00f6jligen \u00e4nnu v\u00e4rre?"}]},{"@type":"WebSite","@id":"https:\/\/lightweb.dev\/l\/svm-temp\/#website","url":"https:\/\/lightweb.dev\/l\/svm-temp\/","name":"Svenska Magasinet","description":"Dina Spanska nyheter p&aring; Svenska","publisher":{"@id":"https:\/\/lightweb.dev\/l\/svm-temp\/#organization"},"potentialAction":[{"@type":"SearchAction","target":{"@type":"EntryPoint","urlTemplate":"https:\/\/lightweb.dev\/l\/svm-temp\/?s={search_term_string}"},"query-input":{"@type":"PropertyValueSpecification","valueRequired":true,"valueName":"search_term_string"}}],"inLanguage":"sv-SE"},{"@type":"Organization","@id":"https:\/\/lightweb.dev\/l\/svm-temp\/#organization","name":"Melkerson y Nott SL","alternateName":"Svenska Magasinet","url":"https:\/\/lightweb.dev\/l\/svm-temp\/","logo":{"@type":"ImageObject","inLanguage":"sv-SE","@id":"https:\/\/lightweb.dev\/l\/svm-temp\/#\/schema\/logo\/image\/","url":"https:\/\/lightweb.dev\/l\/svm-temp\/wp-content\/uploads\/2025\/02\/SvM-logo-Xtra-Centrerad-SVART.png","contentUrl":"https:\/\/lightweb.dev\/l\/svm-temp\/wp-content\/uploads\/2025\/02\/SvM-logo-Xtra-Centrerad-SVART.png","width":300,"height":99,"caption":"Melkerson y Nott SL"},"image":{"@id":"https:\/\/lightweb.dev\/l\/svm-temp\/#\/schema\/logo\/image\/"},"sameAs":["https:\/\/www.facebook.com\/svenskamagasinet","https:\/\/x.com\/SvenskaMagasine"]},{"@type":"Person","@id":"https:\/\/lightweb.dev\/l\/svm-temp\/#\/schema\/person\/206a3bda5b607b0c25e1749191e4d837","name":"Redaktionen SvM","description":"Redaktionen","sameAs":["https:\/\/lightweb.dev\/l\/svm-temp"],"url":"https:\/\/lightweb.dev\/l\/svm-temp\/reporter\/redaktionen\/"}]}},"_links":{"self":[{"href":"https:\/\/lightweb.dev\/l\/svm-temp\/wp-json\/wp\/v2\/posts\/5239","targetHints":{"allow":["GET"]}}],"collection":[{"href":"https:\/\/lightweb.dev\/l\/svm-temp\/wp-json\/wp\/v2\/posts"}],"about":[{"href":"https:\/\/lightweb.dev\/l\/svm-temp\/wp-json\/wp\/v2\/types\/post"}],"author":[{"embeddable":true,"href":"https:\/\/lightweb.dev\/l\/svm-temp\/wp-json\/wp\/v2\/users\/8"}],"replies":[{"embeddable":true,"href":"https:\/\/lightweb.dev\/l\/svm-temp\/wp-json\/wp\/v2\/comments?post=5239"}],"version-history":[{"count":0,"href":"https:\/\/lightweb.dev\/l\/svm-temp\/wp-json\/wp\/v2\/posts\/5239\/revisions"}],"wp:featuredmedia":[{"embeddable":true,"href":"https:\/\/lightweb.dev\/l\/svm-temp\/wp-json\/wp\/v2\/media\/5240"}],"wp:attachment":[{"href":"https:\/\/lightweb.dev\/l\/svm-temp\/wp-json\/wp\/v2\/media?parent=5239"}],"wp:term":[{"taxonomy":"category","embeddable":true,"href":"https:\/\/lightweb.dev\/l\/svm-temp\/wp-json\/wp\/v2\/categories?post=5239"},{"taxonomy":"post_tag","embeddable":true,"href":"https:\/\/lightweb.dev\/l\/svm-temp\/wp-json\/wp\/v2\/tags?post=5239"}],"curies":[{"name":"wp","href":"https:\/\/api.w.org\/{rel}","templated":true}]}}