{"id":5241,"date":"2015-02-11T00:00:00","date_gmt":"2015-02-10T23:00:00","guid":{"rendered":"https:\/\/lightweb.dev\/l\/svm-temp\/och-fotterna-ska-man-ga-med-hela-livet\/"},"modified":"2015-02-11T00:00:00","modified_gmt":"2015-02-10T23:00:00","slug":"och-fotterna-ska-man-ga-med-hela-livet","status":"publish","type":"post","link":"https:\/\/lightweb.dev\/l\/svm-temp\/artiklar\/och-fotterna-ska-man-ga-med-hela-livet\/","title":{"rendered":"Och f\u00f6tterna ska man g\u00e5 med hela livet"},"content":{"rendered":"<p> Jag tillbringar sedan n\u00e5gra \u00e5r tillbaka vintern i Fuengirola tillsammans med min man och hans snart 90-\u00e5riga syster som ocks\u00e5 finns h\u00e4r. Det finns som nog alla sett m\u00e5nga \u201dSalon de Beleza\u201d \u2013 sk\u00f6nhetssalonger h\u00e4r i Fuengirola. Man erbjuder h\u00e5rv\u00e5rd, diverse olika \u201dsk\u00f6nhetsbehandlingar\u201d, manikyr och pedikyr samt massage. Och de flesta jag passerat har \u00e4ven haft s.k. massagestolar med tillh\u00f6rande fotbad troligen med bubbelbad. De erbjuder omfattande program till inte allt f\u00f6r h\u00f6ga kostnader.<\/p>\n<p>Vi har b\u00e5da systern och jag har bes\u00f6kt &#8221;Salon de beleza&#8221; f\u00f6r fotv\u00e5rd, inte samma inr\u00e4ttning utan olika. Vi har b\u00e5da f\u00e5tt besv\u00e4r med framf\u00f6r allt stort\u00e5rna efter bes\u00f6ken. T\u00e5rna svullnar, blir r\u00f6d och \u00f6m. I systerns fall s\u00e5 besv\u00e4rligt att det var sv\u00e5rt att sova f\u00f6r att inte tala om att ha skor p\u00e5 f\u00f6tterna. Systern gjorde sitt bes\u00f6k den 20 dec. och \u00e4r fortfarande inte bra. Hon har varit hos v\u00e5rdcentral f\u00f6r v\u00e5rd ett flertal g\u00e5nger och sist hon var d\u00e4r blev det en ordentlig antibiotika behandling som inte hj\u00e4lpt.<\/p>\n<p>F\u00f6r l\u00e4karen hon bes\u00f6kte verkade inte f\u00f6reteelsen vara ny.<\/p>\n<p>Jag tror att m\u00e5nga som erbjuder dessa tj\u00e4nster har mycket lite kunskap om vad de g\u00f6r, de kan s\u00e4kert m\u00e5la naglar, fila och klippa men vad som \u00e4r f\u00f6rknippat med det i form av bl.a. hygien vet man nog inte s\u00e5 mycket om. N\u00e4r jag senast bes\u00f6kte \u201dsalongen\u201d var jag sista kunden f\u00f6r dagen och fick d\u00e5 se hur en reng\u00f6ring kan g\u00e5 till. Redskap f\u00f6r manikyr och pedikyr samlades ihop och lades i vasken d\u00e4r man tv\u00e4ttar h\u00e5ret och vatten fylldes p\u00e5 och lite diskmedel tillsattes och s\u00e5 vispade man runt och redskapen togs upp och s\u00e5 var det bra med det. En s\u00e5dan reng\u00f6ring begr\u00e4nsar varken bakterier, blods- eller svampsmitta t.ex. fotsvamp, fotv\u00e5rtor.<\/p>\n<p>Och s\u00e5 finns det ju \u00e4ven h\u00e4rliga massagestolar med bubbel-fotbad. Fotbadet \u00e4r ju tveksamt ut hygienisk aspekt om inte reng\u00f6ringen \u00e4ven g\u00e4ller de r\u00f6r m.m. som \u00e4r inblandade. Det \u00e4r inte bara att t\u00f6mma ut vattnet och se glad ut, det blir kvar vatten i r\u00f6ren och i vattnet finns \u00e4ven det som filats av f\u00f6tterna.<\/p>\n<p>Varf\u00f6r nu allt detta? M\u00e5nga \u00e4ldre m\u00e4nniskor har behov av fotv\u00e5rd och n\u00e4r de kommer hit ner erbjuds det till f\u00f6r oss fr\u00e5n Sverige till l\u00e5ga priser. Det finns vad jag f\u00f6rst\u00e5r inga myndighetskrav p\u00e5 rutiner s.k. HACCP och kanske inte ens branschrutiner. Skulle vara intressant att veta hur frekvent problemen \u00e4r med \u00f6mma t\u00e5r efter en behandling och om det g\u00e5r att hitta &#8221;salonger&#8221; som arbetar p\u00e5 ett betryggande s\u00e4tt.<\/p>\n<p>Ingrid D<\/p>\n","protected":false},"excerpt":{"rendered":"<p>Jag tillbringar sedan n\u00e5gra \u00e5r tillbaka vintern i Fuengirola tillsammans med min man och hans snart 90-\u00e5riga syster som ocks\u00e5 finns h\u00e4r. Det finns som nog alla sett m\u00e5nga \u201dSalon de Beleza\u201d \u2013 sk\u00f6nhetssalonger h\u00e4r i Fuengirola. Man erbjuder h\u00e5rv\u00e5rd, diverse olika \u201dsk\u00f6nhetsbehandlingar\u201d, manikyr och pedikyr samt massage. Och de flesta jag passerat har \u00e4ven [&hellip;]<\/p>\n","protected":false},"author":8,"featured_media":0,"comment_status":"open","ping_status":"open","sticky":false,"template":"","format":"standard","meta":{"_et_pb_use_builder":"","_et_pb_old_content":"","_et_gb_content_width":"","footnotes":""},"categories":[396,4],"tags":[],"class_list":["post-5241","post","type-post","status-publish","format-standard","hentry","category-arkiv-artiklar","category-artiklar"],"yoast_head":"<!-- This site is optimized with the Yoast SEO Premium plugin v26.2 (Yoast SEO v27.4) - https:\/\/yoast.com\/product\/yoast-seo-premium-wordpress\/ -->\n<title>Och f\u00f6tterna ska man g\u00e5 med hela livet - Svenska Magasinet<\/title>\n<meta name=\"robots\" content=\"noindex, follow, max-snippet:-1, max-image-preview:large, max-video-preview:-1\" \/>\n<meta property=\"og:locale\" content=\"sv_SE\" \/>\n<meta property=\"og:type\" content=\"article\" \/>\n<meta property=\"og:title\" content=\"Och f\u00f6tterna ska man g\u00e5 med hela livet\" \/>\n<meta property=\"og:description\" content=\"Jag tillbringar sedan n\u00e5gra \u00e5r tillbaka vintern i Fuengirola tillsammans med min man och hans snart 90-\u00e5riga syster som ocks\u00e5 finns h\u00e4r. Det finns som nog alla sett m\u00e5nga \u201dSalon de Beleza\u201d \u2013 sk\u00f6nhetssalonger h\u00e4r i Fuengirola. Man erbjuder h\u00e5rv\u00e5rd, diverse olika \u201dsk\u00f6nhetsbehandlingar\u201d, manikyr och pedikyr samt massage. Och de flesta jag passerat har \u00e4ven [&hellip;]\" \/>\n<meta property=\"og:url\" content=\"https:\/\/lightweb.dev\/l\/svm-temp\/artiklar\/och-fotterna-ska-man-ga-med-hela-livet\/\" \/>\n<meta property=\"og:site_name\" content=\"Svenska Magasinet\" \/>\n<meta property=\"article:publisher\" content=\"https:\/\/www.facebook.com\/svenskamagasinet\" \/>\n<meta property=\"article:published_time\" content=\"2015-02-10T23:00:00+00:00\" \/>\n<meta name=\"author\" content=\"Redaktionen SvM\" \/>\n<meta name=\"twitter:card\" content=\"summary_large_image\" \/>\n<meta name=\"twitter:creator\" content=\"@SvenskaMagasine\" \/>\n<meta name=\"twitter:site\" content=\"@SvenskaMagasine\" \/>\n<script type=\"application\/ld+json\" class=\"yoast-schema-graph\">{\"@context\":\"https:\\\/\\\/schema.org\",\"@graph\":[{\"@type\":\"Article\",\"@id\":\"https:\\\/\\\/lightweb.dev\\\/l\\\/svm-temp\\\/artiklar\\\/och-fotterna-ska-man-ga-med-hela-livet\\\/#article\",\"isPartOf\":{\"@id\":\"https:\\\/\\\/lightweb.dev\\\/l\\\/svm-temp\\\/artiklar\\\/och-fotterna-ska-man-ga-med-hela-livet\\\/\"},\"author\":{\"name\":\"Redaktionen SvM\",\"@id\":\"https:\\\/\\\/lightweb.dev\\\/l\\\/svm-temp\\\/#\\\/schema\\\/person\\\/206a3bda5b607b0c25e1749191e4d837\"},\"headline\":\"Och f\u00f6tterna ska man g\u00e5 med hela livet\",\"datePublished\":\"2015-02-10T23:00:00+00:00\",\"mainEntityOfPage\":{\"@id\":\"https:\\\/\\\/lightweb.dev\\\/l\\\/svm-temp\\\/artiklar\\\/och-fotterna-ska-man-ga-med-hela-livet\\\/\"},\"wordCount\":509,\"commentCount\":0,\"publisher\":{\"@id\":\"https:\\\/\\\/lightweb.dev\\\/l\\\/svm-temp\\\/#organization\"},\"articleSection\":[\"Arkiv\",\"Artiklar\"],\"inLanguage\":\"sv-SE\"},{\"@type\":\"WebPage\",\"@id\":\"https:\\\/\\\/lightweb.dev\\\/l\\\/svm-temp\\\/artiklar\\\/och-fotterna-ska-man-ga-med-hela-livet\\\/\",\"url\":\"https:\\\/\\\/lightweb.dev\\\/l\\\/svm-temp\\\/artiklar\\\/och-fotterna-ska-man-ga-med-hela-livet\\\/\",\"name\":\"Och f\u00f6tterna ska man g\u00e5 med hela livet - Svenska Magasinet\",\"isPartOf\":{\"@id\":\"https:\\\/\\\/lightweb.dev\\\/l\\\/svm-temp\\\/#website\"},\"datePublished\":\"2015-02-10T23:00:00+00:00\",\"breadcrumb\":{\"@id\":\"https:\\\/\\\/lightweb.dev\\\/l\\\/svm-temp\\\/artiklar\\\/och-fotterna-ska-man-ga-med-hela-livet\\\/#breadcrumb\"},\"inLanguage\":\"sv-SE\",\"potentialAction\":[{\"@type\":\"ReadAction\",\"target\":[\"https:\\\/\\\/lightweb.dev\\\/l\\\/svm-temp\\\/artiklar\\\/och-fotterna-ska-man-ga-med-hela-livet\\\/\"]}]},{\"@type\":\"BreadcrumbList\",\"@id\":\"https:\\\/\\\/lightweb.dev\\\/l\\\/svm-temp\\\/artiklar\\\/och-fotterna-ska-man-ga-med-hela-livet\\\/#breadcrumb\",\"itemListElement\":[{\"@type\":\"ListItem\",\"position\":1,\"name\":\"Hem\",\"item\":\"https:\\\/\\\/lightweb.dev\\\/l\\\/svm-temp\\\/\"},{\"@type\":\"ListItem\",\"position\":2,\"name\":\"Och f\u00f6tterna ska man g\u00e5 med hela livet\"}]},{\"@type\":\"WebSite\",\"@id\":\"https:\\\/\\\/lightweb.dev\\\/l\\\/svm-temp\\\/#website\",\"url\":\"https:\\\/\\\/lightweb.dev\\\/l\\\/svm-temp\\\/\",\"name\":\"Svenska Magasinet\",\"description\":\"Dina Spanska nyheter p&aring; Svenska\",\"publisher\":{\"@id\":\"https:\\\/\\\/lightweb.dev\\\/l\\\/svm-temp\\\/#organization\"},\"potentialAction\":[{\"@type\":\"SearchAction\",\"target\":{\"@type\":\"EntryPoint\",\"urlTemplate\":\"https:\\\/\\\/lightweb.dev\\\/l\\\/svm-temp\\\/?s={search_term_string}\"},\"query-input\":{\"@type\":\"PropertyValueSpecification\",\"valueRequired\":true,\"valueName\":\"search_term_string\"}}],\"inLanguage\":\"sv-SE\"},{\"@type\":\"Organization\",\"@id\":\"https:\\\/\\\/lightweb.dev\\\/l\\\/svm-temp\\\/#organization\",\"name\":\"Melkerson y Nott SL\",\"alternateName\":\"Svenska Magasinet\",\"url\":\"https:\\\/\\\/lightweb.dev\\\/l\\\/svm-temp\\\/\",\"logo\":{\"@type\":\"ImageObject\",\"inLanguage\":\"sv-SE\",\"@id\":\"https:\\\/\\\/lightweb.dev\\\/l\\\/svm-temp\\\/#\\\/schema\\\/logo\\\/image\\\/\",\"url\":\"https:\\\/\\\/lightweb.dev\\\/l\\\/svm-temp\\\/wp-content\\\/uploads\\\/2025\\\/02\\\/SvM-logo-Xtra-Centrerad-SVART.png\",\"contentUrl\":\"https:\\\/\\\/lightweb.dev\\\/l\\\/svm-temp\\\/wp-content\\\/uploads\\\/2025\\\/02\\\/SvM-logo-Xtra-Centrerad-SVART.png\",\"width\":300,\"height\":99,\"caption\":\"Melkerson y Nott SL\"},\"image\":{\"@id\":\"https:\\\/\\\/lightweb.dev\\\/l\\\/svm-temp\\\/#\\\/schema\\\/logo\\\/image\\\/\"},\"sameAs\":[\"https:\\\/\\\/www.facebook.com\\\/svenskamagasinet\",\"https:\\\/\\\/x.com\\\/SvenskaMagasine\"]},{\"@type\":\"Person\",\"@id\":\"https:\\\/\\\/lightweb.dev\\\/l\\\/svm-temp\\\/#\\\/schema\\\/person\\\/206a3bda5b607b0c25e1749191e4d837\",\"name\":\"Redaktionen SvM\",\"description\":\"Redaktionen\",\"sameAs\":[\"https:\\\/\\\/lightweb.dev\\\/l\\\/svm-temp\"],\"url\":\"https:\\\/\\\/lightweb.dev\\\/l\\\/svm-temp\\\/reporter\\\/redaktionen\\\/\"}]}<\/script>\n<!-- \/ Yoast SEO Premium plugin. -->","yoast_head_json":{"title":"Och f\u00f6tterna ska man g\u00e5 med hela livet - Svenska Magasinet","robots":{"index":"noindex","follow":"follow","max-snippet":"max-snippet:-1","max-image-preview":"max-image-preview:large","max-video-preview":"max-video-preview:-1"},"og_locale":"sv_SE","og_type":"article","og_title":"Och f\u00f6tterna ska man g\u00e5 med hela livet","og_description":"Jag tillbringar sedan n\u00e5gra \u00e5r tillbaka vintern i Fuengirola tillsammans med min man och hans snart 90-\u00e5riga syster som ocks\u00e5 finns h\u00e4r. Det finns som nog alla sett m\u00e5nga \u201dSalon de Beleza\u201d \u2013 sk\u00f6nhetssalonger h\u00e4r i Fuengirola. Man erbjuder h\u00e5rv\u00e5rd, diverse olika \u201dsk\u00f6nhetsbehandlingar\u201d, manikyr och pedikyr samt massage. Och de flesta jag passerat har \u00e4ven [&hellip;]","og_url":"https:\/\/lightweb.dev\/l\/svm-temp\/artiklar\/och-fotterna-ska-man-ga-med-hela-livet\/","og_site_name":"Svenska Magasinet","article_publisher":"https:\/\/www.facebook.com\/svenskamagasinet","article_published_time":"2015-02-10T23:00:00+00:00","author":"Redaktionen SvM","twitter_card":"summary_large_image","twitter_creator":"@SvenskaMagasine","twitter_site":"@SvenskaMagasine","schema":{"@context":"https:\/\/schema.org","@graph":[{"@type":"Article","@id":"https:\/\/lightweb.dev\/l\/svm-temp\/artiklar\/och-fotterna-ska-man-ga-med-hela-livet\/#article","isPartOf":{"@id":"https:\/\/lightweb.dev\/l\/svm-temp\/artiklar\/och-fotterna-ska-man-ga-med-hela-livet\/"},"author":{"name":"Redaktionen SvM","@id":"https:\/\/lightweb.dev\/l\/svm-temp\/#\/schema\/person\/206a3bda5b607b0c25e1749191e4d837"},"headline":"Och f\u00f6tterna ska man g\u00e5 med hela livet","datePublished":"2015-02-10T23:00:00+00:00","mainEntityOfPage":{"@id":"https:\/\/lightweb.dev\/l\/svm-temp\/artiklar\/och-fotterna-ska-man-ga-med-hela-livet\/"},"wordCount":509,"commentCount":0,"publisher":{"@id":"https:\/\/lightweb.dev\/l\/svm-temp\/#organization"},"articleSection":["Arkiv","Artiklar"],"inLanguage":"sv-SE"},{"@type":"WebPage","@id":"https:\/\/lightweb.dev\/l\/svm-temp\/artiklar\/och-fotterna-ska-man-ga-med-hela-livet\/","url":"https:\/\/lightweb.dev\/l\/svm-temp\/artiklar\/och-fotterna-ska-man-ga-med-hela-livet\/","name":"Och f\u00f6tterna ska man g\u00e5 med hela livet - Svenska Magasinet","isPartOf":{"@id":"https:\/\/lightweb.dev\/l\/svm-temp\/#website"},"datePublished":"2015-02-10T23:00:00+00:00","breadcrumb":{"@id":"https:\/\/lightweb.dev\/l\/svm-temp\/artiklar\/och-fotterna-ska-man-ga-med-hela-livet\/#breadcrumb"},"inLanguage":"sv-SE","potentialAction":[{"@type":"ReadAction","target":["https:\/\/lightweb.dev\/l\/svm-temp\/artiklar\/och-fotterna-ska-man-ga-med-hela-livet\/"]}]},{"@type":"BreadcrumbList","@id":"https:\/\/lightweb.dev\/l\/svm-temp\/artiklar\/och-fotterna-ska-man-ga-med-hela-livet\/#breadcrumb","itemListElement":[{"@type":"ListItem","position":1,"name":"Hem","item":"https:\/\/lightweb.dev\/l\/svm-temp\/"},{"@type":"ListItem","position":2,"name":"Och f\u00f6tterna ska man g\u00e5 med hela livet"}]},{"@type":"WebSite","@id":"https:\/\/lightweb.dev\/l\/svm-temp\/#website","url":"https:\/\/lightweb.dev\/l\/svm-temp\/","name":"Svenska Magasinet","description":"Dina Spanska nyheter p&aring; Svenska","publisher":{"@id":"https:\/\/lightweb.dev\/l\/svm-temp\/#organization"},"potentialAction":[{"@type":"SearchAction","target":{"@type":"EntryPoint","urlTemplate":"https:\/\/lightweb.dev\/l\/svm-temp\/?s={search_term_string}"},"query-input":{"@type":"PropertyValueSpecification","valueRequired":true,"valueName":"search_term_string"}}],"inLanguage":"sv-SE"},{"@type":"Organization","@id":"https:\/\/lightweb.dev\/l\/svm-temp\/#organization","name":"Melkerson y Nott SL","alternateName":"Svenska Magasinet","url":"https:\/\/lightweb.dev\/l\/svm-temp\/","logo":{"@type":"ImageObject","inLanguage":"sv-SE","@id":"https:\/\/lightweb.dev\/l\/svm-temp\/#\/schema\/logo\/image\/","url":"https:\/\/lightweb.dev\/l\/svm-temp\/wp-content\/uploads\/2025\/02\/SvM-logo-Xtra-Centrerad-SVART.png","contentUrl":"https:\/\/lightweb.dev\/l\/svm-temp\/wp-content\/uploads\/2025\/02\/SvM-logo-Xtra-Centrerad-SVART.png","width":300,"height":99,"caption":"Melkerson y Nott SL"},"image":{"@id":"https:\/\/lightweb.dev\/l\/svm-temp\/#\/schema\/logo\/image\/"},"sameAs":["https:\/\/www.facebook.com\/svenskamagasinet","https:\/\/x.com\/SvenskaMagasine"]},{"@type":"Person","@id":"https:\/\/lightweb.dev\/l\/svm-temp\/#\/schema\/person\/206a3bda5b607b0c25e1749191e4d837","name":"Redaktionen SvM","description":"Redaktionen","sameAs":["https:\/\/lightweb.dev\/l\/svm-temp"],"url":"https:\/\/lightweb.dev\/l\/svm-temp\/reporter\/redaktionen\/"}]}},"_links":{"self":[{"href":"https:\/\/lightweb.dev\/l\/svm-temp\/wp-json\/wp\/v2\/posts\/5241","targetHints":{"allow":["GET"]}}],"collection":[{"href":"https:\/\/lightweb.dev\/l\/svm-temp\/wp-json\/wp\/v2\/posts"}],"about":[{"href":"https:\/\/lightweb.dev\/l\/svm-temp\/wp-json\/wp\/v2\/types\/post"}],"author":[{"embeddable":true,"href":"https:\/\/lightweb.dev\/l\/svm-temp\/wp-json\/wp\/v2\/users\/8"}],"replies":[{"embeddable":true,"href":"https:\/\/lightweb.dev\/l\/svm-temp\/wp-json\/wp\/v2\/comments?post=5241"}],"version-history":[{"count":0,"href":"https:\/\/lightweb.dev\/l\/svm-temp\/wp-json\/wp\/v2\/posts\/5241\/revisions"}],"wp:attachment":[{"href":"https:\/\/lightweb.dev\/l\/svm-temp\/wp-json\/wp\/v2\/media?parent=5241"}],"wp:term":[{"taxonomy":"category","embeddable":true,"href":"https:\/\/lightweb.dev\/l\/svm-temp\/wp-json\/wp\/v2\/categories?post=5241"},{"taxonomy":"post_tag","embeddable":true,"href":"https:\/\/lightweb.dev\/l\/svm-temp\/wp-json\/wp\/v2\/tags?post=5241"}],"curies":[{"name":"wp","href":"https:\/\/api.w.org\/{rel}","templated":true}]}}