{"id":5242,"date":"2015-02-11T00:00:00","date_gmt":"2015-02-10T23:00:00","guid":{"rendered":"https:\/\/lightweb.dev\/l\/svm-temp\/djurspalten-att-tanka-pa-vid-resor\/"},"modified":"2015-02-11T00:00:00","modified_gmt":"2015-02-10T23:00:00","slug":"djurspalten-att-tanka-pa-vid-resor","status":"publish","type":"post","link":"https:\/\/lightweb.dev\/l\/svm-temp\/artiklar\/djurspalten-att-tanka-pa-vid-resor\/","title":{"rendered":"Djurspalten: Att t\u00e4nka p\u00e5 vid resor"},"content":{"rendered":"<p> N\u00e4r du reser till  Spanien med din hund eller katt fr\u00e5n ett kallare klimat, \u00e4r det viktigt att vara medveten de sjukdomar som \u00e4r specifika f\u00f6r ett subtropiskt klimat. Vi vill ge dig lite allm\u00e4n information och rekommendationer. Fullvaccinationer en g\u00e5ng om \u00e5ret<br \/>\nI Sverige \u00e4r din hund f\u00f6rmodligen vaccinerad f\u00f6r Leptospiros och f\u00f6r andra sjukdomar s\u00e5som parvo, valpsjuka och om du regelbundet reser utomlands med hunden eller katten, en g\u00e5ng vart 3 \u00e5r. I Spanien \u00e4r det dock viktigt att vaccinera f\u00f6r alla sjukdomar varje \u00e5r p\u00e5 grund av f\u00f6rekomsten av stora m\u00e4ngder icke vaccinerade (herrel\u00f6sa) djur som d\u00e4rmed utg\u00f6r en h\u00f6gre risken f\u00f6r infektion.<br \/>\nEnligt lag ska hundar i Spanien vaccineras \u00e5rligen mot rabies, men du f\u00f6ljer deriktlinjer i det land d\u00e4r du bor.<\/p>\n<p>Avmaskning fyra g\u00e5nger om \u00e5ret<br \/>\nI det varmare spanska klimatet och n\u00e4rvaron av herrel\u00f6sa djur \u00f6kat smittrisken av interna parasiter \u00e4n vad som \u00e4r fallet i norra Europa. Se d\u00e4rf\u00f6r till att regelbundet avmaska din hund och katt. I vissa fall kan kan \u00e4ven utf\u00f6ra avf\u00f6ringsprov f\u00f6r kontroll av andra parasiter.<br \/>\nDet \u00e4r l\u00e4mpligt att behandla med ett maskmedel som inte bara d\u00f6dar rund- och bandmaskar utan \u00e4ven hj\u00e4rtmask (t.ex. Milbemax).<br \/>\nVi rekommenderar ocks\u00e5 ett avf\u00f6ringsprov f\u00f6r att kontrollera \u00e4ven f\u00f6r andra parasiter s\u00e5som Giardia och Koccidios, vilket kan orsaka osynliga skador p\u00e5 ditt husdjurs tarmar och v\u00e4lbefinnande.<br \/>\nEnligt spansk lag ska husdjur avmaskas minst en g\u00e5ng per \u00e5r (och registreras i deras pass).<\/p>\n<p>Leishmanios<br \/>\n\u00c4r en d\u00f6dlig sjukdom (om obehandlad) och orsakas av en blodparasit, som \u00f6verf\u00f6rs av en stor mygga. Myggan finns i hela medelhavsomr\u00e5de och \u00e4r aktiv s\u00e4rskilt under natten. Den suger blod fr\u00e5n djur i vila. Leishmanios diagnostiseras ofta i Marbella-omr\u00e5det, s\u00e4rskilt hos hundar, ibland hos katter och den \u00e4r ocks\u00e5 smittsam f\u00f6r m\u00e4nniskor!<br \/>\nBeroende p\u00e5 livsstil hos ditt husdjur finns det olika f\u00f6rebyggande \u00e5tg\u00e4rder som kan g\u00f6ras:<br \/>\n&#8211; H\u00e5ll hunden, inne p\u00e5 natten, d\u00e5 sandflugan \u00e4r aktiv. (Eller myggn\u00e4t)<br \/>\n&#8211; Anv\u00e4nd i f\u00f6rebyggande syfte Scalibor, anti-mygg krage (\u00e4ven mot f\u00e4stingar) eller Advantix.<br \/>\n&#8211; N\u00e4r Din hund vistas ute i tr\u00e4dg\u00e5rden eller sover p\u00e5 en \u00f6ppen terrass, \u00e4r det l\u00e4mpligt att vaccinera f\u00f6r leishmanios.<\/p>\n<p>Hj\u00e4rtmask och f\u00e4stingar<br \/>\nHj\u00e4rtmask diagnostiseras inte ofta i Marbella-omr\u00e5det, men f\u00f6rekommer dock. Hj\u00e4rtmasken \u00e4r en subtropiskt sjukdom som \u00f6verf\u00f6rs av myggor. Om ditt husdjur \u00e4r infekterad med larver av masken av en<br \/>\nmygga, kommer maskar v\u00e4xa i blodcirkulationen och hj\u00e4rta. Detta kommer att resultera i kronisk sjukdom och i slut\u00e4ndan kommer hunden eller katten att d\u00f6 av hj\u00e4rtsvikt.<br \/>\nDet finns ett enkelt f\u00f6rebyggande f\u00f6r denna infektion med tabletter.  Du kan ocks\u00e5 vaccinera mot hj\u00e4rtmasken (heartguard en g\u00e5ng per \u00e5r).<br \/>\nF\u00e4stingar lever i gr\u00e4s och l\u00e5ga buskar och n\u00e4r du eller din husdjur passera angriper f\u00e4stingen huden och suger blod. Detta blod kr\u00e4vs f\u00f6r reproduktion.<br \/>\nBortsett fr\u00e5n infektion och inflammation kan f\u00e4stingar \u00f6verf\u00f6ra flera allvarliga infektionssjukdomar som kallas f\u00e4sting-feber (Anaplasma, Ehrlichia, Borrelia, etc). F\u00f6rhindra f\u00e4stingangrepp genom regelbunden kontroll och anv\u00e4nda l\u00e4mpliga insekticider som f\u00e4stingkrage eller pipetter p\u00e5 din hund (Scalibor, Advantix, Frontline)<\/p>\n<p>Av Nazli Pointer Veterinary Clinic, Tel 952 804 165 info@pointerclinic.com Du hittar kliniken vid Rio El Padron, strax \u00f6ster om Estepona och n\u00e4ra ridskolan.<br \/>\nVi pratar svenska!<\/p>\n","protected":false},"excerpt":{"rendered":"<p>N\u00e4r du reser till Spanien med din hund eller katt fr\u00e5n ett kallare klimat, \u00e4r det viktigt att vara medveten de sjukdomar som \u00e4r specifika f\u00f6r ett subtropiskt klimat. Vi vill ge dig lite allm\u00e4n information och rekommendationer. Fullvaccinationer en g\u00e5ng om \u00e5ret I Sverige \u00e4r din hund f\u00f6rmodligen vaccinerad f\u00f6r Leptospiros och f\u00f6r andra [&hellip;]<\/p>\n","protected":false},"author":8,"featured_media":0,"comment_status":"open","ping_status":"open","sticky":false,"template":"","format":"standard","meta":{"_et_pb_use_builder":"","_et_pb_old_content":"","_et_gb_content_width":"","footnotes":""},"categories":[396,4],"tags":[],"class_list":["post-5242","post","type-post","status-publish","format-standard","hentry","category-arkiv-artiklar","category-artiklar"],"yoast_head":"<!-- This site is optimized with the Yoast SEO Premium plugin v26.2 (Yoast SEO v27.4) - https:\/\/yoast.com\/product\/yoast-seo-premium-wordpress\/ -->\n<title>Djurspalten: Att t\u00e4nka p\u00e5 vid resor - Svenska Magasinet<\/title>\n<meta name=\"robots\" content=\"noindex, follow, max-snippet:-1, max-image-preview:large, max-video-preview:-1\" \/>\n<meta property=\"og:locale\" content=\"sv_SE\" \/>\n<meta property=\"og:type\" content=\"article\" \/>\n<meta property=\"og:title\" content=\"Djurspalten: Att t\u00e4nka p\u00e5 vid resor\" \/>\n<meta property=\"og:description\" content=\"N\u00e4r du reser till Spanien med din hund eller katt fr\u00e5n ett kallare klimat, \u00e4r det viktigt att vara medveten de sjukdomar som \u00e4r specifika f\u00f6r ett subtropiskt klimat. Vi vill ge dig lite allm\u00e4n information och rekommendationer. Fullvaccinationer en g\u00e5ng om \u00e5ret I Sverige \u00e4r din hund f\u00f6rmodligen vaccinerad f\u00f6r Leptospiros och f\u00f6r andra [&hellip;]\" \/>\n<meta property=\"og:url\" content=\"https:\/\/lightweb.dev\/l\/svm-temp\/artiklar\/djurspalten-att-tanka-pa-vid-resor\/\" \/>\n<meta property=\"og:site_name\" content=\"Svenska Magasinet\" \/>\n<meta property=\"article:publisher\" content=\"https:\/\/www.facebook.com\/svenskamagasinet\" \/>\n<meta property=\"article:published_time\" content=\"2015-02-10T23:00:00+00:00\" \/>\n<meta name=\"author\" content=\"Redaktionen SvM\" \/>\n<meta name=\"twitter:card\" content=\"summary_large_image\" \/>\n<meta name=\"twitter:creator\" content=\"@SvenskaMagasine\" \/>\n<meta name=\"twitter:site\" content=\"@SvenskaMagasine\" \/>\n<script type=\"application\/ld+json\" class=\"yoast-schema-graph\">{\"@context\":\"https:\\\/\\\/schema.org\",\"@graph\":[{\"@type\":\"Article\",\"@id\":\"https:\\\/\\\/lightweb.dev\\\/l\\\/svm-temp\\\/artiklar\\\/djurspalten-att-tanka-pa-vid-resor\\\/#article\",\"isPartOf\":{\"@id\":\"https:\\\/\\\/lightweb.dev\\\/l\\\/svm-temp\\\/artiklar\\\/djurspalten-att-tanka-pa-vid-resor\\\/\"},\"author\":{\"name\":\"Redaktionen SvM\",\"@id\":\"https:\\\/\\\/lightweb.dev\\\/l\\\/svm-temp\\\/#\\\/schema\\\/person\\\/206a3bda5b607b0c25e1749191e4d837\"},\"headline\":\"Djurspalten: Att t\u00e4nka p\u00e5 vid resor\",\"datePublished\":\"2015-02-10T23:00:00+00:00\",\"mainEntityOfPage\":{\"@id\":\"https:\\\/\\\/lightweb.dev\\\/l\\\/svm-temp\\\/artiklar\\\/djurspalten-att-tanka-pa-vid-resor\\\/\"},\"wordCount\":619,\"commentCount\":0,\"publisher\":{\"@id\":\"https:\\\/\\\/lightweb.dev\\\/l\\\/svm-temp\\\/#organization\"},\"articleSection\":[\"Arkiv\",\"Artiklar\"],\"inLanguage\":\"sv-SE\"},{\"@type\":\"WebPage\",\"@id\":\"https:\\\/\\\/lightweb.dev\\\/l\\\/svm-temp\\\/artiklar\\\/djurspalten-att-tanka-pa-vid-resor\\\/\",\"url\":\"https:\\\/\\\/lightweb.dev\\\/l\\\/svm-temp\\\/artiklar\\\/djurspalten-att-tanka-pa-vid-resor\\\/\",\"name\":\"Djurspalten: Att t\u00e4nka p\u00e5 vid resor - Svenska Magasinet\",\"isPartOf\":{\"@id\":\"https:\\\/\\\/lightweb.dev\\\/l\\\/svm-temp\\\/#website\"},\"datePublished\":\"2015-02-10T23:00:00+00:00\",\"breadcrumb\":{\"@id\":\"https:\\\/\\\/lightweb.dev\\\/l\\\/svm-temp\\\/artiklar\\\/djurspalten-att-tanka-pa-vid-resor\\\/#breadcrumb\"},\"inLanguage\":\"sv-SE\",\"potentialAction\":[{\"@type\":\"ReadAction\",\"target\":[\"https:\\\/\\\/lightweb.dev\\\/l\\\/svm-temp\\\/artiklar\\\/djurspalten-att-tanka-pa-vid-resor\\\/\"]}]},{\"@type\":\"BreadcrumbList\",\"@id\":\"https:\\\/\\\/lightweb.dev\\\/l\\\/svm-temp\\\/artiklar\\\/djurspalten-att-tanka-pa-vid-resor\\\/#breadcrumb\",\"itemListElement\":[{\"@type\":\"ListItem\",\"position\":1,\"name\":\"Hem\",\"item\":\"https:\\\/\\\/lightweb.dev\\\/l\\\/svm-temp\\\/\"},{\"@type\":\"ListItem\",\"position\":2,\"name\":\"Djurspalten: Att t\u00e4nka p\u00e5 vid resor\"}]},{\"@type\":\"WebSite\",\"@id\":\"https:\\\/\\\/lightweb.dev\\\/l\\\/svm-temp\\\/#website\",\"url\":\"https:\\\/\\\/lightweb.dev\\\/l\\\/svm-temp\\\/\",\"name\":\"Svenska Magasinet\",\"description\":\"Dina Spanska nyheter p&aring; Svenska\",\"publisher\":{\"@id\":\"https:\\\/\\\/lightweb.dev\\\/l\\\/svm-temp\\\/#organization\"},\"potentialAction\":[{\"@type\":\"SearchAction\",\"target\":{\"@type\":\"EntryPoint\",\"urlTemplate\":\"https:\\\/\\\/lightweb.dev\\\/l\\\/svm-temp\\\/?s={search_term_string}\"},\"query-input\":{\"@type\":\"PropertyValueSpecification\",\"valueRequired\":true,\"valueName\":\"search_term_string\"}}],\"inLanguage\":\"sv-SE\"},{\"@type\":\"Organization\",\"@id\":\"https:\\\/\\\/lightweb.dev\\\/l\\\/svm-temp\\\/#organization\",\"name\":\"Melkerson y Nott SL\",\"alternateName\":\"Svenska Magasinet\",\"url\":\"https:\\\/\\\/lightweb.dev\\\/l\\\/svm-temp\\\/\",\"logo\":{\"@type\":\"ImageObject\",\"inLanguage\":\"sv-SE\",\"@id\":\"https:\\\/\\\/lightweb.dev\\\/l\\\/svm-temp\\\/#\\\/schema\\\/logo\\\/image\\\/\",\"url\":\"https:\\\/\\\/lightweb.dev\\\/l\\\/svm-temp\\\/wp-content\\\/uploads\\\/2025\\\/02\\\/SvM-logo-Xtra-Centrerad-SVART.png\",\"contentUrl\":\"https:\\\/\\\/lightweb.dev\\\/l\\\/svm-temp\\\/wp-content\\\/uploads\\\/2025\\\/02\\\/SvM-logo-Xtra-Centrerad-SVART.png\",\"width\":300,\"height\":99,\"caption\":\"Melkerson y Nott SL\"},\"image\":{\"@id\":\"https:\\\/\\\/lightweb.dev\\\/l\\\/svm-temp\\\/#\\\/schema\\\/logo\\\/image\\\/\"},\"sameAs\":[\"https:\\\/\\\/www.facebook.com\\\/svenskamagasinet\",\"https:\\\/\\\/x.com\\\/SvenskaMagasine\"]},{\"@type\":\"Person\",\"@id\":\"https:\\\/\\\/lightweb.dev\\\/l\\\/svm-temp\\\/#\\\/schema\\\/person\\\/206a3bda5b607b0c25e1749191e4d837\",\"name\":\"Redaktionen SvM\",\"description\":\"Redaktionen\",\"sameAs\":[\"https:\\\/\\\/lightweb.dev\\\/l\\\/svm-temp\"],\"url\":\"https:\\\/\\\/lightweb.dev\\\/l\\\/svm-temp\\\/reporter\\\/redaktionen\\\/\"}]}<\/script>\n<!-- \/ Yoast SEO Premium plugin. -->","yoast_head_json":{"title":"Djurspalten: Att t\u00e4nka p\u00e5 vid resor - Svenska Magasinet","robots":{"index":"noindex","follow":"follow","max-snippet":"max-snippet:-1","max-image-preview":"max-image-preview:large","max-video-preview":"max-video-preview:-1"},"og_locale":"sv_SE","og_type":"article","og_title":"Djurspalten: Att t\u00e4nka p\u00e5 vid resor","og_description":"N\u00e4r du reser till Spanien med din hund eller katt fr\u00e5n ett kallare klimat, \u00e4r det viktigt att vara medveten de sjukdomar som \u00e4r specifika f\u00f6r ett subtropiskt klimat. Vi vill ge dig lite allm\u00e4n information och rekommendationer. Fullvaccinationer en g\u00e5ng om \u00e5ret I Sverige \u00e4r din hund f\u00f6rmodligen vaccinerad f\u00f6r Leptospiros och f\u00f6r andra [&hellip;]","og_url":"https:\/\/lightweb.dev\/l\/svm-temp\/artiklar\/djurspalten-att-tanka-pa-vid-resor\/","og_site_name":"Svenska Magasinet","article_publisher":"https:\/\/www.facebook.com\/svenskamagasinet","article_published_time":"2015-02-10T23:00:00+00:00","author":"Redaktionen SvM","twitter_card":"summary_large_image","twitter_creator":"@SvenskaMagasine","twitter_site":"@SvenskaMagasine","schema":{"@context":"https:\/\/schema.org","@graph":[{"@type":"Article","@id":"https:\/\/lightweb.dev\/l\/svm-temp\/artiklar\/djurspalten-att-tanka-pa-vid-resor\/#article","isPartOf":{"@id":"https:\/\/lightweb.dev\/l\/svm-temp\/artiklar\/djurspalten-att-tanka-pa-vid-resor\/"},"author":{"name":"Redaktionen SvM","@id":"https:\/\/lightweb.dev\/l\/svm-temp\/#\/schema\/person\/206a3bda5b607b0c25e1749191e4d837"},"headline":"Djurspalten: Att t\u00e4nka p\u00e5 vid resor","datePublished":"2015-02-10T23:00:00+00:00","mainEntityOfPage":{"@id":"https:\/\/lightweb.dev\/l\/svm-temp\/artiklar\/djurspalten-att-tanka-pa-vid-resor\/"},"wordCount":619,"commentCount":0,"publisher":{"@id":"https:\/\/lightweb.dev\/l\/svm-temp\/#organization"},"articleSection":["Arkiv","Artiklar"],"inLanguage":"sv-SE"},{"@type":"WebPage","@id":"https:\/\/lightweb.dev\/l\/svm-temp\/artiklar\/djurspalten-att-tanka-pa-vid-resor\/","url":"https:\/\/lightweb.dev\/l\/svm-temp\/artiklar\/djurspalten-att-tanka-pa-vid-resor\/","name":"Djurspalten: Att t\u00e4nka p\u00e5 vid resor - Svenska Magasinet","isPartOf":{"@id":"https:\/\/lightweb.dev\/l\/svm-temp\/#website"},"datePublished":"2015-02-10T23:00:00+00:00","breadcrumb":{"@id":"https:\/\/lightweb.dev\/l\/svm-temp\/artiklar\/djurspalten-att-tanka-pa-vid-resor\/#breadcrumb"},"inLanguage":"sv-SE","potentialAction":[{"@type":"ReadAction","target":["https:\/\/lightweb.dev\/l\/svm-temp\/artiklar\/djurspalten-att-tanka-pa-vid-resor\/"]}]},{"@type":"BreadcrumbList","@id":"https:\/\/lightweb.dev\/l\/svm-temp\/artiklar\/djurspalten-att-tanka-pa-vid-resor\/#breadcrumb","itemListElement":[{"@type":"ListItem","position":1,"name":"Hem","item":"https:\/\/lightweb.dev\/l\/svm-temp\/"},{"@type":"ListItem","position":2,"name":"Djurspalten: Att t\u00e4nka p\u00e5 vid resor"}]},{"@type":"WebSite","@id":"https:\/\/lightweb.dev\/l\/svm-temp\/#website","url":"https:\/\/lightweb.dev\/l\/svm-temp\/","name":"Svenska Magasinet","description":"Dina Spanska nyheter p&aring; Svenska","publisher":{"@id":"https:\/\/lightweb.dev\/l\/svm-temp\/#organization"},"potentialAction":[{"@type":"SearchAction","target":{"@type":"EntryPoint","urlTemplate":"https:\/\/lightweb.dev\/l\/svm-temp\/?s={search_term_string}"},"query-input":{"@type":"PropertyValueSpecification","valueRequired":true,"valueName":"search_term_string"}}],"inLanguage":"sv-SE"},{"@type":"Organization","@id":"https:\/\/lightweb.dev\/l\/svm-temp\/#organization","name":"Melkerson y Nott SL","alternateName":"Svenska Magasinet","url":"https:\/\/lightweb.dev\/l\/svm-temp\/","logo":{"@type":"ImageObject","inLanguage":"sv-SE","@id":"https:\/\/lightweb.dev\/l\/svm-temp\/#\/schema\/logo\/image\/","url":"https:\/\/lightweb.dev\/l\/svm-temp\/wp-content\/uploads\/2025\/02\/SvM-logo-Xtra-Centrerad-SVART.png","contentUrl":"https:\/\/lightweb.dev\/l\/svm-temp\/wp-content\/uploads\/2025\/02\/SvM-logo-Xtra-Centrerad-SVART.png","width":300,"height":99,"caption":"Melkerson y Nott SL"},"image":{"@id":"https:\/\/lightweb.dev\/l\/svm-temp\/#\/schema\/logo\/image\/"},"sameAs":["https:\/\/www.facebook.com\/svenskamagasinet","https:\/\/x.com\/SvenskaMagasine"]},{"@type":"Person","@id":"https:\/\/lightweb.dev\/l\/svm-temp\/#\/schema\/person\/206a3bda5b607b0c25e1749191e4d837","name":"Redaktionen SvM","description":"Redaktionen","sameAs":["https:\/\/lightweb.dev\/l\/svm-temp"],"url":"https:\/\/lightweb.dev\/l\/svm-temp\/reporter\/redaktionen\/"}]}},"_links":{"self":[{"href":"https:\/\/lightweb.dev\/l\/svm-temp\/wp-json\/wp\/v2\/posts\/5242","targetHints":{"allow":["GET"]}}],"collection":[{"href":"https:\/\/lightweb.dev\/l\/svm-temp\/wp-json\/wp\/v2\/posts"}],"about":[{"href":"https:\/\/lightweb.dev\/l\/svm-temp\/wp-json\/wp\/v2\/types\/post"}],"author":[{"embeddable":true,"href":"https:\/\/lightweb.dev\/l\/svm-temp\/wp-json\/wp\/v2\/users\/8"}],"replies":[{"embeddable":true,"href":"https:\/\/lightweb.dev\/l\/svm-temp\/wp-json\/wp\/v2\/comments?post=5242"}],"version-history":[{"count":0,"href":"https:\/\/lightweb.dev\/l\/svm-temp\/wp-json\/wp\/v2\/posts\/5242\/revisions"}],"wp:attachment":[{"href":"https:\/\/lightweb.dev\/l\/svm-temp\/wp-json\/wp\/v2\/media?parent=5242"}],"wp:term":[{"taxonomy":"category","embeddable":true,"href":"https:\/\/lightweb.dev\/l\/svm-temp\/wp-json\/wp\/v2\/categories?post=5242"},{"taxonomy":"post_tag","embeddable":true,"href":"https:\/\/lightweb.dev\/l\/svm-temp\/wp-json\/wp\/v2\/tags?post=5242"}],"curies":[{"name":"wp","href":"https:\/\/api.w.org\/{rel}","templated":true}]}}