{"id":5243,"date":"2015-02-11T00:00:00","date_gmt":"2015-02-10T23:00:00","guid":{"rendered":"https:\/\/lightweb.dev\/l\/svm-temp\/fraga-maklaren-fragor-fran-lasarna-som-funderar-pa-att-salja-eller-kopa-en-bostad-pa-costa-del-sol\/"},"modified":"2015-02-11T00:00:00","modified_gmt":"2015-02-10T23:00:00","slug":"fraga-maklaren-fragor-fran-lasarna-som-funderar-pa-att-salja-eller-kopa-en-bostad-pa-costa-del-sol","status":"publish","type":"post","link":"https:\/\/lightweb.dev\/l\/svm-temp\/artiklar\/fraga-maklaren-fragor-fran-lasarna-som-funderar-pa-att-salja-eller-kopa-en-bostad-pa-costa-del-sol\/","title":{"rendered":"Fr\u00e5ga m\u00e4klaren: Fr\u00e5gor fr\u00e5n l\u00e4sarna som funderar p\u00e5 att s\u00e4lja eller k\u00f6pa en bostad p\u00e5 Costa del Sol."},"content":{"rendered":"<p> Hej Sven, jag funderar p\u00e5 att k\u00f6pa en l\u00e4genhet i Fuengirola under detta \u00e5r och jag har h\u00f6rt av v\u00e4nner att spanska banker har en \u00e5ldersgr\u00e4ns p\u00e5 bostadsl\u00e5n p\u00e5 max. 70 \u00e5r f\u00f6r l\u00e5ntagaren. Kan du f\u00f6rklara? Peter Karder Av Sven F. K\u00e4llstr\u00f6m, \u00e4gare till Alamo Costa del Sol Real Estate<\/p>\n<p>Det du s\u00e4kert har h\u00f6rt talas om \u00e4r inte \u00e5ldern f\u00f6r l\u00e5ntagaren n\u00e4r man ans\u00f6ker om l\u00e5n utan den maximala amorteringstiden med h\u00e4nsyn till \u00e5ldern p\u00e5 den som f\u00e5r l\u00e5net. Det normala i dagsl\u00e4get \u00e4r att l\u00e5net skall vara amorterat f\u00e4rdigt till du fyllt 75 \u00e5r. Det inneb\u00e4r i praktiken att om du Peter \u00e4r 61 \u00e5r gammal idag s\u00e5 f\u00e5r du en amorteringstid p\u00e5 max. 14 \u00e5r. Om du vill ha l\u00e4ngre amorteringstid \u00e4n 14 \u00e5r kan banken acceptera det om du s\u00e4tter in en av dina vuxna barn i lagfarten. Den maximala amorteringstiden hos m\u00e5nga spanska banker \u00e4r 25 \u00e5r.<\/p>\n<p>Hej, jag heter Nils Andersson och \u00e4r lycklig \u00e4gare av ett radhus i Calahonda sedan 5 \u00e5r sedan. Funderar p\u00e5 att modernisera lite och byta ut k\u00f6ket och de tv\u00e5 badrummen. \u00c4r priserna ungef\u00e4r samma som i Sverige eller \u00e4r det billigare att g\u00f6ra detta i Spanien?<\/p>\n<p>Hej Nils, Generellt \u00e4r det billigare i Spanien \u00e4n i Sverige. Framf\u00f6r allt \u00e4r det arbetskostnaden som \u00e4r betydligt billigare. Sen handlar det ocks\u00e5 om vilket material du anv\u00e4nder. Tr\u00e4material till exempel \u00e4r dyrare i Spanien \u00e4n i Sverige medan kakel- eller keramikplattor \u00e4r kan vara betydligt billigare i Spanien. En tumregel \u00e4r att standardk\u00f6k kan kosta mellan 7 \u2013 15 000 euro och ett badrum b\u00f6r du kalkylera mellan 4 \u2013 10 000 euro. Skillnaderna i priser \u00e4r naturligtvis beroende p\u00e5 vilken kvalitet och material du anv\u00e4nder.<\/p>\n<p>Hej Sven, vi skall snart s\u00e4lja v\u00e5rt radhus i Nueva Andalucia och jag undrar vilka papper och handlingar jag m\u00e5ste ta fram till den m\u00e4klare som jag kommer att v\u00e4lja? Urban och Kerstin<\/p>\n<p>Bra fr\u00e5ga! Reglerna f\u00f6r detta har sk\u00e4rpts betydligt och lagen kr\u00e4ver numera att m\u00e4klaren M\u00c5STE bevara vissa dokument p\u00e5 sitt kontor f\u00f6r att f\u00e5 lov att s\u00e4lja fastigheten. Om m\u00e4klaren inte har det kan han eller hon bli b\u00f6tf\u00e4lld. Kopior p\u00e5 de dokumenten som du m\u00e5ste presentera f\u00f6r din m\u00e4klare \u00e4r f\u00f6ljande:<br \/>\n    1. Din lagfart (escritura)<br \/>\n    2. Senaste betalad fastighetsskatt till kommunen (IBI)<br \/>\n    3. Senaste betalad samf\u00e4llighetsavgift (Comunidad de propitarios)<br \/>\n    4. Senast betalad elr\u00e4kning<br \/>\n    5. Senast betalad vattenr\u00e4kning (om den debiteras separat)<br \/>\n    6. Ditt residenciakort (NIE-nummer) eller pass<\/p>\n<p>Hej, jag har l\u00e4st n\u00e5gonstans att jag m\u00e5ste betala en speciell skatt f\u00f6r ett slags \u201df\u00f6rm\u00e5nsv\u00e4rde\u201d \u00e4ven om jag inte hyr ut min bostad. Kan du f\u00f6rklara n\u00e4rmare? M\u00e5ns fr\u00e5n Haparanda<\/p>\n<p>Hej M\u00e5ns, det \u00e4r alldeles riktigt. F\u00f6r alla residenta (ej fast bosatta) utl\u00e4nningar som \u00e4ger en fastighet p\u00e5 Costa del Sol s\u00e5 m\u00e5ste alla betala en skatt p\u00e5 ett ber\u00e4knat f\u00f6rm\u00e5nsv\u00e4rde. F\u00f6rm\u00e5nsv\u00e4rdet r\u00e4knas p\u00e5 2% av det spanska taxeringsv\u00e4rdet (valor catastral).<br \/>\nDet inneb\u00e4r att sj\u00e4lva skatten att betala blir ca 0,5 % av detta taxeringsv\u00e4rde eftersom en icke resident svensk i Spanien betalar en skatt p\u00e5 24,75% p\u00e5 inkomsten av detta f\u00f6rm\u00e5nsv\u00e4rde. Alla ej residenta personer som \u00e4ger fast egendom m\u00e5ste skatta p\u00e5 ett ber\u00e4knat f\u00f6rm\u00e5nsv\u00e4rde.<br \/>\nDetta fastst\u00e4lls till 2 % av taxeringsv\u00e4rdet (valor catastral). Normalt \u00e4r detta den enda inkomsten som ej residenta beh\u00f6ver skatta f\u00f6r i Spanien. Eftersom ej residenta betalar en inkomstskatt om 24,75 % blir skatten ca 0,5 % av taxeringsv\u00e4rdet.<\/p>\n","protected":false},"excerpt":{"rendered":"<p>Hej Sven, jag funderar p\u00e5 att k\u00f6pa en l\u00e4genhet i Fuengirola under detta \u00e5r och jag har h\u00f6rt av v\u00e4nner att spanska banker har en \u00e5ldersgr\u00e4ns p\u00e5 bostadsl\u00e5n p\u00e5 max. 70 \u00e5r f\u00f6r l\u00e5ntagaren. Kan du f\u00f6rklara? Peter Karder Av Sven F. K\u00e4llstr\u00f6m, \u00e4gare till Alamo Costa del Sol Real Estate Det du s\u00e4kert har [&hellip;]<\/p>\n","protected":false},"author":8,"featured_media":5244,"comment_status":"open","ping_status":"open","sticky":false,"template":"","format":"standard","meta":{"_et_pb_use_builder":"","_et_pb_old_content":"","_et_gb_content_width":"","footnotes":""},"categories":[4,37],"tags":[],"class_list":["post-5243","post","type-post","status-publish","format-standard","has-post-thumbnail","hentry","category-artiklar","category-hem-bostad"],"yoast_head":"<!-- This site is optimized with the Yoast SEO Premium plugin v26.2 (Yoast SEO v27.4) - https:\/\/yoast.com\/product\/yoast-seo-premium-wordpress\/ -->\n<title>Fr\u00e5ga m\u00e4klaren: Fr\u00e5gor fr\u00e5n l\u00e4sarna som funderar p\u00e5 att s\u00e4lja eller k\u00f6pa en bostad p\u00e5 Costa del Sol. - Svenska Magasinet<\/title>\n<meta name=\"robots\" content=\"noindex, follow, max-snippet:-1, max-image-preview:large, max-video-preview:-1\" \/>\n<meta property=\"og:locale\" content=\"sv_SE\" \/>\n<meta property=\"og:type\" content=\"article\" \/>\n<meta property=\"og:title\" content=\"Fr\u00e5ga m\u00e4klaren: Fr\u00e5gor fr\u00e5n l\u00e4sarna som funderar p\u00e5 att s\u00e4lja eller k\u00f6pa en bostad p\u00e5 Costa del Sol.\" \/>\n<meta property=\"og:description\" content=\"Hej Sven, jag funderar p\u00e5 att k\u00f6pa en l\u00e4genhet i Fuengirola under detta \u00e5r och jag har h\u00f6rt av v\u00e4nner att spanska banker har en \u00e5ldersgr\u00e4ns p\u00e5 bostadsl\u00e5n p\u00e5 max. 70 \u00e5r f\u00f6r l\u00e5ntagaren. Kan du f\u00f6rklara? Peter Karder Av Sven F. K\u00e4llstr\u00f6m, \u00e4gare till Alamo Costa del Sol Real Estate Det du s\u00e4kert har [&hellip;]\" \/>\n<meta property=\"og:url\" content=\"https:\/\/lightweb.dev\/l\/svm-temp\/artiklar\/fraga-maklaren-fragor-fran-lasarna-som-funderar-pa-att-salja-eller-kopa-en-bostad-pa-costa-del-sol\/\" \/>\n<meta property=\"og:site_name\" content=\"Svenska Magasinet\" \/>\n<meta property=\"article:publisher\" content=\"https:\/\/www.facebook.com\/svenskamagasinet\" \/>\n<meta property=\"article:published_time\" content=\"2015-02-10T23:00:00+00:00\" \/>\n<meta property=\"og:image\" content=\"https:\/\/lightweb.dev\/l\/svm-temp\/wp-content\/uploads\/2022\/04\/frga-mklaren-frgor-frn-lsarna-som-funderar-p-att-slja-eller-kpa-en-bostad-p-costa-del-sol.png\" \/>\n\t<meta property=\"og:image:width\" content=\"299\" \/>\n\t<meta property=\"og:image:height\" content=\"200\" \/>\n\t<meta property=\"og:image:type\" content=\"image\/png\" \/>\n<meta name=\"author\" content=\"Redaktionen SvM\" \/>\n<meta name=\"twitter:card\" content=\"summary_large_image\" \/>\n<meta name=\"twitter:creator\" content=\"@SvenskaMagasine\" \/>\n<meta name=\"twitter:site\" content=\"@SvenskaMagasine\" \/>\n<script type=\"application\/ld+json\" class=\"yoast-schema-graph\">{\"@context\":\"https:\\\/\\\/schema.org\",\"@graph\":[{\"@type\":\"Article\",\"@id\":\"https:\\\/\\\/lightweb.dev\\\/l\\\/svm-temp\\\/artiklar\\\/fraga-maklaren-fragor-fran-lasarna-som-funderar-pa-att-salja-eller-kopa-en-bostad-pa-costa-del-sol\\\/#article\",\"isPartOf\":{\"@id\":\"https:\\\/\\\/lightweb.dev\\\/l\\\/svm-temp\\\/artiklar\\\/fraga-maklaren-fragor-fran-lasarna-som-funderar-pa-att-salja-eller-kopa-en-bostad-pa-costa-del-sol\\\/\"},\"author\":{\"name\":\"Redaktionen SvM\",\"@id\":\"https:\\\/\\\/lightweb.dev\\\/l\\\/svm-temp\\\/#\\\/schema\\\/person\\\/206a3bda5b607b0c25e1749191e4d837\"},\"headline\":\"Fr\u00e5ga m\u00e4klaren: Fr\u00e5gor fr\u00e5n l\u00e4sarna som funderar p\u00e5 att s\u00e4lja eller k\u00f6pa en bostad p\u00e5 Costa del Sol.\",\"datePublished\":\"2015-02-10T23:00:00+00:00\",\"mainEntityOfPage\":{\"@id\":\"https:\\\/\\\/lightweb.dev\\\/l\\\/svm-temp\\\/artiklar\\\/fraga-maklaren-fragor-fran-lasarna-som-funderar-pa-att-salja-eller-kopa-en-bostad-pa-costa-del-sol\\\/\"},\"wordCount\":660,\"commentCount\":0,\"publisher\":{\"@id\":\"https:\\\/\\\/lightweb.dev\\\/l\\\/svm-temp\\\/#organization\"},\"image\":{\"@id\":\"https:\\\/\\\/lightweb.dev\\\/l\\\/svm-temp\\\/artiklar\\\/fraga-maklaren-fragor-fran-lasarna-som-funderar-pa-att-salja-eller-kopa-en-bostad-pa-costa-del-sol\\\/#primaryimage\"},\"thumbnailUrl\":\"https:\\\/\\\/lightweb.dev\\\/l\\\/svm-temp\\\/wp-content\\\/uploads\\\/2022\\\/04\\\/frga-mklaren-frgor-frn-lsarna-som-funderar-p-att-slja-eller-kpa-en-bostad-p-costa-del-sol.png\",\"articleSection\":[\"Artiklar\",\"Hem &amp; bostad\"],\"inLanguage\":\"sv-SE\"},{\"@type\":\"WebPage\",\"@id\":\"https:\\\/\\\/lightweb.dev\\\/l\\\/svm-temp\\\/artiklar\\\/fraga-maklaren-fragor-fran-lasarna-som-funderar-pa-att-salja-eller-kopa-en-bostad-pa-costa-del-sol\\\/\",\"url\":\"https:\\\/\\\/lightweb.dev\\\/l\\\/svm-temp\\\/artiklar\\\/fraga-maklaren-fragor-fran-lasarna-som-funderar-pa-att-salja-eller-kopa-en-bostad-pa-costa-del-sol\\\/\",\"name\":\"Fr\u00e5ga m\u00e4klaren: Fr\u00e5gor fr\u00e5n l\u00e4sarna som funderar p\u00e5 att s\u00e4lja eller k\u00f6pa en bostad p\u00e5 Costa del Sol. - Svenska Magasinet\",\"isPartOf\":{\"@id\":\"https:\\\/\\\/lightweb.dev\\\/l\\\/svm-temp\\\/#website\"},\"primaryImageOfPage\":{\"@id\":\"https:\\\/\\\/lightweb.dev\\\/l\\\/svm-temp\\\/artiklar\\\/fraga-maklaren-fragor-fran-lasarna-som-funderar-pa-att-salja-eller-kopa-en-bostad-pa-costa-del-sol\\\/#primaryimage\"},\"image\":{\"@id\":\"https:\\\/\\\/lightweb.dev\\\/l\\\/svm-temp\\\/artiklar\\\/fraga-maklaren-fragor-fran-lasarna-som-funderar-pa-att-salja-eller-kopa-en-bostad-pa-costa-del-sol\\\/#primaryimage\"},\"thumbnailUrl\":\"https:\\\/\\\/lightweb.dev\\\/l\\\/svm-temp\\\/wp-content\\\/uploads\\\/2022\\\/04\\\/frga-mklaren-frgor-frn-lsarna-som-funderar-p-att-slja-eller-kpa-en-bostad-p-costa-del-sol.png\",\"datePublished\":\"2015-02-10T23:00:00+00:00\",\"breadcrumb\":{\"@id\":\"https:\\\/\\\/lightweb.dev\\\/l\\\/svm-temp\\\/artiklar\\\/fraga-maklaren-fragor-fran-lasarna-som-funderar-pa-att-salja-eller-kopa-en-bostad-pa-costa-del-sol\\\/#breadcrumb\"},\"inLanguage\":\"sv-SE\",\"potentialAction\":[{\"@type\":\"ReadAction\",\"target\":[\"https:\\\/\\\/lightweb.dev\\\/l\\\/svm-temp\\\/artiklar\\\/fraga-maklaren-fragor-fran-lasarna-som-funderar-pa-att-salja-eller-kopa-en-bostad-pa-costa-del-sol\\\/\"]}]},{\"@type\":\"ImageObject\",\"inLanguage\":\"sv-SE\",\"@id\":\"https:\\\/\\\/lightweb.dev\\\/l\\\/svm-temp\\\/artiklar\\\/fraga-maklaren-fragor-fran-lasarna-som-funderar-pa-att-salja-eller-kopa-en-bostad-pa-costa-del-sol\\\/#primaryimage\",\"url\":\"https:\\\/\\\/lightweb.dev\\\/l\\\/svm-temp\\\/wp-content\\\/uploads\\\/2022\\\/04\\\/frga-mklaren-frgor-frn-lsarna-som-funderar-p-att-slja-eller-kpa-en-bostad-p-costa-del-sol.png\",\"contentUrl\":\"https:\\\/\\\/lightweb.dev\\\/l\\\/svm-temp\\\/wp-content\\\/uploads\\\/2022\\\/04\\\/frga-mklaren-frgor-frn-lsarna-som-funderar-p-att-slja-eller-kpa-en-bostad-p-costa-del-sol.png\",\"width\":299,\"height\":200},{\"@type\":\"BreadcrumbList\",\"@id\":\"https:\\\/\\\/lightweb.dev\\\/l\\\/svm-temp\\\/artiklar\\\/fraga-maklaren-fragor-fran-lasarna-som-funderar-pa-att-salja-eller-kopa-en-bostad-pa-costa-del-sol\\\/#breadcrumb\",\"itemListElement\":[{\"@type\":\"ListItem\",\"position\":1,\"name\":\"Hem\",\"item\":\"https:\\\/\\\/lightweb.dev\\\/l\\\/svm-temp\\\/\"},{\"@type\":\"ListItem\",\"position\":2,\"name\":\"Fr\u00e5ga m\u00e4klaren: Fr\u00e5gor fr\u00e5n l\u00e4sarna som funderar p\u00e5 att s\u00e4lja eller k\u00f6pa en bostad p\u00e5 Costa del Sol.\"}]},{\"@type\":\"WebSite\",\"@id\":\"https:\\\/\\\/lightweb.dev\\\/l\\\/svm-temp\\\/#website\",\"url\":\"https:\\\/\\\/lightweb.dev\\\/l\\\/svm-temp\\\/\",\"name\":\"Svenska Magasinet\",\"description\":\"Dina Spanska nyheter p&aring; Svenska\",\"publisher\":{\"@id\":\"https:\\\/\\\/lightweb.dev\\\/l\\\/svm-temp\\\/#organization\"},\"potentialAction\":[{\"@type\":\"SearchAction\",\"target\":{\"@type\":\"EntryPoint\",\"urlTemplate\":\"https:\\\/\\\/lightweb.dev\\\/l\\\/svm-temp\\\/?s={search_term_string}\"},\"query-input\":{\"@type\":\"PropertyValueSpecification\",\"valueRequired\":true,\"valueName\":\"search_term_string\"}}],\"inLanguage\":\"sv-SE\"},{\"@type\":\"Organization\",\"@id\":\"https:\\\/\\\/lightweb.dev\\\/l\\\/svm-temp\\\/#organization\",\"name\":\"Melkerson y Nott SL\",\"alternateName\":\"Svenska Magasinet\",\"url\":\"https:\\\/\\\/lightweb.dev\\\/l\\\/svm-temp\\\/\",\"logo\":{\"@type\":\"ImageObject\",\"inLanguage\":\"sv-SE\",\"@id\":\"https:\\\/\\\/lightweb.dev\\\/l\\\/svm-temp\\\/#\\\/schema\\\/logo\\\/image\\\/\",\"url\":\"https:\\\/\\\/lightweb.dev\\\/l\\\/svm-temp\\\/wp-content\\\/uploads\\\/2025\\\/02\\\/SvM-logo-Xtra-Centrerad-SVART.png\",\"contentUrl\":\"https:\\\/\\\/lightweb.dev\\\/l\\\/svm-temp\\\/wp-content\\\/uploads\\\/2025\\\/02\\\/SvM-logo-Xtra-Centrerad-SVART.png\",\"width\":300,\"height\":99,\"caption\":\"Melkerson y Nott SL\"},\"image\":{\"@id\":\"https:\\\/\\\/lightweb.dev\\\/l\\\/svm-temp\\\/#\\\/schema\\\/logo\\\/image\\\/\"},\"sameAs\":[\"https:\\\/\\\/www.facebook.com\\\/svenskamagasinet\",\"https:\\\/\\\/x.com\\\/SvenskaMagasine\"]},{\"@type\":\"Person\",\"@id\":\"https:\\\/\\\/lightweb.dev\\\/l\\\/svm-temp\\\/#\\\/schema\\\/person\\\/206a3bda5b607b0c25e1749191e4d837\",\"name\":\"Redaktionen SvM\",\"description\":\"Redaktionen\",\"sameAs\":[\"https:\\\/\\\/lightweb.dev\\\/l\\\/svm-temp\"],\"url\":\"https:\\\/\\\/lightweb.dev\\\/l\\\/svm-temp\\\/reporter\\\/redaktionen\\\/\"}]}<\/script>\n<!-- \/ Yoast SEO Premium plugin. -->","yoast_head_json":{"title":"Fr\u00e5ga m\u00e4klaren: Fr\u00e5gor fr\u00e5n l\u00e4sarna som funderar p\u00e5 att s\u00e4lja eller k\u00f6pa en bostad p\u00e5 Costa del Sol. - Svenska Magasinet","robots":{"index":"noindex","follow":"follow","max-snippet":"max-snippet:-1","max-image-preview":"max-image-preview:large","max-video-preview":"max-video-preview:-1"},"og_locale":"sv_SE","og_type":"article","og_title":"Fr\u00e5ga m\u00e4klaren: Fr\u00e5gor fr\u00e5n l\u00e4sarna som funderar p\u00e5 att s\u00e4lja eller k\u00f6pa en bostad p\u00e5 Costa del Sol.","og_description":"Hej Sven, jag funderar p\u00e5 att k\u00f6pa en l\u00e4genhet i Fuengirola under detta \u00e5r och jag har h\u00f6rt av v\u00e4nner att spanska banker har en \u00e5ldersgr\u00e4ns p\u00e5 bostadsl\u00e5n p\u00e5 max. 70 \u00e5r f\u00f6r l\u00e5ntagaren. Kan du f\u00f6rklara? Peter Karder Av Sven F. K\u00e4llstr\u00f6m, \u00e4gare till Alamo Costa del Sol Real Estate Det du s\u00e4kert har [&hellip;]","og_url":"https:\/\/lightweb.dev\/l\/svm-temp\/artiklar\/fraga-maklaren-fragor-fran-lasarna-som-funderar-pa-att-salja-eller-kopa-en-bostad-pa-costa-del-sol\/","og_site_name":"Svenska Magasinet","article_publisher":"https:\/\/www.facebook.com\/svenskamagasinet","article_published_time":"2015-02-10T23:00:00+00:00","og_image":[{"width":299,"height":200,"url":"https:\/\/lightweb.dev\/l\/svm-temp\/wp-content\/uploads\/2022\/04\/frga-mklaren-frgor-frn-lsarna-som-funderar-p-att-slja-eller-kpa-en-bostad-p-costa-del-sol.png","type":"image\/png"}],"author":"Redaktionen SvM","twitter_card":"summary_large_image","twitter_creator":"@SvenskaMagasine","twitter_site":"@SvenskaMagasine","schema":{"@context":"https:\/\/schema.org","@graph":[{"@type":"Article","@id":"https:\/\/lightweb.dev\/l\/svm-temp\/artiklar\/fraga-maklaren-fragor-fran-lasarna-som-funderar-pa-att-salja-eller-kopa-en-bostad-pa-costa-del-sol\/#article","isPartOf":{"@id":"https:\/\/lightweb.dev\/l\/svm-temp\/artiklar\/fraga-maklaren-fragor-fran-lasarna-som-funderar-pa-att-salja-eller-kopa-en-bostad-pa-costa-del-sol\/"},"author":{"name":"Redaktionen SvM","@id":"https:\/\/lightweb.dev\/l\/svm-temp\/#\/schema\/person\/206a3bda5b607b0c25e1749191e4d837"},"headline":"Fr\u00e5ga m\u00e4klaren: Fr\u00e5gor fr\u00e5n l\u00e4sarna som funderar p\u00e5 att s\u00e4lja eller k\u00f6pa en bostad p\u00e5 Costa del Sol.","datePublished":"2015-02-10T23:00:00+00:00","mainEntityOfPage":{"@id":"https:\/\/lightweb.dev\/l\/svm-temp\/artiklar\/fraga-maklaren-fragor-fran-lasarna-som-funderar-pa-att-salja-eller-kopa-en-bostad-pa-costa-del-sol\/"},"wordCount":660,"commentCount":0,"publisher":{"@id":"https:\/\/lightweb.dev\/l\/svm-temp\/#organization"},"image":{"@id":"https:\/\/lightweb.dev\/l\/svm-temp\/artiklar\/fraga-maklaren-fragor-fran-lasarna-som-funderar-pa-att-salja-eller-kopa-en-bostad-pa-costa-del-sol\/#primaryimage"},"thumbnailUrl":"https:\/\/lightweb.dev\/l\/svm-temp\/wp-content\/uploads\/2022\/04\/frga-mklaren-frgor-frn-lsarna-som-funderar-p-att-slja-eller-kpa-en-bostad-p-costa-del-sol.png","articleSection":["Artiklar","Hem &amp; bostad"],"inLanguage":"sv-SE"},{"@type":"WebPage","@id":"https:\/\/lightweb.dev\/l\/svm-temp\/artiklar\/fraga-maklaren-fragor-fran-lasarna-som-funderar-pa-att-salja-eller-kopa-en-bostad-pa-costa-del-sol\/","url":"https:\/\/lightweb.dev\/l\/svm-temp\/artiklar\/fraga-maklaren-fragor-fran-lasarna-som-funderar-pa-att-salja-eller-kopa-en-bostad-pa-costa-del-sol\/","name":"Fr\u00e5ga m\u00e4klaren: Fr\u00e5gor fr\u00e5n l\u00e4sarna som funderar p\u00e5 att s\u00e4lja eller k\u00f6pa en bostad p\u00e5 Costa del Sol. - Svenska Magasinet","isPartOf":{"@id":"https:\/\/lightweb.dev\/l\/svm-temp\/#website"},"primaryImageOfPage":{"@id":"https:\/\/lightweb.dev\/l\/svm-temp\/artiklar\/fraga-maklaren-fragor-fran-lasarna-som-funderar-pa-att-salja-eller-kopa-en-bostad-pa-costa-del-sol\/#primaryimage"},"image":{"@id":"https:\/\/lightweb.dev\/l\/svm-temp\/artiklar\/fraga-maklaren-fragor-fran-lasarna-som-funderar-pa-att-salja-eller-kopa-en-bostad-pa-costa-del-sol\/#primaryimage"},"thumbnailUrl":"https:\/\/lightweb.dev\/l\/svm-temp\/wp-content\/uploads\/2022\/04\/frga-mklaren-frgor-frn-lsarna-som-funderar-p-att-slja-eller-kpa-en-bostad-p-costa-del-sol.png","datePublished":"2015-02-10T23:00:00+00:00","breadcrumb":{"@id":"https:\/\/lightweb.dev\/l\/svm-temp\/artiklar\/fraga-maklaren-fragor-fran-lasarna-som-funderar-pa-att-salja-eller-kopa-en-bostad-pa-costa-del-sol\/#breadcrumb"},"inLanguage":"sv-SE","potentialAction":[{"@type":"ReadAction","target":["https:\/\/lightweb.dev\/l\/svm-temp\/artiklar\/fraga-maklaren-fragor-fran-lasarna-som-funderar-pa-att-salja-eller-kopa-en-bostad-pa-costa-del-sol\/"]}]},{"@type":"ImageObject","inLanguage":"sv-SE","@id":"https:\/\/lightweb.dev\/l\/svm-temp\/artiklar\/fraga-maklaren-fragor-fran-lasarna-som-funderar-pa-att-salja-eller-kopa-en-bostad-pa-costa-del-sol\/#primaryimage","url":"https:\/\/lightweb.dev\/l\/svm-temp\/wp-content\/uploads\/2022\/04\/frga-mklaren-frgor-frn-lsarna-som-funderar-p-att-slja-eller-kpa-en-bostad-p-costa-del-sol.png","contentUrl":"https:\/\/lightweb.dev\/l\/svm-temp\/wp-content\/uploads\/2022\/04\/frga-mklaren-frgor-frn-lsarna-som-funderar-p-att-slja-eller-kpa-en-bostad-p-costa-del-sol.png","width":299,"height":200},{"@type":"BreadcrumbList","@id":"https:\/\/lightweb.dev\/l\/svm-temp\/artiklar\/fraga-maklaren-fragor-fran-lasarna-som-funderar-pa-att-salja-eller-kopa-en-bostad-pa-costa-del-sol\/#breadcrumb","itemListElement":[{"@type":"ListItem","position":1,"name":"Hem","item":"https:\/\/lightweb.dev\/l\/svm-temp\/"},{"@type":"ListItem","position":2,"name":"Fr\u00e5ga m\u00e4klaren: Fr\u00e5gor fr\u00e5n l\u00e4sarna som funderar p\u00e5 att s\u00e4lja eller k\u00f6pa en bostad p\u00e5 Costa del Sol."}]},{"@type":"WebSite","@id":"https:\/\/lightweb.dev\/l\/svm-temp\/#website","url":"https:\/\/lightweb.dev\/l\/svm-temp\/","name":"Svenska Magasinet","description":"Dina Spanska nyheter p&aring; Svenska","publisher":{"@id":"https:\/\/lightweb.dev\/l\/svm-temp\/#organization"},"potentialAction":[{"@type":"SearchAction","target":{"@type":"EntryPoint","urlTemplate":"https:\/\/lightweb.dev\/l\/svm-temp\/?s={search_term_string}"},"query-input":{"@type":"PropertyValueSpecification","valueRequired":true,"valueName":"search_term_string"}}],"inLanguage":"sv-SE"},{"@type":"Organization","@id":"https:\/\/lightweb.dev\/l\/svm-temp\/#organization","name":"Melkerson y Nott SL","alternateName":"Svenska Magasinet","url":"https:\/\/lightweb.dev\/l\/svm-temp\/","logo":{"@type":"ImageObject","inLanguage":"sv-SE","@id":"https:\/\/lightweb.dev\/l\/svm-temp\/#\/schema\/logo\/image\/","url":"https:\/\/lightweb.dev\/l\/svm-temp\/wp-content\/uploads\/2025\/02\/SvM-logo-Xtra-Centrerad-SVART.png","contentUrl":"https:\/\/lightweb.dev\/l\/svm-temp\/wp-content\/uploads\/2025\/02\/SvM-logo-Xtra-Centrerad-SVART.png","width":300,"height":99,"caption":"Melkerson y Nott SL"},"image":{"@id":"https:\/\/lightweb.dev\/l\/svm-temp\/#\/schema\/logo\/image\/"},"sameAs":["https:\/\/www.facebook.com\/svenskamagasinet","https:\/\/x.com\/SvenskaMagasine"]},{"@type":"Person","@id":"https:\/\/lightweb.dev\/l\/svm-temp\/#\/schema\/person\/206a3bda5b607b0c25e1749191e4d837","name":"Redaktionen SvM","description":"Redaktionen","sameAs":["https:\/\/lightweb.dev\/l\/svm-temp"],"url":"https:\/\/lightweb.dev\/l\/svm-temp\/reporter\/redaktionen\/"}]}},"_links":{"self":[{"href":"https:\/\/lightweb.dev\/l\/svm-temp\/wp-json\/wp\/v2\/posts\/5243","targetHints":{"allow":["GET"]}}],"collection":[{"href":"https:\/\/lightweb.dev\/l\/svm-temp\/wp-json\/wp\/v2\/posts"}],"about":[{"href":"https:\/\/lightweb.dev\/l\/svm-temp\/wp-json\/wp\/v2\/types\/post"}],"author":[{"embeddable":true,"href":"https:\/\/lightweb.dev\/l\/svm-temp\/wp-json\/wp\/v2\/users\/8"}],"replies":[{"embeddable":true,"href":"https:\/\/lightweb.dev\/l\/svm-temp\/wp-json\/wp\/v2\/comments?post=5243"}],"version-history":[{"count":0,"href":"https:\/\/lightweb.dev\/l\/svm-temp\/wp-json\/wp\/v2\/posts\/5243\/revisions"}],"wp:featuredmedia":[{"embeddable":true,"href":"https:\/\/lightweb.dev\/l\/svm-temp\/wp-json\/wp\/v2\/media\/5244"}],"wp:attachment":[{"href":"https:\/\/lightweb.dev\/l\/svm-temp\/wp-json\/wp\/v2\/media?parent=5243"}],"wp:term":[{"taxonomy":"category","embeddable":true,"href":"https:\/\/lightweb.dev\/l\/svm-temp\/wp-json\/wp\/v2\/categories?post=5243"},{"taxonomy":"post_tag","embeddable":true,"href":"https:\/\/lightweb.dev\/l\/svm-temp\/wp-json\/wp\/v2\/tags?post=5243"}],"curies":[{"name":"wp","href":"https:\/\/api.w.org\/{rel}","templated":true}]}}