{"id":5249,"date":"2015-01-13T00:00:00","date_gmt":"2015-01-12T23:00:00","guid":{"rendered":"https:\/\/lightweb.dev\/l\/svm-temp\/ventura-properties-hjalper-dig-investera\/"},"modified":"2015-01-13T00:00:00","modified_gmt":"2015-01-12T23:00:00","slug":"ventura-properties-hjalper-dig-investera","status":"publish","type":"post","link":"https:\/\/lightweb.dev\/l\/svm-temp\/artiklar\/ventura-properties-hjalper-dig-investera\/","title":{"rendered":"Ventura Properties hj\u00e4lper dig investera"},"content":{"rendered":"<p> Med ett kontor i v\u00e4lk\u00e4nda Puerto Ban\u00fas, har Ventura Properties etablerat sig som en av de b\u00e4sta fastighetsm\u00e4klarna p\u00e5 Costa del Sol. Direkt\u00f6rerna Maxim Kulyukin och Elena Andreeva har n\u00e4rmare 20 \u00e5rs erfarenhet av den spanska marknaden och dess fastighetslagar. Under \u00e5rens lopp har de hj\u00e4lpt m\u00e5nga kunder fr\u00e5n alla v\u00e4rldens h\u00f6rn att hitta en dr\u00f6mbostad h\u00e4r p\u00e5 Solkusten. En viktig h\u00f6rnsten i f\u00f6retaget \u00e4r deras disciplin och h\u00f6ga moral vilket gett fortsatt framg\u00e5ng trots ovissa ekonomiska tider.<\/p>\n<p>Ventura Properties \u00e4r ett familjef\u00f6retag och i deras filosofi innefattar att man tar hand om sina kunder p\u00e5 b\u00e4sta s\u00e4tt. Fr\u00e5n det att ni g\u00e5r in p\u00e5 deras kontor tills dess ni slutf\u00f6rt alla handlingar f\u00f6r ert nya underbara hem, arbetar detta f\u00f6retag oavbrutet f\u00f6r att ni skall f\u00e5 en smidig erfarenhet till den perfekta aff\u00e4rsupplevelsen.<\/p>\n<p>Maxim och Elena har b\u00e5de stor kunskap fr\u00e5n turistsektorn innan de b\u00f6rjade sin karri\u00e4r i fastighetsbranschen. De vet vad som kr\u00e4vs f\u00f6r en perfekt semester och de har m\u00e5nga bra kontakter i den viktiga serviceindustrin f\u00f6r att se till att ni f\u00e5r den mest angen\u00e4ma vistelsen h\u00e4r p\u00e5 Solkusten. Marbella \u00e4r en unik stad i Europa d\u00e4r ber\u00f6mda och f\u00f6rm\u00f6gna g\u00e4rna tillbringar avkopplande vistelser.<\/p>\n<p>Marbella kan d\u00e4rf\u00f6r erbjuda mera av lyxiga restauranger, m\u00e4rkesbutiker, kulturevenemang och fina skolor \u00e4n de flesta storst\u00e4der i Europa. Medan Europa nyligen genomgick ekonomisk instabilitet, fortsatte Puerto Ban\u00fas att frodas vilket g\u00f6r platsen till ett idealiskt val f\u00f6r er som s\u00f6ker en bra investeringsm\u00f6jlighet. Faktum \u00e4r att fastigheter \u00e4r en av de s\u00e4kraste investeringarna och det finns m\u00e5nga faktorer som pekar just p\u00e5 den spanska marknaden.<\/p>\n<p>Om ni s\u00f6ker en investering eller vill hitta er dr\u00f6mbostad, Ventura Properties h\u00e4lsar er hj\u00e4rtligt v\u00e4lkomna med en \u00f6ppen inbjudan till kontoret i Puerto Ban\u00fas. Adressen \u00e4r Jardines del Puerto lokal 7 B. Tel 952 811 488  www.vpsrealty.com<\/p>\n","protected":false},"excerpt":{"rendered":"<p>Med ett kontor i v\u00e4lk\u00e4nda Puerto Ban\u00fas, har Ventura Properties etablerat sig som en av de b\u00e4sta fastighetsm\u00e4klarna p\u00e5 Costa del Sol. Direkt\u00f6rerna Maxim Kulyukin och Elena Andreeva har n\u00e4rmare 20 \u00e5rs erfarenhet av den spanska marknaden och dess fastighetslagar. Under \u00e5rens lopp har de hj\u00e4lpt m\u00e5nga kunder fr\u00e5n alla v\u00e4rldens h\u00f6rn att hitta en [&hellip;]<\/p>\n","protected":false},"author":8,"featured_media":5250,"comment_status":"open","ping_status":"open","sticky":false,"template":"","format":"standard","meta":{"_et_pb_use_builder":"","_et_pb_old_content":"","_et_gb_content_width":"","footnotes":""},"categories":[396,4],"tags":[],"class_list":["post-5249","post","type-post","status-publish","format-standard","has-post-thumbnail","hentry","category-arkiv-artiklar","category-artiklar"],"yoast_head":"<!-- This site is optimized with the Yoast SEO Premium plugin v26.2 (Yoast SEO v27.4) - https:\/\/yoast.com\/product\/yoast-seo-premium-wordpress\/ -->\n<title>Ventura Properties hj\u00e4lper dig investera - Svenska Magasinet<\/title>\n<meta name=\"robots\" content=\"noindex, follow, max-snippet:-1, max-image-preview:large, max-video-preview:-1\" \/>\n<meta property=\"og:locale\" content=\"sv_SE\" \/>\n<meta property=\"og:type\" content=\"article\" \/>\n<meta property=\"og:title\" content=\"Ventura Properties hj\u00e4lper dig investera\" \/>\n<meta property=\"og:description\" content=\"Med ett kontor i v\u00e4lk\u00e4nda Puerto Ban\u00fas, har Ventura Properties etablerat sig som en av de b\u00e4sta fastighetsm\u00e4klarna p\u00e5 Costa del Sol. Direkt\u00f6rerna Maxim Kulyukin och Elena Andreeva har n\u00e4rmare 20 \u00e5rs erfarenhet av den spanska marknaden och dess fastighetslagar. Under \u00e5rens lopp har de hj\u00e4lpt m\u00e5nga kunder fr\u00e5n alla v\u00e4rldens h\u00f6rn att hitta en [&hellip;]\" \/>\n<meta property=\"og:url\" content=\"https:\/\/lightweb.dev\/l\/svm-temp\/artiklar\/ventura-properties-hjalper-dig-investera\/\" \/>\n<meta property=\"og:site_name\" content=\"Svenska Magasinet\" \/>\n<meta property=\"article:publisher\" content=\"https:\/\/www.facebook.com\/svenskamagasinet\" \/>\n<meta property=\"article:published_time\" content=\"2015-01-12T23:00:00+00:00\" \/>\n<meta property=\"og:image\" content=\"https:\/\/lightweb.dev\/l\/svm-temp\/wp-content\/uploads\/2022\/04\/ventura-properties-hjlper-dig-investera.png\" \/>\n\t<meta property=\"og:image:width\" content=\"300\" \/>\n\t<meta property=\"og:image:height\" content=\"200\" \/>\n\t<meta property=\"og:image:type\" content=\"image\/png\" \/>\n<meta name=\"author\" content=\"Redaktionen SvM\" \/>\n<meta name=\"twitter:card\" content=\"summary_large_image\" \/>\n<meta name=\"twitter:creator\" content=\"@SvenskaMagasine\" \/>\n<meta name=\"twitter:site\" content=\"@SvenskaMagasine\" \/>\n<script type=\"application\/ld+json\" class=\"yoast-schema-graph\">{\"@context\":\"https:\\\/\\\/schema.org\",\"@graph\":[{\"@type\":\"Article\",\"@id\":\"https:\\\/\\\/lightweb.dev\\\/l\\\/svm-temp\\\/artiklar\\\/ventura-properties-hjalper-dig-investera\\\/#article\",\"isPartOf\":{\"@id\":\"https:\\\/\\\/lightweb.dev\\\/l\\\/svm-temp\\\/artiklar\\\/ventura-properties-hjalper-dig-investera\\\/\"},\"author\":{\"name\":\"Redaktionen SvM\",\"@id\":\"https:\\\/\\\/lightweb.dev\\\/l\\\/svm-temp\\\/#\\\/schema\\\/person\\\/206a3bda5b607b0c25e1749191e4d837\"},\"headline\":\"Ventura Properties hj\u00e4lper dig investera\",\"datePublished\":\"2015-01-12T23:00:00+00:00\",\"mainEntityOfPage\":{\"@id\":\"https:\\\/\\\/lightweb.dev\\\/l\\\/svm-temp\\\/artiklar\\\/ventura-properties-hjalper-dig-investera\\\/\"},\"wordCount\":366,\"commentCount\":0,\"publisher\":{\"@id\":\"https:\\\/\\\/lightweb.dev\\\/l\\\/svm-temp\\\/#organization\"},\"image\":{\"@id\":\"https:\\\/\\\/lightweb.dev\\\/l\\\/svm-temp\\\/artiklar\\\/ventura-properties-hjalper-dig-investera\\\/#primaryimage\"},\"thumbnailUrl\":\"https:\\\/\\\/lightweb.dev\\\/l\\\/svm-temp\\\/wp-content\\\/uploads\\\/2022\\\/04\\\/ventura-properties-hjlper-dig-investera.png\",\"articleSection\":[\"Arkiv\",\"Artiklar\"],\"inLanguage\":\"sv-SE\"},{\"@type\":\"WebPage\",\"@id\":\"https:\\\/\\\/lightweb.dev\\\/l\\\/svm-temp\\\/artiklar\\\/ventura-properties-hjalper-dig-investera\\\/\",\"url\":\"https:\\\/\\\/lightweb.dev\\\/l\\\/svm-temp\\\/artiklar\\\/ventura-properties-hjalper-dig-investera\\\/\",\"name\":\"Ventura Properties hj\u00e4lper dig investera - Svenska Magasinet\",\"isPartOf\":{\"@id\":\"https:\\\/\\\/lightweb.dev\\\/l\\\/svm-temp\\\/#website\"},\"primaryImageOfPage\":{\"@id\":\"https:\\\/\\\/lightweb.dev\\\/l\\\/svm-temp\\\/artiklar\\\/ventura-properties-hjalper-dig-investera\\\/#primaryimage\"},\"image\":{\"@id\":\"https:\\\/\\\/lightweb.dev\\\/l\\\/svm-temp\\\/artiklar\\\/ventura-properties-hjalper-dig-investera\\\/#primaryimage\"},\"thumbnailUrl\":\"https:\\\/\\\/lightweb.dev\\\/l\\\/svm-temp\\\/wp-content\\\/uploads\\\/2022\\\/04\\\/ventura-properties-hjlper-dig-investera.png\",\"datePublished\":\"2015-01-12T23:00:00+00:00\",\"breadcrumb\":{\"@id\":\"https:\\\/\\\/lightweb.dev\\\/l\\\/svm-temp\\\/artiklar\\\/ventura-properties-hjalper-dig-investera\\\/#breadcrumb\"},\"inLanguage\":\"sv-SE\",\"potentialAction\":[{\"@type\":\"ReadAction\",\"target\":[\"https:\\\/\\\/lightweb.dev\\\/l\\\/svm-temp\\\/artiklar\\\/ventura-properties-hjalper-dig-investera\\\/\"]}]},{\"@type\":\"ImageObject\",\"inLanguage\":\"sv-SE\",\"@id\":\"https:\\\/\\\/lightweb.dev\\\/l\\\/svm-temp\\\/artiklar\\\/ventura-properties-hjalper-dig-investera\\\/#primaryimage\",\"url\":\"https:\\\/\\\/lightweb.dev\\\/l\\\/svm-temp\\\/wp-content\\\/uploads\\\/2022\\\/04\\\/ventura-properties-hjlper-dig-investera.png\",\"contentUrl\":\"https:\\\/\\\/lightweb.dev\\\/l\\\/svm-temp\\\/wp-content\\\/uploads\\\/2022\\\/04\\\/ventura-properties-hjlper-dig-investera.png\",\"width\":300,\"height\":200},{\"@type\":\"BreadcrumbList\",\"@id\":\"https:\\\/\\\/lightweb.dev\\\/l\\\/svm-temp\\\/artiklar\\\/ventura-properties-hjalper-dig-investera\\\/#breadcrumb\",\"itemListElement\":[{\"@type\":\"ListItem\",\"position\":1,\"name\":\"Hem\",\"item\":\"https:\\\/\\\/lightweb.dev\\\/l\\\/svm-temp\\\/\"},{\"@type\":\"ListItem\",\"position\":2,\"name\":\"Ventura Properties hj\u00e4lper dig investera\"}]},{\"@type\":\"WebSite\",\"@id\":\"https:\\\/\\\/lightweb.dev\\\/l\\\/svm-temp\\\/#website\",\"url\":\"https:\\\/\\\/lightweb.dev\\\/l\\\/svm-temp\\\/\",\"name\":\"Svenska Magasinet\",\"description\":\"Dina Spanska nyheter p&aring; Svenska\",\"publisher\":{\"@id\":\"https:\\\/\\\/lightweb.dev\\\/l\\\/svm-temp\\\/#organization\"},\"potentialAction\":[{\"@type\":\"SearchAction\",\"target\":{\"@type\":\"EntryPoint\",\"urlTemplate\":\"https:\\\/\\\/lightweb.dev\\\/l\\\/svm-temp\\\/?s={search_term_string}\"},\"query-input\":{\"@type\":\"PropertyValueSpecification\",\"valueRequired\":true,\"valueName\":\"search_term_string\"}}],\"inLanguage\":\"sv-SE\"},{\"@type\":\"Organization\",\"@id\":\"https:\\\/\\\/lightweb.dev\\\/l\\\/svm-temp\\\/#organization\",\"name\":\"Melkerson y Nott SL\",\"alternateName\":\"Svenska Magasinet\",\"url\":\"https:\\\/\\\/lightweb.dev\\\/l\\\/svm-temp\\\/\",\"logo\":{\"@type\":\"ImageObject\",\"inLanguage\":\"sv-SE\",\"@id\":\"https:\\\/\\\/lightweb.dev\\\/l\\\/svm-temp\\\/#\\\/schema\\\/logo\\\/image\\\/\",\"url\":\"https:\\\/\\\/lightweb.dev\\\/l\\\/svm-temp\\\/wp-content\\\/uploads\\\/2025\\\/02\\\/SvM-logo-Xtra-Centrerad-SVART.png\",\"contentUrl\":\"https:\\\/\\\/lightweb.dev\\\/l\\\/svm-temp\\\/wp-content\\\/uploads\\\/2025\\\/02\\\/SvM-logo-Xtra-Centrerad-SVART.png\",\"width\":300,\"height\":99,\"caption\":\"Melkerson y Nott SL\"},\"image\":{\"@id\":\"https:\\\/\\\/lightweb.dev\\\/l\\\/svm-temp\\\/#\\\/schema\\\/logo\\\/image\\\/\"},\"sameAs\":[\"https:\\\/\\\/www.facebook.com\\\/svenskamagasinet\",\"https:\\\/\\\/x.com\\\/SvenskaMagasine\"]},{\"@type\":\"Person\",\"@id\":\"https:\\\/\\\/lightweb.dev\\\/l\\\/svm-temp\\\/#\\\/schema\\\/person\\\/206a3bda5b607b0c25e1749191e4d837\",\"name\":\"Redaktionen SvM\",\"description\":\"Redaktionen\",\"sameAs\":[\"https:\\\/\\\/lightweb.dev\\\/l\\\/svm-temp\"],\"url\":\"https:\\\/\\\/lightweb.dev\\\/l\\\/svm-temp\\\/reporter\\\/redaktionen\\\/\"}]}<\/script>\n<!-- \/ Yoast SEO Premium plugin. -->","yoast_head_json":{"title":"Ventura Properties hj\u00e4lper dig investera - Svenska Magasinet","robots":{"index":"noindex","follow":"follow","max-snippet":"max-snippet:-1","max-image-preview":"max-image-preview:large","max-video-preview":"max-video-preview:-1"},"og_locale":"sv_SE","og_type":"article","og_title":"Ventura Properties hj\u00e4lper dig investera","og_description":"Med ett kontor i v\u00e4lk\u00e4nda Puerto Ban\u00fas, har Ventura Properties etablerat sig som en av de b\u00e4sta fastighetsm\u00e4klarna p\u00e5 Costa del Sol. Direkt\u00f6rerna Maxim Kulyukin och Elena Andreeva har n\u00e4rmare 20 \u00e5rs erfarenhet av den spanska marknaden och dess fastighetslagar. Under \u00e5rens lopp har de hj\u00e4lpt m\u00e5nga kunder fr\u00e5n alla v\u00e4rldens h\u00f6rn att hitta en [&hellip;]","og_url":"https:\/\/lightweb.dev\/l\/svm-temp\/artiklar\/ventura-properties-hjalper-dig-investera\/","og_site_name":"Svenska Magasinet","article_publisher":"https:\/\/www.facebook.com\/svenskamagasinet","article_published_time":"2015-01-12T23:00:00+00:00","og_image":[{"width":300,"height":200,"url":"https:\/\/lightweb.dev\/l\/svm-temp\/wp-content\/uploads\/2022\/04\/ventura-properties-hjlper-dig-investera.png","type":"image\/png"}],"author":"Redaktionen SvM","twitter_card":"summary_large_image","twitter_creator":"@SvenskaMagasine","twitter_site":"@SvenskaMagasine","schema":{"@context":"https:\/\/schema.org","@graph":[{"@type":"Article","@id":"https:\/\/lightweb.dev\/l\/svm-temp\/artiklar\/ventura-properties-hjalper-dig-investera\/#article","isPartOf":{"@id":"https:\/\/lightweb.dev\/l\/svm-temp\/artiklar\/ventura-properties-hjalper-dig-investera\/"},"author":{"name":"Redaktionen SvM","@id":"https:\/\/lightweb.dev\/l\/svm-temp\/#\/schema\/person\/206a3bda5b607b0c25e1749191e4d837"},"headline":"Ventura Properties hj\u00e4lper dig investera","datePublished":"2015-01-12T23:00:00+00:00","mainEntityOfPage":{"@id":"https:\/\/lightweb.dev\/l\/svm-temp\/artiklar\/ventura-properties-hjalper-dig-investera\/"},"wordCount":366,"commentCount":0,"publisher":{"@id":"https:\/\/lightweb.dev\/l\/svm-temp\/#organization"},"image":{"@id":"https:\/\/lightweb.dev\/l\/svm-temp\/artiklar\/ventura-properties-hjalper-dig-investera\/#primaryimage"},"thumbnailUrl":"https:\/\/lightweb.dev\/l\/svm-temp\/wp-content\/uploads\/2022\/04\/ventura-properties-hjlper-dig-investera.png","articleSection":["Arkiv","Artiklar"],"inLanguage":"sv-SE"},{"@type":"WebPage","@id":"https:\/\/lightweb.dev\/l\/svm-temp\/artiklar\/ventura-properties-hjalper-dig-investera\/","url":"https:\/\/lightweb.dev\/l\/svm-temp\/artiklar\/ventura-properties-hjalper-dig-investera\/","name":"Ventura Properties hj\u00e4lper dig investera - Svenska Magasinet","isPartOf":{"@id":"https:\/\/lightweb.dev\/l\/svm-temp\/#website"},"primaryImageOfPage":{"@id":"https:\/\/lightweb.dev\/l\/svm-temp\/artiklar\/ventura-properties-hjalper-dig-investera\/#primaryimage"},"image":{"@id":"https:\/\/lightweb.dev\/l\/svm-temp\/artiklar\/ventura-properties-hjalper-dig-investera\/#primaryimage"},"thumbnailUrl":"https:\/\/lightweb.dev\/l\/svm-temp\/wp-content\/uploads\/2022\/04\/ventura-properties-hjlper-dig-investera.png","datePublished":"2015-01-12T23:00:00+00:00","breadcrumb":{"@id":"https:\/\/lightweb.dev\/l\/svm-temp\/artiklar\/ventura-properties-hjalper-dig-investera\/#breadcrumb"},"inLanguage":"sv-SE","potentialAction":[{"@type":"ReadAction","target":["https:\/\/lightweb.dev\/l\/svm-temp\/artiklar\/ventura-properties-hjalper-dig-investera\/"]}]},{"@type":"ImageObject","inLanguage":"sv-SE","@id":"https:\/\/lightweb.dev\/l\/svm-temp\/artiklar\/ventura-properties-hjalper-dig-investera\/#primaryimage","url":"https:\/\/lightweb.dev\/l\/svm-temp\/wp-content\/uploads\/2022\/04\/ventura-properties-hjlper-dig-investera.png","contentUrl":"https:\/\/lightweb.dev\/l\/svm-temp\/wp-content\/uploads\/2022\/04\/ventura-properties-hjlper-dig-investera.png","width":300,"height":200},{"@type":"BreadcrumbList","@id":"https:\/\/lightweb.dev\/l\/svm-temp\/artiklar\/ventura-properties-hjalper-dig-investera\/#breadcrumb","itemListElement":[{"@type":"ListItem","position":1,"name":"Hem","item":"https:\/\/lightweb.dev\/l\/svm-temp\/"},{"@type":"ListItem","position":2,"name":"Ventura Properties hj\u00e4lper dig investera"}]},{"@type":"WebSite","@id":"https:\/\/lightweb.dev\/l\/svm-temp\/#website","url":"https:\/\/lightweb.dev\/l\/svm-temp\/","name":"Svenska Magasinet","description":"Dina Spanska nyheter p&aring; Svenska","publisher":{"@id":"https:\/\/lightweb.dev\/l\/svm-temp\/#organization"},"potentialAction":[{"@type":"SearchAction","target":{"@type":"EntryPoint","urlTemplate":"https:\/\/lightweb.dev\/l\/svm-temp\/?s={search_term_string}"},"query-input":{"@type":"PropertyValueSpecification","valueRequired":true,"valueName":"search_term_string"}}],"inLanguage":"sv-SE"},{"@type":"Organization","@id":"https:\/\/lightweb.dev\/l\/svm-temp\/#organization","name":"Melkerson y Nott SL","alternateName":"Svenska Magasinet","url":"https:\/\/lightweb.dev\/l\/svm-temp\/","logo":{"@type":"ImageObject","inLanguage":"sv-SE","@id":"https:\/\/lightweb.dev\/l\/svm-temp\/#\/schema\/logo\/image\/","url":"https:\/\/lightweb.dev\/l\/svm-temp\/wp-content\/uploads\/2025\/02\/SvM-logo-Xtra-Centrerad-SVART.png","contentUrl":"https:\/\/lightweb.dev\/l\/svm-temp\/wp-content\/uploads\/2025\/02\/SvM-logo-Xtra-Centrerad-SVART.png","width":300,"height":99,"caption":"Melkerson y Nott SL"},"image":{"@id":"https:\/\/lightweb.dev\/l\/svm-temp\/#\/schema\/logo\/image\/"},"sameAs":["https:\/\/www.facebook.com\/svenskamagasinet","https:\/\/x.com\/SvenskaMagasine"]},{"@type":"Person","@id":"https:\/\/lightweb.dev\/l\/svm-temp\/#\/schema\/person\/206a3bda5b607b0c25e1749191e4d837","name":"Redaktionen SvM","description":"Redaktionen","sameAs":["https:\/\/lightweb.dev\/l\/svm-temp"],"url":"https:\/\/lightweb.dev\/l\/svm-temp\/reporter\/redaktionen\/"}]}},"_links":{"self":[{"href":"https:\/\/lightweb.dev\/l\/svm-temp\/wp-json\/wp\/v2\/posts\/5249","targetHints":{"allow":["GET"]}}],"collection":[{"href":"https:\/\/lightweb.dev\/l\/svm-temp\/wp-json\/wp\/v2\/posts"}],"about":[{"href":"https:\/\/lightweb.dev\/l\/svm-temp\/wp-json\/wp\/v2\/types\/post"}],"author":[{"embeddable":true,"href":"https:\/\/lightweb.dev\/l\/svm-temp\/wp-json\/wp\/v2\/users\/8"}],"replies":[{"embeddable":true,"href":"https:\/\/lightweb.dev\/l\/svm-temp\/wp-json\/wp\/v2\/comments?post=5249"}],"version-history":[{"count":0,"href":"https:\/\/lightweb.dev\/l\/svm-temp\/wp-json\/wp\/v2\/posts\/5249\/revisions"}],"wp:featuredmedia":[{"embeddable":true,"href":"https:\/\/lightweb.dev\/l\/svm-temp\/wp-json\/wp\/v2\/media\/5250"}],"wp:attachment":[{"href":"https:\/\/lightweb.dev\/l\/svm-temp\/wp-json\/wp\/v2\/media?parent=5249"}],"wp:term":[{"taxonomy":"category","embeddable":true,"href":"https:\/\/lightweb.dev\/l\/svm-temp\/wp-json\/wp\/v2\/categories?post=5249"},{"taxonomy":"post_tag","embeddable":true,"href":"https:\/\/lightweb.dev\/l\/svm-temp\/wp-json\/wp\/v2\/tags?post=5249"}],"curies":[{"name":"wp","href":"https:\/\/api.w.org\/{rel}","templated":true}]}}