{"id":5257,"date":"2015-01-13T00:00:00","date_gmt":"2015-01-12T23:00:00","guid":{"rendered":"https:\/\/lightweb.dev\/l\/svm-temp\/marknadsobservation-andrat-fokus\/"},"modified":"2015-01-13T00:00:00","modified_gmt":"2015-01-12T23:00:00","slug":"marknadsobservation-andrat-fokus","status":"publish","type":"post","link":"https:\/\/lightweb.dev\/l\/svm-temp\/artiklar\/marknadsobservation-andrat-fokus\/","title":{"rendered":"Marknadsobservation &#8211; \u00c4ndrat fokus"},"content":{"rendered":"<p> I \u00c5RETS F\u00d6RSTA marknadsobservation vill jag fokusera p\u00e5 ECB:s penningpolitik och vad fullskaliga kvantitativa l\u00e4ttnader fr\u00e5n ECB sannolikt kommer att leda till. Av Ruben Larsen, Haga Kapital<br \/>\ne-post: ruben@hagakapital.se, +34 616 854 498<\/p>\n<p>Under h\u00f6sten 2014 har Mario Draghi mycket tydligt \u00e4ndrat sitt fokus till att omfatta en mer expansiv penningpolitik f\u00f6r att n\u00e5 inflationsm\u00e5let p\u00e5 2 %. I en intervju med den tyska tidningen Handelsblatt den 2 januari sa Mario att ECB \u00e4r redo att agera, om n\u00f6dv\u00e4ndigt, vid m\u00f6tet den 22 januari f\u00f6r att<br \/>\nbek\u00e4mpa deflationshotet. Vidare utryckte Mario att risken f\u00f6r att ECB inte klarar av m\u00e5let om prisstabilitet \u00e4r h\u00f6gre nu \u00e4n f\u00f6r sex m\u00e5nader sedan. Vidare n\u00e4mnde han att ECB arbetar med n\u00f6dv\u00e4ndiga tekniska f\u00f6rberedelser kring storleken, hastigheten och kompositionen av st\u00f6dk\u00f6p.<\/p>\n<p>Ett av sk\u00e4len till l\u00e5g inflation i eurozonen kan tillskrivas kvantitativa l\u00e4ttnader i USA, Japan och England. Enkelt f\u00f6rklarat s\u00e5 \u00e4r effekten av en \u00f6kad penningm\u00e4ngd i USA en svagare dollar mot euro vilket leder till l\u00e4gre priser p\u00e5 importerade varor. I f\u00f6rl\u00e4ngningen leder detta till att priserna p\u00e5 varor producerade i Europa f\u00f6r europeisk konsumtion m\u00e5ste s\u00e4nkas f\u00f6r att kunna konkurrera med billigare importvaror.<\/p>\n<p>Syftet med kvantitativa l\u00e4ttnader fr\u00e5n ECB blir d\u00e5 att f\u00f6rsvaga eurons v\u00e4xelkurs mot Europas handelspartners. Detta kommer att motverka att Europas handelspartners genom kvantitativa l\u00e4ttnader exporterar l\u00e5g inflation till Europa.<\/p>\n<p>Tyskland har argumenterat f\u00f6r att st\u00f6dk\u00f6p av statsobligationer utgivna av olika europeiska medlemsstater \u00e4r f\u00f6rt\u00e4ckt finanspolitik som inte omfattas av ECB:s mandat att bedriva penningpolitik. Denna kritik har under senaste \u00e5ret tonats ned och p\u00e5 en direkt fr\u00e5ga vid ECB:s senaste presskonferens svarade Mario att ECB inte agerar utan legalt st\u00f6d. Vid denna presskonferens n\u00e4mnde han \u00e4ven att guld \u00e4r det enda tillg\u00e5ngsslaget ECB inte \u00f6verv\u00e4ger att k\u00f6pa.<\/p>\n<p>K\u00f6p av statsobligationer utgivna av eurozonens medlemsstater \u00e4r dock inte helt oproblematiskt. Kompositionen av k\u00f6pen och vilka medlemsstaters statsskuld ECB ska fokusera p\u00e5 \u00e4r inte helt<br \/>\nsj\u00e4lvklart. Effekterna p\u00e5 medlemsstaternas uppl\u00e5ningskostnad kommer med all sannolikhet att vara st\u00f6rst i l\u00e4nder med h\u00f6ga r\u00e4nteniv\u00e5er. L\u00e4gre r\u00e4ntekostnader p\u00e5 statskulden ger i sin tur b\u00e4ttre f\u00f6ruts\u00e4ttningar att n\u00e5 budgetm\u00e5len.<\/p>\n<p>En svagare euro kommer lyfta exporten och ge ett positivt bidrag till BNP-tillv\u00e4xten. St\u00f6rst v\u00e4ntas effekten bli i de medlemsstater d\u00e4r exporten utg\u00f6r en st\u00f6rre del av ekonomin. F\u00f6r utl\u00e4ndska investerare kommer en svagare euro, l\u00e4gre produktionskostnader och stabilare statsfinanser g\u00f6ra det mer attraktivt att investera i eurozonen.<\/p>\n<p>Kvantitativa l\u00e4ttnader i samband med finanspolitiska \u00f6vningar som strukturella reformer, \u00f6kade statliga investeringar och ett varmare klimat p\u00e5 kreditmarknaden kommer sannolikt att bidra till en \u00f6kad BNP tillv\u00e4xt. L\u00e4gre bor\u00e4ntor och billigare resor till och fr\u00e5n bensinmacken ger \u00e4ven st\u00f6rre utrymme i hush\u00e5llens konsumtionsf\u00f6rm\u00e5ga.<\/p>\n<p>Summan av kardemumman \u00e4r goda f\u00f6ruts\u00e4ttningar f\u00f6r europeiska aktier de n\u00e4rmaste tre \u00e5ren. \u00d6kad likviditet, relativt l\u00e5ga P\/E tal och avsaknad av r\u00e4ntor i Europa kommer att inflatera aktiemarknaden. St\u00f6rst kursr\u00f6relser ser vi sannolikt i de sydeuropeiska l\u00e4nderna och framf\u00f6r allt Spanien och Portugal.<\/p>\n","protected":false},"excerpt":{"rendered":"<p>I \u00c5RETS F\u00d6RSTA marknadsobservation vill jag fokusera p\u00e5 ECB:s penningpolitik och vad fullskaliga kvantitativa l\u00e4ttnader fr\u00e5n ECB sannolikt kommer att leda till. Av Ruben Larsen, Haga Kapital e-post: ruben@hagakapital.se, +34 616 854 498 Under h\u00f6sten 2014 har Mario Draghi mycket tydligt \u00e4ndrat sitt fokus till att omfatta en mer expansiv penningpolitik f\u00f6r att n\u00e5 inflationsm\u00e5let [&hellip;]<\/p>\n","protected":false},"author":8,"featured_media":5258,"comment_status":"open","ping_status":"open","sticky":false,"template":"","format":"standard","meta":{"_et_pb_use_builder":"","_et_pb_old_content":"","_et_gb_content_width":"","footnotes":""},"categories":[4,398],"tags":[],"class_list":["post-5257","post","type-post","status-publish","format-standard","has-post-thumbnail","hentry","category-artiklar","category-naringsliv"],"yoast_head":"<!-- This site is optimized with the Yoast SEO Premium plugin v26.2 (Yoast SEO v27.4) - https:\/\/yoast.com\/product\/yoast-seo-premium-wordpress\/ -->\n<title>Marknadsobservation - \u00c4ndrat fokus - Svenska Magasinet<\/title>\n<meta name=\"robots\" content=\"noindex, follow, max-snippet:-1, max-image-preview:large, max-video-preview:-1\" \/>\n<meta property=\"og:locale\" content=\"sv_SE\" \/>\n<meta property=\"og:type\" content=\"article\" \/>\n<meta property=\"og:title\" content=\"Marknadsobservation - \u00c4ndrat fokus\" \/>\n<meta property=\"og:description\" content=\"I \u00c5RETS F\u00d6RSTA marknadsobservation vill jag fokusera p\u00e5 ECB:s penningpolitik och vad fullskaliga kvantitativa l\u00e4ttnader fr\u00e5n ECB sannolikt kommer att leda till. Av Ruben Larsen, Haga Kapital e-post: ruben@hagakapital.se, +34 616 854 498 Under h\u00f6sten 2014 har Mario Draghi mycket tydligt \u00e4ndrat sitt fokus till att omfatta en mer expansiv penningpolitik f\u00f6r att n\u00e5 inflationsm\u00e5let [&hellip;]\" \/>\n<meta property=\"og:url\" content=\"https:\/\/lightweb.dev\/l\/svm-temp\/artiklar\/marknadsobservation-andrat-fokus\/\" \/>\n<meta property=\"og:site_name\" content=\"Svenska Magasinet\" \/>\n<meta property=\"article:publisher\" content=\"https:\/\/www.facebook.com\/svenskamagasinet\" \/>\n<meta property=\"article:published_time\" content=\"2015-01-12T23:00:00+00:00\" \/>\n<meta property=\"og:image\" content=\"https:\/\/lightweb.dev\/l\/svm-temp\/wp-content\/uploads\/2022\/04\/marknadsobservation-ndrat-fokus.png\" \/>\n\t<meta property=\"og:image:width\" content=\"356\" \/>\n\t<meta property=\"og:image:height\" content=\"200\" \/>\n\t<meta property=\"og:image:type\" content=\"image\/png\" \/>\n<meta name=\"author\" content=\"Redaktionen SvM\" \/>\n<meta name=\"twitter:card\" content=\"summary_large_image\" \/>\n<meta name=\"twitter:creator\" content=\"@SvenskaMagasine\" \/>\n<meta name=\"twitter:site\" content=\"@SvenskaMagasine\" \/>\n<script type=\"application\/ld+json\" class=\"yoast-schema-graph\">{\"@context\":\"https:\\\/\\\/schema.org\",\"@graph\":[{\"@type\":\"Article\",\"@id\":\"https:\\\/\\\/lightweb.dev\\\/l\\\/svm-temp\\\/artiklar\\\/marknadsobservation-andrat-fokus\\\/#article\",\"isPartOf\":{\"@id\":\"https:\\\/\\\/lightweb.dev\\\/l\\\/svm-temp\\\/artiklar\\\/marknadsobservation-andrat-fokus\\\/\"},\"author\":{\"name\":\"Redaktionen SvM\",\"@id\":\"https:\\\/\\\/lightweb.dev\\\/l\\\/svm-temp\\\/#\\\/schema\\\/person\\\/206a3bda5b607b0c25e1749191e4d837\"},\"headline\":\"Marknadsobservation &#8211; \u00c4ndrat fokus\",\"datePublished\":\"2015-01-12T23:00:00+00:00\",\"mainEntityOfPage\":{\"@id\":\"https:\\\/\\\/lightweb.dev\\\/l\\\/svm-temp\\\/artiklar\\\/marknadsobservation-andrat-fokus\\\/\"},\"wordCount\":578,\"commentCount\":0,\"publisher\":{\"@id\":\"https:\\\/\\\/lightweb.dev\\\/l\\\/svm-temp\\\/#organization\"},\"image\":{\"@id\":\"https:\\\/\\\/lightweb.dev\\\/l\\\/svm-temp\\\/artiklar\\\/marknadsobservation-andrat-fokus\\\/#primaryimage\"},\"thumbnailUrl\":\"https:\\\/\\\/lightweb.dev\\\/l\\\/svm-temp\\\/wp-content\\\/uploads\\\/2022\\\/04\\\/marknadsobservation-ndrat-fokus.png\",\"articleSection\":[\"Artiklar\",\"N\u00e4ringsliv\"],\"inLanguage\":\"sv-SE\"},{\"@type\":\"WebPage\",\"@id\":\"https:\\\/\\\/lightweb.dev\\\/l\\\/svm-temp\\\/artiklar\\\/marknadsobservation-andrat-fokus\\\/\",\"url\":\"https:\\\/\\\/lightweb.dev\\\/l\\\/svm-temp\\\/artiklar\\\/marknadsobservation-andrat-fokus\\\/\",\"name\":\"Marknadsobservation - \u00c4ndrat fokus - Svenska Magasinet\",\"isPartOf\":{\"@id\":\"https:\\\/\\\/lightweb.dev\\\/l\\\/svm-temp\\\/#website\"},\"primaryImageOfPage\":{\"@id\":\"https:\\\/\\\/lightweb.dev\\\/l\\\/svm-temp\\\/artiklar\\\/marknadsobservation-andrat-fokus\\\/#primaryimage\"},\"image\":{\"@id\":\"https:\\\/\\\/lightweb.dev\\\/l\\\/svm-temp\\\/artiklar\\\/marknadsobservation-andrat-fokus\\\/#primaryimage\"},\"thumbnailUrl\":\"https:\\\/\\\/lightweb.dev\\\/l\\\/svm-temp\\\/wp-content\\\/uploads\\\/2022\\\/04\\\/marknadsobservation-ndrat-fokus.png\",\"datePublished\":\"2015-01-12T23:00:00+00:00\",\"breadcrumb\":{\"@id\":\"https:\\\/\\\/lightweb.dev\\\/l\\\/svm-temp\\\/artiklar\\\/marknadsobservation-andrat-fokus\\\/#breadcrumb\"},\"inLanguage\":\"sv-SE\",\"potentialAction\":[{\"@type\":\"ReadAction\",\"target\":[\"https:\\\/\\\/lightweb.dev\\\/l\\\/svm-temp\\\/artiklar\\\/marknadsobservation-andrat-fokus\\\/\"]}]},{\"@type\":\"ImageObject\",\"inLanguage\":\"sv-SE\",\"@id\":\"https:\\\/\\\/lightweb.dev\\\/l\\\/svm-temp\\\/artiklar\\\/marknadsobservation-andrat-fokus\\\/#primaryimage\",\"url\":\"https:\\\/\\\/lightweb.dev\\\/l\\\/svm-temp\\\/wp-content\\\/uploads\\\/2022\\\/04\\\/marknadsobservation-ndrat-fokus.png\",\"contentUrl\":\"https:\\\/\\\/lightweb.dev\\\/l\\\/svm-temp\\\/wp-content\\\/uploads\\\/2022\\\/04\\\/marknadsobservation-ndrat-fokus.png\",\"width\":356,\"height\":200},{\"@type\":\"BreadcrumbList\",\"@id\":\"https:\\\/\\\/lightweb.dev\\\/l\\\/svm-temp\\\/artiklar\\\/marknadsobservation-andrat-fokus\\\/#breadcrumb\",\"itemListElement\":[{\"@type\":\"ListItem\",\"position\":1,\"name\":\"Hem\",\"item\":\"https:\\\/\\\/lightweb.dev\\\/l\\\/svm-temp\\\/\"},{\"@type\":\"ListItem\",\"position\":2,\"name\":\"Marknadsobservation &#8211; \u00c4ndrat fokus\"}]},{\"@type\":\"WebSite\",\"@id\":\"https:\\\/\\\/lightweb.dev\\\/l\\\/svm-temp\\\/#website\",\"url\":\"https:\\\/\\\/lightweb.dev\\\/l\\\/svm-temp\\\/\",\"name\":\"Svenska Magasinet\",\"description\":\"Dina Spanska nyheter p&aring; Svenska\",\"publisher\":{\"@id\":\"https:\\\/\\\/lightweb.dev\\\/l\\\/svm-temp\\\/#organization\"},\"potentialAction\":[{\"@type\":\"SearchAction\",\"target\":{\"@type\":\"EntryPoint\",\"urlTemplate\":\"https:\\\/\\\/lightweb.dev\\\/l\\\/svm-temp\\\/?s={search_term_string}\"},\"query-input\":{\"@type\":\"PropertyValueSpecification\",\"valueRequired\":true,\"valueName\":\"search_term_string\"}}],\"inLanguage\":\"sv-SE\"},{\"@type\":\"Organization\",\"@id\":\"https:\\\/\\\/lightweb.dev\\\/l\\\/svm-temp\\\/#organization\",\"name\":\"Melkerson y Nott SL\",\"alternateName\":\"Svenska Magasinet\",\"url\":\"https:\\\/\\\/lightweb.dev\\\/l\\\/svm-temp\\\/\",\"logo\":{\"@type\":\"ImageObject\",\"inLanguage\":\"sv-SE\",\"@id\":\"https:\\\/\\\/lightweb.dev\\\/l\\\/svm-temp\\\/#\\\/schema\\\/logo\\\/image\\\/\",\"url\":\"https:\\\/\\\/lightweb.dev\\\/l\\\/svm-temp\\\/wp-content\\\/uploads\\\/2025\\\/02\\\/SvM-logo-Xtra-Centrerad-SVART.png\",\"contentUrl\":\"https:\\\/\\\/lightweb.dev\\\/l\\\/svm-temp\\\/wp-content\\\/uploads\\\/2025\\\/02\\\/SvM-logo-Xtra-Centrerad-SVART.png\",\"width\":300,\"height\":99,\"caption\":\"Melkerson y Nott SL\"},\"image\":{\"@id\":\"https:\\\/\\\/lightweb.dev\\\/l\\\/svm-temp\\\/#\\\/schema\\\/logo\\\/image\\\/\"},\"sameAs\":[\"https:\\\/\\\/www.facebook.com\\\/svenskamagasinet\",\"https:\\\/\\\/x.com\\\/SvenskaMagasine\"]},{\"@type\":\"Person\",\"@id\":\"https:\\\/\\\/lightweb.dev\\\/l\\\/svm-temp\\\/#\\\/schema\\\/person\\\/206a3bda5b607b0c25e1749191e4d837\",\"name\":\"Redaktionen SvM\",\"description\":\"Redaktionen\",\"sameAs\":[\"https:\\\/\\\/lightweb.dev\\\/l\\\/svm-temp\"],\"url\":\"https:\\\/\\\/lightweb.dev\\\/l\\\/svm-temp\\\/reporter\\\/redaktionen\\\/\"}]}<\/script>\n<!-- \/ Yoast SEO Premium plugin. -->","yoast_head_json":{"title":"Marknadsobservation - \u00c4ndrat fokus - Svenska Magasinet","robots":{"index":"noindex","follow":"follow","max-snippet":"max-snippet:-1","max-image-preview":"max-image-preview:large","max-video-preview":"max-video-preview:-1"},"og_locale":"sv_SE","og_type":"article","og_title":"Marknadsobservation - \u00c4ndrat fokus","og_description":"I \u00c5RETS F\u00d6RSTA marknadsobservation vill jag fokusera p\u00e5 ECB:s penningpolitik och vad fullskaliga kvantitativa l\u00e4ttnader fr\u00e5n ECB sannolikt kommer att leda till. Av Ruben Larsen, Haga Kapital e-post: ruben@hagakapital.se, +34 616 854 498 Under h\u00f6sten 2014 har Mario Draghi mycket tydligt \u00e4ndrat sitt fokus till att omfatta en mer expansiv penningpolitik f\u00f6r att n\u00e5 inflationsm\u00e5let [&hellip;]","og_url":"https:\/\/lightweb.dev\/l\/svm-temp\/artiklar\/marknadsobservation-andrat-fokus\/","og_site_name":"Svenska Magasinet","article_publisher":"https:\/\/www.facebook.com\/svenskamagasinet","article_published_time":"2015-01-12T23:00:00+00:00","og_image":[{"width":356,"height":200,"url":"https:\/\/lightweb.dev\/l\/svm-temp\/wp-content\/uploads\/2022\/04\/marknadsobservation-ndrat-fokus.png","type":"image\/png"}],"author":"Redaktionen SvM","twitter_card":"summary_large_image","twitter_creator":"@SvenskaMagasine","twitter_site":"@SvenskaMagasine","schema":{"@context":"https:\/\/schema.org","@graph":[{"@type":"Article","@id":"https:\/\/lightweb.dev\/l\/svm-temp\/artiklar\/marknadsobservation-andrat-fokus\/#article","isPartOf":{"@id":"https:\/\/lightweb.dev\/l\/svm-temp\/artiklar\/marknadsobservation-andrat-fokus\/"},"author":{"name":"Redaktionen SvM","@id":"https:\/\/lightweb.dev\/l\/svm-temp\/#\/schema\/person\/206a3bda5b607b0c25e1749191e4d837"},"headline":"Marknadsobservation &#8211; \u00c4ndrat fokus","datePublished":"2015-01-12T23:00:00+00:00","mainEntityOfPage":{"@id":"https:\/\/lightweb.dev\/l\/svm-temp\/artiklar\/marknadsobservation-andrat-fokus\/"},"wordCount":578,"commentCount":0,"publisher":{"@id":"https:\/\/lightweb.dev\/l\/svm-temp\/#organization"},"image":{"@id":"https:\/\/lightweb.dev\/l\/svm-temp\/artiklar\/marknadsobservation-andrat-fokus\/#primaryimage"},"thumbnailUrl":"https:\/\/lightweb.dev\/l\/svm-temp\/wp-content\/uploads\/2022\/04\/marknadsobservation-ndrat-fokus.png","articleSection":["Artiklar","N\u00e4ringsliv"],"inLanguage":"sv-SE"},{"@type":"WebPage","@id":"https:\/\/lightweb.dev\/l\/svm-temp\/artiklar\/marknadsobservation-andrat-fokus\/","url":"https:\/\/lightweb.dev\/l\/svm-temp\/artiklar\/marknadsobservation-andrat-fokus\/","name":"Marknadsobservation - \u00c4ndrat fokus - Svenska Magasinet","isPartOf":{"@id":"https:\/\/lightweb.dev\/l\/svm-temp\/#website"},"primaryImageOfPage":{"@id":"https:\/\/lightweb.dev\/l\/svm-temp\/artiklar\/marknadsobservation-andrat-fokus\/#primaryimage"},"image":{"@id":"https:\/\/lightweb.dev\/l\/svm-temp\/artiklar\/marknadsobservation-andrat-fokus\/#primaryimage"},"thumbnailUrl":"https:\/\/lightweb.dev\/l\/svm-temp\/wp-content\/uploads\/2022\/04\/marknadsobservation-ndrat-fokus.png","datePublished":"2015-01-12T23:00:00+00:00","breadcrumb":{"@id":"https:\/\/lightweb.dev\/l\/svm-temp\/artiklar\/marknadsobservation-andrat-fokus\/#breadcrumb"},"inLanguage":"sv-SE","potentialAction":[{"@type":"ReadAction","target":["https:\/\/lightweb.dev\/l\/svm-temp\/artiklar\/marknadsobservation-andrat-fokus\/"]}]},{"@type":"ImageObject","inLanguage":"sv-SE","@id":"https:\/\/lightweb.dev\/l\/svm-temp\/artiklar\/marknadsobservation-andrat-fokus\/#primaryimage","url":"https:\/\/lightweb.dev\/l\/svm-temp\/wp-content\/uploads\/2022\/04\/marknadsobservation-ndrat-fokus.png","contentUrl":"https:\/\/lightweb.dev\/l\/svm-temp\/wp-content\/uploads\/2022\/04\/marknadsobservation-ndrat-fokus.png","width":356,"height":200},{"@type":"BreadcrumbList","@id":"https:\/\/lightweb.dev\/l\/svm-temp\/artiklar\/marknadsobservation-andrat-fokus\/#breadcrumb","itemListElement":[{"@type":"ListItem","position":1,"name":"Hem","item":"https:\/\/lightweb.dev\/l\/svm-temp\/"},{"@type":"ListItem","position":2,"name":"Marknadsobservation &#8211; \u00c4ndrat fokus"}]},{"@type":"WebSite","@id":"https:\/\/lightweb.dev\/l\/svm-temp\/#website","url":"https:\/\/lightweb.dev\/l\/svm-temp\/","name":"Svenska Magasinet","description":"Dina Spanska nyheter p&aring; Svenska","publisher":{"@id":"https:\/\/lightweb.dev\/l\/svm-temp\/#organization"},"potentialAction":[{"@type":"SearchAction","target":{"@type":"EntryPoint","urlTemplate":"https:\/\/lightweb.dev\/l\/svm-temp\/?s={search_term_string}"},"query-input":{"@type":"PropertyValueSpecification","valueRequired":true,"valueName":"search_term_string"}}],"inLanguage":"sv-SE"},{"@type":"Organization","@id":"https:\/\/lightweb.dev\/l\/svm-temp\/#organization","name":"Melkerson y Nott SL","alternateName":"Svenska Magasinet","url":"https:\/\/lightweb.dev\/l\/svm-temp\/","logo":{"@type":"ImageObject","inLanguage":"sv-SE","@id":"https:\/\/lightweb.dev\/l\/svm-temp\/#\/schema\/logo\/image\/","url":"https:\/\/lightweb.dev\/l\/svm-temp\/wp-content\/uploads\/2025\/02\/SvM-logo-Xtra-Centrerad-SVART.png","contentUrl":"https:\/\/lightweb.dev\/l\/svm-temp\/wp-content\/uploads\/2025\/02\/SvM-logo-Xtra-Centrerad-SVART.png","width":300,"height":99,"caption":"Melkerson y Nott SL"},"image":{"@id":"https:\/\/lightweb.dev\/l\/svm-temp\/#\/schema\/logo\/image\/"},"sameAs":["https:\/\/www.facebook.com\/svenskamagasinet","https:\/\/x.com\/SvenskaMagasine"]},{"@type":"Person","@id":"https:\/\/lightweb.dev\/l\/svm-temp\/#\/schema\/person\/206a3bda5b607b0c25e1749191e4d837","name":"Redaktionen SvM","description":"Redaktionen","sameAs":["https:\/\/lightweb.dev\/l\/svm-temp"],"url":"https:\/\/lightweb.dev\/l\/svm-temp\/reporter\/redaktionen\/"}]}},"_links":{"self":[{"href":"https:\/\/lightweb.dev\/l\/svm-temp\/wp-json\/wp\/v2\/posts\/5257","targetHints":{"allow":["GET"]}}],"collection":[{"href":"https:\/\/lightweb.dev\/l\/svm-temp\/wp-json\/wp\/v2\/posts"}],"about":[{"href":"https:\/\/lightweb.dev\/l\/svm-temp\/wp-json\/wp\/v2\/types\/post"}],"author":[{"embeddable":true,"href":"https:\/\/lightweb.dev\/l\/svm-temp\/wp-json\/wp\/v2\/users\/8"}],"replies":[{"embeddable":true,"href":"https:\/\/lightweb.dev\/l\/svm-temp\/wp-json\/wp\/v2\/comments?post=5257"}],"version-history":[{"count":0,"href":"https:\/\/lightweb.dev\/l\/svm-temp\/wp-json\/wp\/v2\/posts\/5257\/revisions"}],"wp:featuredmedia":[{"embeddable":true,"href":"https:\/\/lightweb.dev\/l\/svm-temp\/wp-json\/wp\/v2\/media\/5258"}],"wp:attachment":[{"href":"https:\/\/lightweb.dev\/l\/svm-temp\/wp-json\/wp\/v2\/media?parent=5257"}],"wp:term":[{"taxonomy":"category","embeddable":true,"href":"https:\/\/lightweb.dev\/l\/svm-temp\/wp-json\/wp\/v2\/categories?post=5257"},{"taxonomy":"post_tag","embeddable":true,"href":"https:\/\/lightweb.dev\/l\/svm-temp\/wp-json\/wp\/v2\/tags?post=5257"}],"curies":[{"name":"wp","href":"https:\/\/api.w.org\/{rel}","templated":true}]}}