{"id":5259,"date":"2015-01-13T00:00:00","date_gmt":"2015-01-12T23:00:00","guid":{"rendered":"https:\/\/lightweb.dev\/l\/svm-temp\/djurspalten-nu-ar-det-dags-igen-processionslarver\/"},"modified":"2015-01-13T00:00:00","modified_gmt":"2015-01-12T23:00:00","slug":"djurspalten-nu-ar-det-dags-igen-processionslarver","status":"publish","type":"post","link":"https:\/\/lightweb.dev\/l\/svm-temp\/artiklar\/djurspalten-nu-ar-det-dags-igen-processionslarver\/","title":{"rendered":"Djurspalten: Nu \u00e4r det dags igen: Processionslarver!"},"content":{"rendered":"<p> \u201dProcesionaria del pino\u201d kallas de p\u00e5 spanska och \u201cThaumetopoea pityocampa\u201d \u00e4r det latinska namnet. De finns i centrala Asien, Nord Afrika och s\u00f6dra Europa. I februari till mars \u00e4r det vanligt att man ser vita bomullsliknande tussar i pinjetr\u00e4den. Det \u00e4r bon d\u00e4r processionslarverna bor. D\u00e4rifr\u00e5n g\u00f6r de utflykter i l\u00e5nga processionerp\u00e5 marken och deras r\u00f6relser v\u00e4cker v\u00e5ra hundars nyfikenhet. Larverna \u00e4r sm\u00e5 35 cm l\u00e5nga och h\u00e5riga.<\/p>\n<p>H\u00e5ren har ett starkt gift som ger en omedelbar br\u00e4nnande reaktionf\u00f6ljd av en stark allergisk reaktion d\u00e4r<br \/>\nhundens tunga kan sv\u00e4lla upp till 3 ggr ochleda till d\u00f6den genom chock.<\/p>\n<p>Misst\u00e4nker ni att hunden r\u00f6rt vid en larv, sk\u00f6lj d\u00e5 omedelbart ur hundens mun med vatten och kontakta din<br \/>\nveterin\u00e4r. En smittad hund avs\u00f6ndrar onormalt mycket saliv. Var f\u00f6rsiktig och skydda dina h\u00e4nder f\u00f6r giftet ger \u00e4ven m\u00e4nniskan obehagliga allergiska reaktioner och hudirritationer.<\/p>\n<p>De hundar som \u00f6verlever den f\u00f6rsta krisen f\u00e5r senare en inflammation p\u00e5 tungan och eventuellti svalget. Efter en tid uppst\u00e5r kallbrand och hunden kan f\u00f6rlora delar av tungan.<\/p>\n<p>Larverna kan vara aktiva fram till maj beroende p\u00e5 v\u00e4dret. D\u00e4refter gr\u00e4ver de ner sig i jorden och utvecklas<br \/>\ntill malfj\u00e4rilar. Senare p\u00e5 sommaren flyger de ut, hittar en partner och letar upp ett l\u00e4mpligt tr\u00e4d att l\u00e4gga sina \u00e4gg.<\/p>\n<p>D\u00e4rf\u00f6r \u00e4r det l\u00e4mpligt att behandla sina pinjetr\u00e4d p\u00e5 sensommaren. Kontrollera alltid pinjetr\u00e4d och undvik<br \/>\natt rasta hunden just d\u00e4r, om ni ser bomullstussar i tr\u00e4den. P\u00e5 allm\u00e4nna platser \u00e4r kommunen skyldig att behandla och ta bort dessa bon. Beh\u00f6ver ni hj\u00e4lp med att behandla era tr\u00e4d s\u00e5 anlita professionell hj\u00e4lp.<\/p>\n<p>Av Nazli Pointer Veterinary Clinic, Tel 952 804 165 info@pointerclinic.com Du hittar kliniken vid Rio El Padron, strax \u00f6ster om Estepona och n\u00e4ra ridskolan.<br \/>\nVi pratar svenska!<\/p>\n","protected":false},"excerpt":{"rendered":"<p>\u201dProcesionaria del pino\u201d kallas de p\u00e5 spanska och \u201cThaumetopoea pityocampa\u201d \u00e4r det latinska namnet. De finns i centrala Asien, Nord Afrika och s\u00f6dra Europa. I februari till mars \u00e4r det vanligt att man ser vita bomullsliknande tussar i pinjetr\u00e4den. Det \u00e4r bon d\u00e4r processionslarverna bor. D\u00e4rifr\u00e5n g\u00f6r de utflykter i l\u00e5nga processionerp\u00e5 marken och deras [&hellip;]<\/p>\n","protected":false},"author":8,"featured_media":5260,"comment_status":"open","ping_status":"open","sticky":false,"template":"","format":"standard","meta":{"_et_pb_use_builder":"","_et_pb_old_content":"","_et_gb_content_width":"","footnotes":""},"categories":[396,4],"tags":[],"class_list":["post-5259","post","type-post","status-publish","format-standard","has-post-thumbnail","hentry","category-arkiv-artiklar","category-artiklar"],"yoast_head":"<!-- This site is optimized with the Yoast SEO Premium plugin v26.2 (Yoast SEO v27.4) - https:\/\/yoast.com\/product\/yoast-seo-premium-wordpress\/ -->\n<title>Djurspalten: Nu \u00e4r det dags igen: Processionslarver! - Svenska Magasinet<\/title>\n<meta name=\"robots\" content=\"noindex, follow, max-snippet:-1, max-image-preview:large, max-video-preview:-1\" \/>\n<meta property=\"og:locale\" content=\"sv_SE\" \/>\n<meta property=\"og:type\" content=\"article\" \/>\n<meta property=\"og:title\" content=\"Djurspalten: Nu \u00e4r det dags igen: Processionslarver!\" \/>\n<meta property=\"og:description\" content=\"\u201dProcesionaria del pino\u201d kallas de p\u00e5 spanska och \u201cThaumetopoea pityocampa\u201d \u00e4r det latinska namnet. De finns i centrala Asien, Nord Afrika och s\u00f6dra Europa. I februari till mars \u00e4r det vanligt att man ser vita bomullsliknande tussar i pinjetr\u00e4den. Det \u00e4r bon d\u00e4r processionslarverna bor. D\u00e4rifr\u00e5n g\u00f6r de utflykter i l\u00e5nga processionerp\u00e5 marken och deras [&hellip;]\" \/>\n<meta property=\"og:url\" content=\"https:\/\/lightweb.dev\/l\/svm-temp\/artiklar\/djurspalten-nu-ar-det-dags-igen-processionslarver\/\" \/>\n<meta property=\"og:site_name\" content=\"Svenska Magasinet\" \/>\n<meta property=\"article:publisher\" content=\"https:\/\/www.facebook.com\/svenskamagasinet\" \/>\n<meta property=\"article:published_time\" content=\"2015-01-12T23:00:00+00:00\" \/>\n<meta property=\"og:image\" content=\"https:\/\/lightweb.dev\/l\/svm-temp\/wp-content\/uploads\/2022\/04\/djurspalten-nu-r-det-dags-igen-processionslarver.png\" \/>\n\t<meta property=\"og:image:width\" content=\"280\" \/>\n\t<meta property=\"og:image:height\" content=\"210\" \/>\n\t<meta property=\"og:image:type\" content=\"image\/png\" \/>\n<meta name=\"author\" content=\"Redaktionen SvM\" \/>\n<meta name=\"twitter:card\" content=\"summary_large_image\" \/>\n<meta name=\"twitter:creator\" content=\"@SvenskaMagasine\" \/>\n<meta name=\"twitter:site\" content=\"@SvenskaMagasine\" \/>\n<script type=\"application\/ld+json\" class=\"yoast-schema-graph\">{\"@context\":\"https:\\\/\\\/schema.org\",\"@graph\":[{\"@type\":\"Article\",\"@id\":\"https:\\\/\\\/lightweb.dev\\\/l\\\/svm-temp\\\/artiklar\\\/djurspalten-nu-ar-det-dags-igen-processionslarver\\\/#article\",\"isPartOf\":{\"@id\":\"https:\\\/\\\/lightweb.dev\\\/l\\\/svm-temp\\\/artiklar\\\/djurspalten-nu-ar-det-dags-igen-processionslarver\\\/\"},\"author\":{\"name\":\"Redaktionen SvM\",\"@id\":\"https:\\\/\\\/lightweb.dev\\\/l\\\/svm-temp\\\/#\\\/schema\\\/person\\\/206a3bda5b607b0c25e1749191e4d837\"},\"headline\":\"Djurspalten: Nu \u00e4r det dags igen: Processionslarver!\",\"datePublished\":\"2015-01-12T23:00:00+00:00\",\"mainEntityOfPage\":{\"@id\":\"https:\\\/\\\/lightweb.dev\\\/l\\\/svm-temp\\\/artiklar\\\/djurspalten-nu-ar-det-dags-igen-processionslarver\\\/\"},\"wordCount\":342,\"commentCount\":0,\"publisher\":{\"@id\":\"https:\\\/\\\/lightweb.dev\\\/l\\\/svm-temp\\\/#organization\"},\"image\":{\"@id\":\"https:\\\/\\\/lightweb.dev\\\/l\\\/svm-temp\\\/artiklar\\\/djurspalten-nu-ar-det-dags-igen-processionslarver\\\/#primaryimage\"},\"thumbnailUrl\":\"https:\\\/\\\/lightweb.dev\\\/l\\\/svm-temp\\\/wp-content\\\/uploads\\\/2022\\\/04\\\/djurspalten-nu-r-det-dags-igen-processionslarver.png\",\"articleSection\":[\"Arkiv\",\"Artiklar\"],\"inLanguage\":\"sv-SE\"},{\"@type\":\"WebPage\",\"@id\":\"https:\\\/\\\/lightweb.dev\\\/l\\\/svm-temp\\\/artiklar\\\/djurspalten-nu-ar-det-dags-igen-processionslarver\\\/\",\"url\":\"https:\\\/\\\/lightweb.dev\\\/l\\\/svm-temp\\\/artiklar\\\/djurspalten-nu-ar-det-dags-igen-processionslarver\\\/\",\"name\":\"Djurspalten: Nu \u00e4r det dags igen: Processionslarver! - Svenska Magasinet\",\"isPartOf\":{\"@id\":\"https:\\\/\\\/lightweb.dev\\\/l\\\/svm-temp\\\/#website\"},\"primaryImageOfPage\":{\"@id\":\"https:\\\/\\\/lightweb.dev\\\/l\\\/svm-temp\\\/artiklar\\\/djurspalten-nu-ar-det-dags-igen-processionslarver\\\/#primaryimage\"},\"image\":{\"@id\":\"https:\\\/\\\/lightweb.dev\\\/l\\\/svm-temp\\\/artiklar\\\/djurspalten-nu-ar-det-dags-igen-processionslarver\\\/#primaryimage\"},\"thumbnailUrl\":\"https:\\\/\\\/lightweb.dev\\\/l\\\/svm-temp\\\/wp-content\\\/uploads\\\/2022\\\/04\\\/djurspalten-nu-r-det-dags-igen-processionslarver.png\",\"datePublished\":\"2015-01-12T23:00:00+00:00\",\"breadcrumb\":{\"@id\":\"https:\\\/\\\/lightweb.dev\\\/l\\\/svm-temp\\\/artiklar\\\/djurspalten-nu-ar-det-dags-igen-processionslarver\\\/#breadcrumb\"},\"inLanguage\":\"sv-SE\",\"potentialAction\":[{\"@type\":\"ReadAction\",\"target\":[\"https:\\\/\\\/lightweb.dev\\\/l\\\/svm-temp\\\/artiklar\\\/djurspalten-nu-ar-det-dags-igen-processionslarver\\\/\"]}]},{\"@type\":\"ImageObject\",\"inLanguage\":\"sv-SE\",\"@id\":\"https:\\\/\\\/lightweb.dev\\\/l\\\/svm-temp\\\/artiklar\\\/djurspalten-nu-ar-det-dags-igen-processionslarver\\\/#primaryimage\",\"url\":\"https:\\\/\\\/lightweb.dev\\\/l\\\/svm-temp\\\/wp-content\\\/uploads\\\/2022\\\/04\\\/djurspalten-nu-r-det-dags-igen-processionslarver.png\",\"contentUrl\":\"https:\\\/\\\/lightweb.dev\\\/l\\\/svm-temp\\\/wp-content\\\/uploads\\\/2022\\\/04\\\/djurspalten-nu-r-det-dags-igen-processionslarver.png\",\"width\":280,\"height\":210},{\"@type\":\"BreadcrumbList\",\"@id\":\"https:\\\/\\\/lightweb.dev\\\/l\\\/svm-temp\\\/artiklar\\\/djurspalten-nu-ar-det-dags-igen-processionslarver\\\/#breadcrumb\",\"itemListElement\":[{\"@type\":\"ListItem\",\"position\":1,\"name\":\"Hem\",\"item\":\"https:\\\/\\\/lightweb.dev\\\/l\\\/svm-temp\\\/\"},{\"@type\":\"ListItem\",\"position\":2,\"name\":\"Djurspalten: Nu \u00e4r det dags igen: Processionslarver!\"}]},{\"@type\":\"WebSite\",\"@id\":\"https:\\\/\\\/lightweb.dev\\\/l\\\/svm-temp\\\/#website\",\"url\":\"https:\\\/\\\/lightweb.dev\\\/l\\\/svm-temp\\\/\",\"name\":\"Svenska Magasinet\",\"description\":\"Dina Spanska nyheter p&aring; Svenska\",\"publisher\":{\"@id\":\"https:\\\/\\\/lightweb.dev\\\/l\\\/svm-temp\\\/#organization\"},\"potentialAction\":[{\"@type\":\"SearchAction\",\"target\":{\"@type\":\"EntryPoint\",\"urlTemplate\":\"https:\\\/\\\/lightweb.dev\\\/l\\\/svm-temp\\\/?s={search_term_string}\"},\"query-input\":{\"@type\":\"PropertyValueSpecification\",\"valueRequired\":true,\"valueName\":\"search_term_string\"}}],\"inLanguage\":\"sv-SE\"},{\"@type\":\"Organization\",\"@id\":\"https:\\\/\\\/lightweb.dev\\\/l\\\/svm-temp\\\/#organization\",\"name\":\"Melkerson y Nott SL\",\"alternateName\":\"Svenska Magasinet\",\"url\":\"https:\\\/\\\/lightweb.dev\\\/l\\\/svm-temp\\\/\",\"logo\":{\"@type\":\"ImageObject\",\"inLanguage\":\"sv-SE\",\"@id\":\"https:\\\/\\\/lightweb.dev\\\/l\\\/svm-temp\\\/#\\\/schema\\\/logo\\\/image\\\/\",\"url\":\"https:\\\/\\\/lightweb.dev\\\/l\\\/svm-temp\\\/wp-content\\\/uploads\\\/2025\\\/02\\\/SvM-logo-Xtra-Centrerad-SVART.png\",\"contentUrl\":\"https:\\\/\\\/lightweb.dev\\\/l\\\/svm-temp\\\/wp-content\\\/uploads\\\/2025\\\/02\\\/SvM-logo-Xtra-Centrerad-SVART.png\",\"width\":300,\"height\":99,\"caption\":\"Melkerson y Nott SL\"},\"image\":{\"@id\":\"https:\\\/\\\/lightweb.dev\\\/l\\\/svm-temp\\\/#\\\/schema\\\/logo\\\/image\\\/\"},\"sameAs\":[\"https:\\\/\\\/www.facebook.com\\\/svenskamagasinet\",\"https:\\\/\\\/x.com\\\/SvenskaMagasine\"]},{\"@type\":\"Person\",\"@id\":\"https:\\\/\\\/lightweb.dev\\\/l\\\/svm-temp\\\/#\\\/schema\\\/person\\\/206a3bda5b607b0c25e1749191e4d837\",\"name\":\"Redaktionen SvM\",\"description\":\"Redaktionen\",\"sameAs\":[\"https:\\\/\\\/lightweb.dev\\\/l\\\/svm-temp\"],\"url\":\"https:\\\/\\\/lightweb.dev\\\/l\\\/svm-temp\\\/reporter\\\/redaktionen\\\/\"}]}<\/script>\n<!-- \/ Yoast SEO Premium plugin. -->","yoast_head_json":{"title":"Djurspalten: Nu \u00e4r det dags igen: Processionslarver! - Svenska Magasinet","robots":{"index":"noindex","follow":"follow","max-snippet":"max-snippet:-1","max-image-preview":"max-image-preview:large","max-video-preview":"max-video-preview:-1"},"og_locale":"sv_SE","og_type":"article","og_title":"Djurspalten: Nu \u00e4r det dags igen: Processionslarver!","og_description":"\u201dProcesionaria del pino\u201d kallas de p\u00e5 spanska och \u201cThaumetopoea pityocampa\u201d \u00e4r det latinska namnet. De finns i centrala Asien, Nord Afrika och s\u00f6dra Europa. I februari till mars \u00e4r det vanligt att man ser vita bomullsliknande tussar i pinjetr\u00e4den. Det \u00e4r bon d\u00e4r processionslarverna bor. D\u00e4rifr\u00e5n g\u00f6r de utflykter i l\u00e5nga processionerp\u00e5 marken och deras [&hellip;]","og_url":"https:\/\/lightweb.dev\/l\/svm-temp\/artiklar\/djurspalten-nu-ar-det-dags-igen-processionslarver\/","og_site_name":"Svenska Magasinet","article_publisher":"https:\/\/www.facebook.com\/svenskamagasinet","article_published_time":"2015-01-12T23:00:00+00:00","og_image":[{"width":280,"height":210,"url":"https:\/\/lightweb.dev\/l\/svm-temp\/wp-content\/uploads\/2022\/04\/djurspalten-nu-r-det-dags-igen-processionslarver.png","type":"image\/png"}],"author":"Redaktionen SvM","twitter_card":"summary_large_image","twitter_creator":"@SvenskaMagasine","twitter_site":"@SvenskaMagasine","schema":{"@context":"https:\/\/schema.org","@graph":[{"@type":"Article","@id":"https:\/\/lightweb.dev\/l\/svm-temp\/artiklar\/djurspalten-nu-ar-det-dags-igen-processionslarver\/#article","isPartOf":{"@id":"https:\/\/lightweb.dev\/l\/svm-temp\/artiklar\/djurspalten-nu-ar-det-dags-igen-processionslarver\/"},"author":{"name":"Redaktionen SvM","@id":"https:\/\/lightweb.dev\/l\/svm-temp\/#\/schema\/person\/206a3bda5b607b0c25e1749191e4d837"},"headline":"Djurspalten: Nu \u00e4r det dags igen: Processionslarver!","datePublished":"2015-01-12T23:00:00+00:00","mainEntityOfPage":{"@id":"https:\/\/lightweb.dev\/l\/svm-temp\/artiklar\/djurspalten-nu-ar-det-dags-igen-processionslarver\/"},"wordCount":342,"commentCount":0,"publisher":{"@id":"https:\/\/lightweb.dev\/l\/svm-temp\/#organization"},"image":{"@id":"https:\/\/lightweb.dev\/l\/svm-temp\/artiklar\/djurspalten-nu-ar-det-dags-igen-processionslarver\/#primaryimage"},"thumbnailUrl":"https:\/\/lightweb.dev\/l\/svm-temp\/wp-content\/uploads\/2022\/04\/djurspalten-nu-r-det-dags-igen-processionslarver.png","articleSection":["Arkiv","Artiklar"],"inLanguage":"sv-SE"},{"@type":"WebPage","@id":"https:\/\/lightweb.dev\/l\/svm-temp\/artiklar\/djurspalten-nu-ar-det-dags-igen-processionslarver\/","url":"https:\/\/lightweb.dev\/l\/svm-temp\/artiklar\/djurspalten-nu-ar-det-dags-igen-processionslarver\/","name":"Djurspalten: Nu \u00e4r det dags igen: Processionslarver! - Svenska Magasinet","isPartOf":{"@id":"https:\/\/lightweb.dev\/l\/svm-temp\/#website"},"primaryImageOfPage":{"@id":"https:\/\/lightweb.dev\/l\/svm-temp\/artiklar\/djurspalten-nu-ar-det-dags-igen-processionslarver\/#primaryimage"},"image":{"@id":"https:\/\/lightweb.dev\/l\/svm-temp\/artiklar\/djurspalten-nu-ar-det-dags-igen-processionslarver\/#primaryimage"},"thumbnailUrl":"https:\/\/lightweb.dev\/l\/svm-temp\/wp-content\/uploads\/2022\/04\/djurspalten-nu-r-det-dags-igen-processionslarver.png","datePublished":"2015-01-12T23:00:00+00:00","breadcrumb":{"@id":"https:\/\/lightweb.dev\/l\/svm-temp\/artiklar\/djurspalten-nu-ar-det-dags-igen-processionslarver\/#breadcrumb"},"inLanguage":"sv-SE","potentialAction":[{"@type":"ReadAction","target":["https:\/\/lightweb.dev\/l\/svm-temp\/artiklar\/djurspalten-nu-ar-det-dags-igen-processionslarver\/"]}]},{"@type":"ImageObject","inLanguage":"sv-SE","@id":"https:\/\/lightweb.dev\/l\/svm-temp\/artiklar\/djurspalten-nu-ar-det-dags-igen-processionslarver\/#primaryimage","url":"https:\/\/lightweb.dev\/l\/svm-temp\/wp-content\/uploads\/2022\/04\/djurspalten-nu-r-det-dags-igen-processionslarver.png","contentUrl":"https:\/\/lightweb.dev\/l\/svm-temp\/wp-content\/uploads\/2022\/04\/djurspalten-nu-r-det-dags-igen-processionslarver.png","width":280,"height":210},{"@type":"BreadcrumbList","@id":"https:\/\/lightweb.dev\/l\/svm-temp\/artiklar\/djurspalten-nu-ar-det-dags-igen-processionslarver\/#breadcrumb","itemListElement":[{"@type":"ListItem","position":1,"name":"Hem","item":"https:\/\/lightweb.dev\/l\/svm-temp\/"},{"@type":"ListItem","position":2,"name":"Djurspalten: Nu \u00e4r det dags igen: Processionslarver!"}]},{"@type":"WebSite","@id":"https:\/\/lightweb.dev\/l\/svm-temp\/#website","url":"https:\/\/lightweb.dev\/l\/svm-temp\/","name":"Svenska Magasinet","description":"Dina Spanska nyheter p&aring; Svenska","publisher":{"@id":"https:\/\/lightweb.dev\/l\/svm-temp\/#organization"},"potentialAction":[{"@type":"SearchAction","target":{"@type":"EntryPoint","urlTemplate":"https:\/\/lightweb.dev\/l\/svm-temp\/?s={search_term_string}"},"query-input":{"@type":"PropertyValueSpecification","valueRequired":true,"valueName":"search_term_string"}}],"inLanguage":"sv-SE"},{"@type":"Organization","@id":"https:\/\/lightweb.dev\/l\/svm-temp\/#organization","name":"Melkerson y Nott SL","alternateName":"Svenska Magasinet","url":"https:\/\/lightweb.dev\/l\/svm-temp\/","logo":{"@type":"ImageObject","inLanguage":"sv-SE","@id":"https:\/\/lightweb.dev\/l\/svm-temp\/#\/schema\/logo\/image\/","url":"https:\/\/lightweb.dev\/l\/svm-temp\/wp-content\/uploads\/2025\/02\/SvM-logo-Xtra-Centrerad-SVART.png","contentUrl":"https:\/\/lightweb.dev\/l\/svm-temp\/wp-content\/uploads\/2025\/02\/SvM-logo-Xtra-Centrerad-SVART.png","width":300,"height":99,"caption":"Melkerson y Nott SL"},"image":{"@id":"https:\/\/lightweb.dev\/l\/svm-temp\/#\/schema\/logo\/image\/"},"sameAs":["https:\/\/www.facebook.com\/svenskamagasinet","https:\/\/x.com\/SvenskaMagasine"]},{"@type":"Person","@id":"https:\/\/lightweb.dev\/l\/svm-temp\/#\/schema\/person\/206a3bda5b607b0c25e1749191e4d837","name":"Redaktionen SvM","description":"Redaktionen","sameAs":["https:\/\/lightweb.dev\/l\/svm-temp"],"url":"https:\/\/lightweb.dev\/l\/svm-temp\/reporter\/redaktionen\/"}]}},"_links":{"self":[{"href":"https:\/\/lightweb.dev\/l\/svm-temp\/wp-json\/wp\/v2\/posts\/5259","targetHints":{"allow":["GET"]}}],"collection":[{"href":"https:\/\/lightweb.dev\/l\/svm-temp\/wp-json\/wp\/v2\/posts"}],"about":[{"href":"https:\/\/lightweb.dev\/l\/svm-temp\/wp-json\/wp\/v2\/types\/post"}],"author":[{"embeddable":true,"href":"https:\/\/lightweb.dev\/l\/svm-temp\/wp-json\/wp\/v2\/users\/8"}],"replies":[{"embeddable":true,"href":"https:\/\/lightweb.dev\/l\/svm-temp\/wp-json\/wp\/v2\/comments?post=5259"}],"version-history":[{"count":0,"href":"https:\/\/lightweb.dev\/l\/svm-temp\/wp-json\/wp\/v2\/posts\/5259\/revisions"}],"wp:featuredmedia":[{"embeddable":true,"href":"https:\/\/lightweb.dev\/l\/svm-temp\/wp-json\/wp\/v2\/media\/5260"}],"wp:attachment":[{"href":"https:\/\/lightweb.dev\/l\/svm-temp\/wp-json\/wp\/v2\/media?parent=5259"}],"wp:term":[{"taxonomy":"category","embeddable":true,"href":"https:\/\/lightweb.dev\/l\/svm-temp\/wp-json\/wp\/v2\/categories?post=5259"},{"taxonomy":"post_tag","embeddable":true,"href":"https:\/\/lightweb.dev\/l\/svm-temp\/wp-json\/wp\/v2\/tags?post=5259"}],"curies":[{"name":"wp","href":"https:\/\/api.w.org\/{rel}","templated":true}]}}