{"id":5267,"date":"2015-01-13T00:00:00","date_gmt":"2015-01-12T23:00:00","guid":{"rendered":"https:\/\/lightweb.dev\/l\/svm-temp\/solkustens-farligaste-kurva\/"},"modified":"2015-01-13T00:00:00","modified_gmt":"2015-01-12T23:00:00","slug":"solkustens-farligaste-kurva","status":"publish","type":"post","link":"https:\/\/lightweb.dev\/l\/svm-temp\/artiklar\/solkustens-farligaste-kurva\/","title":{"rendered":"Solkustens farligaste kurva"},"content":{"rendered":"<p> Titta p\u00e5 bilden h\u00e4rintill. Intensiv trafik d\u00e4r personbilar och lastbilar \u00e4r p\u00e5 v\u00e4g in i en skarp h\u00f6gerkurva. Tills f\u00f6r bara ett tag sedan var h\u00f6gsta till\u00e5tna hastighet 100 km\/h. Nu \u00e4r den nedsatt till 80 km\/h och antalet olyckor har blivit f\u00e4rre. \u00c4nnu h\u00e4nder det att lastbilar v\u00e4lter och m\u00e5nga fruktar f\u00f6r ett skr\u00e4ckscenario. Av Ola Josefsson<\/p>\n<p>N\u00e4r jag googlar p\u00e5 \u201dcurva de La Cala de Mijas\u201d (kurvan i La Cala de Mijas) f\u00e5r jag upp 29.000 tr\u00e4ffar p\u00e5 den spanska s\u00f6kmotorn. S\u00e5 gott som varje tr\u00e4ff ber\u00e4ttar om olyckor och lastbilar som har v\u00e4lt.<\/p>\n<p>F\u00f6r flera decennier sedan blev kurvan ett faktum d\u00e5 kustv\u00e4gen byggdes om f\u00f6r att g\u00e5 utanf\u00f6r samh\u00e4llet La Cala de Mijas. Tidigare gick kustv\u00e4gen igenom samh\u00e4llet.<br \/>\nNu r\u00e4knas kurvan till en av de trafikfarligaste platserna p\u00e5 Solkusten tillsammans med avfarten till Arroyo de la Miel. H\u00e4r upprepas scenen varje dag med k\u00f6er l\u00e5ngt ut p\u00e5 v\u00e4gbanan.<br \/>\nDet \u00e4r bilk\u00f6er som str\u00e4cker sig l\u00e5ngt ut p\u00e5 h\u00f6gra k\u00f6rf\u00e4ltet p\u00e5 A-7:an med regelbundna trafikolyckor som resultat. Bilar blir st\u00e5ende vid v\u00e4gkanten medan trafiken i de v\u00e4nstra k\u00f6rf\u00e4lten susar f\u00f6rbi, ibland utan ett tanke p\u00e5 att h\u00e5lla avst\u00e5nd.<\/p>\n<p>I h\u00f6stas kom beskedet fr\u00e5n Benalm\u00e1dena kommun att centralregeringen satsar tv\u00e5 miljoner euro i att bygga om avfarten vid kilometerskylten 222 p\u00e5 A-7:an d\u00e4r 15.000 motorfordon cirkulerar per dag. Det har varit ett vall\u00f6fte sedan 2011.<\/p>\n<p>Avfarten l\u00e4ngs A-7:an till Arroyo de la Miel \u00e4r en av trafikens svarta punkter p\u00e5 Solkusten tillsammans med kurvorna i La Cala och Calaburras. Kurvan vid La Cala de Mijas r\u00e4knas till den trafikfarligaste platsen p\u00e5 kusten. Den 90-gradiga kurvan som du ser p\u00e5 bilden \u00e4r en utmaning f\u00f6r tusentals bilister och lastbilschauff\u00f6rer varje dag.<\/p>\n<p>Det \u00e4r l\u00e4ngs en 700 meter l\u00e5ng k\u00f6rstr\u00e4cka mellan kilometerskyltarna 201 och 202 som olyckor intr\u00e4ffar \u00e5rligen. Varningsskyltar, blinkande ljus och automatisk signalering har monterats upp de senaste \u00e5ren f\u00f6r att varna f\u00f6rare.<br \/>\nEfter att Utvecklingsdepartementet beslutade att s\u00e4nka den h\u00f6gsta till\u00e5tna hastigheten p\u00e5 k\u00f6rstr\u00e4ckan fr\u00e5n 100 till 80 km\/h har antalet trafikolyckor med bilar blivit f\u00e4rre. D\u00e4remot har \u00e5tg\u00e4rden inte f\u00e5tt ned antalet olyckor som g\u00e4ller lastbilar.<\/p>\n<p>Boende i omr\u00e5det kr\u00e4ver att Utvecklingsdepartementet g\u00f6r n\u00e5got och bygger om v\u00e4gavsnittet.<br \/>\n\u201dVi som k\u00e4nner till platsen vet att vi m\u00e5ste sakta ned f\u00f6re kurvan. Men det finns m\u00e5nga andra f\u00f6rare, turister med hyrbilar och yrkestrafik, och f\u00f6r dem \u00e4r kurvan ok\u00e4nd. Det \u00e4r mer \u00e4n en g\u00e5ng jag har sett lastbilar v\u00e4lta\u201d s\u00e4ger en La Cala-bo i en intervju i en spansk dagstidning.<br \/>\nDet har h\u00e4nt att lastbilschauff\u00f6rer i f\u00e4rdriktning Marbella har tappat kontrollen \u00f6ver fordonet som v\u00e4lt och kommit \u00f6ver p\u00e5 k\u00f6rf\u00e4ltet mot M\u00e1laga. Vid ett s\u00e5dant tillbud avled chauff\u00f6ren och tv\u00e5 personer som f\u00e4rdades i personbilar fick lindrigare skador. K\u00f6erna blev fyra kilometer l\u00e5nga p\u00e5 grund av ett oljeutsl\u00e4pp som blev ett resultat av kollisionen.<\/p>\n<p>  Francisco Sep\u00falveda, president i grannskapsf\u00f6reningen i La Cala de Mijas, s\u00e4ger i en intervju f\u00f6r dagstidningen Malaga Hoy:<br \/>\n\u201dVi \u00e4r vana vid lastbilsolyckor. Kurvan \u00e4r f\u00f6r sn\u00e4v och lutningen \u00e4r felgjord vilket g\u00f6r att lastbilar som inte f\u00e4rdas s\u00e4kert v\u00e4lter\u201d.<br \/>\nDet som m\u00e5nga fasar f\u00f6r \u00e4r en st\u00f6rre olycka som kan f\u00e5 \u00f6desdigra konsekvenser f\u00f6r badg\u00e4ster i omr\u00e5det. Precis vid kustv\u00e4gen finns str\u00e4nder som \u00e4r fullpackade av badg\u00e4ster sommartid. Skr\u00e4ckscenariot \u00e4r att en lastbil sladdar av v\u00e4gen och ner p\u00e5 stranden.<\/p>\n<p>Vilken l\u00f6sning ligger n\u00e4rmast till hands? Mijas kommun har f\u00f6rt fram id\u00e9n att betalmotorv\u00e4gen AP-7 borde bli gratis eller s\u00e5 borde avgifterna s\u00e4nkas rej\u00e4lt f\u00f6r att f\u00e5 fler att anv\u00e4nda den. Det skulle minska trycket p\u00e5 kustv\u00e4gen.<br \/>\nEn annan l\u00f6sningen skulle vara att bygga om v\u00e4gavsnittet. Problemet \u00e4r att kustv\u00e4gen \u00e4r sn\u00e4v med hav och bostadshus n\u00e4ra inp\u00e5. Vid kurvan i La Cala de Mijas \u00e4r omr\u00e5det \u00e4ven kuperat.<\/p>\n<p>Vid fyren Calaburras, strax \u00f6ster om La Cala, byggdes kustv\u00e4gen om \u00e5r 2000 och kurvan r\u00e4tades ut. Olyckorna forts\u00e4tter att intr\u00e4ffa. Det positiva \u00e4r att olyckorna inte \u00e4r lika allvarliga som tidigare.<\/p>\n","protected":false},"excerpt":{"rendered":"<p>Titta p\u00e5 bilden h\u00e4rintill. Intensiv trafik d\u00e4r personbilar och lastbilar \u00e4r p\u00e5 v\u00e4g in i en skarp h\u00f6gerkurva. Tills f\u00f6r bara ett tag sedan var h\u00f6gsta till\u00e5tna hastighet 100 km\/h. Nu \u00e4r den nedsatt till 80 km\/h och antalet olyckor har blivit f\u00e4rre. \u00c4nnu h\u00e4nder det att lastbilar v\u00e4lter och m\u00e5nga fruktar f\u00f6r ett skr\u00e4ckscenario. [&hellip;]<\/p>\n","protected":false},"author":8,"featured_media":5268,"comment_status":"open","ping_status":"open","sticky":false,"template":"","format":"standard","meta":{"_et_pb_use_builder":"","_et_pb_old_content":"","_et_gb_content_width":"","footnotes":""},"categories":[396,4],"tags":[],"class_list":["post-5267","post","type-post","status-publish","format-standard","has-post-thumbnail","hentry","category-arkiv-artiklar","category-artiklar"],"yoast_head":"<!-- This site is optimized with the Yoast SEO Premium plugin v26.2 (Yoast SEO v27.4) - https:\/\/yoast.com\/product\/yoast-seo-premium-wordpress\/ -->\n<title>Solkustens farligaste kurva - Svenska Magasinet<\/title>\n<meta name=\"robots\" content=\"noindex, follow, max-snippet:-1, max-image-preview:large, max-video-preview:-1\" \/>\n<meta property=\"og:locale\" content=\"sv_SE\" \/>\n<meta property=\"og:type\" content=\"article\" \/>\n<meta property=\"og:title\" content=\"Solkustens farligaste kurva\" \/>\n<meta property=\"og:description\" content=\"Titta p\u00e5 bilden h\u00e4rintill. Intensiv trafik d\u00e4r personbilar och lastbilar \u00e4r p\u00e5 v\u00e4g in i en skarp h\u00f6gerkurva. Tills f\u00f6r bara ett tag sedan var h\u00f6gsta till\u00e5tna hastighet 100 km\/h. Nu \u00e4r den nedsatt till 80 km\/h och antalet olyckor har blivit f\u00e4rre. \u00c4nnu h\u00e4nder det att lastbilar v\u00e4lter och m\u00e5nga fruktar f\u00f6r ett skr\u00e4ckscenario. [&hellip;]\" \/>\n<meta property=\"og:url\" content=\"https:\/\/lightweb.dev\/l\/svm-temp\/artiklar\/solkustens-farligaste-kurva\/\" \/>\n<meta property=\"og:site_name\" content=\"Svenska Magasinet\" \/>\n<meta property=\"article:publisher\" content=\"https:\/\/www.facebook.com\/svenskamagasinet\" \/>\n<meta property=\"article:published_time\" content=\"2015-01-12T23:00:00+00:00\" \/>\n<meta property=\"og:image\" content=\"https:\/\/lightweb.dev\/l\/svm-temp\/wp-content\/uploads\/2022\/04\/solkustens-farligaste-kurva.png\" \/>\n\t<meta property=\"og:image:width\" content=\"299\" \/>\n\t<meta property=\"og:image:height\" content=\"200\" \/>\n\t<meta property=\"og:image:type\" content=\"image\/png\" \/>\n<meta name=\"author\" content=\"Redaktionen SvM\" \/>\n<meta name=\"twitter:card\" content=\"summary_large_image\" \/>\n<meta name=\"twitter:creator\" content=\"@SvenskaMagasine\" \/>\n<meta name=\"twitter:site\" content=\"@SvenskaMagasine\" \/>\n<script type=\"application\/ld+json\" class=\"yoast-schema-graph\">{\"@context\":\"https:\\\/\\\/schema.org\",\"@graph\":[{\"@type\":\"Article\",\"@id\":\"https:\\\/\\\/lightweb.dev\\\/l\\\/svm-temp\\\/artiklar\\\/solkustens-farligaste-kurva\\\/#article\",\"isPartOf\":{\"@id\":\"https:\\\/\\\/lightweb.dev\\\/l\\\/svm-temp\\\/artiklar\\\/solkustens-farligaste-kurva\\\/\"},\"author\":{\"name\":\"Redaktionen SvM\",\"@id\":\"https:\\\/\\\/lightweb.dev\\\/l\\\/svm-temp\\\/#\\\/schema\\\/person\\\/206a3bda5b607b0c25e1749191e4d837\"},\"headline\":\"Solkustens farligaste kurva\",\"datePublished\":\"2015-01-12T23:00:00+00:00\",\"mainEntityOfPage\":{\"@id\":\"https:\\\/\\\/lightweb.dev\\\/l\\\/svm-temp\\\/artiklar\\\/solkustens-farligaste-kurva\\\/\"},\"wordCount\":789,\"commentCount\":0,\"publisher\":{\"@id\":\"https:\\\/\\\/lightweb.dev\\\/l\\\/svm-temp\\\/#organization\"},\"image\":{\"@id\":\"https:\\\/\\\/lightweb.dev\\\/l\\\/svm-temp\\\/artiklar\\\/solkustens-farligaste-kurva\\\/#primaryimage\"},\"thumbnailUrl\":\"https:\\\/\\\/lightweb.dev\\\/l\\\/svm-temp\\\/wp-content\\\/uploads\\\/2022\\\/04\\\/solkustens-farligaste-kurva.png\",\"articleSection\":[\"Arkiv\",\"Artiklar\"],\"inLanguage\":\"sv-SE\"},{\"@type\":\"WebPage\",\"@id\":\"https:\\\/\\\/lightweb.dev\\\/l\\\/svm-temp\\\/artiklar\\\/solkustens-farligaste-kurva\\\/\",\"url\":\"https:\\\/\\\/lightweb.dev\\\/l\\\/svm-temp\\\/artiklar\\\/solkustens-farligaste-kurva\\\/\",\"name\":\"Solkustens farligaste kurva - Svenska Magasinet\",\"isPartOf\":{\"@id\":\"https:\\\/\\\/lightweb.dev\\\/l\\\/svm-temp\\\/#website\"},\"primaryImageOfPage\":{\"@id\":\"https:\\\/\\\/lightweb.dev\\\/l\\\/svm-temp\\\/artiklar\\\/solkustens-farligaste-kurva\\\/#primaryimage\"},\"image\":{\"@id\":\"https:\\\/\\\/lightweb.dev\\\/l\\\/svm-temp\\\/artiklar\\\/solkustens-farligaste-kurva\\\/#primaryimage\"},\"thumbnailUrl\":\"https:\\\/\\\/lightweb.dev\\\/l\\\/svm-temp\\\/wp-content\\\/uploads\\\/2022\\\/04\\\/solkustens-farligaste-kurva.png\",\"datePublished\":\"2015-01-12T23:00:00+00:00\",\"breadcrumb\":{\"@id\":\"https:\\\/\\\/lightweb.dev\\\/l\\\/svm-temp\\\/artiklar\\\/solkustens-farligaste-kurva\\\/#breadcrumb\"},\"inLanguage\":\"sv-SE\",\"potentialAction\":[{\"@type\":\"ReadAction\",\"target\":[\"https:\\\/\\\/lightweb.dev\\\/l\\\/svm-temp\\\/artiklar\\\/solkustens-farligaste-kurva\\\/\"]}]},{\"@type\":\"ImageObject\",\"inLanguage\":\"sv-SE\",\"@id\":\"https:\\\/\\\/lightweb.dev\\\/l\\\/svm-temp\\\/artiklar\\\/solkustens-farligaste-kurva\\\/#primaryimage\",\"url\":\"https:\\\/\\\/lightweb.dev\\\/l\\\/svm-temp\\\/wp-content\\\/uploads\\\/2022\\\/04\\\/solkustens-farligaste-kurva.png\",\"contentUrl\":\"https:\\\/\\\/lightweb.dev\\\/l\\\/svm-temp\\\/wp-content\\\/uploads\\\/2022\\\/04\\\/solkustens-farligaste-kurva.png\",\"width\":299,\"height\":200},{\"@type\":\"BreadcrumbList\",\"@id\":\"https:\\\/\\\/lightweb.dev\\\/l\\\/svm-temp\\\/artiklar\\\/solkustens-farligaste-kurva\\\/#breadcrumb\",\"itemListElement\":[{\"@type\":\"ListItem\",\"position\":1,\"name\":\"Hem\",\"item\":\"https:\\\/\\\/lightweb.dev\\\/l\\\/svm-temp\\\/\"},{\"@type\":\"ListItem\",\"position\":2,\"name\":\"Solkustens farligaste kurva\"}]},{\"@type\":\"WebSite\",\"@id\":\"https:\\\/\\\/lightweb.dev\\\/l\\\/svm-temp\\\/#website\",\"url\":\"https:\\\/\\\/lightweb.dev\\\/l\\\/svm-temp\\\/\",\"name\":\"Svenska Magasinet\",\"description\":\"Dina Spanska nyheter p&aring; Svenska\",\"publisher\":{\"@id\":\"https:\\\/\\\/lightweb.dev\\\/l\\\/svm-temp\\\/#organization\"},\"potentialAction\":[{\"@type\":\"SearchAction\",\"target\":{\"@type\":\"EntryPoint\",\"urlTemplate\":\"https:\\\/\\\/lightweb.dev\\\/l\\\/svm-temp\\\/?s={search_term_string}\"},\"query-input\":{\"@type\":\"PropertyValueSpecification\",\"valueRequired\":true,\"valueName\":\"search_term_string\"}}],\"inLanguage\":\"sv-SE\"},{\"@type\":\"Organization\",\"@id\":\"https:\\\/\\\/lightweb.dev\\\/l\\\/svm-temp\\\/#organization\",\"name\":\"Melkerson y Nott SL\",\"alternateName\":\"Svenska Magasinet\",\"url\":\"https:\\\/\\\/lightweb.dev\\\/l\\\/svm-temp\\\/\",\"logo\":{\"@type\":\"ImageObject\",\"inLanguage\":\"sv-SE\",\"@id\":\"https:\\\/\\\/lightweb.dev\\\/l\\\/svm-temp\\\/#\\\/schema\\\/logo\\\/image\\\/\",\"url\":\"https:\\\/\\\/lightweb.dev\\\/l\\\/svm-temp\\\/wp-content\\\/uploads\\\/2025\\\/02\\\/SvM-logo-Xtra-Centrerad-SVART.png\",\"contentUrl\":\"https:\\\/\\\/lightweb.dev\\\/l\\\/svm-temp\\\/wp-content\\\/uploads\\\/2025\\\/02\\\/SvM-logo-Xtra-Centrerad-SVART.png\",\"width\":300,\"height\":99,\"caption\":\"Melkerson y Nott SL\"},\"image\":{\"@id\":\"https:\\\/\\\/lightweb.dev\\\/l\\\/svm-temp\\\/#\\\/schema\\\/logo\\\/image\\\/\"},\"sameAs\":[\"https:\\\/\\\/www.facebook.com\\\/svenskamagasinet\",\"https:\\\/\\\/x.com\\\/SvenskaMagasine\"]},{\"@type\":\"Person\",\"@id\":\"https:\\\/\\\/lightweb.dev\\\/l\\\/svm-temp\\\/#\\\/schema\\\/person\\\/206a3bda5b607b0c25e1749191e4d837\",\"name\":\"Redaktionen SvM\",\"description\":\"Redaktionen\",\"sameAs\":[\"https:\\\/\\\/lightweb.dev\\\/l\\\/svm-temp\"],\"url\":\"https:\\\/\\\/lightweb.dev\\\/l\\\/svm-temp\\\/reporter\\\/redaktionen\\\/\"}]}<\/script>\n<!-- \/ Yoast SEO Premium plugin. -->","yoast_head_json":{"title":"Solkustens farligaste kurva - Svenska Magasinet","robots":{"index":"noindex","follow":"follow","max-snippet":"max-snippet:-1","max-image-preview":"max-image-preview:large","max-video-preview":"max-video-preview:-1"},"og_locale":"sv_SE","og_type":"article","og_title":"Solkustens farligaste kurva","og_description":"Titta p\u00e5 bilden h\u00e4rintill. Intensiv trafik d\u00e4r personbilar och lastbilar \u00e4r p\u00e5 v\u00e4g in i en skarp h\u00f6gerkurva. Tills f\u00f6r bara ett tag sedan var h\u00f6gsta till\u00e5tna hastighet 100 km\/h. Nu \u00e4r den nedsatt till 80 km\/h och antalet olyckor har blivit f\u00e4rre. \u00c4nnu h\u00e4nder det att lastbilar v\u00e4lter och m\u00e5nga fruktar f\u00f6r ett skr\u00e4ckscenario. [&hellip;]","og_url":"https:\/\/lightweb.dev\/l\/svm-temp\/artiklar\/solkustens-farligaste-kurva\/","og_site_name":"Svenska Magasinet","article_publisher":"https:\/\/www.facebook.com\/svenskamagasinet","article_published_time":"2015-01-12T23:00:00+00:00","og_image":[{"width":299,"height":200,"url":"https:\/\/lightweb.dev\/l\/svm-temp\/wp-content\/uploads\/2022\/04\/solkustens-farligaste-kurva.png","type":"image\/png"}],"author":"Redaktionen SvM","twitter_card":"summary_large_image","twitter_creator":"@SvenskaMagasine","twitter_site":"@SvenskaMagasine","schema":{"@context":"https:\/\/schema.org","@graph":[{"@type":"Article","@id":"https:\/\/lightweb.dev\/l\/svm-temp\/artiklar\/solkustens-farligaste-kurva\/#article","isPartOf":{"@id":"https:\/\/lightweb.dev\/l\/svm-temp\/artiklar\/solkustens-farligaste-kurva\/"},"author":{"name":"Redaktionen SvM","@id":"https:\/\/lightweb.dev\/l\/svm-temp\/#\/schema\/person\/206a3bda5b607b0c25e1749191e4d837"},"headline":"Solkustens farligaste kurva","datePublished":"2015-01-12T23:00:00+00:00","mainEntityOfPage":{"@id":"https:\/\/lightweb.dev\/l\/svm-temp\/artiklar\/solkustens-farligaste-kurva\/"},"wordCount":789,"commentCount":0,"publisher":{"@id":"https:\/\/lightweb.dev\/l\/svm-temp\/#organization"},"image":{"@id":"https:\/\/lightweb.dev\/l\/svm-temp\/artiklar\/solkustens-farligaste-kurva\/#primaryimage"},"thumbnailUrl":"https:\/\/lightweb.dev\/l\/svm-temp\/wp-content\/uploads\/2022\/04\/solkustens-farligaste-kurva.png","articleSection":["Arkiv","Artiklar"],"inLanguage":"sv-SE"},{"@type":"WebPage","@id":"https:\/\/lightweb.dev\/l\/svm-temp\/artiklar\/solkustens-farligaste-kurva\/","url":"https:\/\/lightweb.dev\/l\/svm-temp\/artiklar\/solkustens-farligaste-kurva\/","name":"Solkustens farligaste kurva - Svenska Magasinet","isPartOf":{"@id":"https:\/\/lightweb.dev\/l\/svm-temp\/#website"},"primaryImageOfPage":{"@id":"https:\/\/lightweb.dev\/l\/svm-temp\/artiklar\/solkustens-farligaste-kurva\/#primaryimage"},"image":{"@id":"https:\/\/lightweb.dev\/l\/svm-temp\/artiklar\/solkustens-farligaste-kurva\/#primaryimage"},"thumbnailUrl":"https:\/\/lightweb.dev\/l\/svm-temp\/wp-content\/uploads\/2022\/04\/solkustens-farligaste-kurva.png","datePublished":"2015-01-12T23:00:00+00:00","breadcrumb":{"@id":"https:\/\/lightweb.dev\/l\/svm-temp\/artiklar\/solkustens-farligaste-kurva\/#breadcrumb"},"inLanguage":"sv-SE","potentialAction":[{"@type":"ReadAction","target":["https:\/\/lightweb.dev\/l\/svm-temp\/artiklar\/solkustens-farligaste-kurva\/"]}]},{"@type":"ImageObject","inLanguage":"sv-SE","@id":"https:\/\/lightweb.dev\/l\/svm-temp\/artiklar\/solkustens-farligaste-kurva\/#primaryimage","url":"https:\/\/lightweb.dev\/l\/svm-temp\/wp-content\/uploads\/2022\/04\/solkustens-farligaste-kurva.png","contentUrl":"https:\/\/lightweb.dev\/l\/svm-temp\/wp-content\/uploads\/2022\/04\/solkustens-farligaste-kurva.png","width":299,"height":200},{"@type":"BreadcrumbList","@id":"https:\/\/lightweb.dev\/l\/svm-temp\/artiklar\/solkustens-farligaste-kurva\/#breadcrumb","itemListElement":[{"@type":"ListItem","position":1,"name":"Hem","item":"https:\/\/lightweb.dev\/l\/svm-temp\/"},{"@type":"ListItem","position":2,"name":"Solkustens farligaste kurva"}]},{"@type":"WebSite","@id":"https:\/\/lightweb.dev\/l\/svm-temp\/#website","url":"https:\/\/lightweb.dev\/l\/svm-temp\/","name":"Svenska Magasinet","description":"Dina Spanska nyheter p&aring; Svenska","publisher":{"@id":"https:\/\/lightweb.dev\/l\/svm-temp\/#organization"},"potentialAction":[{"@type":"SearchAction","target":{"@type":"EntryPoint","urlTemplate":"https:\/\/lightweb.dev\/l\/svm-temp\/?s={search_term_string}"},"query-input":{"@type":"PropertyValueSpecification","valueRequired":true,"valueName":"search_term_string"}}],"inLanguage":"sv-SE"},{"@type":"Organization","@id":"https:\/\/lightweb.dev\/l\/svm-temp\/#organization","name":"Melkerson y Nott SL","alternateName":"Svenska Magasinet","url":"https:\/\/lightweb.dev\/l\/svm-temp\/","logo":{"@type":"ImageObject","inLanguage":"sv-SE","@id":"https:\/\/lightweb.dev\/l\/svm-temp\/#\/schema\/logo\/image\/","url":"https:\/\/lightweb.dev\/l\/svm-temp\/wp-content\/uploads\/2025\/02\/SvM-logo-Xtra-Centrerad-SVART.png","contentUrl":"https:\/\/lightweb.dev\/l\/svm-temp\/wp-content\/uploads\/2025\/02\/SvM-logo-Xtra-Centrerad-SVART.png","width":300,"height":99,"caption":"Melkerson y Nott SL"},"image":{"@id":"https:\/\/lightweb.dev\/l\/svm-temp\/#\/schema\/logo\/image\/"},"sameAs":["https:\/\/www.facebook.com\/svenskamagasinet","https:\/\/x.com\/SvenskaMagasine"]},{"@type":"Person","@id":"https:\/\/lightweb.dev\/l\/svm-temp\/#\/schema\/person\/206a3bda5b607b0c25e1749191e4d837","name":"Redaktionen SvM","description":"Redaktionen","sameAs":["https:\/\/lightweb.dev\/l\/svm-temp"],"url":"https:\/\/lightweb.dev\/l\/svm-temp\/reporter\/redaktionen\/"}]}},"_links":{"self":[{"href":"https:\/\/lightweb.dev\/l\/svm-temp\/wp-json\/wp\/v2\/posts\/5267","targetHints":{"allow":["GET"]}}],"collection":[{"href":"https:\/\/lightweb.dev\/l\/svm-temp\/wp-json\/wp\/v2\/posts"}],"about":[{"href":"https:\/\/lightweb.dev\/l\/svm-temp\/wp-json\/wp\/v2\/types\/post"}],"author":[{"embeddable":true,"href":"https:\/\/lightweb.dev\/l\/svm-temp\/wp-json\/wp\/v2\/users\/8"}],"replies":[{"embeddable":true,"href":"https:\/\/lightweb.dev\/l\/svm-temp\/wp-json\/wp\/v2\/comments?post=5267"}],"version-history":[{"count":0,"href":"https:\/\/lightweb.dev\/l\/svm-temp\/wp-json\/wp\/v2\/posts\/5267\/revisions"}],"wp:featuredmedia":[{"embeddable":true,"href":"https:\/\/lightweb.dev\/l\/svm-temp\/wp-json\/wp\/v2\/media\/5268"}],"wp:attachment":[{"href":"https:\/\/lightweb.dev\/l\/svm-temp\/wp-json\/wp\/v2\/media?parent=5267"}],"wp:term":[{"taxonomy":"category","embeddable":true,"href":"https:\/\/lightweb.dev\/l\/svm-temp\/wp-json\/wp\/v2\/categories?post=5267"},{"taxonomy":"post_tag","embeddable":true,"href":"https:\/\/lightweb.dev\/l\/svm-temp\/wp-json\/wp\/v2\/tags?post=5267"}],"curies":[{"name":"wp","href":"https:\/\/api.w.org\/{rel}","templated":true}]}}