{"id":5269,"date":"2015-01-13T00:00:00","date_gmt":"2015-01-12T23:00:00","guid":{"rendered":"https:\/\/lightweb.dev\/l\/svm-temp\/spanien-just-nu-eus-snabbast-vaxande-ekonomi\/"},"modified":"2015-01-13T00:00:00","modified_gmt":"2015-01-12T23:00:00","slug":"spanien-just-nu-eus-snabbast-vaxande-ekonomi","status":"publish","type":"post","link":"https:\/\/lightweb.dev\/l\/svm-temp\/artiklar\/spanien-just-nu-eus-snabbast-vaxande-ekonomi\/","title":{"rendered":"Spanien just nu \u2013 EU:s snabbast v\u00e4xande ekonomi"},"content":{"rendered":"<p> Finns det n\u00e5gra sk\u00e4l att vara optimistisk inf\u00f6r 2015? Tillv\u00e4xten i Spanien v\u00e4ntas ligga p\u00e5 \u00f6ver tv\u00e5 procent vilket g\u00f6r landet till ett av EU:s fr\u00e4msta tillv\u00e4xtl\u00e4nder. Fallande oljepris, en l\u00e5g euro-kurs, l\u00e5ga r\u00e4ntor och finanspolitiska l\u00e4ttnader driver BNP-prognoser upp\u00e5t. Av Ola Josefsson<\/p>\n<p>En del g\u00f6r sig g\u00e4rna lustiga och roliga \u00f6ver Spaniens regeringschef Mariano Rajoys optimistiska uttalanden inf\u00f6r 2015 och att krisen \u00e4r historia. Seri\u00f6sa bed\u00f6mare pekar hellre p\u00e5 faktiska siffror som visar att mycket g\u00e5r Spaniens v\u00e4g just f\u00f6r tillf\u00e4llet.<\/p>\n<p>I slutet p\u00e5 f\u00f6rra \u00e5ret publicerades flera upprevideringar av tillv\u00e4xtprognosen f\u00f6r Spanien. En prognos fr\u00e5n Funcas (Fundaci\u00f3n de las Cajas de Ahorros) tror p\u00e5 en tillv\u00e4xt p\u00e5 2,4 procent medan La Caixa tippar 1,9 procent.<\/p>\n<p>Priset p\u00e5 olja per fat var i mitten p\u00e5 december det l\u00e4gsta p\u00e5 fem \u00e5r, 60 dollar. D\u00e5 ska vi t\u00e4nka p\u00e5 att priset s\u00e5 sent som i juni 2014 l\u00e5g p\u00e5 115 dollar per fat. Det handlar allts\u00e5 om ett prisfall p\u00e5 n\u00e4ra 50 procent vilket \u00e4r en viktig injektion f\u00f6r den spanska ekonomin som m\u00e5ste importera n\u00e4stan all olja.<br \/>\nUnder fjol\u00e5ret konsumerade Spanien 420 miljoner fat olja som kostade 34, 8 miljarder euro. Uppskattningar som La Caixa har gjort skulle det inneb\u00e4ra besparingar f\u00f6r Spanien p\u00e5 mellan 3,36 och 5.88 miljarder euro.<\/p>\n<p>I regeringens budget f\u00f6r 2015 f\u00f6rv\u00e4ntades oljepriset ligga p\u00e5 104 dollar per fat. Finansministern Luis de Guindos talar nu om en positiv effekt p\u00e5 100 miljarder euro. Oljepriset v\u00e4ntas liga l\u00e5gt d\u00e5 OPEC trots \u00f6verproduktion inte t\u00e4nker skruva \u00e5t kranarna.<\/p>\n<p>N\u00e4r fjol\u00e5ret inleddes stod euron i 1,38 dollar. Vid \u00e5rsskiftet 2014\/2015 l\u00e5g priset f\u00f6r en euro p\u00e5 omkring 1,24 dollar. En l\u00e5g euro-kurs och l\u00e5ga r\u00e4ntor ger medvind f\u00f6r den nationella ekonomin. Det gynnar exporten till l\u00e4nderna utanf\u00f6r euroomr\u00e5det och lockar \u00e4ven utl\u00e4ndska turister.<br \/>\nExportsiffror f\u00f6r perioden januari till september visade att 50 procent av den totala exporten gick till l\u00e4nder i euro-zonen. 13,8 procent gick till \u00f6vriga EU-l\u00e4nder och 36,3 procent till l\u00e4nder utanf\u00f6r EU. 2015 kan bli ett bra \u00e5r f\u00f6r Spanien som kan bli den snabbast v\u00e4xande ekonomin i euro-omr\u00e5det.<\/p>\n<p>Under 2015 v\u00e4ntar h\u00f6gerregeringen inf\u00f6ra skattereformer som kommer att ge tillskott  p\u00e5 fyra miljarder euro till skattebetalarna i och och med att inkomstskatten och bolagsskatten s\u00e4nks.<\/p>\n<p>\u00c4ven nybyggnationen v\u00e4ntas komma ig\u00e5ng under 2015. Sju \u00e5r efter den spruckna fastighetsbubblan \u00f6kar investeringarna i byggsektorn \u00e4ven om det inte blir som p\u00e5 2000-talets b\u00f6rjan d\u00e5 Spanien byggde 700.000 bost\u00e4der, lika m\u00e5nga som Frankrike, Tyskland och England byggde totalt.<br \/>\nEnligt en rapport fr\u00e5n BBVA f\u00f6rv\u00e4ntas bostadsinvesteringarna \u00f6ka under 2015 med 4,9 procent. Det kan j\u00e4mf\u00f6ras med 2013 och 2014 d\u00e5 bostadsinvesteringarna backade med 8 procent respektive 3,6 procent.<br \/>\nMindre os\u00e4kerhet p\u00e5 arbetsmarknaden, en stabilisering av bostadspriserna samt att hypoteksl\u00e5net Euribor ligger p\u00e5 historiskt l\u00e5g niv\u00e5 bidrar till uppg\u00e5ngen.<\/p>\n<p>Det finns dock problem i EU som kan p\u00e5verka Spanien. Ett bekymmer \u00e4r en f\u00f6rl\u00e4ngd stagnation i euroomr\u00e5det. Det andra bekymret \u00e4r politiskt d\u00e5 populismen \u00f6kar. I Spanien v\u00e4ntar allm\u00e4nna val i slutet p\u00e5 \u00e5ret och opinionsunders\u00f6kningar f\u00f6rutsp\u00e5r \u00f6kad splittring och fragmentering vilket kan g\u00f6ra det sv\u00e5rare att driva igenom reformer.<\/p>\n<p>F\u00f6r svenskkolonin p\u00e5 Costa del Sol och Costa Tropical blir det ett intressant \u00e5r. Svenska Magasinet ber\u00e4ttade i december att 570 bostadsk\u00f6p i provinsen M\u00e1laga gjordes av svenskar under de sex f\u00f6rsta m\u00e5naderna 2014. Det var en \u00f6kning med tolv procent. Av utl\u00e4nningar k\u00f6per endast britter fler bost\u00e4der.<br \/>\nBostadsf\u00f6rs\u00e4ljningen till utl\u00e4nningar p\u00e5 Solkusten steg med 45 procent under \u00e5rets f\u00f6rsta halv\u00e5r j\u00e4mf\u00f6rt med samma period 2013. Totalt gjordes 4.739 bostadsk\u00f6p av utl\u00e4nningar vilket \u00e4r den h\u00f6gsta siffran p\u00e5 m\u00e5nga \u00e5r. <\/p>\n<p>Det ska bli intressant att ta del av f\u00f6rs\u00e4ljningsstatistiken f\u00f6r hela 2014 n\u00e4r den kommer. L\u00e5t oss redan konstatera att den svenska kolonin v\u00e4xer \u2013 och blir yngre. Svenska skolan i Marbella har nu runt 70 elever vilket \u00e4r rekord, och skolan i Fuengirola har \u00f6ver 220 elever.<br \/>\nDet svenska n\u00e4ringslivet p\u00e5 Solkusten tycks g\u00e5 bra d\u00e5 runt 35.000 svenskar har en fast anknytning till platsen. Och de l\u00e4r bli fler d\u00e5 charterresandet \u00e4r tillbaka p\u00e5 Solkusten efter tio \u00e5r. Solresor, Albatros travel och Airtours \u00e4r bolag som satsar p\u00e5 Costa del Sol.<\/p>\n<p>Under 2015 v\u00e4ntar fler positiva nyheter. Jag t\u00e4nker d\u00e5 p\u00e5 invigningen av den renoverade Caminito el Rey vid sj\u00f6arna norr om M\u00e1laga. Vandringsleden som bjuder p\u00e5 hissnande naturupplevelser kommer troligtvis att nyinvigas av kung Felipe VI. Historien upprepar sig d\u00e5 det var Felipes farfars far Alfonso XIII som invigde den 1921.<br \/>\nSedan v\u00e4ntar invigningar i M\u00e1laga av Centre Pompidou och en filial och museum till ryska statliga museet i Sankt Petersburg. M\u00e1laga blir Spaniens tredje kulturstad efter Madrid och Barcelona.<\/p>\n","protected":false},"excerpt":{"rendered":"<p>Finns det n\u00e5gra sk\u00e4l att vara optimistisk inf\u00f6r 2015? Tillv\u00e4xten i Spanien v\u00e4ntas ligga p\u00e5 \u00f6ver tv\u00e5 procent vilket g\u00f6r landet till ett av EU:s fr\u00e4msta tillv\u00e4xtl\u00e4nder. Fallande oljepris, en l\u00e5g euro-kurs, l\u00e5ga r\u00e4ntor och finanspolitiska l\u00e4ttnader driver BNP-prognoser upp\u00e5t. Av Ola Josefsson En del g\u00f6r sig g\u00e4rna lustiga och roliga \u00f6ver Spaniens regeringschef Mariano [&hellip;]<\/p>\n","protected":false},"author":8,"featured_media":5270,"comment_status":"open","ping_status":"open","sticky":false,"template":"","format":"standard","meta":{"_et_pb_use_builder":"","_et_pb_old_content":"","_et_gb_content_width":"","footnotes":""},"categories":[4,36],"tags":[],"class_list":["post-5269","post","type-post","status-publish","format-standard","has-post-thumbnail","hentry","category-artiklar","category-spanien-just-nu"],"yoast_head":"<!-- This site is optimized with the Yoast SEO Premium plugin v26.2 (Yoast SEO v27.4) - https:\/\/yoast.com\/product\/yoast-seo-premium-wordpress\/ -->\n<title>Spanien just nu \u2013 EU:s snabbast v\u00e4xande ekonomi - Svenska Magasinet<\/title>\n<meta name=\"robots\" content=\"noindex, follow, max-snippet:-1, max-image-preview:large, max-video-preview:-1\" \/>\n<meta property=\"og:locale\" content=\"sv_SE\" \/>\n<meta property=\"og:type\" content=\"article\" \/>\n<meta property=\"og:title\" content=\"Spanien just nu \u2013 EU:s snabbast v\u00e4xande ekonomi\" \/>\n<meta property=\"og:description\" content=\"Finns det n\u00e5gra sk\u00e4l att vara optimistisk inf\u00f6r 2015? Tillv\u00e4xten i Spanien v\u00e4ntas ligga p\u00e5 \u00f6ver tv\u00e5 procent vilket g\u00f6r landet till ett av EU:s fr\u00e4msta tillv\u00e4xtl\u00e4nder. Fallande oljepris, en l\u00e5g euro-kurs, l\u00e5ga r\u00e4ntor och finanspolitiska l\u00e4ttnader driver BNP-prognoser upp\u00e5t. Av Ola Josefsson En del g\u00f6r sig g\u00e4rna lustiga och roliga \u00f6ver Spaniens regeringschef Mariano [&hellip;]\" \/>\n<meta property=\"og:url\" content=\"https:\/\/lightweb.dev\/l\/svm-temp\/artiklar\/spanien-just-nu-eus-snabbast-vaxande-ekonomi\/\" \/>\n<meta property=\"og:site_name\" content=\"Svenska Magasinet\" \/>\n<meta property=\"article:publisher\" content=\"https:\/\/www.facebook.com\/svenskamagasinet\" \/>\n<meta property=\"article:published_time\" content=\"2015-01-12T23:00:00+00:00\" \/>\n<meta property=\"og:image\" content=\"https:\/\/lightweb.dev\/l\/svm-temp\/wp-content\/uploads\/2022\/04\/spanien-just-nu-eu-s-snabbast-vxande-ekonomi.png\" \/>\n\t<meta property=\"og:image:width\" content=\"280\" \/>\n\t<meta property=\"og:image:height\" content=\"419\" \/>\n\t<meta property=\"og:image:type\" content=\"image\/png\" \/>\n<meta name=\"author\" content=\"Redaktionen SvM\" \/>\n<meta name=\"twitter:card\" content=\"summary_large_image\" \/>\n<meta name=\"twitter:creator\" content=\"@SvenskaMagasine\" \/>\n<meta name=\"twitter:site\" content=\"@SvenskaMagasine\" \/>\n<script type=\"application\/ld+json\" class=\"yoast-schema-graph\">{\"@context\":\"https:\\\/\\\/schema.org\",\"@graph\":[{\"@type\":\"Article\",\"@id\":\"https:\\\/\\\/lightweb.dev\\\/l\\\/svm-temp\\\/artiklar\\\/spanien-just-nu-eus-snabbast-vaxande-ekonomi\\\/#article\",\"isPartOf\":{\"@id\":\"https:\\\/\\\/lightweb.dev\\\/l\\\/svm-temp\\\/artiklar\\\/spanien-just-nu-eus-snabbast-vaxande-ekonomi\\\/\"},\"author\":{\"name\":\"Redaktionen SvM\",\"@id\":\"https:\\\/\\\/lightweb.dev\\\/l\\\/svm-temp\\\/#\\\/schema\\\/person\\\/206a3bda5b607b0c25e1749191e4d837\"},\"headline\":\"Spanien just nu \u2013 EU:s snabbast v\u00e4xande ekonomi\",\"datePublished\":\"2015-01-12T23:00:00+00:00\",\"mainEntityOfPage\":{\"@id\":\"https:\\\/\\\/lightweb.dev\\\/l\\\/svm-temp\\\/artiklar\\\/spanien-just-nu-eus-snabbast-vaxande-ekonomi\\\/\"},\"wordCount\":858,\"commentCount\":0,\"publisher\":{\"@id\":\"https:\\\/\\\/lightweb.dev\\\/l\\\/svm-temp\\\/#organization\"},\"image\":{\"@id\":\"https:\\\/\\\/lightweb.dev\\\/l\\\/svm-temp\\\/artiklar\\\/spanien-just-nu-eus-snabbast-vaxande-ekonomi\\\/#primaryimage\"},\"thumbnailUrl\":\"https:\\\/\\\/lightweb.dev\\\/l\\\/svm-temp\\\/wp-content\\\/uploads\\\/2022\\\/04\\\/spanien-just-nu-eu-s-snabbast-vxande-ekonomi.png\",\"articleSection\":[\"Artiklar\",\"Spanien just nu\"],\"inLanguage\":\"sv-SE\"},{\"@type\":\"WebPage\",\"@id\":\"https:\\\/\\\/lightweb.dev\\\/l\\\/svm-temp\\\/artiklar\\\/spanien-just-nu-eus-snabbast-vaxande-ekonomi\\\/\",\"url\":\"https:\\\/\\\/lightweb.dev\\\/l\\\/svm-temp\\\/artiklar\\\/spanien-just-nu-eus-snabbast-vaxande-ekonomi\\\/\",\"name\":\"Spanien just nu \u2013 EU:s snabbast v\u00e4xande ekonomi - Svenska Magasinet\",\"isPartOf\":{\"@id\":\"https:\\\/\\\/lightweb.dev\\\/l\\\/svm-temp\\\/#website\"},\"primaryImageOfPage\":{\"@id\":\"https:\\\/\\\/lightweb.dev\\\/l\\\/svm-temp\\\/artiklar\\\/spanien-just-nu-eus-snabbast-vaxande-ekonomi\\\/#primaryimage\"},\"image\":{\"@id\":\"https:\\\/\\\/lightweb.dev\\\/l\\\/svm-temp\\\/artiklar\\\/spanien-just-nu-eus-snabbast-vaxande-ekonomi\\\/#primaryimage\"},\"thumbnailUrl\":\"https:\\\/\\\/lightweb.dev\\\/l\\\/svm-temp\\\/wp-content\\\/uploads\\\/2022\\\/04\\\/spanien-just-nu-eu-s-snabbast-vxande-ekonomi.png\",\"datePublished\":\"2015-01-12T23:00:00+00:00\",\"breadcrumb\":{\"@id\":\"https:\\\/\\\/lightweb.dev\\\/l\\\/svm-temp\\\/artiklar\\\/spanien-just-nu-eus-snabbast-vaxande-ekonomi\\\/#breadcrumb\"},\"inLanguage\":\"sv-SE\",\"potentialAction\":[{\"@type\":\"ReadAction\",\"target\":[\"https:\\\/\\\/lightweb.dev\\\/l\\\/svm-temp\\\/artiklar\\\/spanien-just-nu-eus-snabbast-vaxande-ekonomi\\\/\"]}]},{\"@type\":\"ImageObject\",\"inLanguage\":\"sv-SE\",\"@id\":\"https:\\\/\\\/lightweb.dev\\\/l\\\/svm-temp\\\/artiklar\\\/spanien-just-nu-eus-snabbast-vaxande-ekonomi\\\/#primaryimage\",\"url\":\"https:\\\/\\\/lightweb.dev\\\/l\\\/svm-temp\\\/wp-content\\\/uploads\\\/2022\\\/04\\\/spanien-just-nu-eu-s-snabbast-vxande-ekonomi.png\",\"contentUrl\":\"https:\\\/\\\/lightweb.dev\\\/l\\\/svm-temp\\\/wp-content\\\/uploads\\\/2022\\\/04\\\/spanien-just-nu-eu-s-snabbast-vxande-ekonomi.png\",\"width\":280,\"height\":419},{\"@type\":\"BreadcrumbList\",\"@id\":\"https:\\\/\\\/lightweb.dev\\\/l\\\/svm-temp\\\/artiklar\\\/spanien-just-nu-eus-snabbast-vaxande-ekonomi\\\/#breadcrumb\",\"itemListElement\":[{\"@type\":\"ListItem\",\"position\":1,\"name\":\"Hem\",\"item\":\"https:\\\/\\\/lightweb.dev\\\/l\\\/svm-temp\\\/\"},{\"@type\":\"ListItem\",\"position\":2,\"name\":\"Spanien just nu \u2013 EU:s snabbast v\u00e4xande ekonomi\"}]},{\"@type\":\"WebSite\",\"@id\":\"https:\\\/\\\/lightweb.dev\\\/l\\\/svm-temp\\\/#website\",\"url\":\"https:\\\/\\\/lightweb.dev\\\/l\\\/svm-temp\\\/\",\"name\":\"Svenska Magasinet\",\"description\":\"Dina Spanska nyheter p&aring; Svenska\",\"publisher\":{\"@id\":\"https:\\\/\\\/lightweb.dev\\\/l\\\/svm-temp\\\/#organization\"},\"potentialAction\":[{\"@type\":\"SearchAction\",\"target\":{\"@type\":\"EntryPoint\",\"urlTemplate\":\"https:\\\/\\\/lightweb.dev\\\/l\\\/svm-temp\\\/?s={search_term_string}\"},\"query-input\":{\"@type\":\"PropertyValueSpecification\",\"valueRequired\":true,\"valueName\":\"search_term_string\"}}],\"inLanguage\":\"sv-SE\"},{\"@type\":\"Organization\",\"@id\":\"https:\\\/\\\/lightweb.dev\\\/l\\\/svm-temp\\\/#organization\",\"name\":\"Melkerson y Nott SL\",\"alternateName\":\"Svenska Magasinet\",\"url\":\"https:\\\/\\\/lightweb.dev\\\/l\\\/svm-temp\\\/\",\"logo\":{\"@type\":\"ImageObject\",\"inLanguage\":\"sv-SE\",\"@id\":\"https:\\\/\\\/lightweb.dev\\\/l\\\/svm-temp\\\/#\\\/schema\\\/logo\\\/image\\\/\",\"url\":\"https:\\\/\\\/lightweb.dev\\\/l\\\/svm-temp\\\/wp-content\\\/uploads\\\/2025\\\/02\\\/SvM-logo-Xtra-Centrerad-SVART.png\",\"contentUrl\":\"https:\\\/\\\/lightweb.dev\\\/l\\\/svm-temp\\\/wp-content\\\/uploads\\\/2025\\\/02\\\/SvM-logo-Xtra-Centrerad-SVART.png\",\"width\":300,\"height\":99,\"caption\":\"Melkerson y Nott SL\"},\"image\":{\"@id\":\"https:\\\/\\\/lightweb.dev\\\/l\\\/svm-temp\\\/#\\\/schema\\\/logo\\\/image\\\/\"},\"sameAs\":[\"https:\\\/\\\/www.facebook.com\\\/svenskamagasinet\",\"https:\\\/\\\/x.com\\\/SvenskaMagasine\"]},{\"@type\":\"Person\",\"@id\":\"https:\\\/\\\/lightweb.dev\\\/l\\\/svm-temp\\\/#\\\/schema\\\/person\\\/206a3bda5b607b0c25e1749191e4d837\",\"name\":\"Redaktionen SvM\",\"description\":\"Redaktionen\",\"sameAs\":[\"https:\\\/\\\/lightweb.dev\\\/l\\\/svm-temp\"],\"url\":\"https:\\\/\\\/lightweb.dev\\\/l\\\/svm-temp\\\/reporter\\\/redaktionen\\\/\"}]}<\/script>\n<!-- \/ Yoast SEO Premium plugin. -->","yoast_head_json":{"title":"Spanien just nu \u2013 EU:s snabbast v\u00e4xande ekonomi - Svenska Magasinet","robots":{"index":"noindex","follow":"follow","max-snippet":"max-snippet:-1","max-image-preview":"max-image-preview:large","max-video-preview":"max-video-preview:-1"},"og_locale":"sv_SE","og_type":"article","og_title":"Spanien just nu \u2013 EU:s snabbast v\u00e4xande ekonomi","og_description":"Finns det n\u00e5gra sk\u00e4l att vara optimistisk inf\u00f6r 2015? Tillv\u00e4xten i Spanien v\u00e4ntas ligga p\u00e5 \u00f6ver tv\u00e5 procent vilket g\u00f6r landet till ett av EU:s fr\u00e4msta tillv\u00e4xtl\u00e4nder. Fallande oljepris, en l\u00e5g euro-kurs, l\u00e5ga r\u00e4ntor och finanspolitiska l\u00e4ttnader driver BNP-prognoser upp\u00e5t. Av Ola Josefsson En del g\u00f6r sig g\u00e4rna lustiga och roliga \u00f6ver Spaniens regeringschef Mariano [&hellip;]","og_url":"https:\/\/lightweb.dev\/l\/svm-temp\/artiklar\/spanien-just-nu-eus-snabbast-vaxande-ekonomi\/","og_site_name":"Svenska Magasinet","article_publisher":"https:\/\/www.facebook.com\/svenskamagasinet","article_published_time":"2015-01-12T23:00:00+00:00","og_image":[{"width":280,"height":419,"url":"https:\/\/lightweb.dev\/l\/svm-temp\/wp-content\/uploads\/2022\/04\/spanien-just-nu-eu-s-snabbast-vxande-ekonomi.png","type":"image\/png"}],"author":"Redaktionen SvM","twitter_card":"summary_large_image","twitter_creator":"@SvenskaMagasine","twitter_site":"@SvenskaMagasine","schema":{"@context":"https:\/\/schema.org","@graph":[{"@type":"Article","@id":"https:\/\/lightweb.dev\/l\/svm-temp\/artiklar\/spanien-just-nu-eus-snabbast-vaxande-ekonomi\/#article","isPartOf":{"@id":"https:\/\/lightweb.dev\/l\/svm-temp\/artiklar\/spanien-just-nu-eus-snabbast-vaxande-ekonomi\/"},"author":{"name":"Redaktionen SvM","@id":"https:\/\/lightweb.dev\/l\/svm-temp\/#\/schema\/person\/206a3bda5b607b0c25e1749191e4d837"},"headline":"Spanien just nu \u2013 EU:s snabbast v\u00e4xande ekonomi","datePublished":"2015-01-12T23:00:00+00:00","mainEntityOfPage":{"@id":"https:\/\/lightweb.dev\/l\/svm-temp\/artiklar\/spanien-just-nu-eus-snabbast-vaxande-ekonomi\/"},"wordCount":858,"commentCount":0,"publisher":{"@id":"https:\/\/lightweb.dev\/l\/svm-temp\/#organization"},"image":{"@id":"https:\/\/lightweb.dev\/l\/svm-temp\/artiklar\/spanien-just-nu-eus-snabbast-vaxande-ekonomi\/#primaryimage"},"thumbnailUrl":"https:\/\/lightweb.dev\/l\/svm-temp\/wp-content\/uploads\/2022\/04\/spanien-just-nu-eu-s-snabbast-vxande-ekonomi.png","articleSection":["Artiklar","Spanien just nu"],"inLanguage":"sv-SE"},{"@type":"WebPage","@id":"https:\/\/lightweb.dev\/l\/svm-temp\/artiklar\/spanien-just-nu-eus-snabbast-vaxande-ekonomi\/","url":"https:\/\/lightweb.dev\/l\/svm-temp\/artiklar\/spanien-just-nu-eus-snabbast-vaxande-ekonomi\/","name":"Spanien just nu \u2013 EU:s snabbast v\u00e4xande ekonomi - Svenska Magasinet","isPartOf":{"@id":"https:\/\/lightweb.dev\/l\/svm-temp\/#website"},"primaryImageOfPage":{"@id":"https:\/\/lightweb.dev\/l\/svm-temp\/artiklar\/spanien-just-nu-eus-snabbast-vaxande-ekonomi\/#primaryimage"},"image":{"@id":"https:\/\/lightweb.dev\/l\/svm-temp\/artiklar\/spanien-just-nu-eus-snabbast-vaxande-ekonomi\/#primaryimage"},"thumbnailUrl":"https:\/\/lightweb.dev\/l\/svm-temp\/wp-content\/uploads\/2022\/04\/spanien-just-nu-eu-s-snabbast-vxande-ekonomi.png","datePublished":"2015-01-12T23:00:00+00:00","breadcrumb":{"@id":"https:\/\/lightweb.dev\/l\/svm-temp\/artiklar\/spanien-just-nu-eus-snabbast-vaxande-ekonomi\/#breadcrumb"},"inLanguage":"sv-SE","potentialAction":[{"@type":"ReadAction","target":["https:\/\/lightweb.dev\/l\/svm-temp\/artiklar\/spanien-just-nu-eus-snabbast-vaxande-ekonomi\/"]}]},{"@type":"ImageObject","inLanguage":"sv-SE","@id":"https:\/\/lightweb.dev\/l\/svm-temp\/artiklar\/spanien-just-nu-eus-snabbast-vaxande-ekonomi\/#primaryimage","url":"https:\/\/lightweb.dev\/l\/svm-temp\/wp-content\/uploads\/2022\/04\/spanien-just-nu-eu-s-snabbast-vxande-ekonomi.png","contentUrl":"https:\/\/lightweb.dev\/l\/svm-temp\/wp-content\/uploads\/2022\/04\/spanien-just-nu-eu-s-snabbast-vxande-ekonomi.png","width":280,"height":419},{"@type":"BreadcrumbList","@id":"https:\/\/lightweb.dev\/l\/svm-temp\/artiklar\/spanien-just-nu-eus-snabbast-vaxande-ekonomi\/#breadcrumb","itemListElement":[{"@type":"ListItem","position":1,"name":"Hem","item":"https:\/\/lightweb.dev\/l\/svm-temp\/"},{"@type":"ListItem","position":2,"name":"Spanien just nu \u2013 EU:s snabbast v\u00e4xande ekonomi"}]},{"@type":"WebSite","@id":"https:\/\/lightweb.dev\/l\/svm-temp\/#website","url":"https:\/\/lightweb.dev\/l\/svm-temp\/","name":"Svenska Magasinet","description":"Dina Spanska nyheter p&aring; Svenska","publisher":{"@id":"https:\/\/lightweb.dev\/l\/svm-temp\/#organization"},"potentialAction":[{"@type":"SearchAction","target":{"@type":"EntryPoint","urlTemplate":"https:\/\/lightweb.dev\/l\/svm-temp\/?s={search_term_string}"},"query-input":{"@type":"PropertyValueSpecification","valueRequired":true,"valueName":"search_term_string"}}],"inLanguage":"sv-SE"},{"@type":"Organization","@id":"https:\/\/lightweb.dev\/l\/svm-temp\/#organization","name":"Melkerson y Nott SL","alternateName":"Svenska Magasinet","url":"https:\/\/lightweb.dev\/l\/svm-temp\/","logo":{"@type":"ImageObject","inLanguage":"sv-SE","@id":"https:\/\/lightweb.dev\/l\/svm-temp\/#\/schema\/logo\/image\/","url":"https:\/\/lightweb.dev\/l\/svm-temp\/wp-content\/uploads\/2025\/02\/SvM-logo-Xtra-Centrerad-SVART.png","contentUrl":"https:\/\/lightweb.dev\/l\/svm-temp\/wp-content\/uploads\/2025\/02\/SvM-logo-Xtra-Centrerad-SVART.png","width":300,"height":99,"caption":"Melkerson y Nott SL"},"image":{"@id":"https:\/\/lightweb.dev\/l\/svm-temp\/#\/schema\/logo\/image\/"},"sameAs":["https:\/\/www.facebook.com\/svenskamagasinet","https:\/\/x.com\/SvenskaMagasine"]},{"@type":"Person","@id":"https:\/\/lightweb.dev\/l\/svm-temp\/#\/schema\/person\/206a3bda5b607b0c25e1749191e4d837","name":"Redaktionen SvM","description":"Redaktionen","sameAs":["https:\/\/lightweb.dev\/l\/svm-temp"],"url":"https:\/\/lightweb.dev\/l\/svm-temp\/reporter\/redaktionen\/"}]}},"_links":{"self":[{"href":"https:\/\/lightweb.dev\/l\/svm-temp\/wp-json\/wp\/v2\/posts\/5269","targetHints":{"allow":["GET"]}}],"collection":[{"href":"https:\/\/lightweb.dev\/l\/svm-temp\/wp-json\/wp\/v2\/posts"}],"about":[{"href":"https:\/\/lightweb.dev\/l\/svm-temp\/wp-json\/wp\/v2\/types\/post"}],"author":[{"embeddable":true,"href":"https:\/\/lightweb.dev\/l\/svm-temp\/wp-json\/wp\/v2\/users\/8"}],"replies":[{"embeddable":true,"href":"https:\/\/lightweb.dev\/l\/svm-temp\/wp-json\/wp\/v2\/comments?post=5269"}],"version-history":[{"count":0,"href":"https:\/\/lightweb.dev\/l\/svm-temp\/wp-json\/wp\/v2\/posts\/5269\/revisions"}],"wp:featuredmedia":[{"embeddable":true,"href":"https:\/\/lightweb.dev\/l\/svm-temp\/wp-json\/wp\/v2\/media\/5270"}],"wp:attachment":[{"href":"https:\/\/lightweb.dev\/l\/svm-temp\/wp-json\/wp\/v2\/media?parent=5269"}],"wp:term":[{"taxonomy":"category","embeddable":true,"href":"https:\/\/lightweb.dev\/l\/svm-temp\/wp-json\/wp\/v2\/categories?post=5269"},{"taxonomy":"post_tag","embeddable":true,"href":"https:\/\/lightweb.dev\/l\/svm-temp\/wp-json\/wp\/v2\/tags?post=5269"}],"curies":[{"name":"wp","href":"https:\/\/api.w.org\/{rel}","templated":true}]}}