{"id":5271,"date":"2015-01-13T00:00:00","date_gmt":"2015-01-12T23:00:00","guid":{"rendered":"https:\/\/lightweb.dev\/l\/svm-temp\/spanien-tar-i-med-hardhandskarna-mot-fotbollshuliganer-det-verbala-valdet-ar-troskeln-till-fysiskt-vald\/"},"modified":"2015-01-13T00:00:00","modified_gmt":"2015-01-12T23:00:00","slug":"spanien-tar-i-med-hardhandskarna-mot-fotbollshuliganer-det-verbala-valdet-ar-troskeln-till-fysiskt-vald","status":"publish","type":"post","link":"https:\/\/lightweb.dev\/l\/svm-temp\/artiklar\/spanien-tar-i-med-hardhandskarna-mot-fotbollshuliganer-det-verbala-valdet-ar-troskeln-till-fysiskt-vald\/","title":{"rendered":"Spanien tar i med h\u00e5rdhandskarna mot fotbollshuliganer &#8211; \u201dDet verbala v\u00e5ldet \u00e4r tr\u00f6skeln till fysiskt v\u00e5ld\u201d"},"content":{"rendered":"<p> D\u00f6dsmisshandeln i samband med en allsvensk fotbollsmatch i Helsingborg v\u00e5ren 2014 f\u00f6ljdes upp med ytterligare en d\u00f6dsmisshandel i Madrid d\u00e5 \u201dultras\u201d eller extrema supporterklubbar hos Atl\u00e9tico och Deportivo de la Coru\u00f1a drabbade samman. N\u00e4r man i Sverige velar efter varje uppg\u00f6relse mellan supportrar, tar Spanien itu med problemet och \u00e4mnet debatteras i kongressen. Av Ola Josefsson<\/p>\n<p>V\u00e4nsterextremister och h\u00f6gerextremister har tagit sig in p\u00e5 fotbollsarenorna i Spanien. Fotbollen har blivit en scen d\u00e4r ideologier saluf\u00f6rs.<br \/>\n\u201dDagen n\u00e4r jag d\u00f6r vill jag att min kista ska vara m\u00e5lad i bl\u00e5-vitt precis som mitt hj\u00e4rta\u201d.<br \/>\nDen k\u00e4nda texten fr\u00e5n en kamps\u00e5ng f\u00f6ljde Francisco Jos\u00e9 Romero Taboada, k\u00e4nd under smeknamnet \u201dJimmy\u201d, n\u00e4r han begravdes efter att ha blivit misshandlad till d\u00f6ds inf\u00f6r en fotbollsmatch.<br \/>\n\u201dJimmy\u201d tillh\u00f6rde den v\u00e5ldsamma v\u00e4nsterextrema r\u00f6relsen Los Suaves som \u00e4r en del av supporterklubben Riazor Blues. De drabbade samman med supportrar ur h\u00f6gerextrema Frente Atl\u00e9tico n\u00e4ra floden Manzanares i Madrid.<br \/>\nP\u00e5 platsen har n\u00e5gon skrivit: \u201dH\u00e4r m\u00f6rdades Francisco J. Romero. Vi ska varken gl\u00f6mma eller f\u00f6rl\u00e5ta\u201d.<\/p>\n<p>Nu vidtar den spanska regeringen kraftfulla \u00e5tg\u00e4rder mot supportrar som upptr\u00e4der som intoleranta fanatiker. Politiskt v\u00e5ld h\u00f6r inte hemma varken i supporterklubbar eller p\u00e5 fotbollsplanen.<br \/>\nF\u00f6r att f\u00f6rhindra att h\u00e4ndelsen i Madrid den 30 november upprepas kr\u00e4ver regeringen ett aktivt samarbete med klubbarna.<\/p>\n<p>Det var brister i informationen mellan s\u00e4kerhetsansvariga inom supporterklubbarna som orsakade att supportern \u201dJimmy\u201d, misshandlades till d\u00f6ds i Madrid. Det s\u00e4ger Spaniens statssekreterare inom s\u00e4kerhet och idrott, Francisco Mart\u00ednez, respektive Miguel Cardenal.<\/p>\n<p>Supporterklubbar till Deportivo de la Coru\u00f1a och Atl\u00e9tico de Madrid har s\u00e4kerhetsansvariga som ska informera polisen om eventuella h\u00f6griskmatcher och supportrarnas planerade m\u00f6ten. Informationen till polisen uteblev inf\u00f6r den 30 november d\u00e5 flera supporterg\u00e4ng planerade en uppg\u00f6relse tidigt p\u00e5 s\u00f6ndagsmorgonen n\u00e4ra stadion Vicente Calder\u00f3n i Madrid.<br \/>\n&#8211; Det blir sv\u00e5rt f\u00f6r polisen att g\u00f6ra sitt jobb om inte informationen g\u00e5r fram, s\u00e4ger Francisco Mart\u00ednez som till\u00e4gger att Deportivo de la Coru\u00f1a inte informerade om vilka planer den extrema supportklubben Riazor Blues hade.<\/p>\n<p>Spaniens idrottsminister Jos\u00e9 Ignacio Wert f\u00f6rtydligar regeringens \u00e5tg\u00e4rder med att det inte bara handlar om att bek\u00e4mpa fysiskt v\u00e5ld inom fotbollen, \u00e4ven \u201dv\u00e5ldssymboler och rasistiska eller fr\u00e4mlingsfientliga uttryck\u201d ska bort fr\u00e5n arenorna.<\/p>\n<p>I en radiointervju f\u00f6r RNE sa idrottsministern nyligen:<br \/>\n&#8211; Jag \u00e4r medveten om att fotboll inte \u00e4r tennis eller golf. Fotboll spelas p\u00e5 en stadion med 90.000 personer som h\u00f6rs st\u00e4ndigt. Men arenan \u00e4r ingen plats som uppmuntrar till rasistiska och fr\u00e4mlingsfientlig budskap. Det ska vara rent spel, inte bara p\u00e5 plan utan \u00e4ven p\u00e5 l\u00e4ktarna.<br \/>\nEsteban Ibarra \u00e4r president i r\u00f6relsen mot intolerans (Movimiento contra la Intolerancia) och han beskriver tillst\u00e5ndet som en cancersvulst.<br \/>\n\u201dFotboll genererar inte v\u00e5ld. Det \u00e4r v\u00e5ldet som har introducerats i fotbollen med ideologier som infiltrerar\u201d.<\/p>\n<p>  Regeringen vill ocks\u00e5 f\u00e5 stopp p\u00e5 alla f\u00f6rol\u00e4mpningar i hejaramsor som haglar fr\u00e5n l\u00e4ktarplats p\u00e5 de spanska arenorna.<br \/>\n\u201dDet sunda f\u00f6rnuftet s\u00e4ger att \u00e4ven det verbala v\u00e5ldet ska sanktioneras\u201d s\u00e4ger Miguel Cardenal.<\/p>\n<p>D\u00e4rf\u00f6r har LFP (Liga de F\u00fatbol Profesional) f\u00f6rd\u00f6mt och anm\u00e4lt Real Madrid, Barcelona, Deportivo, Rayo Vallecano och Granada f\u00f6r f\u00f6rol\u00e4mpningar som h\u00f6rdes fr\u00e5n publiken under den 14:e omg\u00e5ngen. Klubbar kommer att b\u00f6tf\u00e4llas n\u00e4r publikens hejaramsor inneh\u00e5ller \u00e4rekr\u00e4nkande, neds\u00e4ttande, rasistiska eller fr\u00e4mlingsfientlig ord.<br \/>\nLFP har redan anm\u00e4lt Real Madrid d\u00e4r publiken har skrikit \u201dHoran Bar\u00e7a, horan Katalonien\u201d. Rayo Vallecano b\u00f6tf\u00e4lls efter att publiken ropat \u201dAtl\u00e9tico-skit\u201d, \u201dFrente Atl\u00e9tico, m\u00f6rdare\u201d med mera, med mera.<\/p>\n<p>Statssekreteraren f\u00f6r idrott, Miguel Cardenal, fick fr\u00e5gan i kongressen var gr\u00e4nsen f\u00f6r f\u00f6rol\u00e4mpning g\u00e5r.<br \/>\n\u201dDet \u00e4r en helt oacceptabelt med f\u00f6rol\u00e4mpningar. Vem som helst med lite sunt f\u00f6rnuft vet vad som \u00e4r kr\u00e4nkande eller inte. Problemet \u00e4r inte var gr\u00e4nsen g\u00e5r. De disciplin\u00e4ra organen och kommitt\u00e9erna kommer att till\u00e4mpa sunt f\u00f6rnuft\u201d.<\/p>\n<p>Det finns en beslutsamhet i Spanien att ta tag i problemet med v\u00e5ld och f\u00f6rol\u00e4mpningar p\u00e5 idrottsarenor. Tidigare har gl\u00e5pord tolererats.<br \/>\n\u201dNu ses det verbala v\u00e5ldet som tr\u00f6skeln till fysiskt v\u00e5ld. Det verbala v\u00e5ldet m\u00e5ste utrotas fr\u00e5n samh\u00e4llet\u201d s\u00e4ger Francisco Mart\u00ednez, statssekreteraren inom s\u00e4kerhet.<br \/>\nK\u00e4llor: Supporterklubbars webbplatser, Dagstidningen ABC, El Pais, Diario SUR och Mundo Deportivo.<\/p>\n","protected":false},"excerpt":{"rendered":"<p>D\u00f6dsmisshandeln i samband med en allsvensk fotbollsmatch i Helsingborg v\u00e5ren 2014 f\u00f6ljdes upp med ytterligare en d\u00f6dsmisshandel i Madrid d\u00e5 \u201dultras\u201d eller extrema supporterklubbar hos Atl\u00e9tico och Deportivo de la Coru\u00f1a drabbade samman. N\u00e4r man i Sverige velar efter varje uppg\u00f6relse mellan supportrar, tar Spanien itu med problemet och \u00e4mnet debatteras i kongressen. Av Ola [&hellip;]<\/p>\n","protected":false},"author":8,"featured_media":5272,"comment_status":"open","ping_status":"open","sticky":false,"template":"","format":"standard","meta":{"_et_pb_use_builder":"","_et_pb_old_content":"","_et_gb_content_width":"","footnotes":""},"categories":[4,400],"tags":[],"class_list":["post-5271","post","type-post","status-publish","format-standard","has-post-thumbnail","hentry","category-artiklar","category-sport-artiklar"],"yoast_head":"<!-- This site is optimized with the Yoast SEO Premium plugin v26.2 (Yoast SEO v27.4) - https:\/\/yoast.com\/product\/yoast-seo-premium-wordpress\/ -->\n<title>Spanien tar i med h\u00e5rdhandskarna mot fotbollshuliganer - \u201dDet verbala v\u00e5ldet \u00e4r tr\u00f6skeln till fysiskt v\u00e5ld\u201d - Svenska Magasinet<\/title>\n<meta name=\"robots\" content=\"noindex, follow, max-snippet:-1, max-image-preview:large, max-video-preview:-1\" \/>\n<meta property=\"og:locale\" content=\"sv_SE\" \/>\n<meta property=\"og:type\" content=\"article\" \/>\n<meta property=\"og:title\" content=\"Spanien tar i med h\u00e5rdhandskarna mot fotbollshuliganer - \u201dDet verbala v\u00e5ldet \u00e4r tr\u00f6skeln till fysiskt v\u00e5ld\u201d\" \/>\n<meta property=\"og:description\" content=\"D\u00f6dsmisshandeln i samband med en allsvensk fotbollsmatch i Helsingborg v\u00e5ren 2014 f\u00f6ljdes upp med ytterligare en d\u00f6dsmisshandel i Madrid d\u00e5 \u201dultras\u201d eller extrema supporterklubbar hos Atl\u00e9tico och Deportivo de la Coru\u00f1a drabbade samman. N\u00e4r man i Sverige velar efter varje uppg\u00f6relse mellan supportrar, tar Spanien itu med problemet och \u00e4mnet debatteras i kongressen. Av Ola [&hellip;]\" \/>\n<meta property=\"og:url\" content=\"https:\/\/lightweb.dev\/l\/svm-temp\/artiklar\/spanien-tar-i-med-hardhandskarna-mot-fotbollshuliganer-det-verbala-valdet-ar-troskeln-till-fysiskt-vald\/\" \/>\n<meta property=\"og:site_name\" content=\"Svenska Magasinet\" \/>\n<meta property=\"article:publisher\" content=\"https:\/\/www.facebook.com\/svenskamagasinet\" \/>\n<meta property=\"article:published_time\" content=\"2015-01-12T23:00:00+00:00\" \/>\n<meta property=\"og:image\" content=\"https:\/\/lightweb.dev\/l\/svm-temp\/wp-content\/uploads\/2022\/04\/spanien-tar-i-med-hrdhandskarna-mot-fotbollshuliganer-det-verbala-vldet-r-trskeln-till-fysiskt-vld.png\" \/>\n\t<meta property=\"og:image:width\" content=\"299\" \/>\n\t<meta property=\"og:image:height\" content=\"200\" \/>\n\t<meta property=\"og:image:type\" content=\"image\/png\" \/>\n<meta name=\"author\" content=\"Redaktionen SvM\" \/>\n<meta name=\"twitter:card\" content=\"summary_large_image\" \/>\n<meta name=\"twitter:creator\" content=\"@SvenskaMagasine\" \/>\n<meta name=\"twitter:site\" content=\"@SvenskaMagasine\" \/>\n<script type=\"application\/ld+json\" class=\"yoast-schema-graph\">{\"@context\":\"https:\\\/\\\/schema.org\",\"@graph\":[{\"@type\":\"Article\",\"@id\":\"https:\\\/\\\/lightweb.dev\\\/l\\\/svm-temp\\\/artiklar\\\/spanien-tar-i-med-hardhandskarna-mot-fotbollshuliganer-det-verbala-valdet-ar-troskeln-till-fysiskt-vald\\\/#article\",\"isPartOf\":{\"@id\":\"https:\\\/\\\/lightweb.dev\\\/l\\\/svm-temp\\\/artiklar\\\/spanien-tar-i-med-hardhandskarna-mot-fotbollshuliganer-det-verbala-valdet-ar-troskeln-till-fysiskt-vald\\\/\"},\"author\":{\"name\":\"Redaktionen SvM\",\"@id\":\"https:\\\/\\\/lightweb.dev\\\/l\\\/svm-temp\\\/#\\\/schema\\\/person\\\/206a3bda5b607b0c25e1749191e4d837\"},\"headline\":\"Spanien tar i med h\u00e5rdhandskarna mot fotbollshuliganer &#8211; \u201dDet verbala v\u00e5ldet \u00e4r tr\u00f6skeln till fysiskt v\u00e5ld\u201d\",\"datePublished\":\"2015-01-12T23:00:00+00:00\",\"mainEntityOfPage\":{\"@id\":\"https:\\\/\\\/lightweb.dev\\\/l\\\/svm-temp\\\/artiklar\\\/spanien-tar-i-med-hardhandskarna-mot-fotbollshuliganer-det-verbala-valdet-ar-troskeln-till-fysiskt-vald\\\/\"},\"wordCount\":826,\"commentCount\":0,\"publisher\":{\"@id\":\"https:\\\/\\\/lightweb.dev\\\/l\\\/svm-temp\\\/#organization\"},\"image\":{\"@id\":\"https:\\\/\\\/lightweb.dev\\\/l\\\/svm-temp\\\/artiklar\\\/spanien-tar-i-med-hardhandskarna-mot-fotbollshuliganer-det-verbala-valdet-ar-troskeln-till-fysiskt-vald\\\/#primaryimage\"},\"thumbnailUrl\":\"https:\\\/\\\/lightweb.dev\\\/l\\\/svm-temp\\\/wp-content\\\/uploads\\\/2022\\\/04\\\/spanien-tar-i-med-hrdhandskarna-mot-fotbollshuliganer-det-verbala-vldet-r-trskeln-till-fysiskt-vld.png\",\"articleSection\":[\"Artiklar\",\"Sport\"],\"inLanguage\":\"sv-SE\"},{\"@type\":\"WebPage\",\"@id\":\"https:\\\/\\\/lightweb.dev\\\/l\\\/svm-temp\\\/artiklar\\\/spanien-tar-i-med-hardhandskarna-mot-fotbollshuliganer-det-verbala-valdet-ar-troskeln-till-fysiskt-vald\\\/\",\"url\":\"https:\\\/\\\/lightweb.dev\\\/l\\\/svm-temp\\\/artiklar\\\/spanien-tar-i-med-hardhandskarna-mot-fotbollshuliganer-det-verbala-valdet-ar-troskeln-till-fysiskt-vald\\\/\",\"name\":\"Spanien tar i med h\u00e5rdhandskarna mot fotbollshuliganer - \u201dDet verbala v\u00e5ldet \u00e4r tr\u00f6skeln till fysiskt v\u00e5ld\u201d - Svenska Magasinet\",\"isPartOf\":{\"@id\":\"https:\\\/\\\/lightweb.dev\\\/l\\\/svm-temp\\\/#website\"},\"primaryImageOfPage\":{\"@id\":\"https:\\\/\\\/lightweb.dev\\\/l\\\/svm-temp\\\/artiklar\\\/spanien-tar-i-med-hardhandskarna-mot-fotbollshuliganer-det-verbala-valdet-ar-troskeln-till-fysiskt-vald\\\/#primaryimage\"},\"image\":{\"@id\":\"https:\\\/\\\/lightweb.dev\\\/l\\\/svm-temp\\\/artiklar\\\/spanien-tar-i-med-hardhandskarna-mot-fotbollshuliganer-det-verbala-valdet-ar-troskeln-till-fysiskt-vald\\\/#primaryimage\"},\"thumbnailUrl\":\"https:\\\/\\\/lightweb.dev\\\/l\\\/svm-temp\\\/wp-content\\\/uploads\\\/2022\\\/04\\\/spanien-tar-i-med-hrdhandskarna-mot-fotbollshuliganer-det-verbala-vldet-r-trskeln-till-fysiskt-vld.png\",\"datePublished\":\"2015-01-12T23:00:00+00:00\",\"breadcrumb\":{\"@id\":\"https:\\\/\\\/lightweb.dev\\\/l\\\/svm-temp\\\/artiklar\\\/spanien-tar-i-med-hardhandskarna-mot-fotbollshuliganer-det-verbala-valdet-ar-troskeln-till-fysiskt-vald\\\/#breadcrumb\"},\"inLanguage\":\"sv-SE\",\"potentialAction\":[{\"@type\":\"ReadAction\",\"target\":[\"https:\\\/\\\/lightweb.dev\\\/l\\\/svm-temp\\\/artiklar\\\/spanien-tar-i-med-hardhandskarna-mot-fotbollshuliganer-det-verbala-valdet-ar-troskeln-till-fysiskt-vald\\\/\"]}]},{\"@type\":\"ImageObject\",\"inLanguage\":\"sv-SE\",\"@id\":\"https:\\\/\\\/lightweb.dev\\\/l\\\/svm-temp\\\/artiklar\\\/spanien-tar-i-med-hardhandskarna-mot-fotbollshuliganer-det-verbala-valdet-ar-troskeln-till-fysiskt-vald\\\/#primaryimage\",\"url\":\"https:\\\/\\\/lightweb.dev\\\/l\\\/svm-temp\\\/wp-content\\\/uploads\\\/2022\\\/04\\\/spanien-tar-i-med-hrdhandskarna-mot-fotbollshuliganer-det-verbala-vldet-r-trskeln-till-fysiskt-vld.png\",\"contentUrl\":\"https:\\\/\\\/lightweb.dev\\\/l\\\/svm-temp\\\/wp-content\\\/uploads\\\/2022\\\/04\\\/spanien-tar-i-med-hrdhandskarna-mot-fotbollshuliganer-det-verbala-vldet-r-trskeln-till-fysiskt-vld.png\",\"width\":299,\"height\":200},{\"@type\":\"BreadcrumbList\",\"@id\":\"https:\\\/\\\/lightweb.dev\\\/l\\\/svm-temp\\\/artiklar\\\/spanien-tar-i-med-hardhandskarna-mot-fotbollshuliganer-det-verbala-valdet-ar-troskeln-till-fysiskt-vald\\\/#breadcrumb\",\"itemListElement\":[{\"@type\":\"ListItem\",\"position\":1,\"name\":\"Hem\",\"item\":\"https:\\\/\\\/lightweb.dev\\\/l\\\/svm-temp\\\/\"},{\"@type\":\"ListItem\",\"position\":2,\"name\":\"Spanien tar i med h\u00e5rdhandskarna mot fotbollshuliganer &#8211; \u201dDet verbala v\u00e5ldet \u00e4r tr\u00f6skeln till fysiskt v\u00e5ld\u201d\"}]},{\"@type\":\"WebSite\",\"@id\":\"https:\\\/\\\/lightweb.dev\\\/l\\\/svm-temp\\\/#website\",\"url\":\"https:\\\/\\\/lightweb.dev\\\/l\\\/svm-temp\\\/\",\"name\":\"Svenska Magasinet\",\"description\":\"Dina Spanska nyheter p&aring; Svenska\",\"publisher\":{\"@id\":\"https:\\\/\\\/lightweb.dev\\\/l\\\/svm-temp\\\/#organization\"},\"potentialAction\":[{\"@type\":\"SearchAction\",\"target\":{\"@type\":\"EntryPoint\",\"urlTemplate\":\"https:\\\/\\\/lightweb.dev\\\/l\\\/svm-temp\\\/?s={search_term_string}\"},\"query-input\":{\"@type\":\"PropertyValueSpecification\",\"valueRequired\":true,\"valueName\":\"search_term_string\"}}],\"inLanguage\":\"sv-SE\"},{\"@type\":\"Organization\",\"@id\":\"https:\\\/\\\/lightweb.dev\\\/l\\\/svm-temp\\\/#organization\",\"name\":\"Melkerson y Nott SL\",\"alternateName\":\"Svenska Magasinet\",\"url\":\"https:\\\/\\\/lightweb.dev\\\/l\\\/svm-temp\\\/\",\"logo\":{\"@type\":\"ImageObject\",\"inLanguage\":\"sv-SE\",\"@id\":\"https:\\\/\\\/lightweb.dev\\\/l\\\/svm-temp\\\/#\\\/schema\\\/logo\\\/image\\\/\",\"url\":\"https:\\\/\\\/lightweb.dev\\\/l\\\/svm-temp\\\/wp-content\\\/uploads\\\/2025\\\/02\\\/SvM-logo-Xtra-Centrerad-SVART.png\",\"contentUrl\":\"https:\\\/\\\/lightweb.dev\\\/l\\\/svm-temp\\\/wp-content\\\/uploads\\\/2025\\\/02\\\/SvM-logo-Xtra-Centrerad-SVART.png\",\"width\":300,\"height\":99,\"caption\":\"Melkerson y Nott SL\"},\"image\":{\"@id\":\"https:\\\/\\\/lightweb.dev\\\/l\\\/svm-temp\\\/#\\\/schema\\\/logo\\\/image\\\/\"},\"sameAs\":[\"https:\\\/\\\/www.facebook.com\\\/svenskamagasinet\",\"https:\\\/\\\/x.com\\\/SvenskaMagasine\"]},{\"@type\":\"Person\",\"@id\":\"https:\\\/\\\/lightweb.dev\\\/l\\\/svm-temp\\\/#\\\/schema\\\/person\\\/206a3bda5b607b0c25e1749191e4d837\",\"name\":\"Redaktionen SvM\",\"description\":\"Redaktionen\",\"sameAs\":[\"https:\\\/\\\/lightweb.dev\\\/l\\\/svm-temp\"],\"url\":\"https:\\\/\\\/lightweb.dev\\\/l\\\/svm-temp\\\/reporter\\\/redaktionen\\\/\"}]}<\/script>\n<!-- \/ Yoast SEO Premium plugin. -->","yoast_head_json":{"title":"Spanien tar i med h\u00e5rdhandskarna mot fotbollshuliganer - \u201dDet verbala v\u00e5ldet \u00e4r tr\u00f6skeln till fysiskt v\u00e5ld\u201d - Svenska Magasinet","robots":{"index":"noindex","follow":"follow","max-snippet":"max-snippet:-1","max-image-preview":"max-image-preview:large","max-video-preview":"max-video-preview:-1"},"og_locale":"sv_SE","og_type":"article","og_title":"Spanien tar i med h\u00e5rdhandskarna mot fotbollshuliganer - \u201dDet verbala v\u00e5ldet \u00e4r tr\u00f6skeln till fysiskt v\u00e5ld\u201d","og_description":"D\u00f6dsmisshandeln i samband med en allsvensk fotbollsmatch i Helsingborg v\u00e5ren 2014 f\u00f6ljdes upp med ytterligare en d\u00f6dsmisshandel i Madrid d\u00e5 \u201dultras\u201d eller extrema supporterklubbar hos Atl\u00e9tico och Deportivo de la Coru\u00f1a drabbade samman. N\u00e4r man i Sverige velar efter varje uppg\u00f6relse mellan supportrar, tar Spanien itu med problemet och \u00e4mnet debatteras i kongressen. Av Ola [&hellip;]","og_url":"https:\/\/lightweb.dev\/l\/svm-temp\/artiklar\/spanien-tar-i-med-hardhandskarna-mot-fotbollshuliganer-det-verbala-valdet-ar-troskeln-till-fysiskt-vald\/","og_site_name":"Svenska Magasinet","article_publisher":"https:\/\/www.facebook.com\/svenskamagasinet","article_published_time":"2015-01-12T23:00:00+00:00","og_image":[{"width":299,"height":200,"url":"https:\/\/lightweb.dev\/l\/svm-temp\/wp-content\/uploads\/2022\/04\/spanien-tar-i-med-hrdhandskarna-mot-fotbollshuliganer-det-verbala-vldet-r-trskeln-till-fysiskt-vld.png","type":"image\/png"}],"author":"Redaktionen SvM","twitter_card":"summary_large_image","twitter_creator":"@SvenskaMagasine","twitter_site":"@SvenskaMagasine","schema":{"@context":"https:\/\/schema.org","@graph":[{"@type":"Article","@id":"https:\/\/lightweb.dev\/l\/svm-temp\/artiklar\/spanien-tar-i-med-hardhandskarna-mot-fotbollshuliganer-det-verbala-valdet-ar-troskeln-till-fysiskt-vald\/#article","isPartOf":{"@id":"https:\/\/lightweb.dev\/l\/svm-temp\/artiklar\/spanien-tar-i-med-hardhandskarna-mot-fotbollshuliganer-det-verbala-valdet-ar-troskeln-till-fysiskt-vald\/"},"author":{"name":"Redaktionen SvM","@id":"https:\/\/lightweb.dev\/l\/svm-temp\/#\/schema\/person\/206a3bda5b607b0c25e1749191e4d837"},"headline":"Spanien tar i med h\u00e5rdhandskarna mot fotbollshuliganer &#8211; \u201dDet verbala v\u00e5ldet \u00e4r tr\u00f6skeln till fysiskt v\u00e5ld\u201d","datePublished":"2015-01-12T23:00:00+00:00","mainEntityOfPage":{"@id":"https:\/\/lightweb.dev\/l\/svm-temp\/artiklar\/spanien-tar-i-med-hardhandskarna-mot-fotbollshuliganer-det-verbala-valdet-ar-troskeln-till-fysiskt-vald\/"},"wordCount":826,"commentCount":0,"publisher":{"@id":"https:\/\/lightweb.dev\/l\/svm-temp\/#organization"},"image":{"@id":"https:\/\/lightweb.dev\/l\/svm-temp\/artiklar\/spanien-tar-i-med-hardhandskarna-mot-fotbollshuliganer-det-verbala-valdet-ar-troskeln-till-fysiskt-vald\/#primaryimage"},"thumbnailUrl":"https:\/\/lightweb.dev\/l\/svm-temp\/wp-content\/uploads\/2022\/04\/spanien-tar-i-med-hrdhandskarna-mot-fotbollshuliganer-det-verbala-vldet-r-trskeln-till-fysiskt-vld.png","articleSection":["Artiklar","Sport"],"inLanguage":"sv-SE"},{"@type":"WebPage","@id":"https:\/\/lightweb.dev\/l\/svm-temp\/artiklar\/spanien-tar-i-med-hardhandskarna-mot-fotbollshuliganer-det-verbala-valdet-ar-troskeln-till-fysiskt-vald\/","url":"https:\/\/lightweb.dev\/l\/svm-temp\/artiklar\/spanien-tar-i-med-hardhandskarna-mot-fotbollshuliganer-det-verbala-valdet-ar-troskeln-till-fysiskt-vald\/","name":"Spanien tar i med h\u00e5rdhandskarna mot fotbollshuliganer - \u201dDet verbala v\u00e5ldet \u00e4r tr\u00f6skeln till fysiskt v\u00e5ld\u201d - Svenska Magasinet","isPartOf":{"@id":"https:\/\/lightweb.dev\/l\/svm-temp\/#website"},"primaryImageOfPage":{"@id":"https:\/\/lightweb.dev\/l\/svm-temp\/artiklar\/spanien-tar-i-med-hardhandskarna-mot-fotbollshuliganer-det-verbala-valdet-ar-troskeln-till-fysiskt-vald\/#primaryimage"},"image":{"@id":"https:\/\/lightweb.dev\/l\/svm-temp\/artiklar\/spanien-tar-i-med-hardhandskarna-mot-fotbollshuliganer-det-verbala-valdet-ar-troskeln-till-fysiskt-vald\/#primaryimage"},"thumbnailUrl":"https:\/\/lightweb.dev\/l\/svm-temp\/wp-content\/uploads\/2022\/04\/spanien-tar-i-med-hrdhandskarna-mot-fotbollshuliganer-det-verbala-vldet-r-trskeln-till-fysiskt-vld.png","datePublished":"2015-01-12T23:00:00+00:00","breadcrumb":{"@id":"https:\/\/lightweb.dev\/l\/svm-temp\/artiklar\/spanien-tar-i-med-hardhandskarna-mot-fotbollshuliganer-det-verbala-valdet-ar-troskeln-till-fysiskt-vald\/#breadcrumb"},"inLanguage":"sv-SE","potentialAction":[{"@type":"ReadAction","target":["https:\/\/lightweb.dev\/l\/svm-temp\/artiklar\/spanien-tar-i-med-hardhandskarna-mot-fotbollshuliganer-det-verbala-valdet-ar-troskeln-till-fysiskt-vald\/"]}]},{"@type":"ImageObject","inLanguage":"sv-SE","@id":"https:\/\/lightweb.dev\/l\/svm-temp\/artiklar\/spanien-tar-i-med-hardhandskarna-mot-fotbollshuliganer-det-verbala-valdet-ar-troskeln-till-fysiskt-vald\/#primaryimage","url":"https:\/\/lightweb.dev\/l\/svm-temp\/wp-content\/uploads\/2022\/04\/spanien-tar-i-med-hrdhandskarna-mot-fotbollshuliganer-det-verbala-vldet-r-trskeln-till-fysiskt-vld.png","contentUrl":"https:\/\/lightweb.dev\/l\/svm-temp\/wp-content\/uploads\/2022\/04\/spanien-tar-i-med-hrdhandskarna-mot-fotbollshuliganer-det-verbala-vldet-r-trskeln-till-fysiskt-vld.png","width":299,"height":200},{"@type":"BreadcrumbList","@id":"https:\/\/lightweb.dev\/l\/svm-temp\/artiklar\/spanien-tar-i-med-hardhandskarna-mot-fotbollshuliganer-det-verbala-valdet-ar-troskeln-till-fysiskt-vald\/#breadcrumb","itemListElement":[{"@type":"ListItem","position":1,"name":"Hem","item":"https:\/\/lightweb.dev\/l\/svm-temp\/"},{"@type":"ListItem","position":2,"name":"Spanien tar i med h\u00e5rdhandskarna mot fotbollshuliganer &#8211; \u201dDet verbala v\u00e5ldet \u00e4r tr\u00f6skeln till fysiskt v\u00e5ld\u201d"}]},{"@type":"WebSite","@id":"https:\/\/lightweb.dev\/l\/svm-temp\/#website","url":"https:\/\/lightweb.dev\/l\/svm-temp\/","name":"Svenska Magasinet","description":"Dina Spanska nyheter p&aring; Svenska","publisher":{"@id":"https:\/\/lightweb.dev\/l\/svm-temp\/#organization"},"potentialAction":[{"@type":"SearchAction","target":{"@type":"EntryPoint","urlTemplate":"https:\/\/lightweb.dev\/l\/svm-temp\/?s={search_term_string}"},"query-input":{"@type":"PropertyValueSpecification","valueRequired":true,"valueName":"search_term_string"}}],"inLanguage":"sv-SE"},{"@type":"Organization","@id":"https:\/\/lightweb.dev\/l\/svm-temp\/#organization","name":"Melkerson y Nott SL","alternateName":"Svenska Magasinet","url":"https:\/\/lightweb.dev\/l\/svm-temp\/","logo":{"@type":"ImageObject","inLanguage":"sv-SE","@id":"https:\/\/lightweb.dev\/l\/svm-temp\/#\/schema\/logo\/image\/","url":"https:\/\/lightweb.dev\/l\/svm-temp\/wp-content\/uploads\/2025\/02\/SvM-logo-Xtra-Centrerad-SVART.png","contentUrl":"https:\/\/lightweb.dev\/l\/svm-temp\/wp-content\/uploads\/2025\/02\/SvM-logo-Xtra-Centrerad-SVART.png","width":300,"height":99,"caption":"Melkerson y Nott SL"},"image":{"@id":"https:\/\/lightweb.dev\/l\/svm-temp\/#\/schema\/logo\/image\/"},"sameAs":["https:\/\/www.facebook.com\/svenskamagasinet","https:\/\/x.com\/SvenskaMagasine"]},{"@type":"Person","@id":"https:\/\/lightweb.dev\/l\/svm-temp\/#\/schema\/person\/206a3bda5b607b0c25e1749191e4d837","name":"Redaktionen SvM","description":"Redaktionen","sameAs":["https:\/\/lightweb.dev\/l\/svm-temp"],"url":"https:\/\/lightweb.dev\/l\/svm-temp\/reporter\/redaktionen\/"}]}},"_links":{"self":[{"href":"https:\/\/lightweb.dev\/l\/svm-temp\/wp-json\/wp\/v2\/posts\/5271","targetHints":{"allow":["GET"]}}],"collection":[{"href":"https:\/\/lightweb.dev\/l\/svm-temp\/wp-json\/wp\/v2\/posts"}],"about":[{"href":"https:\/\/lightweb.dev\/l\/svm-temp\/wp-json\/wp\/v2\/types\/post"}],"author":[{"embeddable":true,"href":"https:\/\/lightweb.dev\/l\/svm-temp\/wp-json\/wp\/v2\/users\/8"}],"replies":[{"embeddable":true,"href":"https:\/\/lightweb.dev\/l\/svm-temp\/wp-json\/wp\/v2\/comments?post=5271"}],"version-history":[{"count":0,"href":"https:\/\/lightweb.dev\/l\/svm-temp\/wp-json\/wp\/v2\/posts\/5271\/revisions"}],"wp:featuredmedia":[{"embeddable":true,"href":"https:\/\/lightweb.dev\/l\/svm-temp\/wp-json\/wp\/v2\/media\/5272"}],"wp:attachment":[{"href":"https:\/\/lightweb.dev\/l\/svm-temp\/wp-json\/wp\/v2\/media?parent=5271"}],"wp:term":[{"taxonomy":"category","embeddable":true,"href":"https:\/\/lightweb.dev\/l\/svm-temp\/wp-json\/wp\/v2\/categories?post=5271"},{"taxonomy":"post_tag","embeddable":true,"href":"https:\/\/lightweb.dev\/l\/svm-temp\/wp-json\/wp\/v2\/tags?post=5271"}],"curies":[{"name":"wp","href":"https:\/\/api.w.org\/{rel}","templated":true}]}}