{"id":5273,"date":"2015-01-13T00:00:00","date_gmt":"2015-01-12T23:00:00","guid":{"rendered":"https:\/\/lightweb.dev\/l\/svm-temp\/har-ar-spaniens-mest-fruktade-supporterklubbar\/"},"modified":"2015-01-13T00:00:00","modified_gmt":"2015-01-12T23:00:00","slug":"har-ar-spaniens-mest-fruktade-supporterklubbar","status":"publish","type":"post","link":"https:\/\/lightweb.dev\/l\/svm-temp\/artiklar\/har-ar-spaniens-mest-fruktade-supporterklubbar\/","title":{"rendered":"H\u00e4r \u00e4r Spaniens mest fruktade supporterklubbar"},"content":{"rendered":"<p> S\u00e5 gott som samtliga La Liga-klubbar har extrema grupper och supporterklubbar. Storklubbarna Real Madrid och FC Barcelona har g\u00e5tt fr\u00e4mst i ledet i att f\u00e5 stopp p\u00e5 de v\u00e4rsta huliganerna.<br \/>\nI regel handlar det om minoriteter som f\u00f6respr\u00e5kar v\u00e5ld och som kidnappar fotbollen som sin scen. I de flesta fall finns det kopplingar till extrema politiska organisationer. Av Ola Josefsson<\/p>\n<p>Frente Atl\u00e9tico (Atl\u00e9tico de Madrid)<br \/>\nGrundades 1982 och beskrivs som en av de mer v\u00e5ldsamma supporterklubbar som finns i Spanien. Har n\u00e4ra 4.000 medlemmar. Frente Atl\u00e9tico har h\u00f6gerideologi och \u00e4r uppdelade i olika sektioner.<br \/>\nHar medverkat i flera incidenter, den allvarligaste 1998. En medlem i fraktionen Basti\u00f3n m\u00f6rdade Aitor Zabaleta, en supporter till Real Sociedad utanf\u00f6r Vicente Calder\u00f3n inf\u00f6r en match i UEFA-cupen. Den 30 november 2014 blev Francisco Javier Romero Taboada det andra d\u00f6dsoffret.<br \/>\nFrente Atl\u00e9tico uppr\u00e4tth\u00e5ller goda relationer med andra h\u00f6gerextrema supporterklubbar som Ultra Boys (Gij\u00f3n) och Supporters Sur (Betis). Deras st\u00f6rsta fiender \u00e4r sj\u00e4lvklart Real Madrid men \u00e4ven v\u00e4nsterextrema supporterklubbar som  Biris Norte (Sevilla) och \u00f6k\u00e4nda Bukaneros (Rayo Vallecano).<\/p>\n<p>Riazor Blues (Deportivo)<br \/>\nRiazor Blues tillh\u00f6r med Celtarras (Celta) de mest \u00f6k\u00e4nda och fruktade supporterklubbarna i Spaniens nordv\u00e4stra region Galicien. Supporterklubben bildades s\u00e4songen 1986-1987 och har sedan dess utvecklats till en skara v\u00e5ldsamma v\u00e4nsterextremister och antifascister. Den mest v\u00e5ldsamma sektionen g\u00e5r under namnet Los Suaves. \u201dJimmy\u201d som misshandlades till d\u00f6ds i Madrid ingick i Los Suaves.<br \/>\nRiazor Blues \u00e4r n\u00e4ra v\u00e4nner med v\u00e4nsterradikala supporterklubbarna Biris i Sevilla och Bukaneros (Rayo Vallecano). Medlemmar i Riazor Blues var inblandade i en d\u00f6dsmisshandel 2003.<\/p>\n<p>Bukaneros (Rayo Vallecano)<br \/>\n\u00d6k\u00e4nda Bukaneros bildades 1992 och f\u00f6rklarar sig som antikapitalistiska, antifascistiska och antirasistiska. Cirka 300 medlemmar. Det l\u00e5ter vackert, javisst, men i verkligheten \u00e4r man tillsammans med Biris i Sevilla bland de som orsakar mest problem inom spansk fotboll.<br \/>\nGruppen \u00e4r mycket politiserad och har iscensatt incidenter i samband med fotboll och politiska demonstrationer. Medlemmar ur Bukaneros medverkade vid oroligheterna i Madrid den 30 november.<br \/>\nV\u00e4nskapsband med Brigadas Amarillas (C\u00e1diz) och med Biris Norte (Sevilla). Beskriver Frente Atl\u00e9tico, Ultra Sur, Ultra Boys (Gij\u00f3n) och Ligallo (Zaragoza) som sina v\u00e4rsta fiender.<\/p>\n<p>Biris (Sevilla)<br \/>\n\u00c4ldst av Spaniens mest extrema supporterklubbar, bildades 1975 och en av de mest v\u00e5ldsamma. Den tidigare presidenten i Sevilla Jos\u00e9 Mar\u00eda del Nido hade m\u00f6ten med dem, d\u00e4refter har de \u00e5terkommit i ny styrka och har runt tusen medlemmar.<br \/>\n\u00c4r goda v\u00e4nner med Bukaneros hos Rayo Vallecano, Riazor Blues och med Kolectivo Sur (Xerez).<br \/>\nDeras symbol \u00e4r Andalusiens flagga med en r\u00f6d stj\u00e4rna. Deras fr\u00e4msta rivaler \u00e4r Supporters Sur (Betis), Frente Atl\u00e9tico, Frente Boker\u00f3n (M\u00e1laga) och Yomus (Valencia).<\/p>\n<p>Ligallo (Zaragoza)<br \/>\nLigallo Fondo Norte grundades 1986 och \u00e4r goda v\u00e4nner med Frente Atl\u00e9tico, Ultra Boys och Gaunas Sur (Logro\u00f1\u00e9s). Laget spelar nu i andradivision och \u00e4r tillsammans med Indar Gorri (Osasuna) bland de mest v\u00e5ldsamma i andraligan. H\u00f6gerextrema och starkt politiserade. Har ocks\u00e5 haft uppg\u00f6relser med Zaragozas supporterklubb Avispero som \u00e4r v\u00e4nsterextrema. De h\u00e5ller allts\u00e5 p\u00e5 samma lag, trots det har v\u00e5ld f\u00f6rekommit mellan grupperna vilket visar att det r\u00f6r sig om ett politiskt v\u00e5ld.<\/p>\n<p>Ultra Boys (Gij\u00f3n)<br \/>\nH\u00f6gerideologi. Har goda relationer med Frente Atl\u00e9tico och har g\u00e4rna uppg\u00f6relser med Riazor Blues sedan flera \u00e5r tillbaka. Gruppen har cirka tusen medlemmar varav 300 r\u00e4knas som extrema.<br \/>\nGrundades 1981 och rivalerna \u00e4r Biris, Bukaneros, Herri Norte (Bilbao), Pe\u00f1a M\u00fajika (Real Sociedad), Indar Gorri (Osasuna) och Boixos Nois (Barcelona).<\/p>\n<p>Indar Gorri (Osasuna)<br \/>\nUnder de senaste \u00e5ren har det vuxit fram en ny fraktion under namnet los Micriobotas med v\u00e4nsterextrema \u00e5sikter. Finns \u00e4ven en grupp med h\u00f6gerideologi som v\u00e4xte fram under 2000-talet med namnet Muchachos 14 (efter ing\u00e5ng 14 p\u00e5 hemmastadion). Cirka 500 medlemmar och rivalerna \u00e4r Ligallo (Zaragoza), Gaunas Sur (Logro\u00f1es), Ultras Sur och Frente Atl\u00e9tico. Hade en uppg\u00f6relse i Madrid mot Real Madrids fans ifjol.<\/p>\n<p>Celtarras (Celta)<br \/>\nBest\u00e5r av v\u00e4nsterradikala antifascister och galiciska nationalister. Har en bitter kamp mot Deportivo och grupper p\u00e5 h\u00f6gerflygeln.<\/p>\n<p>Herri Norte (Athletic)<br \/>\nNationalister hos Athletic de Bilbao och n\u00e4ra v\u00e4nskap med Celtarras. Stora rivaler till Riazor Blues och Biris Norte. V\u00e5ldsamma sammandrabbningar tidigare i vinter med supportrar till portugisiska Porto.<\/p>\n<p>  Ultra Sur (Real Madrid)<br \/>\nH\u00f6gerextrema och en av de historiskt mest k\u00e4nda. Har utvisats fr\u00e5n Santiago Bernab\u00e9u och \u00e4r inte v\u00e4lkomna. Har ersatts av Minuto 93 som finns p\u00e5 fj\u00e4rde plan vid Fondo Sur p\u00e5 arenan.<br \/>\nHar goda relationer med italienska Hellas hos Verona och Irriducibili hos Lazio. Goda relationer med spanska Brigadas Blanquiazules. St\u00f6rsta rivalerna \u00e4r v\u00e4nsterextrema grupper.<\/p>\n<p>Boixos Nois (Barcelona)<br \/>\nBarcelonas mest radikala fans som \u00e4r avst\u00e4ngda fr\u00e5n stadion Camp Nou av den tidigare presidenten Joan Laporta. Boixos Nois d\u00f6dshotade Laporta och dennes familj n\u00e4r han la fram f\u00f6rslaget att portf\u00f6rbjuda dem 2003. F\u00f6ljer i regel med p\u00e5 bortamatcherna. Har en v\u00e5ldsam sektion med namnet Casuals.<br \/>\nSupporterklubbens medlemmar i regionerna La Rioja och Le\u00f3n kan vara s\u00e4rskilt v\u00e5ldsamma i samband med Barcelonas bortamatcher.<\/p>\n<p>Supporters Sur (Real Betis)<br \/>\nBetis h\u00f6gerextrema supporterklubb som har n\u00e4ra relationer med Frente Atl\u00e9tico. St\u00f6rsta hatobjektet \u00e4r Biris Norte och andra v\u00e4nsterextrema supporterklubbar.<\/p>\n<p>Curva Nord (Valencia)<br \/>\nCurva Nord best\u00e5r i egentligen av de tv\u00e5 supporterklubbarna Gol Gran och Yomus. Den senare h\u00f6gerradikal och mest v\u00e5ldsamma. Hade tidigare i vintras en uppg\u00f6relse med Riazor Blues i La Coru\u00f1a.<br \/>\nHar goda v\u00e4nskapsband med Gaunas Sur (Logro\u00f1es), Brigadas Blanquiazules (spanska) och Ultra Boys (Sporting). Samt med Boixos (Barcelona), Ligallo (Zaragoza), Frente Atl\u00e9tico (Atl\u00e9tico de Madrid) och Biris (Sevilla).<br \/>\nK\u00e4llor: Supporterklubbars webbplatser, Dagstidningen ABC, El Pais, Diario SUR och Mundo Deportivo.<\/p>\n","protected":false},"excerpt":{"rendered":"<p>S\u00e5 gott som samtliga La Liga-klubbar har extrema grupper och supporterklubbar. Storklubbarna Real Madrid och FC Barcelona har g\u00e5tt fr\u00e4mst i ledet i att f\u00e5 stopp p\u00e5 de v\u00e4rsta huliganerna. I regel handlar det om minoriteter som f\u00f6respr\u00e5kar v\u00e5ld och som kidnappar fotbollen som sin scen. I de flesta fall finns det kopplingar till extrema [&hellip;]<\/p>\n","protected":false},"author":8,"featured_media":5274,"comment_status":"open","ping_status":"open","sticky":false,"template":"","format":"standard","meta":{"_et_pb_use_builder":"","_et_pb_old_content":"","_et_gb_content_width":"","footnotes":""},"categories":[4,400],"tags":[],"class_list":["post-5273","post","type-post","status-publish","format-standard","has-post-thumbnail","hentry","category-artiklar","category-sport-artiklar"],"yoast_head":"<!-- This site is optimized with the Yoast SEO Premium plugin v26.2 (Yoast SEO v27.4) - https:\/\/yoast.com\/product\/yoast-seo-premium-wordpress\/ -->\n<title>H\u00e4r \u00e4r Spaniens mest fruktade supporterklubbar - Svenska Magasinet<\/title>\n<meta name=\"robots\" content=\"noindex, follow, max-snippet:-1, max-image-preview:large, max-video-preview:-1\" \/>\n<meta property=\"og:locale\" content=\"sv_SE\" \/>\n<meta property=\"og:type\" content=\"article\" \/>\n<meta property=\"og:title\" content=\"H\u00e4r \u00e4r Spaniens mest fruktade supporterklubbar\" \/>\n<meta property=\"og:description\" content=\"S\u00e5 gott som samtliga La Liga-klubbar har extrema grupper och supporterklubbar. Storklubbarna Real Madrid och FC Barcelona har g\u00e5tt fr\u00e4mst i ledet i att f\u00e5 stopp p\u00e5 de v\u00e4rsta huliganerna. I regel handlar det om minoriteter som f\u00f6respr\u00e5kar v\u00e5ld och som kidnappar fotbollen som sin scen. I de flesta fall finns det kopplingar till extrema [&hellip;]\" \/>\n<meta property=\"og:url\" content=\"https:\/\/lightweb.dev\/l\/svm-temp\/artiklar\/har-ar-spaniens-mest-fruktade-supporterklubbar\/\" \/>\n<meta property=\"og:site_name\" content=\"Svenska Magasinet\" \/>\n<meta property=\"article:publisher\" content=\"https:\/\/www.facebook.com\/svenskamagasinet\" \/>\n<meta property=\"article:published_time\" content=\"2015-01-12T23:00:00+00:00\" \/>\n<meta property=\"og:image\" content=\"https:\/\/lightweb.dev\/l\/svm-temp\/wp-content\/uploads\/2022\/04\/hr-r-spaniens-mest-fruktade-supporterklubbar.png\" \/>\n\t<meta property=\"og:image:width\" content=\"355\" \/>\n\t<meta property=\"og:image:height\" content=\"200\" \/>\n\t<meta property=\"og:image:type\" content=\"image\/png\" \/>\n<meta name=\"author\" content=\"Redaktionen SvM\" \/>\n<meta name=\"twitter:card\" content=\"summary_large_image\" \/>\n<meta name=\"twitter:creator\" content=\"@SvenskaMagasine\" \/>\n<meta name=\"twitter:site\" content=\"@SvenskaMagasine\" \/>\n<script type=\"application\/ld+json\" class=\"yoast-schema-graph\">{\"@context\":\"https:\\\/\\\/schema.org\",\"@graph\":[{\"@type\":\"Article\",\"@id\":\"https:\\\/\\\/lightweb.dev\\\/l\\\/svm-temp\\\/artiklar\\\/har-ar-spaniens-mest-fruktade-supporterklubbar\\\/#article\",\"isPartOf\":{\"@id\":\"https:\\\/\\\/lightweb.dev\\\/l\\\/svm-temp\\\/artiklar\\\/har-ar-spaniens-mest-fruktade-supporterklubbar\\\/\"},\"author\":{\"name\":\"Redaktionen SvM\",\"@id\":\"https:\\\/\\\/lightweb.dev\\\/l\\\/svm-temp\\\/#\\\/schema\\\/person\\\/206a3bda5b607b0c25e1749191e4d837\"},\"headline\":\"H\u00e4r \u00e4r Spaniens mest fruktade supporterklubbar\",\"datePublished\":\"2015-01-12T23:00:00+00:00\",\"mainEntityOfPage\":{\"@id\":\"https:\\\/\\\/lightweb.dev\\\/l\\\/svm-temp\\\/artiklar\\\/har-ar-spaniens-mest-fruktade-supporterklubbar\\\/\"},\"wordCount\":1007,\"commentCount\":0,\"publisher\":{\"@id\":\"https:\\\/\\\/lightweb.dev\\\/l\\\/svm-temp\\\/#organization\"},\"image\":{\"@id\":\"https:\\\/\\\/lightweb.dev\\\/l\\\/svm-temp\\\/artiklar\\\/har-ar-spaniens-mest-fruktade-supporterklubbar\\\/#primaryimage\"},\"thumbnailUrl\":\"https:\\\/\\\/lightweb.dev\\\/l\\\/svm-temp\\\/wp-content\\\/uploads\\\/2022\\\/04\\\/hr-r-spaniens-mest-fruktade-supporterklubbar.png\",\"articleSection\":[\"Artiklar\",\"Sport\"],\"inLanguage\":\"sv-SE\"},{\"@type\":\"WebPage\",\"@id\":\"https:\\\/\\\/lightweb.dev\\\/l\\\/svm-temp\\\/artiklar\\\/har-ar-spaniens-mest-fruktade-supporterklubbar\\\/\",\"url\":\"https:\\\/\\\/lightweb.dev\\\/l\\\/svm-temp\\\/artiklar\\\/har-ar-spaniens-mest-fruktade-supporterklubbar\\\/\",\"name\":\"H\u00e4r \u00e4r Spaniens mest fruktade supporterklubbar - Svenska Magasinet\",\"isPartOf\":{\"@id\":\"https:\\\/\\\/lightweb.dev\\\/l\\\/svm-temp\\\/#website\"},\"primaryImageOfPage\":{\"@id\":\"https:\\\/\\\/lightweb.dev\\\/l\\\/svm-temp\\\/artiklar\\\/har-ar-spaniens-mest-fruktade-supporterklubbar\\\/#primaryimage\"},\"image\":{\"@id\":\"https:\\\/\\\/lightweb.dev\\\/l\\\/svm-temp\\\/artiklar\\\/har-ar-spaniens-mest-fruktade-supporterklubbar\\\/#primaryimage\"},\"thumbnailUrl\":\"https:\\\/\\\/lightweb.dev\\\/l\\\/svm-temp\\\/wp-content\\\/uploads\\\/2022\\\/04\\\/hr-r-spaniens-mest-fruktade-supporterklubbar.png\",\"datePublished\":\"2015-01-12T23:00:00+00:00\",\"breadcrumb\":{\"@id\":\"https:\\\/\\\/lightweb.dev\\\/l\\\/svm-temp\\\/artiklar\\\/har-ar-spaniens-mest-fruktade-supporterklubbar\\\/#breadcrumb\"},\"inLanguage\":\"sv-SE\",\"potentialAction\":[{\"@type\":\"ReadAction\",\"target\":[\"https:\\\/\\\/lightweb.dev\\\/l\\\/svm-temp\\\/artiklar\\\/har-ar-spaniens-mest-fruktade-supporterklubbar\\\/\"]}]},{\"@type\":\"ImageObject\",\"inLanguage\":\"sv-SE\",\"@id\":\"https:\\\/\\\/lightweb.dev\\\/l\\\/svm-temp\\\/artiklar\\\/har-ar-spaniens-mest-fruktade-supporterklubbar\\\/#primaryimage\",\"url\":\"https:\\\/\\\/lightweb.dev\\\/l\\\/svm-temp\\\/wp-content\\\/uploads\\\/2022\\\/04\\\/hr-r-spaniens-mest-fruktade-supporterklubbar.png\",\"contentUrl\":\"https:\\\/\\\/lightweb.dev\\\/l\\\/svm-temp\\\/wp-content\\\/uploads\\\/2022\\\/04\\\/hr-r-spaniens-mest-fruktade-supporterklubbar.png\",\"width\":355,\"height\":200},{\"@type\":\"BreadcrumbList\",\"@id\":\"https:\\\/\\\/lightweb.dev\\\/l\\\/svm-temp\\\/artiklar\\\/har-ar-spaniens-mest-fruktade-supporterklubbar\\\/#breadcrumb\",\"itemListElement\":[{\"@type\":\"ListItem\",\"position\":1,\"name\":\"Hem\",\"item\":\"https:\\\/\\\/lightweb.dev\\\/l\\\/svm-temp\\\/\"},{\"@type\":\"ListItem\",\"position\":2,\"name\":\"H\u00e4r \u00e4r Spaniens mest fruktade supporterklubbar\"}]},{\"@type\":\"WebSite\",\"@id\":\"https:\\\/\\\/lightweb.dev\\\/l\\\/svm-temp\\\/#website\",\"url\":\"https:\\\/\\\/lightweb.dev\\\/l\\\/svm-temp\\\/\",\"name\":\"Svenska Magasinet\",\"description\":\"Dina Spanska nyheter p&aring; Svenska\",\"publisher\":{\"@id\":\"https:\\\/\\\/lightweb.dev\\\/l\\\/svm-temp\\\/#organization\"},\"potentialAction\":[{\"@type\":\"SearchAction\",\"target\":{\"@type\":\"EntryPoint\",\"urlTemplate\":\"https:\\\/\\\/lightweb.dev\\\/l\\\/svm-temp\\\/?s={search_term_string}\"},\"query-input\":{\"@type\":\"PropertyValueSpecification\",\"valueRequired\":true,\"valueName\":\"search_term_string\"}}],\"inLanguage\":\"sv-SE\"},{\"@type\":\"Organization\",\"@id\":\"https:\\\/\\\/lightweb.dev\\\/l\\\/svm-temp\\\/#organization\",\"name\":\"Melkerson y Nott SL\",\"alternateName\":\"Svenska Magasinet\",\"url\":\"https:\\\/\\\/lightweb.dev\\\/l\\\/svm-temp\\\/\",\"logo\":{\"@type\":\"ImageObject\",\"inLanguage\":\"sv-SE\",\"@id\":\"https:\\\/\\\/lightweb.dev\\\/l\\\/svm-temp\\\/#\\\/schema\\\/logo\\\/image\\\/\",\"url\":\"https:\\\/\\\/lightweb.dev\\\/l\\\/svm-temp\\\/wp-content\\\/uploads\\\/2025\\\/02\\\/SvM-logo-Xtra-Centrerad-SVART.png\",\"contentUrl\":\"https:\\\/\\\/lightweb.dev\\\/l\\\/svm-temp\\\/wp-content\\\/uploads\\\/2025\\\/02\\\/SvM-logo-Xtra-Centrerad-SVART.png\",\"width\":300,\"height\":99,\"caption\":\"Melkerson y Nott SL\"},\"image\":{\"@id\":\"https:\\\/\\\/lightweb.dev\\\/l\\\/svm-temp\\\/#\\\/schema\\\/logo\\\/image\\\/\"},\"sameAs\":[\"https:\\\/\\\/www.facebook.com\\\/svenskamagasinet\",\"https:\\\/\\\/x.com\\\/SvenskaMagasine\"]},{\"@type\":\"Person\",\"@id\":\"https:\\\/\\\/lightweb.dev\\\/l\\\/svm-temp\\\/#\\\/schema\\\/person\\\/206a3bda5b607b0c25e1749191e4d837\",\"name\":\"Redaktionen SvM\",\"description\":\"Redaktionen\",\"sameAs\":[\"https:\\\/\\\/lightweb.dev\\\/l\\\/svm-temp\"],\"url\":\"https:\\\/\\\/lightweb.dev\\\/l\\\/svm-temp\\\/reporter\\\/redaktionen\\\/\"}]}<\/script>\n<!-- \/ Yoast SEO Premium plugin. -->","yoast_head_json":{"title":"H\u00e4r \u00e4r Spaniens mest fruktade supporterklubbar - Svenska Magasinet","robots":{"index":"noindex","follow":"follow","max-snippet":"max-snippet:-1","max-image-preview":"max-image-preview:large","max-video-preview":"max-video-preview:-1"},"og_locale":"sv_SE","og_type":"article","og_title":"H\u00e4r \u00e4r Spaniens mest fruktade supporterklubbar","og_description":"S\u00e5 gott som samtliga La Liga-klubbar har extrema grupper och supporterklubbar. Storklubbarna Real Madrid och FC Barcelona har g\u00e5tt fr\u00e4mst i ledet i att f\u00e5 stopp p\u00e5 de v\u00e4rsta huliganerna. I regel handlar det om minoriteter som f\u00f6respr\u00e5kar v\u00e5ld och som kidnappar fotbollen som sin scen. I de flesta fall finns det kopplingar till extrema [&hellip;]","og_url":"https:\/\/lightweb.dev\/l\/svm-temp\/artiklar\/har-ar-spaniens-mest-fruktade-supporterklubbar\/","og_site_name":"Svenska Magasinet","article_publisher":"https:\/\/www.facebook.com\/svenskamagasinet","article_published_time":"2015-01-12T23:00:00+00:00","og_image":[{"width":355,"height":200,"url":"https:\/\/lightweb.dev\/l\/svm-temp\/wp-content\/uploads\/2022\/04\/hr-r-spaniens-mest-fruktade-supporterklubbar.png","type":"image\/png"}],"author":"Redaktionen SvM","twitter_card":"summary_large_image","twitter_creator":"@SvenskaMagasine","twitter_site":"@SvenskaMagasine","schema":{"@context":"https:\/\/schema.org","@graph":[{"@type":"Article","@id":"https:\/\/lightweb.dev\/l\/svm-temp\/artiklar\/har-ar-spaniens-mest-fruktade-supporterklubbar\/#article","isPartOf":{"@id":"https:\/\/lightweb.dev\/l\/svm-temp\/artiklar\/har-ar-spaniens-mest-fruktade-supporterklubbar\/"},"author":{"name":"Redaktionen SvM","@id":"https:\/\/lightweb.dev\/l\/svm-temp\/#\/schema\/person\/206a3bda5b607b0c25e1749191e4d837"},"headline":"H\u00e4r \u00e4r Spaniens mest fruktade supporterklubbar","datePublished":"2015-01-12T23:00:00+00:00","mainEntityOfPage":{"@id":"https:\/\/lightweb.dev\/l\/svm-temp\/artiklar\/har-ar-spaniens-mest-fruktade-supporterklubbar\/"},"wordCount":1007,"commentCount":0,"publisher":{"@id":"https:\/\/lightweb.dev\/l\/svm-temp\/#organization"},"image":{"@id":"https:\/\/lightweb.dev\/l\/svm-temp\/artiklar\/har-ar-spaniens-mest-fruktade-supporterklubbar\/#primaryimage"},"thumbnailUrl":"https:\/\/lightweb.dev\/l\/svm-temp\/wp-content\/uploads\/2022\/04\/hr-r-spaniens-mest-fruktade-supporterklubbar.png","articleSection":["Artiklar","Sport"],"inLanguage":"sv-SE"},{"@type":"WebPage","@id":"https:\/\/lightweb.dev\/l\/svm-temp\/artiklar\/har-ar-spaniens-mest-fruktade-supporterklubbar\/","url":"https:\/\/lightweb.dev\/l\/svm-temp\/artiklar\/har-ar-spaniens-mest-fruktade-supporterklubbar\/","name":"H\u00e4r \u00e4r Spaniens mest fruktade supporterklubbar - Svenska Magasinet","isPartOf":{"@id":"https:\/\/lightweb.dev\/l\/svm-temp\/#website"},"primaryImageOfPage":{"@id":"https:\/\/lightweb.dev\/l\/svm-temp\/artiklar\/har-ar-spaniens-mest-fruktade-supporterklubbar\/#primaryimage"},"image":{"@id":"https:\/\/lightweb.dev\/l\/svm-temp\/artiklar\/har-ar-spaniens-mest-fruktade-supporterklubbar\/#primaryimage"},"thumbnailUrl":"https:\/\/lightweb.dev\/l\/svm-temp\/wp-content\/uploads\/2022\/04\/hr-r-spaniens-mest-fruktade-supporterklubbar.png","datePublished":"2015-01-12T23:00:00+00:00","breadcrumb":{"@id":"https:\/\/lightweb.dev\/l\/svm-temp\/artiklar\/har-ar-spaniens-mest-fruktade-supporterklubbar\/#breadcrumb"},"inLanguage":"sv-SE","potentialAction":[{"@type":"ReadAction","target":["https:\/\/lightweb.dev\/l\/svm-temp\/artiklar\/har-ar-spaniens-mest-fruktade-supporterklubbar\/"]}]},{"@type":"ImageObject","inLanguage":"sv-SE","@id":"https:\/\/lightweb.dev\/l\/svm-temp\/artiklar\/har-ar-spaniens-mest-fruktade-supporterklubbar\/#primaryimage","url":"https:\/\/lightweb.dev\/l\/svm-temp\/wp-content\/uploads\/2022\/04\/hr-r-spaniens-mest-fruktade-supporterklubbar.png","contentUrl":"https:\/\/lightweb.dev\/l\/svm-temp\/wp-content\/uploads\/2022\/04\/hr-r-spaniens-mest-fruktade-supporterklubbar.png","width":355,"height":200},{"@type":"BreadcrumbList","@id":"https:\/\/lightweb.dev\/l\/svm-temp\/artiklar\/har-ar-spaniens-mest-fruktade-supporterklubbar\/#breadcrumb","itemListElement":[{"@type":"ListItem","position":1,"name":"Hem","item":"https:\/\/lightweb.dev\/l\/svm-temp\/"},{"@type":"ListItem","position":2,"name":"H\u00e4r \u00e4r Spaniens mest fruktade supporterklubbar"}]},{"@type":"WebSite","@id":"https:\/\/lightweb.dev\/l\/svm-temp\/#website","url":"https:\/\/lightweb.dev\/l\/svm-temp\/","name":"Svenska Magasinet","description":"Dina Spanska nyheter p&aring; Svenska","publisher":{"@id":"https:\/\/lightweb.dev\/l\/svm-temp\/#organization"},"potentialAction":[{"@type":"SearchAction","target":{"@type":"EntryPoint","urlTemplate":"https:\/\/lightweb.dev\/l\/svm-temp\/?s={search_term_string}"},"query-input":{"@type":"PropertyValueSpecification","valueRequired":true,"valueName":"search_term_string"}}],"inLanguage":"sv-SE"},{"@type":"Organization","@id":"https:\/\/lightweb.dev\/l\/svm-temp\/#organization","name":"Melkerson y Nott SL","alternateName":"Svenska Magasinet","url":"https:\/\/lightweb.dev\/l\/svm-temp\/","logo":{"@type":"ImageObject","inLanguage":"sv-SE","@id":"https:\/\/lightweb.dev\/l\/svm-temp\/#\/schema\/logo\/image\/","url":"https:\/\/lightweb.dev\/l\/svm-temp\/wp-content\/uploads\/2025\/02\/SvM-logo-Xtra-Centrerad-SVART.png","contentUrl":"https:\/\/lightweb.dev\/l\/svm-temp\/wp-content\/uploads\/2025\/02\/SvM-logo-Xtra-Centrerad-SVART.png","width":300,"height":99,"caption":"Melkerson y Nott SL"},"image":{"@id":"https:\/\/lightweb.dev\/l\/svm-temp\/#\/schema\/logo\/image\/"},"sameAs":["https:\/\/www.facebook.com\/svenskamagasinet","https:\/\/x.com\/SvenskaMagasine"]},{"@type":"Person","@id":"https:\/\/lightweb.dev\/l\/svm-temp\/#\/schema\/person\/206a3bda5b607b0c25e1749191e4d837","name":"Redaktionen SvM","description":"Redaktionen","sameAs":["https:\/\/lightweb.dev\/l\/svm-temp"],"url":"https:\/\/lightweb.dev\/l\/svm-temp\/reporter\/redaktionen\/"}]}},"_links":{"self":[{"href":"https:\/\/lightweb.dev\/l\/svm-temp\/wp-json\/wp\/v2\/posts\/5273","targetHints":{"allow":["GET"]}}],"collection":[{"href":"https:\/\/lightweb.dev\/l\/svm-temp\/wp-json\/wp\/v2\/posts"}],"about":[{"href":"https:\/\/lightweb.dev\/l\/svm-temp\/wp-json\/wp\/v2\/types\/post"}],"author":[{"embeddable":true,"href":"https:\/\/lightweb.dev\/l\/svm-temp\/wp-json\/wp\/v2\/users\/8"}],"replies":[{"embeddable":true,"href":"https:\/\/lightweb.dev\/l\/svm-temp\/wp-json\/wp\/v2\/comments?post=5273"}],"version-history":[{"count":0,"href":"https:\/\/lightweb.dev\/l\/svm-temp\/wp-json\/wp\/v2\/posts\/5273\/revisions"}],"wp:featuredmedia":[{"embeddable":true,"href":"https:\/\/lightweb.dev\/l\/svm-temp\/wp-json\/wp\/v2\/media\/5274"}],"wp:attachment":[{"href":"https:\/\/lightweb.dev\/l\/svm-temp\/wp-json\/wp\/v2\/media?parent=5273"}],"wp:term":[{"taxonomy":"category","embeddable":true,"href":"https:\/\/lightweb.dev\/l\/svm-temp\/wp-json\/wp\/v2\/categories?post=5273"},{"taxonomy":"post_tag","embeddable":true,"href":"https:\/\/lightweb.dev\/l\/svm-temp\/wp-json\/wp\/v2\/tags?post=5273"}],"curies":[{"name":"wp","href":"https:\/\/api.w.org\/{rel}","templated":true}]}}