{"id":5275,"date":"2015-01-12T00:00:00","date_gmt":"2015-01-11T23:00:00","guid":{"rendered":"https:\/\/lightweb.dev\/l\/svm-temp\/hans-g-brutalt-brutna-nyarsloften\/"},"modified":"2015-01-12T00:00:00","modified_gmt":"2015-01-11T23:00:00","slug":"hans-g-brutalt-brutna-nyarsloften","status":"publish","type":"post","link":"https:\/\/lightweb.dev\/l\/svm-temp\/artiklar\/hans-g-brutalt-brutna-nyarsloften\/","title":{"rendered":"Hans G: Brutalt brutna ny\u00e5rsl\u00f6ften!"},"content":{"rendered":"<p> Jag har haft en fantastisk jul och ny\u00e5r.  F\u00f6r f\u00f6rsta g\u00e5ngen sedan jag fick sitta med vid \u201dvuxen-bordet \u201d har jag upplevt en dopp,-skink och julklappsfri jul. Men med gran och glitter. Av Hans G<\/p>\n<p>Det var en befrielse. Lugnt och fint kunde man \u00e4gna sig \u00e5t en liten sillbit, en OP och en k\u00e4llarsval \u00f6l. Senare f\u00f6ljt av lite skaldjur och v\u00e4l kyld Chablis. Inte heller beh\u00f6vde man sitta och himla med \u00f6gonen \u00e5t den elektriska potatisskalaren eller kaffekokaren som lever ett eget hemligt liv och blinkar och st\u00e5r i som en DC-n\u00e5ntings cockpit. Eftersom jag numera dessutom beg\u00e5vats med svensk TV kunde jag f\u00f6r f\u00f6rsta g\u00e5ngen p\u00e5 drygt 20 \u00e5r skratta h\u00f6gljutt \u00e5t Piff och Puff och Kalle Ankas fotosafari. F\u00f6r att inte tala om Tage Danielssons tankev\u00e4ckande lilla film om Karl-Bertils jul. Det var i alla stycken en minnesv\u00e4rd jul. Och v\u00e4dret var ju vad det var. Ibland \u00e4r livet r\u00e4ttvist.<\/p>\n<p>S\u00c5 HAR VI D\u00c5 KAPITLET NY\u00c5R. Vi skriver den 15 januari och alla ny\u00e5rsl\u00f6ften \u00e4r redan brutalt och h\u00e4nsynsl\u00f6st brutna. De f\u00f6rsta r\u00f6k redan p\u00e5 ny\u00e5rsdagen. N\u00e4r man vaknar p\u00e5 morgonen med k\u00e4ften full av snus, eftersom man lovat att aldrig mer r\u00f6ka, sl\u00e5s man av eftertankens kranka blekhet. Eller r\u00e4ttare sagt, man sl\u00e5s av \u00e5rtiondets bakrus eftersom det blev bra mycket f\u00f6r mycket cava under kv\u00e4llen och natten och dessutom lite vickning p\u00e5 sm\u00e5timmarna i s\u00e4llskap med kamrat OP. Ett sista d\u00f6dsf\u00f6raktande svanhopp som fick verkm\u00e4staren att packa och g\u00e5 hem.<\/p>\n<p>S\u00e5 d\u00e4rf\u00f6r sitter man nu, vid 11-tiden p\u00e5 ny\u00e5rsdagen, insvept i morgonrocken ute p\u00e5 terassen och f\u00f6rs\u00f6ker rekapitulera h\u00e4ndelsef\u00f6rloppet. Till hj\u00e4lp har man ett paket Lucky Strike, en  pilsner och en rej\u00e4lt tilltagen Fernet Branca. S\u00e5 l\u00f6ftena att aldrig mer r\u00f6ka och att aldrig dricka sprit f\u00f6re klockan fem p\u00e5 eftermiddagen har \u00e5kt all v\u00e4rldens v\u00e4g. Precis som alla andra  \u00e5r f\u00e5r man r\u00f6tt kort och f\u00f6rpassas till svikar-b\u00e4nken. Men man \u00e4r inte ensam, p\u00e5 den b\u00e4nken \u00e4r det fullsatt, f\u00f6r att inte s\u00e4ga kn\u00f6k-fullt. D\u00e4r sitter alla som i \u00f6vermod lovat guld och gr\u00f6na skogar. Bantare, motion\u00e4rer, vegetarianer, nyktra alkoholister och allsk\u00f6ns l\u00f6skefolk. Alla har ett gemensamt \u2013 d\u00e5ligt samvete.<\/p>\n<p>Veckan efter ny\u00e5r \u00e4r det f\u00f6renat med livsfara att ge sig ut p\u00e5 byns gator. D\u00e4r vimlar det av k\u00e4rringar och gubbar vilt viftande med sina g\u00e5-stavar med sylvassa spetsar. Men nu \u00e4r faran \u00f6ver. Stav-motion\u00e4rerna har reducerats fr\u00e5n en flod till en r\u00e4nnil. S\u00e5 mycket f\u00f6r att leva ett sunt liv under det nya \u00e5ret.<\/p>\n<p>F\u00d6R ATT NU INTE TALA OM MAT. L\u00f6ftet att g\u00e5 ner minst tio kilo innan sommaren f\u00f6renklas givetvis genom att byns gym har extrapris och att varenda vederh\u00e4ftig veckotidning publicerar m\u00e4ngder av bantningsr\u00e5d och tips om allehanda mirakel-dieter. Veckorna efter ny\u00e5r kunde man h\u00f6ra hur kilona rasade i takt med att det dracks mineralvatten och knaprades salladsblad. Men nu \u00e4r allt i sin ordning igen. Nu \u00e4r det friterat och k\u00f6ttstuvningar som g\u00e4ller igen. Banta kan man g\u00f6ra en annan dag, det \u00e4r \u00e4nd\u00e5 ett bra tag tills bikinin och badbrallorna skall kn\u00f6s p\u00e5.<\/p>\n<p>SJ\u00c4LV HAR JAG GJORT DET ENKELT F\u00d6R MIG den h\u00e4r g\u00e5ngen, n\u00e4sta \u00e5r beh\u00f6ver jag inte sitta p\u00e5 b\u00e4nken. Jag g\u00f6r precis som Mariano \u201dahoj med R framf\u00f6r\u201d. Att aldrig vare sig lova n\u00e5got best\u00e4mt eller n\u00e5got som kan st\u00e4lla till med problem n\u00e4r det skall genomf\u00f6ras. S\u00e5 jag har lovat att: Inte l\u00e4mna SverigeDemokraterna i fred, inte sluta grogga och inte b\u00f6rja jogga, aldrig betala Acosols r\u00e4kningar i tid, h\u00e5lla ett \u00f6ga p\u00e5 borgm\u00e4staren och att ta min dagliga pilsner nere hos Juan p\u00e5 \u201dEl Ni\u00f1o\u201d. Det borde ju inte bli n\u00e5gra st\u00f6rre problem.<\/p>\n<p>PS. P\u00c5 TAL OM SD. Dom har ju tagit som sin sj\u00e4lvp\u00e5tagna uppgift att best\u00e4mma vem som \u00e4r \u201driktiga\u201d svenskar och inte. Fr\u00e5gan \u00e4r hur m\u00e5nga av dem sj\u00e4lva som kan r\u00e4knas dit. Jag menar, de flesta av dem \u00e4r ju sk\u00e5ningar och det k\u00e4nns minst sagt tveksamt om det ursprunget kan klassificeras som \u201driktiga\u201d svenskar.<\/p>\n<p>Saludos amigas\/os<br \/>\nM\u00e5 v\u00e4l och ta hand om er.<\/p>\n","protected":false},"excerpt":{"rendered":"<p>Jag har haft en fantastisk jul och ny\u00e5r. F\u00f6r f\u00f6rsta g\u00e5ngen sedan jag fick sitta med vid \u201dvuxen-bordet \u201d har jag upplevt en dopp,-skink och julklappsfri jul. Men med gran och glitter. Av Hans G Det var en befrielse. Lugnt och fint kunde man \u00e4gna sig \u00e5t en liten sillbit, en OP och en k\u00e4llarsval [&hellip;]<\/p>\n","protected":false},"author":8,"featured_media":5276,"comment_status":"open","ping_status":"open","sticky":false,"template":"","format":"standard","meta":{"_et_pb_use_builder":"","_et_pb_old_content":"","_et_gb_content_width":"","footnotes":""},"categories":[396,4],"tags":[],"class_list":["post-5275","post","type-post","status-publish","format-standard","has-post-thumbnail","hentry","category-arkiv-artiklar","category-artiklar"],"yoast_head":"<!-- This site is optimized with the Yoast SEO Premium plugin v26.2 (Yoast SEO v27.4) - https:\/\/yoast.com\/product\/yoast-seo-premium-wordpress\/ -->\n<title>Hans G: Brutalt brutna ny\u00e5rsl\u00f6ften! - Svenska Magasinet<\/title>\n<meta name=\"robots\" content=\"noindex, follow, max-snippet:-1, max-image-preview:large, max-video-preview:-1\" \/>\n<meta property=\"og:locale\" content=\"sv_SE\" \/>\n<meta property=\"og:type\" content=\"article\" \/>\n<meta property=\"og:title\" content=\"Hans G: Brutalt brutna ny\u00e5rsl\u00f6ften!\" \/>\n<meta property=\"og:description\" content=\"Jag har haft en fantastisk jul och ny\u00e5r. F\u00f6r f\u00f6rsta g\u00e5ngen sedan jag fick sitta med vid \u201dvuxen-bordet \u201d har jag upplevt en dopp,-skink och julklappsfri jul. Men med gran och glitter. Av Hans G Det var en befrielse. Lugnt och fint kunde man \u00e4gna sig \u00e5t en liten sillbit, en OP och en k\u00e4llarsval [&hellip;]\" \/>\n<meta property=\"og:url\" content=\"https:\/\/lightweb.dev\/l\/svm-temp\/artiklar\/hans-g-brutalt-brutna-nyarsloften\/\" \/>\n<meta property=\"og:site_name\" content=\"Svenska Magasinet\" \/>\n<meta property=\"article:publisher\" content=\"https:\/\/www.facebook.com\/svenskamagasinet\" \/>\n<meta property=\"article:published_time\" content=\"2015-01-11T23:00:00+00:00\" \/>\n<meta property=\"og:image\" content=\"https:\/\/lightweb.dev\/l\/svm-temp\/wp-content\/uploads\/2022\/04\/hans-g-brutalt-brutna-nyrslften.png\" \/>\n\t<meta property=\"og:image:width\" content=\"280\" \/>\n\t<meta property=\"og:image:height\" content=\"498\" \/>\n\t<meta property=\"og:image:type\" content=\"image\/png\" \/>\n<meta name=\"author\" content=\"Redaktionen SvM\" \/>\n<meta name=\"twitter:card\" content=\"summary_large_image\" \/>\n<meta name=\"twitter:creator\" content=\"@SvenskaMagasine\" \/>\n<meta name=\"twitter:site\" content=\"@SvenskaMagasine\" \/>\n<script type=\"application\/ld+json\" class=\"yoast-schema-graph\">{\"@context\":\"https:\\\/\\\/schema.org\",\"@graph\":[{\"@type\":\"Article\",\"@id\":\"https:\\\/\\\/lightweb.dev\\\/l\\\/svm-temp\\\/artiklar\\\/hans-g-brutalt-brutna-nyarsloften\\\/#article\",\"isPartOf\":{\"@id\":\"https:\\\/\\\/lightweb.dev\\\/l\\\/svm-temp\\\/artiklar\\\/hans-g-brutalt-brutna-nyarsloften\\\/\"},\"author\":{\"name\":\"Redaktionen SvM\",\"@id\":\"https:\\\/\\\/lightweb.dev\\\/l\\\/svm-temp\\\/#\\\/schema\\\/person\\\/206a3bda5b607b0c25e1749191e4d837\"},\"headline\":\"Hans G: Brutalt brutna ny\u00e5rsl\u00f6ften!\",\"datePublished\":\"2015-01-11T23:00:00+00:00\",\"mainEntityOfPage\":{\"@id\":\"https:\\\/\\\/lightweb.dev\\\/l\\\/svm-temp\\\/artiklar\\\/hans-g-brutalt-brutna-nyarsloften\\\/\"},\"wordCount\":795,\"commentCount\":0,\"publisher\":{\"@id\":\"https:\\\/\\\/lightweb.dev\\\/l\\\/svm-temp\\\/#organization\"},\"image\":{\"@id\":\"https:\\\/\\\/lightweb.dev\\\/l\\\/svm-temp\\\/artiklar\\\/hans-g-brutalt-brutna-nyarsloften\\\/#primaryimage\"},\"thumbnailUrl\":\"https:\\\/\\\/lightweb.dev\\\/l\\\/svm-temp\\\/wp-content\\\/uploads\\\/2022\\\/04\\\/hans-g-brutalt-brutna-nyrslften.png\",\"articleSection\":[\"Arkiv\",\"Artiklar\"],\"inLanguage\":\"sv-SE\"},{\"@type\":\"WebPage\",\"@id\":\"https:\\\/\\\/lightweb.dev\\\/l\\\/svm-temp\\\/artiklar\\\/hans-g-brutalt-brutna-nyarsloften\\\/\",\"url\":\"https:\\\/\\\/lightweb.dev\\\/l\\\/svm-temp\\\/artiklar\\\/hans-g-brutalt-brutna-nyarsloften\\\/\",\"name\":\"Hans G: Brutalt brutna ny\u00e5rsl\u00f6ften! - Svenska Magasinet\",\"isPartOf\":{\"@id\":\"https:\\\/\\\/lightweb.dev\\\/l\\\/svm-temp\\\/#website\"},\"primaryImageOfPage\":{\"@id\":\"https:\\\/\\\/lightweb.dev\\\/l\\\/svm-temp\\\/artiklar\\\/hans-g-brutalt-brutna-nyarsloften\\\/#primaryimage\"},\"image\":{\"@id\":\"https:\\\/\\\/lightweb.dev\\\/l\\\/svm-temp\\\/artiklar\\\/hans-g-brutalt-brutna-nyarsloften\\\/#primaryimage\"},\"thumbnailUrl\":\"https:\\\/\\\/lightweb.dev\\\/l\\\/svm-temp\\\/wp-content\\\/uploads\\\/2022\\\/04\\\/hans-g-brutalt-brutna-nyrslften.png\",\"datePublished\":\"2015-01-11T23:00:00+00:00\",\"breadcrumb\":{\"@id\":\"https:\\\/\\\/lightweb.dev\\\/l\\\/svm-temp\\\/artiklar\\\/hans-g-brutalt-brutna-nyarsloften\\\/#breadcrumb\"},\"inLanguage\":\"sv-SE\",\"potentialAction\":[{\"@type\":\"ReadAction\",\"target\":[\"https:\\\/\\\/lightweb.dev\\\/l\\\/svm-temp\\\/artiklar\\\/hans-g-brutalt-brutna-nyarsloften\\\/\"]}]},{\"@type\":\"ImageObject\",\"inLanguage\":\"sv-SE\",\"@id\":\"https:\\\/\\\/lightweb.dev\\\/l\\\/svm-temp\\\/artiklar\\\/hans-g-brutalt-brutna-nyarsloften\\\/#primaryimage\",\"url\":\"https:\\\/\\\/lightweb.dev\\\/l\\\/svm-temp\\\/wp-content\\\/uploads\\\/2022\\\/04\\\/hans-g-brutalt-brutna-nyrslften.png\",\"contentUrl\":\"https:\\\/\\\/lightweb.dev\\\/l\\\/svm-temp\\\/wp-content\\\/uploads\\\/2022\\\/04\\\/hans-g-brutalt-brutna-nyrslften.png\",\"width\":280,\"height\":498},{\"@type\":\"BreadcrumbList\",\"@id\":\"https:\\\/\\\/lightweb.dev\\\/l\\\/svm-temp\\\/artiklar\\\/hans-g-brutalt-brutna-nyarsloften\\\/#breadcrumb\",\"itemListElement\":[{\"@type\":\"ListItem\",\"position\":1,\"name\":\"Hem\",\"item\":\"https:\\\/\\\/lightweb.dev\\\/l\\\/svm-temp\\\/\"},{\"@type\":\"ListItem\",\"position\":2,\"name\":\"Hans G: Brutalt brutna ny\u00e5rsl\u00f6ften!\"}]},{\"@type\":\"WebSite\",\"@id\":\"https:\\\/\\\/lightweb.dev\\\/l\\\/svm-temp\\\/#website\",\"url\":\"https:\\\/\\\/lightweb.dev\\\/l\\\/svm-temp\\\/\",\"name\":\"Svenska Magasinet\",\"description\":\"Dina Spanska nyheter p&aring; Svenska\",\"publisher\":{\"@id\":\"https:\\\/\\\/lightweb.dev\\\/l\\\/svm-temp\\\/#organization\"},\"potentialAction\":[{\"@type\":\"SearchAction\",\"target\":{\"@type\":\"EntryPoint\",\"urlTemplate\":\"https:\\\/\\\/lightweb.dev\\\/l\\\/svm-temp\\\/?s={search_term_string}\"},\"query-input\":{\"@type\":\"PropertyValueSpecification\",\"valueRequired\":true,\"valueName\":\"search_term_string\"}}],\"inLanguage\":\"sv-SE\"},{\"@type\":\"Organization\",\"@id\":\"https:\\\/\\\/lightweb.dev\\\/l\\\/svm-temp\\\/#organization\",\"name\":\"Melkerson y Nott SL\",\"alternateName\":\"Svenska Magasinet\",\"url\":\"https:\\\/\\\/lightweb.dev\\\/l\\\/svm-temp\\\/\",\"logo\":{\"@type\":\"ImageObject\",\"inLanguage\":\"sv-SE\",\"@id\":\"https:\\\/\\\/lightweb.dev\\\/l\\\/svm-temp\\\/#\\\/schema\\\/logo\\\/image\\\/\",\"url\":\"https:\\\/\\\/lightweb.dev\\\/l\\\/svm-temp\\\/wp-content\\\/uploads\\\/2025\\\/02\\\/SvM-logo-Xtra-Centrerad-SVART.png\",\"contentUrl\":\"https:\\\/\\\/lightweb.dev\\\/l\\\/svm-temp\\\/wp-content\\\/uploads\\\/2025\\\/02\\\/SvM-logo-Xtra-Centrerad-SVART.png\",\"width\":300,\"height\":99,\"caption\":\"Melkerson y Nott SL\"},\"image\":{\"@id\":\"https:\\\/\\\/lightweb.dev\\\/l\\\/svm-temp\\\/#\\\/schema\\\/logo\\\/image\\\/\"},\"sameAs\":[\"https:\\\/\\\/www.facebook.com\\\/svenskamagasinet\",\"https:\\\/\\\/x.com\\\/SvenskaMagasine\"]},{\"@type\":\"Person\",\"@id\":\"https:\\\/\\\/lightweb.dev\\\/l\\\/svm-temp\\\/#\\\/schema\\\/person\\\/206a3bda5b607b0c25e1749191e4d837\",\"name\":\"Redaktionen SvM\",\"description\":\"Redaktionen\",\"sameAs\":[\"https:\\\/\\\/lightweb.dev\\\/l\\\/svm-temp\"],\"url\":\"https:\\\/\\\/lightweb.dev\\\/l\\\/svm-temp\\\/reporter\\\/redaktionen\\\/\"}]}<\/script>\n<!-- \/ Yoast SEO Premium plugin. -->","yoast_head_json":{"title":"Hans G: Brutalt brutna ny\u00e5rsl\u00f6ften! - Svenska Magasinet","robots":{"index":"noindex","follow":"follow","max-snippet":"max-snippet:-1","max-image-preview":"max-image-preview:large","max-video-preview":"max-video-preview:-1"},"og_locale":"sv_SE","og_type":"article","og_title":"Hans G: Brutalt brutna ny\u00e5rsl\u00f6ften!","og_description":"Jag har haft en fantastisk jul och ny\u00e5r. F\u00f6r f\u00f6rsta g\u00e5ngen sedan jag fick sitta med vid \u201dvuxen-bordet \u201d har jag upplevt en dopp,-skink och julklappsfri jul. Men med gran och glitter. Av Hans G Det var en befrielse. Lugnt och fint kunde man \u00e4gna sig \u00e5t en liten sillbit, en OP och en k\u00e4llarsval [&hellip;]","og_url":"https:\/\/lightweb.dev\/l\/svm-temp\/artiklar\/hans-g-brutalt-brutna-nyarsloften\/","og_site_name":"Svenska Magasinet","article_publisher":"https:\/\/www.facebook.com\/svenskamagasinet","article_published_time":"2015-01-11T23:00:00+00:00","og_image":[{"width":280,"height":498,"url":"https:\/\/lightweb.dev\/l\/svm-temp\/wp-content\/uploads\/2022\/04\/hans-g-brutalt-brutna-nyrslften.png","type":"image\/png"}],"author":"Redaktionen SvM","twitter_card":"summary_large_image","twitter_creator":"@SvenskaMagasine","twitter_site":"@SvenskaMagasine","schema":{"@context":"https:\/\/schema.org","@graph":[{"@type":"Article","@id":"https:\/\/lightweb.dev\/l\/svm-temp\/artiklar\/hans-g-brutalt-brutna-nyarsloften\/#article","isPartOf":{"@id":"https:\/\/lightweb.dev\/l\/svm-temp\/artiklar\/hans-g-brutalt-brutna-nyarsloften\/"},"author":{"name":"Redaktionen SvM","@id":"https:\/\/lightweb.dev\/l\/svm-temp\/#\/schema\/person\/206a3bda5b607b0c25e1749191e4d837"},"headline":"Hans G: Brutalt brutna ny\u00e5rsl\u00f6ften!","datePublished":"2015-01-11T23:00:00+00:00","mainEntityOfPage":{"@id":"https:\/\/lightweb.dev\/l\/svm-temp\/artiklar\/hans-g-brutalt-brutna-nyarsloften\/"},"wordCount":795,"commentCount":0,"publisher":{"@id":"https:\/\/lightweb.dev\/l\/svm-temp\/#organization"},"image":{"@id":"https:\/\/lightweb.dev\/l\/svm-temp\/artiklar\/hans-g-brutalt-brutna-nyarsloften\/#primaryimage"},"thumbnailUrl":"https:\/\/lightweb.dev\/l\/svm-temp\/wp-content\/uploads\/2022\/04\/hans-g-brutalt-brutna-nyrslften.png","articleSection":["Arkiv","Artiklar"],"inLanguage":"sv-SE"},{"@type":"WebPage","@id":"https:\/\/lightweb.dev\/l\/svm-temp\/artiklar\/hans-g-brutalt-brutna-nyarsloften\/","url":"https:\/\/lightweb.dev\/l\/svm-temp\/artiklar\/hans-g-brutalt-brutna-nyarsloften\/","name":"Hans G: Brutalt brutna ny\u00e5rsl\u00f6ften! - Svenska Magasinet","isPartOf":{"@id":"https:\/\/lightweb.dev\/l\/svm-temp\/#website"},"primaryImageOfPage":{"@id":"https:\/\/lightweb.dev\/l\/svm-temp\/artiklar\/hans-g-brutalt-brutna-nyarsloften\/#primaryimage"},"image":{"@id":"https:\/\/lightweb.dev\/l\/svm-temp\/artiklar\/hans-g-brutalt-brutna-nyarsloften\/#primaryimage"},"thumbnailUrl":"https:\/\/lightweb.dev\/l\/svm-temp\/wp-content\/uploads\/2022\/04\/hans-g-brutalt-brutna-nyrslften.png","datePublished":"2015-01-11T23:00:00+00:00","breadcrumb":{"@id":"https:\/\/lightweb.dev\/l\/svm-temp\/artiklar\/hans-g-brutalt-brutna-nyarsloften\/#breadcrumb"},"inLanguage":"sv-SE","potentialAction":[{"@type":"ReadAction","target":["https:\/\/lightweb.dev\/l\/svm-temp\/artiklar\/hans-g-brutalt-brutna-nyarsloften\/"]}]},{"@type":"ImageObject","inLanguage":"sv-SE","@id":"https:\/\/lightweb.dev\/l\/svm-temp\/artiklar\/hans-g-brutalt-brutna-nyarsloften\/#primaryimage","url":"https:\/\/lightweb.dev\/l\/svm-temp\/wp-content\/uploads\/2022\/04\/hans-g-brutalt-brutna-nyrslften.png","contentUrl":"https:\/\/lightweb.dev\/l\/svm-temp\/wp-content\/uploads\/2022\/04\/hans-g-brutalt-brutna-nyrslften.png","width":280,"height":498},{"@type":"BreadcrumbList","@id":"https:\/\/lightweb.dev\/l\/svm-temp\/artiklar\/hans-g-brutalt-brutna-nyarsloften\/#breadcrumb","itemListElement":[{"@type":"ListItem","position":1,"name":"Hem","item":"https:\/\/lightweb.dev\/l\/svm-temp\/"},{"@type":"ListItem","position":2,"name":"Hans G: Brutalt brutna ny\u00e5rsl\u00f6ften!"}]},{"@type":"WebSite","@id":"https:\/\/lightweb.dev\/l\/svm-temp\/#website","url":"https:\/\/lightweb.dev\/l\/svm-temp\/","name":"Svenska Magasinet","description":"Dina Spanska nyheter p&aring; Svenska","publisher":{"@id":"https:\/\/lightweb.dev\/l\/svm-temp\/#organization"},"potentialAction":[{"@type":"SearchAction","target":{"@type":"EntryPoint","urlTemplate":"https:\/\/lightweb.dev\/l\/svm-temp\/?s={search_term_string}"},"query-input":{"@type":"PropertyValueSpecification","valueRequired":true,"valueName":"search_term_string"}}],"inLanguage":"sv-SE"},{"@type":"Organization","@id":"https:\/\/lightweb.dev\/l\/svm-temp\/#organization","name":"Melkerson y Nott SL","alternateName":"Svenska Magasinet","url":"https:\/\/lightweb.dev\/l\/svm-temp\/","logo":{"@type":"ImageObject","inLanguage":"sv-SE","@id":"https:\/\/lightweb.dev\/l\/svm-temp\/#\/schema\/logo\/image\/","url":"https:\/\/lightweb.dev\/l\/svm-temp\/wp-content\/uploads\/2025\/02\/SvM-logo-Xtra-Centrerad-SVART.png","contentUrl":"https:\/\/lightweb.dev\/l\/svm-temp\/wp-content\/uploads\/2025\/02\/SvM-logo-Xtra-Centrerad-SVART.png","width":300,"height":99,"caption":"Melkerson y Nott SL"},"image":{"@id":"https:\/\/lightweb.dev\/l\/svm-temp\/#\/schema\/logo\/image\/"},"sameAs":["https:\/\/www.facebook.com\/svenskamagasinet","https:\/\/x.com\/SvenskaMagasine"]},{"@type":"Person","@id":"https:\/\/lightweb.dev\/l\/svm-temp\/#\/schema\/person\/206a3bda5b607b0c25e1749191e4d837","name":"Redaktionen SvM","description":"Redaktionen","sameAs":["https:\/\/lightweb.dev\/l\/svm-temp"],"url":"https:\/\/lightweb.dev\/l\/svm-temp\/reporter\/redaktionen\/"}]}},"_links":{"self":[{"href":"https:\/\/lightweb.dev\/l\/svm-temp\/wp-json\/wp\/v2\/posts\/5275","targetHints":{"allow":["GET"]}}],"collection":[{"href":"https:\/\/lightweb.dev\/l\/svm-temp\/wp-json\/wp\/v2\/posts"}],"about":[{"href":"https:\/\/lightweb.dev\/l\/svm-temp\/wp-json\/wp\/v2\/types\/post"}],"author":[{"embeddable":true,"href":"https:\/\/lightweb.dev\/l\/svm-temp\/wp-json\/wp\/v2\/users\/8"}],"replies":[{"embeddable":true,"href":"https:\/\/lightweb.dev\/l\/svm-temp\/wp-json\/wp\/v2\/comments?post=5275"}],"version-history":[{"count":0,"href":"https:\/\/lightweb.dev\/l\/svm-temp\/wp-json\/wp\/v2\/posts\/5275\/revisions"}],"wp:featuredmedia":[{"embeddable":true,"href":"https:\/\/lightweb.dev\/l\/svm-temp\/wp-json\/wp\/v2\/media\/5276"}],"wp:attachment":[{"href":"https:\/\/lightweb.dev\/l\/svm-temp\/wp-json\/wp\/v2\/media?parent=5275"}],"wp:term":[{"taxonomy":"category","embeddable":true,"href":"https:\/\/lightweb.dev\/l\/svm-temp\/wp-json\/wp\/v2\/categories?post=5275"},{"taxonomy":"post_tag","embeddable":true,"href":"https:\/\/lightweb.dev\/l\/svm-temp\/wp-json\/wp\/v2\/tags?post=5275"}],"curies":[{"name":"wp","href":"https:\/\/api.w.org\/{rel}","templated":true}]}}