{"id":5279,"date":"2015-01-12T00:00:00","date_gmt":"2015-01-11T23:00:00","guid":{"rendered":"https:\/\/lightweb.dev\/l\/svm-temp\/fraga-advokaten-vi-vill-skiljas-hur-gar-vi-till-vaga\/"},"modified":"2015-01-12T00:00:00","modified_gmt":"2015-01-11T23:00:00","slug":"fraga-advokaten-vi-vill-skiljas-hur-gar-vi-till-vaga","status":"publish","type":"post","link":"https:\/\/lightweb.dev\/l\/svm-temp\/artiklar\/fraga-advokaten-vi-vill-skiljas-hur-gar-vi-till-vaga\/","title":{"rendered":"Fr\u00e5ga advokaten: Vi vill skiljas &#8211; hur g\u00e5r vi till v\u00e4ga?"},"content":{"rendered":"<p> Hej! Nu har jag tr\u00f6ttnat p\u00e5 min gubbe. Vi har varit gifta i 16 \u00e5r nu och det k\u00e4nns som 2 \u00e5r f\u00f6r mycket. Vi har l\u00e4genhet i Uppsala, stuga i Lofsdalen och l\u00e4genhet i Marbella. Det k\u00e4nns som det \u00e4r angel\u00e4get att g\u00f6ra allt pappersarbete medan vi nu \u00e4r \u00f6verens om att skilja oss och hur f\u00f6rdelningen av egendomen skall g\u00e5 till. Kan ni hj\u00e4lpa oss med detta? Av Jonas Nordgren, Bitr\u00e4dande jurist vid Advokatfirman G\u00f6ran Rise<\/p>\n<p>Svar: Hej! Sj\u00e4lvklart kan vi hj\u00e4lpa till med \u201dpappersarbetet\u201d, det vill s\u00e4ga ans\u00f6ka om en dom p\u00e5 \u00e4ktenskapsskillnad och en g\u00f6ra en bodelning.<br \/>\nBeroende p\u00e5 om Ni huvudsakligen \u00e4r bosatta i Sverige eller i Spanien skall Ni v\u00e4nda Er till svensk eller spansk domstol f\u00f6r att f\u00e5 en dom p\u00e5 \u00e4ktenskapsskillnad.<br \/>\nOm Ni ans\u00f6ker om \u00e4ktenskapsskillnad i Spanien kommer den spanska domstolen i domen \u00e4ven ta upp bodelningen, som anger hur tillg\u00e5ngar och skulder skall f\u00f6rdelas Er emellan, i och med att \u00e4ktenskapet upph\u00f6r.<\/p>\n<p>Om domen p\u00e5 \u00e4ktenskapsskillnaden kommer fr\u00e5n en svensk domstol beh\u00f6ver den kompletteras med ett bodelningsavtal, som anger hur ni vill f\u00f6rdela tillg\u00e5ngar och skulder vid \u00e4ktenskapets upph\u00f6rande.<br \/>\nVi hj\u00e4lper sedan till med att registrera bodelningen i respektive fastighetsregister i Sverige och i Spanien.<br \/>\nS\u00e5 l\u00e4nge Ni \u00e4r \u00f6verens om hur f\u00f6rdelningen skall g\u00e5 till kan vi representera Er b\u00e5da, vilket \u00e4r ett s\u00e4tt att h\u00e5lla kostnaderna nere och p\u00e5skynda processen.<\/p>\n<p>Givetvis f\u00f6rs\u00f6ker man se till att processen genomf\u00f6rs i det land d\u00e4r det g\u00e5r snabbast och \u00e4r billigast. Trots m\u00e5nga f\u00f6rdomar om spansk byr\u00e5krati och l\u00e5nga handl\u00e4ggningstider kan det mycket v\u00e4l vara s\u00e5 att det g\u00e5r snabbare att f\u00e5 en dom p\u00e5 \u00e4ktenskapsskillnad i Spanien \u00e4n i Sverige.<\/p>\n<p>Oavsett om det \u00e4r aktuellt med ett f\u00f6rfarande i Spanien eller Sverige \u00e4r Ni v\u00e4lkomna att anlita oss f\u00f6r en s\u00e5 smidig process som m\u00f6jligt.<\/p>\n","protected":false},"excerpt":{"rendered":"<p>Hej! Nu har jag tr\u00f6ttnat p\u00e5 min gubbe. Vi har varit gifta i 16 \u00e5r nu och det k\u00e4nns som 2 \u00e5r f\u00f6r mycket. Vi har l\u00e4genhet i Uppsala, stuga i Lofsdalen och l\u00e4genhet i Marbella. Det k\u00e4nns som det \u00e4r angel\u00e4get att g\u00f6ra allt pappersarbete medan vi nu \u00e4r \u00f6verens om att skilja oss [&hellip;]<\/p>\n","protected":false},"author":8,"featured_media":5280,"comment_status":"open","ping_status":"open","sticky":false,"template":"","format":"standard","meta":{"_et_pb_use_builder":"","_et_pb_old_content":"","_et_gb_content_width":"","footnotes":""},"categories":[396,4],"tags":[],"class_list":["post-5279","post","type-post","status-publish","format-standard","has-post-thumbnail","hentry","category-arkiv-artiklar","category-artiklar"],"yoast_head":"<!-- This site is optimized with the Yoast SEO Premium plugin v26.2 (Yoast SEO v27.4) - https:\/\/yoast.com\/product\/yoast-seo-premium-wordpress\/ -->\n<title>Fr\u00e5ga advokaten: Vi vill skiljas - hur g\u00e5r vi till v\u00e4ga? - Svenska Magasinet<\/title>\n<meta name=\"robots\" content=\"noindex, follow, max-snippet:-1, max-image-preview:large, max-video-preview:-1\" \/>\n<meta property=\"og:locale\" content=\"sv_SE\" \/>\n<meta property=\"og:type\" content=\"article\" \/>\n<meta property=\"og:title\" content=\"Fr\u00e5ga advokaten: Vi vill skiljas - hur g\u00e5r vi till v\u00e4ga?\" \/>\n<meta property=\"og:description\" content=\"Hej! Nu har jag tr\u00f6ttnat p\u00e5 min gubbe. Vi har varit gifta i 16 \u00e5r nu och det k\u00e4nns som 2 \u00e5r f\u00f6r mycket. Vi har l\u00e4genhet i Uppsala, stuga i Lofsdalen och l\u00e4genhet i Marbella. Det k\u00e4nns som det \u00e4r angel\u00e4get att g\u00f6ra allt pappersarbete medan vi nu \u00e4r \u00f6verens om att skilja oss [&hellip;]\" \/>\n<meta property=\"og:url\" content=\"https:\/\/lightweb.dev\/l\/svm-temp\/artiklar\/fraga-advokaten-vi-vill-skiljas-hur-gar-vi-till-vaga\/\" \/>\n<meta property=\"og:site_name\" content=\"Svenska Magasinet\" \/>\n<meta property=\"article:publisher\" content=\"https:\/\/www.facebook.com\/svenskamagasinet\" \/>\n<meta property=\"article:published_time\" content=\"2015-01-11T23:00:00+00:00\" \/>\n<meta property=\"og:image\" content=\"https:\/\/lightweb.dev\/l\/svm-temp\/wp-content\/uploads\/2022\/04\/frga-advokaten-vi-vill-skiljas-hur-gr-vi-till-vga.png\" \/>\n\t<meta property=\"og:image:width\" content=\"280\" \/>\n\t<meta property=\"og:image:height\" content=\"280\" \/>\n\t<meta property=\"og:image:type\" content=\"image\/png\" \/>\n<meta name=\"author\" content=\"Redaktionen SvM\" \/>\n<meta name=\"twitter:card\" content=\"summary_large_image\" \/>\n<meta name=\"twitter:creator\" content=\"@SvenskaMagasine\" \/>\n<meta name=\"twitter:site\" content=\"@SvenskaMagasine\" \/>\n<script type=\"application\/ld+json\" class=\"yoast-schema-graph\">{\"@context\":\"https:\\\/\\\/schema.org\",\"@graph\":[{\"@type\":\"Article\",\"@id\":\"https:\\\/\\\/lightweb.dev\\\/l\\\/svm-temp\\\/artiklar\\\/fraga-advokaten-vi-vill-skiljas-hur-gar-vi-till-vaga\\\/#article\",\"isPartOf\":{\"@id\":\"https:\\\/\\\/lightweb.dev\\\/l\\\/svm-temp\\\/artiklar\\\/fraga-advokaten-vi-vill-skiljas-hur-gar-vi-till-vaga\\\/\"},\"author\":{\"name\":\"Redaktionen SvM\",\"@id\":\"https:\\\/\\\/lightweb.dev\\\/l\\\/svm-temp\\\/#\\\/schema\\\/person\\\/206a3bda5b607b0c25e1749191e4d837\"},\"headline\":\"Fr\u00e5ga advokaten: Vi vill skiljas &#8211; hur g\u00e5r vi till v\u00e4ga?\",\"datePublished\":\"2015-01-11T23:00:00+00:00\",\"mainEntityOfPage\":{\"@id\":\"https:\\\/\\\/lightweb.dev\\\/l\\\/svm-temp\\\/artiklar\\\/fraga-advokaten-vi-vill-skiljas-hur-gar-vi-till-vaga\\\/\"},\"wordCount\":368,\"commentCount\":0,\"publisher\":{\"@id\":\"https:\\\/\\\/lightweb.dev\\\/l\\\/svm-temp\\\/#organization\"},\"image\":{\"@id\":\"https:\\\/\\\/lightweb.dev\\\/l\\\/svm-temp\\\/artiklar\\\/fraga-advokaten-vi-vill-skiljas-hur-gar-vi-till-vaga\\\/#primaryimage\"},\"thumbnailUrl\":\"https:\\\/\\\/lightweb.dev\\\/l\\\/svm-temp\\\/wp-content\\\/uploads\\\/2022\\\/04\\\/frga-advokaten-vi-vill-skiljas-hur-gr-vi-till-vga.png\",\"articleSection\":[\"Arkiv\",\"Artiklar\"],\"inLanguage\":\"sv-SE\"},{\"@type\":\"WebPage\",\"@id\":\"https:\\\/\\\/lightweb.dev\\\/l\\\/svm-temp\\\/artiklar\\\/fraga-advokaten-vi-vill-skiljas-hur-gar-vi-till-vaga\\\/\",\"url\":\"https:\\\/\\\/lightweb.dev\\\/l\\\/svm-temp\\\/artiklar\\\/fraga-advokaten-vi-vill-skiljas-hur-gar-vi-till-vaga\\\/\",\"name\":\"Fr\u00e5ga advokaten: Vi vill skiljas - hur g\u00e5r vi till v\u00e4ga? - Svenska Magasinet\",\"isPartOf\":{\"@id\":\"https:\\\/\\\/lightweb.dev\\\/l\\\/svm-temp\\\/#website\"},\"primaryImageOfPage\":{\"@id\":\"https:\\\/\\\/lightweb.dev\\\/l\\\/svm-temp\\\/artiklar\\\/fraga-advokaten-vi-vill-skiljas-hur-gar-vi-till-vaga\\\/#primaryimage\"},\"image\":{\"@id\":\"https:\\\/\\\/lightweb.dev\\\/l\\\/svm-temp\\\/artiklar\\\/fraga-advokaten-vi-vill-skiljas-hur-gar-vi-till-vaga\\\/#primaryimage\"},\"thumbnailUrl\":\"https:\\\/\\\/lightweb.dev\\\/l\\\/svm-temp\\\/wp-content\\\/uploads\\\/2022\\\/04\\\/frga-advokaten-vi-vill-skiljas-hur-gr-vi-till-vga.png\",\"datePublished\":\"2015-01-11T23:00:00+00:00\",\"breadcrumb\":{\"@id\":\"https:\\\/\\\/lightweb.dev\\\/l\\\/svm-temp\\\/artiklar\\\/fraga-advokaten-vi-vill-skiljas-hur-gar-vi-till-vaga\\\/#breadcrumb\"},\"inLanguage\":\"sv-SE\",\"potentialAction\":[{\"@type\":\"ReadAction\",\"target\":[\"https:\\\/\\\/lightweb.dev\\\/l\\\/svm-temp\\\/artiklar\\\/fraga-advokaten-vi-vill-skiljas-hur-gar-vi-till-vaga\\\/\"]}]},{\"@type\":\"ImageObject\",\"inLanguage\":\"sv-SE\",\"@id\":\"https:\\\/\\\/lightweb.dev\\\/l\\\/svm-temp\\\/artiklar\\\/fraga-advokaten-vi-vill-skiljas-hur-gar-vi-till-vaga\\\/#primaryimage\",\"url\":\"https:\\\/\\\/lightweb.dev\\\/l\\\/svm-temp\\\/wp-content\\\/uploads\\\/2022\\\/04\\\/frga-advokaten-vi-vill-skiljas-hur-gr-vi-till-vga.png\",\"contentUrl\":\"https:\\\/\\\/lightweb.dev\\\/l\\\/svm-temp\\\/wp-content\\\/uploads\\\/2022\\\/04\\\/frga-advokaten-vi-vill-skiljas-hur-gr-vi-till-vga.png\",\"width\":280,\"height\":280},{\"@type\":\"BreadcrumbList\",\"@id\":\"https:\\\/\\\/lightweb.dev\\\/l\\\/svm-temp\\\/artiklar\\\/fraga-advokaten-vi-vill-skiljas-hur-gar-vi-till-vaga\\\/#breadcrumb\",\"itemListElement\":[{\"@type\":\"ListItem\",\"position\":1,\"name\":\"Hem\",\"item\":\"https:\\\/\\\/lightweb.dev\\\/l\\\/svm-temp\\\/\"},{\"@type\":\"ListItem\",\"position\":2,\"name\":\"Fr\u00e5ga advokaten: Vi vill skiljas &#8211; hur g\u00e5r vi till v\u00e4ga?\"}]},{\"@type\":\"WebSite\",\"@id\":\"https:\\\/\\\/lightweb.dev\\\/l\\\/svm-temp\\\/#website\",\"url\":\"https:\\\/\\\/lightweb.dev\\\/l\\\/svm-temp\\\/\",\"name\":\"Svenska Magasinet\",\"description\":\"Dina Spanska nyheter p&aring; Svenska\",\"publisher\":{\"@id\":\"https:\\\/\\\/lightweb.dev\\\/l\\\/svm-temp\\\/#organization\"},\"potentialAction\":[{\"@type\":\"SearchAction\",\"target\":{\"@type\":\"EntryPoint\",\"urlTemplate\":\"https:\\\/\\\/lightweb.dev\\\/l\\\/svm-temp\\\/?s={search_term_string}\"},\"query-input\":{\"@type\":\"PropertyValueSpecification\",\"valueRequired\":true,\"valueName\":\"search_term_string\"}}],\"inLanguage\":\"sv-SE\"},{\"@type\":\"Organization\",\"@id\":\"https:\\\/\\\/lightweb.dev\\\/l\\\/svm-temp\\\/#organization\",\"name\":\"Melkerson y Nott SL\",\"alternateName\":\"Svenska Magasinet\",\"url\":\"https:\\\/\\\/lightweb.dev\\\/l\\\/svm-temp\\\/\",\"logo\":{\"@type\":\"ImageObject\",\"inLanguage\":\"sv-SE\",\"@id\":\"https:\\\/\\\/lightweb.dev\\\/l\\\/svm-temp\\\/#\\\/schema\\\/logo\\\/image\\\/\",\"url\":\"https:\\\/\\\/lightweb.dev\\\/l\\\/svm-temp\\\/wp-content\\\/uploads\\\/2025\\\/02\\\/SvM-logo-Xtra-Centrerad-SVART.png\",\"contentUrl\":\"https:\\\/\\\/lightweb.dev\\\/l\\\/svm-temp\\\/wp-content\\\/uploads\\\/2025\\\/02\\\/SvM-logo-Xtra-Centrerad-SVART.png\",\"width\":300,\"height\":99,\"caption\":\"Melkerson y Nott SL\"},\"image\":{\"@id\":\"https:\\\/\\\/lightweb.dev\\\/l\\\/svm-temp\\\/#\\\/schema\\\/logo\\\/image\\\/\"},\"sameAs\":[\"https:\\\/\\\/www.facebook.com\\\/svenskamagasinet\",\"https:\\\/\\\/x.com\\\/SvenskaMagasine\"]},{\"@type\":\"Person\",\"@id\":\"https:\\\/\\\/lightweb.dev\\\/l\\\/svm-temp\\\/#\\\/schema\\\/person\\\/206a3bda5b607b0c25e1749191e4d837\",\"name\":\"Redaktionen SvM\",\"description\":\"Redaktionen\",\"sameAs\":[\"https:\\\/\\\/lightweb.dev\\\/l\\\/svm-temp\"],\"url\":\"https:\\\/\\\/lightweb.dev\\\/l\\\/svm-temp\\\/reporter\\\/redaktionen\\\/\"}]}<\/script>\n<!-- \/ Yoast SEO Premium plugin. -->","yoast_head_json":{"title":"Fr\u00e5ga advokaten: Vi vill skiljas - hur g\u00e5r vi till v\u00e4ga? - Svenska Magasinet","robots":{"index":"noindex","follow":"follow","max-snippet":"max-snippet:-1","max-image-preview":"max-image-preview:large","max-video-preview":"max-video-preview:-1"},"og_locale":"sv_SE","og_type":"article","og_title":"Fr\u00e5ga advokaten: Vi vill skiljas - hur g\u00e5r vi till v\u00e4ga?","og_description":"Hej! Nu har jag tr\u00f6ttnat p\u00e5 min gubbe. Vi har varit gifta i 16 \u00e5r nu och det k\u00e4nns som 2 \u00e5r f\u00f6r mycket. Vi har l\u00e4genhet i Uppsala, stuga i Lofsdalen och l\u00e4genhet i Marbella. Det k\u00e4nns som det \u00e4r angel\u00e4get att g\u00f6ra allt pappersarbete medan vi nu \u00e4r \u00f6verens om att skilja oss [&hellip;]","og_url":"https:\/\/lightweb.dev\/l\/svm-temp\/artiklar\/fraga-advokaten-vi-vill-skiljas-hur-gar-vi-till-vaga\/","og_site_name":"Svenska Magasinet","article_publisher":"https:\/\/www.facebook.com\/svenskamagasinet","article_published_time":"2015-01-11T23:00:00+00:00","og_image":[{"width":280,"height":280,"url":"https:\/\/lightweb.dev\/l\/svm-temp\/wp-content\/uploads\/2022\/04\/frga-advokaten-vi-vill-skiljas-hur-gr-vi-till-vga.png","type":"image\/png"}],"author":"Redaktionen SvM","twitter_card":"summary_large_image","twitter_creator":"@SvenskaMagasine","twitter_site":"@SvenskaMagasine","schema":{"@context":"https:\/\/schema.org","@graph":[{"@type":"Article","@id":"https:\/\/lightweb.dev\/l\/svm-temp\/artiklar\/fraga-advokaten-vi-vill-skiljas-hur-gar-vi-till-vaga\/#article","isPartOf":{"@id":"https:\/\/lightweb.dev\/l\/svm-temp\/artiklar\/fraga-advokaten-vi-vill-skiljas-hur-gar-vi-till-vaga\/"},"author":{"name":"Redaktionen SvM","@id":"https:\/\/lightweb.dev\/l\/svm-temp\/#\/schema\/person\/206a3bda5b607b0c25e1749191e4d837"},"headline":"Fr\u00e5ga advokaten: Vi vill skiljas &#8211; hur g\u00e5r vi till v\u00e4ga?","datePublished":"2015-01-11T23:00:00+00:00","mainEntityOfPage":{"@id":"https:\/\/lightweb.dev\/l\/svm-temp\/artiklar\/fraga-advokaten-vi-vill-skiljas-hur-gar-vi-till-vaga\/"},"wordCount":368,"commentCount":0,"publisher":{"@id":"https:\/\/lightweb.dev\/l\/svm-temp\/#organization"},"image":{"@id":"https:\/\/lightweb.dev\/l\/svm-temp\/artiklar\/fraga-advokaten-vi-vill-skiljas-hur-gar-vi-till-vaga\/#primaryimage"},"thumbnailUrl":"https:\/\/lightweb.dev\/l\/svm-temp\/wp-content\/uploads\/2022\/04\/frga-advokaten-vi-vill-skiljas-hur-gr-vi-till-vga.png","articleSection":["Arkiv","Artiklar"],"inLanguage":"sv-SE"},{"@type":"WebPage","@id":"https:\/\/lightweb.dev\/l\/svm-temp\/artiklar\/fraga-advokaten-vi-vill-skiljas-hur-gar-vi-till-vaga\/","url":"https:\/\/lightweb.dev\/l\/svm-temp\/artiklar\/fraga-advokaten-vi-vill-skiljas-hur-gar-vi-till-vaga\/","name":"Fr\u00e5ga advokaten: Vi vill skiljas - hur g\u00e5r vi till v\u00e4ga? - Svenska Magasinet","isPartOf":{"@id":"https:\/\/lightweb.dev\/l\/svm-temp\/#website"},"primaryImageOfPage":{"@id":"https:\/\/lightweb.dev\/l\/svm-temp\/artiklar\/fraga-advokaten-vi-vill-skiljas-hur-gar-vi-till-vaga\/#primaryimage"},"image":{"@id":"https:\/\/lightweb.dev\/l\/svm-temp\/artiklar\/fraga-advokaten-vi-vill-skiljas-hur-gar-vi-till-vaga\/#primaryimage"},"thumbnailUrl":"https:\/\/lightweb.dev\/l\/svm-temp\/wp-content\/uploads\/2022\/04\/frga-advokaten-vi-vill-skiljas-hur-gr-vi-till-vga.png","datePublished":"2015-01-11T23:00:00+00:00","breadcrumb":{"@id":"https:\/\/lightweb.dev\/l\/svm-temp\/artiklar\/fraga-advokaten-vi-vill-skiljas-hur-gar-vi-till-vaga\/#breadcrumb"},"inLanguage":"sv-SE","potentialAction":[{"@type":"ReadAction","target":["https:\/\/lightweb.dev\/l\/svm-temp\/artiklar\/fraga-advokaten-vi-vill-skiljas-hur-gar-vi-till-vaga\/"]}]},{"@type":"ImageObject","inLanguage":"sv-SE","@id":"https:\/\/lightweb.dev\/l\/svm-temp\/artiklar\/fraga-advokaten-vi-vill-skiljas-hur-gar-vi-till-vaga\/#primaryimage","url":"https:\/\/lightweb.dev\/l\/svm-temp\/wp-content\/uploads\/2022\/04\/frga-advokaten-vi-vill-skiljas-hur-gr-vi-till-vga.png","contentUrl":"https:\/\/lightweb.dev\/l\/svm-temp\/wp-content\/uploads\/2022\/04\/frga-advokaten-vi-vill-skiljas-hur-gr-vi-till-vga.png","width":280,"height":280},{"@type":"BreadcrumbList","@id":"https:\/\/lightweb.dev\/l\/svm-temp\/artiklar\/fraga-advokaten-vi-vill-skiljas-hur-gar-vi-till-vaga\/#breadcrumb","itemListElement":[{"@type":"ListItem","position":1,"name":"Hem","item":"https:\/\/lightweb.dev\/l\/svm-temp\/"},{"@type":"ListItem","position":2,"name":"Fr\u00e5ga advokaten: Vi vill skiljas &#8211; hur g\u00e5r vi till v\u00e4ga?"}]},{"@type":"WebSite","@id":"https:\/\/lightweb.dev\/l\/svm-temp\/#website","url":"https:\/\/lightweb.dev\/l\/svm-temp\/","name":"Svenska Magasinet","description":"Dina Spanska nyheter p&aring; Svenska","publisher":{"@id":"https:\/\/lightweb.dev\/l\/svm-temp\/#organization"},"potentialAction":[{"@type":"SearchAction","target":{"@type":"EntryPoint","urlTemplate":"https:\/\/lightweb.dev\/l\/svm-temp\/?s={search_term_string}"},"query-input":{"@type":"PropertyValueSpecification","valueRequired":true,"valueName":"search_term_string"}}],"inLanguage":"sv-SE"},{"@type":"Organization","@id":"https:\/\/lightweb.dev\/l\/svm-temp\/#organization","name":"Melkerson y Nott SL","alternateName":"Svenska Magasinet","url":"https:\/\/lightweb.dev\/l\/svm-temp\/","logo":{"@type":"ImageObject","inLanguage":"sv-SE","@id":"https:\/\/lightweb.dev\/l\/svm-temp\/#\/schema\/logo\/image\/","url":"https:\/\/lightweb.dev\/l\/svm-temp\/wp-content\/uploads\/2025\/02\/SvM-logo-Xtra-Centrerad-SVART.png","contentUrl":"https:\/\/lightweb.dev\/l\/svm-temp\/wp-content\/uploads\/2025\/02\/SvM-logo-Xtra-Centrerad-SVART.png","width":300,"height":99,"caption":"Melkerson y Nott SL"},"image":{"@id":"https:\/\/lightweb.dev\/l\/svm-temp\/#\/schema\/logo\/image\/"},"sameAs":["https:\/\/www.facebook.com\/svenskamagasinet","https:\/\/x.com\/SvenskaMagasine"]},{"@type":"Person","@id":"https:\/\/lightweb.dev\/l\/svm-temp\/#\/schema\/person\/206a3bda5b607b0c25e1749191e4d837","name":"Redaktionen SvM","description":"Redaktionen","sameAs":["https:\/\/lightweb.dev\/l\/svm-temp"],"url":"https:\/\/lightweb.dev\/l\/svm-temp\/reporter\/redaktionen\/"}]}},"_links":{"self":[{"href":"https:\/\/lightweb.dev\/l\/svm-temp\/wp-json\/wp\/v2\/posts\/5279","targetHints":{"allow":["GET"]}}],"collection":[{"href":"https:\/\/lightweb.dev\/l\/svm-temp\/wp-json\/wp\/v2\/posts"}],"about":[{"href":"https:\/\/lightweb.dev\/l\/svm-temp\/wp-json\/wp\/v2\/types\/post"}],"author":[{"embeddable":true,"href":"https:\/\/lightweb.dev\/l\/svm-temp\/wp-json\/wp\/v2\/users\/8"}],"replies":[{"embeddable":true,"href":"https:\/\/lightweb.dev\/l\/svm-temp\/wp-json\/wp\/v2\/comments?post=5279"}],"version-history":[{"count":0,"href":"https:\/\/lightweb.dev\/l\/svm-temp\/wp-json\/wp\/v2\/posts\/5279\/revisions"}],"wp:featuredmedia":[{"embeddable":true,"href":"https:\/\/lightweb.dev\/l\/svm-temp\/wp-json\/wp\/v2\/media\/5280"}],"wp:attachment":[{"href":"https:\/\/lightweb.dev\/l\/svm-temp\/wp-json\/wp\/v2\/media?parent=5279"}],"wp:term":[{"taxonomy":"category","embeddable":true,"href":"https:\/\/lightweb.dev\/l\/svm-temp\/wp-json\/wp\/v2\/categories?post=5279"},{"taxonomy":"post_tag","embeddable":true,"href":"https:\/\/lightweb.dev\/l\/svm-temp\/wp-json\/wp\/v2\/tags?post=5279"}],"curies":[{"name":"wp","href":"https:\/\/api.w.org\/{rel}","templated":true}]}}