{"id":5283,"date":"2014-12-22T00:00:00","date_gmt":"2014-12-21T23:00:00","guid":{"rendered":"https:\/\/lightweb.dev\/l\/svm-temp\/olagenheten-med-lagenheten\/"},"modified":"2014-12-22T00:00:00","modified_gmt":"2014-12-21T23:00:00","slug":"olagenheten-med-lagenheten","status":"publish","type":"post","link":"https:\/\/lightweb.dev\/l\/svm-temp\/artiklar\/olagenheten-med-lagenheten\/","title":{"rendered":"Ol\u00e4genheten med l\u00e4genheten"},"content":{"rendered":"<p> Min fru och jag  har sedan 1990 regelbundet semestrat p\u00e5 Spanska solkusten, hittills 35 g\u00e5nger.  Vi har alltid valt alternativet att hyra privat\u00e4gda l\u00e4genheter  i ett huskomplex kallat El Rey i Fuengirola. Det tilltalande l\u00e4get direkt vid strandpromenaden har varit avg\u00f6rande. L\u00e4genheterna har varit fullt utrustade och inkluderat s\u00e4nglinne\/badlakan samt slutst\u00e4dning.<\/p>\n<p>Vi har fortsatt hyra i El Rey, trots att vi under \u00e5ren upplevt  att underh\u00e5ll av l\u00e4genheterna blivit mer och mer eftersatt och att st\u00e4dningen vid ankomsten oftast varit bristf\u00e4llig, n\u00e5got vi ocks\u00e5 p\u00e5pekat ett flertal g\u00e5nger till f\u00f6rmedlaren.<\/p>\n<p>I slutet av september i \u00e5r hade vi bokat upp nio n\u00e4tter i en enligt f\u00f6rmedlaren nyrenoverad och fr\u00e4sch svensk\u00e4gd l\u00e4genhet p\u00e5 bottenv\u00e5ningen. Hyran var 600\u20ac f\u00f6r perioden.<br \/>\nVi tyckte b\u00e5da vid ankomsten att den s\u00e5g fin ut, men \u00e4ven h\u00e4r uppt\u00e4ckte vi d\u00e5lig st\u00e4dning.  Smutsiga och fl\u00e4ckiga golv, porslin och glas i k\u00f6ket kladdiga, igensatta skitiga duschmunstycken.<br \/>\nEfter  andra natten uppt\u00e4ckte vi p\u00e5 morgonen att vi f\u00e5tt en massa insektsbett. Min fru hade totalt f\u00e5tt 23 bett, jag sj\u00e4lv tre. Stora r\u00f6da blemmor som satt uppradade mestadels p\u00e5 smalbenen.<\/p>\n<p>D\u00e5 vi \u00e4r vana vid problem med mygg och andra stickande insekter under resor, sprayar vi alltid sovrummet p\u00e5 kv\u00e4llen och h\u00e5ller d\u00f6rrar st\u00e4ngda f\u00f6r att undvika bett, vilket brukar fungera bra.  Inga mygg hade heller synts till, s\u00e5 slutsatsen blev efter konsultation med internet och vid hemkomsten med v\u00e5rdcentralen, att det handlade om n\u00e5got annat.<\/p>\n<p>D\u00e5 vi efter hemkomsten p\u00e5talade saken f\u00f6r f\u00f6rmedlaren, som i sin tur informerade \u00e4garen till l\u00e4genheten, blev vi av den sistn\u00e4mnda avr\u00e5dda att \u00e5ka till platser med myggor, sedan erbjudna en kompensation om 50\u20ac, vilket vi tackade nej till. Vid kontakt med  Konsument Europa fick vi information att reklamationer i dylika fall skall ske p\u00e5 plats, vilket i detta fall var om\u00f6jligt eftersom b\u00e5de f\u00f6rmedlare och \u00e4garen fanns i Sverige. K\u00e4nns lite f\u00f6rnedrande att beh\u00f6va ta upp saken p\u00e5 detta s\u00e4tt, men s\u00e4ljer man service kan man inte bara arrogant vifta bort problemen med \u201d Ja, vad skall man s\u00e4ga om detta! Jag vet verkligen inte vilka f\u00f6rv\u00e4ntningar de har haft som hyr en l\u00e4genhet i Spanien. Skall det vara alla t\u00e4nkbara bekv\u00e4mligheter s\u00e5 att man bara skall g\u00e5 till dukat bord hela tiden. D\u00e5 skall man hellre hyra in sig p\u00e5 ett hotell\u201d.<\/p>\n<p>Till saken h\u00f6r att vi sj\u00e4lva lade ned fem timmar p\u00e5 att reng\u00f6ra hela  sovrummet, med dammsugning av s\u00e4ngar, gardiner, lister, tog bort ryamattor fr\u00e5n golvet, bytte s\u00e4ngkl\u00e4der och v\u00e5ttorkade golven. D\u00e4refter f\u00f6rsvann ocks\u00e5 problemen.<\/p>\n<p>Intressant \u00e4r att h\u00f6ra om fler personer upplevt samma problem i hyrda l\u00e4genheter p\u00e5 Solkusten, och om man i s\u00e5 fall f\u00f6rt saken vidare eller inte. Eller som n\u00e5gon sa, \u201dol\u00e4genheten med l\u00e4genheten var inte hyran, utan ohyran\u201d.<\/p>\n<p>\u201dResen\u00e4ren\u201d <\/p>\n","protected":false},"excerpt":{"rendered":"<p>Min fru och jag har sedan 1990 regelbundet semestrat p\u00e5 Spanska solkusten, hittills 35 g\u00e5nger. Vi har alltid valt alternativet att hyra privat\u00e4gda l\u00e4genheter i ett huskomplex kallat El Rey i Fuengirola. Det tilltalande l\u00e4get direkt vid strandpromenaden har varit avg\u00f6rande. L\u00e4genheterna har varit fullt utrustade och inkluderat s\u00e4nglinne\/badlakan samt slutst\u00e4dning. Vi har fortsatt hyra [&hellip;]<\/p>\n","protected":false},"author":8,"featured_media":5284,"comment_status":"open","ping_status":"open","sticky":false,"template":"","format":"standard","meta":{"_et_pb_use_builder":"","_et_pb_old_content":"","_et_gb_content_width":"","footnotes":""},"categories":[396,4],"tags":[],"class_list":["post-5283","post","type-post","status-publish","format-standard","has-post-thumbnail","hentry","category-arkiv-artiklar","category-artiklar"],"yoast_head":"<!-- This site is optimized with the Yoast SEO Premium plugin v26.2 (Yoast SEO v27.4) - https:\/\/yoast.com\/product\/yoast-seo-premium-wordpress\/ -->\n<title>Ol\u00e4genheten med l\u00e4genheten - Svenska Magasinet<\/title>\n<meta name=\"robots\" content=\"noindex, follow, max-snippet:-1, max-image-preview:large, max-video-preview:-1\" \/>\n<meta property=\"og:locale\" content=\"sv_SE\" \/>\n<meta property=\"og:type\" content=\"article\" \/>\n<meta property=\"og:title\" content=\"Ol\u00e4genheten med l\u00e4genheten\" \/>\n<meta property=\"og:description\" content=\"Min fru och jag har sedan 1990 regelbundet semestrat p\u00e5 Spanska solkusten, hittills 35 g\u00e5nger. Vi har alltid valt alternativet att hyra privat\u00e4gda l\u00e4genheter i ett huskomplex kallat El Rey i Fuengirola. Det tilltalande l\u00e4get direkt vid strandpromenaden har varit avg\u00f6rande. L\u00e4genheterna har varit fullt utrustade och inkluderat s\u00e4nglinne\/badlakan samt slutst\u00e4dning. Vi har fortsatt hyra [&hellip;]\" \/>\n<meta property=\"og:url\" content=\"https:\/\/lightweb.dev\/l\/svm-temp\/artiklar\/olagenheten-med-lagenheten\/\" \/>\n<meta property=\"og:site_name\" content=\"Svenska Magasinet\" \/>\n<meta property=\"article:publisher\" content=\"https:\/\/www.facebook.com\/svenskamagasinet\" \/>\n<meta property=\"article:published_time\" content=\"2014-12-21T23:00:00+00:00\" \/>\n<meta property=\"og:image\" content=\"https:\/\/lightweb.dev\/l\/svm-temp\/wp-content\/uploads\/2022\/04\/olgenheten-med-lgenheten.png\" \/>\n\t<meta property=\"og:image:width\" content=\"280\" \/>\n\t<meta property=\"og:image:height\" content=\"373\" \/>\n\t<meta property=\"og:image:type\" content=\"image\/png\" \/>\n<meta name=\"author\" content=\"Redaktionen SvM\" \/>\n<meta name=\"twitter:card\" content=\"summary_large_image\" \/>\n<meta name=\"twitter:creator\" content=\"@SvenskaMagasine\" \/>\n<meta name=\"twitter:site\" content=\"@SvenskaMagasine\" \/>\n<script type=\"application\/ld+json\" class=\"yoast-schema-graph\">{\"@context\":\"https:\\\/\\\/schema.org\",\"@graph\":[{\"@type\":\"Article\",\"@id\":\"https:\\\/\\\/lightweb.dev\\\/l\\\/svm-temp\\\/artiklar\\\/olagenheten-med-lagenheten\\\/#article\",\"isPartOf\":{\"@id\":\"https:\\\/\\\/lightweb.dev\\\/l\\\/svm-temp\\\/artiklar\\\/olagenheten-med-lagenheten\\\/\"},\"author\":{\"name\":\"Redaktionen SvM\",\"@id\":\"https:\\\/\\\/lightweb.dev\\\/l\\\/svm-temp\\\/#\\\/schema\\\/person\\\/206a3bda5b607b0c25e1749191e4d837\"},\"headline\":\"Ol\u00e4genheten med l\u00e4genheten\",\"datePublished\":\"2014-12-21T23:00:00+00:00\",\"mainEntityOfPage\":{\"@id\":\"https:\\\/\\\/lightweb.dev\\\/l\\\/svm-temp\\\/artiklar\\\/olagenheten-med-lagenheten\\\/\"},\"wordCount\":534,\"commentCount\":0,\"publisher\":{\"@id\":\"https:\\\/\\\/lightweb.dev\\\/l\\\/svm-temp\\\/#organization\"},\"image\":{\"@id\":\"https:\\\/\\\/lightweb.dev\\\/l\\\/svm-temp\\\/artiklar\\\/olagenheten-med-lagenheten\\\/#primaryimage\"},\"thumbnailUrl\":\"https:\\\/\\\/lightweb.dev\\\/l\\\/svm-temp\\\/wp-content\\\/uploads\\\/2022\\\/04\\\/olgenheten-med-lgenheten.png\",\"articleSection\":[\"Arkiv\",\"Artiklar\"],\"inLanguage\":\"sv-SE\"},{\"@type\":\"WebPage\",\"@id\":\"https:\\\/\\\/lightweb.dev\\\/l\\\/svm-temp\\\/artiklar\\\/olagenheten-med-lagenheten\\\/\",\"url\":\"https:\\\/\\\/lightweb.dev\\\/l\\\/svm-temp\\\/artiklar\\\/olagenheten-med-lagenheten\\\/\",\"name\":\"Ol\u00e4genheten med l\u00e4genheten - Svenska Magasinet\",\"isPartOf\":{\"@id\":\"https:\\\/\\\/lightweb.dev\\\/l\\\/svm-temp\\\/#website\"},\"primaryImageOfPage\":{\"@id\":\"https:\\\/\\\/lightweb.dev\\\/l\\\/svm-temp\\\/artiklar\\\/olagenheten-med-lagenheten\\\/#primaryimage\"},\"image\":{\"@id\":\"https:\\\/\\\/lightweb.dev\\\/l\\\/svm-temp\\\/artiklar\\\/olagenheten-med-lagenheten\\\/#primaryimage\"},\"thumbnailUrl\":\"https:\\\/\\\/lightweb.dev\\\/l\\\/svm-temp\\\/wp-content\\\/uploads\\\/2022\\\/04\\\/olgenheten-med-lgenheten.png\",\"datePublished\":\"2014-12-21T23:00:00+00:00\",\"breadcrumb\":{\"@id\":\"https:\\\/\\\/lightweb.dev\\\/l\\\/svm-temp\\\/artiklar\\\/olagenheten-med-lagenheten\\\/#breadcrumb\"},\"inLanguage\":\"sv-SE\",\"potentialAction\":[{\"@type\":\"ReadAction\",\"target\":[\"https:\\\/\\\/lightweb.dev\\\/l\\\/svm-temp\\\/artiklar\\\/olagenheten-med-lagenheten\\\/\"]}]},{\"@type\":\"ImageObject\",\"inLanguage\":\"sv-SE\",\"@id\":\"https:\\\/\\\/lightweb.dev\\\/l\\\/svm-temp\\\/artiklar\\\/olagenheten-med-lagenheten\\\/#primaryimage\",\"url\":\"https:\\\/\\\/lightweb.dev\\\/l\\\/svm-temp\\\/wp-content\\\/uploads\\\/2022\\\/04\\\/olgenheten-med-lgenheten.png\",\"contentUrl\":\"https:\\\/\\\/lightweb.dev\\\/l\\\/svm-temp\\\/wp-content\\\/uploads\\\/2022\\\/04\\\/olgenheten-med-lgenheten.png\",\"width\":280,\"height\":373},{\"@type\":\"BreadcrumbList\",\"@id\":\"https:\\\/\\\/lightweb.dev\\\/l\\\/svm-temp\\\/artiklar\\\/olagenheten-med-lagenheten\\\/#breadcrumb\",\"itemListElement\":[{\"@type\":\"ListItem\",\"position\":1,\"name\":\"Hem\",\"item\":\"https:\\\/\\\/lightweb.dev\\\/l\\\/svm-temp\\\/\"},{\"@type\":\"ListItem\",\"position\":2,\"name\":\"Ol\u00e4genheten med l\u00e4genheten\"}]},{\"@type\":\"WebSite\",\"@id\":\"https:\\\/\\\/lightweb.dev\\\/l\\\/svm-temp\\\/#website\",\"url\":\"https:\\\/\\\/lightweb.dev\\\/l\\\/svm-temp\\\/\",\"name\":\"Svenska Magasinet\",\"description\":\"Dina Spanska nyheter p&aring; Svenska\",\"publisher\":{\"@id\":\"https:\\\/\\\/lightweb.dev\\\/l\\\/svm-temp\\\/#organization\"},\"potentialAction\":[{\"@type\":\"SearchAction\",\"target\":{\"@type\":\"EntryPoint\",\"urlTemplate\":\"https:\\\/\\\/lightweb.dev\\\/l\\\/svm-temp\\\/?s={search_term_string}\"},\"query-input\":{\"@type\":\"PropertyValueSpecification\",\"valueRequired\":true,\"valueName\":\"search_term_string\"}}],\"inLanguage\":\"sv-SE\"},{\"@type\":\"Organization\",\"@id\":\"https:\\\/\\\/lightweb.dev\\\/l\\\/svm-temp\\\/#organization\",\"name\":\"Melkerson y Nott SL\",\"alternateName\":\"Svenska Magasinet\",\"url\":\"https:\\\/\\\/lightweb.dev\\\/l\\\/svm-temp\\\/\",\"logo\":{\"@type\":\"ImageObject\",\"inLanguage\":\"sv-SE\",\"@id\":\"https:\\\/\\\/lightweb.dev\\\/l\\\/svm-temp\\\/#\\\/schema\\\/logo\\\/image\\\/\",\"url\":\"https:\\\/\\\/lightweb.dev\\\/l\\\/svm-temp\\\/wp-content\\\/uploads\\\/2025\\\/02\\\/SvM-logo-Xtra-Centrerad-SVART.png\",\"contentUrl\":\"https:\\\/\\\/lightweb.dev\\\/l\\\/svm-temp\\\/wp-content\\\/uploads\\\/2025\\\/02\\\/SvM-logo-Xtra-Centrerad-SVART.png\",\"width\":300,\"height\":99,\"caption\":\"Melkerson y Nott SL\"},\"image\":{\"@id\":\"https:\\\/\\\/lightweb.dev\\\/l\\\/svm-temp\\\/#\\\/schema\\\/logo\\\/image\\\/\"},\"sameAs\":[\"https:\\\/\\\/www.facebook.com\\\/svenskamagasinet\",\"https:\\\/\\\/x.com\\\/SvenskaMagasine\"]},{\"@type\":\"Person\",\"@id\":\"https:\\\/\\\/lightweb.dev\\\/l\\\/svm-temp\\\/#\\\/schema\\\/person\\\/206a3bda5b607b0c25e1749191e4d837\",\"name\":\"Redaktionen SvM\",\"description\":\"Redaktionen\",\"sameAs\":[\"https:\\\/\\\/lightweb.dev\\\/l\\\/svm-temp\"],\"url\":\"https:\\\/\\\/lightweb.dev\\\/l\\\/svm-temp\\\/reporter\\\/redaktionen\\\/\"}]}<\/script>\n<!-- \/ Yoast SEO Premium plugin. -->","yoast_head_json":{"title":"Ol\u00e4genheten med l\u00e4genheten - Svenska Magasinet","robots":{"index":"noindex","follow":"follow","max-snippet":"max-snippet:-1","max-image-preview":"max-image-preview:large","max-video-preview":"max-video-preview:-1"},"og_locale":"sv_SE","og_type":"article","og_title":"Ol\u00e4genheten med l\u00e4genheten","og_description":"Min fru och jag har sedan 1990 regelbundet semestrat p\u00e5 Spanska solkusten, hittills 35 g\u00e5nger. Vi har alltid valt alternativet att hyra privat\u00e4gda l\u00e4genheter i ett huskomplex kallat El Rey i Fuengirola. Det tilltalande l\u00e4get direkt vid strandpromenaden har varit avg\u00f6rande. L\u00e4genheterna har varit fullt utrustade och inkluderat s\u00e4nglinne\/badlakan samt slutst\u00e4dning. Vi har fortsatt hyra [&hellip;]","og_url":"https:\/\/lightweb.dev\/l\/svm-temp\/artiklar\/olagenheten-med-lagenheten\/","og_site_name":"Svenska Magasinet","article_publisher":"https:\/\/www.facebook.com\/svenskamagasinet","article_published_time":"2014-12-21T23:00:00+00:00","og_image":[{"width":280,"height":373,"url":"https:\/\/lightweb.dev\/l\/svm-temp\/wp-content\/uploads\/2022\/04\/olgenheten-med-lgenheten.png","type":"image\/png"}],"author":"Redaktionen SvM","twitter_card":"summary_large_image","twitter_creator":"@SvenskaMagasine","twitter_site":"@SvenskaMagasine","schema":{"@context":"https:\/\/schema.org","@graph":[{"@type":"Article","@id":"https:\/\/lightweb.dev\/l\/svm-temp\/artiklar\/olagenheten-med-lagenheten\/#article","isPartOf":{"@id":"https:\/\/lightweb.dev\/l\/svm-temp\/artiklar\/olagenheten-med-lagenheten\/"},"author":{"name":"Redaktionen SvM","@id":"https:\/\/lightweb.dev\/l\/svm-temp\/#\/schema\/person\/206a3bda5b607b0c25e1749191e4d837"},"headline":"Ol\u00e4genheten med l\u00e4genheten","datePublished":"2014-12-21T23:00:00+00:00","mainEntityOfPage":{"@id":"https:\/\/lightweb.dev\/l\/svm-temp\/artiklar\/olagenheten-med-lagenheten\/"},"wordCount":534,"commentCount":0,"publisher":{"@id":"https:\/\/lightweb.dev\/l\/svm-temp\/#organization"},"image":{"@id":"https:\/\/lightweb.dev\/l\/svm-temp\/artiklar\/olagenheten-med-lagenheten\/#primaryimage"},"thumbnailUrl":"https:\/\/lightweb.dev\/l\/svm-temp\/wp-content\/uploads\/2022\/04\/olgenheten-med-lgenheten.png","articleSection":["Arkiv","Artiklar"],"inLanguage":"sv-SE"},{"@type":"WebPage","@id":"https:\/\/lightweb.dev\/l\/svm-temp\/artiklar\/olagenheten-med-lagenheten\/","url":"https:\/\/lightweb.dev\/l\/svm-temp\/artiklar\/olagenheten-med-lagenheten\/","name":"Ol\u00e4genheten med l\u00e4genheten - Svenska Magasinet","isPartOf":{"@id":"https:\/\/lightweb.dev\/l\/svm-temp\/#website"},"primaryImageOfPage":{"@id":"https:\/\/lightweb.dev\/l\/svm-temp\/artiklar\/olagenheten-med-lagenheten\/#primaryimage"},"image":{"@id":"https:\/\/lightweb.dev\/l\/svm-temp\/artiklar\/olagenheten-med-lagenheten\/#primaryimage"},"thumbnailUrl":"https:\/\/lightweb.dev\/l\/svm-temp\/wp-content\/uploads\/2022\/04\/olgenheten-med-lgenheten.png","datePublished":"2014-12-21T23:00:00+00:00","breadcrumb":{"@id":"https:\/\/lightweb.dev\/l\/svm-temp\/artiklar\/olagenheten-med-lagenheten\/#breadcrumb"},"inLanguage":"sv-SE","potentialAction":[{"@type":"ReadAction","target":["https:\/\/lightweb.dev\/l\/svm-temp\/artiklar\/olagenheten-med-lagenheten\/"]}]},{"@type":"ImageObject","inLanguage":"sv-SE","@id":"https:\/\/lightweb.dev\/l\/svm-temp\/artiklar\/olagenheten-med-lagenheten\/#primaryimage","url":"https:\/\/lightweb.dev\/l\/svm-temp\/wp-content\/uploads\/2022\/04\/olgenheten-med-lgenheten.png","contentUrl":"https:\/\/lightweb.dev\/l\/svm-temp\/wp-content\/uploads\/2022\/04\/olgenheten-med-lgenheten.png","width":280,"height":373},{"@type":"BreadcrumbList","@id":"https:\/\/lightweb.dev\/l\/svm-temp\/artiklar\/olagenheten-med-lagenheten\/#breadcrumb","itemListElement":[{"@type":"ListItem","position":1,"name":"Hem","item":"https:\/\/lightweb.dev\/l\/svm-temp\/"},{"@type":"ListItem","position":2,"name":"Ol\u00e4genheten med l\u00e4genheten"}]},{"@type":"WebSite","@id":"https:\/\/lightweb.dev\/l\/svm-temp\/#website","url":"https:\/\/lightweb.dev\/l\/svm-temp\/","name":"Svenska Magasinet","description":"Dina Spanska nyheter p&aring; Svenska","publisher":{"@id":"https:\/\/lightweb.dev\/l\/svm-temp\/#organization"},"potentialAction":[{"@type":"SearchAction","target":{"@type":"EntryPoint","urlTemplate":"https:\/\/lightweb.dev\/l\/svm-temp\/?s={search_term_string}"},"query-input":{"@type":"PropertyValueSpecification","valueRequired":true,"valueName":"search_term_string"}}],"inLanguage":"sv-SE"},{"@type":"Organization","@id":"https:\/\/lightweb.dev\/l\/svm-temp\/#organization","name":"Melkerson y Nott SL","alternateName":"Svenska Magasinet","url":"https:\/\/lightweb.dev\/l\/svm-temp\/","logo":{"@type":"ImageObject","inLanguage":"sv-SE","@id":"https:\/\/lightweb.dev\/l\/svm-temp\/#\/schema\/logo\/image\/","url":"https:\/\/lightweb.dev\/l\/svm-temp\/wp-content\/uploads\/2025\/02\/SvM-logo-Xtra-Centrerad-SVART.png","contentUrl":"https:\/\/lightweb.dev\/l\/svm-temp\/wp-content\/uploads\/2025\/02\/SvM-logo-Xtra-Centrerad-SVART.png","width":300,"height":99,"caption":"Melkerson y Nott SL"},"image":{"@id":"https:\/\/lightweb.dev\/l\/svm-temp\/#\/schema\/logo\/image\/"},"sameAs":["https:\/\/www.facebook.com\/svenskamagasinet","https:\/\/x.com\/SvenskaMagasine"]},{"@type":"Person","@id":"https:\/\/lightweb.dev\/l\/svm-temp\/#\/schema\/person\/206a3bda5b607b0c25e1749191e4d837","name":"Redaktionen SvM","description":"Redaktionen","sameAs":["https:\/\/lightweb.dev\/l\/svm-temp"],"url":"https:\/\/lightweb.dev\/l\/svm-temp\/reporter\/redaktionen\/"}]}},"_links":{"self":[{"href":"https:\/\/lightweb.dev\/l\/svm-temp\/wp-json\/wp\/v2\/posts\/5283","targetHints":{"allow":["GET"]}}],"collection":[{"href":"https:\/\/lightweb.dev\/l\/svm-temp\/wp-json\/wp\/v2\/posts"}],"about":[{"href":"https:\/\/lightweb.dev\/l\/svm-temp\/wp-json\/wp\/v2\/types\/post"}],"author":[{"embeddable":true,"href":"https:\/\/lightweb.dev\/l\/svm-temp\/wp-json\/wp\/v2\/users\/8"}],"replies":[{"embeddable":true,"href":"https:\/\/lightweb.dev\/l\/svm-temp\/wp-json\/wp\/v2\/comments?post=5283"}],"version-history":[{"count":0,"href":"https:\/\/lightweb.dev\/l\/svm-temp\/wp-json\/wp\/v2\/posts\/5283\/revisions"}],"wp:featuredmedia":[{"embeddable":true,"href":"https:\/\/lightweb.dev\/l\/svm-temp\/wp-json\/wp\/v2\/media\/5284"}],"wp:attachment":[{"href":"https:\/\/lightweb.dev\/l\/svm-temp\/wp-json\/wp\/v2\/media?parent=5283"}],"wp:term":[{"taxonomy":"category","embeddable":true,"href":"https:\/\/lightweb.dev\/l\/svm-temp\/wp-json\/wp\/v2\/categories?post=5283"},{"taxonomy":"post_tag","embeddable":true,"href":"https:\/\/lightweb.dev\/l\/svm-temp\/wp-json\/wp\/v2\/tags?post=5283"}],"curies":[{"name":"wp","href":"https:\/\/api.w.org\/{rel}","templated":true}]}}