{"id":5301,"date":"2014-12-11T00:00:00","date_gmt":"2014-12-10T23:00:00","guid":{"rendered":"https:\/\/lightweb.dev\/l\/svm-temp\/hans-g-jul-igen\/"},"modified":"2014-12-11T00:00:00","modified_gmt":"2014-12-10T23:00:00","slug":"hans-g-jul-igen","status":"publish","type":"post","link":"https:\/\/lightweb.dev\/l\/svm-temp\/artiklar\/hans-g-jul-igen\/","title":{"rendered":"Hans G: Jul igen"},"content":{"rendered":"<p> Vem kunde tro vid den h\u00e4r tiden f\u00f6rra \u00e5ret att det skulle bli jul igen.<br \/>\n Av Hans G<\/p>\n<p>Jag menar med kris efter kris efter kris s\u00e5 hade man ju trott att tomten skulle packa ihop och l\u00e4gga ner verksamheten. Han har ju flera hundra Nissar anst\u00e4llda i sin verkstad men mig veterligen har det inte utf\u00e4rdats n\u00e5got varsel. Det \u00e4r uppenbarligen full rulle som vanligt. Inte ens Rudolf har blivit f\u00f6rtidspensionerad \u00e4ven om han \u00e4r lite blekare om nosen \u00e4n vanligt. S\u00e5 det \u00e4r bara till att sota skorstenen.<\/p>\n<p>En som inte \u00e4r blek om nosen d\u00e4remot \u00e4r Mariano \u201dahoy med R framf\u00f6r\u201d, alias Mariano Rahoj, men med tanke p\u00e5 hur mycket pengar han och hans kompisar stulit fr\u00e5n medborgarna borde han vara det. Men icke sa nicke, han har ju faktiskt bett spanska folket urs\u00e4kt f\u00f6r att det finns s\u00e5 m\u00e5nga tjuvar och banditer i h\u00f6gt uppsatta positioner.<\/p>\n<p>Nu senast solade han sig i glansen p\u00e5 G20 m\u00f6tet i Australien. D\u00e4r blev han gratulerad av alla andra till sina sora framg\u00e5ngar i Spanien. Det \u00e4r ju n\u00e4mligen s\u00e5 att han \u00e4r den ledare i Europa som har skapat den st\u00f6rsta klyftan mellan rika och fattig och f\u00e5tt flest familjer vr\u00e4kta fr\u00e5n sina hem. Spanien har den h\u00f6gsta procenten barn som lever i fattigdom av alla l\u00e4nder i EU med undantag av Storbritannien. S\u00e5dan statistik g\u00e5r alltid hem hos IMF:fantasterna. Det visar att man tar situationen p\u00e5 allvar.<\/p>\n<p>Men nu \u00e4r det jul igen och far \u00e4r full igen och hela huset brinner oppsan, s\u00e5 nu ska vi vara sn\u00e4lla. Det \u00e4r ju bara sn\u00e4lla barn som f\u00e5r julklappar s\u00e5 jag skulle, om jag ville, kunna r\u00e4kna upp en hel rad som kan k\u00e4nna sig bl\u00e5sta. Men som sagt, nu skall vi vara sn\u00e4lla s\u00e5 tv\u00e5 av mina favoriter skall trots allt f\u00e5 en julklapp. Mariano Rahoj f\u00e5r en egen burk med hallonsylt s\u00e5 att han slipper att snatta fr\u00e5n barn och gamla. Annika Falkengren, SE-bankens storstilade chef, f\u00e5r ett Monopol-spel med astronomiska priser p\u00e5 h\u00f6gt bel\u00e5nade fastigheterna s\u00e5 att hon k\u00e4nner sig som p\u00e5 sin mammas gata.<\/p>\n<p>Sverige Demokraterna d\u00e4remot \u00e4r satta i karant\u00e4n. Dom f\u00e5r inte ens julgran. M\u00f6jligtvis kan dom f\u00e5 en tramsig kr\u00e4fthatt i augusti om dom fortfarande \u00e4r med p\u00e5 kartan. Gl\u00e4djande nog har SD enligt den senaste v\u00e4ljarunders\u00f6kningen backat. Inte mycket, men \u00e4ndock.<\/p>\n<p>Personligen tycker jag att det h\u00e4r med jul \u00e4r en lurig sak. Ta bara det h\u00e4r med sj\u00e4lva firandet. Uppe i Landet Lagom och l\u00e4nderna i omnejden \u00e4r det ju julafton som \u00e4r den stora grejen. D\u00e5 l\u00e4gger mna grunden till en rej\u00e4l hj\u00e4rtattack. Dansar kring granen och f\u00f6rs\u00f6ker s\u00e5 gott det g\u00e5r att elda upp huset. Att man egentligen skall fira om och n\u00e4r Jesus f\u00f6ddes skjuter vi p\u00e5 morgondagen. V\u00e5r julafton bottnar ju givetvis i att vikingarna hade en av sina stora \u201dblot-dagar\u201d omkring den 24 december. D\u00e5 offrade man till sina gudar och passade p\u00e5 att ta sig en bl\u00e4cka n\u00e4r man \u00e4nd\u00e5 var ig\u00e5ng.<\/p>\n<p>H\u00e4r i Spanien \u00e4r man mer morbida. H\u00e4r sysslar man i princip bara med att fira att Jesus \u00e4r d\u00f6d. Men \u00e5 andra sidan har ju spanjorerna inte tillg\u00e5ng till OP Andersson. Men det har vi, s\u00e5 det f\u00e5r nog bli lite firande trots allt.<\/p>\n<p>Nu stundar ju dessutom ny\u00e5r. Som vanligt skall vi, som bor h\u00e4r uppe i bergen ta oss ner till Santiago p\u00e5 Bar Porras och dricka cava och k\u00e4ka vindruvor. Det har blivit en trevlig tradition. I stort sett hela byn tr\u00e4ngs och r\u00e4knar ner sekunderna. Och s\u00e5 lovar man givetvis dyrt och heligt att bli en b\u00e4ttre m\u00e4nniska. Utom jag. Jag \u00e4r traditionalist och tycker att jah \u00e4r ganska bra som jag \u00e4r. S\u00e5 jag upprepar bara f\u00f6rra \u00e5rets l\u00f6ften. Att inte b\u00f6rja jogga och att inte sluta grogga. Att aldrig betala Endesas faturor i tid och att forts\u00e4tta att ta min dagliga Victoria nere hos Juan p\u00e5 El Ni\u00f1o.<\/p>\n<p>F\u00f6r \u00f6vrigt f\u00e5r jag \u00f6nska mina l\u00e4sare en fr\u00f6jdefull sabbat, en god forts\u00e4ttning och ett gott nytt \u00e5r.<\/p>\n<p>M\u00e5 v\u00e4l och ta hand om er.<br \/>\nSaludos amigas\/os<\/p>\n","protected":false},"excerpt":{"rendered":"<p>Vem kunde tro vid den h\u00e4r tiden f\u00f6rra \u00e5ret att det skulle bli jul igen. Av Hans G Jag menar med kris efter kris efter kris s\u00e5 hade man ju trott att tomten skulle packa ihop och l\u00e4gga ner verksamheten. Han har ju flera hundra Nissar anst\u00e4llda i sin verkstad men mig veterligen har det [&hellip;]<\/p>\n","protected":false},"author":8,"featured_media":5302,"comment_status":"open","ping_status":"open","sticky":false,"template":"","format":"standard","meta":{"_et_pb_use_builder":"","_et_pb_old_content":"","_et_gb_content_width":"","footnotes":""},"categories":[396,4],"tags":[],"class_list":["post-5301","post","type-post","status-publish","format-standard","has-post-thumbnail","hentry","category-arkiv-artiklar","category-artiklar"],"yoast_head":"<!-- This site is optimized with the Yoast SEO Premium plugin v26.2 (Yoast SEO v27.4) - https:\/\/yoast.com\/product\/yoast-seo-premium-wordpress\/ -->\n<title>Hans G: Jul igen - Svenska Magasinet<\/title>\n<meta name=\"robots\" content=\"noindex, follow, max-snippet:-1, max-image-preview:large, max-video-preview:-1\" \/>\n<meta property=\"og:locale\" content=\"sv_SE\" \/>\n<meta property=\"og:type\" content=\"article\" \/>\n<meta property=\"og:title\" content=\"Hans G: Jul igen\" \/>\n<meta property=\"og:description\" content=\"Vem kunde tro vid den h\u00e4r tiden f\u00f6rra \u00e5ret att det skulle bli jul igen. Av Hans G Jag menar med kris efter kris efter kris s\u00e5 hade man ju trott att tomten skulle packa ihop och l\u00e4gga ner verksamheten. Han har ju flera hundra Nissar anst\u00e4llda i sin verkstad men mig veterligen har det [&hellip;]\" \/>\n<meta property=\"og:url\" content=\"https:\/\/lightweb.dev\/l\/svm-temp\/artiklar\/hans-g-jul-igen\/\" \/>\n<meta property=\"og:site_name\" content=\"Svenska Magasinet\" \/>\n<meta property=\"article:publisher\" content=\"https:\/\/www.facebook.com\/svenskamagasinet\" \/>\n<meta property=\"article:published_time\" content=\"2014-12-10T23:00:00+00:00\" \/>\n<meta property=\"og:image\" content=\"https:\/\/lightweb.dev\/l\/svm-temp\/wp-content\/uploads\/2022\/04\/hans-g-jul-igen.png\" \/>\n\t<meta property=\"og:image:width\" content=\"280\" \/>\n\t<meta property=\"og:image:height\" content=\"498\" \/>\n\t<meta property=\"og:image:type\" content=\"image\/png\" \/>\n<meta name=\"author\" content=\"Redaktionen SvM\" \/>\n<meta name=\"twitter:card\" content=\"summary_large_image\" \/>\n<meta name=\"twitter:creator\" content=\"@SvenskaMagasine\" \/>\n<meta name=\"twitter:site\" content=\"@SvenskaMagasine\" \/>\n<script type=\"application\/ld+json\" class=\"yoast-schema-graph\">{\"@context\":\"https:\\\/\\\/schema.org\",\"@graph\":[{\"@type\":\"Article\",\"@id\":\"https:\\\/\\\/lightweb.dev\\\/l\\\/svm-temp\\\/artiklar\\\/hans-g-jul-igen\\\/#article\",\"isPartOf\":{\"@id\":\"https:\\\/\\\/lightweb.dev\\\/l\\\/svm-temp\\\/artiklar\\\/hans-g-jul-igen\\\/\"},\"author\":{\"name\":\"Redaktionen SvM\",\"@id\":\"https:\\\/\\\/lightweb.dev\\\/l\\\/svm-temp\\\/#\\\/schema\\\/person\\\/206a3bda5b607b0c25e1749191e4d837\"},\"headline\":\"Hans G: Jul igen\",\"datePublished\":\"2014-12-10T23:00:00+00:00\",\"mainEntityOfPage\":{\"@id\":\"https:\\\/\\\/lightweb.dev\\\/l\\\/svm-temp\\\/artiklar\\\/hans-g-jul-igen\\\/\"},\"wordCount\":770,\"commentCount\":0,\"publisher\":{\"@id\":\"https:\\\/\\\/lightweb.dev\\\/l\\\/svm-temp\\\/#organization\"},\"image\":{\"@id\":\"https:\\\/\\\/lightweb.dev\\\/l\\\/svm-temp\\\/artiklar\\\/hans-g-jul-igen\\\/#primaryimage\"},\"thumbnailUrl\":\"https:\\\/\\\/lightweb.dev\\\/l\\\/svm-temp\\\/wp-content\\\/uploads\\\/2022\\\/04\\\/hans-g-jul-igen.png\",\"articleSection\":[\"Arkiv\",\"Artiklar\"],\"inLanguage\":\"sv-SE\"},{\"@type\":\"WebPage\",\"@id\":\"https:\\\/\\\/lightweb.dev\\\/l\\\/svm-temp\\\/artiklar\\\/hans-g-jul-igen\\\/\",\"url\":\"https:\\\/\\\/lightweb.dev\\\/l\\\/svm-temp\\\/artiklar\\\/hans-g-jul-igen\\\/\",\"name\":\"Hans G: Jul igen - Svenska Magasinet\",\"isPartOf\":{\"@id\":\"https:\\\/\\\/lightweb.dev\\\/l\\\/svm-temp\\\/#website\"},\"primaryImageOfPage\":{\"@id\":\"https:\\\/\\\/lightweb.dev\\\/l\\\/svm-temp\\\/artiklar\\\/hans-g-jul-igen\\\/#primaryimage\"},\"image\":{\"@id\":\"https:\\\/\\\/lightweb.dev\\\/l\\\/svm-temp\\\/artiklar\\\/hans-g-jul-igen\\\/#primaryimage\"},\"thumbnailUrl\":\"https:\\\/\\\/lightweb.dev\\\/l\\\/svm-temp\\\/wp-content\\\/uploads\\\/2022\\\/04\\\/hans-g-jul-igen.png\",\"datePublished\":\"2014-12-10T23:00:00+00:00\",\"breadcrumb\":{\"@id\":\"https:\\\/\\\/lightweb.dev\\\/l\\\/svm-temp\\\/artiklar\\\/hans-g-jul-igen\\\/#breadcrumb\"},\"inLanguage\":\"sv-SE\",\"potentialAction\":[{\"@type\":\"ReadAction\",\"target\":[\"https:\\\/\\\/lightweb.dev\\\/l\\\/svm-temp\\\/artiklar\\\/hans-g-jul-igen\\\/\"]}]},{\"@type\":\"ImageObject\",\"inLanguage\":\"sv-SE\",\"@id\":\"https:\\\/\\\/lightweb.dev\\\/l\\\/svm-temp\\\/artiklar\\\/hans-g-jul-igen\\\/#primaryimage\",\"url\":\"https:\\\/\\\/lightweb.dev\\\/l\\\/svm-temp\\\/wp-content\\\/uploads\\\/2022\\\/04\\\/hans-g-jul-igen.png\",\"contentUrl\":\"https:\\\/\\\/lightweb.dev\\\/l\\\/svm-temp\\\/wp-content\\\/uploads\\\/2022\\\/04\\\/hans-g-jul-igen.png\",\"width\":280,\"height\":498},{\"@type\":\"BreadcrumbList\",\"@id\":\"https:\\\/\\\/lightweb.dev\\\/l\\\/svm-temp\\\/artiklar\\\/hans-g-jul-igen\\\/#breadcrumb\",\"itemListElement\":[{\"@type\":\"ListItem\",\"position\":1,\"name\":\"Hem\",\"item\":\"https:\\\/\\\/lightweb.dev\\\/l\\\/svm-temp\\\/\"},{\"@type\":\"ListItem\",\"position\":2,\"name\":\"Hans G: Jul igen\"}]},{\"@type\":\"WebSite\",\"@id\":\"https:\\\/\\\/lightweb.dev\\\/l\\\/svm-temp\\\/#website\",\"url\":\"https:\\\/\\\/lightweb.dev\\\/l\\\/svm-temp\\\/\",\"name\":\"Svenska Magasinet\",\"description\":\"Dina Spanska nyheter p&aring; Svenska\",\"publisher\":{\"@id\":\"https:\\\/\\\/lightweb.dev\\\/l\\\/svm-temp\\\/#organization\"},\"potentialAction\":[{\"@type\":\"SearchAction\",\"target\":{\"@type\":\"EntryPoint\",\"urlTemplate\":\"https:\\\/\\\/lightweb.dev\\\/l\\\/svm-temp\\\/?s={search_term_string}\"},\"query-input\":{\"@type\":\"PropertyValueSpecification\",\"valueRequired\":true,\"valueName\":\"search_term_string\"}}],\"inLanguage\":\"sv-SE\"},{\"@type\":\"Organization\",\"@id\":\"https:\\\/\\\/lightweb.dev\\\/l\\\/svm-temp\\\/#organization\",\"name\":\"Melkerson y Nott SL\",\"alternateName\":\"Svenska Magasinet\",\"url\":\"https:\\\/\\\/lightweb.dev\\\/l\\\/svm-temp\\\/\",\"logo\":{\"@type\":\"ImageObject\",\"inLanguage\":\"sv-SE\",\"@id\":\"https:\\\/\\\/lightweb.dev\\\/l\\\/svm-temp\\\/#\\\/schema\\\/logo\\\/image\\\/\",\"url\":\"https:\\\/\\\/lightweb.dev\\\/l\\\/svm-temp\\\/wp-content\\\/uploads\\\/2025\\\/02\\\/SvM-logo-Xtra-Centrerad-SVART.png\",\"contentUrl\":\"https:\\\/\\\/lightweb.dev\\\/l\\\/svm-temp\\\/wp-content\\\/uploads\\\/2025\\\/02\\\/SvM-logo-Xtra-Centrerad-SVART.png\",\"width\":300,\"height\":99,\"caption\":\"Melkerson y Nott SL\"},\"image\":{\"@id\":\"https:\\\/\\\/lightweb.dev\\\/l\\\/svm-temp\\\/#\\\/schema\\\/logo\\\/image\\\/\"},\"sameAs\":[\"https:\\\/\\\/www.facebook.com\\\/svenskamagasinet\",\"https:\\\/\\\/x.com\\\/SvenskaMagasine\"]},{\"@type\":\"Person\",\"@id\":\"https:\\\/\\\/lightweb.dev\\\/l\\\/svm-temp\\\/#\\\/schema\\\/person\\\/206a3bda5b607b0c25e1749191e4d837\",\"name\":\"Redaktionen SvM\",\"description\":\"Redaktionen\",\"sameAs\":[\"https:\\\/\\\/lightweb.dev\\\/l\\\/svm-temp\"],\"url\":\"https:\\\/\\\/lightweb.dev\\\/l\\\/svm-temp\\\/reporter\\\/redaktionen\\\/\"}]}<\/script>\n<!-- \/ Yoast SEO Premium plugin. -->","yoast_head_json":{"title":"Hans G: Jul igen - Svenska Magasinet","robots":{"index":"noindex","follow":"follow","max-snippet":"max-snippet:-1","max-image-preview":"max-image-preview:large","max-video-preview":"max-video-preview:-1"},"og_locale":"sv_SE","og_type":"article","og_title":"Hans G: Jul igen","og_description":"Vem kunde tro vid den h\u00e4r tiden f\u00f6rra \u00e5ret att det skulle bli jul igen. Av Hans G Jag menar med kris efter kris efter kris s\u00e5 hade man ju trott att tomten skulle packa ihop och l\u00e4gga ner verksamheten. Han har ju flera hundra Nissar anst\u00e4llda i sin verkstad men mig veterligen har det [&hellip;]","og_url":"https:\/\/lightweb.dev\/l\/svm-temp\/artiklar\/hans-g-jul-igen\/","og_site_name":"Svenska Magasinet","article_publisher":"https:\/\/www.facebook.com\/svenskamagasinet","article_published_time":"2014-12-10T23:00:00+00:00","og_image":[{"width":280,"height":498,"url":"https:\/\/lightweb.dev\/l\/svm-temp\/wp-content\/uploads\/2022\/04\/hans-g-jul-igen.png","type":"image\/png"}],"author":"Redaktionen SvM","twitter_card":"summary_large_image","twitter_creator":"@SvenskaMagasine","twitter_site":"@SvenskaMagasine","schema":{"@context":"https:\/\/schema.org","@graph":[{"@type":"Article","@id":"https:\/\/lightweb.dev\/l\/svm-temp\/artiklar\/hans-g-jul-igen\/#article","isPartOf":{"@id":"https:\/\/lightweb.dev\/l\/svm-temp\/artiklar\/hans-g-jul-igen\/"},"author":{"name":"Redaktionen SvM","@id":"https:\/\/lightweb.dev\/l\/svm-temp\/#\/schema\/person\/206a3bda5b607b0c25e1749191e4d837"},"headline":"Hans G: Jul igen","datePublished":"2014-12-10T23:00:00+00:00","mainEntityOfPage":{"@id":"https:\/\/lightweb.dev\/l\/svm-temp\/artiklar\/hans-g-jul-igen\/"},"wordCount":770,"commentCount":0,"publisher":{"@id":"https:\/\/lightweb.dev\/l\/svm-temp\/#organization"},"image":{"@id":"https:\/\/lightweb.dev\/l\/svm-temp\/artiklar\/hans-g-jul-igen\/#primaryimage"},"thumbnailUrl":"https:\/\/lightweb.dev\/l\/svm-temp\/wp-content\/uploads\/2022\/04\/hans-g-jul-igen.png","articleSection":["Arkiv","Artiklar"],"inLanguage":"sv-SE"},{"@type":"WebPage","@id":"https:\/\/lightweb.dev\/l\/svm-temp\/artiklar\/hans-g-jul-igen\/","url":"https:\/\/lightweb.dev\/l\/svm-temp\/artiklar\/hans-g-jul-igen\/","name":"Hans G: Jul igen - Svenska Magasinet","isPartOf":{"@id":"https:\/\/lightweb.dev\/l\/svm-temp\/#website"},"primaryImageOfPage":{"@id":"https:\/\/lightweb.dev\/l\/svm-temp\/artiklar\/hans-g-jul-igen\/#primaryimage"},"image":{"@id":"https:\/\/lightweb.dev\/l\/svm-temp\/artiklar\/hans-g-jul-igen\/#primaryimage"},"thumbnailUrl":"https:\/\/lightweb.dev\/l\/svm-temp\/wp-content\/uploads\/2022\/04\/hans-g-jul-igen.png","datePublished":"2014-12-10T23:00:00+00:00","breadcrumb":{"@id":"https:\/\/lightweb.dev\/l\/svm-temp\/artiklar\/hans-g-jul-igen\/#breadcrumb"},"inLanguage":"sv-SE","potentialAction":[{"@type":"ReadAction","target":["https:\/\/lightweb.dev\/l\/svm-temp\/artiklar\/hans-g-jul-igen\/"]}]},{"@type":"ImageObject","inLanguage":"sv-SE","@id":"https:\/\/lightweb.dev\/l\/svm-temp\/artiklar\/hans-g-jul-igen\/#primaryimage","url":"https:\/\/lightweb.dev\/l\/svm-temp\/wp-content\/uploads\/2022\/04\/hans-g-jul-igen.png","contentUrl":"https:\/\/lightweb.dev\/l\/svm-temp\/wp-content\/uploads\/2022\/04\/hans-g-jul-igen.png","width":280,"height":498},{"@type":"BreadcrumbList","@id":"https:\/\/lightweb.dev\/l\/svm-temp\/artiklar\/hans-g-jul-igen\/#breadcrumb","itemListElement":[{"@type":"ListItem","position":1,"name":"Hem","item":"https:\/\/lightweb.dev\/l\/svm-temp\/"},{"@type":"ListItem","position":2,"name":"Hans G: Jul igen"}]},{"@type":"WebSite","@id":"https:\/\/lightweb.dev\/l\/svm-temp\/#website","url":"https:\/\/lightweb.dev\/l\/svm-temp\/","name":"Svenska Magasinet","description":"Dina Spanska nyheter p&aring; Svenska","publisher":{"@id":"https:\/\/lightweb.dev\/l\/svm-temp\/#organization"},"potentialAction":[{"@type":"SearchAction","target":{"@type":"EntryPoint","urlTemplate":"https:\/\/lightweb.dev\/l\/svm-temp\/?s={search_term_string}"},"query-input":{"@type":"PropertyValueSpecification","valueRequired":true,"valueName":"search_term_string"}}],"inLanguage":"sv-SE"},{"@type":"Organization","@id":"https:\/\/lightweb.dev\/l\/svm-temp\/#organization","name":"Melkerson y Nott SL","alternateName":"Svenska Magasinet","url":"https:\/\/lightweb.dev\/l\/svm-temp\/","logo":{"@type":"ImageObject","inLanguage":"sv-SE","@id":"https:\/\/lightweb.dev\/l\/svm-temp\/#\/schema\/logo\/image\/","url":"https:\/\/lightweb.dev\/l\/svm-temp\/wp-content\/uploads\/2025\/02\/SvM-logo-Xtra-Centrerad-SVART.png","contentUrl":"https:\/\/lightweb.dev\/l\/svm-temp\/wp-content\/uploads\/2025\/02\/SvM-logo-Xtra-Centrerad-SVART.png","width":300,"height":99,"caption":"Melkerson y Nott SL"},"image":{"@id":"https:\/\/lightweb.dev\/l\/svm-temp\/#\/schema\/logo\/image\/"},"sameAs":["https:\/\/www.facebook.com\/svenskamagasinet","https:\/\/x.com\/SvenskaMagasine"]},{"@type":"Person","@id":"https:\/\/lightweb.dev\/l\/svm-temp\/#\/schema\/person\/206a3bda5b607b0c25e1749191e4d837","name":"Redaktionen SvM","description":"Redaktionen","sameAs":["https:\/\/lightweb.dev\/l\/svm-temp"],"url":"https:\/\/lightweb.dev\/l\/svm-temp\/reporter\/redaktionen\/"}]}},"_links":{"self":[{"href":"https:\/\/lightweb.dev\/l\/svm-temp\/wp-json\/wp\/v2\/posts\/5301","targetHints":{"allow":["GET"]}}],"collection":[{"href":"https:\/\/lightweb.dev\/l\/svm-temp\/wp-json\/wp\/v2\/posts"}],"about":[{"href":"https:\/\/lightweb.dev\/l\/svm-temp\/wp-json\/wp\/v2\/types\/post"}],"author":[{"embeddable":true,"href":"https:\/\/lightweb.dev\/l\/svm-temp\/wp-json\/wp\/v2\/users\/8"}],"replies":[{"embeddable":true,"href":"https:\/\/lightweb.dev\/l\/svm-temp\/wp-json\/wp\/v2\/comments?post=5301"}],"version-history":[{"count":0,"href":"https:\/\/lightweb.dev\/l\/svm-temp\/wp-json\/wp\/v2\/posts\/5301\/revisions"}],"wp:featuredmedia":[{"embeddable":true,"href":"https:\/\/lightweb.dev\/l\/svm-temp\/wp-json\/wp\/v2\/media\/5302"}],"wp:attachment":[{"href":"https:\/\/lightweb.dev\/l\/svm-temp\/wp-json\/wp\/v2\/media?parent=5301"}],"wp:term":[{"taxonomy":"category","embeddable":true,"href":"https:\/\/lightweb.dev\/l\/svm-temp\/wp-json\/wp\/v2\/categories?post=5301"},{"taxonomy":"post_tag","embeddable":true,"href":"https:\/\/lightweb.dev\/l\/svm-temp\/wp-json\/wp\/v2\/tags?post=5301"}],"curies":[{"name":"wp","href":"https:\/\/api.w.org\/{rel}","templated":true}]}}