{"id":5316,"date":"2014-12-11T00:00:00","date_gmt":"2014-12-10T23:00:00","guid":{"rendered":"https:\/\/lightweb.dev\/l\/svm-temp\/spanien-just-nu-utan-kris-hade-allt-varit-som-tidigare\/"},"modified":"2014-12-11T00:00:00","modified_gmt":"2014-12-10T23:00:00","slug":"spanien-just-nu-utan-kris-hade-allt-varit-som-tidigare","status":"publish","type":"post","link":"https:\/\/lightweb.dev\/l\/svm-temp\/artiklar\/spanien-just-nu-utan-kris-hade-allt-varit-som-tidigare\/","title":{"rendered":"Spanien just nu \u2013 utan kris hade allt varit som tidigare"},"content":{"rendered":"<p> I samband med det illegala valet om Kataloniens sj\u00e4lvst\u00e4ndighet blev jag kontaktad av flera l\u00e4sare. St\u00e4mmer den mediebild som gavs i Sverige? SVT liksom SR hade folk p\u00e5 plats men rapporteringen var direkt ensidig och missvisande p\u00e5 s\u00f6ndagskv\u00e4llen den 9 november. Av Ola Josefsson<\/p>\n<p>Samtliga som intervjuades i svensk radio och tv var positiva till sj\u00e4lvst\u00e4ndighet. Reportrarna gick n\u00e4stan upp i falsett i sin iver att ber\u00e4tta hur hela Katalonien var ute f\u00f6r att r\u00f6sta n\u00e4r verkligheten i st\u00e4llet var att tv\u00e5 tredjedelar stannade hemma. Ingen av de som intervjuades tillh\u00f6rde denna grupp eller de som mots\u00e4tter sig att Katalonien bryter sig ur.<\/p>\n<p>N\u00e5gon av l\u00e4sarna beskrev farsen som propagandaval. Ja, s\u00e5 kan valet beskrivas och jag best\u00e4mde mig f\u00f6r att planka uttrycket i en nyhetsnotis. Nu kan vi konstatera att en del slukade propagandan rakt av. SR:s och SVT:s bevakning i Katalonien var en katastrof, speciellt n\u00e4r mantrat st\u00e4ndigt k\u00f6rs att det var den konservativa regeringen som stoppade valet n\u00e4r det i verkligheten var f\u00f6rfattningsdomstolen.<\/p>\n<p>Kataloniens regionala president Artur Mas hotar med nya val och s\u00e5 l\u00e4r kr\u00e5ks\u00e5ngen forts\u00e4tta. Vecka ut och vecka in, m\u00e5nad efter m\u00e5nad, \u00e5r efter \u00e5r. I st\u00e4llet f\u00f6r att ta tag i samh\u00e4llets verkliga problem och hj\u00e4lpa barskrapade m\u00e4nniskor i samh\u00e4llets bottenskikt fl\u00f6dar den regionala nationalismen i landets nord\u00f6stra h\u00f6rn.<br \/>\nBland separatisterna i Katalonien \u00e4r inte arbetsl\u00f6shet och korruption de st\u00f6rsta fr\u00e5gorna att l\u00f6sa. Just arbetsl\u00f6shet och korruption samt Spaniens splittring har bidraget till krisen som har skapat \u00f6kade klyftor, bidragsberoende och nyfattigdom.<\/p>\n<p>Arbetsl\u00f6sheten \u00e4r inte lika omfattande som siffrorna visar eftersom den svarta ekonomin och svarta arbetskraften \u00e4r stor i Spanien. Huvudproblemet \u00e4r korruption.<\/p>\n<p>Tv-kanalen Antena 3 hade nyligen ett program om f\u00e5ngv\u00e5rdsanstalten Soto del Real norr om Madrid som b\u00f6rjar bli fullbelagd av politiker, f\u00f6retagare och k\u00e4ndisar. Det \u00e4r positiva nyheter. Att landets kleptokrater hamnar bakom l\u00e5s och boom.<br \/>\nN\u00e5gra av storfr\u00e4sarna \u00e4r Luis B\u00e1rcenas och Gerardo D\u00edaz Ferr\u00e1n som beskrivs som veteraner. Nyanl\u00e4nda senaste tiden \u00e4r Miguel Blesa, Francisco Correa, Pablo Crespo och \u00c1ngel de Cabos. De kan v\u00e4nta sig en kylig vinter d\u00e5 nattemperaturen ligger p\u00e5 runt noll grader fram till mars m\u00e5nad i de norra trakterna av regionen Madrid.<\/p>\n<p>I \u00f6vrigt beskrivs Soto del Real som rena rama lyxen j\u00e4mf\u00f6rt med andra anstalter i Spanien d\u00e4r majoriteten av internerna antingen \u00e4r utl\u00e4nningar, hiv-positiva och narkomaner. Vid Soto del Real b\u00f6rjar dagen klockan 8 med frukost som f\u00f6ljs av studier, bollsparkande, minigym, ett dopp i poolen eller squash. De har 80 euro i veckan att handla f\u00f6r och 14 tv-kanaler att v\u00e4lja p\u00e5.<\/p>\n<p>\u00c4ven om det \u00e4r storfr\u00e4sarna som f\u00e5r skaka galler i Soto del Real sl\u00e5r korruptionen i alla samh\u00e4llsskikt. Kan han, s\u00e5 kan jag, \u00e4r ett resonemang som sprider ringar p\u00e5 vattnet.<\/p>\n<p>Vad t\u00e4nker ni p\u00e5 n\u00e4r ni h\u00f6r ordet korruption, fr\u00e5gade en journalist i en spansk dagstidning nyligen. Han ber\u00e4ttade om taxiresor, f\u00f6rfalskade fakturor och \u201dprecio de malague\u00f1o\u201d, specialpris f\u00f6r tv\u00e4tt\u00e4kta M\u00e1laga-inv\u00e5nare och ett annat pris f\u00f6r utl\u00e4nningar. Priser som inte \u00e4r officiella.<br \/>\nOr\u00e4ttvist, s\u00e4ger utl\u00e4nningen. Smutsigt bedr\u00e4geri anser journalisten men knappast j\u00e4mf\u00f6rbart med de miljarder som storfr\u00e4sarna har stulit fr\u00e5n samh\u00e4llet.<\/p>\n<p>Han ber\u00e4ttar om taxichauff\u00f6ren som s\u00e4ger: \u201dH\u00e4r r\u00e5nar de som kan. Vet du varf\u00f6r inte du och jag r\u00e5nar? D\u00e4rf\u00f6r att vi inte kan\u201d, s\u00e4ger chauff\u00f6ren samtidigt som han k\u00f6r mot r\u00f6tt och kommenterar det med \u201datt nu stal jag lite tid&#8230;\u201d.<br \/>\nHela Spanien vet att korruption existerar och florerar varje dag. S\u00e5 \u00e4r det i hela v\u00e4rlden i st\u00f6rre eller mindre skala. \u00c4ven i Sverige d\u00e4r man helst inte pratar s\u00e5 mycket om det. Att lura statskassan beskrivs som en avundsv\u00e4rd skicklighet, en tolererad status.<\/p>\n<p>Tack vare den ekonomiska krisen har n\u00e5got h\u00e4nt. Den har blivit v\u00e4ndpunkten d\u00e4r folk har f\u00e5tt nog, slutat ignorera korruptionen och vara medbrottslingar f\u00f6r att i st\u00e4llet ifr\u00e5gas\u00e4tta.<br \/>\nOm inte krisen hade kommit hade allt varit som f\u00f6rut.<\/p>\n<p>Noterat:<br \/>\n\u201dLavinen av illegala invandrare som tar sig in i landet kan ocks\u00e5 best\u00e5 av jihadister\u201d. Spaniens inrikesminister Jorge Fern\u00e1ndez D\u00edaz, 6 november 2014.<\/p>\n<p>\u201dJournalister m\u00e5ste anv\u00e4nda ord som f\u00f6renar och inte splittrar. Ord \u00e4r inte som vinden. Ord bygger historia. Bra historia \u00e4r l\u00e4kande och stimulerande och anv\u00e4nds f\u00f6r goda relationer\u201d. Colombianska journalisten och professorn Javier Dar\u00edo Restrepo, 82, vid en seminarium i Logro\u00f1o och avsaknaden av etik.<\/p>\n<p>\u201dPablo Iglesias \u00e4r en tv-produkt som Chikilicuatre, en modefluga d\u00f6mda att misslyckas med sitt bolivianska system\u201d. Melillas president Juan Jos\u00e9 Imbroda beskriver v\u00e4nsterpopulistiska Podemos partiledare Pablo Iglesias som en \u201dChikilicuatre\u201d, han som representerade Spanien i Eurovision Song Contest.<\/p>\n<p>\u201dSverige har beslutat att \u00f6ka sitt bist\u00e5nd till Palestina med 161 miljoner euro de n\u00e4rmaste fem \u00e5ren. Det \u00e4r 50 procent mer \u00e4n den ursprungliga budgeten\u201d. Dagstidningen ABC den 6 november.<\/p>\n","protected":false},"excerpt":{"rendered":"<p>I samband med det illegala valet om Kataloniens sj\u00e4lvst\u00e4ndighet blev jag kontaktad av flera l\u00e4sare. St\u00e4mmer den mediebild som gavs i Sverige? SVT liksom SR hade folk p\u00e5 plats men rapporteringen var direkt ensidig och missvisande p\u00e5 s\u00f6ndagskv\u00e4llen den 9 november. Av Ola Josefsson Samtliga som intervjuades i svensk radio och tv var positiva till [&hellip;]<\/p>\n","protected":false},"author":8,"featured_media":5317,"comment_status":"open","ping_status":"open","sticky":false,"template":"","format":"standard","meta":{"_et_pb_use_builder":"","_et_pb_old_content":"","_et_gb_content_width":"","footnotes":""},"categories":[4,36],"tags":[],"class_list":["post-5316","post","type-post","status-publish","format-standard","has-post-thumbnail","hentry","category-artiklar","category-spanien-just-nu"],"yoast_head":"<!-- This site is optimized with the Yoast SEO Premium plugin v26.2 (Yoast SEO v28.2) - https:\/\/yoast.com\/product\/yoast-seo-premium-wordpress\/ -->\n<title>Spanien just nu \u2013 utan kris hade allt varit som tidigare - Svenska Magasinet<\/title>\n<meta name=\"robots\" content=\"noindex, follow, max-snippet:-1, max-image-preview:large, max-video-preview:-1\" \/>\n<meta property=\"og:locale\" content=\"sv_SE\" \/>\n<meta property=\"og:type\" content=\"article\" \/>\n<meta property=\"og:title\" content=\"Spanien just nu \u2013 utan kris hade allt varit som tidigare\" \/>\n<meta property=\"og:description\" content=\"I samband med det illegala valet om Kataloniens sj\u00e4lvst\u00e4ndighet blev jag kontaktad av flera l\u00e4sare. St\u00e4mmer den mediebild som gavs i Sverige? SVT liksom SR hade folk p\u00e5 plats men rapporteringen var direkt ensidig och missvisande p\u00e5 s\u00f6ndagskv\u00e4llen den 9 november. Av Ola Josefsson Samtliga som intervjuades i svensk radio och tv var positiva till [&hellip;]\" \/>\n<meta property=\"og:url\" content=\"https:\/\/lightweb.dev\/l\/svm-temp\/artiklar\/spanien-just-nu-utan-kris-hade-allt-varit-som-tidigare\/\" \/>\n<meta property=\"og:site_name\" content=\"Svenska Magasinet\" \/>\n<meta property=\"article:publisher\" content=\"https:\/\/www.facebook.com\/svenskamagasinet\" \/>\n<meta property=\"article:published_time\" content=\"2014-12-10T23:00:00+00:00\" \/>\n<meta property=\"og:image\" content=\"https:\/\/lightweb.dev\/l\/svm-temp\/wp-content\/uploads\/2022\/04\/spanien-just-nu-utan-kris-hade-allt-varit-som-tidigare.png\" \/>\n\t<meta property=\"og:image:width\" content=\"280\" \/>\n\t<meta property=\"og:image:height\" content=\"419\" \/>\n\t<meta property=\"og:image:type\" content=\"image\/png\" \/>\n<meta name=\"author\" content=\"Redaktionen SvM\" \/>\n<meta name=\"twitter:card\" content=\"summary_large_image\" \/>\n<meta name=\"twitter:creator\" content=\"@SvenskaMagasine\" \/>\n<meta name=\"twitter:site\" content=\"@SvenskaMagasine\" \/>\n<script type=\"application\/ld+json\" class=\"yoast-schema-graph\">{\"@context\":\"https:\\\/\\\/schema.org\",\"@graph\":[{\"@type\":\"Article\",\"@id\":\"https:\\\/\\\/lightweb.dev\\\/l\\\/svm-temp\\\/artiklar\\\/spanien-just-nu-utan-kris-hade-allt-varit-som-tidigare\\\/#article\",\"isPartOf\":{\"@id\":\"https:\\\/\\\/lightweb.dev\\\/l\\\/svm-temp\\\/artiklar\\\/spanien-just-nu-utan-kris-hade-allt-varit-som-tidigare\\\/\"},\"author\":{\"name\":\"Redaktionen SvM\",\"@id\":\"https:\\\/\\\/lightweb.dev\\\/l\\\/svm-temp\\\/#\\\/schema\\\/person\\\/206a3bda5b607b0c25e1749191e4d837\"},\"headline\":\"Spanien just nu \u2013 utan kris hade allt varit som tidigare\",\"datePublished\":\"2014-12-10T23:00:00+00:00\",\"mainEntityOfPage\":{\"@id\":\"https:\\\/\\\/lightweb.dev\\\/l\\\/svm-temp\\\/artiklar\\\/spanien-just-nu-utan-kris-hade-allt-varit-som-tidigare\\\/\"},\"wordCount\":914,\"commentCount\":0,\"publisher\":{\"@id\":\"https:\\\/\\\/lightweb.dev\\\/l\\\/svm-temp\\\/#organization\"},\"image\":{\"@id\":\"https:\\\/\\\/lightweb.dev\\\/l\\\/svm-temp\\\/artiklar\\\/spanien-just-nu-utan-kris-hade-allt-varit-som-tidigare\\\/#primaryimage\"},\"thumbnailUrl\":\"https:\\\/\\\/lightweb.dev\\\/l\\\/svm-temp\\\/wp-content\\\/uploads\\\/2022\\\/04\\\/spanien-just-nu-utan-kris-hade-allt-varit-som-tidigare.png\",\"articleSection\":[\"Artiklar\",\"Spanien just nu\"],\"inLanguage\":\"sv-SE\"},{\"@type\":\"WebPage\",\"@id\":\"https:\\\/\\\/lightweb.dev\\\/l\\\/svm-temp\\\/artiklar\\\/spanien-just-nu-utan-kris-hade-allt-varit-som-tidigare\\\/\",\"url\":\"https:\\\/\\\/lightweb.dev\\\/l\\\/svm-temp\\\/artiklar\\\/spanien-just-nu-utan-kris-hade-allt-varit-som-tidigare\\\/\",\"name\":\"Spanien just nu \u2013 utan kris hade allt varit som tidigare - Svenska Magasinet\",\"isPartOf\":{\"@id\":\"https:\\\/\\\/lightweb.dev\\\/l\\\/svm-temp\\\/#website\"},\"primaryImageOfPage\":{\"@id\":\"https:\\\/\\\/lightweb.dev\\\/l\\\/svm-temp\\\/artiklar\\\/spanien-just-nu-utan-kris-hade-allt-varit-som-tidigare\\\/#primaryimage\"},\"image\":{\"@id\":\"https:\\\/\\\/lightweb.dev\\\/l\\\/svm-temp\\\/artiklar\\\/spanien-just-nu-utan-kris-hade-allt-varit-som-tidigare\\\/#primaryimage\"},\"thumbnailUrl\":\"https:\\\/\\\/lightweb.dev\\\/l\\\/svm-temp\\\/wp-content\\\/uploads\\\/2022\\\/04\\\/spanien-just-nu-utan-kris-hade-allt-varit-som-tidigare.png\",\"datePublished\":\"2014-12-10T23:00:00+00:00\",\"breadcrumb\":{\"@id\":\"https:\\\/\\\/lightweb.dev\\\/l\\\/svm-temp\\\/artiklar\\\/spanien-just-nu-utan-kris-hade-allt-varit-som-tidigare\\\/#breadcrumb\"},\"inLanguage\":\"sv-SE\",\"potentialAction\":[{\"@type\":\"ReadAction\",\"target\":[\"https:\\\/\\\/lightweb.dev\\\/l\\\/svm-temp\\\/artiklar\\\/spanien-just-nu-utan-kris-hade-allt-varit-som-tidigare\\\/\"]}]},{\"@type\":\"ImageObject\",\"inLanguage\":\"sv-SE\",\"@id\":\"https:\\\/\\\/lightweb.dev\\\/l\\\/svm-temp\\\/artiklar\\\/spanien-just-nu-utan-kris-hade-allt-varit-som-tidigare\\\/#primaryimage\",\"url\":\"https:\\\/\\\/lightweb.dev\\\/l\\\/svm-temp\\\/wp-content\\\/uploads\\\/2022\\\/04\\\/spanien-just-nu-utan-kris-hade-allt-varit-som-tidigare.png\",\"contentUrl\":\"https:\\\/\\\/lightweb.dev\\\/l\\\/svm-temp\\\/wp-content\\\/uploads\\\/2022\\\/04\\\/spanien-just-nu-utan-kris-hade-allt-varit-som-tidigare.png\",\"width\":280,\"height\":419},{\"@type\":\"BreadcrumbList\",\"@id\":\"https:\\\/\\\/lightweb.dev\\\/l\\\/svm-temp\\\/artiklar\\\/spanien-just-nu-utan-kris-hade-allt-varit-som-tidigare\\\/#breadcrumb\",\"itemListElement\":[{\"@type\":\"ListItem\",\"position\":1,\"name\":\"Hem\",\"item\":\"https:\\\/\\\/lightweb.dev\\\/l\\\/svm-temp\\\/\"},{\"@type\":\"ListItem\",\"position\":2,\"name\":\"Spanien just nu \u2013 utan kris hade allt varit som tidigare\"}]},{\"@type\":\"WebSite\",\"@id\":\"https:\\\/\\\/lightweb.dev\\\/l\\\/svm-temp\\\/#website\",\"url\":\"https:\\\/\\\/lightweb.dev\\\/l\\\/svm-temp\\\/\",\"name\":\"Svenska Magasinet\",\"description\":\"Dina Spanska nyheter p&aring; Svenska\",\"publisher\":{\"@id\":\"https:\\\/\\\/lightweb.dev\\\/l\\\/svm-temp\\\/#organization\"},\"potentialAction\":[{\"@type\":\"SearchAction\",\"target\":{\"@type\":\"EntryPoint\",\"urlTemplate\":\"https:\\\/\\\/lightweb.dev\\\/l\\\/svm-temp\\\/?s={search_term_string}\"},\"query-input\":{\"@type\":\"PropertyValueSpecification\",\"valueRequired\":true,\"valueName\":\"search_term_string\"}}],\"inLanguage\":\"sv-SE\"},{\"@type\":\"Organization\",\"@id\":\"https:\\\/\\\/lightweb.dev\\\/l\\\/svm-temp\\\/#organization\",\"name\":\"Melkerson y Nott SL\",\"alternateName\":\"Svenska Magasinet\",\"url\":\"https:\\\/\\\/lightweb.dev\\\/l\\\/svm-temp\\\/\",\"logo\":{\"@type\":\"ImageObject\",\"inLanguage\":\"sv-SE\",\"@id\":\"https:\\\/\\\/lightweb.dev\\\/l\\\/svm-temp\\\/#\\\/schema\\\/logo\\\/image\\\/\",\"url\":\"https:\\\/\\\/lightweb.dev\\\/l\\\/svm-temp\\\/wp-content\\\/uploads\\\/2025\\\/02\\\/SvM-logo-Xtra-Centrerad-SVART.png\",\"contentUrl\":\"https:\\\/\\\/lightweb.dev\\\/l\\\/svm-temp\\\/wp-content\\\/uploads\\\/2025\\\/02\\\/SvM-logo-Xtra-Centrerad-SVART.png\",\"width\":300,\"height\":99,\"caption\":\"Melkerson y Nott SL\"},\"image\":{\"@id\":\"https:\\\/\\\/lightweb.dev\\\/l\\\/svm-temp\\\/#\\\/schema\\\/logo\\\/image\\\/\"},\"sameAs\":[\"https:\\\/\\\/www.facebook.com\\\/svenskamagasinet\",\"https:\\\/\\\/x.com\\\/SvenskaMagasine\"]},{\"@type\":\"Person\",\"@id\":\"https:\\\/\\\/lightweb.dev\\\/l\\\/svm-temp\\\/#\\\/schema\\\/person\\\/206a3bda5b607b0c25e1749191e4d837\",\"name\":\"Redaktionen SvM\",\"description\":\"Redaktionen\",\"sameAs\":[\"https:\\\/\\\/lightweb.dev\\\/l\\\/svm-temp\"],\"url\":\"https:\\\/\\\/lightweb.dev\\\/l\\\/svm-temp\\\/reporter\\\/redaktionen\\\/\"}]}<\/script>\n<!-- \/ Yoast SEO Premium plugin. -->","yoast_head_json":{"title":"Spanien just nu \u2013 utan kris hade allt varit som tidigare - Svenska Magasinet","robots":{"index":"noindex","follow":"follow","max-snippet":"max-snippet:-1","max-image-preview":"max-image-preview:large","max-video-preview":"max-video-preview:-1"},"og_locale":"sv_SE","og_type":"article","og_title":"Spanien just nu \u2013 utan kris hade allt varit som tidigare","og_description":"I samband med det illegala valet om Kataloniens sj\u00e4lvst\u00e4ndighet blev jag kontaktad av flera l\u00e4sare. St\u00e4mmer den mediebild som gavs i Sverige? SVT liksom SR hade folk p\u00e5 plats men rapporteringen var direkt ensidig och missvisande p\u00e5 s\u00f6ndagskv\u00e4llen den 9 november. Av Ola Josefsson Samtliga som intervjuades i svensk radio och tv var positiva till [&hellip;]","og_url":"https:\/\/lightweb.dev\/l\/svm-temp\/artiklar\/spanien-just-nu-utan-kris-hade-allt-varit-som-tidigare\/","og_site_name":"Svenska Magasinet","article_publisher":"https:\/\/www.facebook.com\/svenskamagasinet","article_published_time":"2014-12-10T23:00:00+00:00","og_image":[{"width":280,"height":419,"url":"https:\/\/lightweb.dev\/l\/svm-temp\/wp-content\/uploads\/2022\/04\/spanien-just-nu-utan-kris-hade-allt-varit-som-tidigare.png","type":"image\/png"}],"author":"Redaktionen SvM","twitter_card":"summary_large_image","twitter_creator":"@SvenskaMagasine","twitter_site":"@SvenskaMagasine","schema":{"@context":"https:\/\/schema.org","@graph":[{"@type":"Article","@id":"https:\/\/lightweb.dev\/l\/svm-temp\/artiklar\/spanien-just-nu-utan-kris-hade-allt-varit-som-tidigare\/#article","isPartOf":{"@id":"https:\/\/lightweb.dev\/l\/svm-temp\/artiklar\/spanien-just-nu-utan-kris-hade-allt-varit-som-tidigare\/"},"author":{"name":"Redaktionen SvM","@id":"https:\/\/lightweb.dev\/l\/svm-temp\/#\/schema\/person\/206a3bda5b607b0c25e1749191e4d837"},"headline":"Spanien just nu \u2013 utan kris hade allt varit som tidigare","datePublished":"2014-12-10T23:00:00+00:00","mainEntityOfPage":{"@id":"https:\/\/lightweb.dev\/l\/svm-temp\/artiklar\/spanien-just-nu-utan-kris-hade-allt-varit-som-tidigare\/"},"wordCount":914,"commentCount":0,"publisher":{"@id":"https:\/\/lightweb.dev\/l\/svm-temp\/#organization"},"image":{"@id":"https:\/\/lightweb.dev\/l\/svm-temp\/artiklar\/spanien-just-nu-utan-kris-hade-allt-varit-som-tidigare\/#primaryimage"},"thumbnailUrl":"https:\/\/lightweb.dev\/l\/svm-temp\/wp-content\/uploads\/2022\/04\/spanien-just-nu-utan-kris-hade-allt-varit-som-tidigare.png","articleSection":["Artiklar","Spanien just nu"],"inLanguage":"sv-SE"},{"@type":"WebPage","@id":"https:\/\/lightweb.dev\/l\/svm-temp\/artiklar\/spanien-just-nu-utan-kris-hade-allt-varit-som-tidigare\/","url":"https:\/\/lightweb.dev\/l\/svm-temp\/artiklar\/spanien-just-nu-utan-kris-hade-allt-varit-som-tidigare\/","name":"Spanien just nu \u2013 utan kris hade allt varit som tidigare - Svenska Magasinet","isPartOf":{"@id":"https:\/\/lightweb.dev\/l\/svm-temp\/#website"},"primaryImageOfPage":{"@id":"https:\/\/lightweb.dev\/l\/svm-temp\/artiklar\/spanien-just-nu-utan-kris-hade-allt-varit-som-tidigare\/#primaryimage"},"image":{"@id":"https:\/\/lightweb.dev\/l\/svm-temp\/artiklar\/spanien-just-nu-utan-kris-hade-allt-varit-som-tidigare\/#primaryimage"},"thumbnailUrl":"https:\/\/lightweb.dev\/l\/svm-temp\/wp-content\/uploads\/2022\/04\/spanien-just-nu-utan-kris-hade-allt-varit-som-tidigare.png","datePublished":"2014-12-10T23:00:00+00:00","breadcrumb":{"@id":"https:\/\/lightweb.dev\/l\/svm-temp\/artiklar\/spanien-just-nu-utan-kris-hade-allt-varit-som-tidigare\/#breadcrumb"},"inLanguage":"sv-SE","potentialAction":[{"@type":"ReadAction","target":["https:\/\/lightweb.dev\/l\/svm-temp\/artiklar\/spanien-just-nu-utan-kris-hade-allt-varit-som-tidigare\/"]}]},{"@type":"ImageObject","inLanguage":"sv-SE","@id":"https:\/\/lightweb.dev\/l\/svm-temp\/artiklar\/spanien-just-nu-utan-kris-hade-allt-varit-som-tidigare\/#primaryimage","url":"https:\/\/lightweb.dev\/l\/svm-temp\/wp-content\/uploads\/2022\/04\/spanien-just-nu-utan-kris-hade-allt-varit-som-tidigare.png","contentUrl":"https:\/\/lightweb.dev\/l\/svm-temp\/wp-content\/uploads\/2022\/04\/spanien-just-nu-utan-kris-hade-allt-varit-som-tidigare.png","width":280,"height":419},{"@type":"BreadcrumbList","@id":"https:\/\/lightweb.dev\/l\/svm-temp\/artiklar\/spanien-just-nu-utan-kris-hade-allt-varit-som-tidigare\/#breadcrumb","itemListElement":[{"@type":"ListItem","position":1,"name":"Hem","item":"https:\/\/lightweb.dev\/l\/svm-temp\/"},{"@type":"ListItem","position":2,"name":"Spanien just nu \u2013 utan kris hade allt varit som tidigare"}]},{"@type":"WebSite","@id":"https:\/\/lightweb.dev\/l\/svm-temp\/#website","url":"https:\/\/lightweb.dev\/l\/svm-temp\/","name":"Svenska Magasinet","description":"Dina Spanska nyheter p&aring; Svenska","publisher":{"@id":"https:\/\/lightweb.dev\/l\/svm-temp\/#organization"},"potentialAction":[{"@type":"SearchAction","target":{"@type":"EntryPoint","urlTemplate":"https:\/\/lightweb.dev\/l\/svm-temp\/?s={search_term_string}"},"query-input":{"@type":"PropertyValueSpecification","valueRequired":true,"valueName":"search_term_string"}}],"inLanguage":"sv-SE"},{"@type":"Organization","@id":"https:\/\/lightweb.dev\/l\/svm-temp\/#organization","name":"Melkerson y Nott SL","alternateName":"Svenska Magasinet","url":"https:\/\/lightweb.dev\/l\/svm-temp\/","logo":{"@type":"ImageObject","inLanguage":"sv-SE","@id":"https:\/\/lightweb.dev\/l\/svm-temp\/#\/schema\/logo\/image\/","url":"https:\/\/lightweb.dev\/l\/svm-temp\/wp-content\/uploads\/2025\/02\/SvM-logo-Xtra-Centrerad-SVART.png","contentUrl":"https:\/\/lightweb.dev\/l\/svm-temp\/wp-content\/uploads\/2025\/02\/SvM-logo-Xtra-Centrerad-SVART.png","width":300,"height":99,"caption":"Melkerson y Nott SL"},"image":{"@id":"https:\/\/lightweb.dev\/l\/svm-temp\/#\/schema\/logo\/image\/"},"sameAs":["https:\/\/www.facebook.com\/svenskamagasinet","https:\/\/x.com\/SvenskaMagasine"]},{"@type":"Person","@id":"https:\/\/lightweb.dev\/l\/svm-temp\/#\/schema\/person\/206a3bda5b607b0c25e1749191e4d837","name":"Redaktionen SvM","description":"Redaktionen","sameAs":["https:\/\/lightweb.dev\/l\/svm-temp"],"url":"https:\/\/lightweb.dev\/l\/svm-temp\/reporter\/redaktionen\/"}]}},"_links":{"self":[{"href":"https:\/\/lightweb.dev\/l\/svm-temp\/wp-json\/wp\/v2\/posts\/5316","targetHints":{"allow":["GET"]}}],"collection":[{"href":"https:\/\/lightweb.dev\/l\/svm-temp\/wp-json\/wp\/v2\/posts"}],"about":[{"href":"https:\/\/lightweb.dev\/l\/svm-temp\/wp-json\/wp\/v2\/types\/post"}],"author":[{"embeddable":true,"href":"https:\/\/lightweb.dev\/l\/svm-temp\/wp-json\/wp\/v2\/users\/8"}],"replies":[{"embeddable":true,"href":"https:\/\/lightweb.dev\/l\/svm-temp\/wp-json\/wp\/v2\/comments?post=5316"}],"version-history":[{"count":0,"href":"https:\/\/lightweb.dev\/l\/svm-temp\/wp-json\/wp\/v2\/posts\/5316\/revisions"}],"wp:featuredmedia":[{"embeddable":true,"href":"https:\/\/lightweb.dev\/l\/svm-temp\/wp-json\/wp\/v2\/media\/5317"}],"wp:attachment":[{"href":"https:\/\/lightweb.dev\/l\/svm-temp\/wp-json\/wp\/v2\/media?parent=5316"}],"wp:term":[{"taxonomy":"category","embeddable":true,"href":"https:\/\/lightweb.dev\/l\/svm-temp\/wp-json\/wp\/v2\/categories?post=5316"},{"taxonomy":"post_tag","embeddable":true,"href":"https:\/\/lightweb.dev\/l\/svm-temp\/wp-json\/wp\/v2\/tags?post=5316"}],"curies":[{"name":"wp","href":"https:\/\/api.w.org\/{rel}","templated":true}]}}