{"id":5324,"date":"2014-11-19T00:00:00","date_gmt":"2014-11-18T23:00:00","guid":{"rendered":"https:\/\/lightweb.dev\/l\/svm-temp\/att-gora-ingenting-har-sitt-pris\/"},"modified":"2014-11-19T00:00:00","modified_gmt":"2014-11-18T23:00:00","slug":"att-gora-ingenting-har-sitt-pris","status":"publish","type":"post","link":"https:\/\/lightweb.dev\/l\/svm-temp\/artiklar\/att-gora-ingenting-har-sitt-pris\/","title":{"rendered":"Att g\u00f6ra ingenting har sitt pris"},"content":{"rendered":"<p> Euroomr\u00e5det h\u00e4nger nu p\u00e5 repen efter att ha g\u00e5tt p\u00e5 den ena k\u00e4ftsm\u00e4llen efter den andra, allt medan politikerna bara tittar p\u00e5. De \u00e4r mer upptagna av att driva nationella fr\u00e5gor \u00e4n gemensamma, och av r\u00e4dsla f\u00f6r att inte bli omvalda fegar de ur i st\u00e4llet f\u00f6r att fatta de impopul\u00e4ra beslut som m\u00e5ste fattas. Av Jesper Hertz, Chief Representative Nordea Bank S.A.<\/p>\n<p>Konsekvensen har blivit att Europeiska centralbanken, som egentligen bara ska handha det praktiska kring penningpolitiken, f\u00e5tt ingripa i deras st\u00e4lle.<\/p>\n<p>De har gripit in med full kraft, och t\u00e4njt p\u00e5 gr\u00e4nserna f\u00f6r sitt specifika uppdrag till det yttersta genom att g\u00e5 in med en l\u00e5ng rad mekanismer och \u00e5tg\u00e4rder f\u00f6r att f\u00e5 fart p\u00e5 tillv\u00e4xten. Men \u00e4ven om det fram\u00f6ver kan bli aktuellt med mer direkta kvantitativa l\u00e4ttnader finns det dock en gr\u00e4ns f\u00f6r vad ECB kan g\u00f6ra f\u00f6r att revitalisera euroomr\u00e5dets avstannade ekonomi.<\/p>\n<p>Genom att anv\u00e4nda sina penningpolitiska verktyg p\u00e5 helt nya s\u00e4tt har ECB skapat en \u00f6ppning f\u00f6r regeringarna att f\u00f6lja upp med strukturella reformer i sina l\u00e4nder. Nu \u00e4r det upp till politikerna att ta den chansen. Annars, om de forts\u00e4tter att g\u00f6ra ingenting, kommer ECB:s innovativa anstr\u00e4ngningar att vara f\u00f6rspillda. Men de m\u00e5ste handla snabbt. Om det inte snart kommer n\u00e5gra trov\u00e4rdiga tecken p\u00e5 att regeringarna \u00e4r redo att axla sitt gemensamma ansvar finns risken att euroomr\u00e5det dras in i en ned\u00e5tg\u00e5ende spiral av deflation och stagnation.<\/p>\n<p>Vissa djur \u00e4r mer j\u00e4mlika \u00e4n andra<br \/>\nEn av euroomr\u00e5dets sv\u00e5raste \u00e5kommor \u00e4r egenintresset. Det senaste symptomet var n\u00e4r Frankrike och Italien st\u00e4llde krav om nationella underskottsm\u00e5l som stred mot EU:s budgetregler. L\u00e4nderna h\u00e4nvisade till behovet av &#8221;flexibilitet&#8221; p\u00e5 grund av &#8221;exceptionella omst\u00e4ndigheter&#8221;. Det var liksom under deras v\u00e4rdighet att genomf\u00f6ra sparpaket och arbetsmarknadsreformer av liknande slag som man genomf\u00f6rt i mindre betydelsefulla ekonomier som Spanien och Irland. Det \u00e4r ju heller inte f\u00f6rsta g\u00e5ngen som de st\u00f6rre eurol\u00e4nderna f\u00f6rs\u00f6ker tillskansa sig f\u00f6rdelar p\u00e5 den h\u00e4r punkten. Redan 2003 kunde ju b\u00e5de Frankrike och Tyskland utan efterr\u00e4kningar bryta mot underskottsm\u00e5len i tillv\u00e4xt- och stabilitetspakten. I de nu p\u00e5g\u00e5ende f\u00f6rhandlingarna ser det ut som om Frankrike och Italien, efter att ha gjort vissa kosmetiska justeringar i sina respektive underskottsprognoser, har lyckats ordna med en liknande gr\u00e4ddfil. Fr\u00e5gan \u00e4r bara vad det s\u00e4nder f\u00f6r budskap till \u00f6vriga euroomr\u00e5det.<\/p>\n<p>I synnerhet nu, med ett nytt recessionshot h\u00e4ngande \u00f6ver sig, m\u00e5ste de enskilda regeringarna visa prov p\u00e5 solidaritet och en beredskap att dela p\u00e5 b\u00f6rdorna om de med bibeh\u00e5llen trov\u00e4rdighet ska kunna genomf\u00f6ra de reformer som euroomr\u00e5det s\u00e5 v\u00e4l beh\u00f6ver. Man brukar s\u00e4ga om Roms \u00f6k\u00e4nde kejsare Nero att han spelade fiol medan Rom brann. En liknande likgiltighet f\u00f6r regionens ekonomiska framtid tycks nu ha slagit rot bland euroomr\u00e5dets politiker. Om f\u00f6rs\u00f6ken att r\u00e4dda euroomr\u00e5dets ekonomi misslyckas \u00e4r det de, inte ECB, som b\u00e4r ansvaret, och deras v\u00e4ljare som f\u00e5r leva med konsekvenserna.<\/p>\n","protected":false},"excerpt":{"rendered":"<p>Euroomr\u00e5det h\u00e4nger nu p\u00e5 repen efter att ha g\u00e5tt p\u00e5 den ena k\u00e4ftsm\u00e4llen efter den andra, allt medan politikerna bara tittar p\u00e5. De \u00e4r mer upptagna av att driva nationella fr\u00e5gor \u00e4n gemensamma, och av r\u00e4dsla f\u00f6r att inte bli omvalda fegar de ur i st\u00e4llet f\u00f6r att fatta de impopul\u00e4ra beslut som m\u00e5ste fattas. [&hellip;]<\/p>\n","protected":false},"author":8,"featured_media":5325,"comment_status":"open","ping_status":"open","sticky":false,"template":"","format":"standard","meta":{"_et_pb_use_builder":"","_et_pb_old_content":"","_et_gb_content_width":"","footnotes":""},"categories":[4,398],"tags":[],"class_list":["post-5324","post","type-post","status-publish","format-standard","has-post-thumbnail","hentry","category-artiklar","category-naringsliv"],"yoast_head":"<!-- This site is optimized with the Yoast SEO Premium plugin v26.2 (Yoast SEO v27.4) - https:\/\/yoast.com\/product\/yoast-seo-premium-wordpress\/ -->\n<title>Att g\u00f6ra ingenting har sitt pris - Svenska Magasinet<\/title>\n<meta name=\"robots\" content=\"noindex, follow, max-snippet:-1, max-image-preview:large, max-video-preview:-1\" \/>\n<meta property=\"og:locale\" content=\"sv_SE\" \/>\n<meta property=\"og:type\" content=\"article\" \/>\n<meta property=\"og:title\" content=\"Att g\u00f6ra ingenting har sitt pris\" \/>\n<meta property=\"og:description\" content=\"Euroomr\u00e5det h\u00e4nger nu p\u00e5 repen efter att ha g\u00e5tt p\u00e5 den ena k\u00e4ftsm\u00e4llen efter den andra, allt medan politikerna bara tittar p\u00e5. De \u00e4r mer upptagna av att driva nationella fr\u00e5gor \u00e4n gemensamma, och av r\u00e4dsla f\u00f6r att inte bli omvalda fegar de ur i st\u00e4llet f\u00f6r att fatta de impopul\u00e4ra beslut som m\u00e5ste fattas. [&hellip;]\" \/>\n<meta property=\"og:url\" content=\"https:\/\/lightweb.dev\/l\/svm-temp\/artiklar\/att-gora-ingenting-har-sitt-pris\/\" \/>\n<meta property=\"og:site_name\" content=\"Svenska Magasinet\" \/>\n<meta property=\"article:publisher\" content=\"https:\/\/www.facebook.com\/svenskamagasinet\" \/>\n<meta property=\"article:published_time\" content=\"2014-11-18T23:00:00+00:00\" \/>\n<meta property=\"og:image\" content=\"https:\/\/lightweb.dev\/l\/svm-temp\/wp-content\/uploads\/2022\/04\/att-gra-ingenting-har-sitt-pris.png\" \/>\n\t<meta property=\"og:image:width\" content=\"280\" \/>\n\t<meta property=\"og:image:height\" content=\"351\" \/>\n\t<meta property=\"og:image:type\" content=\"image\/png\" \/>\n<meta name=\"author\" content=\"Redaktionen SvM\" \/>\n<meta name=\"twitter:card\" content=\"summary_large_image\" \/>\n<meta name=\"twitter:creator\" content=\"@SvenskaMagasine\" \/>\n<meta name=\"twitter:site\" content=\"@SvenskaMagasine\" \/>\n<script type=\"application\/ld+json\" class=\"yoast-schema-graph\">{\"@context\":\"https:\\\/\\\/schema.org\",\"@graph\":[{\"@type\":\"Article\",\"@id\":\"https:\\\/\\\/lightweb.dev\\\/l\\\/svm-temp\\\/artiklar\\\/att-gora-ingenting-har-sitt-pris\\\/#article\",\"isPartOf\":{\"@id\":\"https:\\\/\\\/lightweb.dev\\\/l\\\/svm-temp\\\/artiklar\\\/att-gora-ingenting-har-sitt-pris\\\/\"},\"author\":{\"name\":\"Redaktionen SvM\",\"@id\":\"https:\\\/\\\/lightweb.dev\\\/l\\\/svm-temp\\\/#\\\/schema\\\/person\\\/206a3bda5b607b0c25e1749191e4d837\"},\"headline\":\"Att g\u00f6ra ingenting har sitt pris\",\"datePublished\":\"2014-11-18T23:00:00+00:00\",\"mainEntityOfPage\":{\"@id\":\"https:\\\/\\\/lightweb.dev\\\/l\\\/svm-temp\\\/artiklar\\\/att-gora-ingenting-har-sitt-pris\\\/\"},\"wordCount\":577,\"commentCount\":0,\"publisher\":{\"@id\":\"https:\\\/\\\/lightweb.dev\\\/l\\\/svm-temp\\\/#organization\"},\"image\":{\"@id\":\"https:\\\/\\\/lightweb.dev\\\/l\\\/svm-temp\\\/artiklar\\\/att-gora-ingenting-har-sitt-pris\\\/#primaryimage\"},\"thumbnailUrl\":\"https:\\\/\\\/lightweb.dev\\\/l\\\/svm-temp\\\/wp-content\\\/uploads\\\/2022\\\/04\\\/att-gra-ingenting-har-sitt-pris.png\",\"articleSection\":[\"Artiklar\",\"N\u00e4ringsliv\"],\"inLanguage\":\"sv-SE\"},{\"@type\":\"WebPage\",\"@id\":\"https:\\\/\\\/lightweb.dev\\\/l\\\/svm-temp\\\/artiklar\\\/att-gora-ingenting-har-sitt-pris\\\/\",\"url\":\"https:\\\/\\\/lightweb.dev\\\/l\\\/svm-temp\\\/artiklar\\\/att-gora-ingenting-har-sitt-pris\\\/\",\"name\":\"Att g\u00f6ra ingenting har sitt pris - Svenska Magasinet\",\"isPartOf\":{\"@id\":\"https:\\\/\\\/lightweb.dev\\\/l\\\/svm-temp\\\/#website\"},\"primaryImageOfPage\":{\"@id\":\"https:\\\/\\\/lightweb.dev\\\/l\\\/svm-temp\\\/artiklar\\\/att-gora-ingenting-har-sitt-pris\\\/#primaryimage\"},\"image\":{\"@id\":\"https:\\\/\\\/lightweb.dev\\\/l\\\/svm-temp\\\/artiklar\\\/att-gora-ingenting-har-sitt-pris\\\/#primaryimage\"},\"thumbnailUrl\":\"https:\\\/\\\/lightweb.dev\\\/l\\\/svm-temp\\\/wp-content\\\/uploads\\\/2022\\\/04\\\/att-gra-ingenting-har-sitt-pris.png\",\"datePublished\":\"2014-11-18T23:00:00+00:00\",\"breadcrumb\":{\"@id\":\"https:\\\/\\\/lightweb.dev\\\/l\\\/svm-temp\\\/artiklar\\\/att-gora-ingenting-har-sitt-pris\\\/#breadcrumb\"},\"inLanguage\":\"sv-SE\",\"potentialAction\":[{\"@type\":\"ReadAction\",\"target\":[\"https:\\\/\\\/lightweb.dev\\\/l\\\/svm-temp\\\/artiklar\\\/att-gora-ingenting-har-sitt-pris\\\/\"]}]},{\"@type\":\"ImageObject\",\"inLanguage\":\"sv-SE\",\"@id\":\"https:\\\/\\\/lightweb.dev\\\/l\\\/svm-temp\\\/artiklar\\\/att-gora-ingenting-har-sitt-pris\\\/#primaryimage\",\"url\":\"https:\\\/\\\/lightweb.dev\\\/l\\\/svm-temp\\\/wp-content\\\/uploads\\\/2022\\\/04\\\/att-gra-ingenting-har-sitt-pris.png\",\"contentUrl\":\"https:\\\/\\\/lightweb.dev\\\/l\\\/svm-temp\\\/wp-content\\\/uploads\\\/2022\\\/04\\\/att-gra-ingenting-har-sitt-pris.png\",\"width\":280,\"height\":351},{\"@type\":\"BreadcrumbList\",\"@id\":\"https:\\\/\\\/lightweb.dev\\\/l\\\/svm-temp\\\/artiklar\\\/att-gora-ingenting-har-sitt-pris\\\/#breadcrumb\",\"itemListElement\":[{\"@type\":\"ListItem\",\"position\":1,\"name\":\"Hem\",\"item\":\"https:\\\/\\\/lightweb.dev\\\/l\\\/svm-temp\\\/\"},{\"@type\":\"ListItem\",\"position\":2,\"name\":\"Att g\u00f6ra ingenting har sitt pris\"}]},{\"@type\":\"WebSite\",\"@id\":\"https:\\\/\\\/lightweb.dev\\\/l\\\/svm-temp\\\/#website\",\"url\":\"https:\\\/\\\/lightweb.dev\\\/l\\\/svm-temp\\\/\",\"name\":\"Svenska Magasinet\",\"description\":\"Dina Spanska nyheter p&aring; Svenska\",\"publisher\":{\"@id\":\"https:\\\/\\\/lightweb.dev\\\/l\\\/svm-temp\\\/#organization\"},\"potentialAction\":[{\"@type\":\"SearchAction\",\"target\":{\"@type\":\"EntryPoint\",\"urlTemplate\":\"https:\\\/\\\/lightweb.dev\\\/l\\\/svm-temp\\\/?s={search_term_string}\"},\"query-input\":{\"@type\":\"PropertyValueSpecification\",\"valueRequired\":true,\"valueName\":\"search_term_string\"}}],\"inLanguage\":\"sv-SE\"},{\"@type\":\"Organization\",\"@id\":\"https:\\\/\\\/lightweb.dev\\\/l\\\/svm-temp\\\/#organization\",\"name\":\"Melkerson y Nott SL\",\"alternateName\":\"Svenska Magasinet\",\"url\":\"https:\\\/\\\/lightweb.dev\\\/l\\\/svm-temp\\\/\",\"logo\":{\"@type\":\"ImageObject\",\"inLanguage\":\"sv-SE\",\"@id\":\"https:\\\/\\\/lightweb.dev\\\/l\\\/svm-temp\\\/#\\\/schema\\\/logo\\\/image\\\/\",\"url\":\"https:\\\/\\\/lightweb.dev\\\/l\\\/svm-temp\\\/wp-content\\\/uploads\\\/2025\\\/02\\\/SvM-logo-Xtra-Centrerad-SVART.png\",\"contentUrl\":\"https:\\\/\\\/lightweb.dev\\\/l\\\/svm-temp\\\/wp-content\\\/uploads\\\/2025\\\/02\\\/SvM-logo-Xtra-Centrerad-SVART.png\",\"width\":300,\"height\":99,\"caption\":\"Melkerson y Nott SL\"},\"image\":{\"@id\":\"https:\\\/\\\/lightweb.dev\\\/l\\\/svm-temp\\\/#\\\/schema\\\/logo\\\/image\\\/\"},\"sameAs\":[\"https:\\\/\\\/www.facebook.com\\\/svenskamagasinet\",\"https:\\\/\\\/x.com\\\/SvenskaMagasine\"]},{\"@type\":\"Person\",\"@id\":\"https:\\\/\\\/lightweb.dev\\\/l\\\/svm-temp\\\/#\\\/schema\\\/person\\\/206a3bda5b607b0c25e1749191e4d837\",\"name\":\"Redaktionen SvM\",\"description\":\"Redaktionen\",\"sameAs\":[\"https:\\\/\\\/lightweb.dev\\\/l\\\/svm-temp\"],\"url\":\"https:\\\/\\\/lightweb.dev\\\/l\\\/svm-temp\\\/reporter\\\/redaktionen\\\/\"}]}<\/script>\n<!-- \/ Yoast SEO Premium plugin. -->","yoast_head_json":{"title":"Att g\u00f6ra ingenting har sitt pris - Svenska Magasinet","robots":{"index":"noindex","follow":"follow","max-snippet":"max-snippet:-1","max-image-preview":"max-image-preview:large","max-video-preview":"max-video-preview:-1"},"og_locale":"sv_SE","og_type":"article","og_title":"Att g\u00f6ra ingenting har sitt pris","og_description":"Euroomr\u00e5det h\u00e4nger nu p\u00e5 repen efter att ha g\u00e5tt p\u00e5 den ena k\u00e4ftsm\u00e4llen efter den andra, allt medan politikerna bara tittar p\u00e5. De \u00e4r mer upptagna av att driva nationella fr\u00e5gor \u00e4n gemensamma, och av r\u00e4dsla f\u00f6r att inte bli omvalda fegar de ur i st\u00e4llet f\u00f6r att fatta de impopul\u00e4ra beslut som m\u00e5ste fattas. [&hellip;]","og_url":"https:\/\/lightweb.dev\/l\/svm-temp\/artiklar\/att-gora-ingenting-har-sitt-pris\/","og_site_name":"Svenska Magasinet","article_publisher":"https:\/\/www.facebook.com\/svenskamagasinet","article_published_time":"2014-11-18T23:00:00+00:00","og_image":[{"width":280,"height":351,"url":"https:\/\/lightweb.dev\/l\/svm-temp\/wp-content\/uploads\/2022\/04\/att-gra-ingenting-har-sitt-pris.png","type":"image\/png"}],"author":"Redaktionen SvM","twitter_card":"summary_large_image","twitter_creator":"@SvenskaMagasine","twitter_site":"@SvenskaMagasine","schema":{"@context":"https:\/\/schema.org","@graph":[{"@type":"Article","@id":"https:\/\/lightweb.dev\/l\/svm-temp\/artiklar\/att-gora-ingenting-har-sitt-pris\/#article","isPartOf":{"@id":"https:\/\/lightweb.dev\/l\/svm-temp\/artiklar\/att-gora-ingenting-har-sitt-pris\/"},"author":{"name":"Redaktionen SvM","@id":"https:\/\/lightweb.dev\/l\/svm-temp\/#\/schema\/person\/206a3bda5b607b0c25e1749191e4d837"},"headline":"Att g\u00f6ra ingenting har sitt pris","datePublished":"2014-11-18T23:00:00+00:00","mainEntityOfPage":{"@id":"https:\/\/lightweb.dev\/l\/svm-temp\/artiklar\/att-gora-ingenting-har-sitt-pris\/"},"wordCount":577,"commentCount":0,"publisher":{"@id":"https:\/\/lightweb.dev\/l\/svm-temp\/#organization"},"image":{"@id":"https:\/\/lightweb.dev\/l\/svm-temp\/artiklar\/att-gora-ingenting-har-sitt-pris\/#primaryimage"},"thumbnailUrl":"https:\/\/lightweb.dev\/l\/svm-temp\/wp-content\/uploads\/2022\/04\/att-gra-ingenting-har-sitt-pris.png","articleSection":["Artiklar","N\u00e4ringsliv"],"inLanguage":"sv-SE"},{"@type":"WebPage","@id":"https:\/\/lightweb.dev\/l\/svm-temp\/artiklar\/att-gora-ingenting-har-sitt-pris\/","url":"https:\/\/lightweb.dev\/l\/svm-temp\/artiklar\/att-gora-ingenting-har-sitt-pris\/","name":"Att g\u00f6ra ingenting har sitt pris - Svenska Magasinet","isPartOf":{"@id":"https:\/\/lightweb.dev\/l\/svm-temp\/#website"},"primaryImageOfPage":{"@id":"https:\/\/lightweb.dev\/l\/svm-temp\/artiklar\/att-gora-ingenting-har-sitt-pris\/#primaryimage"},"image":{"@id":"https:\/\/lightweb.dev\/l\/svm-temp\/artiklar\/att-gora-ingenting-har-sitt-pris\/#primaryimage"},"thumbnailUrl":"https:\/\/lightweb.dev\/l\/svm-temp\/wp-content\/uploads\/2022\/04\/att-gra-ingenting-har-sitt-pris.png","datePublished":"2014-11-18T23:00:00+00:00","breadcrumb":{"@id":"https:\/\/lightweb.dev\/l\/svm-temp\/artiklar\/att-gora-ingenting-har-sitt-pris\/#breadcrumb"},"inLanguage":"sv-SE","potentialAction":[{"@type":"ReadAction","target":["https:\/\/lightweb.dev\/l\/svm-temp\/artiklar\/att-gora-ingenting-har-sitt-pris\/"]}]},{"@type":"ImageObject","inLanguage":"sv-SE","@id":"https:\/\/lightweb.dev\/l\/svm-temp\/artiklar\/att-gora-ingenting-har-sitt-pris\/#primaryimage","url":"https:\/\/lightweb.dev\/l\/svm-temp\/wp-content\/uploads\/2022\/04\/att-gra-ingenting-har-sitt-pris.png","contentUrl":"https:\/\/lightweb.dev\/l\/svm-temp\/wp-content\/uploads\/2022\/04\/att-gra-ingenting-har-sitt-pris.png","width":280,"height":351},{"@type":"BreadcrumbList","@id":"https:\/\/lightweb.dev\/l\/svm-temp\/artiklar\/att-gora-ingenting-har-sitt-pris\/#breadcrumb","itemListElement":[{"@type":"ListItem","position":1,"name":"Hem","item":"https:\/\/lightweb.dev\/l\/svm-temp\/"},{"@type":"ListItem","position":2,"name":"Att g\u00f6ra ingenting har sitt pris"}]},{"@type":"WebSite","@id":"https:\/\/lightweb.dev\/l\/svm-temp\/#website","url":"https:\/\/lightweb.dev\/l\/svm-temp\/","name":"Svenska Magasinet","description":"Dina Spanska nyheter p&aring; Svenska","publisher":{"@id":"https:\/\/lightweb.dev\/l\/svm-temp\/#organization"},"potentialAction":[{"@type":"SearchAction","target":{"@type":"EntryPoint","urlTemplate":"https:\/\/lightweb.dev\/l\/svm-temp\/?s={search_term_string}"},"query-input":{"@type":"PropertyValueSpecification","valueRequired":true,"valueName":"search_term_string"}}],"inLanguage":"sv-SE"},{"@type":"Organization","@id":"https:\/\/lightweb.dev\/l\/svm-temp\/#organization","name":"Melkerson y Nott SL","alternateName":"Svenska Magasinet","url":"https:\/\/lightweb.dev\/l\/svm-temp\/","logo":{"@type":"ImageObject","inLanguage":"sv-SE","@id":"https:\/\/lightweb.dev\/l\/svm-temp\/#\/schema\/logo\/image\/","url":"https:\/\/lightweb.dev\/l\/svm-temp\/wp-content\/uploads\/2025\/02\/SvM-logo-Xtra-Centrerad-SVART.png","contentUrl":"https:\/\/lightweb.dev\/l\/svm-temp\/wp-content\/uploads\/2025\/02\/SvM-logo-Xtra-Centrerad-SVART.png","width":300,"height":99,"caption":"Melkerson y Nott SL"},"image":{"@id":"https:\/\/lightweb.dev\/l\/svm-temp\/#\/schema\/logo\/image\/"},"sameAs":["https:\/\/www.facebook.com\/svenskamagasinet","https:\/\/x.com\/SvenskaMagasine"]},{"@type":"Person","@id":"https:\/\/lightweb.dev\/l\/svm-temp\/#\/schema\/person\/206a3bda5b607b0c25e1749191e4d837","name":"Redaktionen SvM","description":"Redaktionen","sameAs":["https:\/\/lightweb.dev\/l\/svm-temp"],"url":"https:\/\/lightweb.dev\/l\/svm-temp\/reporter\/redaktionen\/"}]}},"_links":{"self":[{"href":"https:\/\/lightweb.dev\/l\/svm-temp\/wp-json\/wp\/v2\/posts\/5324","targetHints":{"allow":["GET"]}}],"collection":[{"href":"https:\/\/lightweb.dev\/l\/svm-temp\/wp-json\/wp\/v2\/posts"}],"about":[{"href":"https:\/\/lightweb.dev\/l\/svm-temp\/wp-json\/wp\/v2\/types\/post"}],"author":[{"embeddable":true,"href":"https:\/\/lightweb.dev\/l\/svm-temp\/wp-json\/wp\/v2\/users\/8"}],"replies":[{"embeddable":true,"href":"https:\/\/lightweb.dev\/l\/svm-temp\/wp-json\/wp\/v2\/comments?post=5324"}],"version-history":[{"count":0,"href":"https:\/\/lightweb.dev\/l\/svm-temp\/wp-json\/wp\/v2\/posts\/5324\/revisions"}],"wp:featuredmedia":[{"embeddable":true,"href":"https:\/\/lightweb.dev\/l\/svm-temp\/wp-json\/wp\/v2\/media\/5325"}],"wp:attachment":[{"href":"https:\/\/lightweb.dev\/l\/svm-temp\/wp-json\/wp\/v2\/media?parent=5324"}],"wp:term":[{"taxonomy":"category","embeddable":true,"href":"https:\/\/lightweb.dev\/l\/svm-temp\/wp-json\/wp\/v2\/categories?post=5324"},{"taxonomy":"post_tag","embeddable":true,"href":"https:\/\/lightweb.dev\/l\/svm-temp\/wp-json\/wp\/v2\/tags?post=5324"}],"curies":[{"name":"wp","href":"https:\/\/api.w.org\/{rel}","templated":true}]}}