{"id":5326,"date":"2014-11-12T00:00:00","date_gmt":"2014-11-11T23:00:00","guid":{"rendered":"https:\/\/lightweb.dev\/l\/svm-temp\/en-ursakt-vore-pa-sin-plats\/"},"modified":"2014-11-12T00:00:00","modified_gmt":"2014-11-11T23:00:00","slug":"en-ursakt-vore-pa-sin-plats","status":"publish","type":"post","link":"https:\/\/lightweb.dev\/l\/svm-temp\/artiklar\/en-ursakt-vore-pa-sin-plats\/","title":{"rendered":"En urs\u00e4kt vore p\u00e5 sin plats"},"content":{"rendered":"<p> HansG, det \u00e4r dags att be svenska folket om urs\u00e4kt f\u00f6r ditt f\u00f6rhatliga inl\u00e4gg i f\u00f6rra numret. Du \u00e4r en Judas som f\u00f6rr\u00e5der Sverige och svenska folket. \u00c4ven tidigare, i nr nov-dec 2013 smutskastar du oss svenskar, du skymfar v\u00e5r svenska flagga och du kr\u00e4nker v\u00e5r svenska nationals\u00e5ng. Du kallar oss f\u00f6r ett \u201digensn\u00f6at folk\u201d. I senaste numret kallar du oss f\u00f6r \u201dTokskallar, h\u00e5ret v\u00e4xer in\u00e5t\u201d etc.<\/p>\n<p>Ditt hat mot oss svenskar har inga gr\u00e4nser. Du sitter i Spanien utan att ha en aning om hur illa det \u00e4r i Sverige. Varf\u00f6r inte g\u00f6ra ett studiebes\u00f6k. \u00c5k till n\u00e5gon av de \u00f6ver 200 getton som redan finns. Det finns 55 \u201dno-go\u201d-zoner dit polisbilar och varutransporter inte v\u00e5gar \u00e5ka.<\/p>\n<p>Ambulanser och brandk\u00e5r f\u00e5r ha poliseskort i flera omr\u00e5den. Att du sj\u00e4lv har utsett dig till ett orakel, \u00e4r f\u00f6r oss som gillar Sverige fullst\u00e4ndig horribelt. Du skriver att du \u201dh\u00e5ller dig informerad om vad som h\u00e4nder\u201d. L\u00e4s boken Sverige-V\u00e4rldsm\u00e4starna s\u00e5 kanske du kan b\u00f6rja f\u00f6rst\u00e5 att \u00e4ven du har blivit lurad, som de flesta svenskar. Myndigheter och media m\u00f6rkar uppgifter och statistik hela tiden. Mis\u00e4ren breder ut sig.<\/p>\n<p>Du och m\u00e5nga andra sverigefientliga m\u00e4nniskor anklagar hela tiden SD f\u00f6r allt el\u00e4nde som drabbar Sverige. Sedan 30-40 \u00e5r har de olika regeringarna nedrustat den svenska v\u00e4lf\u00e4rden och det finns ingenting som talar f\u00f6r en f\u00f6rb\u00e4ttring. De 7 partiernas st\u00f6rsta intresse \u00e4r att motarbeta SD som \u00e4r det enda partiet som vill r\u00e4dda Sverige. De 7 partierna kommer aldrig att minska den alltf\u00f6r dyra invandringen, f\u00f6r d\u00e5 ger de ju SD sitt st\u00f6d, och v\u00e4rst av allt: de kan ju ocks\u00e5 bli kallade rasister.<\/p>\n<p>Det enda som kan r\u00e4dda Sverige \u00e4r att 51% av svenska folket r\u00f6star p\u00e5 SD vid ett nyval.<\/p>\n<p>BosseE, bor i Spanien och  \u00e4r svensk medborgare.<\/p>\n","protected":false},"excerpt":{"rendered":"<p>HansG, det \u00e4r dags att be svenska folket om urs\u00e4kt f\u00f6r ditt f\u00f6rhatliga inl\u00e4gg i f\u00f6rra numret. Du \u00e4r en Judas som f\u00f6rr\u00e5der Sverige och svenska folket. \u00c4ven tidigare, i nr nov-dec 2013 smutskastar du oss svenskar, du skymfar v\u00e5r svenska flagga och du kr\u00e4nker v\u00e5r svenska nationals\u00e5ng. Du kallar oss f\u00f6r ett \u201digensn\u00f6at folk\u201d. [&hellip;]<\/p>\n","protected":false},"author":8,"featured_media":0,"comment_status":"open","ping_status":"open","sticky":false,"template":"","format":"standard","meta":{"_et_pb_use_builder":"","_et_pb_old_content":"","_et_gb_content_width":"","footnotes":""},"categories":[396,4],"tags":[],"class_list":["post-5326","post","type-post","status-publish","format-standard","hentry","category-arkiv-artiklar","category-artiklar"],"yoast_head":"<!-- This site is optimized with the Yoast SEO Premium plugin v26.2 (Yoast SEO v27.4) - https:\/\/yoast.com\/product\/yoast-seo-premium-wordpress\/ -->\n<title>En urs\u00e4kt vore p\u00e5 sin plats - Svenska Magasinet<\/title>\n<meta name=\"robots\" content=\"noindex, follow, max-snippet:-1, max-image-preview:large, max-video-preview:-1\" \/>\n<meta property=\"og:locale\" content=\"sv_SE\" \/>\n<meta property=\"og:type\" content=\"article\" \/>\n<meta property=\"og:title\" content=\"En urs\u00e4kt vore p\u00e5 sin plats\" \/>\n<meta property=\"og:description\" content=\"HansG, det \u00e4r dags att be svenska folket om urs\u00e4kt f\u00f6r ditt f\u00f6rhatliga inl\u00e4gg i f\u00f6rra numret. Du \u00e4r en Judas som f\u00f6rr\u00e5der Sverige och svenska folket. \u00c4ven tidigare, i nr nov-dec 2013 smutskastar du oss svenskar, du skymfar v\u00e5r svenska flagga och du kr\u00e4nker v\u00e5r svenska nationals\u00e5ng. Du kallar oss f\u00f6r ett \u201digensn\u00f6at folk\u201d. [&hellip;]\" \/>\n<meta property=\"og:url\" content=\"https:\/\/lightweb.dev\/l\/svm-temp\/artiklar\/en-ursakt-vore-pa-sin-plats\/\" \/>\n<meta property=\"og:site_name\" content=\"Svenska Magasinet\" \/>\n<meta property=\"article:publisher\" content=\"https:\/\/www.facebook.com\/svenskamagasinet\" \/>\n<meta property=\"article:published_time\" content=\"2014-11-11T23:00:00+00:00\" \/>\n<meta name=\"author\" content=\"Redaktionen SvM\" \/>\n<meta name=\"twitter:card\" content=\"summary_large_image\" \/>\n<meta name=\"twitter:creator\" content=\"@SvenskaMagasine\" \/>\n<meta name=\"twitter:site\" content=\"@SvenskaMagasine\" \/>\n<script type=\"application\/ld+json\" class=\"yoast-schema-graph\">{\"@context\":\"https:\\\/\\\/schema.org\",\"@graph\":[{\"@type\":\"Article\",\"@id\":\"https:\\\/\\\/lightweb.dev\\\/l\\\/svm-temp\\\/artiklar\\\/en-ursakt-vore-pa-sin-plats\\\/#article\",\"isPartOf\":{\"@id\":\"https:\\\/\\\/lightweb.dev\\\/l\\\/svm-temp\\\/artiklar\\\/en-ursakt-vore-pa-sin-plats\\\/\"},\"author\":{\"name\":\"Redaktionen SvM\",\"@id\":\"https:\\\/\\\/lightweb.dev\\\/l\\\/svm-temp\\\/#\\\/schema\\\/person\\\/206a3bda5b607b0c25e1749191e4d837\"},\"headline\":\"En urs\u00e4kt vore p\u00e5 sin plats\",\"datePublished\":\"2014-11-11T23:00:00+00:00\",\"mainEntityOfPage\":{\"@id\":\"https:\\\/\\\/lightweb.dev\\\/l\\\/svm-temp\\\/artiklar\\\/en-ursakt-vore-pa-sin-plats\\\/\"},\"wordCount\":354,\"commentCount\":0,\"publisher\":{\"@id\":\"https:\\\/\\\/lightweb.dev\\\/l\\\/svm-temp\\\/#organization\"},\"articleSection\":[\"Arkiv\",\"Artiklar\"],\"inLanguage\":\"sv-SE\"},{\"@type\":\"WebPage\",\"@id\":\"https:\\\/\\\/lightweb.dev\\\/l\\\/svm-temp\\\/artiklar\\\/en-ursakt-vore-pa-sin-plats\\\/\",\"url\":\"https:\\\/\\\/lightweb.dev\\\/l\\\/svm-temp\\\/artiklar\\\/en-ursakt-vore-pa-sin-plats\\\/\",\"name\":\"En urs\u00e4kt vore p\u00e5 sin plats - Svenska Magasinet\",\"isPartOf\":{\"@id\":\"https:\\\/\\\/lightweb.dev\\\/l\\\/svm-temp\\\/#website\"},\"datePublished\":\"2014-11-11T23:00:00+00:00\",\"breadcrumb\":{\"@id\":\"https:\\\/\\\/lightweb.dev\\\/l\\\/svm-temp\\\/artiklar\\\/en-ursakt-vore-pa-sin-plats\\\/#breadcrumb\"},\"inLanguage\":\"sv-SE\",\"potentialAction\":[{\"@type\":\"ReadAction\",\"target\":[\"https:\\\/\\\/lightweb.dev\\\/l\\\/svm-temp\\\/artiklar\\\/en-ursakt-vore-pa-sin-plats\\\/\"]}]},{\"@type\":\"BreadcrumbList\",\"@id\":\"https:\\\/\\\/lightweb.dev\\\/l\\\/svm-temp\\\/artiklar\\\/en-ursakt-vore-pa-sin-plats\\\/#breadcrumb\",\"itemListElement\":[{\"@type\":\"ListItem\",\"position\":1,\"name\":\"Hem\",\"item\":\"https:\\\/\\\/lightweb.dev\\\/l\\\/svm-temp\\\/\"},{\"@type\":\"ListItem\",\"position\":2,\"name\":\"En urs\u00e4kt vore p\u00e5 sin plats\"}]},{\"@type\":\"WebSite\",\"@id\":\"https:\\\/\\\/lightweb.dev\\\/l\\\/svm-temp\\\/#website\",\"url\":\"https:\\\/\\\/lightweb.dev\\\/l\\\/svm-temp\\\/\",\"name\":\"Svenska Magasinet\",\"description\":\"Dina Spanska nyheter p&aring; Svenska\",\"publisher\":{\"@id\":\"https:\\\/\\\/lightweb.dev\\\/l\\\/svm-temp\\\/#organization\"},\"potentialAction\":[{\"@type\":\"SearchAction\",\"target\":{\"@type\":\"EntryPoint\",\"urlTemplate\":\"https:\\\/\\\/lightweb.dev\\\/l\\\/svm-temp\\\/?s={search_term_string}\"},\"query-input\":{\"@type\":\"PropertyValueSpecification\",\"valueRequired\":true,\"valueName\":\"search_term_string\"}}],\"inLanguage\":\"sv-SE\"},{\"@type\":\"Organization\",\"@id\":\"https:\\\/\\\/lightweb.dev\\\/l\\\/svm-temp\\\/#organization\",\"name\":\"Melkerson y Nott SL\",\"alternateName\":\"Svenska Magasinet\",\"url\":\"https:\\\/\\\/lightweb.dev\\\/l\\\/svm-temp\\\/\",\"logo\":{\"@type\":\"ImageObject\",\"inLanguage\":\"sv-SE\",\"@id\":\"https:\\\/\\\/lightweb.dev\\\/l\\\/svm-temp\\\/#\\\/schema\\\/logo\\\/image\\\/\",\"url\":\"https:\\\/\\\/lightweb.dev\\\/l\\\/svm-temp\\\/wp-content\\\/uploads\\\/2025\\\/02\\\/SvM-logo-Xtra-Centrerad-SVART.png\",\"contentUrl\":\"https:\\\/\\\/lightweb.dev\\\/l\\\/svm-temp\\\/wp-content\\\/uploads\\\/2025\\\/02\\\/SvM-logo-Xtra-Centrerad-SVART.png\",\"width\":300,\"height\":99,\"caption\":\"Melkerson y Nott SL\"},\"image\":{\"@id\":\"https:\\\/\\\/lightweb.dev\\\/l\\\/svm-temp\\\/#\\\/schema\\\/logo\\\/image\\\/\"},\"sameAs\":[\"https:\\\/\\\/www.facebook.com\\\/svenskamagasinet\",\"https:\\\/\\\/x.com\\\/SvenskaMagasine\"]},{\"@type\":\"Person\",\"@id\":\"https:\\\/\\\/lightweb.dev\\\/l\\\/svm-temp\\\/#\\\/schema\\\/person\\\/206a3bda5b607b0c25e1749191e4d837\",\"name\":\"Redaktionen SvM\",\"description\":\"Redaktionen\",\"sameAs\":[\"https:\\\/\\\/lightweb.dev\\\/l\\\/svm-temp\"],\"url\":\"https:\\\/\\\/lightweb.dev\\\/l\\\/svm-temp\\\/reporter\\\/redaktionen\\\/\"}]}<\/script>\n<!-- \/ Yoast SEO Premium plugin. -->","yoast_head_json":{"title":"En urs\u00e4kt vore p\u00e5 sin plats - Svenska Magasinet","robots":{"index":"noindex","follow":"follow","max-snippet":"max-snippet:-1","max-image-preview":"max-image-preview:large","max-video-preview":"max-video-preview:-1"},"og_locale":"sv_SE","og_type":"article","og_title":"En urs\u00e4kt vore p\u00e5 sin plats","og_description":"HansG, det \u00e4r dags att be svenska folket om urs\u00e4kt f\u00f6r ditt f\u00f6rhatliga inl\u00e4gg i f\u00f6rra numret. Du \u00e4r en Judas som f\u00f6rr\u00e5der Sverige och svenska folket. \u00c4ven tidigare, i nr nov-dec 2013 smutskastar du oss svenskar, du skymfar v\u00e5r svenska flagga och du kr\u00e4nker v\u00e5r svenska nationals\u00e5ng. Du kallar oss f\u00f6r ett \u201digensn\u00f6at folk\u201d. [&hellip;]","og_url":"https:\/\/lightweb.dev\/l\/svm-temp\/artiklar\/en-ursakt-vore-pa-sin-plats\/","og_site_name":"Svenska Magasinet","article_publisher":"https:\/\/www.facebook.com\/svenskamagasinet","article_published_time":"2014-11-11T23:00:00+00:00","author":"Redaktionen SvM","twitter_card":"summary_large_image","twitter_creator":"@SvenskaMagasine","twitter_site":"@SvenskaMagasine","schema":{"@context":"https:\/\/schema.org","@graph":[{"@type":"Article","@id":"https:\/\/lightweb.dev\/l\/svm-temp\/artiklar\/en-ursakt-vore-pa-sin-plats\/#article","isPartOf":{"@id":"https:\/\/lightweb.dev\/l\/svm-temp\/artiklar\/en-ursakt-vore-pa-sin-plats\/"},"author":{"name":"Redaktionen SvM","@id":"https:\/\/lightweb.dev\/l\/svm-temp\/#\/schema\/person\/206a3bda5b607b0c25e1749191e4d837"},"headline":"En urs\u00e4kt vore p\u00e5 sin plats","datePublished":"2014-11-11T23:00:00+00:00","mainEntityOfPage":{"@id":"https:\/\/lightweb.dev\/l\/svm-temp\/artiklar\/en-ursakt-vore-pa-sin-plats\/"},"wordCount":354,"commentCount":0,"publisher":{"@id":"https:\/\/lightweb.dev\/l\/svm-temp\/#organization"},"articleSection":["Arkiv","Artiklar"],"inLanguage":"sv-SE"},{"@type":"WebPage","@id":"https:\/\/lightweb.dev\/l\/svm-temp\/artiklar\/en-ursakt-vore-pa-sin-plats\/","url":"https:\/\/lightweb.dev\/l\/svm-temp\/artiklar\/en-ursakt-vore-pa-sin-plats\/","name":"En urs\u00e4kt vore p\u00e5 sin plats - Svenska Magasinet","isPartOf":{"@id":"https:\/\/lightweb.dev\/l\/svm-temp\/#website"},"datePublished":"2014-11-11T23:00:00+00:00","breadcrumb":{"@id":"https:\/\/lightweb.dev\/l\/svm-temp\/artiklar\/en-ursakt-vore-pa-sin-plats\/#breadcrumb"},"inLanguage":"sv-SE","potentialAction":[{"@type":"ReadAction","target":["https:\/\/lightweb.dev\/l\/svm-temp\/artiklar\/en-ursakt-vore-pa-sin-plats\/"]}]},{"@type":"BreadcrumbList","@id":"https:\/\/lightweb.dev\/l\/svm-temp\/artiklar\/en-ursakt-vore-pa-sin-plats\/#breadcrumb","itemListElement":[{"@type":"ListItem","position":1,"name":"Hem","item":"https:\/\/lightweb.dev\/l\/svm-temp\/"},{"@type":"ListItem","position":2,"name":"En urs\u00e4kt vore p\u00e5 sin plats"}]},{"@type":"WebSite","@id":"https:\/\/lightweb.dev\/l\/svm-temp\/#website","url":"https:\/\/lightweb.dev\/l\/svm-temp\/","name":"Svenska Magasinet","description":"Dina Spanska nyheter p&aring; Svenska","publisher":{"@id":"https:\/\/lightweb.dev\/l\/svm-temp\/#organization"},"potentialAction":[{"@type":"SearchAction","target":{"@type":"EntryPoint","urlTemplate":"https:\/\/lightweb.dev\/l\/svm-temp\/?s={search_term_string}"},"query-input":{"@type":"PropertyValueSpecification","valueRequired":true,"valueName":"search_term_string"}}],"inLanguage":"sv-SE"},{"@type":"Organization","@id":"https:\/\/lightweb.dev\/l\/svm-temp\/#organization","name":"Melkerson y Nott SL","alternateName":"Svenska Magasinet","url":"https:\/\/lightweb.dev\/l\/svm-temp\/","logo":{"@type":"ImageObject","inLanguage":"sv-SE","@id":"https:\/\/lightweb.dev\/l\/svm-temp\/#\/schema\/logo\/image\/","url":"https:\/\/lightweb.dev\/l\/svm-temp\/wp-content\/uploads\/2025\/02\/SvM-logo-Xtra-Centrerad-SVART.png","contentUrl":"https:\/\/lightweb.dev\/l\/svm-temp\/wp-content\/uploads\/2025\/02\/SvM-logo-Xtra-Centrerad-SVART.png","width":300,"height":99,"caption":"Melkerson y Nott SL"},"image":{"@id":"https:\/\/lightweb.dev\/l\/svm-temp\/#\/schema\/logo\/image\/"},"sameAs":["https:\/\/www.facebook.com\/svenskamagasinet","https:\/\/x.com\/SvenskaMagasine"]},{"@type":"Person","@id":"https:\/\/lightweb.dev\/l\/svm-temp\/#\/schema\/person\/206a3bda5b607b0c25e1749191e4d837","name":"Redaktionen SvM","description":"Redaktionen","sameAs":["https:\/\/lightweb.dev\/l\/svm-temp"],"url":"https:\/\/lightweb.dev\/l\/svm-temp\/reporter\/redaktionen\/"}]}},"_links":{"self":[{"href":"https:\/\/lightweb.dev\/l\/svm-temp\/wp-json\/wp\/v2\/posts\/5326","targetHints":{"allow":["GET"]}}],"collection":[{"href":"https:\/\/lightweb.dev\/l\/svm-temp\/wp-json\/wp\/v2\/posts"}],"about":[{"href":"https:\/\/lightweb.dev\/l\/svm-temp\/wp-json\/wp\/v2\/types\/post"}],"author":[{"embeddable":true,"href":"https:\/\/lightweb.dev\/l\/svm-temp\/wp-json\/wp\/v2\/users\/8"}],"replies":[{"embeddable":true,"href":"https:\/\/lightweb.dev\/l\/svm-temp\/wp-json\/wp\/v2\/comments?post=5326"}],"version-history":[{"count":0,"href":"https:\/\/lightweb.dev\/l\/svm-temp\/wp-json\/wp\/v2\/posts\/5326\/revisions"}],"wp:attachment":[{"href":"https:\/\/lightweb.dev\/l\/svm-temp\/wp-json\/wp\/v2\/media?parent=5326"}],"wp:term":[{"taxonomy":"category","embeddable":true,"href":"https:\/\/lightweb.dev\/l\/svm-temp\/wp-json\/wp\/v2\/categories?post=5326"},{"taxonomy":"post_tag","embeddable":true,"href":"https:\/\/lightweb.dev\/l\/svm-temp\/wp-json\/wp\/v2\/tags?post=5326"}],"curies":[{"name":"wp","href":"https:\/\/api.w.org\/{rel}","templated":true}]}}