{"id":5333,"date":"2014-11-11T00:00:00","date_gmt":"2014-11-10T23:00:00","guid":{"rendered":"https:\/\/lightweb.dev\/l\/svm-temp\/valkand-salong-for-har-och-skonhet\/"},"modified":"2014-11-11T00:00:00","modified_gmt":"2014-11-10T23:00:00","slug":"valkand-salong-for-har-och-skonhet","status":"publish","type":"post","link":"https:\/\/lightweb.dev\/l\/svm-temp\/artiklar\/valkand-salong-for-har-och-skonhet\/","title":{"rendered":"V\u00e4lk\u00e4nd salong f\u00f6r h\u00e5r och sk\u00f6nhet"},"content":{"rendered":"<p> Kim Gottlieb \u00e4r ett v\u00e4lk\u00e4nt namn i Fuengirola, han b\u00f6rjade som fris\u00f6r redan 1982. I den nya salongen p\u00e5 Avenida Jes\u00fas Santos Rein, mitt emot turistbyr\u00e5n, har det h\u00e4nt mycket sedan \u00f6ppningen i fjol.  Det full fart hela dagarna med tre fris\u00f6rer, sk\u00f6nhetsspecialister och en mass\u00f6r. F\u00f6rutom Kim sj\u00e4lv, arbetar h\u00e4r hans dotter Sofie, som har engelsk fris\u00f6rutbildning och nu 9 \u00e5rs erfarenhet. Det senaste tillskottet \u00e4r svenska Sofie Svensson, hon har svensk fris\u00f6rutbildning och hyr egen stol p\u00e5 salongen.<\/p>\n<p>Sandra g\u00f6r er manikyr, pedikyr, vaxning, smink, \u00f6gonfransf\u00f6rl\u00e4ngning och \u00e4kta CND shellac naglar f\u00f6r b\u00e5de h\u00e4nder och f\u00f6tter och till spanska priser. Silvia Sanchez \u00e4r kosmetolog och zonterapeut och erbjuder terapeutisk massage, ansiktsbehandling, fotv\u00e5rd och zonterapi. Silvia \u00e4r \u00e4ven specialiserad p\u00e5 Kobido och Wislocki massage som \u00e4r mycket effektiva behandlingar f\u00f6r ansikte, huvudet, nacke och skuldror.<\/p>\n<p>Det \u00e4r viktigt att po\u00e4ngtera just det, att priserna i Spanien \u00e4r betydligt l\u00e4gre \u00e4n i Sverige vad g\u00e4ller alla typer av behandlingar. S\u00e5 varf\u00f6r inte passa p\u00e5 att unna er lite extra!! I november erbjuder salongen 20 % rabatt p\u00e5 alla f\u00e4rgningar i samband med klipp och f\u00f6n. Titta g\u00e4rna in p\u00e5 salongen som har \u00f6ppet m\u00e5ndag till fredag hela dagen 10 &#8211; 18. Ring till salongen p\u00e5 tel 952 660 944 eller direkt till svenska Sofie p\u00e5 tel 665 393 650.<\/p>\n","protected":false},"excerpt":{"rendered":"<p>Kim Gottlieb \u00e4r ett v\u00e4lk\u00e4nt namn i Fuengirola, han b\u00f6rjade som fris\u00f6r redan 1982. I den nya salongen p\u00e5 Avenida Jes\u00fas Santos Rein, mitt emot turistbyr\u00e5n, har det h\u00e4nt mycket sedan \u00f6ppningen i fjol. Det full fart hela dagarna med tre fris\u00f6rer, sk\u00f6nhetsspecialister och en mass\u00f6r. F\u00f6rutom Kim sj\u00e4lv, arbetar h\u00e4r hans dotter Sofie, som [&hellip;]<\/p>\n","protected":false},"author":8,"featured_media":5334,"comment_status":"open","ping_status":"open","sticky":false,"template":"","format":"standard","meta":{"_et_pb_use_builder":"","_et_pb_old_content":"","_et_gb_content_width":"","footnotes":""},"categories":[396,4],"tags":[],"class_list":["post-5333","post","type-post","status-publish","format-standard","has-post-thumbnail","hentry","category-arkiv-artiklar","category-artiklar"],"yoast_head":"<!-- This site is optimized with the Yoast SEO Premium plugin v26.2 (Yoast SEO v27.4) - https:\/\/yoast.com\/product\/yoast-seo-premium-wordpress\/ -->\n<title>V\u00e4lk\u00e4nd salong f\u00f6r h\u00e5r och sk\u00f6nhet - Svenska Magasinet<\/title>\n<meta name=\"robots\" content=\"noindex, follow, max-snippet:-1, max-image-preview:large, max-video-preview:-1\" \/>\n<meta property=\"og:locale\" content=\"sv_SE\" \/>\n<meta property=\"og:type\" content=\"article\" \/>\n<meta property=\"og:title\" content=\"V\u00e4lk\u00e4nd salong f\u00f6r h\u00e5r och sk\u00f6nhet\" \/>\n<meta property=\"og:description\" content=\"Kim Gottlieb \u00e4r ett v\u00e4lk\u00e4nt namn i Fuengirola, han b\u00f6rjade som fris\u00f6r redan 1982. I den nya salongen p\u00e5 Avenida Jes\u00fas Santos Rein, mitt emot turistbyr\u00e5n, har det h\u00e4nt mycket sedan \u00f6ppningen i fjol. Det full fart hela dagarna med tre fris\u00f6rer, sk\u00f6nhetsspecialister och en mass\u00f6r. F\u00f6rutom Kim sj\u00e4lv, arbetar h\u00e4r hans dotter Sofie, som [&hellip;]\" \/>\n<meta property=\"og:url\" content=\"https:\/\/lightweb.dev\/l\/svm-temp\/artiklar\/valkand-salong-for-har-och-skonhet\/\" \/>\n<meta property=\"og:site_name\" content=\"Svenska Magasinet\" \/>\n<meta property=\"article:publisher\" content=\"https:\/\/www.facebook.com\/svenskamagasinet\" \/>\n<meta property=\"article:published_time\" content=\"2014-11-10T23:00:00+00:00\" \/>\n<meta property=\"og:image\" content=\"https:\/\/lightweb.dev\/l\/svm-temp\/wp-content\/uploads\/2022\/04\/vlknd-salong-fr-hr-och-sknhet.png\" \/>\n\t<meta property=\"og:image:width\" content=\"280\" \/>\n\t<meta property=\"og:image:height\" content=\"418\" \/>\n\t<meta property=\"og:image:type\" content=\"image\/png\" \/>\n<meta name=\"author\" content=\"Redaktionen SvM\" \/>\n<meta name=\"twitter:card\" content=\"summary_large_image\" \/>\n<meta name=\"twitter:creator\" content=\"@SvenskaMagasine\" \/>\n<meta name=\"twitter:site\" content=\"@SvenskaMagasine\" \/>\n<script type=\"application\/ld+json\" class=\"yoast-schema-graph\">{\"@context\":\"https:\\\/\\\/schema.org\",\"@graph\":[{\"@type\":\"Article\",\"@id\":\"https:\\\/\\\/lightweb.dev\\\/l\\\/svm-temp\\\/artiklar\\\/valkand-salong-for-har-och-skonhet\\\/#article\",\"isPartOf\":{\"@id\":\"https:\\\/\\\/lightweb.dev\\\/l\\\/svm-temp\\\/artiklar\\\/valkand-salong-for-har-och-skonhet\\\/\"},\"author\":{\"name\":\"Redaktionen SvM\",\"@id\":\"https:\\\/\\\/lightweb.dev\\\/l\\\/svm-temp\\\/#\\\/schema\\\/person\\\/206a3bda5b607b0c25e1749191e4d837\"},\"headline\":\"V\u00e4lk\u00e4nd salong f\u00f6r h\u00e5r och sk\u00f6nhet\",\"datePublished\":\"2014-11-10T23:00:00+00:00\",\"mainEntityOfPage\":{\"@id\":\"https:\\\/\\\/lightweb.dev\\\/l\\\/svm-temp\\\/artiklar\\\/valkand-salong-for-har-och-skonhet\\\/\"},\"wordCount\":250,\"commentCount\":0,\"publisher\":{\"@id\":\"https:\\\/\\\/lightweb.dev\\\/l\\\/svm-temp\\\/#organization\"},\"image\":{\"@id\":\"https:\\\/\\\/lightweb.dev\\\/l\\\/svm-temp\\\/artiklar\\\/valkand-salong-for-har-och-skonhet\\\/#primaryimage\"},\"thumbnailUrl\":\"https:\\\/\\\/lightweb.dev\\\/l\\\/svm-temp\\\/wp-content\\\/uploads\\\/2022\\\/04\\\/vlknd-salong-fr-hr-och-sknhet.png\",\"articleSection\":[\"Arkiv\",\"Artiklar\"],\"inLanguage\":\"sv-SE\"},{\"@type\":\"WebPage\",\"@id\":\"https:\\\/\\\/lightweb.dev\\\/l\\\/svm-temp\\\/artiklar\\\/valkand-salong-for-har-och-skonhet\\\/\",\"url\":\"https:\\\/\\\/lightweb.dev\\\/l\\\/svm-temp\\\/artiklar\\\/valkand-salong-for-har-och-skonhet\\\/\",\"name\":\"V\u00e4lk\u00e4nd salong f\u00f6r h\u00e5r och sk\u00f6nhet - Svenska Magasinet\",\"isPartOf\":{\"@id\":\"https:\\\/\\\/lightweb.dev\\\/l\\\/svm-temp\\\/#website\"},\"primaryImageOfPage\":{\"@id\":\"https:\\\/\\\/lightweb.dev\\\/l\\\/svm-temp\\\/artiklar\\\/valkand-salong-for-har-och-skonhet\\\/#primaryimage\"},\"image\":{\"@id\":\"https:\\\/\\\/lightweb.dev\\\/l\\\/svm-temp\\\/artiklar\\\/valkand-salong-for-har-och-skonhet\\\/#primaryimage\"},\"thumbnailUrl\":\"https:\\\/\\\/lightweb.dev\\\/l\\\/svm-temp\\\/wp-content\\\/uploads\\\/2022\\\/04\\\/vlknd-salong-fr-hr-och-sknhet.png\",\"datePublished\":\"2014-11-10T23:00:00+00:00\",\"breadcrumb\":{\"@id\":\"https:\\\/\\\/lightweb.dev\\\/l\\\/svm-temp\\\/artiklar\\\/valkand-salong-for-har-och-skonhet\\\/#breadcrumb\"},\"inLanguage\":\"sv-SE\",\"potentialAction\":[{\"@type\":\"ReadAction\",\"target\":[\"https:\\\/\\\/lightweb.dev\\\/l\\\/svm-temp\\\/artiklar\\\/valkand-salong-for-har-och-skonhet\\\/\"]}]},{\"@type\":\"ImageObject\",\"inLanguage\":\"sv-SE\",\"@id\":\"https:\\\/\\\/lightweb.dev\\\/l\\\/svm-temp\\\/artiklar\\\/valkand-salong-for-har-och-skonhet\\\/#primaryimage\",\"url\":\"https:\\\/\\\/lightweb.dev\\\/l\\\/svm-temp\\\/wp-content\\\/uploads\\\/2022\\\/04\\\/vlknd-salong-fr-hr-och-sknhet.png\",\"contentUrl\":\"https:\\\/\\\/lightweb.dev\\\/l\\\/svm-temp\\\/wp-content\\\/uploads\\\/2022\\\/04\\\/vlknd-salong-fr-hr-och-sknhet.png\",\"width\":280,\"height\":418},{\"@type\":\"BreadcrumbList\",\"@id\":\"https:\\\/\\\/lightweb.dev\\\/l\\\/svm-temp\\\/artiklar\\\/valkand-salong-for-har-och-skonhet\\\/#breadcrumb\",\"itemListElement\":[{\"@type\":\"ListItem\",\"position\":1,\"name\":\"Hem\",\"item\":\"https:\\\/\\\/lightweb.dev\\\/l\\\/svm-temp\\\/\"},{\"@type\":\"ListItem\",\"position\":2,\"name\":\"V\u00e4lk\u00e4nd salong f\u00f6r h\u00e5r och sk\u00f6nhet\"}]},{\"@type\":\"WebSite\",\"@id\":\"https:\\\/\\\/lightweb.dev\\\/l\\\/svm-temp\\\/#website\",\"url\":\"https:\\\/\\\/lightweb.dev\\\/l\\\/svm-temp\\\/\",\"name\":\"Svenska Magasinet\",\"description\":\"Dina Spanska nyheter p&aring; Svenska\",\"publisher\":{\"@id\":\"https:\\\/\\\/lightweb.dev\\\/l\\\/svm-temp\\\/#organization\"},\"potentialAction\":[{\"@type\":\"SearchAction\",\"target\":{\"@type\":\"EntryPoint\",\"urlTemplate\":\"https:\\\/\\\/lightweb.dev\\\/l\\\/svm-temp\\\/?s={search_term_string}\"},\"query-input\":{\"@type\":\"PropertyValueSpecification\",\"valueRequired\":true,\"valueName\":\"search_term_string\"}}],\"inLanguage\":\"sv-SE\"},{\"@type\":\"Organization\",\"@id\":\"https:\\\/\\\/lightweb.dev\\\/l\\\/svm-temp\\\/#organization\",\"name\":\"Melkerson y Nott SL\",\"alternateName\":\"Svenska Magasinet\",\"url\":\"https:\\\/\\\/lightweb.dev\\\/l\\\/svm-temp\\\/\",\"logo\":{\"@type\":\"ImageObject\",\"inLanguage\":\"sv-SE\",\"@id\":\"https:\\\/\\\/lightweb.dev\\\/l\\\/svm-temp\\\/#\\\/schema\\\/logo\\\/image\\\/\",\"url\":\"https:\\\/\\\/lightweb.dev\\\/l\\\/svm-temp\\\/wp-content\\\/uploads\\\/2025\\\/02\\\/SvM-logo-Xtra-Centrerad-SVART.png\",\"contentUrl\":\"https:\\\/\\\/lightweb.dev\\\/l\\\/svm-temp\\\/wp-content\\\/uploads\\\/2025\\\/02\\\/SvM-logo-Xtra-Centrerad-SVART.png\",\"width\":300,\"height\":99,\"caption\":\"Melkerson y Nott SL\"},\"image\":{\"@id\":\"https:\\\/\\\/lightweb.dev\\\/l\\\/svm-temp\\\/#\\\/schema\\\/logo\\\/image\\\/\"},\"sameAs\":[\"https:\\\/\\\/www.facebook.com\\\/svenskamagasinet\",\"https:\\\/\\\/x.com\\\/SvenskaMagasine\"]},{\"@type\":\"Person\",\"@id\":\"https:\\\/\\\/lightweb.dev\\\/l\\\/svm-temp\\\/#\\\/schema\\\/person\\\/206a3bda5b607b0c25e1749191e4d837\",\"name\":\"Redaktionen SvM\",\"description\":\"Redaktionen\",\"sameAs\":[\"https:\\\/\\\/lightweb.dev\\\/l\\\/svm-temp\"],\"url\":\"https:\\\/\\\/lightweb.dev\\\/l\\\/svm-temp\\\/reporter\\\/redaktionen\\\/\"}]}<\/script>\n<!-- \/ Yoast SEO Premium plugin. -->","yoast_head_json":{"title":"V\u00e4lk\u00e4nd salong f\u00f6r h\u00e5r och sk\u00f6nhet - Svenska Magasinet","robots":{"index":"noindex","follow":"follow","max-snippet":"max-snippet:-1","max-image-preview":"max-image-preview:large","max-video-preview":"max-video-preview:-1"},"og_locale":"sv_SE","og_type":"article","og_title":"V\u00e4lk\u00e4nd salong f\u00f6r h\u00e5r och sk\u00f6nhet","og_description":"Kim Gottlieb \u00e4r ett v\u00e4lk\u00e4nt namn i Fuengirola, han b\u00f6rjade som fris\u00f6r redan 1982. I den nya salongen p\u00e5 Avenida Jes\u00fas Santos Rein, mitt emot turistbyr\u00e5n, har det h\u00e4nt mycket sedan \u00f6ppningen i fjol. Det full fart hela dagarna med tre fris\u00f6rer, sk\u00f6nhetsspecialister och en mass\u00f6r. F\u00f6rutom Kim sj\u00e4lv, arbetar h\u00e4r hans dotter Sofie, som [&hellip;]","og_url":"https:\/\/lightweb.dev\/l\/svm-temp\/artiklar\/valkand-salong-for-har-och-skonhet\/","og_site_name":"Svenska Magasinet","article_publisher":"https:\/\/www.facebook.com\/svenskamagasinet","article_published_time":"2014-11-10T23:00:00+00:00","og_image":[{"width":280,"height":418,"url":"https:\/\/lightweb.dev\/l\/svm-temp\/wp-content\/uploads\/2022\/04\/vlknd-salong-fr-hr-och-sknhet.png","type":"image\/png"}],"author":"Redaktionen SvM","twitter_card":"summary_large_image","twitter_creator":"@SvenskaMagasine","twitter_site":"@SvenskaMagasine","schema":{"@context":"https:\/\/schema.org","@graph":[{"@type":"Article","@id":"https:\/\/lightweb.dev\/l\/svm-temp\/artiklar\/valkand-salong-for-har-och-skonhet\/#article","isPartOf":{"@id":"https:\/\/lightweb.dev\/l\/svm-temp\/artiklar\/valkand-salong-for-har-och-skonhet\/"},"author":{"name":"Redaktionen SvM","@id":"https:\/\/lightweb.dev\/l\/svm-temp\/#\/schema\/person\/206a3bda5b607b0c25e1749191e4d837"},"headline":"V\u00e4lk\u00e4nd salong f\u00f6r h\u00e5r och sk\u00f6nhet","datePublished":"2014-11-10T23:00:00+00:00","mainEntityOfPage":{"@id":"https:\/\/lightweb.dev\/l\/svm-temp\/artiklar\/valkand-salong-for-har-och-skonhet\/"},"wordCount":250,"commentCount":0,"publisher":{"@id":"https:\/\/lightweb.dev\/l\/svm-temp\/#organization"},"image":{"@id":"https:\/\/lightweb.dev\/l\/svm-temp\/artiklar\/valkand-salong-for-har-och-skonhet\/#primaryimage"},"thumbnailUrl":"https:\/\/lightweb.dev\/l\/svm-temp\/wp-content\/uploads\/2022\/04\/vlknd-salong-fr-hr-och-sknhet.png","articleSection":["Arkiv","Artiklar"],"inLanguage":"sv-SE"},{"@type":"WebPage","@id":"https:\/\/lightweb.dev\/l\/svm-temp\/artiklar\/valkand-salong-for-har-och-skonhet\/","url":"https:\/\/lightweb.dev\/l\/svm-temp\/artiklar\/valkand-salong-for-har-och-skonhet\/","name":"V\u00e4lk\u00e4nd salong f\u00f6r h\u00e5r och sk\u00f6nhet - Svenska Magasinet","isPartOf":{"@id":"https:\/\/lightweb.dev\/l\/svm-temp\/#website"},"primaryImageOfPage":{"@id":"https:\/\/lightweb.dev\/l\/svm-temp\/artiklar\/valkand-salong-for-har-och-skonhet\/#primaryimage"},"image":{"@id":"https:\/\/lightweb.dev\/l\/svm-temp\/artiklar\/valkand-salong-for-har-och-skonhet\/#primaryimage"},"thumbnailUrl":"https:\/\/lightweb.dev\/l\/svm-temp\/wp-content\/uploads\/2022\/04\/vlknd-salong-fr-hr-och-sknhet.png","datePublished":"2014-11-10T23:00:00+00:00","breadcrumb":{"@id":"https:\/\/lightweb.dev\/l\/svm-temp\/artiklar\/valkand-salong-for-har-och-skonhet\/#breadcrumb"},"inLanguage":"sv-SE","potentialAction":[{"@type":"ReadAction","target":["https:\/\/lightweb.dev\/l\/svm-temp\/artiklar\/valkand-salong-for-har-och-skonhet\/"]}]},{"@type":"ImageObject","inLanguage":"sv-SE","@id":"https:\/\/lightweb.dev\/l\/svm-temp\/artiklar\/valkand-salong-for-har-och-skonhet\/#primaryimage","url":"https:\/\/lightweb.dev\/l\/svm-temp\/wp-content\/uploads\/2022\/04\/vlknd-salong-fr-hr-och-sknhet.png","contentUrl":"https:\/\/lightweb.dev\/l\/svm-temp\/wp-content\/uploads\/2022\/04\/vlknd-salong-fr-hr-och-sknhet.png","width":280,"height":418},{"@type":"BreadcrumbList","@id":"https:\/\/lightweb.dev\/l\/svm-temp\/artiklar\/valkand-salong-for-har-och-skonhet\/#breadcrumb","itemListElement":[{"@type":"ListItem","position":1,"name":"Hem","item":"https:\/\/lightweb.dev\/l\/svm-temp\/"},{"@type":"ListItem","position":2,"name":"V\u00e4lk\u00e4nd salong f\u00f6r h\u00e5r och sk\u00f6nhet"}]},{"@type":"WebSite","@id":"https:\/\/lightweb.dev\/l\/svm-temp\/#website","url":"https:\/\/lightweb.dev\/l\/svm-temp\/","name":"Svenska Magasinet","description":"Dina Spanska nyheter p&aring; Svenska","publisher":{"@id":"https:\/\/lightweb.dev\/l\/svm-temp\/#organization"},"potentialAction":[{"@type":"SearchAction","target":{"@type":"EntryPoint","urlTemplate":"https:\/\/lightweb.dev\/l\/svm-temp\/?s={search_term_string}"},"query-input":{"@type":"PropertyValueSpecification","valueRequired":true,"valueName":"search_term_string"}}],"inLanguage":"sv-SE"},{"@type":"Organization","@id":"https:\/\/lightweb.dev\/l\/svm-temp\/#organization","name":"Melkerson y Nott SL","alternateName":"Svenska Magasinet","url":"https:\/\/lightweb.dev\/l\/svm-temp\/","logo":{"@type":"ImageObject","inLanguage":"sv-SE","@id":"https:\/\/lightweb.dev\/l\/svm-temp\/#\/schema\/logo\/image\/","url":"https:\/\/lightweb.dev\/l\/svm-temp\/wp-content\/uploads\/2025\/02\/SvM-logo-Xtra-Centrerad-SVART.png","contentUrl":"https:\/\/lightweb.dev\/l\/svm-temp\/wp-content\/uploads\/2025\/02\/SvM-logo-Xtra-Centrerad-SVART.png","width":300,"height":99,"caption":"Melkerson y Nott SL"},"image":{"@id":"https:\/\/lightweb.dev\/l\/svm-temp\/#\/schema\/logo\/image\/"},"sameAs":["https:\/\/www.facebook.com\/svenskamagasinet","https:\/\/x.com\/SvenskaMagasine"]},{"@type":"Person","@id":"https:\/\/lightweb.dev\/l\/svm-temp\/#\/schema\/person\/206a3bda5b607b0c25e1749191e4d837","name":"Redaktionen SvM","description":"Redaktionen","sameAs":["https:\/\/lightweb.dev\/l\/svm-temp"],"url":"https:\/\/lightweb.dev\/l\/svm-temp\/reporter\/redaktionen\/"}]}},"_links":{"self":[{"href":"https:\/\/lightweb.dev\/l\/svm-temp\/wp-json\/wp\/v2\/posts\/5333","targetHints":{"allow":["GET"]}}],"collection":[{"href":"https:\/\/lightweb.dev\/l\/svm-temp\/wp-json\/wp\/v2\/posts"}],"about":[{"href":"https:\/\/lightweb.dev\/l\/svm-temp\/wp-json\/wp\/v2\/types\/post"}],"author":[{"embeddable":true,"href":"https:\/\/lightweb.dev\/l\/svm-temp\/wp-json\/wp\/v2\/users\/8"}],"replies":[{"embeddable":true,"href":"https:\/\/lightweb.dev\/l\/svm-temp\/wp-json\/wp\/v2\/comments?post=5333"}],"version-history":[{"count":0,"href":"https:\/\/lightweb.dev\/l\/svm-temp\/wp-json\/wp\/v2\/posts\/5333\/revisions"}],"wp:featuredmedia":[{"embeddable":true,"href":"https:\/\/lightweb.dev\/l\/svm-temp\/wp-json\/wp\/v2\/media\/5334"}],"wp:attachment":[{"href":"https:\/\/lightweb.dev\/l\/svm-temp\/wp-json\/wp\/v2\/media?parent=5333"}],"wp:term":[{"taxonomy":"category","embeddable":true,"href":"https:\/\/lightweb.dev\/l\/svm-temp\/wp-json\/wp\/v2\/categories?post=5333"},{"taxonomy":"post_tag","embeddable":true,"href":"https:\/\/lightweb.dev\/l\/svm-temp\/wp-json\/wp\/v2\/tags?post=5333"}],"curies":[{"name":"wp","href":"https:\/\/api.w.org\/{rel}","templated":true}]}}