{"id":5355,"date":"2014-11-11T00:00:00","date_gmt":"2014-11-10T23:00:00","guid":{"rendered":"https:\/\/lightweb.dev\/l\/svm-temp\/fraga-maklaren-vad-ar-kostnaden-vid-en-forsaljning\/"},"modified":"2014-11-11T00:00:00","modified_gmt":"2014-11-10T23:00:00","slug":"fraga-maklaren-vad-ar-kostnaden-vid-en-forsaljning","status":"publish","type":"post","link":"https:\/\/lightweb.dev\/l\/svm-temp\/artiklar\/fraga-maklaren-vad-ar-kostnaden-vid-en-forsaljning\/","title":{"rendered":"Fr\u00e5ga m\u00e4klaren: Vad \u00e4r kostnaden vid en f\u00f6rs\u00e4ljning?"},"content":{"rendered":"<p> Vi bor i Eskilstuna och funderar p\u00e5 att s\u00e4lja v\u00e5r l\u00e4genhet i Marbella. Vad \u00e4r kostnaderna vid en f\u00f6rs\u00e4ljning? Peter &#038; Malin Av Sven F. K\u00e4llstr\u00f6m, M\u00e4klare &#038; VD Alamo Costa del Sol S.L<\/p>\n<p>Hej Peter &#038; Malin! Du betalar en m\u00e4klarprovision som normalt \u00e4r 5 % + 21 % moms. Som icke resident i Spanien inneh\u00e5lls a conto 3 % av k\u00f6peskillingen av myndigheten som en uppskattad kapitalvinstskatt (reavinst). Detta oavsett om det verkligen blir n\u00e5gon vinstskatt p\u00e5 f\u00f6rs\u00e4ljningen.<\/p>\n<p>Sedan deklareras f\u00f6rs\u00e4ljningen och den slutgiltiga skatten ber\u00e4knas. Om det inte blir n\u00e5gon skatt ans\u00f6ker ni om \u00e5terbetalning av skatten och det tar ca 6 m\u00e5nader f\u00f6r skattemyndigheten att \u00e5terbetala. Viktigt \u00e4r att man fortfarande m\u00e5ste ha ett bankkonto i sitt namn i Spanien f\u00f6r det \u00e4r till detta konto som pengarna betalas till. Det skall ocks\u00e5 eventuellt betalas en skatt som heter \u201dPlus-valia\u201d och som \u00e4r en skatt f\u00f6r v\u00e4rdestegringen p\u00e5 marken d\u00e4r fastigheten \u00e4r bel\u00e4gen. Detta kan din advokat r\u00e4kna ut till dig i f\u00f6rv\u00e4g.<\/p>\n<p>Hej! vad beh\u00f6ver jag som svensk f\u00f6r att k\u00f6pa en fastighet i Spanien?<br \/>\nKalle fr\u00e5n Ume\u00e5<\/p>\n<p>Hej Kalle! Det \u00e4r tre saker som du m\u00e5ste ha varav tv\u00e5 \u00e4r absolut n\u00f6dv\u00e4ndiga. Du beh\u00f6ver ett spanskt personnummer (NIE nummer), ett bankkonto i ditt namn i en valfri spansk bank. Utan dessa tv\u00e5 saker kan du helt enkelt inte k\u00f6pa en bostad i Spanien. Alla utl\u00e4ndska medborgare m\u00e5ste ha detta. Det tredje \u00e4r frivilligt, men enligt min mening helt n\u00f6dv\u00e4ndigt. Det \u00e4r att ha en advokat vid din sida som f\u00f6retr\u00e4der dig under hela k\u00f6pprocessen tillsammans med din m\u00e4klare. Lycka till med k\u00f6pet!<\/p>\n<p>Hej Sven! Vilka \u00f6vriga kostnader m\u00e5ste jag betala vid k\u00f6p av en fastighet i Spanien?<br \/>\nArne Celing<\/p>\n<p>Bra fr\u00e5ga Arne! Det beror p\u00e5 om du k\u00f6per en ny fastighet eller en begagnad. Vid k\u00f6p av en bostad fr\u00e5n en befintlig fastighets\u00e4gare s\u00e5 betalar man totalt ca 11 % p\u00e5 f\u00f6rs\u00e4ljningspriset.  8 % i \u00f6verf\u00f6ringsavgift till spanska staten f\u00f6r fastigheter upp till 400.000 euro, 9 % mellan 400 \u2013 700.000 euro och 10 % p\u00e5 priser \u00f6ver 700.000 euro. Vidare skall du betala 2 % till notarien och fastighetsregistret samt ca 1 % till din advokat. Om det \u00e4r en helt ny fastighet d\u00e4r du \u00e4r den f\u00f6rsta \u00e4garen s\u00e5 betalar du totalt ca 13 % f\u00f6rdelat p\u00e5: 10 % i spansk moms + 1 % i st\u00e4mpelskatt, 2 % till notarien och fastighetsregistret samt ca 1 % till din advokat.<\/p>\n<p>Hej, vi har hittat v\u00e5r dr\u00f6ml\u00e4genhet i Calahonda som vi g\u00e4rna vill k\u00f6pa men beh\u00f6ver l\u00e5na en del. Kan vi som svenskar l\u00e5na pengar till fastighetsk\u00f6pet i Spanien?<br \/>\nNils &#038; Astrid fr\u00e5n Sundsvall.<\/p>\n<p>Som svensk medborgare och inte resident i Spanien s\u00e5 kan du l\u00e5na mellan 60 \u2013 70 % av det l\u00e4gsta beloppet mellan priset p\u00e5 fastigheten och bankens officiella v\u00e4rdering. \u00c4r du skriven i Spanien kan du l\u00e5na \u00e4nd\u00e5 upp till 80 % av v\u00e4rdet. R\u00e4nta och amorteringstid varierar mellan bankerna.<\/p>\n","protected":false},"excerpt":{"rendered":"<p>Vi bor i Eskilstuna och funderar p\u00e5 att s\u00e4lja v\u00e5r l\u00e4genhet i Marbella. Vad \u00e4r kostnaderna vid en f\u00f6rs\u00e4ljning? Peter &#038; Malin Av Sven F. K\u00e4llstr\u00f6m, M\u00e4klare &#038; VD Alamo Costa del Sol S.L Hej Peter &#038; Malin! Du betalar en m\u00e4klarprovision som normalt \u00e4r 5 % + 21 % moms. Som icke resident i [&hellip;]<\/p>\n","protected":false},"author":8,"featured_media":5356,"comment_status":"open","ping_status":"open","sticky":false,"template":"","format":"standard","meta":{"_et_pb_use_builder":"","_et_pb_old_content":"","_et_gb_content_width":"","footnotes":""},"categories":[4,37],"tags":[],"class_list":["post-5355","post","type-post","status-publish","format-standard","has-post-thumbnail","hentry","category-artiklar","category-hem-bostad"],"yoast_head":"<!-- This site is optimized with the Yoast SEO Premium plugin v26.2 (Yoast SEO v27.4) - https:\/\/yoast.com\/product\/yoast-seo-premium-wordpress\/ -->\n<title>Fr\u00e5ga m\u00e4klaren: Vad \u00e4r kostnaden vid en f\u00f6rs\u00e4ljning? - Svenska Magasinet<\/title>\n<meta name=\"robots\" content=\"noindex, follow, max-snippet:-1, max-image-preview:large, max-video-preview:-1\" \/>\n<meta property=\"og:locale\" content=\"sv_SE\" \/>\n<meta property=\"og:type\" content=\"article\" \/>\n<meta property=\"og:title\" content=\"Fr\u00e5ga m\u00e4klaren: Vad \u00e4r kostnaden vid en f\u00f6rs\u00e4ljning?\" \/>\n<meta property=\"og:description\" content=\"Vi bor i Eskilstuna och funderar p\u00e5 att s\u00e4lja v\u00e5r l\u00e4genhet i Marbella. Vad \u00e4r kostnaderna vid en f\u00f6rs\u00e4ljning? Peter &#038; Malin Av Sven F. K\u00e4llstr\u00f6m, M\u00e4klare &#038; VD Alamo Costa del Sol S.L Hej Peter &#038; Malin! Du betalar en m\u00e4klarprovision som normalt \u00e4r 5 % + 21 % moms. Som icke resident i [&hellip;]\" \/>\n<meta property=\"og:url\" content=\"https:\/\/lightweb.dev\/l\/svm-temp\/artiklar\/fraga-maklaren-vad-ar-kostnaden-vid-en-forsaljning\/\" \/>\n<meta property=\"og:site_name\" content=\"Svenska Magasinet\" \/>\n<meta property=\"article:publisher\" content=\"https:\/\/www.facebook.com\/svenskamagasinet\" \/>\n<meta property=\"article:published_time\" content=\"2014-11-10T23:00:00+00:00\" \/>\n<meta property=\"og:image\" content=\"https:\/\/lightweb.dev\/l\/svm-temp\/wp-content\/uploads\/2022\/04\/frga-mklaren-vad-r-kostnaden-vid-en-frsljning.png\" \/>\n\t<meta property=\"og:image:width\" content=\"280\" \/>\n\t<meta property=\"og:image:height\" content=\"350\" \/>\n\t<meta property=\"og:image:type\" content=\"image\/png\" \/>\n<meta name=\"author\" content=\"Redaktionen SvM\" \/>\n<meta name=\"twitter:card\" content=\"summary_large_image\" \/>\n<meta name=\"twitter:creator\" content=\"@SvenskaMagasine\" \/>\n<meta name=\"twitter:site\" content=\"@SvenskaMagasine\" \/>\n<script type=\"application\/ld+json\" class=\"yoast-schema-graph\">{\"@context\":\"https:\\\/\\\/schema.org\",\"@graph\":[{\"@type\":\"Article\",\"@id\":\"https:\\\/\\\/lightweb.dev\\\/l\\\/svm-temp\\\/artiklar\\\/fraga-maklaren-vad-ar-kostnaden-vid-en-forsaljning\\\/#article\",\"isPartOf\":{\"@id\":\"https:\\\/\\\/lightweb.dev\\\/l\\\/svm-temp\\\/artiklar\\\/fraga-maklaren-vad-ar-kostnaden-vid-en-forsaljning\\\/\"},\"author\":{\"name\":\"Redaktionen SvM\",\"@id\":\"https:\\\/\\\/lightweb.dev\\\/l\\\/svm-temp\\\/#\\\/schema\\\/person\\\/206a3bda5b607b0c25e1749191e4d837\"},\"headline\":\"Fr\u00e5ga m\u00e4klaren: Vad \u00e4r kostnaden vid en f\u00f6rs\u00e4ljning?\",\"datePublished\":\"2014-11-10T23:00:00+00:00\",\"mainEntityOfPage\":{\"@id\":\"https:\\\/\\\/lightweb.dev\\\/l\\\/svm-temp\\\/artiklar\\\/fraga-maklaren-vad-ar-kostnaden-vid-en-forsaljning\\\/\"},\"wordCount\":537,\"commentCount\":0,\"publisher\":{\"@id\":\"https:\\\/\\\/lightweb.dev\\\/l\\\/svm-temp\\\/#organization\"},\"image\":{\"@id\":\"https:\\\/\\\/lightweb.dev\\\/l\\\/svm-temp\\\/artiklar\\\/fraga-maklaren-vad-ar-kostnaden-vid-en-forsaljning\\\/#primaryimage\"},\"thumbnailUrl\":\"https:\\\/\\\/lightweb.dev\\\/l\\\/svm-temp\\\/wp-content\\\/uploads\\\/2022\\\/04\\\/frga-mklaren-vad-r-kostnaden-vid-en-frsljning.png\",\"articleSection\":[\"Artiklar\",\"Hem &amp; bostad\"],\"inLanguage\":\"sv-SE\"},{\"@type\":\"WebPage\",\"@id\":\"https:\\\/\\\/lightweb.dev\\\/l\\\/svm-temp\\\/artiklar\\\/fraga-maklaren-vad-ar-kostnaden-vid-en-forsaljning\\\/\",\"url\":\"https:\\\/\\\/lightweb.dev\\\/l\\\/svm-temp\\\/artiklar\\\/fraga-maklaren-vad-ar-kostnaden-vid-en-forsaljning\\\/\",\"name\":\"Fr\u00e5ga m\u00e4klaren: Vad \u00e4r kostnaden vid en f\u00f6rs\u00e4ljning? - Svenska Magasinet\",\"isPartOf\":{\"@id\":\"https:\\\/\\\/lightweb.dev\\\/l\\\/svm-temp\\\/#website\"},\"primaryImageOfPage\":{\"@id\":\"https:\\\/\\\/lightweb.dev\\\/l\\\/svm-temp\\\/artiklar\\\/fraga-maklaren-vad-ar-kostnaden-vid-en-forsaljning\\\/#primaryimage\"},\"image\":{\"@id\":\"https:\\\/\\\/lightweb.dev\\\/l\\\/svm-temp\\\/artiklar\\\/fraga-maklaren-vad-ar-kostnaden-vid-en-forsaljning\\\/#primaryimage\"},\"thumbnailUrl\":\"https:\\\/\\\/lightweb.dev\\\/l\\\/svm-temp\\\/wp-content\\\/uploads\\\/2022\\\/04\\\/frga-mklaren-vad-r-kostnaden-vid-en-frsljning.png\",\"datePublished\":\"2014-11-10T23:00:00+00:00\",\"breadcrumb\":{\"@id\":\"https:\\\/\\\/lightweb.dev\\\/l\\\/svm-temp\\\/artiklar\\\/fraga-maklaren-vad-ar-kostnaden-vid-en-forsaljning\\\/#breadcrumb\"},\"inLanguage\":\"sv-SE\",\"potentialAction\":[{\"@type\":\"ReadAction\",\"target\":[\"https:\\\/\\\/lightweb.dev\\\/l\\\/svm-temp\\\/artiklar\\\/fraga-maklaren-vad-ar-kostnaden-vid-en-forsaljning\\\/\"]}]},{\"@type\":\"ImageObject\",\"inLanguage\":\"sv-SE\",\"@id\":\"https:\\\/\\\/lightweb.dev\\\/l\\\/svm-temp\\\/artiklar\\\/fraga-maklaren-vad-ar-kostnaden-vid-en-forsaljning\\\/#primaryimage\",\"url\":\"https:\\\/\\\/lightweb.dev\\\/l\\\/svm-temp\\\/wp-content\\\/uploads\\\/2022\\\/04\\\/frga-mklaren-vad-r-kostnaden-vid-en-frsljning.png\",\"contentUrl\":\"https:\\\/\\\/lightweb.dev\\\/l\\\/svm-temp\\\/wp-content\\\/uploads\\\/2022\\\/04\\\/frga-mklaren-vad-r-kostnaden-vid-en-frsljning.png\",\"width\":280,\"height\":350},{\"@type\":\"BreadcrumbList\",\"@id\":\"https:\\\/\\\/lightweb.dev\\\/l\\\/svm-temp\\\/artiklar\\\/fraga-maklaren-vad-ar-kostnaden-vid-en-forsaljning\\\/#breadcrumb\",\"itemListElement\":[{\"@type\":\"ListItem\",\"position\":1,\"name\":\"Hem\",\"item\":\"https:\\\/\\\/lightweb.dev\\\/l\\\/svm-temp\\\/\"},{\"@type\":\"ListItem\",\"position\":2,\"name\":\"Fr\u00e5ga m\u00e4klaren: Vad \u00e4r kostnaden vid en f\u00f6rs\u00e4ljning?\"}]},{\"@type\":\"WebSite\",\"@id\":\"https:\\\/\\\/lightweb.dev\\\/l\\\/svm-temp\\\/#website\",\"url\":\"https:\\\/\\\/lightweb.dev\\\/l\\\/svm-temp\\\/\",\"name\":\"Svenska Magasinet\",\"description\":\"Dina Spanska nyheter p&aring; Svenska\",\"publisher\":{\"@id\":\"https:\\\/\\\/lightweb.dev\\\/l\\\/svm-temp\\\/#organization\"},\"potentialAction\":[{\"@type\":\"SearchAction\",\"target\":{\"@type\":\"EntryPoint\",\"urlTemplate\":\"https:\\\/\\\/lightweb.dev\\\/l\\\/svm-temp\\\/?s={search_term_string}\"},\"query-input\":{\"@type\":\"PropertyValueSpecification\",\"valueRequired\":true,\"valueName\":\"search_term_string\"}}],\"inLanguage\":\"sv-SE\"},{\"@type\":\"Organization\",\"@id\":\"https:\\\/\\\/lightweb.dev\\\/l\\\/svm-temp\\\/#organization\",\"name\":\"Melkerson y Nott SL\",\"alternateName\":\"Svenska Magasinet\",\"url\":\"https:\\\/\\\/lightweb.dev\\\/l\\\/svm-temp\\\/\",\"logo\":{\"@type\":\"ImageObject\",\"inLanguage\":\"sv-SE\",\"@id\":\"https:\\\/\\\/lightweb.dev\\\/l\\\/svm-temp\\\/#\\\/schema\\\/logo\\\/image\\\/\",\"url\":\"https:\\\/\\\/lightweb.dev\\\/l\\\/svm-temp\\\/wp-content\\\/uploads\\\/2025\\\/02\\\/SvM-logo-Xtra-Centrerad-SVART.png\",\"contentUrl\":\"https:\\\/\\\/lightweb.dev\\\/l\\\/svm-temp\\\/wp-content\\\/uploads\\\/2025\\\/02\\\/SvM-logo-Xtra-Centrerad-SVART.png\",\"width\":300,\"height\":99,\"caption\":\"Melkerson y Nott SL\"},\"image\":{\"@id\":\"https:\\\/\\\/lightweb.dev\\\/l\\\/svm-temp\\\/#\\\/schema\\\/logo\\\/image\\\/\"},\"sameAs\":[\"https:\\\/\\\/www.facebook.com\\\/svenskamagasinet\",\"https:\\\/\\\/x.com\\\/SvenskaMagasine\"]},{\"@type\":\"Person\",\"@id\":\"https:\\\/\\\/lightweb.dev\\\/l\\\/svm-temp\\\/#\\\/schema\\\/person\\\/206a3bda5b607b0c25e1749191e4d837\",\"name\":\"Redaktionen SvM\",\"description\":\"Redaktionen\",\"sameAs\":[\"https:\\\/\\\/lightweb.dev\\\/l\\\/svm-temp\"],\"url\":\"https:\\\/\\\/lightweb.dev\\\/l\\\/svm-temp\\\/reporter\\\/redaktionen\\\/\"}]}<\/script>\n<!-- \/ Yoast SEO Premium plugin. -->","yoast_head_json":{"title":"Fr\u00e5ga m\u00e4klaren: Vad \u00e4r kostnaden vid en f\u00f6rs\u00e4ljning? - Svenska Magasinet","robots":{"index":"noindex","follow":"follow","max-snippet":"max-snippet:-1","max-image-preview":"max-image-preview:large","max-video-preview":"max-video-preview:-1"},"og_locale":"sv_SE","og_type":"article","og_title":"Fr\u00e5ga m\u00e4klaren: Vad \u00e4r kostnaden vid en f\u00f6rs\u00e4ljning?","og_description":"Vi bor i Eskilstuna och funderar p\u00e5 att s\u00e4lja v\u00e5r l\u00e4genhet i Marbella. Vad \u00e4r kostnaderna vid en f\u00f6rs\u00e4ljning? Peter &#038; Malin Av Sven F. K\u00e4llstr\u00f6m, M\u00e4klare &#038; VD Alamo Costa del Sol S.L Hej Peter &#038; Malin! Du betalar en m\u00e4klarprovision som normalt \u00e4r 5 % + 21 % moms. Som icke resident i [&hellip;]","og_url":"https:\/\/lightweb.dev\/l\/svm-temp\/artiklar\/fraga-maklaren-vad-ar-kostnaden-vid-en-forsaljning\/","og_site_name":"Svenska Magasinet","article_publisher":"https:\/\/www.facebook.com\/svenskamagasinet","article_published_time":"2014-11-10T23:00:00+00:00","og_image":[{"width":280,"height":350,"url":"https:\/\/lightweb.dev\/l\/svm-temp\/wp-content\/uploads\/2022\/04\/frga-mklaren-vad-r-kostnaden-vid-en-frsljning.png","type":"image\/png"}],"author":"Redaktionen SvM","twitter_card":"summary_large_image","twitter_creator":"@SvenskaMagasine","twitter_site":"@SvenskaMagasine","schema":{"@context":"https:\/\/schema.org","@graph":[{"@type":"Article","@id":"https:\/\/lightweb.dev\/l\/svm-temp\/artiklar\/fraga-maklaren-vad-ar-kostnaden-vid-en-forsaljning\/#article","isPartOf":{"@id":"https:\/\/lightweb.dev\/l\/svm-temp\/artiklar\/fraga-maklaren-vad-ar-kostnaden-vid-en-forsaljning\/"},"author":{"name":"Redaktionen SvM","@id":"https:\/\/lightweb.dev\/l\/svm-temp\/#\/schema\/person\/206a3bda5b607b0c25e1749191e4d837"},"headline":"Fr\u00e5ga m\u00e4klaren: Vad \u00e4r kostnaden vid en f\u00f6rs\u00e4ljning?","datePublished":"2014-11-10T23:00:00+00:00","mainEntityOfPage":{"@id":"https:\/\/lightweb.dev\/l\/svm-temp\/artiklar\/fraga-maklaren-vad-ar-kostnaden-vid-en-forsaljning\/"},"wordCount":537,"commentCount":0,"publisher":{"@id":"https:\/\/lightweb.dev\/l\/svm-temp\/#organization"},"image":{"@id":"https:\/\/lightweb.dev\/l\/svm-temp\/artiklar\/fraga-maklaren-vad-ar-kostnaden-vid-en-forsaljning\/#primaryimage"},"thumbnailUrl":"https:\/\/lightweb.dev\/l\/svm-temp\/wp-content\/uploads\/2022\/04\/frga-mklaren-vad-r-kostnaden-vid-en-frsljning.png","articleSection":["Artiklar","Hem &amp; bostad"],"inLanguage":"sv-SE"},{"@type":"WebPage","@id":"https:\/\/lightweb.dev\/l\/svm-temp\/artiklar\/fraga-maklaren-vad-ar-kostnaden-vid-en-forsaljning\/","url":"https:\/\/lightweb.dev\/l\/svm-temp\/artiklar\/fraga-maklaren-vad-ar-kostnaden-vid-en-forsaljning\/","name":"Fr\u00e5ga m\u00e4klaren: Vad \u00e4r kostnaden vid en f\u00f6rs\u00e4ljning? - Svenska Magasinet","isPartOf":{"@id":"https:\/\/lightweb.dev\/l\/svm-temp\/#website"},"primaryImageOfPage":{"@id":"https:\/\/lightweb.dev\/l\/svm-temp\/artiklar\/fraga-maklaren-vad-ar-kostnaden-vid-en-forsaljning\/#primaryimage"},"image":{"@id":"https:\/\/lightweb.dev\/l\/svm-temp\/artiklar\/fraga-maklaren-vad-ar-kostnaden-vid-en-forsaljning\/#primaryimage"},"thumbnailUrl":"https:\/\/lightweb.dev\/l\/svm-temp\/wp-content\/uploads\/2022\/04\/frga-mklaren-vad-r-kostnaden-vid-en-frsljning.png","datePublished":"2014-11-10T23:00:00+00:00","breadcrumb":{"@id":"https:\/\/lightweb.dev\/l\/svm-temp\/artiklar\/fraga-maklaren-vad-ar-kostnaden-vid-en-forsaljning\/#breadcrumb"},"inLanguage":"sv-SE","potentialAction":[{"@type":"ReadAction","target":["https:\/\/lightweb.dev\/l\/svm-temp\/artiklar\/fraga-maklaren-vad-ar-kostnaden-vid-en-forsaljning\/"]}]},{"@type":"ImageObject","inLanguage":"sv-SE","@id":"https:\/\/lightweb.dev\/l\/svm-temp\/artiklar\/fraga-maklaren-vad-ar-kostnaden-vid-en-forsaljning\/#primaryimage","url":"https:\/\/lightweb.dev\/l\/svm-temp\/wp-content\/uploads\/2022\/04\/frga-mklaren-vad-r-kostnaden-vid-en-frsljning.png","contentUrl":"https:\/\/lightweb.dev\/l\/svm-temp\/wp-content\/uploads\/2022\/04\/frga-mklaren-vad-r-kostnaden-vid-en-frsljning.png","width":280,"height":350},{"@type":"BreadcrumbList","@id":"https:\/\/lightweb.dev\/l\/svm-temp\/artiklar\/fraga-maklaren-vad-ar-kostnaden-vid-en-forsaljning\/#breadcrumb","itemListElement":[{"@type":"ListItem","position":1,"name":"Hem","item":"https:\/\/lightweb.dev\/l\/svm-temp\/"},{"@type":"ListItem","position":2,"name":"Fr\u00e5ga m\u00e4klaren: Vad \u00e4r kostnaden vid en f\u00f6rs\u00e4ljning?"}]},{"@type":"WebSite","@id":"https:\/\/lightweb.dev\/l\/svm-temp\/#website","url":"https:\/\/lightweb.dev\/l\/svm-temp\/","name":"Svenska Magasinet","description":"Dina Spanska nyheter p&aring; Svenska","publisher":{"@id":"https:\/\/lightweb.dev\/l\/svm-temp\/#organization"},"potentialAction":[{"@type":"SearchAction","target":{"@type":"EntryPoint","urlTemplate":"https:\/\/lightweb.dev\/l\/svm-temp\/?s={search_term_string}"},"query-input":{"@type":"PropertyValueSpecification","valueRequired":true,"valueName":"search_term_string"}}],"inLanguage":"sv-SE"},{"@type":"Organization","@id":"https:\/\/lightweb.dev\/l\/svm-temp\/#organization","name":"Melkerson y Nott SL","alternateName":"Svenska Magasinet","url":"https:\/\/lightweb.dev\/l\/svm-temp\/","logo":{"@type":"ImageObject","inLanguage":"sv-SE","@id":"https:\/\/lightweb.dev\/l\/svm-temp\/#\/schema\/logo\/image\/","url":"https:\/\/lightweb.dev\/l\/svm-temp\/wp-content\/uploads\/2025\/02\/SvM-logo-Xtra-Centrerad-SVART.png","contentUrl":"https:\/\/lightweb.dev\/l\/svm-temp\/wp-content\/uploads\/2025\/02\/SvM-logo-Xtra-Centrerad-SVART.png","width":300,"height":99,"caption":"Melkerson y Nott SL"},"image":{"@id":"https:\/\/lightweb.dev\/l\/svm-temp\/#\/schema\/logo\/image\/"},"sameAs":["https:\/\/www.facebook.com\/svenskamagasinet","https:\/\/x.com\/SvenskaMagasine"]},{"@type":"Person","@id":"https:\/\/lightweb.dev\/l\/svm-temp\/#\/schema\/person\/206a3bda5b607b0c25e1749191e4d837","name":"Redaktionen SvM","description":"Redaktionen","sameAs":["https:\/\/lightweb.dev\/l\/svm-temp"],"url":"https:\/\/lightweb.dev\/l\/svm-temp\/reporter\/redaktionen\/"}]}},"_links":{"self":[{"href":"https:\/\/lightweb.dev\/l\/svm-temp\/wp-json\/wp\/v2\/posts\/5355","targetHints":{"allow":["GET"]}}],"collection":[{"href":"https:\/\/lightweb.dev\/l\/svm-temp\/wp-json\/wp\/v2\/posts"}],"about":[{"href":"https:\/\/lightweb.dev\/l\/svm-temp\/wp-json\/wp\/v2\/types\/post"}],"author":[{"embeddable":true,"href":"https:\/\/lightweb.dev\/l\/svm-temp\/wp-json\/wp\/v2\/users\/8"}],"replies":[{"embeddable":true,"href":"https:\/\/lightweb.dev\/l\/svm-temp\/wp-json\/wp\/v2\/comments?post=5355"}],"version-history":[{"count":0,"href":"https:\/\/lightweb.dev\/l\/svm-temp\/wp-json\/wp\/v2\/posts\/5355\/revisions"}],"wp:featuredmedia":[{"embeddable":true,"href":"https:\/\/lightweb.dev\/l\/svm-temp\/wp-json\/wp\/v2\/media\/5356"}],"wp:attachment":[{"href":"https:\/\/lightweb.dev\/l\/svm-temp\/wp-json\/wp\/v2\/media?parent=5355"}],"wp:term":[{"taxonomy":"category","embeddable":true,"href":"https:\/\/lightweb.dev\/l\/svm-temp\/wp-json\/wp\/v2\/categories?post=5355"},{"taxonomy":"post_tag","embeddable":true,"href":"https:\/\/lightweb.dev\/l\/svm-temp\/wp-json\/wp\/v2\/tags?post=5355"}],"curies":[{"name":"wp","href":"https:\/\/api.w.org\/{rel}","templated":true}]}}