{"id":5383,"date":"2014-10-10T00:00:00","date_gmt":"2014-10-09T22:00:00","guid":{"rendered":"https:\/\/lightweb.dev\/l\/svm-temp\/djurspalten-foderallergi-hos-hundar-och-katter\/"},"modified":"2014-10-10T00:00:00","modified_gmt":"2014-10-09T22:00:00","slug":"djurspalten-foderallergi-hos-hundar-och-katter","status":"publish","type":"post","link":"https:\/\/lightweb.dev\/l\/svm-temp\/artiklar\/djurspalten-foderallergi-hos-hundar-och-katter\/","title":{"rendered":"Djurspalten: Foderallergi hos hundar och katter"},"content":{"rendered":"<p> Vad inneb\u00e4r det egentligen? M\u00e5nga tycker att det \u00e4r som  jordn\u00f6tallergi eller n\u00e5got annat som orsakar en akut reaktion i form av n\u00e4sselutslag, kl\u00e5da, svullnad, sv\u00e5righet att andas och s\u00e5 vidare. De flesta f\u00f6do\u00e4mnesallergier utvecklas dock \u00f6ver tiden. Proteiner och kolhydrater \u00e4r de st\u00f6rsta lag\u00f6vertr\u00e4darna. Tillsatser och E-nummer kan ocks\u00e5 orsaka allergi. Ett husdjur som ges samma mat eller mat med samma ingredienser kan \u00f6ver en tidsperiod 6 m\u00e5nader till 3 \u00e5r att utveckla en allergi mot dessa ingredienser. F\u00f6rv\u00e4xla dock inte mdetta med matintolerans, som kan ge akuta reaktioner som kr\u00e4kningar och diarr\u00e9.<\/p>\n<p>En f\u00f6do\u00e4mnesallergi orsakar allm\u00e4n kl\u00e5da. Mycket ofta mer framtr\u00e4dande runt ansiktet och det anala omr\u00e5det, men det kan involvera hela kroppen. Diagnosen foderallergi och att lokalisera den ansvariga faktorn \u00e4r ganska utmanande. Blodprov \u00e4r omtvistat och elimineringsdieter tar l\u00e5ng tid och kr\u00e4ver stort engagemang.<\/p>\n<p>Behandlingen best\u00e5r av att \u00e4ndra till foder om nte inneh\u00e5ller ingredienser som orsakar allergi eller inneh\u00e5ller best\u00e5ndsdelar som har hydrolyserade. I vissa fall kan en hemlagad mat kan vara det enda s\u00e4ttet.<\/p>\n<p>Av Nazli Pointer Veterinary Clinic<br \/>\nTel 952 804 165 info@pointerclinic.com<br \/>\nDu hittar kliniken vid Rio El Padron,<br \/>\nstrax \u00f6ster om Estepona och n\u00e4ra ridskolan.<br \/>\nVi pratar svenska!<\/p>\n","protected":false},"excerpt":{"rendered":"<p>Vad inneb\u00e4r det egentligen? M\u00e5nga tycker att det \u00e4r som jordn\u00f6tallergi eller n\u00e5got annat som orsakar en akut reaktion i form av n\u00e4sselutslag, kl\u00e5da, svullnad, sv\u00e5righet att andas och s\u00e5 vidare. De flesta f\u00f6do\u00e4mnesallergier utvecklas dock \u00f6ver tiden. Proteiner och kolhydrater \u00e4r de st\u00f6rsta lag\u00f6vertr\u00e4darna. Tillsatser och E-nummer kan ocks\u00e5 orsaka allergi. Ett husdjur som [&hellip;]<\/p>\n","protected":false},"author":8,"featured_media":0,"comment_status":"open","ping_status":"open","sticky":false,"template":"","format":"standard","meta":{"_et_pb_use_builder":"","_et_pb_old_content":"","_et_gb_content_width":"","footnotes":""},"categories":[396,4],"tags":[],"class_list":["post-5383","post","type-post","status-publish","format-standard","hentry","category-arkiv-artiklar","category-artiklar"],"yoast_head":"<!-- This site is optimized with the Yoast SEO Premium plugin v26.2 (Yoast SEO v28.2) - https:\/\/yoast.com\/product\/yoast-seo-premium-wordpress\/ -->\n<title>Djurspalten: Foderallergi hos hundar och katter - Svenska Magasinet<\/title>\n<meta name=\"robots\" content=\"noindex, follow, max-snippet:-1, max-image-preview:large, max-video-preview:-1\" \/>\n<meta property=\"og:locale\" content=\"sv_SE\" \/>\n<meta property=\"og:type\" content=\"article\" \/>\n<meta property=\"og:title\" content=\"Djurspalten: Foderallergi hos hundar och katter\" \/>\n<meta property=\"og:description\" content=\"Vad inneb\u00e4r det egentligen? M\u00e5nga tycker att det \u00e4r som jordn\u00f6tallergi eller n\u00e5got annat som orsakar en akut reaktion i form av n\u00e4sselutslag, kl\u00e5da, svullnad, sv\u00e5righet att andas och s\u00e5 vidare. De flesta f\u00f6do\u00e4mnesallergier utvecklas dock \u00f6ver tiden. Proteiner och kolhydrater \u00e4r de st\u00f6rsta lag\u00f6vertr\u00e4darna. Tillsatser och E-nummer kan ocks\u00e5 orsaka allergi. Ett husdjur som [&hellip;]\" \/>\n<meta property=\"og:url\" content=\"https:\/\/lightweb.dev\/l\/svm-temp\/artiklar\/djurspalten-foderallergi-hos-hundar-och-katter\/\" \/>\n<meta property=\"og:site_name\" content=\"Svenska Magasinet\" \/>\n<meta property=\"article:publisher\" content=\"https:\/\/www.facebook.com\/svenskamagasinet\" \/>\n<meta property=\"article:published_time\" content=\"2014-10-09T22:00:00+00:00\" \/>\n<meta name=\"author\" content=\"Redaktionen SvM\" \/>\n<meta name=\"twitter:card\" content=\"summary_large_image\" \/>\n<meta name=\"twitter:creator\" content=\"@SvenskaMagasine\" \/>\n<meta name=\"twitter:site\" content=\"@SvenskaMagasine\" \/>\n<script type=\"application\/ld+json\" class=\"yoast-schema-graph\">{\"@context\":\"https:\\\/\\\/schema.org\",\"@graph\":[{\"@type\":\"Article\",\"@id\":\"https:\\\/\\\/lightweb.dev\\\/l\\\/svm-temp\\\/artiklar\\\/djurspalten-foderallergi-hos-hundar-och-katter\\\/#article\",\"isPartOf\":{\"@id\":\"https:\\\/\\\/lightweb.dev\\\/l\\\/svm-temp\\\/artiklar\\\/djurspalten-foderallergi-hos-hundar-och-katter\\\/\"},\"author\":{\"name\":\"Redaktionen SvM\",\"@id\":\"https:\\\/\\\/lightweb.dev\\\/l\\\/svm-temp\\\/#\\\/schema\\\/person\\\/206a3bda5b607b0c25e1749191e4d837\"},\"headline\":\"Djurspalten: Foderallergi hos hundar och katter\",\"datePublished\":\"2014-10-09T22:00:00+00:00\",\"mainEntityOfPage\":{\"@id\":\"https:\\\/\\\/lightweb.dev\\\/l\\\/svm-temp\\\/artiklar\\\/djurspalten-foderallergi-hos-hundar-och-katter\\\/\"},\"wordCount\":230,\"commentCount\":0,\"publisher\":{\"@id\":\"https:\\\/\\\/lightweb.dev\\\/l\\\/svm-temp\\\/#organization\"},\"articleSection\":[\"Arkiv\",\"Artiklar\"],\"inLanguage\":\"sv-SE\"},{\"@type\":\"WebPage\",\"@id\":\"https:\\\/\\\/lightweb.dev\\\/l\\\/svm-temp\\\/artiklar\\\/djurspalten-foderallergi-hos-hundar-och-katter\\\/\",\"url\":\"https:\\\/\\\/lightweb.dev\\\/l\\\/svm-temp\\\/artiklar\\\/djurspalten-foderallergi-hos-hundar-och-katter\\\/\",\"name\":\"Djurspalten: Foderallergi hos hundar och katter - Svenska Magasinet\",\"isPartOf\":{\"@id\":\"https:\\\/\\\/lightweb.dev\\\/l\\\/svm-temp\\\/#website\"},\"datePublished\":\"2014-10-09T22:00:00+00:00\",\"breadcrumb\":{\"@id\":\"https:\\\/\\\/lightweb.dev\\\/l\\\/svm-temp\\\/artiklar\\\/djurspalten-foderallergi-hos-hundar-och-katter\\\/#breadcrumb\"},\"inLanguage\":\"sv-SE\",\"potentialAction\":[{\"@type\":\"ReadAction\",\"target\":[\"https:\\\/\\\/lightweb.dev\\\/l\\\/svm-temp\\\/artiklar\\\/djurspalten-foderallergi-hos-hundar-och-katter\\\/\"]}]},{\"@type\":\"BreadcrumbList\",\"@id\":\"https:\\\/\\\/lightweb.dev\\\/l\\\/svm-temp\\\/artiklar\\\/djurspalten-foderallergi-hos-hundar-och-katter\\\/#breadcrumb\",\"itemListElement\":[{\"@type\":\"ListItem\",\"position\":1,\"name\":\"Hem\",\"item\":\"https:\\\/\\\/lightweb.dev\\\/l\\\/svm-temp\\\/\"},{\"@type\":\"ListItem\",\"position\":2,\"name\":\"Djurspalten: Foderallergi hos hundar och katter\"}]},{\"@type\":\"WebSite\",\"@id\":\"https:\\\/\\\/lightweb.dev\\\/l\\\/svm-temp\\\/#website\",\"url\":\"https:\\\/\\\/lightweb.dev\\\/l\\\/svm-temp\\\/\",\"name\":\"Svenska Magasinet\",\"description\":\"Dina Spanska nyheter p&aring; Svenska\",\"publisher\":{\"@id\":\"https:\\\/\\\/lightweb.dev\\\/l\\\/svm-temp\\\/#organization\"},\"potentialAction\":[{\"@type\":\"SearchAction\",\"target\":{\"@type\":\"EntryPoint\",\"urlTemplate\":\"https:\\\/\\\/lightweb.dev\\\/l\\\/svm-temp\\\/?s={search_term_string}\"},\"query-input\":{\"@type\":\"PropertyValueSpecification\",\"valueRequired\":true,\"valueName\":\"search_term_string\"}}],\"inLanguage\":\"sv-SE\"},{\"@type\":\"Organization\",\"@id\":\"https:\\\/\\\/lightweb.dev\\\/l\\\/svm-temp\\\/#organization\",\"name\":\"Melkerson y Nott SL\",\"alternateName\":\"Svenska Magasinet\",\"url\":\"https:\\\/\\\/lightweb.dev\\\/l\\\/svm-temp\\\/\",\"logo\":{\"@type\":\"ImageObject\",\"inLanguage\":\"sv-SE\",\"@id\":\"https:\\\/\\\/lightweb.dev\\\/l\\\/svm-temp\\\/#\\\/schema\\\/logo\\\/image\\\/\",\"url\":\"https:\\\/\\\/lightweb.dev\\\/l\\\/svm-temp\\\/wp-content\\\/uploads\\\/2025\\\/02\\\/SvM-logo-Xtra-Centrerad-SVART.png\",\"contentUrl\":\"https:\\\/\\\/lightweb.dev\\\/l\\\/svm-temp\\\/wp-content\\\/uploads\\\/2025\\\/02\\\/SvM-logo-Xtra-Centrerad-SVART.png\",\"width\":300,\"height\":99,\"caption\":\"Melkerson y Nott SL\"},\"image\":{\"@id\":\"https:\\\/\\\/lightweb.dev\\\/l\\\/svm-temp\\\/#\\\/schema\\\/logo\\\/image\\\/\"},\"sameAs\":[\"https:\\\/\\\/www.facebook.com\\\/svenskamagasinet\",\"https:\\\/\\\/x.com\\\/SvenskaMagasine\"]},{\"@type\":\"Person\",\"@id\":\"https:\\\/\\\/lightweb.dev\\\/l\\\/svm-temp\\\/#\\\/schema\\\/person\\\/206a3bda5b607b0c25e1749191e4d837\",\"name\":\"Redaktionen SvM\",\"description\":\"Redaktionen\",\"sameAs\":[\"https:\\\/\\\/lightweb.dev\\\/l\\\/svm-temp\"],\"url\":\"https:\\\/\\\/lightweb.dev\\\/l\\\/svm-temp\\\/reporter\\\/redaktionen\\\/\"}]}<\/script>\n<!-- \/ Yoast SEO Premium plugin. -->","yoast_head_json":{"title":"Djurspalten: Foderallergi hos hundar och katter - Svenska Magasinet","robots":{"index":"noindex","follow":"follow","max-snippet":"max-snippet:-1","max-image-preview":"max-image-preview:large","max-video-preview":"max-video-preview:-1"},"og_locale":"sv_SE","og_type":"article","og_title":"Djurspalten: Foderallergi hos hundar och katter","og_description":"Vad inneb\u00e4r det egentligen? M\u00e5nga tycker att det \u00e4r som jordn\u00f6tallergi eller n\u00e5got annat som orsakar en akut reaktion i form av n\u00e4sselutslag, kl\u00e5da, svullnad, sv\u00e5righet att andas och s\u00e5 vidare. De flesta f\u00f6do\u00e4mnesallergier utvecklas dock \u00f6ver tiden. Proteiner och kolhydrater \u00e4r de st\u00f6rsta lag\u00f6vertr\u00e4darna. Tillsatser och E-nummer kan ocks\u00e5 orsaka allergi. Ett husdjur som [&hellip;]","og_url":"https:\/\/lightweb.dev\/l\/svm-temp\/artiklar\/djurspalten-foderallergi-hos-hundar-och-katter\/","og_site_name":"Svenska Magasinet","article_publisher":"https:\/\/www.facebook.com\/svenskamagasinet","article_published_time":"2014-10-09T22:00:00+00:00","author":"Redaktionen SvM","twitter_card":"summary_large_image","twitter_creator":"@SvenskaMagasine","twitter_site":"@SvenskaMagasine","schema":{"@context":"https:\/\/schema.org","@graph":[{"@type":"Article","@id":"https:\/\/lightweb.dev\/l\/svm-temp\/artiklar\/djurspalten-foderallergi-hos-hundar-och-katter\/#article","isPartOf":{"@id":"https:\/\/lightweb.dev\/l\/svm-temp\/artiklar\/djurspalten-foderallergi-hos-hundar-och-katter\/"},"author":{"name":"Redaktionen SvM","@id":"https:\/\/lightweb.dev\/l\/svm-temp\/#\/schema\/person\/206a3bda5b607b0c25e1749191e4d837"},"headline":"Djurspalten: Foderallergi hos hundar och katter","datePublished":"2014-10-09T22:00:00+00:00","mainEntityOfPage":{"@id":"https:\/\/lightweb.dev\/l\/svm-temp\/artiklar\/djurspalten-foderallergi-hos-hundar-och-katter\/"},"wordCount":230,"commentCount":0,"publisher":{"@id":"https:\/\/lightweb.dev\/l\/svm-temp\/#organization"},"articleSection":["Arkiv","Artiklar"],"inLanguage":"sv-SE"},{"@type":"WebPage","@id":"https:\/\/lightweb.dev\/l\/svm-temp\/artiklar\/djurspalten-foderallergi-hos-hundar-och-katter\/","url":"https:\/\/lightweb.dev\/l\/svm-temp\/artiklar\/djurspalten-foderallergi-hos-hundar-och-katter\/","name":"Djurspalten: Foderallergi hos hundar och katter - Svenska Magasinet","isPartOf":{"@id":"https:\/\/lightweb.dev\/l\/svm-temp\/#website"},"datePublished":"2014-10-09T22:00:00+00:00","breadcrumb":{"@id":"https:\/\/lightweb.dev\/l\/svm-temp\/artiklar\/djurspalten-foderallergi-hos-hundar-och-katter\/#breadcrumb"},"inLanguage":"sv-SE","potentialAction":[{"@type":"ReadAction","target":["https:\/\/lightweb.dev\/l\/svm-temp\/artiklar\/djurspalten-foderallergi-hos-hundar-och-katter\/"]}]},{"@type":"BreadcrumbList","@id":"https:\/\/lightweb.dev\/l\/svm-temp\/artiklar\/djurspalten-foderallergi-hos-hundar-och-katter\/#breadcrumb","itemListElement":[{"@type":"ListItem","position":1,"name":"Hem","item":"https:\/\/lightweb.dev\/l\/svm-temp\/"},{"@type":"ListItem","position":2,"name":"Djurspalten: Foderallergi hos hundar och katter"}]},{"@type":"WebSite","@id":"https:\/\/lightweb.dev\/l\/svm-temp\/#website","url":"https:\/\/lightweb.dev\/l\/svm-temp\/","name":"Svenska Magasinet","description":"Dina Spanska nyheter p&aring; Svenska","publisher":{"@id":"https:\/\/lightweb.dev\/l\/svm-temp\/#organization"},"potentialAction":[{"@type":"SearchAction","target":{"@type":"EntryPoint","urlTemplate":"https:\/\/lightweb.dev\/l\/svm-temp\/?s={search_term_string}"},"query-input":{"@type":"PropertyValueSpecification","valueRequired":true,"valueName":"search_term_string"}}],"inLanguage":"sv-SE"},{"@type":"Organization","@id":"https:\/\/lightweb.dev\/l\/svm-temp\/#organization","name":"Melkerson y Nott SL","alternateName":"Svenska Magasinet","url":"https:\/\/lightweb.dev\/l\/svm-temp\/","logo":{"@type":"ImageObject","inLanguage":"sv-SE","@id":"https:\/\/lightweb.dev\/l\/svm-temp\/#\/schema\/logo\/image\/","url":"https:\/\/lightweb.dev\/l\/svm-temp\/wp-content\/uploads\/2025\/02\/SvM-logo-Xtra-Centrerad-SVART.png","contentUrl":"https:\/\/lightweb.dev\/l\/svm-temp\/wp-content\/uploads\/2025\/02\/SvM-logo-Xtra-Centrerad-SVART.png","width":300,"height":99,"caption":"Melkerson y Nott SL"},"image":{"@id":"https:\/\/lightweb.dev\/l\/svm-temp\/#\/schema\/logo\/image\/"},"sameAs":["https:\/\/www.facebook.com\/svenskamagasinet","https:\/\/x.com\/SvenskaMagasine"]},{"@type":"Person","@id":"https:\/\/lightweb.dev\/l\/svm-temp\/#\/schema\/person\/206a3bda5b607b0c25e1749191e4d837","name":"Redaktionen SvM","description":"Redaktionen","sameAs":["https:\/\/lightweb.dev\/l\/svm-temp"],"url":"https:\/\/lightweb.dev\/l\/svm-temp\/reporter\/redaktionen\/"}]}},"_links":{"self":[{"href":"https:\/\/lightweb.dev\/l\/svm-temp\/wp-json\/wp\/v2\/posts\/5383","targetHints":{"allow":["GET"]}}],"collection":[{"href":"https:\/\/lightweb.dev\/l\/svm-temp\/wp-json\/wp\/v2\/posts"}],"about":[{"href":"https:\/\/lightweb.dev\/l\/svm-temp\/wp-json\/wp\/v2\/types\/post"}],"author":[{"embeddable":true,"href":"https:\/\/lightweb.dev\/l\/svm-temp\/wp-json\/wp\/v2\/users\/8"}],"replies":[{"embeddable":true,"href":"https:\/\/lightweb.dev\/l\/svm-temp\/wp-json\/wp\/v2\/comments?post=5383"}],"version-history":[{"count":0,"href":"https:\/\/lightweb.dev\/l\/svm-temp\/wp-json\/wp\/v2\/posts\/5383\/revisions"}],"wp:attachment":[{"href":"https:\/\/lightweb.dev\/l\/svm-temp\/wp-json\/wp\/v2\/media?parent=5383"}],"wp:term":[{"taxonomy":"category","embeddable":true,"href":"https:\/\/lightweb.dev\/l\/svm-temp\/wp-json\/wp\/v2\/categories?post=5383"},{"taxonomy":"post_tag","embeddable":true,"href":"https:\/\/lightweb.dev\/l\/svm-temp\/wp-json\/wp\/v2\/tags?post=5383"}],"curies":[{"name":"wp","href":"https:\/\/api.w.org\/{rel}","templated":true}]}}