{"id":5384,"date":"2014-10-10T00:00:00","date_gmt":"2014-10-09T22:00:00","guid":{"rendered":"https:\/\/lightweb.dev\/l\/svm-temp\/advokatspalten-vad-innebar-eu-domstolens-dom-om-spansk-arvsskatt\/"},"modified":"2014-10-10T00:00:00","modified_gmt":"2014-10-09T22:00:00","slug":"advokatspalten-vad-innebar-eu-domstolens-dom-om-spansk-arvsskatt","status":"publish","type":"post","link":"https:\/\/lightweb.dev\/l\/svm-temp\/artiklar\/advokatspalten-vad-innebar-eu-domstolens-dom-om-spansk-arvsskatt\/","title":{"rendered":"Advokatspalten: Vad inneb\u00e4r EU-domstolens dom om spansk arvsskatt?"},"content":{"rendered":"<p> Jag har h\u00f6rt att EU-domstolen nyligen f\u00e4llde Spanien f\u00f6r diskriminering av icke-residenta vad g\u00e4ller arvsskatt. Vad inneb\u00e4r domen? Av Jonas Nordgren, bitr\u00e4dande jurist vid Advokatfirman G\u00f6ran Rise<\/p>\n<p>Tack f\u00f6r Din fr\u00e5ga.<\/p>\n<p>Situationen f\u00f6rklaras enklast genom ett exempel. Du testamenterar till lika delar Din l\u00e4genhet i Marbella till Din dotter, som \u00e4r bosatt i Stockholm, och till Din son, som \u00e4r bosatt i Marbella. Eftersom egendomen Dina barn \u00e4rver \u00e4r bel\u00e4gen i Spanien skall spansk arvsskatt erl\u00e4ggas.<\/p>\n<p>Skattesatsen f\u00f6r arvsskatten i Spanien \u00e4r enhetlig och best\u00e4ms av statliga regler, men de autonoma regionerna i landet har m\u00f6jlighet att best\u00e4mma vilka avdrag  som skall f\u00e5 g\u00f6ras av de bosatta i respektive autonom region.<\/p>\n<p>F\u00f6ga f\u00f6rv\u00e5nande har merparten av de autonoma regionerna beslutat om regler som g\u00f6r att de bosatta i regionen har goda m\u00f6jligheter att g\u00f6ra avdrag p\u00e5 arvsskatten. De som inte \u00e4r bosatta i en autonom region och d\u00e4rmed inte bosatta i Spanien g\u00e5r miste om att g\u00f6ra dessa avdrag \u2013 som i vissa fall kan g\u00f6ra att den slutliga skatten som skall betalas blir noll.<\/p>\n<p>Konsekvensen av detta blir att Din dotter som \u00e4r bosatt i Stockholm saknar m\u00f6jlighet att g\u00f6ra avdrag d\u00e5 hon \u00e4r icke resident i Spanien. Hon kommer d\u00e4rmed att f\u00e5 betala mer skatt \u00e4n Din son som \u00e4r bosatt i Marbella.<\/p>\n<p>Reglernas konstruktion inneb\u00e4r d\u00e4rigenom att de som inte \u00e4r bosatta i Spanien diskrimineras samt \u00e4ven ett hinder mot den fria r\u00f6rligheten av kapital inom EU. Den h\u00e4r typen av diskriminering och hinder \u00e4r f\u00f6rbjudna inom EU och det EU-domstolen nyligen fastslagit \u00e4r att Spaniens lagstiftning strider mot EU-r\u00e4tten.<\/p>\n<p>De som har diskriminerats och g\u00e5tt miste om att g\u00f6ra avdragen har nu r\u00e4tt att beg\u00e4ra restitution och \u00e5terbetalning av den merskatt de har betalat.<\/p>\n<p>Har du som icke resident betalt arvsskatt \u00e5r 2009 eller senare \u00e4r Du mycket v\u00e4lkommen att kontakta oss f\u00f6r att g\u00e5 igenom Dina m\u00f6jligheter till \u00e5terbetalning och vilka belopp det r\u00f6r sig om.<\/p>\n","protected":false},"excerpt":{"rendered":"<p>Jag har h\u00f6rt att EU-domstolen nyligen f\u00e4llde Spanien f\u00f6r diskriminering av icke-residenta vad g\u00e4ller arvsskatt. Vad inneb\u00e4r domen? Av Jonas Nordgren, bitr\u00e4dande jurist vid Advokatfirman G\u00f6ran Rise Tack f\u00f6r Din fr\u00e5ga. Situationen f\u00f6rklaras enklast genom ett exempel. Du testamenterar till lika delar Din l\u00e4genhet i Marbella till Din dotter, som \u00e4r bosatt i Stockholm, och [&hellip;]<\/p>\n","protected":false},"author":8,"featured_media":5385,"comment_status":"open","ping_status":"open","sticky":false,"template":"","format":"standard","meta":{"_et_pb_use_builder":"","_et_pb_old_content":"","_et_gb_content_width":"","footnotes":""},"categories":[396,4],"tags":[],"class_list":["post-5384","post","type-post","status-publish","format-standard","has-post-thumbnail","hentry","category-arkiv-artiklar","category-artiklar"],"yoast_head":"<!-- This site is optimized with the Yoast SEO Premium plugin v26.2 (Yoast SEO v27.4) - https:\/\/yoast.com\/product\/yoast-seo-premium-wordpress\/ -->\n<title>Advokatspalten: Vad inneb\u00e4r EU-domstolens dom om spansk arvsskatt? - Svenska Magasinet<\/title>\n<meta name=\"robots\" content=\"noindex, follow, max-snippet:-1, max-image-preview:large, max-video-preview:-1\" \/>\n<meta property=\"og:locale\" content=\"sv_SE\" \/>\n<meta property=\"og:type\" content=\"article\" \/>\n<meta property=\"og:title\" content=\"Advokatspalten: Vad inneb\u00e4r EU-domstolens dom om spansk arvsskatt?\" \/>\n<meta property=\"og:description\" content=\"Jag har h\u00f6rt att EU-domstolen nyligen f\u00e4llde Spanien f\u00f6r diskriminering av icke-residenta vad g\u00e4ller arvsskatt. Vad inneb\u00e4r domen? Av Jonas Nordgren, bitr\u00e4dande jurist vid Advokatfirman G\u00f6ran Rise Tack f\u00f6r Din fr\u00e5ga. Situationen f\u00f6rklaras enklast genom ett exempel. Du testamenterar till lika delar Din l\u00e4genhet i Marbella till Din dotter, som \u00e4r bosatt i Stockholm, och [&hellip;]\" \/>\n<meta property=\"og:url\" content=\"https:\/\/lightweb.dev\/l\/svm-temp\/artiklar\/advokatspalten-vad-innebar-eu-domstolens-dom-om-spansk-arvsskatt\/\" \/>\n<meta property=\"og:site_name\" content=\"Svenska Magasinet\" \/>\n<meta property=\"article:publisher\" content=\"https:\/\/www.facebook.com\/svenskamagasinet\" \/>\n<meta property=\"article:published_time\" content=\"2014-10-09T22:00:00+00:00\" \/>\n<meta property=\"og:image\" content=\"https:\/\/lightweb.dev\/l\/svm-temp\/wp-content\/uploads\/2022\/04\/advokatspalten-vad-innebr-eu-domstolens-dom-om-spansk-arvsskatt.png\" \/>\n\t<meta property=\"og:image:width\" content=\"280\" \/>\n\t<meta property=\"og:image:height\" content=\"396\" \/>\n\t<meta property=\"og:image:type\" content=\"image\/png\" \/>\n<meta name=\"author\" content=\"Redaktionen SvM\" \/>\n<meta name=\"twitter:card\" content=\"summary_large_image\" \/>\n<meta name=\"twitter:creator\" content=\"@SvenskaMagasine\" \/>\n<meta name=\"twitter:site\" content=\"@SvenskaMagasine\" \/>\n<script type=\"application\/ld+json\" class=\"yoast-schema-graph\">{\"@context\":\"https:\\\/\\\/schema.org\",\"@graph\":[{\"@type\":\"Article\",\"@id\":\"https:\\\/\\\/lightweb.dev\\\/l\\\/svm-temp\\\/artiklar\\\/advokatspalten-vad-innebar-eu-domstolens-dom-om-spansk-arvsskatt\\\/#article\",\"isPartOf\":{\"@id\":\"https:\\\/\\\/lightweb.dev\\\/l\\\/svm-temp\\\/artiklar\\\/advokatspalten-vad-innebar-eu-domstolens-dom-om-spansk-arvsskatt\\\/\"},\"author\":{\"name\":\"Redaktionen SvM\",\"@id\":\"https:\\\/\\\/lightweb.dev\\\/l\\\/svm-temp\\\/#\\\/schema\\\/person\\\/206a3bda5b607b0c25e1749191e4d837\"},\"headline\":\"Advokatspalten: Vad inneb\u00e4r EU-domstolens dom om spansk arvsskatt?\",\"datePublished\":\"2014-10-09T22:00:00+00:00\",\"mainEntityOfPage\":{\"@id\":\"https:\\\/\\\/lightweb.dev\\\/l\\\/svm-temp\\\/artiklar\\\/advokatspalten-vad-innebar-eu-domstolens-dom-om-spansk-arvsskatt\\\/\"},\"wordCount\":373,\"commentCount\":0,\"publisher\":{\"@id\":\"https:\\\/\\\/lightweb.dev\\\/l\\\/svm-temp\\\/#organization\"},\"image\":{\"@id\":\"https:\\\/\\\/lightweb.dev\\\/l\\\/svm-temp\\\/artiklar\\\/advokatspalten-vad-innebar-eu-domstolens-dom-om-spansk-arvsskatt\\\/#primaryimage\"},\"thumbnailUrl\":\"https:\\\/\\\/lightweb.dev\\\/l\\\/svm-temp\\\/wp-content\\\/uploads\\\/2022\\\/04\\\/advokatspalten-vad-innebr-eu-domstolens-dom-om-spansk-arvsskatt.png\",\"articleSection\":[\"Arkiv\",\"Artiklar\"],\"inLanguage\":\"sv-SE\"},{\"@type\":\"WebPage\",\"@id\":\"https:\\\/\\\/lightweb.dev\\\/l\\\/svm-temp\\\/artiklar\\\/advokatspalten-vad-innebar-eu-domstolens-dom-om-spansk-arvsskatt\\\/\",\"url\":\"https:\\\/\\\/lightweb.dev\\\/l\\\/svm-temp\\\/artiklar\\\/advokatspalten-vad-innebar-eu-domstolens-dom-om-spansk-arvsskatt\\\/\",\"name\":\"Advokatspalten: Vad inneb\u00e4r EU-domstolens dom om spansk arvsskatt? - Svenska Magasinet\",\"isPartOf\":{\"@id\":\"https:\\\/\\\/lightweb.dev\\\/l\\\/svm-temp\\\/#website\"},\"primaryImageOfPage\":{\"@id\":\"https:\\\/\\\/lightweb.dev\\\/l\\\/svm-temp\\\/artiklar\\\/advokatspalten-vad-innebar-eu-domstolens-dom-om-spansk-arvsskatt\\\/#primaryimage\"},\"image\":{\"@id\":\"https:\\\/\\\/lightweb.dev\\\/l\\\/svm-temp\\\/artiklar\\\/advokatspalten-vad-innebar-eu-domstolens-dom-om-spansk-arvsskatt\\\/#primaryimage\"},\"thumbnailUrl\":\"https:\\\/\\\/lightweb.dev\\\/l\\\/svm-temp\\\/wp-content\\\/uploads\\\/2022\\\/04\\\/advokatspalten-vad-innebr-eu-domstolens-dom-om-spansk-arvsskatt.png\",\"datePublished\":\"2014-10-09T22:00:00+00:00\",\"breadcrumb\":{\"@id\":\"https:\\\/\\\/lightweb.dev\\\/l\\\/svm-temp\\\/artiklar\\\/advokatspalten-vad-innebar-eu-domstolens-dom-om-spansk-arvsskatt\\\/#breadcrumb\"},\"inLanguage\":\"sv-SE\",\"potentialAction\":[{\"@type\":\"ReadAction\",\"target\":[\"https:\\\/\\\/lightweb.dev\\\/l\\\/svm-temp\\\/artiklar\\\/advokatspalten-vad-innebar-eu-domstolens-dom-om-spansk-arvsskatt\\\/\"]}]},{\"@type\":\"ImageObject\",\"inLanguage\":\"sv-SE\",\"@id\":\"https:\\\/\\\/lightweb.dev\\\/l\\\/svm-temp\\\/artiklar\\\/advokatspalten-vad-innebar-eu-domstolens-dom-om-spansk-arvsskatt\\\/#primaryimage\",\"url\":\"https:\\\/\\\/lightweb.dev\\\/l\\\/svm-temp\\\/wp-content\\\/uploads\\\/2022\\\/04\\\/advokatspalten-vad-innebr-eu-domstolens-dom-om-spansk-arvsskatt.png\",\"contentUrl\":\"https:\\\/\\\/lightweb.dev\\\/l\\\/svm-temp\\\/wp-content\\\/uploads\\\/2022\\\/04\\\/advokatspalten-vad-innebr-eu-domstolens-dom-om-spansk-arvsskatt.png\",\"width\":280,\"height\":396},{\"@type\":\"BreadcrumbList\",\"@id\":\"https:\\\/\\\/lightweb.dev\\\/l\\\/svm-temp\\\/artiklar\\\/advokatspalten-vad-innebar-eu-domstolens-dom-om-spansk-arvsskatt\\\/#breadcrumb\",\"itemListElement\":[{\"@type\":\"ListItem\",\"position\":1,\"name\":\"Hem\",\"item\":\"https:\\\/\\\/lightweb.dev\\\/l\\\/svm-temp\\\/\"},{\"@type\":\"ListItem\",\"position\":2,\"name\":\"Advokatspalten: Vad inneb\u00e4r EU-domstolens dom om spansk arvsskatt?\"}]},{\"@type\":\"WebSite\",\"@id\":\"https:\\\/\\\/lightweb.dev\\\/l\\\/svm-temp\\\/#website\",\"url\":\"https:\\\/\\\/lightweb.dev\\\/l\\\/svm-temp\\\/\",\"name\":\"Svenska Magasinet\",\"description\":\"Dina Spanska nyheter p&aring; Svenska\",\"publisher\":{\"@id\":\"https:\\\/\\\/lightweb.dev\\\/l\\\/svm-temp\\\/#organization\"},\"potentialAction\":[{\"@type\":\"SearchAction\",\"target\":{\"@type\":\"EntryPoint\",\"urlTemplate\":\"https:\\\/\\\/lightweb.dev\\\/l\\\/svm-temp\\\/?s={search_term_string}\"},\"query-input\":{\"@type\":\"PropertyValueSpecification\",\"valueRequired\":true,\"valueName\":\"search_term_string\"}}],\"inLanguage\":\"sv-SE\"},{\"@type\":\"Organization\",\"@id\":\"https:\\\/\\\/lightweb.dev\\\/l\\\/svm-temp\\\/#organization\",\"name\":\"Melkerson y Nott SL\",\"alternateName\":\"Svenska Magasinet\",\"url\":\"https:\\\/\\\/lightweb.dev\\\/l\\\/svm-temp\\\/\",\"logo\":{\"@type\":\"ImageObject\",\"inLanguage\":\"sv-SE\",\"@id\":\"https:\\\/\\\/lightweb.dev\\\/l\\\/svm-temp\\\/#\\\/schema\\\/logo\\\/image\\\/\",\"url\":\"https:\\\/\\\/lightweb.dev\\\/l\\\/svm-temp\\\/wp-content\\\/uploads\\\/2025\\\/02\\\/SvM-logo-Xtra-Centrerad-SVART.png\",\"contentUrl\":\"https:\\\/\\\/lightweb.dev\\\/l\\\/svm-temp\\\/wp-content\\\/uploads\\\/2025\\\/02\\\/SvM-logo-Xtra-Centrerad-SVART.png\",\"width\":300,\"height\":99,\"caption\":\"Melkerson y Nott SL\"},\"image\":{\"@id\":\"https:\\\/\\\/lightweb.dev\\\/l\\\/svm-temp\\\/#\\\/schema\\\/logo\\\/image\\\/\"},\"sameAs\":[\"https:\\\/\\\/www.facebook.com\\\/svenskamagasinet\",\"https:\\\/\\\/x.com\\\/SvenskaMagasine\"]},{\"@type\":\"Person\",\"@id\":\"https:\\\/\\\/lightweb.dev\\\/l\\\/svm-temp\\\/#\\\/schema\\\/person\\\/206a3bda5b607b0c25e1749191e4d837\",\"name\":\"Redaktionen SvM\",\"description\":\"Redaktionen\",\"sameAs\":[\"https:\\\/\\\/lightweb.dev\\\/l\\\/svm-temp\"],\"url\":\"https:\\\/\\\/lightweb.dev\\\/l\\\/svm-temp\\\/reporter\\\/redaktionen\\\/\"}]}<\/script>\n<!-- \/ Yoast SEO Premium plugin. -->","yoast_head_json":{"title":"Advokatspalten: Vad inneb\u00e4r EU-domstolens dom om spansk arvsskatt? - Svenska Magasinet","robots":{"index":"noindex","follow":"follow","max-snippet":"max-snippet:-1","max-image-preview":"max-image-preview:large","max-video-preview":"max-video-preview:-1"},"og_locale":"sv_SE","og_type":"article","og_title":"Advokatspalten: Vad inneb\u00e4r EU-domstolens dom om spansk arvsskatt?","og_description":"Jag har h\u00f6rt att EU-domstolen nyligen f\u00e4llde Spanien f\u00f6r diskriminering av icke-residenta vad g\u00e4ller arvsskatt. Vad inneb\u00e4r domen? Av Jonas Nordgren, bitr\u00e4dande jurist vid Advokatfirman G\u00f6ran Rise Tack f\u00f6r Din fr\u00e5ga. Situationen f\u00f6rklaras enklast genom ett exempel. Du testamenterar till lika delar Din l\u00e4genhet i Marbella till Din dotter, som \u00e4r bosatt i Stockholm, och [&hellip;]","og_url":"https:\/\/lightweb.dev\/l\/svm-temp\/artiklar\/advokatspalten-vad-innebar-eu-domstolens-dom-om-spansk-arvsskatt\/","og_site_name":"Svenska Magasinet","article_publisher":"https:\/\/www.facebook.com\/svenskamagasinet","article_published_time":"2014-10-09T22:00:00+00:00","og_image":[{"width":280,"height":396,"url":"https:\/\/lightweb.dev\/l\/svm-temp\/wp-content\/uploads\/2022\/04\/advokatspalten-vad-innebr-eu-domstolens-dom-om-spansk-arvsskatt.png","type":"image\/png"}],"author":"Redaktionen SvM","twitter_card":"summary_large_image","twitter_creator":"@SvenskaMagasine","twitter_site":"@SvenskaMagasine","schema":{"@context":"https:\/\/schema.org","@graph":[{"@type":"Article","@id":"https:\/\/lightweb.dev\/l\/svm-temp\/artiklar\/advokatspalten-vad-innebar-eu-domstolens-dom-om-spansk-arvsskatt\/#article","isPartOf":{"@id":"https:\/\/lightweb.dev\/l\/svm-temp\/artiklar\/advokatspalten-vad-innebar-eu-domstolens-dom-om-spansk-arvsskatt\/"},"author":{"name":"Redaktionen SvM","@id":"https:\/\/lightweb.dev\/l\/svm-temp\/#\/schema\/person\/206a3bda5b607b0c25e1749191e4d837"},"headline":"Advokatspalten: Vad inneb\u00e4r EU-domstolens dom om spansk arvsskatt?","datePublished":"2014-10-09T22:00:00+00:00","mainEntityOfPage":{"@id":"https:\/\/lightweb.dev\/l\/svm-temp\/artiklar\/advokatspalten-vad-innebar-eu-domstolens-dom-om-spansk-arvsskatt\/"},"wordCount":373,"commentCount":0,"publisher":{"@id":"https:\/\/lightweb.dev\/l\/svm-temp\/#organization"},"image":{"@id":"https:\/\/lightweb.dev\/l\/svm-temp\/artiklar\/advokatspalten-vad-innebar-eu-domstolens-dom-om-spansk-arvsskatt\/#primaryimage"},"thumbnailUrl":"https:\/\/lightweb.dev\/l\/svm-temp\/wp-content\/uploads\/2022\/04\/advokatspalten-vad-innebr-eu-domstolens-dom-om-spansk-arvsskatt.png","articleSection":["Arkiv","Artiklar"],"inLanguage":"sv-SE"},{"@type":"WebPage","@id":"https:\/\/lightweb.dev\/l\/svm-temp\/artiklar\/advokatspalten-vad-innebar-eu-domstolens-dom-om-spansk-arvsskatt\/","url":"https:\/\/lightweb.dev\/l\/svm-temp\/artiklar\/advokatspalten-vad-innebar-eu-domstolens-dom-om-spansk-arvsskatt\/","name":"Advokatspalten: Vad inneb\u00e4r EU-domstolens dom om spansk arvsskatt? - Svenska Magasinet","isPartOf":{"@id":"https:\/\/lightweb.dev\/l\/svm-temp\/#website"},"primaryImageOfPage":{"@id":"https:\/\/lightweb.dev\/l\/svm-temp\/artiklar\/advokatspalten-vad-innebar-eu-domstolens-dom-om-spansk-arvsskatt\/#primaryimage"},"image":{"@id":"https:\/\/lightweb.dev\/l\/svm-temp\/artiklar\/advokatspalten-vad-innebar-eu-domstolens-dom-om-spansk-arvsskatt\/#primaryimage"},"thumbnailUrl":"https:\/\/lightweb.dev\/l\/svm-temp\/wp-content\/uploads\/2022\/04\/advokatspalten-vad-innebr-eu-domstolens-dom-om-spansk-arvsskatt.png","datePublished":"2014-10-09T22:00:00+00:00","breadcrumb":{"@id":"https:\/\/lightweb.dev\/l\/svm-temp\/artiklar\/advokatspalten-vad-innebar-eu-domstolens-dom-om-spansk-arvsskatt\/#breadcrumb"},"inLanguage":"sv-SE","potentialAction":[{"@type":"ReadAction","target":["https:\/\/lightweb.dev\/l\/svm-temp\/artiklar\/advokatspalten-vad-innebar-eu-domstolens-dom-om-spansk-arvsskatt\/"]}]},{"@type":"ImageObject","inLanguage":"sv-SE","@id":"https:\/\/lightweb.dev\/l\/svm-temp\/artiklar\/advokatspalten-vad-innebar-eu-domstolens-dom-om-spansk-arvsskatt\/#primaryimage","url":"https:\/\/lightweb.dev\/l\/svm-temp\/wp-content\/uploads\/2022\/04\/advokatspalten-vad-innebr-eu-domstolens-dom-om-spansk-arvsskatt.png","contentUrl":"https:\/\/lightweb.dev\/l\/svm-temp\/wp-content\/uploads\/2022\/04\/advokatspalten-vad-innebr-eu-domstolens-dom-om-spansk-arvsskatt.png","width":280,"height":396},{"@type":"BreadcrumbList","@id":"https:\/\/lightweb.dev\/l\/svm-temp\/artiklar\/advokatspalten-vad-innebar-eu-domstolens-dom-om-spansk-arvsskatt\/#breadcrumb","itemListElement":[{"@type":"ListItem","position":1,"name":"Hem","item":"https:\/\/lightweb.dev\/l\/svm-temp\/"},{"@type":"ListItem","position":2,"name":"Advokatspalten: Vad inneb\u00e4r EU-domstolens dom om spansk arvsskatt?"}]},{"@type":"WebSite","@id":"https:\/\/lightweb.dev\/l\/svm-temp\/#website","url":"https:\/\/lightweb.dev\/l\/svm-temp\/","name":"Svenska Magasinet","description":"Dina Spanska nyheter p&aring; Svenska","publisher":{"@id":"https:\/\/lightweb.dev\/l\/svm-temp\/#organization"},"potentialAction":[{"@type":"SearchAction","target":{"@type":"EntryPoint","urlTemplate":"https:\/\/lightweb.dev\/l\/svm-temp\/?s={search_term_string}"},"query-input":{"@type":"PropertyValueSpecification","valueRequired":true,"valueName":"search_term_string"}}],"inLanguage":"sv-SE"},{"@type":"Organization","@id":"https:\/\/lightweb.dev\/l\/svm-temp\/#organization","name":"Melkerson y Nott SL","alternateName":"Svenska Magasinet","url":"https:\/\/lightweb.dev\/l\/svm-temp\/","logo":{"@type":"ImageObject","inLanguage":"sv-SE","@id":"https:\/\/lightweb.dev\/l\/svm-temp\/#\/schema\/logo\/image\/","url":"https:\/\/lightweb.dev\/l\/svm-temp\/wp-content\/uploads\/2025\/02\/SvM-logo-Xtra-Centrerad-SVART.png","contentUrl":"https:\/\/lightweb.dev\/l\/svm-temp\/wp-content\/uploads\/2025\/02\/SvM-logo-Xtra-Centrerad-SVART.png","width":300,"height":99,"caption":"Melkerson y Nott SL"},"image":{"@id":"https:\/\/lightweb.dev\/l\/svm-temp\/#\/schema\/logo\/image\/"},"sameAs":["https:\/\/www.facebook.com\/svenskamagasinet","https:\/\/x.com\/SvenskaMagasine"]},{"@type":"Person","@id":"https:\/\/lightweb.dev\/l\/svm-temp\/#\/schema\/person\/206a3bda5b607b0c25e1749191e4d837","name":"Redaktionen SvM","description":"Redaktionen","sameAs":["https:\/\/lightweb.dev\/l\/svm-temp"],"url":"https:\/\/lightweb.dev\/l\/svm-temp\/reporter\/redaktionen\/"}]}},"_links":{"self":[{"href":"https:\/\/lightweb.dev\/l\/svm-temp\/wp-json\/wp\/v2\/posts\/5384","targetHints":{"allow":["GET"]}}],"collection":[{"href":"https:\/\/lightweb.dev\/l\/svm-temp\/wp-json\/wp\/v2\/posts"}],"about":[{"href":"https:\/\/lightweb.dev\/l\/svm-temp\/wp-json\/wp\/v2\/types\/post"}],"author":[{"embeddable":true,"href":"https:\/\/lightweb.dev\/l\/svm-temp\/wp-json\/wp\/v2\/users\/8"}],"replies":[{"embeddable":true,"href":"https:\/\/lightweb.dev\/l\/svm-temp\/wp-json\/wp\/v2\/comments?post=5384"}],"version-history":[{"count":0,"href":"https:\/\/lightweb.dev\/l\/svm-temp\/wp-json\/wp\/v2\/posts\/5384\/revisions"}],"wp:featuredmedia":[{"embeddable":true,"href":"https:\/\/lightweb.dev\/l\/svm-temp\/wp-json\/wp\/v2\/media\/5385"}],"wp:attachment":[{"href":"https:\/\/lightweb.dev\/l\/svm-temp\/wp-json\/wp\/v2\/media?parent=5384"}],"wp:term":[{"taxonomy":"category","embeddable":true,"href":"https:\/\/lightweb.dev\/l\/svm-temp\/wp-json\/wp\/v2\/categories?post=5384"},{"taxonomy":"post_tag","embeddable":true,"href":"https:\/\/lightweb.dev\/l\/svm-temp\/wp-json\/wp\/v2\/tags?post=5384"}],"curies":[{"name":"wp","href":"https:\/\/api.w.org\/{rel}","templated":true}]}}