{"id":5398,"date":"2014-09-22T00:00:00","date_gmt":"2014-09-21T22:00:00","guid":{"rendered":"https:\/\/lightweb.dev\/l\/svm-temp\/tankar-efter-en-varm-och-skon-sommar-i-granslandet\/"},"modified":"2014-09-22T00:00:00","modified_gmt":"2014-09-21T22:00:00","slug":"tankar-efter-en-varm-och-skon-sommar-i-granslandet","status":"publish","type":"post","link":"https:\/\/lightweb.dev\/l\/svm-temp\/artiklar\/tankar-efter-en-varm-och-skon-sommar-i-granslandet\/","title":{"rendered":"Tankar efter en varm och sk\u00f6n sommar i gr\u00e4nslandet"},"content":{"rendered":"<p> T\u00e4nk vad bra vi har som f\u00e5r vara i detta Paradis &#8211; Costa del Sol och njuta av sk\u00f6n v\u00e4rme och salta bad n\u00e4stan \u00e5ret runt. Men sommaren \u00e4r ju h\u00f6jdpunkten. F\u00f6r oss som bor i Gr\u00e4nslandet\/Ingenmanslandet mellan Fuengirola och Mijas har den h\u00e4r sommaren varit speciell. Vi har f\u00e5tt HUNDAR. T\u00e4nk vad fiffigt av b\u00e4gge kommunerna att placera hundbadet s\u00e5 l\u00e5ngt fr\u00e5n alla andra i kommunen och l\u00e5ta oss gr\u00e4nsbor f\u00e5 njuta av hundlivet och se och m\u00f6ta alla lyckliga, ansvarsfulla hund\u00e4gare. Och hundarna &#8211; frisl\u00e4ppta, ystra och glada att pl\u00f6tsligt f\u00e5  uppf\u00f6ra sig utan h\u00e4mningar och tills\u00e4gelser fr\u00e5n husse och matte.  Och det l\u00e5ngt innan man kommit fram till sitt omr\u00e5de.<\/p>\n<p>Att v\u00e4nta med att sl\u00e4ppa hunden fr\u00e5n (det ibland helt saknade) kopplet tills man n\u00e5tt den funktionsdugliga inh\u00e4gnaden \u00e4r ju helt on\u00f6digt. Och v\u00e4l d\u00e4r s\u00e5 blev det \u00e4nnu roligare f\u00f6r hunden. M\u00e4ngder av kompisar att jaga, sl\u00e5ss och leka med allt under glada skall medan husse och matte i lugn och ro kunde \u00e4gna sig \u00e5t annat som mobilen eller djupa samtal om hunduppfostran.<\/p>\n<p>N\u00e4r hunden sedan ville ha uppm\u00e4rksamhet s\u00e5 var det ju enkelt att kasta en boll ut i havet, g\u00e4rna utanf\u00f6r omr\u00e5det s\u00e5 vi andra ocks\u00e5 skulle f\u00e5 gl\u00e4djas \u00e5t hur duktig hunden var. Eller ocks\u00e5 \u00e4nnu b\u00e4ttre &#8211; kasta den l\u00e4ngs med stranden, ofta ut fr\u00e5n omr\u00e5det s\u00e5 att flera av de nyfunna kompisarna fick jaga varandra och bollen bland  lekande barn, utlagda filtar och matkorgar. Efter all denna lek och motion s\u00e5 f\u00f6rst\u00e5r man ju att hunden beh\u00f6vde &#8221;l\u00e4tta p\u00e5 trycket&#8221; b\u00e5de i fast och flytande form. Flytande blev  det fasta eftersom det i bland l\u00e4mnades i vattenbrynet och snabbt f\u00f6rdes ut av v\u00e5gorna innan en eventuellt observant \u00e4gare hann . fram med sin p\u00e5se. Ja, ja.<\/p>\n<p>Tack Fuengirola och Mijas.<\/p>\n<p>Ett litet tips: F\u00f6rl\u00e4ng staketen s\u00e5 att de g\u00e5r ut i vattnet och s\u00e4tt en grind vid ing\u00e5ngen. Den del av staketet som g\u00e5r ut i vattnet kan ju tagas bort efter s\u00e4songen.<br \/>\nDet \u00e4r ju inte alla kommuner som \u00e4r s\u00e5 framsynta som Fuengirola och Mijas s\u00e5 det finns ju \u00e4n s\u00e5 l\u00e4nge inte s\u00e5 m\u00e5ng hundbad. Det g\u00f6r att tillresandet fr\u00e5n andra orter \u00e4r stort. Men, som tur \u00e4r, det finns en n\u00e4ra parkering. Visserligen \u00e4r det ingen riktig parkering men det g\u00f6r ju friheten s\u00e5 mycket st\u00f6rre att placera sin bil d\u00e4r det finns en \u00f6ppen yta. Det kan ju inte hj\u00e4lpas att f\u00f6r den som kommer med till ex en rullstol  fr\u00e5n g\u00e5ngbron och vill fram till den fina strandpromenaden s\u00e5 \u00e4r det tyv\u00e4rr ofta stopp. Otur. Ja, ja. Ett tips: G\u00f6r f\u00e4rdigt strandpromenaden till g\u00e5ngbron med n\u00e5gon form av bel\u00e4ggning och om parkering skall till\u00e5tas, markera platserna s\u00e5 alla kan komma fram. Samtidigt \u00f6nskas belysning \u00e4ven p\u00e5 den delen f\u00f6r att undvika att trampa i det som oansvariga hund\u00e4gare l\u00e4mnat.<\/p>\n<p>Duschen p\u00e5 Fuengirolasidan \u00f6ppnas f\u00f6rst 11.30. Upplysningsvis kan n\u00e4mnas att redan tidigt p\u00e5 morgonen s\u00e5 \u00e4r det stor aktivitet p\u00e5 strandpromenaden och stranden. Man g\u00e5r, joggar och springer och skulle uppskatta att kunna duscha och\/eller spola av f\u00f6tterna. Men nej. Otur. D\u00e4remot kan de hund\u00e4gare som ocks\u00e5 \u00e4r tidigt ute anv\u00e4nda sin dusch p\u00e5 morgonen. Ja, ja.<\/p>\n<p>Efter att hundbadet kom till s\u00e5 har uthyrningen av solstolar sj\u00e4lvklart f\u00f6rsvunnit p\u00e5 Mijas-sidan. \u00c4ven den fina massage-anl\u00e4ggningen. Otur. Dessutom har ju stranden f\u00f6r icke hund\u00e4gare minskat betydligt och d\u00e4r har v\u00e4drets makter  hj\u00e4lpt till. Tidigare kunde man g\u00e5 en bra bit l\u00e4ngre v\u00e4ster ut men den delen av stranden har inte \u00e5terst\u00e4llts. Men Mijas har ju andra, fina str\u00e4nder s\u00e5 det h\u00e4r lilla som finns duger v\u00e4l \u00e5t folket i gr\u00e4nslandet. Ja, ja.<\/p>\n<p>Fuengirola och Mijas har ju i det h\u00e4r omr\u00e5det ett fint samarbete, \u00e5tminstone n\u00e4r det g\u00e4ller stranden och hundarna. Ett annat gemensamt projekt \u00e4r Camino de la Ponderosa. Gatan som g\u00e5r upp mellan Campingen och BP-macken fr\u00e5n A7. Om man nu kan kalla den gata. Vi i gr\u00e4nslandet skall v\u00e4l vara tacksamma att det inte \u00e4r en grusv\u00e4g. Att det bildas stora h\u00e5l och gr\u00f6pper det m\u00e5ste man ju r\u00e4kna med. Att det tar m\u00e5nader innan det lagas lite provisoriskt \u00e4r ju sj\u00e4lvklart. Det \u00e4r ju s\u00e5 m\u00e5nga andra gator i centrum som beh\u00f6ver gr\u00e4vas upp och f\u00e5 ny bel\u00e4ggning och palmkantade promenader. S\u00e5 det h\u00e4r duger v\u00e4l \u00e5t folket i gr\u00e4nslandet. Det \u00e4r ju v\u00e5rt eget fel. Vi har ju sj\u00e4lva valt att bo h\u00e4r.  Och s\u00e5 ser ju inte s\u00e5 m\u00e5nga turister den usla gatan. Ja,ja.<\/p>\n<p>Ett tips: G\u00f6r n\u00e5got radikalt. Ny bel\u00e4ggning p\u00e5 hela gatan &#8211; inte bara en mycket d\u00e5lig lappning.<\/p>\n<p>Varma h\u00e4lsningar<br \/>\nBengt Bergstr\u00f6m <\/p>\n","protected":false},"excerpt":{"rendered":"<p>T\u00e4nk vad bra vi har som f\u00e5r vara i detta Paradis &#8211; Costa del Sol och njuta av sk\u00f6n v\u00e4rme och salta bad n\u00e4stan \u00e5ret runt. Men sommaren \u00e4r ju h\u00f6jdpunkten. F\u00f6r oss som bor i Gr\u00e4nslandet\/Ingenmanslandet mellan Fuengirola och Mijas har den h\u00e4r sommaren varit speciell. Vi har f\u00e5tt HUNDAR. T\u00e4nk vad fiffigt av [&hellip;]<\/p>\n","protected":false},"author":8,"featured_media":5399,"comment_status":"open","ping_status":"open","sticky":false,"template":"","format":"standard","meta":{"_et_pb_use_builder":"","_et_pb_old_content":"","_et_gb_content_width":"","footnotes":""},"categories":[396,4],"tags":[],"class_list":["post-5398","post","type-post","status-publish","format-standard","has-post-thumbnail","hentry","category-arkiv-artiklar","category-artiklar"],"yoast_head":"<!-- This site is optimized with the Yoast SEO Premium plugin v26.2 (Yoast SEO v27.4) - https:\/\/yoast.com\/product\/yoast-seo-premium-wordpress\/ -->\n<title>Tankar efter en varm och sk\u00f6n sommar i gr\u00e4nslandet - Svenska Magasinet<\/title>\n<meta name=\"robots\" content=\"noindex, follow, max-snippet:-1, max-image-preview:large, max-video-preview:-1\" \/>\n<meta property=\"og:locale\" content=\"sv_SE\" \/>\n<meta property=\"og:type\" content=\"article\" \/>\n<meta property=\"og:title\" content=\"Tankar efter en varm och sk\u00f6n sommar i gr\u00e4nslandet\" \/>\n<meta property=\"og:description\" content=\"T\u00e4nk vad bra vi har som f\u00e5r vara i detta Paradis &#8211; Costa del Sol och njuta av sk\u00f6n v\u00e4rme och salta bad n\u00e4stan \u00e5ret runt. Men sommaren \u00e4r ju h\u00f6jdpunkten. F\u00f6r oss som bor i Gr\u00e4nslandet\/Ingenmanslandet mellan Fuengirola och Mijas har den h\u00e4r sommaren varit speciell. Vi har f\u00e5tt HUNDAR. T\u00e4nk vad fiffigt av [&hellip;]\" \/>\n<meta property=\"og:url\" content=\"https:\/\/lightweb.dev\/l\/svm-temp\/artiklar\/tankar-efter-en-varm-och-skon-sommar-i-granslandet\/\" \/>\n<meta property=\"og:site_name\" content=\"Svenska Magasinet\" \/>\n<meta property=\"article:publisher\" content=\"https:\/\/www.facebook.com\/svenskamagasinet\" \/>\n<meta property=\"article:published_time\" content=\"2014-09-21T22:00:00+00:00\" \/>\n<meta property=\"og:image\" content=\"https:\/\/lightweb.dev\/l\/svm-temp\/wp-content\/uploads\/2022\/04\/tankar-efter-en-varm-och-skn-sommar-i-grnslandet.png\" \/>\n\t<meta property=\"og:image:width\" content=\"306\" \/>\n\t<meta property=\"og:image:height\" content=\"200\" \/>\n\t<meta property=\"og:image:type\" content=\"image\/png\" \/>\n<meta name=\"author\" content=\"Redaktionen SvM\" \/>\n<meta name=\"twitter:card\" content=\"summary_large_image\" \/>\n<meta name=\"twitter:creator\" content=\"@SvenskaMagasine\" \/>\n<meta name=\"twitter:site\" content=\"@SvenskaMagasine\" \/>\n<script type=\"application\/ld+json\" class=\"yoast-schema-graph\">{\"@context\":\"https:\\\/\\\/schema.org\",\"@graph\":[{\"@type\":\"Article\",\"@id\":\"https:\\\/\\\/lightweb.dev\\\/l\\\/svm-temp\\\/artiklar\\\/tankar-efter-en-varm-och-skon-sommar-i-granslandet\\\/#article\",\"isPartOf\":{\"@id\":\"https:\\\/\\\/lightweb.dev\\\/l\\\/svm-temp\\\/artiklar\\\/tankar-efter-en-varm-och-skon-sommar-i-granslandet\\\/\"},\"author\":{\"name\":\"Redaktionen SvM\",\"@id\":\"https:\\\/\\\/lightweb.dev\\\/l\\\/svm-temp\\\/#\\\/schema\\\/person\\\/206a3bda5b607b0c25e1749191e4d837\"},\"headline\":\"Tankar efter en varm och sk\u00f6n sommar i gr\u00e4nslandet\",\"datePublished\":\"2014-09-21T22:00:00+00:00\",\"mainEntityOfPage\":{\"@id\":\"https:\\\/\\\/lightweb.dev\\\/l\\\/svm-temp\\\/artiklar\\\/tankar-efter-en-varm-och-skon-sommar-i-granslandet\\\/\"},\"wordCount\":916,\"commentCount\":0,\"publisher\":{\"@id\":\"https:\\\/\\\/lightweb.dev\\\/l\\\/svm-temp\\\/#organization\"},\"image\":{\"@id\":\"https:\\\/\\\/lightweb.dev\\\/l\\\/svm-temp\\\/artiklar\\\/tankar-efter-en-varm-och-skon-sommar-i-granslandet\\\/#primaryimage\"},\"thumbnailUrl\":\"https:\\\/\\\/lightweb.dev\\\/l\\\/svm-temp\\\/wp-content\\\/uploads\\\/2022\\\/04\\\/tankar-efter-en-varm-och-skn-sommar-i-grnslandet.png\",\"articleSection\":[\"Arkiv\",\"Artiklar\"],\"inLanguage\":\"sv-SE\"},{\"@type\":\"WebPage\",\"@id\":\"https:\\\/\\\/lightweb.dev\\\/l\\\/svm-temp\\\/artiklar\\\/tankar-efter-en-varm-och-skon-sommar-i-granslandet\\\/\",\"url\":\"https:\\\/\\\/lightweb.dev\\\/l\\\/svm-temp\\\/artiklar\\\/tankar-efter-en-varm-och-skon-sommar-i-granslandet\\\/\",\"name\":\"Tankar efter en varm och sk\u00f6n sommar i gr\u00e4nslandet - Svenska Magasinet\",\"isPartOf\":{\"@id\":\"https:\\\/\\\/lightweb.dev\\\/l\\\/svm-temp\\\/#website\"},\"primaryImageOfPage\":{\"@id\":\"https:\\\/\\\/lightweb.dev\\\/l\\\/svm-temp\\\/artiklar\\\/tankar-efter-en-varm-och-skon-sommar-i-granslandet\\\/#primaryimage\"},\"image\":{\"@id\":\"https:\\\/\\\/lightweb.dev\\\/l\\\/svm-temp\\\/artiklar\\\/tankar-efter-en-varm-och-skon-sommar-i-granslandet\\\/#primaryimage\"},\"thumbnailUrl\":\"https:\\\/\\\/lightweb.dev\\\/l\\\/svm-temp\\\/wp-content\\\/uploads\\\/2022\\\/04\\\/tankar-efter-en-varm-och-skn-sommar-i-grnslandet.png\",\"datePublished\":\"2014-09-21T22:00:00+00:00\",\"breadcrumb\":{\"@id\":\"https:\\\/\\\/lightweb.dev\\\/l\\\/svm-temp\\\/artiklar\\\/tankar-efter-en-varm-och-skon-sommar-i-granslandet\\\/#breadcrumb\"},\"inLanguage\":\"sv-SE\",\"potentialAction\":[{\"@type\":\"ReadAction\",\"target\":[\"https:\\\/\\\/lightweb.dev\\\/l\\\/svm-temp\\\/artiklar\\\/tankar-efter-en-varm-och-skon-sommar-i-granslandet\\\/\"]}]},{\"@type\":\"ImageObject\",\"inLanguage\":\"sv-SE\",\"@id\":\"https:\\\/\\\/lightweb.dev\\\/l\\\/svm-temp\\\/artiklar\\\/tankar-efter-en-varm-och-skon-sommar-i-granslandet\\\/#primaryimage\",\"url\":\"https:\\\/\\\/lightweb.dev\\\/l\\\/svm-temp\\\/wp-content\\\/uploads\\\/2022\\\/04\\\/tankar-efter-en-varm-och-skn-sommar-i-grnslandet.png\",\"contentUrl\":\"https:\\\/\\\/lightweb.dev\\\/l\\\/svm-temp\\\/wp-content\\\/uploads\\\/2022\\\/04\\\/tankar-efter-en-varm-och-skn-sommar-i-grnslandet.png\",\"width\":306,\"height\":200},{\"@type\":\"BreadcrumbList\",\"@id\":\"https:\\\/\\\/lightweb.dev\\\/l\\\/svm-temp\\\/artiklar\\\/tankar-efter-en-varm-och-skon-sommar-i-granslandet\\\/#breadcrumb\",\"itemListElement\":[{\"@type\":\"ListItem\",\"position\":1,\"name\":\"Hem\",\"item\":\"https:\\\/\\\/lightweb.dev\\\/l\\\/svm-temp\\\/\"},{\"@type\":\"ListItem\",\"position\":2,\"name\":\"Tankar efter en varm och sk\u00f6n sommar i gr\u00e4nslandet\"}]},{\"@type\":\"WebSite\",\"@id\":\"https:\\\/\\\/lightweb.dev\\\/l\\\/svm-temp\\\/#website\",\"url\":\"https:\\\/\\\/lightweb.dev\\\/l\\\/svm-temp\\\/\",\"name\":\"Svenska Magasinet\",\"description\":\"Dina Spanska nyheter p&aring; Svenska\",\"publisher\":{\"@id\":\"https:\\\/\\\/lightweb.dev\\\/l\\\/svm-temp\\\/#organization\"},\"potentialAction\":[{\"@type\":\"SearchAction\",\"target\":{\"@type\":\"EntryPoint\",\"urlTemplate\":\"https:\\\/\\\/lightweb.dev\\\/l\\\/svm-temp\\\/?s={search_term_string}\"},\"query-input\":{\"@type\":\"PropertyValueSpecification\",\"valueRequired\":true,\"valueName\":\"search_term_string\"}}],\"inLanguage\":\"sv-SE\"},{\"@type\":\"Organization\",\"@id\":\"https:\\\/\\\/lightweb.dev\\\/l\\\/svm-temp\\\/#organization\",\"name\":\"Melkerson y Nott SL\",\"alternateName\":\"Svenska Magasinet\",\"url\":\"https:\\\/\\\/lightweb.dev\\\/l\\\/svm-temp\\\/\",\"logo\":{\"@type\":\"ImageObject\",\"inLanguage\":\"sv-SE\",\"@id\":\"https:\\\/\\\/lightweb.dev\\\/l\\\/svm-temp\\\/#\\\/schema\\\/logo\\\/image\\\/\",\"url\":\"https:\\\/\\\/lightweb.dev\\\/l\\\/svm-temp\\\/wp-content\\\/uploads\\\/2025\\\/02\\\/SvM-logo-Xtra-Centrerad-SVART.png\",\"contentUrl\":\"https:\\\/\\\/lightweb.dev\\\/l\\\/svm-temp\\\/wp-content\\\/uploads\\\/2025\\\/02\\\/SvM-logo-Xtra-Centrerad-SVART.png\",\"width\":300,\"height\":99,\"caption\":\"Melkerson y Nott SL\"},\"image\":{\"@id\":\"https:\\\/\\\/lightweb.dev\\\/l\\\/svm-temp\\\/#\\\/schema\\\/logo\\\/image\\\/\"},\"sameAs\":[\"https:\\\/\\\/www.facebook.com\\\/svenskamagasinet\",\"https:\\\/\\\/x.com\\\/SvenskaMagasine\"]},{\"@type\":\"Person\",\"@id\":\"https:\\\/\\\/lightweb.dev\\\/l\\\/svm-temp\\\/#\\\/schema\\\/person\\\/206a3bda5b607b0c25e1749191e4d837\",\"name\":\"Redaktionen SvM\",\"description\":\"Redaktionen\",\"sameAs\":[\"https:\\\/\\\/lightweb.dev\\\/l\\\/svm-temp\"],\"url\":\"https:\\\/\\\/lightweb.dev\\\/l\\\/svm-temp\\\/reporter\\\/redaktionen\\\/\"}]}<\/script>\n<!-- \/ Yoast SEO Premium plugin. -->","yoast_head_json":{"title":"Tankar efter en varm och sk\u00f6n sommar i gr\u00e4nslandet - Svenska Magasinet","robots":{"index":"noindex","follow":"follow","max-snippet":"max-snippet:-1","max-image-preview":"max-image-preview:large","max-video-preview":"max-video-preview:-1"},"og_locale":"sv_SE","og_type":"article","og_title":"Tankar efter en varm och sk\u00f6n sommar i gr\u00e4nslandet","og_description":"T\u00e4nk vad bra vi har som f\u00e5r vara i detta Paradis &#8211; Costa del Sol och njuta av sk\u00f6n v\u00e4rme och salta bad n\u00e4stan \u00e5ret runt. Men sommaren \u00e4r ju h\u00f6jdpunkten. F\u00f6r oss som bor i Gr\u00e4nslandet\/Ingenmanslandet mellan Fuengirola och Mijas har den h\u00e4r sommaren varit speciell. Vi har f\u00e5tt HUNDAR. T\u00e4nk vad fiffigt av [&hellip;]","og_url":"https:\/\/lightweb.dev\/l\/svm-temp\/artiklar\/tankar-efter-en-varm-och-skon-sommar-i-granslandet\/","og_site_name":"Svenska Magasinet","article_publisher":"https:\/\/www.facebook.com\/svenskamagasinet","article_published_time":"2014-09-21T22:00:00+00:00","og_image":[{"width":306,"height":200,"url":"https:\/\/lightweb.dev\/l\/svm-temp\/wp-content\/uploads\/2022\/04\/tankar-efter-en-varm-och-skn-sommar-i-grnslandet.png","type":"image\/png"}],"author":"Redaktionen SvM","twitter_card":"summary_large_image","twitter_creator":"@SvenskaMagasine","twitter_site":"@SvenskaMagasine","schema":{"@context":"https:\/\/schema.org","@graph":[{"@type":"Article","@id":"https:\/\/lightweb.dev\/l\/svm-temp\/artiklar\/tankar-efter-en-varm-och-skon-sommar-i-granslandet\/#article","isPartOf":{"@id":"https:\/\/lightweb.dev\/l\/svm-temp\/artiklar\/tankar-efter-en-varm-och-skon-sommar-i-granslandet\/"},"author":{"name":"Redaktionen SvM","@id":"https:\/\/lightweb.dev\/l\/svm-temp\/#\/schema\/person\/206a3bda5b607b0c25e1749191e4d837"},"headline":"Tankar efter en varm och sk\u00f6n sommar i gr\u00e4nslandet","datePublished":"2014-09-21T22:00:00+00:00","mainEntityOfPage":{"@id":"https:\/\/lightweb.dev\/l\/svm-temp\/artiklar\/tankar-efter-en-varm-och-skon-sommar-i-granslandet\/"},"wordCount":916,"commentCount":0,"publisher":{"@id":"https:\/\/lightweb.dev\/l\/svm-temp\/#organization"},"image":{"@id":"https:\/\/lightweb.dev\/l\/svm-temp\/artiklar\/tankar-efter-en-varm-och-skon-sommar-i-granslandet\/#primaryimage"},"thumbnailUrl":"https:\/\/lightweb.dev\/l\/svm-temp\/wp-content\/uploads\/2022\/04\/tankar-efter-en-varm-och-skn-sommar-i-grnslandet.png","articleSection":["Arkiv","Artiklar"],"inLanguage":"sv-SE"},{"@type":"WebPage","@id":"https:\/\/lightweb.dev\/l\/svm-temp\/artiklar\/tankar-efter-en-varm-och-skon-sommar-i-granslandet\/","url":"https:\/\/lightweb.dev\/l\/svm-temp\/artiklar\/tankar-efter-en-varm-och-skon-sommar-i-granslandet\/","name":"Tankar efter en varm och sk\u00f6n sommar i gr\u00e4nslandet - Svenska Magasinet","isPartOf":{"@id":"https:\/\/lightweb.dev\/l\/svm-temp\/#website"},"primaryImageOfPage":{"@id":"https:\/\/lightweb.dev\/l\/svm-temp\/artiklar\/tankar-efter-en-varm-och-skon-sommar-i-granslandet\/#primaryimage"},"image":{"@id":"https:\/\/lightweb.dev\/l\/svm-temp\/artiklar\/tankar-efter-en-varm-och-skon-sommar-i-granslandet\/#primaryimage"},"thumbnailUrl":"https:\/\/lightweb.dev\/l\/svm-temp\/wp-content\/uploads\/2022\/04\/tankar-efter-en-varm-och-skn-sommar-i-grnslandet.png","datePublished":"2014-09-21T22:00:00+00:00","breadcrumb":{"@id":"https:\/\/lightweb.dev\/l\/svm-temp\/artiklar\/tankar-efter-en-varm-och-skon-sommar-i-granslandet\/#breadcrumb"},"inLanguage":"sv-SE","potentialAction":[{"@type":"ReadAction","target":["https:\/\/lightweb.dev\/l\/svm-temp\/artiklar\/tankar-efter-en-varm-och-skon-sommar-i-granslandet\/"]}]},{"@type":"ImageObject","inLanguage":"sv-SE","@id":"https:\/\/lightweb.dev\/l\/svm-temp\/artiklar\/tankar-efter-en-varm-och-skon-sommar-i-granslandet\/#primaryimage","url":"https:\/\/lightweb.dev\/l\/svm-temp\/wp-content\/uploads\/2022\/04\/tankar-efter-en-varm-och-skn-sommar-i-grnslandet.png","contentUrl":"https:\/\/lightweb.dev\/l\/svm-temp\/wp-content\/uploads\/2022\/04\/tankar-efter-en-varm-och-skn-sommar-i-grnslandet.png","width":306,"height":200},{"@type":"BreadcrumbList","@id":"https:\/\/lightweb.dev\/l\/svm-temp\/artiklar\/tankar-efter-en-varm-och-skon-sommar-i-granslandet\/#breadcrumb","itemListElement":[{"@type":"ListItem","position":1,"name":"Hem","item":"https:\/\/lightweb.dev\/l\/svm-temp\/"},{"@type":"ListItem","position":2,"name":"Tankar efter en varm och sk\u00f6n sommar i gr\u00e4nslandet"}]},{"@type":"WebSite","@id":"https:\/\/lightweb.dev\/l\/svm-temp\/#website","url":"https:\/\/lightweb.dev\/l\/svm-temp\/","name":"Svenska Magasinet","description":"Dina Spanska nyheter p&aring; Svenska","publisher":{"@id":"https:\/\/lightweb.dev\/l\/svm-temp\/#organization"},"potentialAction":[{"@type":"SearchAction","target":{"@type":"EntryPoint","urlTemplate":"https:\/\/lightweb.dev\/l\/svm-temp\/?s={search_term_string}"},"query-input":{"@type":"PropertyValueSpecification","valueRequired":true,"valueName":"search_term_string"}}],"inLanguage":"sv-SE"},{"@type":"Organization","@id":"https:\/\/lightweb.dev\/l\/svm-temp\/#organization","name":"Melkerson y Nott SL","alternateName":"Svenska Magasinet","url":"https:\/\/lightweb.dev\/l\/svm-temp\/","logo":{"@type":"ImageObject","inLanguage":"sv-SE","@id":"https:\/\/lightweb.dev\/l\/svm-temp\/#\/schema\/logo\/image\/","url":"https:\/\/lightweb.dev\/l\/svm-temp\/wp-content\/uploads\/2025\/02\/SvM-logo-Xtra-Centrerad-SVART.png","contentUrl":"https:\/\/lightweb.dev\/l\/svm-temp\/wp-content\/uploads\/2025\/02\/SvM-logo-Xtra-Centrerad-SVART.png","width":300,"height":99,"caption":"Melkerson y Nott SL"},"image":{"@id":"https:\/\/lightweb.dev\/l\/svm-temp\/#\/schema\/logo\/image\/"},"sameAs":["https:\/\/www.facebook.com\/svenskamagasinet","https:\/\/x.com\/SvenskaMagasine"]},{"@type":"Person","@id":"https:\/\/lightweb.dev\/l\/svm-temp\/#\/schema\/person\/206a3bda5b607b0c25e1749191e4d837","name":"Redaktionen SvM","description":"Redaktionen","sameAs":["https:\/\/lightweb.dev\/l\/svm-temp"],"url":"https:\/\/lightweb.dev\/l\/svm-temp\/reporter\/redaktionen\/"}]}},"_links":{"self":[{"href":"https:\/\/lightweb.dev\/l\/svm-temp\/wp-json\/wp\/v2\/posts\/5398","targetHints":{"allow":["GET"]}}],"collection":[{"href":"https:\/\/lightweb.dev\/l\/svm-temp\/wp-json\/wp\/v2\/posts"}],"about":[{"href":"https:\/\/lightweb.dev\/l\/svm-temp\/wp-json\/wp\/v2\/types\/post"}],"author":[{"embeddable":true,"href":"https:\/\/lightweb.dev\/l\/svm-temp\/wp-json\/wp\/v2\/users\/8"}],"replies":[{"embeddable":true,"href":"https:\/\/lightweb.dev\/l\/svm-temp\/wp-json\/wp\/v2\/comments?post=5398"}],"version-history":[{"count":0,"href":"https:\/\/lightweb.dev\/l\/svm-temp\/wp-json\/wp\/v2\/posts\/5398\/revisions"}],"wp:featuredmedia":[{"embeddable":true,"href":"https:\/\/lightweb.dev\/l\/svm-temp\/wp-json\/wp\/v2\/media\/5399"}],"wp:attachment":[{"href":"https:\/\/lightweb.dev\/l\/svm-temp\/wp-json\/wp\/v2\/media?parent=5398"}],"wp:term":[{"taxonomy":"category","embeddable":true,"href":"https:\/\/lightweb.dev\/l\/svm-temp\/wp-json\/wp\/v2\/categories?post=5398"},{"taxonomy":"post_tag","embeddable":true,"href":"https:\/\/lightweb.dev\/l\/svm-temp\/wp-json\/wp\/v2\/tags?post=5398"}],"curies":[{"name":"wp","href":"https:\/\/api.w.org\/{rel}","templated":true}]}}