{"id":5400,"date":"2014-09-11T00:00:00","date_gmt":"2014-09-10T22:00:00","guid":{"rendered":"https:\/\/lightweb.dev\/l\/svm-temp\/advokatspalten-kan-jag-ta-med-mitt-aktiebolag-till-spanien\/"},"modified":"2014-09-11T00:00:00","modified_gmt":"2014-09-10T22:00:00","slug":"advokatspalten-kan-jag-ta-med-mitt-aktiebolag-till-spanien","status":"publish","type":"post","link":"https:\/\/lightweb.dev\/l\/svm-temp\/artiklar\/advokatspalten-kan-jag-ta-med-mitt-aktiebolag-till-spanien\/","title":{"rendered":"Advokatspalten: &#8221;Kan jag ta med mitt aktiebolag till Spanien?&#8221;"},"content":{"rendered":"<p> Jag \u00e4r idag bosatt i Sverige och har de senaste \u00e5ren arbetat en del som IT-konsult och fakturerat det via mitt aktiebolag. Nu har jag tr\u00f6ttnat p\u00e5 det svenska klimatet och flyttar med familjen till Solkusten. Kan jag i flytten \u00e4ven ta med mitt aktiebolag till Spanien? Av Jonas Nordgren, bitr\u00e4dande jurist vid Advokatfirman G\u00f6ran Rise<\/p>\n<p>Tack f\u00f6r din fr\u00e5ga. Inom EU g\u00e4ller fri r\u00f6rlighet f\u00f6r varor, kapital och tj\u00e4nster. Det \u00e4r det som g\u00f6r att svenska medborgare kan flytta, till exempel, till Spanien utan att ans\u00f6ka om s\u00e4rskilt tillst\u00e5nd f\u00f6r detta.<\/p>\n<p>Fri r\u00f6rlighet omfattar inte bara fysiska personer utan \u00e4ven bolag. EU har skapat en s\u00e4rskild form av bolag som till sin konstruktion skall vara \u201dl\u00e4tta\u201d att flytta mellan medlemsstaterna, ett s\u00e5 kallat \u201dEU-aktiebolag\u201d. Det finns \u00e4ven EU-lagstiftning som till\u00e5ter fusion av bolag fr\u00e5n olika medlemsstater, vilket g\u00f6r att man i praktiken kan flytta ett bolag fr\u00e5n en medlemsstat till en annan.<\/p>\n<p>EU-domstolen har i det s.k. Cartesio-m\u00e5let i ett obiter dictum uttalat sig om till\u00e5tligheten f\u00f6r en medlemsstat att hindra ett bolag att emigrera till en annan medlemsstat. Domstolen konstaterade att en medlemsstat som hindrar ett bolag fr\u00e5n att emigrera till en annan medlemsstat bryter mot EU-r\u00e4tten.<\/p>\n<p>Detta blir intressant i aktuellt fall en\u00e4r svensk bolagsr\u00e4tt idag inte till\u00e5ter att ett bolag emigrerar fr\u00e5n Sverige, och sett i ljuset av domstolens uttalande strider detta mot EU-r\u00e4tten. Spansk r\u00e4tt har emellertid en annan uppfattning om ett bolags m\u00f6jligheter att flytta och till\u00e5ter att ett bolag immigrerar till Spanien. I samband med immigrationen av ett bolag till Spanien skall det utl\u00e4ndska bolaget omvandlas till sin spanska motsvarighet, det vill s\u00e4ga ett SA eller ett SL.<\/p>\n<p>Du har r\u00e4tt att flytta med Ditt aktiebolag till Spanien, men i nul\u00e4get torde en ren flytt av aktiebolaget vara en teoretisk m\u00f6jlighet. Praktiskt sett finns det flera alternativ till hur Du kan g\u00e5 till v\u00e4ga, inte minst f\u00f6r att vara kostnadseffektiv. Ett alternativ kan till exempel vara att likvidera det svenska aktiebolaget och stifta ett nytt spanskt bolag.<\/p>\n<p>Vi kan givetvis hj\u00e4lpa Dig med att b\u00e5de likvidera det svenska aktiebolaget och att stifta ett nytt spanskt bolag. Du \u00e4r v\u00e4lkommen att kontakta oss f\u00f6r ett f\u00f6rsta m\u00f6te.<\/p>\n","protected":false},"excerpt":{"rendered":"<p>Jag \u00e4r idag bosatt i Sverige och har de senaste \u00e5ren arbetat en del som IT-konsult och fakturerat det via mitt aktiebolag. Nu har jag tr\u00f6ttnat p\u00e5 det svenska klimatet och flyttar med familjen till Solkusten. Kan jag i flytten \u00e4ven ta med mitt aktiebolag till Spanien? Av Jonas Nordgren, bitr\u00e4dande jurist vid Advokatfirman G\u00f6ran [&hellip;]<\/p>\n","protected":false},"author":8,"featured_media":5401,"comment_status":"open","ping_status":"open","sticky":false,"template":"","format":"standard","meta":{"_et_pb_use_builder":"","_et_pb_old_content":"","_et_gb_content_width":"","footnotes":""},"categories":[396,4],"tags":[],"class_list":["post-5400","post","type-post","status-publish","format-standard","has-post-thumbnail","hentry","category-arkiv-artiklar","category-artiklar"],"yoast_head":"<!-- This site is optimized with the Yoast SEO Premium plugin v26.2 (Yoast SEO v27.4) - https:\/\/yoast.com\/product\/yoast-seo-premium-wordpress\/ -->\n<title>Advokatspalten: &quot;Kan jag ta med mitt aktiebolag till Spanien?&quot; - Svenska Magasinet<\/title>\n<meta name=\"robots\" content=\"noindex, follow, max-snippet:-1, max-image-preview:large, max-video-preview:-1\" \/>\n<meta property=\"og:locale\" content=\"sv_SE\" \/>\n<meta property=\"og:type\" content=\"article\" \/>\n<meta property=\"og:title\" content=\"Advokatspalten: &quot;Kan jag ta med mitt aktiebolag till Spanien?&quot;\" \/>\n<meta property=\"og:description\" content=\"Jag \u00e4r idag bosatt i Sverige och har de senaste \u00e5ren arbetat en del som IT-konsult och fakturerat det via mitt aktiebolag. Nu har jag tr\u00f6ttnat p\u00e5 det svenska klimatet och flyttar med familjen till Solkusten. Kan jag i flytten \u00e4ven ta med mitt aktiebolag till Spanien? Av Jonas Nordgren, bitr\u00e4dande jurist vid Advokatfirman G\u00f6ran [&hellip;]\" \/>\n<meta property=\"og:url\" content=\"https:\/\/lightweb.dev\/l\/svm-temp\/artiklar\/advokatspalten-kan-jag-ta-med-mitt-aktiebolag-till-spanien\/\" \/>\n<meta property=\"og:site_name\" content=\"Svenska Magasinet\" \/>\n<meta property=\"article:publisher\" content=\"https:\/\/www.facebook.com\/svenskamagasinet\" \/>\n<meta property=\"article:published_time\" content=\"2014-09-10T22:00:00+00:00\" \/>\n<meta property=\"og:image\" content=\"https:\/\/lightweb.dev\/l\/svm-temp\/wp-content\/uploads\/2022\/04\/advokatspalten-kan-jag-ta-med-mitt-aktiebolag-till-spanien.png\" \/>\n\t<meta property=\"og:image:width\" content=\"280\" \/>\n\t<meta property=\"og:image:height\" content=\"396\" \/>\n\t<meta property=\"og:image:type\" content=\"image\/png\" \/>\n<meta name=\"author\" content=\"Redaktionen SvM\" \/>\n<meta name=\"twitter:card\" content=\"summary_large_image\" \/>\n<meta name=\"twitter:creator\" content=\"@SvenskaMagasine\" \/>\n<meta name=\"twitter:site\" content=\"@SvenskaMagasine\" \/>\n<script type=\"application\/ld+json\" class=\"yoast-schema-graph\">{\"@context\":\"https:\\\/\\\/schema.org\",\"@graph\":[{\"@type\":\"Article\",\"@id\":\"https:\\\/\\\/lightweb.dev\\\/l\\\/svm-temp\\\/artiklar\\\/advokatspalten-kan-jag-ta-med-mitt-aktiebolag-till-spanien\\\/#article\",\"isPartOf\":{\"@id\":\"https:\\\/\\\/lightweb.dev\\\/l\\\/svm-temp\\\/artiklar\\\/advokatspalten-kan-jag-ta-med-mitt-aktiebolag-till-spanien\\\/\"},\"author\":{\"name\":\"Redaktionen SvM\",\"@id\":\"https:\\\/\\\/lightweb.dev\\\/l\\\/svm-temp\\\/#\\\/schema\\\/person\\\/206a3bda5b607b0c25e1749191e4d837\"},\"headline\":\"Advokatspalten: &#8221;Kan jag ta med mitt aktiebolag till Spanien?&#8221;\",\"datePublished\":\"2014-09-10T22:00:00+00:00\",\"mainEntityOfPage\":{\"@id\":\"https:\\\/\\\/lightweb.dev\\\/l\\\/svm-temp\\\/artiklar\\\/advokatspalten-kan-jag-ta-med-mitt-aktiebolag-till-spanien\\\/\"},\"wordCount\":420,\"commentCount\":0,\"publisher\":{\"@id\":\"https:\\\/\\\/lightweb.dev\\\/l\\\/svm-temp\\\/#organization\"},\"image\":{\"@id\":\"https:\\\/\\\/lightweb.dev\\\/l\\\/svm-temp\\\/artiklar\\\/advokatspalten-kan-jag-ta-med-mitt-aktiebolag-till-spanien\\\/#primaryimage\"},\"thumbnailUrl\":\"https:\\\/\\\/lightweb.dev\\\/l\\\/svm-temp\\\/wp-content\\\/uploads\\\/2022\\\/04\\\/advokatspalten-kan-jag-ta-med-mitt-aktiebolag-till-spanien.png\",\"articleSection\":[\"Arkiv\",\"Artiklar\"],\"inLanguage\":\"sv-SE\"},{\"@type\":\"WebPage\",\"@id\":\"https:\\\/\\\/lightweb.dev\\\/l\\\/svm-temp\\\/artiklar\\\/advokatspalten-kan-jag-ta-med-mitt-aktiebolag-till-spanien\\\/\",\"url\":\"https:\\\/\\\/lightweb.dev\\\/l\\\/svm-temp\\\/artiklar\\\/advokatspalten-kan-jag-ta-med-mitt-aktiebolag-till-spanien\\\/\",\"name\":\"Advokatspalten: \\\"Kan jag ta med mitt aktiebolag till Spanien?\\\" - Svenska Magasinet\",\"isPartOf\":{\"@id\":\"https:\\\/\\\/lightweb.dev\\\/l\\\/svm-temp\\\/#website\"},\"primaryImageOfPage\":{\"@id\":\"https:\\\/\\\/lightweb.dev\\\/l\\\/svm-temp\\\/artiklar\\\/advokatspalten-kan-jag-ta-med-mitt-aktiebolag-till-spanien\\\/#primaryimage\"},\"image\":{\"@id\":\"https:\\\/\\\/lightweb.dev\\\/l\\\/svm-temp\\\/artiklar\\\/advokatspalten-kan-jag-ta-med-mitt-aktiebolag-till-spanien\\\/#primaryimage\"},\"thumbnailUrl\":\"https:\\\/\\\/lightweb.dev\\\/l\\\/svm-temp\\\/wp-content\\\/uploads\\\/2022\\\/04\\\/advokatspalten-kan-jag-ta-med-mitt-aktiebolag-till-spanien.png\",\"datePublished\":\"2014-09-10T22:00:00+00:00\",\"breadcrumb\":{\"@id\":\"https:\\\/\\\/lightweb.dev\\\/l\\\/svm-temp\\\/artiklar\\\/advokatspalten-kan-jag-ta-med-mitt-aktiebolag-till-spanien\\\/#breadcrumb\"},\"inLanguage\":\"sv-SE\",\"potentialAction\":[{\"@type\":\"ReadAction\",\"target\":[\"https:\\\/\\\/lightweb.dev\\\/l\\\/svm-temp\\\/artiklar\\\/advokatspalten-kan-jag-ta-med-mitt-aktiebolag-till-spanien\\\/\"]}]},{\"@type\":\"ImageObject\",\"inLanguage\":\"sv-SE\",\"@id\":\"https:\\\/\\\/lightweb.dev\\\/l\\\/svm-temp\\\/artiklar\\\/advokatspalten-kan-jag-ta-med-mitt-aktiebolag-till-spanien\\\/#primaryimage\",\"url\":\"https:\\\/\\\/lightweb.dev\\\/l\\\/svm-temp\\\/wp-content\\\/uploads\\\/2022\\\/04\\\/advokatspalten-kan-jag-ta-med-mitt-aktiebolag-till-spanien.png\",\"contentUrl\":\"https:\\\/\\\/lightweb.dev\\\/l\\\/svm-temp\\\/wp-content\\\/uploads\\\/2022\\\/04\\\/advokatspalten-kan-jag-ta-med-mitt-aktiebolag-till-spanien.png\",\"width\":280,\"height\":396},{\"@type\":\"BreadcrumbList\",\"@id\":\"https:\\\/\\\/lightweb.dev\\\/l\\\/svm-temp\\\/artiklar\\\/advokatspalten-kan-jag-ta-med-mitt-aktiebolag-till-spanien\\\/#breadcrumb\",\"itemListElement\":[{\"@type\":\"ListItem\",\"position\":1,\"name\":\"Hem\",\"item\":\"https:\\\/\\\/lightweb.dev\\\/l\\\/svm-temp\\\/\"},{\"@type\":\"ListItem\",\"position\":2,\"name\":\"Advokatspalten: &#8221;Kan jag ta med mitt aktiebolag till Spanien?&#8221;\"}]},{\"@type\":\"WebSite\",\"@id\":\"https:\\\/\\\/lightweb.dev\\\/l\\\/svm-temp\\\/#website\",\"url\":\"https:\\\/\\\/lightweb.dev\\\/l\\\/svm-temp\\\/\",\"name\":\"Svenska Magasinet\",\"description\":\"Dina Spanska nyheter p&aring; Svenska\",\"publisher\":{\"@id\":\"https:\\\/\\\/lightweb.dev\\\/l\\\/svm-temp\\\/#organization\"},\"potentialAction\":[{\"@type\":\"SearchAction\",\"target\":{\"@type\":\"EntryPoint\",\"urlTemplate\":\"https:\\\/\\\/lightweb.dev\\\/l\\\/svm-temp\\\/?s={search_term_string}\"},\"query-input\":{\"@type\":\"PropertyValueSpecification\",\"valueRequired\":true,\"valueName\":\"search_term_string\"}}],\"inLanguage\":\"sv-SE\"},{\"@type\":\"Organization\",\"@id\":\"https:\\\/\\\/lightweb.dev\\\/l\\\/svm-temp\\\/#organization\",\"name\":\"Melkerson y Nott SL\",\"alternateName\":\"Svenska Magasinet\",\"url\":\"https:\\\/\\\/lightweb.dev\\\/l\\\/svm-temp\\\/\",\"logo\":{\"@type\":\"ImageObject\",\"inLanguage\":\"sv-SE\",\"@id\":\"https:\\\/\\\/lightweb.dev\\\/l\\\/svm-temp\\\/#\\\/schema\\\/logo\\\/image\\\/\",\"url\":\"https:\\\/\\\/lightweb.dev\\\/l\\\/svm-temp\\\/wp-content\\\/uploads\\\/2025\\\/02\\\/SvM-logo-Xtra-Centrerad-SVART.png\",\"contentUrl\":\"https:\\\/\\\/lightweb.dev\\\/l\\\/svm-temp\\\/wp-content\\\/uploads\\\/2025\\\/02\\\/SvM-logo-Xtra-Centrerad-SVART.png\",\"width\":300,\"height\":99,\"caption\":\"Melkerson y Nott SL\"},\"image\":{\"@id\":\"https:\\\/\\\/lightweb.dev\\\/l\\\/svm-temp\\\/#\\\/schema\\\/logo\\\/image\\\/\"},\"sameAs\":[\"https:\\\/\\\/www.facebook.com\\\/svenskamagasinet\",\"https:\\\/\\\/x.com\\\/SvenskaMagasine\"]},{\"@type\":\"Person\",\"@id\":\"https:\\\/\\\/lightweb.dev\\\/l\\\/svm-temp\\\/#\\\/schema\\\/person\\\/206a3bda5b607b0c25e1749191e4d837\",\"name\":\"Redaktionen SvM\",\"description\":\"Redaktionen\",\"sameAs\":[\"https:\\\/\\\/lightweb.dev\\\/l\\\/svm-temp\"],\"url\":\"https:\\\/\\\/lightweb.dev\\\/l\\\/svm-temp\\\/reporter\\\/redaktionen\\\/\"}]}<\/script>\n<!-- \/ Yoast SEO Premium plugin. -->","yoast_head_json":{"title":"Advokatspalten: \"Kan jag ta med mitt aktiebolag till Spanien?\" - Svenska Magasinet","robots":{"index":"noindex","follow":"follow","max-snippet":"max-snippet:-1","max-image-preview":"max-image-preview:large","max-video-preview":"max-video-preview:-1"},"og_locale":"sv_SE","og_type":"article","og_title":"Advokatspalten: \"Kan jag ta med mitt aktiebolag till Spanien?\"","og_description":"Jag \u00e4r idag bosatt i Sverige och har de senaste \u00e5ren arbetat en del som IT-konsult och fakturerat det via mitt aktiebolag. Nu har jag tr\u00f6ttnat p\u00e5 det svenska klimatet och flyttar med familjen till Solkusten. Kan jag i flytten \u00e4ven ta med mitt aktiebolag till Spanien? Av Jonas Nordgren, bitr\u00e4dande jurist vid Advokatfirman G\u00f6ran [&hellip;]","og_url":"https:\/\/lightweb.dev\/l\/svm-temp\/artiklar\/advokatspalten-kan-jag-ta-med-mitt-aktiebolag-till-spanien\/","og_site_name":"Svenska Magasinet","article_publisher":"https:\/\/www.facebook.com\/svenskamagasinet","article_published_time":"2014-09-10T22:00:00+00:00","og_image":[{"width":280,"height":396,"url":"https:\/\/lightweb.dev\/l\/svm-temp\/wp-content\/uploads\/2022\/04\/advokatspalten-kan-jag-ta-med-mitt-aktiebolag-till-spanien.png","type":"image\/png"}],"author":"Redaktionen SvM","twitter_card":"summary_large_image","twitter_creator":"@SvenskaMagasine","twitter_site":"@SvenskaMagasine","schema":{"@context":"https:\/\/schema.org","@graph":[{"@type":"Article","@id":"https:\/\/lightweb.dev\/l\/svm-temp\/artiklar\/advokatspalten-kan-jag-ta-med-mitt-aktiebolag-till-spanien\/#article","isPartOf":{"@id":"https:\/\/lightweb.dev\/l\/svm-temp\/artiklar\/advokatspalten-kan-jag-ta-med-mitt-aktiebolag-till-spanien\/"},"author":{"name":"Redaktionen SvM","@id":"https:\/\/lightweb.dev\/l\/svm-temp\/#\/schema\/person\/206a3bda5b607b0c25e1749191e4d837"},"headline":"Advokatspalten: &#8221;Kan jag ta med mitt aktiebolag till Spanien?&#8221;","datePublished":"2014-09-10T22:00:00+00:00","mainEntityOfPage":{"@id":"https:\/\/lightweb.dev\/l\/svm-temp\/artiklar\/advokatspalten-kan-jag-ta-med-mitt-aktiebolag-till-spanien\/"},"wordCount":420,"commentCount":0,"publisher":{"@id":"https:\/\/lightweb.dev\/l\/svm-temp\/#organization"},"image":{"@id":"https:\/\/lightweb.dev\/l\/svm-temp\/artiklar\/advokatspalten-kan-jag-ta-med-mitt-aktiebolag-till-spanien\/#primaryimage"},"thumbnailUrl":"https:\/\/lightweb.dev\/l\/svm-temp\/wp-content\/uploads\/2022\/04\/advokatspalten-kan-jag-ta-med-mitt-aktiebolag-till-spanien.png","articleSection":["Arkiv","Artiklar"],"inLanguage":"sv-SE"},{"@type":"WebPage","@id":"https:\/\/lightweb.dev\/l\/svm-temp\/artiklar\/advokatspalten-kan-jag-ta-med-mitt-aktiebolag-till-spanien\/","url":"https:\/\/lightweb.dev\/l\/svm-temp\/artiklar\/advokatspalten-kan-jag-ta-med-mitt-aktiebolag-till-spanien\/","name":"Advokatspalten: \"Kan jag ta med mitt aktiebolag till Spanien?\" - Svenska Magasinet","isPartOf":{"@id":"https:\/\/lightweb.dev\/l\/svm-temp\/#website"},"primaryImageOfPage":{"@id":"https:\/\/lightweb.dev\/l\/svm-temp\/artiklar\/advokatspalten-kan-jag-ta-med-mitt-aktiebolag-till-spanien\/#primaryimage"},"image":{"@id":"https:\/\/lightweb.dev\/l\/svm-temp\/artiklar\/advokatspalten-kan-jag-ta-med-mitt-aktiebolag-till-spanien\/#primaryimage"},"thumbnailUrl":"https:\/\/lightweb.dev\/l\/svm-temp\/wp-content\/uploads\/2022\/04\/advokatspalten-kan-jag-ta-med-mitt-aktiebolag-till-spanien.png","datePublished":"2014-09-10T22:00:00+00:00","breadcrumb":{"@id":"https:\/\/lightweb.dev\/l\/svm-temp\/artiklar\/advokatspalten-kan-jag-ta-med-mitt-aktiebolag-till-spanien\/#breadcrumb"},"inLanguage":"sv-SE","potentialAction":[{"@type":"ReadAction","target":["https:\/\/lightweb.dev\/l\/svm-temp\/artiklar\/advokatspalten-kan-jag-ta-med-mitt-aktiebolag-till-spanien\/"]}]},{"@type":"ImageObject","inLanguage":"sv-SE","@id":"https:\/\/lightweb.dev\/l\/svm-temp\/artiklar\/advokatspalten-kan-jag-ta-med-mitt-aktiebolag-till-spanien\/#primaryimage","url":"https:\/\/lightweb.dev\/l\/svm-temp\/wp-content\/uploads\/2022\/04\/advokatspalten-kan-jag-ta-med-mitt-aktiebolag-till-spanien.png","contentUrl":"https:\/\/lightweb.dev\/l\/svm-temp\/wp-content\/uploads\/2022\/04\/advokatspalten-kan-jag-ta-med-mitt-aktiebolag-till-spanien.png","width":280,"height":396},{"@type":"BreadcrumbList","@id":"https:\/\/lightweb.dev\/l\/svm-temp\/artiklar\/advokatspalten-kan-jag-ta-med-mitt-aktiebolag-till-spanien\/#breadcrumb","itemListElement":[{"@type":"ListItem","position":1,"name":"Hem","item":"https:\/\/lightweb.dev\/l\/svm-temp\/"},{"@type":"ListItem","position":2,"name":"Advokatspalten: &#8221;Kan jag ta med mitt aktiebolag till Spanien?&#8221;"}]},{"@type":"WebSite","@id":"https:\/\/lightweb.dev\/l\/svm-temp\/#website","url":"https:\/\/lightweb.dev\/l\/svm-temp\/","name":"Svenska Magasinet","description":"Dina Spanska nyheter p&aring; Svenska","publisher":{"@id":"https:\/\/lightweb.dev\/l\/svm-temp\/#organization"},"potentialAction":[{"@type":"SearchAction","target":{"@type":"EntryPoint","urlTemplate":"https:\/\/lightweb.dev\/l\/svm-temp\/?s={search_term_string}"},"query-input":{"@type":"PropertyValueSpecification","valueRequired":true,"valueName":"search_term_string"}}],"inLanguage":"sv-SE"},{"@type":"Organization","@id":"https:\/\/lightweb.dev\/l\/svm-temp\/#organization","name":"Melkerson y Nott SL","alternateName":"Svenska Magasinet","url":"https:\/\/lightweb.dev\/l\/svm-temp\/","logo":{"@type":"ImageObject","inLanguage":"sv-SE","@id":"https:\/\/lightweb.dev\/l\/svm-temp\/#\/schema\/logo\/image\/","url":"https:\/\/lightweb.dev\/l\/svm-temp\/wp-content\/uploads\/2025\/02\/SvM-logo-Xtra-Centrerad-SVART.png","contentUrl":"https:\/\/lightweb.dev\/l\/svm-temp\/wp-content\/uploads\/2025\/02\/SvM-logo-Xtra-Centrerad-SVART.png","width":300,"height":99,"caption":"Melkerson y Nott SL"},"image":{"@id":"https:\/\/lightweb.dev\/l\/svm-temp\/#\/schema\/logo\/image\/"},"sameAs":["https:\/\/www.facebook.com\/svenskamagasinet","https:\/\/x.com\/SvenskaMagasine"]},{"@type":"Person","@id":"https:\/\/lightweb.dev\/l\/svm-temp\/#\/schema\/person\/206a3bda5b607b0c25e1749191e4d837","name":"Redaktionen SvM","description":"Redaktionen","sameAs":["https:\/\/lightweb.dev\/l\/svm-temp"],"url":"https:\/\/lightweb.dev\/l\/svm-temp\/reporter\/redaktionen\/"}]}},"_links":{"self":[{"href":"https:\/\/lightweb.dev\/l\/svm-temp\/wp-json\/wp\/v2\/posts\/5400","targetHints":{"allow":["GET"]}}],"collection":[{"href":"https:\/\/lightweb.dev\/l\/svm-temp\/wp-json\/wp\/v2\/posts"}],"about":[{"href":"https:\/\/lightweb.dev\/l\/svm-temp\/wp-json\/wp\/v2\/types\/post"}],"author":[{"embeddable":true,"href":"https:\/\/lightweb.dev\/l\/svm-temp\/wp-json\/wp\/v2\/users\/8"}],"replies":[{"embeddable":true,"href":"https:\/\/lightweb.dev\/l\/svm-temp\/wp-json\/wp\/v2\/comments?post=5400"}],"version-history":[{"count":0,"href":"https:\/\/lightweb.dev\/l\/svm-temp\/wp-json\/wp\/v2\/posts\/5400\/revisions"}],"wp:featuredmedia":[{"embeddable":true,"href":"https:\/\/lightweb.dev\/l\/svm-temp\/wp-json\/wp\/v2\/media\/5401"}],"wp:attachment":[{"href":"https:\/\/lightweb.dev\/l\/svm-temp\/wp-json\/wp\/v2\/media?parent=5400"}],"wp:term":[{"taxonomy":"category","embeddable":true,"href":"https:\/\/lightweb.dev\/l\/svm-temp\/wp-json\/wp\/v2\/categories?post=5400"},{"taxonomy":"post_tag","embeddable":true,"href":"https:\/\/lightweb.dev\/l\/svm-temp\/wp-json\/wp\/v2\/tags?post=5400"}],"curies":[{"name":"wp","href":"https:\/\/api.w.org\/{rel}","templated":true}]}}