{"id":5410,"date":"2014-09-11T00:00:00","date_gmt":"2014-09-10T22:00:00","guid":{"rendered":"https:\/\/lightweb.dev\/l\/svm-temp\/forebygg-och-lindra-artros-hos-din-hund\/"},"modified":"2014-09-11T00:00:00","modified_gmt":"2014-09-10T22:00:00","slug":"forebygg-och-lindra-artros-hos-din-hund","status":"publish","type":"post","link":"https:\/\/lightweb.dev\/l\/svm-temp\/artiklar\/forebygg-och-lindra-artros-hos-din-hund\/","title":{"rendered":"F\u00f6rebygg och lindra artros hos din hund!"},"content":{"rendered":"<p> Hundartros \u00e4r en lika vanlig som pl\u00e5gsam sjukdom. Men du kan g\u00f6ra mycket f\u00f6r att lindra din hunds besv\u00e4r. Artros g\u00e5r dessutom att f\u00f6rebygga. Artros \u00e4r det vanligaste ledproblemet hos hundar.  Sjukdomen f\u00f6r\u00e4ndrar vardagen inte bara f\u00f6r hunden utan f\u00f6r hela omgivningen, som nu har en mer eller mindre handikappad individ att ta h\u00e4nsyn till. Framf\u00f6r allt n\u00e5got \u00e4ldre hundar drabbas, och man skulle kunna beskriva artros som en f\u00f6ljdsjukdom. Sj\u00e4lva artrosen \u00e4r en kronisk inflammation som i grunden oftast beror p\u00e5 att brosket i leden skadats. Sk\u00e4let till det kan vara olika saker.<\/p>\n<p>Det man kan s\u00e4ga om onormala leder \u00e4r att de \u00e4r medf\u00f6dda, vilket i sig inte betyder att hunden f\u00f6ds sjuk. Den f\u00f6ds d\u00e4remot med en \u00f6kad risk att utveckla ledproblem. Men ocks\u00e5 hundar som f\u00f6ds med perfekta leder kan drabbas av ledskador som orsakar artros.<\/p>\n<p>En fraktur eller annan skada efter en sm\u00e4ll eller ett fall, ett sticks\u00e5r eller en infektion kan skada ursprungligt normala leder. Att st\u00e4ndigt b\u00e4ra p\u00e5 extravikt ger en \u00f6kad belastning som \u00e4r skadlig f\u00f6r lederna. Dessutom \u00e4r det viktigt att h\u00e5lla hunden i god fysisk form. V\u00e4lutvecklade muskler stabiliserar och st\u00f6der runt lederna.<\/p>\n<p>Artros utvecklas allts\u00e5 av en skada p\u00e5 leden, som kroppen f\u00f6rs\u00f6ker l\u00e4ka. Den bygger p\u00e5 med benceller f\u00f6r att kompensera ett oj\u00e4mnt tryck i leden. Men det \u00e4r ett bygge som \u00e4r d\u00f6mt att misslyckas. Blodfl\u00f6det \u00f6kar i or\u00e5det och en arm\u00e9 av bland annat vita blodkroppar dirigeras dit f\u00f6r att ta hand om skadan.<\/p>\n<p>Problemet \u00e4r att det g\u00f6r ont och att immunf\u00f6rsvaret tar p\u00e5 sig en om\u00f6jlig uppgift. Eftersom kapitulation inte finns inprogrammerat s\u00e5 fortg\u00e5r f\u00f6rsvarsreaktionen utan att lyckas: Inflammationen blir kronisk.<\/p>\n<p>Och det \u00e4r d\u00e5 hunden kommer till oss, n\u00e4r den har f\u00e5tt ont i s\u00e5 h\u00f6g grad att det m\u00e4rks i r\u00f6relser och beteende. D\u00e5 kan processen ha p\u00e5g\u00e5tt under l\u00e5ng tid. Beroende p\u00e5 vad unders\u00f6kningen visar g\u00f6r man en plan f\u00f6r att lindra sm\u00e4rta och d\u00e4mpa inflammation. Operativa ingrepp g\u00f6rs ibland och d\u00e5 oftast med artroskopi, en metod som inneb\u00e4r att leden inte beh\u00f6ver \u00f6ppnas helt. <\/p>\n<p>B\u00e5de unders\u00f6kning och ingrepp g\u00f6rs genom sm\u00e5 h\u00e5l. Den medicinska behandlingen mot sm\u00e4rta och inflammation kompletteras ofta med uppbyggande l\u00e4kemedel f\u00f6r att st\u00e4rka brosket och ledv\u00e4tskan. Det kan vara medel som ges direkt i leden, men vissa kan ocks\u00e5 ges som kosttillskott eller specialfoder. En annan viktig del i behandlingen \u00e4r rehabilitering.<\/p>\n<p>Av Nazli Pointer Veterinary Clinic<br \/>\nTel 952 804 165 info@pointerclinic.com<br \/>\nDu hittar kliniken vid Rio El Padron,<br \/>\nstrax \u00f6ster om Estepona och n\u00e4ra ridskolan.<br \/>\nVi pratar svenska!<\/p>\n","protected":false},"excerpt":{"rendered":"<p>Hundartros \u00e4r en lika vanlig som pl\u00e5gsam sjukdom. Men du kan g\u00f6ra mycket f\u00f6r att lindra din hunds besv\u00e4r. Artros g\u00e5r dessutom att f\u00f6rebygga. Artros \u00e4r det vanligaste ledproblemet hos hundar. Sjukdomen f\u00f6r\u00e4ndrar vardagen inte bara f\u00f6r hunden utan f\u00f6r hela omgivningen, som nu har en mer eller mindre handikappad individ att ta h\u00e4nsyn till. [&hellip;]<\/p>\n","protected":false},"author":8,"featured_media":0,"comment_status":"open","ping_status":"open","sticky":false,"template":"","format":"standard","meta":{"_et_pb_use_builder":"","_et_pb_old_content":"","_et_gb_content_width":"","footnotes":""},"categories":[396,4],"tags":[],"class_list":["post-5410","post","type-post","status-publish","format-standard","hentry","category-arkiv-artiklar","category-artiklar"],"yoast_head":"<!-- This site is optimized with the Yoast SEO Premium plugin v26.2 (Yoast SEO v27.4) - https:\/\/yoast.com\/product\/yoast-seo-premium-wordpress\/ -->\n<title>F\u00f6rebygg och lindra artros hos din hund! - Svenska Magasinet<\/title>\n<meta name=\"robots\" content=\"noindex, follow, max-snippet:-1, max-image-preview:large, max-video-preview:-1\" \/>\n<meta property=\"og:locale\" content=\"sv_SE\" \/>\n<meta property=\"og:type\" content=\"article\" \/>\n<meta property=\"og:title\" content=\"F\u00f6rebygg och lindra artros hos din hund!\" \/>\n<meta property=\"og:description\" content=\"Hundartros \u00e4r en lika vanlig som pl\u00e5gsam sjukdom. Men du kan g\u00f6ra mycket f\u00f6r att lindra din hunds besv\u00e4r. Artros g\u00e5r dessutom att f\u00f6rebygga. Artros \u00e4r det vanligaste ledproblemet hos hundar. Sjukdomen f\u00f6r\u00e4ndrar vardagen inte bara f\u00f6r hunden utan f\u00f6r hela omgivningen, som nu har en mer eller mindre handikappad individ att ta h\u00e4nsyn till. [&hellip;]\" \/>\n<meta property=\"og:url\" content=\"https:\/\/lightweb.dev\/l\/svm-temp\/artiklar\/forebygg-och-lindra-artros-hos-din-hund\/\" \/>\n<meta property=\"og:site_name\" content=\"Svenska Magasinet\" \/>\n<meta property=\"article:publisher\" content=\"https:\/\/www.facebook.com\/svenskamagasinet\" \/>\n<meta property=\"article:published_time\" content=\"2014-09-10T22:00:00+00:00\" \/>\n<meta name=\"author\" content=\"Redaktionen SvM\" \/>\n<meta name=\"twitter:card\" content=\"summary_large_image\" \/>\n<meta name=\"twitter:creator\" content=\"@SvenskaMagasine\" \/>\n<meta name=\"twitter:site\" content=\"@SvenskaMagasine\" \/>\n<script type=\"application\/ld+json\" class=\"yoast-schema-graph\">{\"@context\":\"https:\\\/\\\/schema.org\",\"@graph\":[{\"@type\":\"Article\",\"@id\":\"https:\\\/\\\/lightweb.dev\\\/l\\\/svm-temp\\\/artiklar\\\/forebygg-och-lindra-artros-hos-din-hund\\\/#article\",\"isPartOf\":{\"@id\":\"https:\\\/\\\/lightweb.dev\\\/l\\\/svm-temp\\\/artiklar\\\/forebygg-och-lindra-artros-hos-din-hund\\\/\"},\"author\":{\"name\":\"Redaktionen SvM\",\"@id\":\"https:\\\/\\\/lightweb.dev\\\/l\\\/svm-temp\\\/#\\\/schema\\\/person\\\/206a3bda5b607b0c25e1749191e4d837\"},\"headline\":\"F\u00f6rebygg och lindra artros hos din hund!\",\"datePublished\":\"2014-09-10T22:00:00+00:00\",\"mainEntityOfPage\":{\"@id\":\"https:\\\/\\\/lightweb.dev\\\/l\\\/svm-temp\\\/artiklar\\\/forebygg-och-lindra-artros-hos-din-hund\\\/\"},\"wordCount\":500,\"commentCount\":0,\"publisher\":{\"@id\":\"https:\\\/\\\/lightweb.dev\\\/l\\\/svm-temp\\\/#organization\"},\"articleSection\":[\"Arkiv\",\"Artiklar\"],\"inLanguage\":\"sv-SE\"},{\"@type\":\"WebPage\",\"@id\":\"https:\\\/\\\/lightweb.dev\\\/l\\\/svm-temp\\\/artiklar\\\/forebygg-och-lindra-artros-hos-din-hund\\\/\",\"url\":\"https:\\\/\\\/lightweb.dev\\\/l\\\/svm-temp\\\/artiklar\\\/forebygg-och-lindra-artros-hos-din-hund\\\/\",\"name\":\"F\u00f6rebygg och lindra artros hos din hund! - Svenska Magasinet\",\"isPartOf\":{\"@id\":\"https:\\\/\\\/lightweb.dev\\\/l\\\/svm-temp\\\/#website\"},\"datePublished\":\"2014-09-10T22:00:00+00:00\",\"breadcrumb\":{\"@id\":\"https:\\\/\\\/lightweb.dev\\\/l\\\/svm-temp\\\/artiklar\\\/forebygg-och-lindra-artros-hos-din-hund\\\/#breadcrumb\"},\"inLanguage\":\"sv-SE\",\"potentialAction\":[{\"@type\":\"ReadAction\",\"target\":[\"https:\\\/\\\/lightweb.dev\\\/l\\\/svm-temp\\\/artiklar\\\/forebygg-och-lindra-artros-hos-din-hund\\\/\"]}]},{\"@type\":\"BreadcrumbList\",\"@id\":\"https:\\\/\\\/lightweb.dev\\\/l\\\/svm-temp\\\/artiklar\\\/forebygg-och-lindra-artros-hos-din-hund\\\/#breadcrumb\",\"itemListElement\":[{\"@type\":\"ListItem\",\"position\":1,\"name\":\"Hem\",\"item\":\"https:\\\/\\\/lightweb.dev\\\/l\\\/svm-temp\\\/\"},{\"@type\":\"ListItem\",\"position\":2,\"name\":\"F\u00f6rebygg och lindra artros hos din hund!\"}]},{\"@type\":\"WebSite\",\"@id\":\"https:\\\/\\\/lightweb.dev\\\/l\\\/svm-temp\\\/#website\",\"url\":\"https:\\\/\\\/lightweb.dev\\\/l\\\/svm-temp\\\/\",\"name\":\"Svenska Magasinet\",\"description\":\"Dina Spanska nyheter p&aring; Svenska\",\"publisher\":{\"@id\":\"https:\\\/\\\/lightweb.dev\\\/l\\\/svm-temp\\\/#organization\"},\"potentialAction\":[{\"@type\":\"SearchAction\",\"target\":{\"@type\":\"EntryPoint\",\"urlTemplate\":\"https:\\\/\\\/lightweb.dev\\\/l\\\/svm-temp\\\/?s={search_term_string}\"},\"query-input\":{\"@type\":\"PropertyValueSpecification\",\"valueRequired\":true,\"valueName\":\"search_term_string\"}}],\"inLanguage\":\"sv-SE\"},{\"@type\":\"Organization\",\"@id\":\"https:\\\/\\\/lightweb.dev\\\/l\\\/svm-temp\\\/#organization\",\"name\":\"Melkerson y Nott SL\",\"alternateName\":\"Svenska Magasinet\",\"url\":\"https:\\\/\\\/lightweb.dev\\\/l\\\/svm-temp\\\/\",\"logo\":{\"@type\":\"ImageObject\",\"inLanguage\":\"sv-SE\",\"@id\":\"https:\\\/\\\/lightweb.dev\\\/l\\\/svm-temp\\\/#\\\/schema\\\/logo\\\/image\\\/\",\"url\":\"https:\\\/\\\/lightweb.dev\\\/l\\\/svm-temp\\\/wp-content\\\/uploads\\\/2025\\\/02\\\/SvM-logo-Xtra-Centrerad-SVART.png\",\"contentUrl\":\"https:\\\/\\\/lightweb.dev\\\/l\\\/svm-temp\\\/wp-content\\\/uploads\\\/2025\\\/02\\\/SvM-logo-Xtra-Centrerad-SVART.png\",\"width\":300,\"height\":99,\"caption\":\"Melkerson y Nott SL\"},\"image\":{\"@id\":\"https:\\\/\\\/lightweb.dev\\\/l\\\/svm-temp\\\/#\\\/schema\\\/logo\\\/image\\\/\"},\"sameAs\":[\"https:\\\/\\\/www.facebook.com\\\/svenskamagasinet\",\"https:\\\/\\\/x.com\\\/SvenskaMagasine\"]},{\"@type\":\"Person\",\"@id\":\"https:\\\/\\\/lightweb.dev\\\/l\\\/svm-temp\\\/#\\\/schema\\\/person\\\/206a3bda5b607b0c25e1749191e4d837\",\"name\":\"Redaktionen SvM\",\"description\":\"Redaktionen\",\"sameAs\":[\"https:\\\/\\\/lightweb.dev\\\/l\\\/svm-temp\"],\"url\":\"https:\\\/\\\/lightweb.dev\\\/l\\\/svm-temp\\\/reporter\\\/redaktionen\\\/\"}]}<\/script>\n<!-- \/ Yoast SEO Premium plugin. -->","yoast_head_json":{"title":"F\u00f6rebygg och lindra artros hos din hund! - Svenska Magasinet","robots":{"index":"noindex","follow":"follow","max-snippet":"max-snippet:-1","max-image-preview":"max-image-preview:large","max-video-preview":"max-video-preview:-1"},"og_locale":"sv_SE","og_type":"article","og_title":"F\u00f6rebygg och lindra artros hos din hund!","og_description":"Hundartros \u00e4r en lika vanlig som pl\u00e5gsam sjukdom. Men du kan g\u00f6ra mycket f\u00f6r att lindra din hunds besv\u00e4r. Artros g\u00e5r dessutom att f\u00f6rebygga. Artros \u00e4r det vanligaste ledproblemet hos hundar. Sjukdomen f\u00f6r\u00e4ndrar vardagen inte bara f\u00f6r hunden utan f\u00f6r hela omgivningen, som nu har en mer eller mindre handikappad individ att ta h\u00e4nsyn till. [&hellip;]","og_url":"https:\/\/lightweb.dev\/l\/svm-temp\/artiklar\/forebygg-och-lindra-artros-hos-din-hund\/","og_site_name":"Svenska Magasinet","article_publisher":"https:\/\/www.facebook.com\/svenskamagasinet","article_published_time":"2014-09-10T22:00:00+00:00","author":"Redaktionen SvM","twitter_card":"summary_large_image","twitter_creator":"@SvenskaMagasine","twitter_site":"@SvenskaMagasine","schema":{"@context":"https:\/\/schema.org","@graph":[{"@type":"Article","@id":"https:\/\/lightweb.dev\/l\/svm-temp\/artiklar\/forebygg-och-lindra-artros-hos-din-hund\/#article","isPartOf":{"@id":"https:\/\/lightweb.dev\/l\/svm-temp\/artiklar\/forebygg-och-lindra-artros-hos-din-hund\/"},"author":{"name":"Redaktionen SvM","@id":"https:\/\/lightweb.dev\/l\/svm-temp\/#\/schema\/person\/206a3bda5b607b0c25e1749191e4d837"},"headline":"F\u00f6rebygg och lindra artros hos din hund!","datePublished":"2014-09-10T22:00:00+00:00","mainEntityOfPage":{"@id":"https:\/\/lightweb.dev\/l\/svm-temp\/artiklar\/forebygg-och-lindra-artros-hos-din-hund\/"},"wordCount":500,"commentCount":0,"publisher":{"@id":"https:\/\/lightweb.dev\/l\/svm-temp\/#organization"},"articleSection":["Arkiv","Artiklar"],"inLanguage":"sv-SE"},{"@type":"WebPage","@id":"https:\/\/lightweb.dev\/l\/svm-temp\/artiklar\/forebygg-och-lindra-artros-hos-din-hund\/","url":"https:\/\/lightweb.dev\/l\/svm-temp\/artiklar\/forebygg-och-lindra-artros-hos-din-hund\/","name":"F\u00f6rebygg och lindra artros hos din hund! - Svenska Magasinet","isPartOf":{"@id":"https:\/\/lightweb.dev\/l\/svm-temp\/#website"},"datePublished":"2014-09-10T22:00:00+00:00","breadcrumb":{"@id":"https:\/\/lightweb.dev\/l\/svm-temp\/artiklar\/forebygg-och-lindra-artros-hos-din-hund\/#breadcrumb"},"inLanguage":"sv-SE","potentialAction":[{"@type":"ReadAction","target":["https:\/\/lightweb.dev\/l\/svm-temp\/artiklar\/forebygg-och-lindra-artros-hos-din-hund\/"]}]},{"@type":"BreadcrumbList","@id":"https:\/\/lightweb.dev\/l\/svm-temp\/artiklar\/forebygg-och-lindra-artros-hos-din-hund\/#breadcrumb","itemListElement":[{"@type":"ListItem","position":1,"name":"Hem","item":"https:\/\/lightweb.dev\/l\/svm-temp\/"},{"@type":"ListItem","position":2,"name":"F\u00f6rebygg och lindra artros hos din hund!"}]},{"@type":"WebSite","@id":"https:\/\/lightweb.dev\/l\/svm-temp\/#website","url":"https:\/\/lightweb.dev\/l\/svm-temp\/","name":"Svenska Magasinet","description":"Dina Spanska nyheter p&aring; Svenska","publisher":{"@id":"https:\/\/lightweb.dev\/l\/svm-temp\/#organization"},"potentialAction":[{"@type":"SearchAction","target":{"@type":"EntryPoint","urlTemplate":"https:\/\/lightweb.dev\/l\/svm-temp\/?s={search_term_string}"},"query-input":{"@type":"PropertyValueSpecification","valueRequired":true,"valueName":"search_term_string"}}],"inLanguage":"sv-SE"},{"@type":"Organization","@id":"https:\/\/lightweb.dev\/l\/svm-temp\/#organization","name":"Melkerson y Nott SL","alternateName":"Svenska Magasinet","url":"https:\/\/lightweb.dev\/l\/svm-temp\/","logo":{"@type":"ImageObject","inLanguage":"sv-SE","@id":"https:\/\/lightweb.dev\/l\/svm-temp\/#\/schema\/logo\/image\/","url":"https:\/\/lightweb.dev\/l\/svm-temp\/wp-content\/uploads\/2025\/02\/SvM-logo-Xtra-Centrerad-SVART.png","contentUrl":"https:\/\/lightweb.dev\/l\/svm-temp\/wp-content\/uploads\/2025\/02\/SvM-logo-Xtra-Centrerad-SVART.png","width":300,"height":99,"caption":"Melkerson y Nott SL"},"image":{"@id":"https:\/\/lightweb.dev\/l\/svm-temp\/#\/schema\/logo\/image\/"},"sameAs":["https:\/\/www.facebook.com\/svenskamagasinet","https:\/\/x.com\/SvenskaMagasine"]},{"@type":"Person","@id":"https:\/\/lightweb.dev\/l\/svm-temp\/#\/schema\/person\/206a3bda5b607b0c25e1749191e4d837","name":"Redaktionen SvM","description":"Redaktionen","sameAs":["https:\/\/lightweb.dev\/l\/svm-temp"],"url":"https:\/\/lightweb.dev\/l\/svm-temp\/reporter\/redaktionen\/"}]}},"_links":{"self":[{"href":"https:\/\/lightweb.dev\/l\/svm-temp\/wp-json\/wp\/v2\/posts\/5410","targetHints":{"allow":["GET"]}}],"collection":[{"href":"https:\/\/lightweb.dev\/l\/svm-temp\/wp-json\/wp\/v2\/posts"}],"about":[{"href":"https:\/\/lightweb.dev\/l\/svm-temp\/wp-json\/wp\/v2\/types\/post"}],"author":[{"embeddable":true,"href":"https:\/\/lightweb.dev\/l\/svm-temp\/wp-json\/wp\/v2\/users\/8"}],"replies":[{"embeddable":true,"href":"https:\/\/lightweb.dev\/l\/svm-temp\/wp-json\/wp\/v2\/comments?post=5410"}],"version-history":[{"count":0,"href":"https:\/\/lightweb.dev\/l\/svm-temp\/wp-json\/wp\/v2\/posts\/5410\/revisions"}],"wp:attachment":[{"href":"https:\/\/lightweb.dev\/l\/svm-temp\/wp-json\/wp\/v2\/media?parent=5410"}],"wp:term":[{"taxonomy":"category","embeddable":true,"href":"https:\/\/lightweb.dev\/l\/svm-temp\/wp-json\/wp\/v2\/categories?post=5410"},{"taxonomy":"post_tag","embeddable":true,"href":"https:\/\/lightweb.dev\/l\/svm-temp\/wp-json\/wp\/v2\/tags?post=5410"}],"curies":[{"name":"wp","href":"https:\/\/api.w.org\/{rel}","templated":true}]}}