{"id":5429,"date":"2014-09-10T00:00:00","date_gmt":"2014-09-09T22:00:00","guid":{"rendered":"https:\/\/lightweb.dev\/l\/svm-temp\/svenska-kyrkan-nysatsar-pa-costa-del-sol\/"},"modified":"2014-09-10T00:00:00","modified_gmt":"2014-09-09T22:00:00","slug":"svenska-kyrkan-nysatsar-pa-costa-del-sol","status":"publish","type":"post","link":"https:\/\/lightweb.dev\/l\/svm-temp\/artiklar\/svenska-kyrkan-nysatsar-pa-costa-del-sol\/","title":{"rendered":"Svenska kyrkan nysatsar p\u00e5 Costa del Sol"},"content":{"rendered":"<p> Svenska kyrkan kommer att f\u00f6rst\u00e4rka n\u00e4rvaron p\u00e5 Costa del Sol med en pr\u00e4st och en assistent. Tj\u00e4nsterna kommer att ha fokus p\u00e5 det sociala arbetet och f\u00f6r ungdomar. Det beskedet kom den 18 juni. I slutet p\u00e5 september ber\u00e4knas tj\u00e4nsterna vara tillsatta. Av Ola Josefsson<\/p>\n<p>Som Svenska Magasinet ber\u00e4ttade redan den 27 februari bes\u00f6kte representanter fr\u00e5n SKUT Costa del Sol f\u00f6r att se hur behoven har f\u00f6r\u00e4ndrats sedan 2011 d\u00e5 beslutet om nedl\u00e4ggning kom.<br \/>\n&#8211; SKUT-r\u00e5det vill ha information om l\u00e4get och av det sk\u00e4let bes\u00f6kte vi Fuengirola f\u00f6r att se vilket behov som finns. V\u00e5rt uppdrag \u00e4r att tillsammans med kyrkokommitt\u00e9n se \u00f6ver om behoven har f\u00f6r\u00e4ndrats. V\u00e5r rapport ska vi presentera f\u00f6r r\u00e5det, sa Anders Bergkvist till Svenska Magasinet den g\u00e5ngen.<\/p>\n<p>Det var den 20 februari 2011 som Svenska kyrkan tog beslutet att l\u00e5ta f\u00f6rsamlingen i Costa del Sol bli en del av pastoratet S\u00f6dra Spanien med kyrkoherden i Torrevieja som ansvarig. Verksamheten har sedan dess drivits av en kyrkokommitt\u00e9 och en grupp volont\u00e4rer. Nu g\u00f6r Svenska kyrkan en nysatsning i Costa del Sol f\u00f6r att m\u00f6ta det \u00f6kade behovet bland svenskarna.<br \/>\n&#8211; Vi ser markant \u00f6kade behov i Spanien och s\u00e4rskilt p\u00e5 Costa del Sol. Vi kommer att s\u00e4nda ut en pr\u00e4st och en assistent med diakonal inriktning. De uts\u00e4nda ska utveckla och f\u00f6rvalta arbetet tillsammans med de ideella som burit och b\u00e4r verksamheten p\u00e5 plats. Under de senaste \u00e5ren har ett \u00f6kat engagemang och ansvarstagande v\u00e4xt fram f\u00f6r Svenska kyrkan p\u00e5 Costa del Sol, s\u00e4ger Anders Bergkvist, chef f\u00f6r Svenska kyrkan i utlandet.<\/p>\n<p>Costa del Sol \u00e4r en stor svensk koloni med drygt 35.000 bofasta svenskar. I Spanien finns det n\u00e4rmare 90.000 svenskar. Svenskarna gjorde 13 miljoner utlandsresor under 2013 och Spanien \u00e4r det popul\u00e4raste resm\u00e5let med \u00f6ver 2 miljoner resor, en \u00f6kning med 8 procent fr\u00e5n f\u00f6reg\u00e5ende \u00e5r.<br \/>\n&#8211; Tillsammans med kyrkokommitt\u00e9n i Costa del Sol har vi samtalat om framtida utmaningar f\u00f6r Svenska kyrkan p\u00e5 Costa del Sol. Vi ser \u00f6kade behov av st\u00f6d till barn och unga samt de riktigt gamla i omr\u00e5det. En annan utmaning som v\u00e4ntar \u00e4r att ge st\u00f6d till hundratusentals turister i omr\u00e5det varje \u00e5r.<\/p>\n<p>\u00d6ver 350 svenska ungdomar studerar i omr\u00e5det och drygt 90.000 turister landar p\u00e5 flygplatsen i M\u00e1laga \u00e5rligen. En stor svensk skola finns i Fuengirola med 270 elever. Cirka 90 av dem \u00e4r inneboende i spanska familjer.<\/p>\n<p>Vid f\u00f6rsamlingen p\u00e5 Costa del Sol togs beskedet emot med stor gl\u00e4dje.<br \/>\n&#8211; Vi har hoppats, v\u00e4ntat och bett f\u00f6r det h\u00e4r, sa den sommarvikarierande pr\u00e4sten Ann-Sofi Fureg\u00e5rd Sandberg till Svenska Magasinet.<br \/>\nAnn-Sofi Fureg\u00e5rd Sandberg vikarierade bara under en m\u00e5nad. Hon betonar det stora arbete som m\u00e5nga frivilliga har visat.<br \/>\n&#8211; Ett fantastiskt arbete. Vi visar att det finns en framtidstro och en levande f\u00f6rsamling. Senaste s\u00f6ndagen var en helt vanlig s\u00f6ndag men vi var 30 p\u00e5 h\u00f6gm\u00e4ssan. Ett l\u00e5gt antal j\u00e4mf\u00f6rt med vad det brukar vara.<\/p>\n<p>SKUT har sedan sommaren utannonserat tj\u00e4nsterna som pr\u00e4st och assistent p\u00e5 Costa del Sol. Vid m\u00e5nadsskiftet augusti\/september p\u00e5gick anst\u00e4llningsprocessen.<br \/>\n&#8211; Vi h\u00e5ller p\u00e5 med anst\u00e4llningsprocessen och ber\u00e4knar att vara f\u00e4rdiga i slutet av september, s\u00e4ger Elna Wahlgren Lundqvist, ansvarig f\u00f6r rekryteringen av personal till Costa del Sol.<\/p>\n","protected":false},"excerpt":{"rendered":"<p>Svenska kyrkan kommer att f\u00f6rst\u00e4rka n\u00e4rvaron p\u00e5 Costa del Sol med en pr\u00e4st och en assistent. Tj\u00e4nsterna kommer att ha fokus p\u00e5 det sociala arbetet och f\u00f6r ungdomar. Det beskedet kom den 18 juni. I slutet p\u00e5 september ber\u00e4knas tj\u00e4nsterna vara tillsatta. Av Ola Josefsson Som Svenska Magasinet ber\u00e4ttade redan den 27 februari bes\u00f6kte representanter [&hellip;]<\/p>\n","protected":false},"author":8,"featured_media":5430,"comment_status":"open","ping_status":"open","sticky":false,"template":"","format":"standard","meta":{"_et_pb_use_builder":"","_et_pb_old_content":"","_et_gb_content_width":"","footnotes":""},"categories":[396,4],"tags":[],"class_list":["post-5429","post","type-post","status-publish","format-standard","has-post-thumbnail","hentry","category-arkiv-artiklar","category-artiklar"],"yoast_head":"<!-- This site is optimized with the Yoast SEO Premium plugin v26.2 (Yoast SEO v27.4) - https:\/\/yoast.com\/product\/yoast-seo-premium-wordpress\/ -->\n<title>Svenska kyrkan nysatsar p\u00e5 Costa del Sol - Svenska Magasinet<\/title>\n<meta name=\"robots\" content=\"noindex, follow, max-snippet:-1, max-image-preview:large, max-video-preview:-1\" \/>\n<meta property=\"og:locale\" content=\"sv_SE\" \/>\n<meta property=\"og:type\" content=\"article\" \/>\n<meta property=\"og:title\" content=\"Svenska kyrkan nysatsar p\u00e5 Costa del Sol\" \/>\n<meta property=\"og:description\" content=\"Svenska kyrkan kommer att f\u00f6rst\u00e4rka n\u00e4rvaron p\u00e5 Costa del Sol med en pr\u00e4st och en assistent. Tj\u00e4nsterna kommer att ha fokus p\u00e5 det sociala arbetet och f\u00f6r ungdomar. Det beskedet kom den 18 juni. I slutet p\u00e5 september ber\u00e4knas tj\u00e4nsterna vara tillsatta. Av Ola Josefsson Som Svenska Magasinet ber\u00e4ttade redan den 27 februari bes\u00f6kte representanter [&hellip;]\" \/>\n<meta property=\"og:url\" content=\"https:\/\/lightweb.dev\/l\/svm-temp\/artiklar\/svenska-kyrkan-nysatsar-pa-costa-del-sol\/\" \/>\n<meta property=\"og:site_name\" content=\"Svenska Magasinet\" \/>\n<meta property=\"article:publisher\" content=\"https:\/\/www.facebook.com\/svenskamagasinet\" \/>\n<meta property=\"article:published_time\" content=\"2014-09-09T22:00:00+00:00\" \/>\n<meta property=\"og:image\" content=\"https:\/\/lightweb.dev\/l\/svm-temp\/wp-content\/uploads\/2022\/04\/svenska-kyrkan-nysatsar-p-costa-del-sol.png\" \/>\n\t<meta property=\"og:image:width\" content=\"299\" \/>\n\t<meta property=\"og:image:height\" content=\"200\" \/>\n\t<meta property=\"og:image:type\" content=\"image\/png\" \/>\n<meta name=\"author\" content=\"Redaktionen SvM\" \/>\n<meta name=\"twitter:card\" content=\"summary_large_image\" \/>\n<meta name=\"twitter:creator\" content=\"@SvenskaMagasine\" \/>\n<meta name=\"twitter:site\" content=\"@SvenskaMagasine\" \/>\n<script type=\"application\/ld+json\" class=\"yoast-schema-graph\">{\"@context\":\"https:\\\/\\\/schema.org\",\"@graph\":[{\"@type\":\"Article\",\"@id\":\"https:\\\/\\\/lightweb.dev\\\/l\\\/svm-temp\\\/artiklar\\\/svenska-kyrkan-nysatsar-pa-costa-del-sol\\\/#article\",\"isPartOf\":{\"@id\":\"https:\\\/\\\/lightweb.dev\\\/l\\\/svm-temp\\\/artiklar\\\/svenska-kyrkan-nysatsar-pa-costa-del-sol\\\/\"},\"author\":{\"name\":\"Redaktionen SvM\",\"@id\":\"https:\\\/\\\/lightweb.dev\\\/l\\\/svm-temp\\\/#\\\/schema\\\/person\\\/206a3bda5b607b0c25e1749191e4d837\"},\"headline\":\"Svenska kyrkan nysatsar p\u00e5 Costa del Sol\",\"datePublished\":\"2014-09-09T22:00:00+00:00\",\"mainEntityOfPage\":{\"@id\":\"https:\\\/\\\/lightweb.dev\\\/l\\\/svm-temp\\\/artiklar\\\/svenska-kyrkan-nysatsar-pa-costa-del-sol\\\/\"},\"wordCount\":607,\"commentCount\":0,\"publisher\":{\"@id\":\"https:\\\/\\\/lightweb.dev\\\/l\\\/svm-temp\\\/#organization\"},\"image\":{\"@id\":\"https:\\\/\\\/lightweb.dev\\\/l\\\/svm-temp\\\/artiklar\\\/svenska-kyrkan-nysatsar-pa-costa-del-sol\\\/#primaryimage\"},\"thumbnailUrl\":\"https:\\\/\\\/lightweb.dev\\\/l\\\/svm-temp\\\/wp-content\\\/uploads\\\/2022\\\/04\\\/svenska-kyrkan-nysatsar-p-costa-del-sol.png\",\"articleSection\":[\"Arkiv\",\"Artiklar\"],\"inLanguage\":\"sv-SE\"},{\"@type\":\"WebPage\",\"@id\":\"https:\\\/\\\/lightweb.dev\\\/l\\\/svm-temp\\\/artiklar\\\/svenska-kyrkan-nysatsar-pa-costa-del-sol\\\/\",\"url\":\"https:\\\/\\\/lightweb.dev\\\/l\\\/svm-temp\\\/artiklar\\\/svenska-kyrkan-nysatsar-pa-costa-del-sol\\\/\",\"name\":\"Svenska kyrkan nysatsar p\u00e5 Costa del Sol - Svenska Magasinet\",\"isPartOf\":{\"@id\":\"https:\\\/\\\/lightweb.dev\\\/l\\\/svm-temp\\\/#website\"},\"primaryImageOfPage\":{\"@id\":\"https:\\\/\\\/lightweb.dev\\\/l\\\/svm-temp\\\/artiklar\\\/svenska-kyrkan-nysatsar-pa-costa-del-sol\\\/#primaryimage\"},\"image\":{\"@id\":\"https:\\\/\\\/lightweb.dev\\\/l\\\/svm-temp\\\/artiklar\\\/svenska-kyrkan-nysatsar-pa-costa-del-sol\\\/#primaryimage\"},\"thumbnailUrl\":\"https:\\\/\\\/lightweb.dev\\\/l\\\/svm-temp\\\/wp-content\\\/uploads\\\/2022\\\/04\\\/svenska-kyrkan-nysatsar-p-costa-del-sol.png\",\"datePublished\":\"2014-09-09T22:00:00+00:00\",\"breadcrumb\":{\"@id\":\"https:\\\/\\\/lightweb.dev\\\/l\\\/svm-temp\\\/artiklar\\\/svenska-kyrkan-nysatsar-pa-costa-del-sol\\\/#breadcrumb\"},\"inLanguage\":\"sv-SE\",\"potentialAction\":[{\"@type\":\"ReadAction\",\"target\":[\"https:\\\/\\\/lightweb.dev\\\/l\\\/svm-temp\\\/artiklar\\\/svenska-kyrkan-nysatsar-pa-costa-del-sol\\\/\"]}]},{\"@type\":\"ImageObject\",\"inLanguage\":\"sv-SE\",\"@id\":\"https:\\\/\\\/lightweb.dev\\\/l\\\/svm-temp\\\/artiklar\\\/svenska-kyrkan-nysatsar-pa-costa-del-sol\\\/#primaryimage\",\"url\":\"https:\\\/\\\/lightweb.dev\\\/l\\\/svm-temp\\\/wp-content\\\/uploads\\\/2022\\\/04\\\/svenska-kyrkan-nysatsar-p-costa-del-sol.png\",\"contentUrl\":\"https:\\\/\\\/lightweb.dev\\\/l\\\/svm-temp\\\/wp-content\\\/uploads\\\/2022\\\/04\\\/svenska-kyrkan-nysatsar-p-costa-del-sol.png\",\"width\":299,\"height\":200},{\"@type\":\"BreadcrumbList\",\"@id\":\"https:\\\/\\\/lightweb.dev\\\/l\\\/svm-temp\\\/artiklar\\\/svenska-kyrkan-nysatsar-pa-costa-del-sol\\\/#breadcrumb\",\"itemListElement\":[{\"@type\":\"ListItem\",\"position\":1,\"name\":\"Hem\",\"item\":\"https:\\\/\\\/lightweb.dev\\\/l\\\/svm-temp\\\/\"},{\"@type\":\"ListItem\",\"position\":2,\"name\":\"Svenska kyrkan nysatsar p\u00e5 Costa del Sol\"}]},{\"@type\":\"WebSite\",\"@id\":\"https:\\\/\\\/lightweb.dev\\\/l\\\/svm-temp\\\/#website\",\"url\":\"https:\\\/\\\/lightweb.dev\\\/l\\\/svm-temp\\\/\",\"name\":\"Svenska Magasinet\",\"description\":\"Dina Spanska nyheter p&aring; Svenska\",\"publisher\":{\"@id\":\"https:\\\/\\\/lightweb.dev\\\/l\\\/svm-temp\\\/#organization\"},\"potentialAction\":[{\"@type\":\"SearchAction\",\"target\":{\"@type\":\"EntryPoint\",\"urlTemplate\":\"https:\\\/\\\/lightweb.dev\\\/l\\\/svm-temp\\\/?s={search_term_string}\"},\"query-input\":{\"@type\":\"PropertyValueSpecification\",\"valueRequired\":true,\"valueName\":\"search_term_string\"}}],\"inLanguage\":\"sv-SE\"},{\"@type\":\"Organization\",\"@id\":\"https:\\\/\\\/lightweb.dev\\\/l\\\/svm-temp\\\/#organization\",\"name\":\"Melkerson y Nott SL\",\"alternateName\":\"Svenska Magasinet\",\"url\":\"https:\\\/\\\/lightweb.dev\\\/l\\\/svm-temp\\\/\",\"logo\":{\"@type\":\"ImageObject\",\"inLanguage\":\"sv-SE\",\"@id\":\"https:\\\/\\\/lightweb.dev\\\/l\\\/svm-temp\\\/#\\\/schema\\\/logo\\\/image\\\/\",\"url\":\"https:\\\/\\\/lightweb.dev\\\/l\\\/svm-temp\\\/wp-content\\\/uploads\\\/2025\\\/02\\\/SvM-logo-Xtra-Centrerad-SVART.png\",\"contentUrl\":\"https:\\\/\\\/lightweb.dev\\\/l\\\/svm-temp\\\/wp-content\\\/uploads\\\/2025\\\/02\\\/SvM-logo-Xtra-Centrerad-SVART.png\",\"width\":300,\"height\":99,\"caption\":\"Melkerson y Nott SL\"},\"image\":{\"@id\":\"https:\\\/\\\/lightweb.dev\\\/l\\\/svm-temp\\\/#\\\/schema\\\/logo\\\/image\\\/\"},\"sameAs\":[\"https:\\\/\\\/www.facebook.com\\\/svenskamagasinet\",\"https:\\\/\\\/x.com\\\/SvenskaMagasine\"]},{\"@type\":\"Person\",\"@id\":\"https:\\\/\\\/lightweb.dev\\\/l\\\/svm-temp\\\/#\\\/schema\\\/person\\\/206a3bda5b607b0c25e1749191e4d837\",\"name\":\"Redaktionen SvM\",\"description\":\"Redaktionen\",\"sameAs\":[\"https:\\\/\\\/lightweb.dev\\\/l\\\/svm-temp\"],\"url\":\"https:\\\/\\\/lightweb.dev\\\/l\\\/svm-temp\\\/reporter\\\/redaktionen\\\/\"}]}<\/script>\n<!-- \/ Yoast SEO Premium plugin. -->","yoast_head_json":{"title":"Svenska kyrkan nysatsar p\u00e5 Costa del Sol - Svenska Magasinet","robots":{"index":"noindex","follow":"follow","max-snippet":"max-snippet:-1","max-image-preview":"max-image-preview:large","max-video-preview":"max-video-preview:-1"},"og_locale":"sv_SE","og_type":"article","og_title":"Svenska kyrkan nysatsar p\u00e5 Costa del Sol","og_description":"Svenska kyrkan kommer att f\u00f6rst\u00e4rka n\u00e4rvaron p\u00e5 Costa del Sol med en pr\u00e4st och en assistent. Tj\u00e4nsterna kommer att ha fokus p\u00e5 det sociala arbetet och f\u00f6r ungdomar. Det beskedet kom den 18 juni. I slutet p\u00e5 september ber\u00e4knas tj\u00e4nsterna vara tillsatta. Av Ola Josefsson Som Svenska Magasinet ber\u00e4ttade redan den 27 februari bes\u00f6kte representanter [&hellip;]","og_url":"https:\/\/lightweb.dev\/l\/svm-temp\/artiklar\/svenska-kyrkan-nysatsar-pa-costa-del-sol\/","og_site_name":"Svenska Magasinet","article_publisher":"https:\/\/www.facebook.com\/svenskamagasinet","article_published_time":"2014-09-09T22:00:00+00:00","og_image":[{"width":299,"height":200,"url":"https:\/\/lightweb.dev\/l\/svm-temp\/wp-content\/uploads\/2022\/04\/svenska-kyrkan-nysatsar-p-costa-del-sol.png","type":"image\/png"}],"author":"Redaktionen SvM","twitter_card":"summary_large_image","twitter_creator":"@SvenskaMagasine","twitter_site":"@SvenskaMagasine","schema":{"@context":"https:\/\/schema.org","@graph":[{"@type":"Article","@id":"https:\/\/lightweb.dev\/l\/svm-temp\/artiklar\/svenska-kyrkan-nysatsar-pa-costa-del-sol\/#article","isPartOf":{"@id":"https:\/\/lightweb.dev\/l\/svm-temp\/artiklar\/svenska-kyrkan-nysatsar-pa-costa-del-sol\/"},"author":{"name":"Redaktionen SvM","@id":"https:\/\/lightweb.dev\/l\/svm-temp\/#\/schema\/person\/206a3bda5b607b0c25e1749191e4d837"},"headline":"Svenska kyrkan nysatsar p\u00e5 Costa del Sol","datePublished":"2014-09-09T22:00:00+00:00","mainEntityOfPage":{"@id":"https:\/\/lightweb.dev\/l\/svm-temp\/artiklar\/svenska-kyrkan-nysatsar-pa-costa-del-sol\/"},"wordCount":607,"commentCount":0,"publisher":{"@id":"https:\/\/lightweb.dev\/l\/svm-temp\/#organization"},"image":{"@id":"https:\/\/lightweb.dev\/l\/svm-temp\/artiklar\/svenska-kyrkan-nysatsar-pa-costa-del-sol\/#primaryimage"},"thumbnailUrl":"https:\/\/lightweb.dev\/l\/svm-temp\/wp-content\/uploads\/2022\/04\/svenska-kyrkan-nysatsar-p-costa-del-sol.png","articleSection":["Arkiv","Artiklar"],"inLanguage":"sv-SE"},{"@type":"WebPage","@id":"https:\/\/lightweb.dev\/l\/svm-temp\/artiklar\/svenska-kyrkan-nysatsar-pa-costa-del-sol\/","url":"https:\/\/lightweb.dev\/l\/svm-temp\/artiklar\/svenska-kyrkan-nysatsar-pa-costa-del-sol\/","name":"Svenska kyrkan nysatsar p\u00e5 Costa del Sol - Svenska Magasinet","isPartOf":{"@id":"https:\/\/lightweb.dev\/l\/svm-temp\/#website"},"primaryImageOfPage":{"@id":"https:\/\/lightweb.dev\/l\/svm-temp\/artiklar\/svenska-kyrkan-nysatsar-pa-costa-del-sol\/#primaryimage"},"image":{"@id":"https:\/\/lightweb.dev\/l\/svm-temp\/artiklar\/svenska-kyrkan-nysatsar-pa-costa-del-sol\/#primaryimage"},"thumbnailUrl":"https:\/\/lightweb.dev\/l\/svm-temp\/wp-content\/uploads\/2022\/04\/svenska-kyrkan-nysatsar-p-costa-del-sol.png","datePublished":"2014-09-09T22:00:00+00:00","breadcrumb":{"@id":"https:\/\/lightweb.dev\/l\/svm-temp\/artiklar\/svenska-kyrkan-nysatsar-pa-costa-del-sol\/#breadcrumb"},"inLanguage":"sv-SE","potentialAction":[{"@type":"ReadAction","target":["https:\/\/lightweb.dev\/l\/svm-temp\/artiklar\/svenska-kyrkan-nysatsar-pa-costa-del-sol\/"]}]},{"@type":"ImageObject","inLanguage":"sv-SE","@id":"https:\/\/lightweb.dev\/l\/svm-temp\/artiklar\/svenska-kyrkan-nysatsar-pa-costa-del-sol\/#primaryimage","url":"https:\/\/lightweb.dev\/l\/svm-temp\/wp-content\/uploads\/2022\/04\/svenska-kyrkan-nysatsar-p-costa-del-sol.png","contentUrl":"https:\/\/lightweb.dev\/l\/svm-temp\/wp-content\/uploads\/2022\/04\/svenska-kyrkan-nysatsar-p-costa-del-sol.png","width":299,"height":200},{"@type":"BreadcrumbList","@id":"https:\/\/lightweb.dev\/l\/svm-temp\/artiklar\/svenska-kyrkan-nysatsar-pa-costa-del-sol\/#breadcrumb","itemListElement":[{"@type":"ListItem","position":1,"name":"Hem","item":"https:\/\/lightweb.dev\/l\/svm-temp\/"},{"@type":"ListItem","position":2,"name":"Svenska kyrkan nysatsar p\u00e5 Costa del Sol"}]},{"@type":"WebSite","@id":"https:\/\/lightweb.dev\/l\/svm-temp\/#website","url":"https:\/\/lightweb.dev\/l\/svm-temp\/","name":"Svenska Magasinet","description":"Dina Spanska nyheter p&aring; Svenska","publisher":{"@id":"https:\/\/lightweb.dev\/l\/svm-temp\/#organization"},"potentialAction":[{"@type":"SearchAction","target":{"@type":"EntryPoint","urlTemplate":"https:\/\/lightweb.dev\/l\/svm-temp\/?s={search_term_string}"},"query-input":{"@type":"PropertyValueSpecification","valueRequired":true,"valueName":"search_term_string"}}],"inLanguage":"sv-SE"},{"@type":"Organization","@id":"https:\/\/lightweb.dev\/l\/svm-temp\/#organization","name":"Melkerson y Nott SL","alternateName":"Svenska Magasinet","url":"https:\/\/lightweb.dev\/l\/svm-temp\/","logo":{"@type":"ImageObject","inLanguage":"sv-SE","@id":"https:\/\/lightweb.dev\/l\/svm-temp\/#\/schema\/logo\/image\/","url":"https:\/\/lightweb.dev\/l\/svm-temp\/wp-content\/uploads\/2025\/02\/SvM-logo-Xtra-Centrerad-SVART.png","contentUrl":"https:\/\/lightweb.dev\/l\/svm-temp\/wp-content\/uploads\/2025\/02\/SvM-logo-Xtra-Centrerad-SVART.png","width":300,"height":99,"caption":"Melkerson y Nott SL"},"image":{"@id":"https:\/\/lightweb.dev\/l\/svm-temp\/#\/schema\/logo\/image\/"},"sameAs":["https:\/\/www.facebook.com\/svenskamagasinet","https:\/\/x.com\/SvenskaMagasine"]},{"@type":"Person","@id":"https:\/\/lightweb.dev\/l\/svm-temp\/#\/schema\/person\/206a3bda5b607b0c25e1749191e4d837","name":"Redaktionen SvM","description":"Redaktionen","sameAs":["https:\/\/lightweb.dev\/l\/svm-temp"],"url":"https:\/\/lightweb.dev\/l\/svm-temp\/reporter\/redaktionen\/"}]}},"_links":{"self":[{"href":"https:\/\/lightweb.dev\/l\/svm-temp\/wp-json\/wp\/v2\/posts\/5429","targetHints":{"allow":["GET"]}}],"collection":[{"href":"https:\/\/lightweb.dev\/l\/svm-temp\/wp-json\/wp\/v2\/posts"}],"about":[{"href":"https:\/\/lightweb.dev\/l\/svm-temp\/wp-json\/wp\/v2\/types\/post"}],"author":[{"embeddable":true,"href":"https:\/\/lightweb.dev\/l\/svm-temp\/wp-json\/wp\/v2\/users\/8"}],"replies":[{"embeddable":true,"href":"https:\/\/lightweb.dev\/l\/svm-temp\/wp-json\/wp\/v2\/comments?post=5429"}],"version-history":[{"count":0,"href":"https:\/\/lightweb.dev\/l\/svm-temp\/wp-json\/wp\/v2\/posts\/5429\/revisions"}],"wp:featuredmedia":[{"embeddable":true,"href":"https:\/\/lightweb.dev\/l\/svm-temp\/wp-json\/wp\/v2\/media\/5430"}],"wp:attachment":[{"href":"https:\/\/lightweb.dev\/l\/svm-temp\/wp-json\/wp\/v2\/media?parent=5429"}],"wp:term":[{"taxonomy":"category","embeddable":true,"href":"https:\/\/lightweb.dev\/l\/svm-temp\/wp-json\/wp\/v2\/categories?post=5429"},{"taxonomy":"post_tag","embeddable":true,"href":"https:\/\/lightweb.dev\/l\/svm-temp\/wp-json\/wp\/v2\/tags?post=5429"}],"curies":[{"name":"wp","href":"https:\/\/api.w.org\/{rel}","templated":true}]}}