{"id":5431,"date":"2014-09-10T00:00:00","date_gmt":"2014-09-09T22:00:00","guid":{"rendered":"https:\/\/lightweb.dev\/l\/svm-temp\/spanien-just-nu-den-breda-asiktskorridoren\/"},"modified":"2014-09-10T00:00:00","modified_gmt":"2014-09-09T22:00:00","slug":"spanien-just-nu-den-breda-asiktskorridoren","status":"publish","type":"post","link":"https:\/\/lightweb.dev\/l\/svm-temp\/artiklar\/spanien-just-nu-den-breda-asiktskorridoren\/","title":{"rendered":"Spanien just nu \u2013 Den breda \u00e5siktskorridoren"},"content":{"rendered":"<p> Du har kanske l\u00e4st om spanska \u201dmunkavlelagen\u201d (Ley Mordaza). Intressegrupper \u00e4ven i Sverige liksom ett stort antal professorer, riksdagsledam\u00f6ter och politiker fr\u00e5n olika politiska partier gav sin syn i en debattartikel i Svenska Dagbladet p\u00e5 initiativ av Astrid Menasanch Tobieson och Lisa Wollter. De menar att Spanien \u00e4r p\u00e5 v\u00e4g att inf\u00f6ra en lag som inte \u00e4r f\u00f6renlig med ett demokratiskt och \u00f6ppet samh\u00e4lle. Av Ola Josefsson<\/p>\n<p>Spaniens ambassad\u00f6r i Sverige, Javier Jim\u00e9nez-Ugarte, talade klarspr\u00e5k med replik hur \u201dLagen f\u00f6r skydd av medborgars\u00e4kerheten\u201d var under utredning och att den slutliga versionen blir helt i linje med den spanska demokratiska verkligheten efter att alla remissinstanser har yttrat sig.<\/p>\n<p>Den offentliga debatten domineras av \u00e5siktseliten som gapar och skriker h\u00f6gst. Trots att de i regel \u00e4r sm\u00e5 grupper som saluf\u00f6r s\u00e4rintressen som s\u00e4llan avspeglar majoritetens \u00e5sikter f\u00e5r de fram sina \u00e5sikter och synpunkter via media som ger dem mycket utrymme (l\u00e4s inflytande) i f\u00f6rh\u00e5llande till vad m\u00e4nniskor i allm\u00e4nhet faktiskt tycker.<br \/>\nEn majoritets\u00e5sikt framst\u00e4lls i regel som extrem av v\u00e4lorganiserade intressegrupper som s\u00e4tter gr\u00e4nserna f\u00f6r det som ska till\u00e5tas. Jo, Sverige har sin egen \u201dmunkavlelag\u201d.<\/p>\n<p>Ta detta med att inf\u00f6ra tiggerif\u00f6rbud. En majoritet av svenskarna, 56 procent, vill f\u00f6rbjuda tiggeri, enligt en unders\u00f6kning av Novus. Kalla det majoritets\u00e5sikt som i sitt sammanhang framst\u00e4lls som extrem, trots att det \u00e4r precis tv\u00e4rtom.<br \/>\nDet finns fler omr\u00e5den som man kan lyfta fram d\u00e4r medier och h\u00f6gr\u00f6stade intressegrupper knappast avspeglar vad vanligt folk tycker och t\u00e4nker. Hit h\u00f6r \u00e4ven resultatet fr\u00e5n SOM-institutet som s\u00e4ger att 45 procent av svenskarna vill ta emot f\u00e4rre flyktingar och som vi vet \u00e4r det bara ett parti som driver den fr\u00e5gan, det borde vara fler i demokratins namn.<\/p>\n<p>Det var statsvetaren Henrik Ekengren Oscarsson som i december ifjol skrev om \u201d\u00e5siktskorridoren\u201d. Han skrev s\u00e5 h\u00e4r: \u201d\u00c5siktskorridoren \u2013 det vill s\u00e4ga den buffertzon d\u00e4r du fortfarande har visst sv\u00e4ngrum att yttra en \u00e5sikt utan att beh\u00f6va ta emot en dagsf\u00e4rsk diagnos av ditt mentala tillst\u00e5nd \u2013 \u00e4r mycket smal i Sverige. Det r\u00e4cker numera att s\u00e4ga att man tror p\u00e5 Gud (vilket f\u00f6r \u00f6vrigt 45 procent av befolkningen s\u00e4ger sig g\u00f6ra) f\u00f6r att betraktas som icke vid sina sinnens fulla bruk\u201d.<\/p>\n<p>Den som h\u00e5ller sig utanf\u00f6r den svenska \u00e5siktskorridoren vet nog inte vad han talar om. Ty h\u00e4r i Spanien f\u00f6rs \u00e5sikter fram om b\u00e5de det ena och det andra. Ta diskussionen om abortr\u00e4tten. I Sverige vill en av sju begr\u00e4nsa den, n\u00e5got som inte framkommer i den smala \u00e5siktskorridoren.<br \/>\nH\u00e4r i Spanien debatteras abort f\u00f6r\/emot regelbundet. Att Spanien t\u00e4nker strama upp r\u00e4tten till abort framst\u00e4lls av \u00e5siktseliten som ett j\u00e4tteproblem. Den senaste opinionsunders\u00f6kningen av CIS  som pejlar spanjorernas \u00e5sikter om det som bekymrar dem mest visar att bara 0,1 procent anser att abortfr\u00e5gan \u00e4r ett problem.<br \/>\nEller ta fr\u00e5gan om monarkins vara eller inte vara. Ett k\u00e4rt \u00e4mne f\u00f6r \u00e5siktseliten och medier men f\u00f6r den vanlige spanjoren \u00e4r monarkin ett bekymmer f\u00f6r endast 0,4 procent. J\u00e4mf\u00f6r det med arbetsl\u00f6sheten som 77 procent anser \u00e4r ett j\u00e4tteproblem.<\/p>\n<p>Majoriteten vill leva i en trygg r\u00e4ttsstat. Det var s\u00e4kert det spanske polischefen Ignacio Cosid\u00f3 t\u00e4nkte p\u00e5 d\u00e5 han i juni ber\u00e4ttade om hur 16.000 kriminella utl\u00e4nningar som tillsammans hade utf\u00f6rt 73.000 brott utvisades fr\u00e5n Spanien under fjol\u00e5ret. Spanien ska bli den s\u00e4kraste demokratin i v\u00e4rlden sa Cosid\u00f3.<\/p>\n<p>Om jag k\u00e4nner Sverige r\u00e4tt skulle aldrig en svensk polischef uttrycka sig s\u00e5. Denne skulle f\u00e5 Sveriges samlade \u00e5siktselit p\u00e5 sig. I Sverige r\u00e5der \u201dmunkavlelagen\u201d, debattklimatet \u00e4r tr\u00e5ngt och v\u00e4ldigt \u00e4ngsligt. M\u00e4nniskor \u00e4r r\u00e4dda f\u00f6r att ta en debatt med risken att de kan f\u00e5 en etikett klistrad p\u00e5 sig: rasist, antifeminist, bak\u00e5tstr\u00e4vare, konservativ.<\/p>\n<p>Vanligt folk i verklighetens land Spanien med den breda \u00e5siktskorridoren vill ha det tryggt omkring sig. Kriminella, antingen de \u00e4r landsm\u00e4n eller utl\u00e4nningar ska straffas och utvisas.<br \/>\nS\u00e5 hur m\u00e5nga spanjorer anser att invandringen \u00e4r ett problem med tanke p\u00e5 att polischefen \u00e4r s\u00e5 tydlig och saklig? Jo endast 2,8 procent visar CIS-unders\u00f6kningen fr\u00e5n juli m\u00e5nad.<\/p>\n<p>Noterat:<br \/>\n\u201dN\u00e4r vi skulle g\u00f6ra programmet om v\u00e4nsterv\u00e5ldet s\u00e5 m\u00f6tte vi motst\u00e5nd redan inne i tv-huset. Reaktionen var att \u201dmen de g\u00f6r ju n\u00e5t bra!\u201d P\u00e5 det s\u00e4ttet har v\u00e4nsterextremister lyckats. Man granskar dem inte\u201d. &#8211; Janne Josefsson beskriver inst\u00e4llningen p\u00e5 SVT n\u00e4r programmet Det goda v\u00e5ldet producerades f\u00f6r Uppdrag granskning 7 maj (Magasinet Neo).<\/p>\n<p>\u201dHon bek\u00e4mpar den ekonomiska och kulturella nyliberalismen. \u00c4ldre franska kommunister jag talat med upplever att 90 procent av hennes krav \u00e4r s\u00e5dana de sj\u00e4lva en g\u00e5ng st\u00e4llde\u201d. &#8211; Jan Myrdal om Marine Le Pen, ledare f\u00f6r franska Nationella fronten i Fib Kulturfront 26\/5 2014.<\/p>\n","protected":false},"excerpt":{"rendered":"<p>Du har kanske l\u00e4st om spanska \u201dmunkavlelagen\u201d (Ley Mordaza). Intressegrupper \u00e4ven i Sverige liksom ett stort antal professorer, riksdagsledam\u00f6ter och politiker fr\u00e5n olika politiska partier gav sin syn i en debattartikel i Svenska Dagbladet p\u00e5 initiativ av Astrid Menasanch Tobieson och Lisa Wollter. De menar att Spanien \u00e4r p\u00e5 v\u00e4g att inf\u00f6ra en lag som [&hellip;]<\/p>\n","protected":false},"author":8,"featured_media":5432,"comment_status":"open","ping_status":"open","sticky":false,"template":"","format":"standard","meta":{"_et_pb_use_builder":"","_et_pb_old_content":"","_et_gb_content_width":"","footnotes":""},"categories":[4,36],"tags":[],"class_list":["post-5431","post","type-post","status-publish","format-standard","has-post-thumbnail","hentry","category-artiklar","category-spanien-just-nu"],"yoast_head":"<!-- This site is optimized with the Yoast SEO Premium plugin v26.2 (Yoast SEO v28.2) - https:\/\/yoast.com\/product\/yoast-seo-premium-wordpress\/ -->\n<title>Spanien just nu \u2013 Den breda \u00e5siktskorridoren - Svenska Magasinet<\/title>\n<meta name=\"robots\" content=\"noindex, follow, max-snippet:-1, max-image-preview:large, max-video-preview:-1\" \/>\n<meta property=\"og:locale\" content=\"sv_SE\" \/>\n<meta property=\"og:type\" content=\"article\" \/>\n<meta property=\"og:title\" content=\"Spanien just nu \u2013 Den breda \u00e5siktskorridoren\" \/>\n<meta property=\"og:description\" content=\"Du har kanske l\u00e4st om spanska \u201dmunkavlelagen\u201d (Ley Mordaza). Intressegrupper \u00e4ven i Sverige liksom ett stort antal professorer, riksdagsledam\u00f6ter och politiker fr\u00e5n olika politiska partier gav sin syn i en debattartikel i Svenska Dagbladet p\u00e5 initiativ av Astrid Menasanch Tobieson och Lisa Wollter. De menar att Spanien \u00e4r p\u00e5 v\u00e4g att inf\u00f6ra en lag som [&hellip;]\" \/>\n<meta property=\"og:url\" content=\"https:\/\/lightweb.dev\/l\/svm-temp\/artiklar\/spanien-just-nu-den-breda-asiktskorridoren\/\" \/>\n<meta property=\"og:site_name\" content=\"Svenska Magasinet\" \/>\n<meta property=\"article:publisher\" content=\"https:\/\/www.facebook.com\/svenskamagasinet\" \/>\n<meta property=\"article:published_time\" content=\"2014-09-09T22:00:00+00:00\" \/>\n<meta property=\"og:image\" content=\"https:\/\/lightweb.dev\/l\/svm-temp\/wp-content\/uploads\/2022\/04\/spanien-just-nu-den-breda-siktskorridoren.png\" \/>\n\t<meta property=\"og:image:width\" content=\"280\" \/>\n\t<meta property=\"og:image:height\" content=\"419\" \/>\n\t<meta property=\"og:image:type\" content=\"image\/png\" \/>\n<meta name=\"author\" content=\"Redaktionen SvM\" \/>\n<meta name=\"twitter:card\" content=\"summary_large_image\" \/>\n<meta name=\"twitter:creator\" content=\"@SvenskaMagasine\" \/>\n<meta name=\"twitter:site\" content=\"@SvenskaMagasine\" \/>\n<script type=\"application\/ld+json\" class=\"yoast-schema-graph\">{\"@context\":\"https:\\\/\\\/schema.org\",\"@graph\":[{\"@type\":\"Article\",\"@id\":\"https:\\\/\\\/lightweb.dev\\\/l\\\/svm-temp\\\/artiklar\\\/spanien-just-nu-den-breda-asiktskorridoren\\\/#article\",\"isPartOf\":{\"@id\":\"https:\\\/\\\/lightweb.dev\\\/l\\\/svm-temp\\\/artiklar\\\/spanien-just-nu-den-breda-asiktskorridoren\\\/\"},\"author\":{\"name\":\"Redaktionen SvM\",\"@id\":\"https:\\\/\\\/lightweb.dev\\\/l\\\/svm-temp\\\/#\\\/schema\\\/person\\\/206a3bda5b607b0c25e1749191e4d837\"},\"headline\":\"Spanien just nu \u2013 Den breda \u00e5siktskorridoren\",\"datePublished\":\"2014-09-09T22:00:00+00:00\",\"mainEntityOfPage\":{\"@id\":\"https:\\\/\\\/lightweb.dev\\\/l\\\/svm-temp\\\/artiklar\\\/spanien-just-nu-den-breda-asiktskorridoren\\\/\"},\"wordCount\":876,\"commentCount\":0,\"publisher\":{\"@id\":\"https:\\\/\\\/lightweb.dev\\\/l\\\/svm-temp\\\/#organization\"},\"image\":{\"@id\":\"https:\\\/\\\/lightweb.dev\\\/l\\\/svm-temp\\\/artiklar\\\/spanien-just-nu-den-breda-asiktskorridoren\\\/#primaryimage\"},\"thumbnailUrl\":\"https:\\\/\\\/lightweb.dev\\\/l\\\/svm-temp\\\/wp-content\\\/uploads\\\/2022\\\/04\\\/spanien-just-nu-den-breda-siktskorridoren.png\",\"articleSection\":[\"Artiklar\",\"Spanien just nu\"],\"inLanguage\":\"sv-SE\"},{\"@type\":\"WebPage\",\"@id\":\"https:\\\/\\\/lightweb.dev\\\/l\\\/svm-temp\\\/artiklar\\\/spanien-just-nu-den-breda-asiktskorridoren\\\/\",\"url\":\"https:\\\/\\\/lightweb.dev\\\/l\\\/svm-temp\\\/artiklar\\\/spanien-just-nu-den-breda-asiktskorridoren\\\/\",\"name\":\"Spanien just nu \u2013 Den breda \u00e5siktskorridoren - Svenska Magasinet\",\"isPartOf\":{\"@id\":\"https:\\\/\\\/lightweb.dev\\\/l\\\/svm-temp\\\/#website\"},\"primaryImageOfPage\":{\"@id\":\"https:\\\/\\\/lightweb.dev\\\/l\\\/svm-temp\\\/artiklar\\\/spanien-just-nu-den-breda-asiktskorridoren\\\/#primaryimage\"},\"image\":{\"@id\":\"https:\\\/\\\/lightweb.dev\\\/l\\\/svm-temp\\\/artiklar\\\/spanien-just-nu-den-breda-asiktskorridoren\\\/#primaryimage\"},\"thumbnailUrl\":\"https:\\\/\\\/lightweb.dev\\\/l\\\/svm-temp\\\/wp-content\\\/uploads\\\/2022\\\/04\\\/spanien-just-nu-den-breda-siktskorridoren.png\",\"datePublished\":\"2014-09-09T22:00:00+00:00\",\"breadcrumb\":{\"@id\":\"https:\\\/\\\/lightweb.dev\\\/l\\\/svm-temp\\\/artiklar\\\/spanien-just-nu-den-breda-asiktskorridoren\\\/#breadcrumb\"},\"inLanguage\":\"sv-SE\",\"potentialAction\":[{\"@type\":\"ReadAction\",\"target\":[\"https:\\\/\\\/lightweb.dev\\\/l\\\/svm-temp\\\/artiklar\\\/spanien-just-nu-den-breda-asiktskorridoren\\\/\"]}]},{\"@type\":\"ImageObject\",\"inLanguage\":\"sv-SE\",\"@id\":\"https:\\\/\\\/lightweb.dev\\\/l\\\/svm-temp\\\/artiklar\\\/spanien-just-nu-den-breda-asiktskorridoren\\\/#primaryimage\",\"url\":\"https:\\\/\\\/lightweb.dev\\\/l\\\/svm-temp\\\/wp-content\\\/uploads\\\/2022\\\/04\\\/spanien-just-nu-den-breda-siktskorridoren.png\",\"contentUrl\":\"https:\\\/\\\/lightweb.dev\\\/l\\\/svm-temp\\\/wp-content\\\/uploads\\\/2022\\\/04\\\/spanien-just-nu-den-breda-siktskorridoren.png\",\"width\":280,\"height\":419},{\"@type\":\"BreadcrumbList\",\"@id\":\"https:\\\/\\\/lightweb.dev\\\/l\\\/svm-temp\\\/artiklar\\\/spanien-just-nu-den-breda-asiktskorridoren\\\/#breadcrumb\",\"itemListElement\":[{\"@type\":\"ListItem\",\"position\":1,\"name\":\"Hem\",\"item\":\"https:\\\/\\\/lightweb.dev\\\/l\\\/svm-temp\\\/\"},{\"@type\":\"ListItem\",\"position\":2,\"name\":\"Spanien just nu \u2013 Den breda \u00e5siktskorridoren\"}]},{\"@type\":\"WebSite\",\"@id\":\"https:\\\/\\\/lightweb.dev\\\/l\\\/svm-temp\\\/#website\",\"url\":\"https:\\\/\\\/lightweb.dev\\\/l\\\/svm-temp\\\/\",\"name\":\"Svenska Magasinet\",\"description\":\"Dina Spanska nyheter p&aring; Svenska\",\"publisher\":{\"@id\":\"https:\\\/\\\/lightweb.dev\\\/l\\\/svm-temp\\\/#organization\"},\"potentialAction\":[{\"@type\":\"SearchAction\",\"target\":{\"@type\":\"EntryPoint\",\"urlTemplate\":\"https:\\\/\\\/lightweb.dev\\\/l\\\/svm-temp\\\/?s={search_term_string}\"},\"query-input\":{\"@type\":\"PropertyValueSpecification\",\"valueRequired\":true,\"valueName\":\"search_term_string\"}}],\"inLanguage\":\"sv-SE\"},{\"@type\":\"Organization\",\"@id\":\"https:\\\/\\\/lightweb.dev\\\/l\\\/svm-temp\\\/#organization\",\"name\":\"Melkerson y Nott SL\",\"alternateName\":\"Svenska Magasinet\",\"url\":\"https:\\\/\\\/lightweb.dev\\\/l\\\/svm-temp\\\/\",\"logo\":{\"@type\":\"ImageObject\",\"inLanguage\":\"sv-SE\",\"@id\":\"https:\\\/\\\/lightweb.dev\\\/l\\\/svm-temp\\\/#\\\/schema\\\/logo\\\/image\\\/\",\"url\":\"https:\\\/\\\/lightweb.dev\\\/l\\\/svm-temp\\\/wp-content\\\/uploads\\\/2025\\\/02\\\/SvM-logo-Xtra-Centrerad-SVART.png\",\"contentUrl\":\"https:\\\/\\\/lightweb.dev\\\/l\\\/svm-temp\\\/wp-content\\\/uploads\\\/2025\\\/02\\\/SvM-logo-Xtra-Centrerad-SVART.png\",\"width\":300,\"height\":99,\"caption\":\"Melkerson y Nott SL\"},\"image\":{\"@id\":\"https:\\\/\\\/lightweb.dev\\\/l\\\/svm-temp\\\/#\\\/schema\\\/logo\\\/image\\\/\"},\"sameAs\":[\"https:\\\/\\\/www.facebook.com\\\/svenskamagasinet\",\"https:\\\/\\\/x.com\\\/SvenskaMagasine\"]},{\"@type\":\"Person\",\"@id\":\"https:\\\/\\\/lightweb.dev\\\/l\\\/svm-temp\\\/#\\\/schema\\\/person\\\/206a3bda5b607b0c25e1749191e4d837\",\"name\":\"Redaktionen SvM\",\"description\":\"Redaktionen\",\"sameAs\":[\"https:\\\/\\\/lightweb.dev\\\/l\\\/svm-temp\"],\"url\":\"https:\\\/\\\/lightweb.dev\\\/l\\\/svm-temp\\\/reporter\\\/redaktionen\\\/\"}]}<\/script>\n<!-- \/ Yoast SEO Premium plugin. -->","yoast_head_json":{"title":"Spanien just nu \u2013 Den breda \u00e5siktskorridoren - Svenska Magasinet","robots":{"index":"noindex","follow":"follow","max-snippet":"max-snippet:-1","max-image-preview":"max-image-preview:large","max-video-preview":"max-video-preview:-1"},"og_locale":"sv_SE","og_type":"article","og_title":"Spanien just nu \u2013 Den breda \u00e5siktskorridoren","og_description":"Du har kanske l\u00e4st om spanska \u201dmunkavlelagen\u201d (Ley Mordaza). Intressegrupper \u00e4ven i Sverige liksom ett stort antal professorer, riksdagsledam\u00f6ter och politiker fr\u00e5n olika politiska partier gav sin syn i en debattartikel i Svenska Dagbladet p\u00e5 initiativ av Astrid Menasanch Tobieson och Lisa Wollter. De menar att Spanien \u00e4r p\u00e5 v\u00e4g att inf\u00f6ra en lag som [&hellip;]","og_url":"https:\/\/lightweb.dev\/l\/svm-temp\/artiklar\/spanien-just-nu-den-breda-asiktskorridoren\/","og_site_name":"Svenska Magasinet","article_publisher":"https:\/\/www.facebook.com\/svenskamagasinet","article_published_time":"2014-09-09T22:00:00+00:00","og_image":[{"width":280,"height":419,"url":"https:\/\/lightweb.dev\/l\/svm-temp\/wp-content\/uploads\/2022\/04\/spanien-just-nu-den-breda-siktskorridoren.png","type":"image\/png"}],"author":"Redaktionen SvM","twitter_card":"summary_large_image","twitter_creator":"@SvenskaMagasine","twitter_site":"@SvenskaMagasine","schema":{"@context":"https:\/\/schema.org","@graph":[{"@type":"Article","@id":"https:\/\/lightweb.dev\/l\/svm-temp\/artiklar\/spanien-just-nu-den-breda-asiktskorridoren\/#article","isPartOf":{"@id":"https:\/\/lightweb.dev\/l\/svm-temp\/artiklar\/spanien-just-nu-den-breda-asiktskorridoren\/"},"author":{"name":"Redaktionen SvM","@id":"https:\/\/lightweb.dev\/l\/svm-temp\/#\/schema\/person\/206a3bda5b607b0c25e1749191e4d837"},"headline":"Spanien just nu \u2013 Den breda \u00e5siktskorridoren","datePublished":"2014-09-09T22:00:00+00:00","mainEntityOfPage":{"@id":"https:\/\/lightweb.dev\/l\/svm-temp\/artiklar\/spanien-just-nu-den-breda-asiktskorridoren\/"},"wordCount":876,"commentCount":0,"publisher":{"@id":"https:\/\/lightweb.dev\/l\/svm-temp\/#organization"},"image":{"@id":"https:\/\/lightweb.dev\/l\/svm-temp\/artiklar\/spanien-just-nu-den-breda-asiktskorridoren\/#primaryimage"},"thumbnailUrl":"https:\/\/lightweb.dev\/l\/svm-temp\/wp-content\/uploads\/2022\/04\/spanien-just-nu-den-breda-siktskorridoren.png","articleSection":["Artiklar","Spanien just nu"],"inLanguage":"sv-SE"},{"@type":"WebPage","@id":"https:\/\/lightweb.dev\/l\/svm-temp\/artiklar\/spanien-just-nu-den-breda-asiktskorridoren\/","url":"https:\/\/lightweb.dev\/l\/svm-temp\/artiklar\/spanien-just-nu-den-breda-asiktskorridoren\/","name":"Spanien just nu \u2013 Den breda \u00e5siktskorridoren - Svenska Magasinet","isPartOf":{"@id":"https:\/\/lightweb.dev\/l\/svm-temp\/#website"},"primaryImageOfPage":{"@id":"https:\/\/lightweb.dev\/l\/svm-temp\/artiklar\/spanien-just-nu-den-breda-asiktskorridoren\/#primaryimage"},"image":{"@id":"https:\/\/lightweb.dev\/l\/svm-temp\/artiklar\/spanien-just-nu-den-breda-asiktskorridoren\/#primaryimage"},"thumbnailUrl":"https:\/\/lightweb.dev\/l\/svm-temp\/wp-content\/uploads\/2022\/04\/spanien-just-nu-den-breda-siktskorridoren.png","datePublished":"2014-09-09T22:00:00+00:00","breadcrumb":{"@id":"https:\/\/lightweb.dev\/l\/svm-temp\/artiklar\/spanien-just-nu-den-breda-asiktskorridoren\/#breadcrumb"},"inLanguage":"sv-SE","potentialAction":[{"@type":"ReadAction","target":["https:\/\/lightweb.dev\/l\/svm-temp\/artiklar\/spanien-just-nu-den-breda-asiktskorridoren\/"]}]},{"@type":"ImageObject","inLanguage":"sv-SE","@id":"https:\/\/lightweb.dev\/l\/svm-temp\/artiklar\/spanien-just-nu-den-breda-asiktskorridoren\/#primaryimage","url":"https:\/\/lightweb.dev\/l\/svm-temp\/wp-content\/uploads\/2022\/04\/spanien-just-nu-den-breda-siktskorridoren.png","contentUrl":"https:\/\/lightweb.dev\/l\/svm-temp\/wp-content\/uploads\/2022\/04\/spanien-just-nu-den-breda-siktskorridoren.png","width":280,"height":419},{"@type":"BreadcrumbList","@id":"https:\/\/lightweb.dev\/l\/svm-temp\/artiklar\/spanien-just-nu-den-breda-asiktskorridoren\/#breadcrumb","itemListElement":[{"@type":"ListItem","position":1,"name":"Hem","item":"https:\/\/lightweb.dev\/l\/svm-temp\/"},{"@type":"ListItem","position":2,"name":"Spanien just nu \u2013 Den breda \u00e5siktskorridoren"}]},{"@type":"WebSite","@id":"https:\/\/lightweb.dev\/l\/svm-temp\/#website","url":"https:\/\/lightweb.dev\/l\/svm-temp\/","name":"Svenska Magasinet","description":"Dina Spanska nyheter p&aring; Svenska","publisher":{"@id":"https:\/\/lightweb.dev\/l\/svm-temp\/#organization"},"potentialAction":[{"@type":"SearchAction","target":{"@type":"EntryPoint","urlTemplate":"https:\/\/lightweb.dev\/l\/svm-temp\/?s={search_term_string}"},"query-input":{"@type":"PropertyValueSpecification","valueRequired":true,"valueName":"search_term_string"}}],"inLanguage":"sv-SE"},{"@type":"Organization","@id":"https:\/\/lightweb.dev\/l\/svm-temp\/#organization","name":"Melkerson y Nott SL","alternateName":"Svenska Magasinet","url":"https:\/\/lightweb.dev\/l\/svm-temp\/","logo":{"@type":"ImageObject","inLanguage":"sv-SE","@id":"https:\/\/lightweb.dev\/l\/svm-temp\/#\/schema\/logo\/image\/","url":"https:\/\/lightweb.dev\/l\/svm-temp\/wp-content\/uploads\/2025\/02\/SvM-logo-Xtra-Centrerad-SVART.png","contentUrl":"https:\/\/lightweb.dev\/l\/svm-temp\/wp-content\/uploads\/2025\/02\/SvM-logo-Xtra-Centrerad-SVART.png","width":300,"height":99,"caption":"Melkerson y Nott SL"},"image":{"@id":"https:\/\/lightweb.dev\/l\/svm-temp\/#\/schema\/logo\/image\/"},"sameAs":["https:\/\/www.facebook.com\/svenskamagasinet","https:\/\/x.com\/SvenskaMagasine"]},{"@type":"Person","@id":"https:\/\/lightweb.dev\/l\/svm-temp\/#\/schema\/person\/206a3bda5b607b0c25e1749191e4d837","name":"Redaktionen SvM","description":"Redaktionen","sameAs":["https:\/\/lightweb.dev\/l\/svm-temp"],"url":"https:\/\/lightweb.dev\/l\/svm-temp\/reporter\/redaktionen\/"}]}},"_links":{"self":[{"href":"https:\/\/lightweb.dev\/l\/svm-temp\/wp-json\/wp\/v2\/posts\/5431","targetHints":{"allow":["GET"]}}],"collection":[{"href":"https:\/\/lightweb.dev\/l\/svm-temp\/wp-json\/wp\/v2\/posts"}],"about":[{"href":"https:\/\/lightweb.dev\/l\/svm-temp\/wp-json\/wp\/v2\/types\/post"}],"author":[{"embeddable":true,"href":"https:\/\/lightweb.dev\/l\/svm-temp\/wp-json\/wp\/v2\/users\/8"}],"replies":[{"embeddable":true,"href":"https:\/\/lightweb.dev\/l\/svm-temp\/wp-json\/wp\/v2\/comments?post=5431"}],"version-history":[{"count":0,"href":"https:\/\/lightweb.dev\/l\/svm-temp\/wp-json\/wp\/v2\/posts\/5431\/revisions"}],"wp:featuredmedia":[{"embeddable":true,"href":"https:\/\/lightweb.dev\/l\/svm-temp\/wp-json\/wp\/v2\/media\/5432"}],"wp:attachment":[{"href":"https:\/\/lightweb.dev\/l\/svm-temp\/wp-json\/wp\/v2\/media?parent=5431"}],"wp:term":[{"taxonomy":"category","embeddable":true,"href":"https:\/\/lightweb.dev\/l\/svm-temp\/wp-json\/wp\/v2\/categories?post=5431"},{"taxonomy":"post_tag","embeddable":true,"href":"https:\/\/lightweb.dev\/l\/svm-temp\/wp-json\/wp\/v2\/tags?post=5431"}],"curies":[{"name":"wp","href":"https:\/\/api.w.org\/{rel}","templated":true}]}}