{"id":5437,"date":"2014-04-29T00:00:00","date_gmt":"2014-04-28T22:00:00","guid":{"rendered":"https:\/\/lightweb.dev\/l\/svm-temp\/svm-resor-folj-med-till-barcelona\/"},"modified":"2014-04-29T00:00:00","modified_gmt":"2014-04-28T22:00:00","slug":"svm-resor-folj-med-till-barcelona","status":"publish","type":"post","link":"https:\/\/lightweb.dev\/l\/svm-temp\/artiklar\/svm-resor-folj-med-till-barcelona\/","title":{"rendered":"SvM Resor \u2013 f\u00f6lj med till Barcelona"},"content":{"rendered":"<p> Efter v\u00e5ra succ\u00e9er med Svenska Magasinets jubileumsresor med den auktoriserade guiden Siv Ling har vi som avslutning p\u00e5 h\u00f6stens program lagt in en resa till Barcelona. \u00c4ven om den inte g\u00e5r f\u00f6rr\u00e4n den 27 november \u00e4r det viktigt att anm\u00e4la sig och betala i god tid p\u00e5 grund av flygbiljetterna (se betalningsvillkor nedan). Programtext Siv Ling<\/p>\n<p>OS 1992 satte Barcelona i v\u00e4rldens blickpunkt, och sedan dess har antalet bes\u00f6kare varit starkt stigande. Barcelona \u00e4r Spaniens n\u00e4st st\u00f6rsta stad och den har mycket att erbjuda.<\/p>\n<p>Det skulle vara om\u00f6jligt att se \u201dallt\u201d under fyra dagar varf\u00f6r jag har f\u00f6rs\u00f6kt att v\u00e4lja \u201dgodbitarna\u201d under resan. Men det finns mycket, mycket mer att se och uppleva i denna speciella stad d\u00e4r gammalt och nytt m\u00f6ts. Barcelona grundades f\u00f6r 2.000 \u00e5r sedan och har genom \u00e5rhundradena varit centrum f\u00f6r v\u00e4stgotisk, morisk och kristen kultur.<\/p>\n<p>Barcelona \u00e4r vackert bel\u00e4get mellan bergskedjan Collserola och Medelhavet, och \u00e4r huvudstad i Katalonien, en av Spaniens 17 regioner. Denna region \u00e4r av tradition Spaniens mest kulturellt progressiva och ekonomiskt framg\u00e5ngsrika och befinner sig \u00e4nnu idag i t\u00e4ten. Elegant arkitektur, vackra promenadstr\u00e5k och torg \u00e4r k\u00e4nnetecknande f\u00f6r staden.<\/p>\n<p>H\u00e4r tillbringade Pablo Ruiz Picasso sin ungdom, och h\u00e4r skapade m\u00e4sterarkitekten Antoni Gaud\u00ed sina mest k\u00e4nda konstverk. Joan Mir\u00f3, som tillsammans med sin n\u00e4ra v\u00e4n Joan Prats \u00f6ppnade ett konstcentrum, f\u00f6ddes i Barcelona. Staden har ett fyrtiotal museer.<br \/>\nFolklivet i Barcelona \u00e4r enormt. P\u00e5 det ber\u00f6mda Las Ramblas str\u00e5ket som b\u00f6rjar vid Pla\u00e7a Catalunya och slutar vid Columbusstatyn m\u00f6ter man folk fr\u00e5n hela v\u00e4rlden och de tusentals caf\u00e9er i staden anv\u00e4nds flitigt av lokalbefolkningen.<\/p>\n<p>Pris: 590 euro per person i dubbelrum<br \/>\n100 euro i enkelrumstill\u00e4gg<br \/>\n65 euro i till\u00e4gg f\u00f6r utflykt till Figueres med Dalimuseum<\/p>\n<p>I priset ing\u00e5r: Flyg M\u00e1laga-Barcelona-M\u00e1laga, luftkonditionerade buss, tre n\u00e4tter p\u00e5 hotel Rialto med halvpension(frukost och middag), tre luncher, panoramatur med buss och guide p\u00e5 resan (Siv Ling).<\/p>\n<p>Anm\u00e4lan och betalning till resan g\u00f6rs hos researrang\u00f6r Ruta Solar, Resebyr\u00e5, Pasaje La Pandereta, s\/n 29640 Fuengirola. e-post: fuengirola@rutasolar.com  tel: +34 952 479 954. Vid anm\u00e4lan per e-post, skicka g\u00e4rna en kopia till Siv Ling, e-post: siv.ling@telefonica.net. Vid fr\u00e5gor kontakta +34 609 577 162.<\/p>\n<p>Dag 1, 27\/11, M\u00e1laga-Barcelona<br \/>\nKlockan 07.20 samling p\u00e5 M\u00e1lagas flygplats terminal 3 vid incheckningsdisken till Barcelona. Flyget avg\u00e5r kl 09.25, flygnummer VY 2114. Ankomst Barcelona kl 10.50. Vid ankomsten v\u00e4ntar bussen och vi b\u00f6rjar med en panoramatur f\u00f6r att l\u00e4ra k\u00e4nna denna vackra och sp\u00e4nnande stad. Vi k\u00f6r upp p\u00e5 det gr\u00f6na berget Montjuic d\u00e4r vi har en praktfull utsikt, \u00e5t ena h\u00e5llet ser vi Spaniens st\u00f6rsta hamn vid Medelhavet med Cristoffer Colombus amerikaskepp Santa Maria och \u00e5t det andra h\u00e5llet har vi Barcelona. Montjuic som \u00e4r en parkanl\u00e4ggning \u00e4r Barcelonas friluftsomr\u00e5de med restauranger, museer, sportinstallationer. H\u00e4r ligger OS-stadion fr\u00e5n 1992 och Fundaci\u00f3 Joan Mir\u00f3s centrum. Vi bes\u00f6ker Poble Espanyol d\u00e4r vi \u00e4ter dagens lunch (ing\u00e5r). Vi ska ocks\u00e5 se Antonio Gaudis m\u00e4sterverk La Sagrada Familia, d\u00e4r vi har m\u00f6jlighet att fotografera denna ber\u00f6mda kyrka fr\u00e5n alla vinklar. Vi g\u00f6r en rundvandring i den vackra och annorlunda Parc G\u00fcell, anlagd av arkitekten Antonio Gaudi d\u00e4r han bodde fram till sin d\u00f6d 1926.<br \/>\nMiddag och \u00f6vernattning p\u00e5 centralt bel\u00e4gna trestj\u00e4rniga hotell Rialto.<\/p>\n<p>Dag 2, 28\/11, Barcelona centrum och de gotiska kvarteren<br \/>\nDen h\u00e4r dagen ska vi l\u00e4ra k\u00e4nna Barcelona till fots, vi b\u00f6rjar d\u00e4r vi bor, i Barri G\u00f3tic, som egentligen \u00e4r den gamla romerska staden med smala gr\u00e4nder och sm\u00e5 torg. I de gotiska kvarteren ligger b\u00e5de La Seu katedralen, Picassomuseet, Generalitat, den katalanska  delstatsregeringen och inte minst \u2013 Barcelonas r\u00e5dhus med balkongen, d\u00e4r FC Barcelonas fotbollslag  har hyllats. Vi promenerar tillsammans till Las Ramblas, det v\u00e4rldsber\u00f6mda str\u00e5ket d\u00e4r tiden aldrig st\u00e5r still, h\u00e4r ligger  t ex Gran Teatre del Liceu, och lite l\u00e4ngre ned Boqueria, Barcelonas mest popul\u00e4ra salumarknad. Lunchen (ing\u00e5r) \u00e4ter vi p\u00e5 Els Quatre Gats, som i b\u00f6rjan av 1900-talet var m\u00f6tesplats f\u00f6r stadens unga konstn\u00e4rer, som t ex Pablo Ruiz Picasso.<br \/>\nEfter lunch forts\u00e4tter promenaden p\u00e5 Paseo de Gracia, Barcelonas kanske elegantaste promenad med elegant arkitektur i art nouveau stil. H\u00e4r ligger Antonio Gaudis tv\u00e5 mest k\u00e4nda civila byggnader, rikemanspalatsen, La Pedrera och Casa Battlo, som f\u00f6r inte s\u00e5 l\u00e4nge sedan \u00e4r inr\u00e4ttade som museer och \u00f6ppna f\u00f6r allm\u00e4nheten. Eventuellt bes\u00f6k \u00e4r inte inkluderat i resans pris.<br \/>\nMiddag och \u00f6vernattning p\u00e5 hotell Rialto***<\/p>\n<p>  Dag 3, 29\/11, Barcelona p\u00e5 egen hand<br \/>\nFrukost p\u00e5 hotellet, d\u00e4refter \u00e4r dagen fri till att uppleva Barcelona p\u00e5 egen hand. Staden har o\u00e4ndliga m\u00f6jligheter till olika \u00f6nskem\u00e5l, fr\u00e5ga g\u00e4rna Siv om tips. Den h\u00e4r dagen g\u00f6r vi ocks\u00e5 en extra utflykt, d v s den \u00e4r ej inkluderad i resans pris, till Salvador Dalis f\u00f6delseby, Figueres.<br \/>\nVi g\u00f6r  en vacker busstur norrut till Figueres, d\u00e4r Salvador var f\u00f6dd och uppv\u00e4xt. Vi bes\u00f6ker museet som \u00f6ppnades 1974. Dali fick stadens nerbrunna teater till f\u00f6rfogande och han ledde sj\u00e4lv inredningen av museet som man utan att \u00f6verdriva kan kalla speciellt. P\u00e5 tre etager finns f\u00f6rutom en stor del av hans m\u00e5lningar \u00e4ven skulpturer.<br \/>\nVi \u00e4ter gemensam lunch (ing\u00e5r) under dagen. \u00c5terresan g\u00e5r genom det gr\u00f6na Katalanska inlandet, genom ett av de mest pittoreska omr\u00e5dena, d\u00e4r vi bes\u00f6ker medel\u00e5ldersbyn Besalu med sina smala gr\u00e4nder som g\u00e5r 1000 \u00e5r tillbaka.<br \/>\nDen h\u00e4r utflykten ska best\u00e4llas och betalas samtidigt som Barcelonaresan.<br \/>\nPris f\u00f6r utflykten  som inkluderar entr\u00e9ebiljetter till museet samt lunch \u00e4r 65 euro.<br \/>\nMiddag och \u00f6vernattning p\u00e5 hotel Rialto*** i Barcelona<\/p>\n<p>Dag 4, 30\/11, Barcelona-Pened\u00e9s-Montserrat-Barcelona-M\u00e1laga<br \/>\nEfter frukost l\u00e4mnar vi Barcelona  och \u00e5ker genom vidstr\u00e4ckta vinodlingar med bergsmassivet Montserrats silluiett i horisonten och k\u00f6r mot \u201dChampagnestaden\u201d Sant Sadurni d\u00c1noia. 80 verksamheter producerar h\u00e4r 90 procent av all \u201dCava\u201d, som det mousserande vinet heter i Spanien.<br \/>\nVi bes\u00f6ker Bodegas Freixenet innan vi forts\u00e4tter till Montserrat d\u00e4r vi har det ber\u00f6mda och vackert bel\u00e4gna Benediktinerklostret. I den imponerande klosterkyrkan p\u00e5 750 m h\u00f6jd finns det svarta Madonnan, \u201dLa Moreneta\u201d som \u00e4r klostrets st\u00f6rsta skatt och blev utskuret i tr\u00e4 f\u00f6r ca 1000 \u00e4r sedan.<br \/>\nI det h\u00e4r klostret finns en av Spaniens mest estimerade pojkskolor, d\u00e4r munkarna undervisar. S\u00e5ng och musik \u00e4r mycket viktiga \u00e4mnen i klostrets exklusiva skola, \u201dLa Escolania\u201d. Gossarna sjunger n\u00e5gra f\u00e5 s\u00e5nger i klosterkyrkan vid huvudaltaret varje dag kl 13.<br \/>\nInnan vi l\u00e4mnar klostret \u00e4ter vi v\u00e5r gemensamma lunch (ing\u00e5r). Fr\u00e5n Montserrat \u00e5ker vi till Barcelonas flygplats f\u00f6r att ta flyget till M\u00e1laga. Flyget avg\u00e5r  kl 18.55 med ankomst Malaga kl 20.25.<\/p>\n","protected":false},"excerpt":{"rendered":"<p>Efter v\u00e5ra succ\u00e9er med Svenska Magasinets jubileumsresor med den auktoriserade guiden Siv Ling har vi som avslutning p\u00e5 h\u00f6stens program lagt in en resa till Barcelona. \u00c4ven om den inte g\u00e5r f\u00f6rr\u00e4n den 27 november \u00e4r det viktigt att anm\u00e4la sig och betala i god tid p\u00e5 grund av flygbiljetterna (se betalningsvillkor nedan). Programtext Siv [&hellip;]<\/p>\n","protected":false},"author":8,"featured_media":5438,"comment_status":"open","ping_status":"open","sticky":false,"template":"","format":"standard","meta":{"_et_pb_use_builder":"","_et_pb_old_content":"","_et_gb_content_width":"","footnotes":""},"categories":[396,4],"tags":[],"class_list":["post-5437","post","type-post","status-publish","format-standard","has-post-thumbnail","hentry","category-arkiv-artiklar","category-artiklar"],"yoast_head":"<!-- This site is optimized with the Yoast SEO Premium plugin v26.2 (Yoast SEO v27.4) - https:\/\/yoast.com\/product\/yoast-seo-premium-wordpress\/ -->\n<title>SvM Resor \u2013 f\u00f6lj med till Barcelona - Svenska Magasinet<\/title>\n<meta name=\"robots\" content=\"noindex, follow, max-snippet:-1, max-image-preview:large, max-video-preview:-1\" \/>\n<meta property=\"og:locale\" content=\"sv_SE\" \/>\n<meta property=\"og:type\" content=\"article\" \/>\n<meta property=\"og:title\" content=\"SvM Resor \u2013 f\u00f6lj med till Barcelona\" \/>\n<meta property=\"og:description\" content=\"Efter v\u00e5ra succ\u00e9er med Svenska Magasinets jubileumsresor med den auktoriserade guiden Siv Ling har vi som avslutning p\u00e5 h\u00f6stens program lagt in en resa till Barcelona. \u00c4ven om den inte g\u00e5r f\u00f6rr\u00e4n den 27 november \u00e4r det viktigt att anm\u00e4la sig och betala i god tid p\u00e5 grund av flygbiljetterna (se betalningsvillkor nedan). Programtext Siv [&hellip;]\" \/>\n<meta property=\"og:url\" content=\"https:\/\/lightweb.dev\/l\/svm-temp\/artiklar\/svm-resor-folj-med-till-barcelona\/\" \/>\n<meta property=\"og:site_name\" content=\"Svenska Magasinet\" \/>\n<meta property=\"article:publisher\" content=\"https:\/\/www.facebook.com\/svenskamagasinet\" \/>\n<meta property=\"article:published_time\" content=\"2014-04-28T22:00:00+00:00\" \/>\n<meta property=\"og:image\" content=\"https:\/\/lightweb.dev\/l\/svm-temp\/wp-content\/uploads\/2022\/04\/svm-resor-flj-med-till-barcelona.png\" \/>\n\t<meta property=\"og:image:width\" content=\"463\" \/>\n\t<meta property=\"og:image:height\" content=\"200\" \/>\n\t<meta property=\"og:image:type\" content=\"image\/png\" \/>\n<meta name=\"author\" content=\"Redaktionen SvM\" \/>\n<meta name=\"twitter:card\" content=\"summary_large_image\" \/>\n<meta name=\"twitter:creator\" content=\"@SvenskaMagasine\" \/>\n<meta name=\"twitter:site\" content=\"@SvenskaMagasine\" \/>\n<script type=\"application\/ld+json\" class=\"yoast-schema-graph\">{\"@context\":\"https:\\\/\\\/schema.org\",\"@graph\":[{\"@type\":\"Article\",\"@id\":\"https:\\\/\\\/lightweb.dev\\\/l\\\/svm-temp\\\/artiklar\\\/svm-resor-folj-med-till-barcelona\\\/#article\",\"isPartOf\":{\"@id\":\"https:\\\/\\\/lightweb.dev\\\/l\\\/svm-temp\\\/artiklar\\\/svm-resor-folj-med-till-barcelona\\\/\"},\"author\":{\"name\":\"Redaktionen SvM\",\"@id\":\"https:\\\/\\\/lightweb.dev\\\/l\\\/svm-temp\\\/#\\\/schema\\\/person\\\/206a3bda5b607b0c25e1749191e4d837\"},\"headline\":\"SvM Resor \u2013 f\u00f6lj med till Barcelona\",\"datePublished\":\"2014-04-28T22:00:00+00:00\",\"mainEntityOfPage\":{\"@id\":\"https:\\\/\\\/lightweb.dev\\\/l\\\/svm-temp\\\/artiklar\\\/svm-resor-folj-med-till-barcelona\\\/\"},\"wordCount\":1203,\"commentCount\":0,\"publisher\":{\"@id\":\"https:\\\/\\\/lightweb.dev\\\/l\\\/svm-temp\\\/#organization\"},\"image\":{\"@id\":\"https:\\\/\\\/lightweb.dev\\\/l\\\/svm-temp\\\/artiklar\\\/svm-resor-folj-med-till-barcelona\\\/#primaryimage\"},\"thumbnailUrl\":\"https:\\\/\\\/lightweb.dev\\\/l\\\/svm-temp\\\/wp-content\\\/uploads\\\/2022\\\/04\\\/svm-resor-flj-med-till-barcelona.png\",\"articleSection\":[\"Arkiv\",\"Artiklar\"],\"inLanguage\":\"sv-SE\"},{\"@type\":\"WebPage\",\"@id\":\"https:\\\/\\\/lightweb.dev\\\/l\\\/svm-temp\\\/artiklar\\\/svm-resor-folj-med-till-barcelona\\\/\",\"url\":\"https:\\\/\\\/lightweb.dev\\\/l\\\/svm-temp\\\/artiklar\\\/svm-resor-folj-med-till-barcelona\\\/\",\"name\":\"SvM Resor \u2013 f\u00f6lj med till Barcelona - Svenska Magasinet\",\"isPartOf\":{\"@id\":\"https:\\\/\\\/lightweb.dev\\\/l\\\/svm-temp\\\/#website\"},\"primaryImageOfPage\":{\"@id\":\"https:\\\/\\\/lightweb.dev\\\/l\\\/svm-temp\\\/artiklar\\\/svm-resor-folj-med-till-barcelona\\\/#primaryimage\"},\"image\":{\"@id\":\"https:\\\/\\\/lightweb.dev\\\/l\\\/svm-temp\\\/artiklar\\\/svm-resor-folj-med-till-barcelona\\\/#primaryimage\"},\"thumbnailUrl\":\"https:\\\/\\\/lightweb.dev\\\/l\\\/svm-temp\\\/wp-content\\\/uploads\\\/2022\\\/04\\\/svm-resor-flj-med-till-barcelona.png\",\"datePublished\":\"2014-04-28T22:00:00+00:00\",\"breadcrumb\":{\"@id\":\"https:\\\/\\\/lightweb.dev\\\/l\\\/svm-temp\\\/artiklar\\\/svm-resor-folj-med-till-barcelona\\\/#breadcrumb\"},\"inLanguage\":\"sv-SE\",\"potentialAction\":[{\"@type\":\"ReadAction\",\"target\":[\"https:\\\/\\\/lightweb.dev\\\/l\\\/svm-temp\\\/artiklar\\\/svm-resor-folj-med-till-barcelona\\\/\"]}]},{\"@type\":\"ImageObject\",\"inLanguage\":\"sv-SE\",\"@id\":\"https:\\\/\\\/lightweb.dev\\\/l\\\/svm-temp\\\/artiklar\\\/svm-resor-folj-med-till-barcelona\\\/#primaryimage\",\"url\":\"https:\\\/\\\/lightweb.dev\\\/l\\\/svm-temp\\\/wp-content\\\/uploads\\\/2022\\\/04\\\/svm-resor-flj-med-till-barcelona.png\",\"contentUrl\":\"https:\\\/\\\/lightweb.dev\\\/l\\\/svm-temp\\\/wp-content\\\/uploads\\\/2022\\\/04\\\/svm-resor-flj-med-till-barcelona.png\",\"width\":463,\"height\":200},{\"@type\":\"BreadcrumbList\",\"@id\":\"https:\\\/\\\/lightweb.dev\\\/l\\\/svm-temp\\\/artiklar\\\/svm-resor-folj-med-till-barcelona\\\/#breadcrumb\",\"itemListElement\":[{\"@type\":\"ListItem\",\"position\":1,\"name\":\"Hem\",\"item\":\"https:\\\/\\\/lightweb.dev\\\/l\\\/svm-temp\\\/\"},{\"@type\":\"ListItem\",\"position\":2,\"name\":\"SvM Resor \u2013 f\u00f6lj med till Barcelona\"}]},{\"@type\":\"WebSite\",\"@id\":\"https:\\\/\\\/lightweb.dev\\\/l\\\/svm-temp\\\/#website\",\"url\":\"https:\\\/\\\/lightweb.dev\\\/l\\\/svm-temp\\\/\",\"name\":\"Svenska Magasinet\",\"description\":\"Dina Spanska nyheter p&aring; Svenska\",\"publisher\":{\"@id\":\"https:\\\/\\\/lightweb.dev\\\/l\\\/svm-temp\\\/#organization\"},\"potentialAction\":[{\"@type\":\"SearchAction\",\"target\":{\"@type\":\"EntryPoint\",\"urlTemplate\":\"https:\\\/\\\/lightweb.dev\\\/l\\\/svm-temp\\\/?s={search_term_string}\"},\"query-input\":{\"@type\":\"PropertyValueSpecification\",\"valueRequired\":true,\"valueName\":\"search_term_string\"}}],\"inLanguage\":\"sv-SE\"},{\"@type\":\"Organization\",\"@id\":\"https:\\\/\\\/lightweb.dev\\\/l\\\/svm-temp\\\/#organization\",\"name\":\"Melkerson y Nott SL\",\"alternateName\":\"Svenska Magasinet\",\"url\":\"https:\\\/\\\/lightweb.dev\\\/l\\\/svm-temp\\\/\",\"logo\":{\"@type\":\"ImageObject\",\"inLanguage\":\"sv-SE\",\"@id\":\"https:\\\/\\\/lightweb.dev\\\/l\\\/svm-temp\\\/#\\\/schema\\\/logo\\\/image\\\/\",\"url\":\"https:\\\/\\\/lightweb.dev\\\/l\\\/svm-temp\\\/wp-content\\\/uploads\\\/2025\\\/02\\\/SvM-logo-Xtra-Centrerad-SVART.png\",\"contentUrl\":\"https:\\\/\\\/lightweb.dev\\\/l\\\/svm-temp\\\/wp-content\\\/uploads\\\/2025\\\/02\\\/SvM-logo-Xtra-Centrerad-SVART.png\",\"width\":300,\"height\":99,\"caption\":\"Melkerson y Nott SL\"},\"image\":{\"@id\":\"https:\\\/\\\/lightweb.dev\\\/l\\\/svm-temp\\\/#\\\/schema\\\/logo\\\/image\\\/\"},\"sameAs\":[\"https:\\\/\\\/www.facebook.com\\\/svenskamagasinet\",\"https:\\\/\\\/x.com\\\/SvenskaMagasine\"]},{\"@type\":\"Person\",\"@id\":\"https:\\\/\\\/lightweb.dev\\\/l\\\/svm-temp\\\/#\\\/schema\\\/person\\\/206a3bda5b607b0c25e1749191e4d837\",\"name\":\"Redaktionen SvM\",\"description\":\"Redaktionen\",\"sameAs\":[\"https:\\\/\\\/lightweb.dev\\\/l\\\/svm-temp\"],\"url\":\"https:\\\/\\\/lightweb.dev\\\/l\\\/svm-temp\\\/reporter\\\/redaktionen\\\/\"}]}<\/script>\n<!-- \/ Yoast SEO Premium plugin. -->","yoast_head_json":{"title":"SvM Resor \u2013 f\u00f6lj med till Barcelona - Svenska Magasinet","robots":{"index":"noindex","follow":"follow","max-snippet":"max-snippet:-1","max-image-preview":"max-image-preview:large","max-video-preview":"max-video-preview:-1"},"og_locale":"sv_SE","og_type":"article","og_title":"SvM Resor \u2013 f\u00f6lj med till Barcelona","og_description":"Efter v\u00e5ra succ\u00e9er med Svenska Magasinets jubileumsresor med den auktoriserade guiden Siv Ling har vi som avslutning p\u00e5 h\u00f6stens program lagt in en resa till Barcelona. \u00c4ven om den inte g\u00e5r f\u00f6rr\u00e4n den 27 november \u00e4r det viktigt att anm\u00e4la sig och betala i god tid p\u00e5 grund av flygbiljetterna (se betalningsvillkor nedan). Programtext Siv [&hellip;]","og_url":"https:\/\/lightweb.dev\/l\/svm-temp\/artiklar\/svm-resor-folj-med-till-barcelona\/","og_site_name":"Svenska Magasinet","article_publisher":"https:\/\/www.facebook.com\/svenskamagasinet","article_published_time":"2014-04-28T22:00:00+00:00","og_image":[{"width":463,"height":200,"url":"https:\/\/lightweb.dev\/l\/svm-temp\/wp-content\/uploads\/2022\/04\/svm-resor-flj-med-till-barcelona.png","type":"image\/png"}],"author":"Redaktionen SvM","twitter_card":"summary_large_image","twitter_creator":"@SvenskaMagasine","twitter_site":"@SvenskaMagasine","schema":{"@context":"https:\/\/schema.org","@graph":[{"@type":"Article","@id":"https:\/\/lightweb.dev\/l\/svm-temp\/artiklar\/svm-resor-folj-med-till-barcelona\/#article","isPartOf":{"@id":"https:\/\/lightweb.dev\/l\/svm-temp\/artiklar\/svm-resor-folj-med-till-barcelona\/"},"author":{"name":"Redaktionen SvM","@id":"https:\/\/lightweb.dev\/l\/svm-temp\/#\/schema\/person\/206a3bda5b607b0c25e1749191e4d837"},"headline":"SvM Resor \u2013 f\u00f6lj med till Barcelona","datePublished":"2014-04-28T22:00:00+00:00","mainEntityOfPage":{"@id":"https:\/\/lightweb.dev\/l\/svm-temp\/artiklar\/svm-resor-folj-med-till-barcelona\/"},"wordCount":1203,"commentCount":0,"publisher":{"@id":"https:\/\/lightweb.dev\/l\/svm-temp\/#organization"},"image":{"@id":"https:\/\/lightweb.dev\/l\/svm-temp\/artiklar\/svm-resor-folj-med-till-barcelona\/#primaryimage"},"thumbnailUrl":"https:\/\/lightweb.dev\/l\/svm-temp\/wp-content\/uploads\/2022\/04\/svm-resor-flj-med-till-barcelona.png","articleSection":["Arkiv","Artiklar"],"inLanguage":"sv-SE"},{"@type":"WebPage","@id":"https:\/\/lightweb.dev\/l\/svm-temp\/artiklar\/svm-resor-folj-med-till-barcelona\/","url":"https:\/\/lightweb.dev\/l\/svm-temp\/artiklar\/svm-resor-folj-med-till-barcelona\/","name":"SvM Resor \u2013 f\u00f6lj med till Barcelona - Svenska Magasinet","isPartOf":{"@id":"https:\/\/lightweb.dev\/l\/svm-temp\/#website"},"primaryImageOfPage":{"@id":"https:\/\/lightweb.dev\/l\/svm-temp\/artiklar\/svm-resor-folj-med-till-barcelona\/#primaryimage"},"image":{"@id":"https:\/\/lightweb.dev\/l\/svm-temp\/artiklar\/svm-resor-folj-med-till-barcelona\/#primaryimage"},"thumbnailUrl":"https:\/\/lightweb.dev\/l\/svm-temp\/wp-content\/uploads\/2022\/04\/svm-resor-flj-med-till-barcelona.png","datePublished":"2014-04-28T22:00:00+00:00","breadcrumb":{"@id":"https:\/\/lightweb.dev\/l\/svm-temp\/artiklar\/svm-resor-folj-med-till-barcelona\/#breadcrumb"},"inLanguage":"sv-SE","potentialAction":[{"@type":"ReadAction","target":["https:\/\/lightweb.dev\/l\/svm-temp\/artiklar\/svm-resor-folj-med-till-barcelona\/"]}]},{"@type":"ImageObject","inLanguage":"sv-SE","@id":"https:\/\/lightweb.dev\/l\/svm-temp\/artiklar\/svm-resor-folj-med-till-barcelona\/#primaryimage","url":"https:\/\/lightweb.dev\/l\/svm-temp\/wp-content\/uploads\/2022\/04\/svm-resor-flj-med-till-barcelona.png","contentUrl":"https:\/\/lightweb.dev\/l\/svm-temp\/wp-content\/uploads\/2022\/04\/svm-resor-flj-med-till-barcelona.png","width":463,"height":200},{"@type":"BreadcrumbList","@id":"https:\/\/lightweb.dev\/l\/svm-temp\/artiklar\/svm-resor-folj-med-till-barcelona\/#breadcrumb","itemListElement":[{"@type":"ListItem","position":1,"name":"Hem","item":"https:\/\/lightweb.dev\/l\/svm-temp\/"},{"@type":"ListItem","position":2,"name":"SvM Resor \u2013 f\u00f6lj med till Barcelona"}]},{"@type":"WebSite","@id":"https:\/\/lightweb.dev\/l\/svm-temp\/#website","url":"https:\/\/lightweb.dev\/l\/svm-temp\/","name":"Svenska Magasinet","description":"Dina Spanska nyheter p&aring; Svenska","publisher":{"@id":"https:\/\/lightweb.dev\/l\/svm-temp\/#organization"},"potentialAction":[{"@type":"SearchAction","target":{"@type":"EntryPoint","urlTemplate":"https:\/\/lightweb.dev\/l\/svm-temp\/?s={search_term_string}"},"query-input":{"@type":"PropertyValueSpecification","valueRequired":true,"valueName":"search_term_string"}}],"inLanguage":"sv-SE"},{"@type":"Organization","@id":"https:\/\/lightweb.dev\/l\/svm-temp\/#organization","name":"Melkerson y Nott SL","alternateName":"Svenska Magasinet","url":"https:\/\/lightweb.dev\/l\/svm-temp\/","logo":{"@type":"ImageObject","inLanguage":"sv-SE","@id":"https:\/\/lightweb.dev\/l\/svm-temp\/#\/schema\/logo\/image\/","url":"https:\/\/lightweb.dev\/l\/svm-temp\/wp-content\/uploads\/2025\/02\/SvM-logo-Xtra-Centrerad-SVART.png","contentUrl":"https:\/\/lightweb.dev\/l\/svm-temp\/wp-content\/uploads\/2025\/02\/SvM-logo-Xtra-Centrerad-SVART.png","width":300,"height":99,"caption":"Melkerson y Nott SL"},"image":{"@id":"https:\/\/lightweb.dev\/l\/svm-temp\/#\/schema\/logo\/image\/"},"sameAs":["https:\/\/www.facebook.com\/svenskamagasinet","https:\/\/x.com\/SvenskaMagasine"]},{"@type":"Person","@id":"https:\/\/lightweb.dev\/l\/svm-temp\/#\/schema\/person\/206a3bda5b607b0c25e1749191e4d837","name":"Redaktionen SvM","description":"Redaktionen","sameAs":["https:\/\/lightweb.dev\/l\/svm-temp"],"url":"https:\/\/lightweb.dev\/l\/svm-temp\/reporter\/redaktionen\/"}]}},"_links":{"self":[{"href":"https:\/\/lightweb.dev\/l\/svm-temp\/wp-json\/wp\/v2\/posts\/5437","targetHints":{"allow":["GET"]}}],"collection":[{"href":"https:\/\/lightweb.dev\/l\/svm-temp\/wp-json\/wp\/v2\/posts"}],"about":[{"href":"https:\/\/lightweb.dev\/l\/svm-temp\/wp-json\/wp\/v2\/types\/post"}],"author":[{"embeddable":true,"href":"https:\/\/lightweb.dev\/l\/svm-temp\/wp-json\/wp\/v2\/users\/8"}],"replies":[{"embeddable":true,"href":"https:\/\/lightweb.dev\/l\/svm-temp\/wp-json\/wp\/v2\/comments?post=5437"}],"version-history":[{"count":0,"href":"https:\/\/lightweb.dev\/l\/svm-temp\/wp-json\/wp\/v2\/posts\/5437\/revisions"}],"wp:featuredmedia":[{"embeddable":true,"href":"https:\/\/lightweb.dev\/l\/svm-temp\/wp-json\/wp\/v2\/media\/5438"}],"wp:attachment":[{"href":"https:\/\/lightweb.dev\/l\/svm-temp\/wp-json\/wp\/v2\/media?parent=5437"}],"wp:term":[{"taxonomy":"category","embeddable":true,"href":"https:\/\/lightweb.dev\/l\/svm-temp\/wp-json\/wp\/v2\/categories?post=5437"},{"taxonomy":"post_tag","embeddable":true,"href":"https:\/\/lightweb.dev\/l\/svm-temp\/wp-json\/wp\/v2\/tags?post=5437"}],"curies":[{"name":"wp","href":"https:\/\/api.w.org\/{rel}","templated":true}]}}