{"id":5441,"date":"2014-01-10T00:00:00","date_gmt":"2014-01-09T23:00:00","guid":{"rendered":"https:\/\/lightweb.dev\/l\/svm-temp\/succeresan-till-madrid-fortsatter-hosten-2014\/"},"modified":"2014-01-10T00:00:00","modified_gmt":"2014-01-09T23:00:00","slug":"succeresan-till-madrid-fortsatter-hosten-2014","status":"publish","type":"post","link":"https:\/\/lightweb.dev\/l\/svm-temp\/artiklar\/succeresan-till-madrid-fortsatter-hosten-2014\/","title":{"rendered":"Succ\u00e9resan till Madrid forts\u00e4tter h\u00f6sten 2014"},"content":{"rendered":"<p> Den popul\u00e4ra Madridresan med Svenska Magasinet och Siv Ling kommer i h\u00f6st igen f\u00f6r femte \u00e5ret. Eftersom 2013 \u00e5rs  utflyktsm\u00e5l blev mycket popul\u00e4ra har vi samma program  i Madrids omgivning  p\u00e5 den h\u00e4r resan. Programtext: Siv Ling<\/p>\n<p>Vi kommer  att \u00e5ka till det vackra slottet Aranjuez, \u00e4ven kallad Spaniens Versailles, d\u00e4r de Spanska Kungligheterna tillbringade en stor del av framf\u00f6r allt sommarm\u00e5naderna under flera \u00e5rhundraden. Vi kommer ocks\u00e5 till Segovia bel\u00e4get p\u00e5 en klippa 1000 m \u00f6 h som omges av tv\u00e5 floder.<br \/>\nVarje epok har satt sina sp\u00e5r i Segovia, vilket g\u00f6r den till en av de kulturminnesrikaste st\u00e4derna i Spanien med den romerska akvedukten som \u00e4r stadens mest karakteristiska kulturminnesm\u00e4rke och ett av romartidens mest storslagna byggnadsverk. Att \u00e5ka till Spaniens vackra och intressanta huvudstad Madrid \u00e4r f\u00f6r m\u00e5nga ett m\u00e5ste.<br \/>\nMed sina m\u00e5nga monument och museer har Madrid i det n\u00e4rmaste en outt\u00f6mlig k\u00e4lla av sev\u00e4rdheter som Museo del Prado, ett av v\u00e4rldens f\u00f6rn\u00e4msta konstgallerier, Museo Thyssen Bornemisza som har en av v\u00e4rldens fr\u00e4msta privata konstsamlingar samt Museo Nacional Centro de Arte Reina Sof\u00eda d\u00e4r vi bland annat kan se Picassos k\u00e4nda verk \u201dGuernica\u201d. Palacio Real (Det Kungliga Slottet) \u00e4r ocks\u00e5 v\u00e4rt ett bes\u00f6k.<\/p>\n<p>Eller varf\u00f6r inte \u201dbara\u201d flanera p\u00e5 de vackra avenyerna och pr\u00f6va n\u00e5gon tapas p\u00e5 alla dessa barer som finns och uppleva folklivet, en promenad i den vackra Retiro parken, eller shoppa p\u00e5 de eleganta aff\u00e4rsgatorna.<br \/>\nVi har \u00e4ven i \u00e5rets resa lagt in utflykterna p\u00e5 f\u00f6rmiddagarna s\u00e5 att vi har eftermiddagarna fria till eget f\u00f6rfogande f\u00f6r att utforska Madrid p\u00e5 egen hand eller  f\u00f6r dem som vill se mer av Madrids omgivning finns det guidade eftermiddagsturer med internationella grupper som man kan anm\u00e4la sig till och betala  i hotellets reception.<\/p>\n<p>Dag 1. 21 november, M\u00e1laga-Madrid<br \/>\nVi reser klockan 11.00 fr\u00e5n M\u00e1lagas t\u00e5gstation Maria Zambrano med h\u00f6ghastighets-t\u00e5get AVE i upp till 300 km\/h. T\u00e5get \u00e4r framme i Madrid klockan 13.40. Vid framkomsten k\u00f6r vi direkt till hotell Ganivet, centralt bel\u00e4get p\u00e5 calle \u201dToledo (vid Puerta de Toledo).<br \/>\nF\u00f6r att l\u00e4ra k\u00e4nna Madrid g\u00f6r vi en stadsrundtur med buss d\u00e4r vi passerar b\u00e5de Habsburgarnas och Bourbonernas Madrid. P\u00e5 kv\u00e4llen \u00e5ker vi till en av Madrids anrika restauranger d\u00e4r Svenska Magasinet bjuder hela v\u00e5r grupp p\u00e5 en v\u00e4lkomstmiddag. Huvudr\u00e4tten \u00e4r ugnstekt lamm. Efter middagen k\u00f6r bussen oss tillbaka till hotell Ganivet.<\/p>\n<p>Dag 2. 22 november, Madrid-Valle de los Caidos-El Pardo<br \/>\nEfter frukost p\u00e5 hotellet \u00e5ker vi ca 50  km i nordv\u00e4stlig riktning till Valle de los Caidos, (de stupades dal), monumentet som General Franco l\u00e4t uppf\u00f6ra efter det spanska inb\u00f6rdeskriget till minne av krigets offer. Det s\u00e4gs ligga \u00f6ver 40.000 soldater begravda i kryptan. H\u00e4r ligger ocks\u00e5 General Franco begravd liksom Jos\u00e9 Antonio Primo de Rivera. Monumentet som ligger vid foten av Guadarramabergen har ett 150 meter h\u00f6gt kors i granit.<br \/>\nOm basilican \u00e4r \u00f6ppen g\u00e5r vi in och ser bl a de vackra gobel\u00e4ngerna (originalen fr\u00e5n 1500-talet). Fr\u00e5n Valle de Los Caidos forts\u00e4tter vi till den lilla byn el Pardo som ligger 7 km fr\u00e5n Madrid. El Pardo \u00e4r en liten by med endast ca 3.500 inv\u00e5nare och ligger vid Monte el Pardo, ett stort naturskyddsomr\u00e5de med bland annar stora ekskogar. Detta var tidigare ett jaktreservat f\u00f6r de spanska kungarna och det f\u00f6rsta jaktslottet byggdes redan p\u00e5 1400-talet. Sedan dess har slottet genomg\u00e5tt kontinuerliga ombyggnader under \u00e5rhundradena och fick sin nuvarande form f\u00f6rst under kung Alfonso XIII:s regering i b\u00f6rjan av 1900-talet.<br \/>\nSlottet var ocks\u00e5 residens \u00e5t General Francisco Franco fram till hans d\u00f6d 1975. I v\u00e5r tid anv\u00e4nds slottet som g\u00e4stbostad vid utl\u00e4ndska stasbes\u00f6k. Bland annat har det svenska kungaparet vistats h\u00e4r vid ett antal tillf\u00e4llen. N\u00e4r det inte \u00e4r stadsbes\u00f6k \u00e4r slottet \u00f6ppet f\u00f6r allm\u00e4nheten och vi g\u00f6ra en rundvandring i slottet.<br \/>\nVi \u00e4r tillbaka i Madrid vid lunchdags, eftermiddagen och kv\u00e4llen fri i Madrid.<\/p>\n<p>  Dag  3. 23 november. Madrid-Aranjuez-Madrid<br \/>\nEfter frukost p\u00e5 hotellet \u00e5ker vi s\u00f6derut till Aranjuez, \u00e4ven kallad Spaniens Versailles. Med sina vackra parkanl\u00e4ggningar \u00e4r det ett popul\u00e4rt utflyktsm\u00e5l f\u00f6r Madridborna. Vi g\u00f6r en rundvandring  i slottet som har bebotts b\u00e5de av Habsburgska och Bourbonska kungligheter, framf\u00f6r allt under sommarm\u00e5naderna. Slottet \u00e4r gudomligt \u2013 ett palats som fallit alla spanska kungligheter i smaken och anv\u00e4ndes flitigt fram till mitten av 1800-talet d\u00e5 de upph\u00f6rde med att utnyttja slottet och idag \u00e4r det ett museum.<br \/>\nSlottet b\u00f6rjade byggas p\u00e5 1500-talet under Filip den II, och f\u00e4rdigst\u00e4lldes p\u00e5 1700-talet d\u00e5 det fick mycket av den franska pampigheten i sin inredning. Slottet har en stor patio, med alla sidor mot tr\u00e4dg\u00e5rdar. De vackra tr\u00e4dg\u00e5rdarna, vattendammarna och font\u00e4nerna pryder Aranjuez omgivning  som ocks\u00e5 var popul\u00e4ra jaktmarker f\u00f6r de spanska kungarna.<br \/>\nM\u00e5nga har  kanske h\u00f6rt talas om Joaqu\u00edn Rodrigos ber\u00f6mda gitarrkonsert \u201dConcierto de Aranjuez\u201d. Eftermiddagen fri i Madrid.<\/p>\n<p>Dag  4, 24 november, Madrid-Segovia-Madrid-M\u00e1laga<br \/>\nEfter frukost p\u00e5 hotellet \u00e5ker vi norrut till Segovia (ca 90 km). Segovia  har ett uppseendev\u00e4ckande l\u00e4ge. Den gamla staden ligger h\u00f6gt p\u00e5 ett klipputspr\u00e5ng och omges av tv\u00e5 floder. Segovia j\u00e4mf\u00f6rs ofta med ett skepp, l\u00e4ngst ut p\u00e5 den skarpa klippspetsen ligger \u00c1lcazar som ett sagoslott. Borgen har varit sk\u00e5deplats f\u00f6r m\u00e5nga viktiga historiska h\u00e4ndelser.<br \/>\nDen romerska akvedukten \u00e4r ett av v\u00e4rldens b\u00e4st bevarade romerska byggnadsverk. Denna imponerande anl\u00e4ggning \u00e4r byggd av stora granitstenar utan murbruk. Den var fortfarande i bruk under 1800-talet och f\u00f6rde vatten fr\u00e5n Fuenfr\u00e1bergen till Segovia, en str\u00e4cka p\u00e5 17 km. Akvedukten har 119 m\u00e4ktiga b\u00e5gar, upp till 28 m h\u00f6ga, och \u00e4r 728 m l\u00e5ng.<br \/>\nI Segovia har vi den sista genomsamma lunchen med sp\u00e4dgris som huvudr\u00e4tt, innan vi \u00e5ker tillbaka till Madrid och Atochastationen f\u00f6r att ta t\u00e5get till Malaga. AVE t\u00e5get avg\u00e5r kl 17.35 och anl\u00e4nder Malaga kl 20.35.<\/p>\n<p>Pris fr\u00e5n M\u00e1laga: per person i dubbelrum, min 30 pax, Pris 2014, ca 445.00 \u20ac<br \/>\nPris fr\u00e5n Madrid: 380 euro.<br \/>\nEnkelrumstill\u00e4gg, Pris 2014: 115.00 \u20ac<\/p>\n<p>I priset ing\u00e5r: AVE-t\u00e5get, M\u00e1laga-Madrid-M\u00e1laga, tre n\u00e4tter p\u00e5 centralt bel\u00e4get hotell med frukost, auktoriserad guide, (Siv Ling) under hela resan, buss med luftkonditionering p\u00e5 de ovan n\u00e4mnda utflykterna, entr\u00e9 till El Pardo och slottet Aranjuez, festmiddag med  ugnstekt lamm f\u00f6rsta kv\u00e4llen i Madrid och lunch med sp\u00e4dgris i Segovia sista dagen.<\/p>\n<p>Anm\u00e4lan kan g\u00f6ras hos Ruta\/Solar Resebyr\u00e5, Pasaje La Pandereta s\/n, 29640 Fuengirola, tel: +34 952 479 954 eller +34 952 479 958, e-post: fuengirola@rutasolar.com<\/p>\n<p>Eventuella fr\u00e5gor kan ocks\u00e5 g\u00f6ras till Siv Ling p\u00e5 +34 609 577 162, e-post:siv.ling@telefonica.net<\/p>\n","protected":false},"excerpt":{"rendered":"<p>Den popul\u00e4ra Madridresan med Svenska Magasinet och Siv Ling kommer i h\u00f6st igen f\u00f6r femte \u00e5ret. Eftersom 2013 \u00e5rs utflyktsm\u00e5l blev mycket popul\u00e4ra har vi samma program i Madrids omgivning p\u00e5 den h\u00e4r resan. Programtext: Siv Ling Vi kommer att \u00e5ka till det vackra slottet Aranjuez, \u00e4ven kallad Spaniens Versailles, d\u00e4r de Spanska Kungligheterna tillbringade [&hellip;]<\/p>\n","protected":false},"author":8,"featured_media":5442,"comment_status":"open","ping_status":"open","sticky":false,"template":"","format":"standard","meta":{"_et_pb_use_builder":"","_et_pb_old_content":"","_et_gb_content_width":"","footnotes":""},"categories":[396,4],"tags":[],"class_list":["post-5441","post","type-post","status-publish","format-standard","has-post-thumbnail","hentry","category-arkiv-artiklar","category-artiklar"],"yoast_head":"<!-- This site is optimized with the Yoast SEO Premium plugin v26.2 (Yoast SEO v27.5) - https:\/\/yoast.com\/product\/yoast-seo-premium-wordpress\/ -->\n<title>Succ\u00e9resan till Madrid forts\u00e4tter h\u00f6sten 2014 - Svenska Magasinet<\/title>\n<meta name=\"robots\" content=\"noindex, follow, max-snippet:-1, max-image-preview:large, max-video-preview:-1\" \/>\n<meta property=\"og:locale\" content=\"sv_SE\" \/>\n<meta property=\"og:type\" content=\"article\" \/>\n<meta property=\"og:title\" content=\"Succ\u00e9resan till Madrid forts\u00e4tter h\u00f6sten 2014\" \/>\n<meta property=\"og:description\" content=\"Den popul\u00e4ra Madridresan med Svenska Magasinet och Siv Ling kommer i h\u00f6st igen f\u00f6r femte \u00e5ret. Eftersom 2013 \u00e5rs utflyktsm\u00e5l blev mycket popul\u00e4ra har vi samma program i Madrids omgivning p\u00e5 den h\u00e4r resan. Programtext: Siv Ling Vi kommer att \u00e5ka till det vackra slottet Aranjuez, \u00e4ven kallad Spaniens Versailles, d\u00e4r de Spanska Kungligheterna tillbringade [&hellip;]\" \/>\n<meta property=\"og:url\" content=\"https:\/\/lightweb.dev\/l\/svm-temp\/artiklar\/succeresan-till-madrid-fortsatter-hosten-2014\/\" \/>\n<meta property=\"og:site_name\" content=\"Svenska Magasinet\" \/>\n<meta property=\"article:publisher\" content=\"https:\/\/www.facebook.com\/svenskamagasinet\" \/>\n<meta property=\"article:published_time\" content=\"2014-01-09T23:00:00+00:00\" \/>\n<meta property=\"og:image\" content=\"https:\/\/lightweb.dev\/l\/svm-temp\/wp-content\/uploads\/2022\/04\/succresan-till-madrid-fortstter-hsten-2014.png\" \/>\n\t<meta property=\"og:image:width\" content=\"299\" \/>\n\t<meta property=\"og:image:height\" content=\"200\" \/>\n\t<meta property=\"og:image:type\" content=\"image\/png\" \/>\n<meta name=\"author\" content=\"Redaktionen SvM\" \/>\n<meta name=\"twitter:card\" content=\"summary_large_image\" \/>\n<meta name=\"twitter:creator\" content=\"@SvenskaMagasine\" \/>\n<meta name=\"twitter:site\" content=\"@SvenskaMagasine\" \/>\n<script type=\"application\/ld+json\" class=\"yoast-schema-graph\">{\"@context\":\"https:\\\/\\\/schema.org\",\"@graph\":[{\"@type\":\"Article\",\"@id\":\"https:\\\/\\\/lightweb.dev\\\/l\\\/svm-temp\\\/artiklar\\\/succeresan-till-madrid-fortsatter-hosten-2014\\\/#article\",\"isPartOf\":{\"@id\":\"https:\\\/\\\/lightweb.dev\\\/l\\\/svm-temp\\\/artiklar\\\/succeresan-till-madrid-fortsatter-hosten-2014\\\/\"},\"author\":{\"name\":\"Redaktionen SvM\",\"@id\":\"https:\\\/\\\/lightweb.dev\\\/l\\\/svm-temp\\\/#\\\/schema\\\/person\\\/206a3bda5b607b0c25e1749191e4d837\"},\"headline\":\"Succ\u00e9resan till Madrid forts\u00e4tter h\u00f6sten 2014\",\"datePublished\":\"2014-01-09T23:00:00+00:00\",\"mainEntityOfPage\":{\"@id\":\"https:\\\/\\\/lightweb.dev\\\/l\\\/svm-temp\\\/artiklar\\\/succeresan-till-madrid-fortsatter-hosten-2014\\\/\"},\"wordCount\":1187,\"commentCount\":0,\"publisher\":{\"@id\":\"https:\\\/\\\/lightweb.dev\\\/l\\\/svm-temp\\\/#organization\"},\"image\":{\"@id\":\"https:\\\/\\\/lightweb.dev\\\/l\\\/svm-temp\\\/artiklar\\\/succeresan-till-madrid-fortsatter-hosten-2014\\\/#primaryimage\"},\"thumbnailUrl\":\"https:\\\/\\\/lightweb.dev\\\/l\\\/svm-temp\\\/wp-content\\\/uploads\\\/2022\\\/04\\\/succresan-till-madrid-fortstter-hsten-2014.png\",\"articleSection\":[\"Arkiv\",\"Artiklar\"],\"inLanguage\":\"sv-SE\"},{\"@type\":\"WebPage\",\"@id\":\"https:\\\/\\\/lightweb.dev\\\/l\\\/svm-temp\\\/artiklar\\\/succeresan-till-madrid-fortsatter-hosten-2014\\\/\",\"url\":\"https:\\\/\\\/lightweb.dev\\\/l\\\/svm-temp\\\/artiklar\\\/succeresan-till-madrid-fortsatter-hosten-2014\\\/\",\"name\":\"Succ\u00e9resan till Madrid forts\u00e4tter h\u00f6sten 2014 - Svenska Magasinet\",\"isPartOf\":{\"@id\":\"https:\\\/\\\/lightweb.dev\\\/l\\\/svm-temp\\\/#website\"},\"primaryImageOfPage\":{\"@id\":\"https:\\\/\\\/lightweb.dev\\\/l\\\/svm-temp\\\/artiklar\\\/succeresan-till-madrid-fortsatter-hosten-2014\\\/#primaryimage\"},\"image\":{\"@id\":\"https:\\\/\\\/lightweb.dev\\\/l\\\/svm-temp\\\/artiklar\\\/succeresan-till-madrid-fortsatter-hosten-2014\\\/#primaryimage\"},\"thumbnailUrl\":\"https:\\\/\\\/lightweb.dev\\\/l\\\/svm-temp\\\/wp-content\\\/uploads\\\/2022\\\/04\\\/succresan-till-madrid-fortstter-hsten-2014.png\",\"datePublished\":\"2014-01-09T23:00:00+00:00\",\"breadcrumb\":{\"@id\":\"https:\\\/\\\/lightweb.dev\\\/l\\\/svm-temp\\\/artiklar\\\/succeresan-till-madrid-fortsatter-hosten-2014\\\/#breadcrumb\"},\"inLanguage\":\"sv-SE\",\"potentialAction\":[{\"@type\":\"ReadAction\",\"target\":[\"https:\\\/\\\/lightweb.dev\\\/l\\\/svm-temp\\\/artiklar\\\/succeresan-till-madrid-fortsatter-hosten-2014\\\/\"]}]},{\"@type\":\"ImageObject\",\"inLanguage\":\"sv-SE\",\"@id\":\"https:\\\/\\\/lightweb.dev\\\/l\\\/svm-temp\\\/artiklar\\\/succeresan-till-madrid-fortsatter-hosten-2014\\\/#primaryimage\",\"url\":\"https:\\\/\\\/lightweb.dev\\\/l\\\/svm-temp\\\/wp-content\\\/uploads\\\/2022\\\/04\\\/succresan-till-madrid-fortstter-hsten-2014.png\",\"contentUrl\":\"https:\\\/\\\/lightweb.dev\\\/l\\\/svm-temp\\\/wp-content\\\/uploads\\\/2022\\\/04\\\/succresan-till-madrid-fortstter-hsten-2014.png\",\"width\":299,\"height\":200},{\"@type\":\"BreadcrumbList\",\"@id\":\"https:\\\/\\\/lightweb.dev\\\/l\\\/svm-temp\\\/artiklar\\\/succeresan-till-madrid-fortsatter-hosten-2014\\\/#breadcrumb\",\"itemListElement\":[{\"@type\":\"ListItem\",\"position\":1,\"name\":\"Hem\",\"item\":\"https:\\\/\\\/lightweb.dev\\\/l\\\/svm-temp\\\/\"},{\"@type\":\"ListItem\",\"position\":2,\"name\":\"Succ\u00e9resan till Madrid forts\u00e4tter h\u00f6sten 2014\"}]},{\"@type\":\"WebSite\",\"@id\":\"https:\\\/\\\/lightweb.dev\\\/l\\\/svm-temp\\\/#website\",\"url\":\"https:\\\/\\\/lightweb.dev\\\/l\\\/svm-temp\\\/\",\"name\":\"Svenska Magasinet\",\"description\":\"Dina Spanska nyheter p&aring; Svenska\",\"publisher\":{\"@id\":\"https:\\\/\\\/lightweb.dev\\\/l\\\/svm-temp\\\/#organization\"},\"potentialAction\":[{\"@type\":\"SearchAction\",\"target\":{\"@type\":\"EntryPoint\",\"urlTemplate\":\"https:\\\/\\\/lightweb.dev\\\/l\\\/svm-temp\\\/?s={search_term_string}\"},\"query-input\":{\"@type\":\"PropertyValueSpecification\",\"valueRequired\":true,\"valueName\":\"search_term_string\"}}],\"inLanguage\":\"sv-SE\"},{\"@type\":\"Organization\",\"@id\":\"https:\\\/\\\/lightweb.dev\\\/l\\\/svm-temp\\\/#organization\",\"name\":\"Melkerson y Nott SL\",\"alternateName\":\"Svenska Magasinet\",\"url\":\"https:\\\/\\\/lightweb.dev\\\/l\\\/svm-temp\\\/\",\"logo\":{\"@type\":\"ImageObject\",\"inLanguage\":\"sv-SE\",\"@id\":\"https:\\\/\\\/lightweb.dev\\\/l\\\/svm-temp\\\/#\\\/schema\\\/logo\\\/image\\\/\",\"url\":\"https:\\\/\\\/lightweb.dev\\\/l\\\/svm-temp\\\/wp-content\\\/uploads\\\/2025\\\/02\\\/SvM-logo-Xtra-Centrerad-SVART.png\",\"contentUrl\":\"https:\\\/\\\/lightweb.dev\\\/l\\\/svm-temp\\\/wp-content\\\/uploads\\\/2025\\\/02\\\/SvM-logo-Xtra-Centrerad-SVART.png\",\"width\":300,\"height\":99,\"caption\":\"Melkerson y Nott SL\"},\"image\":{\"@id\":\"https:\\\/\\\/lightweb.dev\\\/l\\\/svm-temp\\\/#\\\/schema\\\/logo\\\/image\\\/\"},\"sameAs\":[\"https:\\\/\\\/www.facebook.com\\\/svenskamagasinet\",\"https:\\\/\\\/x.com\\\/SvenskaMagasine\"]},{\"@type\":\"Person\",\"@id\":\"https:\\\/\\\/lightweb.dev\\\/l\\\/svm-temp\\\/#\\\/schema\\\/person\\\/206a3bda5b607b0c25e1749191e4d837\",\"name\":\"Redaktionen SvM\",\"description\":\"Redaktionen\",\"sameAs\":[\"https:\\\/\\\/lightweb.dev\\\/l\\\/svm-temp\"],\"url\":\"https:\\\/\\\/lightweb.dev\\\/l\\\/svm-temp\\\/reporter\\\/redaktionen\\\/\"}]}<\/script>\n<!-- \/ Yoast SEO Premium plugin. -->","yoast_head_json":{"title":"Succ\u00e9resan till Madrid forts\u00e4tter h\u00f6sten 2014 - Svenska Magasinet","robots":{"index":"noindex","follow":"follow","max-snippet":"max-snippet:-1","max-image-preview":"max-image-preview:large","max-video-preview":"max-video-preview:-1"},"og_locale":"sv_SE","og_type":"article","og_title":"Succ\u00e9resan till Madrid forts\u00e4tter h\u00f6sten 2014","og_description":"Den popul\u00e4ra Madridresan med Svenska Magasinet och Siv Ling kommer i h\u00f6st igen f\u00f6r femte \u00e5ret. Eftersom 2013 \u00e5rs utflyktsm\u00e5l blev mycket popul\u00e4ra har vi samma program i Madrids omgivning p\u00e5 den h\u00e4r resan. Programtext: Siv Ling Vi kommer att \u00e5ka till det vackra slottet Aranjuez, \u00e4ven kallad Spaniens Versailles, d\u00e4r de Spanska Kungligheterna tillbringade [&hellip;]","og_url":"https:\/\/lightweb.dev\/l\/svm-temp\/artiklar\/succeresan-till-madrid-fortsatter-hosten-2014\/","og_site_name":"Svenska Magasinet","article_publisher":"https:\/\/www.facebook.com\/svenskamagasinet","article_published_time":"2014-01-09T23:00:00+00:00","og_image":[{"width":299,"height":200,"url":"https:\/\/lightweb.dev\/l\/svm-temp\/wp-content\/uploads\/2022\/04\/succresan-till-madrid-fortstter-hsten-2014.png","type":"image\/png"}],"author":"Redaktionen SvM","twitter_card":"summary_large_image","twitter_creator":"@SvenskaMagasine","twitter_site":"@SvenskaMagasine","schema":{"@context":"https:\/\/schema.org","@graph":[{"@type":"Article","@id":"https:\/\/lightweb.dev\/l\/svm-temp\/artiklar\/succeresan-till-madrid-fortsatter-hosten-2014\/#article","isPartOf":{"@id":"https:\/\/lightweb.dev\/l\/svm-temp\/artiklar\/succeresan-till-madrid-fortsatter-hosten-2014\/"},"author":{"name":"Redaktionen SvM","@id":"https:\/\/lightweb.dev\/l\/svm-temp\/#\/schema\/person\/206a3bda5b607b0c25e1749191e4d837"},"headline":"Succ\u00e9resan till Madrid forts\u00e4tter h\u00f6sten 2014","datePublished":"2014-01-09T23:00:00+00:00","mainEntityOfPage":{"@id":"https:\/\/lightweb.dev\/l\/svm-temp\/artiklar\/succeresan-till-madrid-fortsatter-hosten-2014\/"},"wordCount":1187,"commentCount":0,"publisher":{"@id":"https:\/\/lightweb.dev\/l\/svm-temp\/#organization"},"image":{"@id":"https:\/\/lightweb.dev\/l\/svm-temp\/artiklar\/succeresan-till-madrid-fortsatter-hosten-2014\/#primaryimage"},"thumbnailUrl":"https:\/\/lightweb.dev\/l\/svm-temp\/wp-content\/uploads\/2022\/04\/succresan-till-madrid-fortstter-hsten-2014.png","articleSection":["Arkiv","Artiklar"],"inLanguage":"sv-SE"},{"@type":"WebPage","@id":"https:\/\/lightweb.dev\/l\/svm-temp\/artiklar\/succeresan-till-madrid-fortsatter-hosten-2014\/","url":"https:\/\/lightweb.dev\/l\/svm-temp\/artiklar\/succeresan-till-madrid-fortsatter-hosten-2014\/","name":"Succ\u00e9resan till Madrid forts\u00e4tter h\u00f6sten 2014 - Svenska Magasinet","isPartOf":{"@id":"https:\/\/lightweb.dev\/l\/svm-temp\/#website"},"primaryImageOfPage":{"@id":"https:\/\/lightweb.dev\/l\/svm-temp\/artiklar\/succeresan-till-madrid-fortsatter-hosten-2014\/#primaryimage"},"image":{"@id":"https:\/\/lightweb.dev\/l\/svm-temp\/artiklar\/succeresan-till-madrid-fortsatter-hosten-2014\/#primaryimage"},"thumbnailUrl":"https:\/\/lightweb.dev\/l\/svm-temp\/wp-content\/uploads\/2022\/04\/succresan-till-madrid-fortstter-hsten-2014.png","datePublished":"2014-01-09T23:00:00+00:00","breadcrumb":{"@id":"https:\/\/lightweb.dev\/l\/svm-temp\/artiklar\/succeresan-till-madrid-fortsatter-hosten-2014\/#breadcrumb"},"inLanguage":"sv-SE","potentialAction":[{"@type":"ReadAction","target":["https:\/\/lightweb.dev\/l\/svm-temp\/artiklar\/succeresan-till-madrid-fortsatter-hosten-2014\/"]}]},{"@type":"ImageObject","inLanguage":"sv-SE","@id":"https:\/\/lightweb.dev\/l\/svm-temp\/artiklar\/succeresan-till-madrid-fortsatter-hosten-2014\/#primaryimage","url":"https:\/\/lightweb.dev\/l\/svm-temp\/wp-content\/uploads\/2022\/04\/succresan-till-madrid-fortstter-hsten-2014.png","contentUrl":"https:\/\/lightweb.dev\/l\/svm-temp\/wp-content\/uploads\/2022\/04\/succresan-till-madrid-fortstter-hsten-2014.png","width":299,"height":200},{"@type":"BreadcrumbList","@id":"https:\/\/lightweb.dev\/l\/svm-temp\/artiklar\/succeresan-till-madrid-fortsatter-hosten-2014\/#breadcrumb","itemListElement":[{"@type":"ListItem","position":1,"name":"Hem","item":"https:\/\/lightweb.dev\/l\/svm-temp\/"},{"@type":"ListItem","position":2,"name":"Succ\u00e9resan till Madrid forts\u00e4tter h\u00f6sten 2014"}]},{"@type":"WebSite","@id":"https:\/\/lightweb.dev\/l\/svm-temp\/#website","url":"https:\/\/lightweb.dev\/l\/svm-temp\/","name":"Svenska Magasinet","description":"Dina Spanska nyheter p&aring; Svenska","publisher":{"@id":"https:\/\/lightweb.dev\/l\/svm-temp\/#organization"},"potentialAction":[{"@type":"SearchAction","target":{"@type":"EntryPoint","urlTemplate":"https:\/\/lightweb.dev\/l\/svm-temp\/?s={search_term_string}"},"query-input":{"@type":"PropertyValueSpecification","valueRequired":true,"valueName":"search_term_string"}}],"inLanguage":"sv-SE"},{"@type":"Organization","@id":"https:\/\/lightweb.dev\/l\/svm-temp\/#organization","name":"Melkerson y Nott SL","alternateName":"Svenska Magasinet","url":"https:\/\/lightweb.dev\/l\/svm-temp\/","logo":{"@type":"ImageObject","inLanguage":"sv-SE","@id":"https:\/\/lightweb.dev\/l\/svm-temp\/#\/schema\/logo\/image\/","url":"https:\/\/lightweb.dev\/l\/svm-temp\/wp-content\/uploads\/2025\/02\/SvM-logo-Xtra-Centrerad-SVART.png","contentUrl":"https:\/\/lightweb.dev\/l\/svm-temp\/wp-content\/uploads\/2025\/02\/SvM-logo-Xtra-Centrerad-SVART.png","width":300,"height":99,"caption":"Melkerson y Nott SL"},"image":{"@id":"https:\/\/lightweb.dev\/l\/svm-temp\/#\/schema\/logo\/image\/"},"sameAs":["https:\/\/www.facebook.com\/svenskamagasinet","https:\/\/x.com\/SvenskaMagasine"]},{"@type":"Person","@id":"https:\/\/lightweb.dev\/l\/svm-temp\/#\/schema\/person\/206a3bda5b607b0c25e1749191e4d837","name":"Redaktionen SvM","description":"Redaktionen","sameAs":["https:\/\/lightweb.dev\/l\/svm-temp"],"url":"https:\/\/lightweb.dev\/l\/svm-temp\/reporter\/redaktionen\/"}]}},"_links":{"self":[{"href":"https:\/\/lightweb.dev\/l\/svm-temp\/wp-json\/wp\/v2\/posts\/5441","targetHints":{"allow":["GET"]}}],"collection":[{"href":"https:\/\/lightweb.dev\/l\/svm-temp\/wp-json\/wp\/v2\/posts"}],"about":[{"href":"https:\/\/lightweb.dev\/l\/svm-temp\/wp-json\/wp\/v2\/types\/post"}],"author":[{"embeddable":true,"href":"https:\/\/lightweb.dev\/l\/svm-temp\/wp-json\/wp\/v2\/users\/8"}],"replies":[{"embeddable":true,"href":"https:\/\/lightweb.dev\/l\/svm-temp\/wp-json\/wp\/v2\/comments?post=5441"}],"version-history":[{"count":0,"href":"https:\/\/lightweb.dev\/l\/svm-temp\/wp-json\/wp\/v2\/posts\/5441\/revisions"}],"wp:featuredmedia":[{"embeddable":true,"href":"https:\/\/lightweb.dev\/l\/svm-temp\/wp-json\/wp\/v2\/media\/5442"}],"wp:attachment":[{"href":"https:\/\/lightweb.dev\/l\/svm-temp\/wp-json\/wp\/v2\/media?parent=5441"}],"wp:term":[{"taxonomy":"category","embeddable":true,"href":"https:\/\/lightweb.dev\/l\/svm-temp\/wp-json\/wp\/v2\/categories?post=5441"},{"taxonomy":"post_tag","embeddable":true,"href":"https:\/\/lightweb.dev\/l\/svm-temp\/wp-json\/wp\/v2\/tags?post=5441"}],"curies":[{"name":"wp","href":"https:\/\/api.w.org\/{rel}","templated":true}]}}