{"id":54493,"date":"2008-01-09T00:00:00","date_gmt":"2008-01-08T23:00:00","guid":{"rendered":"https:\/\/lightweb.dev\/l\/svm-temp\/nyheter\/kosmopolitiska-nerja\/"},"modified":"2008-01-09T00:00:00","modified_gmt":"2008-01-08T23:00:00","slug":"kosmopolitiska-nerja","status":"publish","type":"post","link":"https:\/\/lightweb.dev\/l\/svm-temp\/nyheter\/kosmopolitiska-nerja\/","title":{"rendered":"Kosmopolitiska Nerja"},"content":{"rendered":"<p> Det str\u00f6mmar s\u00e5 h\u00e4r i b\u00f6rjan av \u00e5ret in statistik av olika slag f\u00f6r det g\u00e5ngna \u00e5ret. Nerjas kommun har nu som m\u00e5nga andra redovisat sin befolkningsstatistik vid \u00e5rsskiftet. Den visar att antalet registrerade utl\u00e4nningar nu uppg\u00e5r till n\u00e4stan 30 % av det totala antalet inv\u00e5nare. Det \u00e4r 6 464 av de totalt 21 915 inv\u00e5narna som kommer fr\u00e5n andra l\u00e4nder. Kommunen \u00e4r i sanning kosmopolitisk i och med att man har utl\u00e4nningar av 77 olika nationaliteter. Den grupp som dominerar \u00e4r fortfarande britter, medan argentinare har seglat upp och \u00e4r nu n\u00e4st st\u00f6rsta nationalitet f\u00f6re tyskar och svenskar p\u00e5 fj\u00e4rde plats.<\/p>\n","protected":false},"excerpt":{"rendered":"<p>Det str\u00f6mmar s\u00e5 h\u00e4r i b\u00f6rjan av \u00e5ret in statistik av olika slag f\u00f6r det g\u00e5ngna \u00e5ret. Nerjas kommun har nu som m\u00e5nga andra redovisat sin befolkningsstatistik vid \u00e5rsskiftet. Den visar att antalet registrerade utl\u00e4nningar nu uppg\u00e5r till n\u00e4stan 30 % av det totala antalet inv\u00e5nare. Det \u00e4r 6 464 av de totalt 21 915 [&hellip;]<\/p>\n","protected":false},"author":8,"featured_media":54494,"comment_status":"open","ping_status":"open","sticky":false,"template":"","format":"standard","meta":{"_et_pb_use_builder":"","_et_pb_old_content":"","_et_gb_content_width":"","footnotes":""},"categories":[395,3],"tags":[],"class_list":["post-54493","post","type-post","status-publish","format-standard","has-post-thumbnail","hentry","category-arkiv-nyheter","category-nyheter"],"yoast_head":"<!-- This site is optimized with the Yoast SEO Premium plugin v26.2 (Yoast SEO v28.2) - https:\/\/yoast.com\/product\/yoast-seo-premium-wordpress\/ -->\n<title>Kosmopolitiska Nerja - Svenska Magasinet<\/title>\n<meta name=\"robots\" content=\"noindex, follow, max-snippet:-1, max-image-preview:large, max-video-preview:-1\" \/>\n<meta property=\"og:locale\" content=\"sv_SE\" \/>\n<meta property=\"og:type\" content=\"article\" \/>\n<meta property=\"og:title\" content=\"Kosmopolitiska Nerja\" \/>\n<meta property=\"og:description\" content=\"Det str\u00f6mmar s\u00e5 h\u00e4r i b\u00f6rjan av \u00e5ret in statistik av olika slag f\u00f6r det g\u00e5ngna \u00e5ret. Nerjas kommun har nu som m\u00e5nga andra redovisat sin befolkningsstatistik vid \u00e5rsskiftet. Den visar att antalet registrerade utl\u00e4nningar nu uppg\u00e5r till n\u00e4stan 30 % av det totala antalet inv\u00e5nare. Det \u00e4r 6 464 av de totalt 21 915 [&hellip;]\" \/>\n<meta property=\"og:url\" content=\"https:\/\/lightweb.dev\/l\/svm-temp\/nyheter\/kosmopolitiska-nerja\/\" \/>\n<meta property=\"og:site_name\" content=\"Svenska Magasinet\" \/>\n<meta property=\"article:publisher\" content=\"https:\/\/www.facebook.com\/svenskamagasinet\" \/>\n<meta property=\"article:published_time\" content=\"2008-01-08T23:00:00+00:00\" \/>\n<meta name=\"author\" content=\"Redaktionen SvM\" \/>\n<meta name=\"twitter:card\" content=\"summary_large_image\" \/>\n<meta name=\"twitter:creator\" content=\"@SvenskaMagasine\" \/>\n<meta name=\"twitter:site\" content=\"@SvenskaMagasine\" \/>\n<script type=\"application\/ld+json\" class=\"yoast-schema-graph\">{\"@context\":\"https:\\\/\\\/schema.org\",\"@graph\":[{\"@type\":\"Article\",\"@id\":\"https:\\\/\\\/lightweb.dev\\\/l\\\/svm-temp\\\/nyheter\\\/kosmopolitiska-nerja\\\/#article\",\"isPartOf\":{\"@id\":\"https:\\\/\\\/lightweb.dev\\\/l\\\/svm-temp\\\/nyheter\\\/kosmopolitiska-nerja\\\/\"},\"author\":{\"name\":\"Redaktionen SvM\",\"@id\":\"https:\\\/\\\/lightweb.dev\\\/l\\\/svm-temp\\\/#\\\/schema\\\/person\\\/206a3bda5b607b0c25e1749191e4d837\"},\"headline\":\"Kosmopolitiska Nerja\",\"datePublished\":\"2008-01-08T23:00:00+00:00\",\"mainEntityOfPage\":{\"@id\":\"https:\\\/\\\/lightweb.dev\\\/l\\\/svm-temp\\\/nyheter\\\/kosmopolitiska-nerja\\\/\"},\"wordCount\":115,\"commentCount\":0,\"publisher\":{\"@id\":\"https:\\\/\\\/lightweb.dev\\\/l\\\/svm-temp\\\/#organization\"},\"image\":{\"@id\":\"https:\\\/\\\/lightweb.dev\\\/l\\\/svm-temp\\\/nyheter\\\/kosmopolitiska-nerja\\\/#primaryimage\"},\"thumbnailUrl\":\"https:\\\/\\\/lightweb.dev\\\/l\\\/svm-temp\\\/wp-content\\\/uploads\\\/2022\\\/06\\\/kosmopolitiska-nerja.png\",\"articleSection\":[\"Arkiv\",\"Nyheter\"],\"inLanguage\":\"sv-SE\"},{\"@type\":\"WebPage\",\"@id\":\"https:\\\/\\\/lightweb.dev\\\/l\\\/svm-temp\\\/nyheter\\\/kosmopolitiska-nerja\\\/\",\"url\":\"https:\\\/\\\/lightweb.dev\\\/l\\\/svm-temp\\\/nyheter\\\/kosmopolitiska-nerja\\\/\",\"name\":\"Kosmopolitiska Nerja - Svenska Magasinet\",\"isPartOf\":{\"@id\":\"https:\\\/\\\/lightweb.dev\\\/l\\\/svm-temp\\\/#website\"},\"primaryImageOfPage\":{\"@id\":\"https:\\\/\\\/lightweb.dev\\\/l\\\/svm-temp\\\/nyheter\\\/kosmopolitiska-nerja\\\/#primaryimage\"},\"image\":{\"@id\":\"https:\\\/\\\/lightweb.dev\\\/l\\\/svm-temp\\\/nyheter\\\/kosmopolitiska-nerja\\\/#primaryimage\"},\"thumbnailUrl\":\"https:\\\/\\\/lightweb.dev\\\/l\\\/svm-temp\\\/wp-content\\\/uploads\\\/2022\\\/06\\\/kosmopolitiska-nerja.png\",\"datePublished\":\"2008-01-08T23:00:00+00:00\",\"breadcrumb\":{\"@id\":\"https:\\\/\\\/lightweb.dev\\\/l\\\/svm-temp\\\/nyheter\\\/kosmopolitiska-nerja\\\/#breadcrumb\"},\"inLanguage\":\"sv-SE\",\"potentialAction\":[{\"@type\":\"ReadAction\",\"target\":[\"https:\\\/\\\/lightweb.dev\\\/l\\\/svm-temp\\\/nyheter\\\/kosmopolitiska-nerja\\\/\"]}]},{\"@type\":\"ImageObject\",\"inLanguage\":\"sv-SE\",\"@id\":\"https:\\\/\\\/lightweb.dev\\\/l\\\/svm-temp\\\/nyheter\\\/kosmopolitiska-nerja\\\/#primaryimage\",\"url\":\"https:\\\/\\\/lightweb.dev\\\/l\\\/svm-temp\\\/wp-content\\\/uploads\\\/2022\\\/06\\\/kosmopolitiska-nerja.png\",\"contentUrl\":\"https:\\\/\\\/lightweb.dev\\\/l\\\/svm-temp\\\/wp-content\\\/uploads\\\/2022\\\/06\\\/kosmopolitiska-nerja.png\",\"width\":281,\"height\":200},{\"@type\":\"BreadcrumbList\",\"@id\":\"https:\\\/\\\/lightweb.dev\\\/l\\\/svm-temp\\\/nyheter\\\/kosmopolitiska-nerja\\\/#breadcrumb\",\"itemListElement\":[{\"@type\":\"ListItem\",\"position\":1,\"name\":\"Hem\",\"item\":\"https:\\\/\\\/lightweb.dev\\\/l\\\/svm-temp\\\/\"},{\"@type\":\"ListItem\",\"position\":2,\"name\":\"Kosmopolitiska Nerja\"}]},{\"@type\":\"WebSite\",\"@id\":\"https:\\\/\\\/lightweb.dev\\\/l\\\/svm-temp\\\/#website\",\"url\":\"https:\\\/\\\/lightweb.dev\\\/l\\\/svm-temp\\\/\",\"name\":\"Svenska Magasinet\",\"description\":\"Dina Spanska nyheter p&aring; Svenska\",\"publisher\":{\"@id\":\"https:\\\/\\\/lightweb.dev\\\/l\\\/svm-temp\\\/#organization\"},\"potentialAction\":[{\"@type\":\"SearchAction\",\"target\":{\"@type\":\"EntryPoint\",\"urlTemplate\":\"https:\\\/\\\/lightweb.dev\\\/l\\\/svm-temp\\\/?s={search_term_string}\"},\"query-input\":{\"@type\":\"PropertyValueSpecification\",\"valueRequired\":true,\"valueName\":\"search_term_string\"}}],\"inLanguage\":\"sv-SE\"},{\"@type\":\"Organization\",\"@id\":\"https:\\\/\\\/lightweb.dev\\\/l\\\/svm-temp\\\/#organization\",\"name\":\"Melkerson y Nott SL\",\"alternateName\":\"Svenska Magasinet\",\"url\":\"https:\\\/\\\/lightweb.dev\\\/l\\\/svm-temp\\\/\",\"logo\":{\"@type\":\"ImageObject\",\"inLanguage\":\"sv-SE\",\"@id\":\"https:\\\/\\\/lightweb.dev\\\/l\\\/svm-temp\\\/#\\\/schema\\\/logo\\\/image\\\/\",\"url\":\"https:\\\/\\\/lightweb.dev\\\/l\\\/svm-temp\\\/wp-content\\\/uploads\\\/2025\\\/02\\\/SvM-logo-Xtra-Centrerad-SVART.png\",\"contentUrl\":\"https:\\\/\\\/lightweb.dev\\\/l\\\/svm-temp\\\/wp-content\\\/uploads\\\/2025\\\/02\\\/SvM-logo-Xtra-Centrerad-SVART.png\",\"width\":300,\"height\":99,\"caption\":\"Melkerson y Nott SL\"},\"image\":{\"@id\":\"https:\\\/\\\/lightweb.dev\\\/l\\\/svm-temp\\\/#\\\/schema\\\/logo\\\/image\\\/\"},\"sameAs\":[\"https:\\\/\\\/www.facebook.com\\\/svenskamagasinet\",\"https:\\\/\\\/x.com\\\/SvenskaMagasine\"]},{\"@type\":\"Person\",\"@id\":\"https:\\\/\\\/lightweb.dev\\\/l\\\/svm-temp\\\/#\\\/schema\\\/person\\\/206a3bda5b607b0c25e1749191e4d837\",\"name\":\"Redaktionen SvM\",\"description\":\"Redaktionen\",\"sameAs\":[\"https:\\\/\\\/lightweb.dev\\\/l\\\/svm-temp\"],\"url\":\"https:\\\/\\\/lightweb.dev\\\/l\\\/svm-temp\\\/reporter\\\/redaktionen\\\/\"}]}<\/script>\n<!-- \/ Yoast SEO Premium plugin. -->","yoast_head_json":{"title":"Kosmopolitiska Nerja - Svenska Magasinet","robots":{"index":"noindex","follow":"follow","max-snippet":"max-snippet:-1","max-image-preview":"max-image-preview:large","max-video-preview":"max-video-preview:-1"},"og_locale":"sv_SE","og_type":"article","og_title":"Kosmopolitiska Nerja","og_description":"Det str\u00f6mmar s\u00e5 h\u00e4r i b\u00f6rjan av \u00e5ret in statistik av olika slag f\u00f6r det g\u00e5ngna \u00e5ret. Nerjas kommun har nu som m\u00e5nga andra redovisat sin befolkningsstatistik vid \u00e5rsskiftet. Den visar att antalet registrerade utl\u00e4nningar nu uppg\u00e5r till n\u00e4stan 30 % av det totala antalet inv\u00e5nare. Det \u00e4r 6 464 av de totalt 21 915 [&hellip;]","og_url":"https:\/\/lightweb.dev\/l\/svm-temp\/nyheter\/kosmopolitiska-nerja\/","og_site_name":"Svenska Magasinet","article_publisher":"https:\/\/www.facebook.com\/svenskamagasinet","article_published_time":"2008-01-08T23:00:00+00:00","author":"Redaktionen SvM","twitter_card":"summary_large_image","twitter_creator":"@SvenskaMagasine","twitter_site":"@SvenskaMagasine","schema":{"@context":"https:\/\/schema.org","@graph":[{"@type":"Article","@id":"https:\/\/lightweb.dev\/l\/svm-temp\/nyheter\/kosmopolitiska-nerja\/#article","isPartOf":{"@id":"https:\/\/lightweb.dev\/l\/svm-temp\/nyheter\/kosmopolitiska-nerja\/"},"author":{"name":"Redaktionen SvM","@id":"https:\/\/lightweb.dev\/l\/svm-temp\/#\/schema\/person\/206a3bda5b607b0c25e1749191e4d837"},"headline":"Kosmopolitiska Nerja","datePublished":"2008-01-08T23:00:00+00:00","mainEntityOfPage":{"@id":"https:\/\/lightweb.dev\/l\/svm-temp\/nyheter\/kosmopolitiska-nerja\/"},"wordCount":115,"commentCount":0,"publisher":{"@id":"https:\/\/lightweb.dev\/l\/svm-temp\/#organization"},"image":{"@id":"https:\/\/lightweb.dev\/l\/svm-temp\/nyheter\/kosmopolitiska-nerja\/#primaryimage"},"thumbnailUrl":"https:\/\/lightweb.dev\/l\/svm-temp\/wp-content\/uploads\/2022\/06\/kosmopolitiska-nerja.png","articleSection":["Arkiv","Nyheter"],"inLanguage":"sv-SE"},{"@type":"WebPage","@id":"https:\/\/lightweb.dev\/l\/svm-temp\/nyheter\/kosmopolitiska-nerja\/","url":"https:\/\/lightweb.dev\/l\/svm-temp\/nyheter\/kosmopolitiska-nerja\/","name":"Kosmopolitiska Nerja - Svenska Magasinet","isPartOf":{"@id":"https:\/\/lightweb.dev\/l\/svm-temp\/#website"},"primaryImageOfPage":{"@id":"https:\/\/lightweb.dev\/l\/svm-temp\/nyheter\/kosmopolitiska-nerja\/#primaryimage"},"image":{"@id":"https:\/\/lightweb.dev\/l\/svm-temp\/nyheter\/kosmopolitiska-nerja\/#primaryimage"},"thumbnailUrl":"https:\/\/lightweb.dev\/l\/svm-temp\/wp-content\/uploads\/2022\/06\/kosmopolitiska-nerja.png","datePublished":"2008-01-08T23:00:00+00:00","breadcrumb":{"@id":"https:\/\/lightweb.dev\/l\/svm-temp\/nyheter\/kosmopolitiska-nerja\/#breadcrumb"},"inLanguage":"sv-SE","potentialAction":[{"@type":"ReadAction","target":["https:\/\/lightweb.dev\/l\/svm-temp\/nyheter\/kosmopolitiska-nerja\/"]}]},{"@type":"ImageObject","inLanguage":"sv-SE","@id":"https:\/\/lightweb.dev\/l\/svm-temp\/nyheter\/kosmopolitiska-nerja\/#primaryimage","url":"https:\/\/lightweb.dev\/l\/svm-temp\/wp-content\/uploads\/2022\/06\/kosmopolitiska-nerja.png","contentUrl":"https:\/\/lightweb.dev\/l\/svm-temp\/wp-content\/uploads\/2022\/06\/kosmopolitiska-nerja.png","width":281,"height":200},{"@type":"BreadcrumbList","@id":"https:\/\/lightweb.dev\/l\/svm-temp\/nyheter\/kosmopolitiska-nerja\/#breadcrumb","itemListElement":[{"@type":"ListItem","position":1,"name":"Hem","item":"https:\/\/lightweb.dev\/l\/svm-temp\/"},{"@type":"ListItem","position":2,"name":"Kosmopolitiska Nerja"}]},{"@type":"WebSite","@id":"https:\/\/lightweb.dev\/l\/svm-temp\/#website","url":"https:\/\/lightweb.dev\/l\/svm-temp\/","name":"Svenska Magasinet","description":"Dina Spanska nyheter p&aring; Svenska","publisher":{"@id":"https:\/\/lightweb.dev\/l\/svm-temp\/#organization"},"potentialAction":[{"@type":"SearchAction","target":{"@type":"EntryPoint","urlTemplate":"https:\/\/lightweb.dev\/l\/svm-temp\/?s={search_term_string}"},"query-input":{"@type":"PropertyValueSpecification","valueRequired":true,"valueName":"search_term_string"}}],"inLanguage":"sv-SE"},{"@type":"Organization","@id":"https:\/\/lightweb.dev\/l\/svm-temp\/#organization","name":"Melkerson y Nott SL","alternateName":"Svenska Magasinet","url":"https:\/\/lightweb.dev\/l\/svm-temp\/","logo":{"@type":"ImageObject","inLanguage":"sv-SE","@id":"https:\/\/lightweb.dev\/l\/svm-temp\/#\/schema\/logo\/image\/","url":"https:\/\/lightweb.dev\/l\/svm-temp\/wp-content\/uploads\/2025\/02\/SvM-logo-Xtra-Centrerad-SVART.png","contentUrl":"https:\/\/lightweb.dev\/l\/svm-temp\/wp-content\/uploads\/2025\/02\/SvM-logo-Xtra-Centrerad-SVART.png","width":300,"height":99,"caption":"Melkerson y Nott SL"},"image":{"@id":"https:\/\/lightweb.dev\/l\/svm-temp\/#\/schema\/logo\/image\/"},"sameAs":["https:\/\/www.facebook.com\/svenskamagasinet","https:\/\/x.com\/SvenskaMagasine"]},{"@type":"Person","@id":"https:\/\/lightweb.dev\/l\/svm-temp\/#\/schema\/person\/206a3bda5b607b0c25e1749191e4d837","name":"Redaktionen SvM","description":"Redaktionen","sameAs":["https:\/\/lightweb.dev\/l\/svm-temp"],"url":"https:\/\/lightweb.dev\/l\/svm-temp\/reporter\/redaktionen\/"}]}},"_links":{"self":[{"href":"https:\/\/lightweb.dev\/l\/svm-temp\/wp-json\/wp\/v2\/posts\/54493","targetHints":{"allow":["GET"]}}],"collection":[{"href":"https:\/\/lightweb.dev\/l\/svm-temp\/wp-json\/wp\/v2\/posts"}],"about":[{"href":"https:\/\/lightweb.dev\/l\/svm-temp\/wp-json\/wp\/v2\/types\/post"}],"author":[{"embeddable":true,"href":"https:\/\/lightweb.dev\/l\/svm-temp\/wp-json\/wp\/v2\/users\/8"}],"replies":[{"embeddable":true,"href":"https:\/\/lightweb.dev\/l\/svm-temp\/wp-json\/wp\/v2\/comments?post=54493"}],"version-history":[{"count":0,"href":"https:\/\/lightweb.dev\/l\/svm-temp\/wp-json\/wp\/v2\/posts\/54493\/revisions"}],"wp:featuredmedia":[{"embeddable":true,"href":"https:\/\/lightweb.dev\/l\/svm-temp\/wp-json\/wp\/v2\/media\/54494"}],"wp:attachment":[{"href":"https:\/\/lightweb.dev\/l\/svm-temp\/wp-json\/wp\/v2\/media?parent=54493"}],"wp:term":[{"taxonomy":"category","embeddable":true,"href":"https:\/\/lightweb.dev\/l\/svm-temp\/wp-json\/wp\/v2\/categories?post=54493"},{"taxonomy":"post_tag","embeddable":true,"href":"https:\/\/lightweb.dev\/l\/svm-temp\/wp-json\/wp\/v2\/tags?post=54493"}],"curies":[{"name":"wp","href":"https:\/\/api.w.org\/{rel}","templated":true}]}}