{"id":55615,"date":"2022-08-04T05:59:27","date_gmt":"2022-08-04T03:59:27","guid":{"rendered":"https:\/\/lightweb.dev\/l\/svm-temp\/?p=55615"},"modified":"2022-08-19T15:02:54","modified_gmt":"2022-08-19T13:02:54","slug":"redaktionens-sommartips-olas-basta-sommartips","status":"publish","type":"post","link":"https:\/\/lightweb.dev\/l\/svm-temp\/artiklar\/redaktionens-sommartips-olas-basta-sommartips\/","title":{"rendered":"Redaktionens sommartips: Olas b\u00e4sta sommartips"},"content":{"rendered":"<h2><strong>Mat &amp; Dryck: Smaken<\/strong><\/h2>\n<p><img loading=\"lazy\" decoding=\"async\" class=\"alignnone size-medium wp-image-55618\" src=\"https:\/\/lightweb.dev\/l\/svm-temp\/wp-content\/uploads\/2022\/07\/01-Stor-300x225.jpeg\" alt=\"\" width=\"300\" height=\"225\" srcset=\"https:\/\/lightweb.dev\/l\/svm-temp\/wp-content\/uploads\/2022\/07\/01-Stor-300x225.jpeg 300w, https:\/\/lightweb.dev\/l\/svm-temp\/wp-content\/uploads\/2022\/07\/01-Stor-600x450.jpeg 600w, https:\/\/lightweb.dev\/l\/svm-temp\/wp-content\/uploads\/2022\/07\/01-Stor-900x675.jpeg 900w, https:\/\/lightweb.dev\/l\/svm-temp\/wp-content\/uploads\/2022\/07\/01-Stor-768x576.jpeg 768w, https:\/\/lightweb.dev\/l\/svm-temp\/wp-content\/uploads\/2022\/07\/01-Stor-610x458.jpeg 610w, https:\/\/lightweb.dev\/l\/svm-temp\/wp-content\/uploads\/2022\/07\/01-Stor-1080x810.jpeg 1080w, https:\/\/lightweb.dev\/l\/svm-temp\/wp-content\/uploads\/2022\/07\/01-Stor-640x480.jpeg 640w, https:\/\/lightweb.dev\/l\/svm-temp\/wp-content\/uploads\/2022\/07\/01-Stor.jpeg 1280w\" sizes=\"(max-width: 300px) 100vw, 300px\" \/><\/p>\n<p>P\u00e5 sommaren smakar Espeto de Sardinas, Sardinspett, som godast. F\u00e4rska sardiner, en nypa salt och grillade \u00f6ver olivtr\u00e4.<\/p>\n<p><img loading=\"lazy\" decoding=\"async\" class=\"alignnone size-medium wp-image-55754\" src=\"https:\/\/lightweb.dev\/l\/svm-temp\/wp-content\/uploads\/2022\/07\/01b-Stor-300x225.jpeg\" alt=\"\" width=\"300\" height=\"225\" srcset=\"https:\/\/lightweb.dev\/l\/svm-temp\/wp-content\/uploads\/2022\/07\/01b-Stor-300x225.jpeg 300w, https:\/\/lightweb.dev\/l\/svm-temp\/wp-content\/uploads\/2022\/07\/01b-Stor-600x450.jpeg 600w, https:\/\/lightweb.dev\/l\/svm-temp\/wp-content\/uploads\/2022\/07\/01b-Stor-900x675.jpeg 900w, https:\/\/lightweb.dev\/l\/svm-temp\/wp-content\/uploads\/2022\/07\/01b-Stor-768x576.jpeg 768w, https:\/\/lightweb.dev\/l\/svm-temp\/wp-content\/uploads\/2022\/07\/01b-Stor-610x458.jpeg 610w, https:\/\/lightweb.dev\/l\/svm-temp\/wp-content\/uploads\/2022\/07\/01b-Stor-1080x810.jpeg 1080w, https:\/\/lightweb.dev\/l\/svm-temp\/wp-content\/uploads\/2022\/07\/01b-Stor-640x480.jpeg 640w, https:\/\/lightweb.dev\/l\/svm-temp\/wp-content\/uploads\/2022\/07\/01b-Stor.jpeg 1280w\" sizes=\"(max-width: 300px) 100vw, 300px\" \/><\/p>\n<p>Att sitta p\u00e5 en chiringuito, strandrestaurang, och \u00e4ta sardiner med f\u00f6tterna i sanden \u00e4r sommar f\u00f6r mig. Traditionen s\u00e4ger att sardinerna smakar som b\u00e4st mellan \u201dtv\u00e5 oskulder\u201d, det vill s\u00e4ga mellan den 16 juli, Virgen del Carmen, och den 15 augusti, Virgen de la Asunci\u00f3n. Och prova g\u00e4rna en kall Victoria\u00f6l. Eller en torr kylsk\u00e5pskall Don Pepe fr\u00e5n Cortijo La Fuente.<\/p>\n<h2><strong>B\u00e4sta utflykten: Upplevelsen<\/strong><\/h2>\n<div id=\"attachment_55620\" style=\"width: 285px\" class=\"wp-caption alignnone\"><img loading=\"lazy\" decoding=\"async\" aria-describedby=\"caption-attachment-55620\" class=\"wp-image-55620 size-full\" src=\"https:\/\/lightweb.dev\/l\/svm-temp\/wp-content\/uploads\/2022\/07\/02b-Stor.jpeg\" alt=\"\" width=\"275\" height=\"183\" \/><p id=\"caption-attachment-55620\" class=\"wp-caption-text\">Foto: refugiopoqueira.com<\/p><\/div>\n<p>Den b\u00e4sta stj\u00e4rnhimlen. Starta vandringen i bergsbyn Capileira i Las Alpujarras p\u00e5 sydsluttningen av Sierra Nevada. P\u00e5 2.550 meters h\u00f6jd ligger \u00f6vernattningsstugan Refugio Poqueira.<\/p>\n<p><img loading=\"lazy\" decoding=\"async\" class=\"alignnone size-medium wp-image-55621\" src=\"https:\/\/lightweb.dev\/l\/svm-temp\/wp-content\/uploads\/2022\/07\/02-Stor-300x225.jpeg\" alt=\"\" width=\"300\" height=\"225\" srcset=\"https:\/\/lightweb.dev\/l\/svm-temp\/wp-content\/uploads\/2022\/07\/02-Stor-300x225.jpeg 300w, https:\/\/lightweb.dev\/l\/svm-temp\/wp-content\/uploads\/2022\/07\/02-Stor-600x450.jpeg 600w, https:\/\/lightweb.dev\/l\/svm-temp\/wp-content\/uploads\/2022\/07\/02-Stor-900x675.jpeg 900w, https:\/\/lightweb.dev\/l\/svm-temp\/wp-content\/uploads\/2022\/07\/02-Stor-768x576.jpeg 768w, https:\/\/lightweb.dev\/l\/svm-temp\/wp-content\/uploads\/2022\/07\/02-Stor-610x458.jpeg 610w, https:\/\/lightweb.dev\/l\/svm-temp\/wp-content\/uploads\/2022\/07\/02-Stor-1080x810.jpeg 1080w, https:\/\/lightweb.dev\/l\/svm-temp\/wp-content\/uploads\/2022\/07\/02-Stor-640x480.jpeg 640w, https:\/\/lightweb.dev\/l\/svm-temp\/wp-content\/uploads\/2022\/07\/02-Stor.jpeg 1280w\" sizes=\"(max-width: 300px) 100vw, 300px\" \/><\/p>\n<p>Det blir inte mycket sovande. Den imponerande stj\u00e4rnhimmeln \u00e4r b\u00e4sta underh\u00e5llningen. Och p\u00e5 avst\u00e5nd h\u00f6r du en porlande fj\u00e4llb\u00e4ck. N\u00e4sta dag v\u00e4ntar Iberiska halv\u00f6ns h\u00f6gsta topp, Mulhac\u00e9n, 3.482 meter.<\/p>\n<h2><strong>Om och om igen: Sk\u00f6nheten<\/strong><\/h2>\n<p><img loading=\"lazy\" decoding=\"async\" class=\"alignnone size-medium wp-image-55624\" src=\"https:\/\/lightweb.dev\/l\/svm-temp\/wp-content\/uploads\/2022\/07\/03-Stor-1-300x178.jpeg\" alt=\"\" width=\"300\" height=\"178\" srcset=\"https:\/\/lightweb.dev\/l\/svm-temp\/wp-content\/uploads\/2022\/07\/03-Stor-1-300x178.jpeg 300w, https:\/\/lightweb.dev\/l\/svm-temp\/wp-content\/uploads\/2022\/07\/03-Stor-1-600x356.jpeg 600w, https:\/\/lightweb.dev\/l\/svm-temp\/wp-content\/uploads\/2022\/07\/03-Stor-1-900x534.jpeg 900w, https:\/\/lightweb.dev\/l\/svm-temp\/wp-content\/uploads\/2022\/07\/03-Stor-1-768x456.jpeg 768w, https:\/\/lightweb.dev\/l\/svm-temp\/wp-content\/uploads\/2022\/07\/03-Stor-1-610x362.jpeg 610w, https:\/\/lightweb.dev\/l\/svm-temp\/wp-content\/uploads\/2022\/07\/03-Stor-1-1080x641.jpeg 1080w, https:\/\/lightweb.dev\/l\/svm-temp\/wp-content\/uploads\/2022\/07\/03-Stor-1-640x380.jpeg 640w, https:\/\/lightweb.dev\/l\/svm-temp\/wp-content\/uploads\/2022\/07\/03-Stor-1.jpeg 1280w\" sizes=\"(max-width: 300px) 100vw, 300px\" \/><\/p>\n<p>Priego de C\u00f3rdoba \u00e4r den andalusiska sk\u00f6nheten jag st\u00e4ndigt vill \u00e5terv\u00e4nda till. Sydspaniens vackraste by. De vitkalkade husen med pelargonier i den \u00e4ldsta delen Barrio de la Villa.<\/p>\n<p><img loading=\"lazy\" decoding=\"async\" class=\"alignnone size-medium wp-image-55756\" src=\"https:\/\/lightweb.dev\/l\/svm-temp\/wp-content\/uploads\/2022\/07\/03f-Stor-300x201.jpeg\" alt=\"\" width=\"300\" height=\"201\" srcset=\"https:\/\/lightweb.dev\/l\/svm-temp\/wp-content\/uploads\/2022\/07\/03f-Stor-300x201.jpeg 300w, https:\/\/lightweb.dev\/l\/svm-temp\/wp-content\/uploads\/2022\/07\/03f-Stor-600x402.jpeg 600w, https:\/\/lightweb.dev\/l\/svm-temp\/wp-content\/uploads\/2022\/07\/03f-Stor-900x603.jpeg 900w, https:\/\/lightweb.dev\/l\/svm-temp\/wp-content\/uploads\/2022\/07\/03f-Stor-768x514.jpeg 768w, https:\/\/lightweb.dev\/l\/svm-temp\/wp-content\/uploads\/2022\/07\/03f-Stor-610x408.jpeg 610w, https:\/\/lightweb.dev\/l\/svm-temp\/wp-content\/uploads\/2022\/07\/03f-Stor-1080x723.jpeg 1080w, https:\/\/lightweb.dev\/l\/svm-temp\/wp-content\/uploads\/2022\/07\/03f-Stor-640x429.jpeg 640w, https:\/\/lightweb.dev\/l\/svm-temp\/wp-content\/uploads\/2022\/07\/03f-Stor.jpeg 1280w\" sizes=\"(max-width: 300px) 100vw, 300px\" \/><\/p>\n<p>Barroco Cordob\u00e9s, en speciell barockstil p\u00e5 hus, torg, font\u00e4ner, kyrkor och offentliga platser. H\u00e4r tillverkas v\u00e4rldens b\u00e4sta ekologiska olivolja, Aceite de Oliva Virgen Extra, Rinc\u00f3n de la Subbetica, som har f\u00e5tt 470 utm\u00e4rkelser sedan 2004!<\/p>\n<h2><strong>Strandliv: Svalkan<\/strong><\/h2>\n<p><img loading=\"lazy\" decoding=\"async\" class=\"alignnone size-medium wp-image-55625\" src=\"https:\/\/lightweb.dev\/l\/svm-temp\/wp-content\/uploads\/2022\/07\/04d-Stor-300x225.jpeg\" alt=\"\" width=\"300\" height=\"225\" srcset=\"https:\/\/lightweb.dev\/l\/svm-temp\/wp-content\/uploads\/2022\/07\/04d-Stor-300x225.jpeg 300w, https:\/\/lightweb.dev\/l\/svm-temp\/wp-content\/uploads\/2022\/07\/04d-Stor-600x450.jpeg 600w, https:\/\/lightweb.dev\/l\/svm-temp\/wp-content\/uploads\/2022\/07\/04d-Stor-768x576.jpeg 768w, https:\/\/lightweb.dev\/l\/svm-temp\/wp-content\/uploads\/2022\/07\/04d-Stor-610x458.jpeg 610w, https:\/\/lightweb.dev\/l\/svm-temp\/wp-content\/uploads\/2022\/07\/04d-Stor-640x480.jpeg 640w, https:\/\/lightweb.dev\/l\/svm-temp\/wp-content\/uploads\/2022\/07\/04d-Stor.jpeg 800w\" sizes=\"(max-width: 300px) 100vw, 300px\" \/><\/p>\n<p>Sommaren \u00e4r varm p\u00e5 gr\u00e4nsen till het. Med snorkel och cyklop tillbringar jag g\u00e4rna n\u00e5gra timmar i havet. Speciellt efter n\u00e5gra dagars levantevind, ostlig vind. D\u00e5 n\u00e5r ytvattnet behagliga 25 grader. Jag ser boquer\u00f3nes, salema, r\u00f6d sj\u00f6stj\u00e4rna plus mycket annat.<\/p>\n<p><img loading=\"lazy\" decoding=\"async\" class=\"alignnone size-medium wp-image-55629\" src=\"https:\/\/lightweb.dev\/l\/svm-temp\/wp-content\/uploads\/2022\/07\/04f-Stor-300x200.jpeg\" alt=\"\" width=\"300\" height=\"200\" srcset=\"https:\/\/lightweb.dev\/l\/svm-temp\/wp-content\/uploads\/2022\/07\/04f-Stor-300x200.jpeg 300w, https:\/\/lightweb.dev\/l\/svm-temp\/wp-content\/uploads\/2022\/07\/04f-Stor-600x400.jpeg 600w, https:\/\/lightweb.dev\/l\/svm-temp\/wp-content\/uploads\/2022\/07\/04f-Stor-900x600.jpeg 900w, https:\/\/lightweb.dev\/l\/svm-temp\/wp-content\/uploads\/2022\/07\/04f-Stor-768x512.jpeg 768w, https:\/\/lightweb.dev\/l\/svm-temp\/wp-content\/uploads\/2022\/07\/04f-Stor-610x407.jpeg 610w, https:\/\/lightweb.dev\/l\/svm-temp\/wp-content\/uploads\/2022\/07\/04f-Stor-1080x720.jpeg 1080w, https:\/\/lightweb.dev\/l\/svm-temp\/wp-content\/uploads\/2022\/07\/04f-Stor-640x427.jpeg 640w, https:\/\/lightweb.dev\/l\/svm-temp\/wp-content\/uploads\/2022\/07\/04f-Stor.jpeg 1280w\" sizes=\"(max-width: 300px) 100vw, 300px\" \/><\/p>\n<p>Mellan El Faro och Cabopino i Mijas Costa finns omr\u00e5den av havsgr\u00e4set Posedonia som bidrar till ett fantastiskt ekosystem.<\/p>\n<h2><strong>Inte varit \u00e4nnu: Dr\u00f6mmen<\/strong><\/h2>\n<div id=\"attachment_55627\" style=\"width: 310px\" class=\"wp-caption alignnone\"><img loading=\"lazy\" decoding=\"async\" aria-describedby=\"caption-attachment-55627\" class=\"size-medium wp-image-55627\" src=\"https:\/\/lightweb.dev\/l\/svm-temp\/wp-content\/uploads\/2022\/07\/05-Stor-300x169.jpeg\" alt=\"\" width=\"300\" height=\"169\" srcset=\"https:\/\/lightweb.dev\/l\/svm-temp\/wp-content\/uploads\/2022\/07\/05-Stor-300x169.jpeg 300w, https:\/\/lightweb.dev\/l\/svm-temp\/wp-content\/uploads\/2022\/07\/05-Stor-600x338.jpeg 600w, https:\/\/lightweb.dev\/l\/svm-temp\/wp-content\/uploads\/2022\/07\/05-Stor-900x506.jpeg 900w, https:\/\/lightweb.dev\/l\/svm-temp\/wp-content\/uploads\/2022\/07\/05-Stor-768x432.jpeg 768w, https:\/\/lightweb.dev\/l\/svm-temp\/wp-content\/uploads\/2022\/07\/05-Stor-610x343.jpeg 610w, https:\/\/lightweb.dev\/l\/svm-temp\/wp-content\/uploads\/2022\/07\/05-Stor-1080x608.jpeg 1080w, https:\/\/lightweb.dev\/l\/svm-temp\/wp-content\/uploads\/2022\/07\/05-Stor-640x360.jpeg 640w, https:\/\/lightweb.dev\/l\/svm-temp\/wp-content\/uploads\/2022\/07\/05-Stor.jpeg 1280w\" sizes=\"(max-width: 300px) 100vw, 300px\" \/><p id=\"caption-attachment-55627\" class=\"wp-caption-text\">Foto: Freepik<\/p><\/div>\n<p>Efter 28 \u00e5r i Spanien finns det fortsatt hur mycket som helst att uppt\u00e4cka. Ju mer du uppt\u00e4cker desto mer f\u00f6rst\u00e5r du vad du missat. Asturien och deras ostar exempelvis. Spanien mejerib\u00e4lte. Cabrales \u00e4r en underbar gr\u00f6nm\u00f6gelost p\u00e5 getmj\u00f6lk. Lagringen sker i naturliga grottor.<\/p>\n<p><img loading=\"lazy\" decoding=\"async\" class=\"alignnone size-medium wp-image-55628\" src=\"https:\/\/lightweb.dev\/l\/svm-temp\/wp-content\/uploads\/2022\/07\/05b-Stor-300x225.jpeg\" alt=\"\" width=\"300\" height=\"225\" srcset=\"https:\/\/lightweb.dev\/l\/svm-temp\/wp-content\/uploads\/2022\/07\/05b-Stor-300x225.jpeg 300w, https:\/\/lightweb.dev\/l\/svm-temp\/wp-content\/uploads\/2022\/07\/05b-Stor-600x450.jpeg 600w, https:\/\/lightweb.dev\/l\/svm-temp\/wp-content\/uploads\/2022\/07\/05b-Stor-900x675.jpeg 900w, https:\/\/lightweb.dev\/l\/svm-temp\/wp-content\/uploads\/2022\/07\/05b-Stor-768x576.jpeg 768w, https:\/\/lightweb.dev\/l\/svm-temp\/wp-content\/uploads\/2022\/07\/05b-Stor-610x458.jpeg 610w, https:\/\/lightweb.dev\/l\/svm-temp\/wp-content\/uploads\/2022\/07\/05b-Stor-640x480.jpeg 640w, https:\/\/lightweb.dev\/l\/svm-temp\/wp-content\/uploads\/2022\/07\/05b-Stor.jpeg 1024w\" sizes=\"(max-width: 300px) 100vw, 300px\" \/><\/p>\n","protected":false},"excerpt":{"rendered":"<p>Mat &amp; Dryck: Smaken P\u00e5 sommaren smakar Espeto de Sardinas, Sardinspett, som godast. F\u00e4rska sardiner, en nypa salt och grillade \u00f6ver olivtr\u00e4. Att sitta p\u00e5 en chiringuito, strandrestaurang, och \u00e4ta sardiner med f\u00f6tterna i sanden \u00e4r sommar f\u00f6r mig. Traditionen s\u00e4ger att sardinerna smakar som b\u00e4st mellan \u201dtv\u00e5 oskulder\u201d, det vill s\u00e4ga mellan den 16 [&hellip;]<\/p>\n","protected":false},"author":7,"featured_media":55616,"comment_status":"open","ping_status":"closed","sticky":false,"template":"","format":"standard","meta":{"_et_pb_use_builder":"","_et_pb_old_content":"","_et_gb_content_width":"","footnotes":""},"categories":[396,4],"tags":[],"class_list":["post-55615","post","type-post","status-publish","format-standard","has-post-thumbnail","hentry","category-arkiv-artiklar","category-artiklar"],"yoast_head":"<!-- This site is optimized with the Yoast SEO Premium plugin v26.2 (Yoast SEO v27.4) - https:\/\/yoast.com\/product\/yoast-seo-premium-wordpress\/ -->\n<title>Redaktionens sommartips: Olas b\u00e4sta sommartips - Svenska Magasinet<\/title>\n<meta name=\"robots\" content=\"noindex, follow, max-snippet:-1, max-image-preview:large, max-video-preview:-1\" \/>\n<meta property=\"og:locale\" content=\"sv_SE\" \/>\n<meta property=\"og:type\" content=\"article\" \/>\n<meta property=\"og:title\" content=\"Redaktionens sommartips: Olas b\u00e4sta sommartips\" \/>\n<meta property=\"og:description\" content=\"Mat &amp; Dryck: Smaken P\u00e5 sommaren smakar Espeto de Sardinas, Sardinspett, som godast. F\u00e4rska sardiner, en nypa salt och grillade \u00f6ver olivtr\u00e4. Att sitta p\u00e5 en chiringuito, strandrestaurang, och \u00e4ta sardiner med f\u00f6tterna i sanden \u00e4r sommar f\u00f6r mig. Traditionen s\u00e4ger att sardinerna smakar som b\u00e4st mellan \u201dtv\u00e5 oskulder\u201d, det vill s\u00e4ga mellan den 16 [&hellip;]\" \/>\n<meta property=\"og:url\" content=\"https:\/\/lightweb.dev\/l\/svm-temp\/artiklar\/redaktionens-sommartips-olas-basta-sommartips\/\" \/>\n<meta property=\"og:site_name\" content=\"Svenska Magasinet\" \/>\n<meta property=\"article:publisher\" content=\"https:\/\/www.facebook.com\/svenskamagasinet\" \/>\n<meta property=\"article:published_time\" content=\"2022-08-04T03:59:27+00:00\" \/>\n<meta property=\"article:modified_time\" content=\"2022-08-19T13:02:54+00:00\" \/>\n<meta property=\"og:image\" content=\"https:\/\/lightweb.dev\/l\/svm-temp\/wp-content\/uploads\/2022\/07\/Ola_Sommaren2022-Stor.jpeg\" \/>\n\t<meta property=\"og:image:width\" content=\"960\" \/>\n\t<meta property=\"og:image:height\" content=\"1280\" \/>\n\t<meta property=\"og:image:type\" content=\"image\/jpeg\" \/>\n<meta name=\"author\" content=\"Ola Josefsson\" \/>\n<meta name=\"twitter:card\" content=\"summary_large_image\" \/>\n<meta name=\"twitter:creator\" content=\"@SvenskaMagasine\" \/>\n<meta name=\"twitter:site\" content=\"@SvenskaMagasine\" \/>\n<script type=\"application\/ld+json\" class=\"yoast-schema-graph\">{\"@context\":\"https:\\\/\\\/schema.org\",\"@graph\":[{\"@type\":\"Article\",\"@id\":\"https:\\\/\\\/lightweb.dev\\\/l\\\/svm-temp\\\/artiklar\\\/redaktionens-sommartips-olas-basta-sommartips\\\/#article\",\"isPartOf\":{\"@id\":\"https:\\\/\\\/lightweb.dev\\\/l\\\/svm-temp\\\/artiklar\\\/redaktionens-sommartips-olas-basta-sommartips\\\/\"},\"author\":{\"name\":\"Ola Josefsson\",\"@id\":\"https:\\\/\\\/lightweb.dev\\\/l\\\/svm-temp\\\/#\\\/schema\\\/person\\\/7a82b8a73d171d32360a564b6d03508e\"},\"headline\":\"Redaktionens sommartips: Olas b\u00e4sta sommartips\",\"datePublished\":\"2022-08-04T03:59:27+00:00\",\"dateModified\":\"2022-08-19T13:02:54+00:00\",\"mainEntityOfPage\":{\"@id\":\"https:\\\/\\\/lightweb.dev\\\/l\\\/svm-temp\\\/artiklar\\\/redaktionens-sommartips-olas-basta-sommartips\\\/\"},\"wordCount\":393,\"commentCount\":1,\"publisher\":{\"@id\":\"https:\\\/\\\/lightweb.dev\\\/l\\\/svm-temp\\\/#organization\"},\"image\":{\"@id\":\"https:\\\/\\\/lightweb.dev\\\/l\\\/svm-temp\\\/artiklar\\\/redaktionens-sommartips-olas-basta-sommartips\\\/#primaryimage\"},\"thumbnailUrl\":\"https:\\\/\\\/lightweb.dev\\\/l\\\/svm-temp\\\/wp-content\\\/uploads\\\/2022\\\/07\\\/Ola_Sommaren2022-Stor.jpeg\",\"articleSection\":[\"Arkiv\",\"Artiklar\"],\"inLanguage\":\"sv-SE\"},{\"@type\":\"WebPage\",\"@id\":\"https:\\\/\\\/lightweb.dev\\\/l\\\/svm-temp\\\/artiklar\\\/redaktionens-sommartips-olas-basta-sommartips\\\/\",\"url\":\"https:\\\/\\\/lightweb.dev\\\/l\\\/svm-temp\\\/artiklar\\\/redaktionens-sommartips-olas-basta-sommartips\\\/\",\"name\":\"Redaktionens sommartips: Olas b\u00e4sta sommartips - Svenska Magasinet\",\"isPartOf\":{\"@id\":\"https:\\\/\\\/lightweb.dev\\\/l\\\/svm-temp\\\/#website\"},\"primaryImageOfPage\":{\"@id\":\"https:\\\/\\\/lightweb.dev\\\/l\\\/svm-temp\\\/artiklar\\\/redaktionens-sommartips-olas-basta-sommartips\\\/#primaryimage\"},\"image\":{\"@id\":\"https:\\\/\\\/lightweb.dev\\\/l\\\/svm-temp\\\/artiklar\\\/redaktionens-sommartips-olas-basta-sommartips\\\/#primaryimage\"},\"thumbnailUrl\":\"https:\\\/\\\/lightweb.dev\\\/l\\\/svm-temp\\\/wp-content\\\/uploads\\\/2022\\\/07\\\/Ola_Sommaren2022-Stor.jpeg\",\"datePublished\":\"2022-08-04T03:59:27+00:00\",\"dateModified\":\"2022-08-19T13:02:54+00:00\",\"breadcrumb\":{\"@id\":\"https:\\\/\\\/lightweb.dev\\\/l\\\/svm-temp\\\/artiklar\\\/redaktionens-sommartips-olas-basta-sommartips\\\/#breadcrumb\"},\"inLanguage\":\"sv-SE\",\"potentialAction\":[{\"@type\":\"ReadAction\",\"target\":[\"https:\\\/\\\/lightweb.dev\\\/l\\\/svm-temp\\\/artiklar\\\/redaktionens-sommartips-olas-basta-sommartips\\\/\"]}]},{\"@type\":\"ImageObject\",\"inLanguage\":\"sv-SE\",\"@id\":\"https:\\\/\\\/lightweb.dev\\\/l\\\/svm-temp\\\/artiklar\\\/redaktionens-sommartips-olas-basta-sommartips\\\/#primaryimage\",\"url\":\"https:\\\/\\\/lightweb.dev\\\/l\\\/svm-temp\\\/wp-content\\\/uploads\\\/2022\\\/07\\\/Ola_Sommaren2022-Stor.jpeg\",\"contentUrl\":\"https:\\\/\\\/lightweb.dev\\\/l\\\/svm-temp\\\/wp-content\\\/uploads\\\/2022\\\/07\\\/Ola_Sommaren2022-Stor.jpeg\",\"width\":960,\"height\":1280,\"caption\":\"Bevakat Spanien som reporter sedan 1994. Vistas hellre utomhus \u00e4n inomhus. Trivs b\u00e4st d\u00e4r bergen, floderna och havet m\u00f6ts.\"},{\"@type\":\"BreadcrumbList\",\"@id\":\"https:\\\/\\\/lightweb.dev\\\/l\\\/svm-temp\\\/artiklar\\\/redaktionens-sommartips-olas-basta-sommartips\\\/#breadcrumb\",\"itemListElement\":[{\"@type\":\"ListItem\",\"position\":1,\"name\":\"Hem\",\"item\":\"https:\\\/\\\/lightweb.dev\\\/l\\\/svm-temp\\\/\"},{\"@type\":\"ListItem\",\"position\":2,\"name\":\"Redaktionens sommartips: Olas b\u00e4sta sommartips\"}]},{\"@type\":\"WebSite\",\"@id\":\"https:\\\/\\\/lightweb.dev\\\/l\\\/svm-temp\\\/#website\",\"url\":\"https:\\\/\\\/lightweb.dev\\\/l\\\/svm-temp\\\/\",\"name\":\"Svenska Magasinet\",\"description\":\"Dina Spanska nyheter p&aring; Svenska\",\"publisher\":{\"@id\":\"https:\\\/\\\/lightweb.dev\\\/l\\\/svm-temp\\\/#organization\"},\"potentialAction\":[{\"@type\":\"SearchAction\",\"target\":{\"@type\":\"EntryPoint\",\"urlTemplate\":\"https:\\\/\\\/lightweb.dev\\\/l\\\/svm-temp\\\/?s={search_term_string}\"},\"query-input\":{\"@type\":\"PropertyValueSpecification\",\"valueRequired\":true,\"valueName\":\"search_term_string\"}}],\"inLanguage\":\"sv-SE\"},{\"@type\":\"Organization\",\"@id\":\"https:\\\/\\\/lightweb.dev\\\/l\\\/svm-temp\\\/#organization\",\"name\":\"Melkerson y Nott SL\",\"alternateName\":\"Svenska Magasinet\",\"url\":\"https:\\\/\\\/lightweb.dev\\\/l\\\/svm-temp\\\/\",\"logo\":{\"@type\":\"ImageObject\",\"inLanguage\":\"sv-SE\",\"@id\":\"https:\\\/\\\/lightweb.dev\\\/l\\\/svm-temp\\\/#\\\/schema\\\/logo\\\/image\\\/\",\"url\":\"https:\\\/\\\/lightweb.dev\\\/l\\\/svm-temp\\\/wp-content\\\/uploads\\\/2025\\\/02\\\/SvM-logo-Xtra-Centrerad-SVART.png\",\"contentUrl\":\"https:\\\/\\\/lightweb.dev\\\/l\\\/svm-temp\\\/wp-content\\\/uploads\\\/2025\\\/02\\\/SvM-logo-Xtra-Centrerad-SVART.png\",\"width\":300,\"height\":99,\"caption\":\"Melkerson y Nott SL\"},\"image\":{\"@id\":\"https:\\\/\\\/lightweb.dev\\\/l\\\/svm-temp\\\/#\\\/schema\\\/logo\\\/image\\\/\"},\"sameAs\":[\"https:\\\/\\\/www.facebook.com\\\/svenskamagasinet\",\"https:\\\/\\\/x.com\\\/SvenskaMagasine\"]},{\"@type\":\"Person\",\"@id\":\"https:\\\/\\\/lightweb.dev\\\/l\\\/svm-temp\\\/#\\\/schema\\\/person\\\/7a82b8a73d171d32360a564b6d03508e\",\"name\":\"Ola Josefsson\",\"description\":\"Bevakar Solkusten och Spanien sedan 1994.\",\"sameAs\":[\"https:\\\/\\\/lightweb.dev\\\/l\\\/svm-temp\"],\"url\":\"https:\\\/\\\/lightweb.dev\\\/l\\\/svm-temp\\\/reporter\\\/ola-josefsson\\\/\"}]}<\/script>\n<!-- \/ Yoast SEO Premium plugin. -->","yoast_head_json":{"title":"Redaktionens sommartips: Olas b\u00e4sta sommartips - Svenska Magasinet","robots":{"index":"noindex","follow":"follow","max-snippet":"max-snippet:-1","max-image-preview":"max-image-preview:large","max-video-preview":"max-video-preview:-1"},"og_locale":"sv_SE","og_type":"article","og_title":"Redaktionens sommartips: Olas b\u00e4sta sommartips","og_description":"Mat &amp; Dryck: Smaken P\u00e5 sommaren smakar Espeto de Sardinas, Sardinspett, som godast. F\u00e4rska sardiner, en nypa salt och grillade \u00f6ver olivtr\u00e4. Att sitta p\u00e5 en chiringuito, strandrestaurang, och \u00e4ta sardiner med f\u00f6tterna i sanden \u00e4r sommar f\u00f6r mig. Traditionen s\u00e4ger att sardinerna smakar som b\u00e4st mellan \u201dtv\u00e5 oskulder\u201d, det vill s\u00e4ga mellan den 16 [&hellip;]","og_url":"https:\/\/lightweb.dev\/l\/svm-temp\/artiklar\/redaktionens-sommartips-olas-basta-sommartips\/","og_site_name":"Svenska Magasinet","article_publisher":"https:\/\/www.facebook.com\/svenskamagasinet","article_published_time":"2022-08-04T03:59:27+00:00","article_modified_time":"2022-08-19T13:02:54+00:00","og_image":[{"width":960,"height":1280,"url":"https:\/\/lightweb.dev\/l\/svm-temp\/wp-content\/uploads\/2022\/07\/Ola_Sommaren2022-Stor.jpeg","type":"image\/jpeg"}],"author":"Ola Josefsson","twitter_card":"summary_large_image","twitter_creator":"@SvenskaMagasine","twitter_site":"@SvenskaMagasine","schema":{"@context":"https:\/\/schema.org","@graph":[{"@type":"Article","@id":"https:\/\/lightweb.dev\/l\/svm-temp\/artiklar\/redaktionens-sommartips-olas-basta-sommartips\/#article","isPartOf":{"@id":"https:\/\/lightweb.dev\/l\/svm-temp\/artiklar\/redaktionens-sommartips-olas-basta-sommartips\/"},"author":{"name":"Ola Josefsson","@id":"https:\/\/lightweb.dev\/l\/svm-temp\/#\/schema\/person\/7a82b8a73d171d32360a564b6d03508e"},"headline":"Redaktionens sommartips: Olas b\u00e4sta sommartips","datePublished":"2022-08-04T03:59:27+00:00","dateModified":"2022-08-19T13:02:54+00:00","mainEntityOfPage":{"@id":"https:\/\/lightweb.dev\/l\/svm-temp\/artiklar\/redaktionens-sommartips-olas-basta-sommartips\/"},"wordCount":393,"commentCount":1,"publisher":{"@id":"https:\/\/lightweb.dev\/l\/svm-temp\/#organization"},"image":{"@id":"https:\/\/lightweb.dev\/l\/svm-temp\/artiklar\/redaktionens-sommartips-olas-basta-sommartips\/#primaryimage"},"thumbnailUrl":"https:\/\/lightweb.dev\/l\/svm-temp\/wp-content\/uploads\/2022\/07\/Ola_Sommaren2022-Stor.jpeg","articleSection":["Arkiv","Artiklar"],"inLanguage":"sv-SE"},{"@type":"WebPage","@id":"https:\/\/lightweb.dev\/l\/svm-temp\/artiklar\/redaktionens-sommartips-olas-basta-sommartips\/","url":"https:\/\/lightweb.dev\/l\/svm-temp\/artiklar\/redaktionens-sommartips-olas-basta-sommartips\/","name":"Redaktionens sommartips: Olas b\u00e4sta sommartips - Svenska Magasinet","isPartOf":{"@id":"https:\/\/lightweb.dev\/l\/svm-temp\/#website"},"primaryImageOfPage":{"@id":"https:\/\/lightweb.dev\/l\/svm-temp\/artiklar\/redaktionens-sommartips-olas-basta-sommartips\/#primaryimage"},"image":{"@id":"https:\/\/lightweb.dev\/l\/svm-temp\/artiklar\/redaktionens-sommartips-olas-basta-sommartips\/#primaryimage"},"thumbnailUrl":"https:\/\/lightweb.dev\/l\/svm-temp\/wp-content\/uploads\/2022\/07\/Ola_Sommaren2022-Stor.jpeg","datePublished":"2022-08-04T03:59:27+00:00","dateModified":"2022-08-19T13:02:54+00:00","breadcrumb":{"@id":"https:\/\/lightweb.dev\/l\/svm-temp\/artiklar\/redaktionens-sommartips-olas-basta-sommartips\/#breadcrumb"},"inLanguage":"sv-SE","potentialAction":[{"@type":"ReadAction","target":["https:\/\/lightweb.dev\/l\/svm-temp\/artiklar\/redaktionens-sommartips-olas-basta-sommartips\/"]}]},{"@type":"ImageObject","inLanguage":"sv-SE","@id":"https:\/\/lightweb.dev\/l\/svm-temp\/artiklar\/redaktionens-sommartips-olas-basta-sommartips\/#primaryimage","url":"https:\/\/lightweb.dev\/l\/svm-temp\/wp-content\/uploads\/2022\/07\/Ola_Sommaren2022-Stor.jpeg","contentUrl":"https:\/\/lightweb.dev\/l\/svm-temp\/wp-content\/uploads\/2022\/07\/Ola_Sommaren2022-Stor.jpeg","width":960,"height":1280,"caption":"Bevakat Spanien som reporter sedan 1994. Vistas hellre utomhus \u00e4n inomhus. Trivs b\u00e4st d\u00e4r bergen, floderna och havet m\u00f6ts."},{"@type":"BreadcrumbList","@id":"https:\/\/lightweb.dev\/l\/svm-temp\/artiklar\/redaktionens-sommartips-olas-basta-sommartips\/#breadcrumb","itemListElement":[{"@type":"ListItem","position":1,"name":"Hem","item":"https:\/\/lightweb.dev\/l\/svm-temp\/"},{"@type":"ListItem","position":2,"name":"Redaktionens sommartips: Olas b\u00e4sta sommartips"}]},{"@type":"WebSite","@id":"https:\/\/lightweb.dev\/l\/svm-temp\/#website","url":"https:\/\/lightweb.dev\/l\/svm-temp\/","name":"Svenska Magasinet","description":"Dina Spanska nyheter p&aring; Svenska","publisher":{"@id":"https:\/\/lightweb.dev\/l\/svm-temp\/#organization"},"potentialAction":[{"@type":"SearchAction","target":{"@type":"EntryPoint","urlTemplate":"https:\/\/lightweb.dev\/l\/svm-temp\/?s={search_term_string}"},"query-input":{"@type":"PropertyValueSpecification","valueRequired":true,"valueName":"search_term_string"}}],"inLanguage":"sv-SE"},{"@type":"Organization","@id":"https:\/\/lightweb.dev\/l\/svm-temp\/#organization","name":"Melkerson y Nott SL","alternateName":"Svenska Magasinet","url":"https:\/\/lightweb.dev\/l\/svm-temp\/","logo":{"@type":"ImageObject","inLanguage":"sv-SE","@id":"https:\/\/lightweb.dev\/l\/svm-temp\/#\/schema\/logo\/image\/","url":"https:\/\/lightweb.dev\/l\/svm-temp\/wp-content\/uploads\/2025\/02\/SvM-logo-Xtra-Centrerad-SVART.png","contentUrl":"https:\/\/lightweb.dev\/l\/svm-temp\/wp-content\/uploads\/2025\/02\/SvM-logo-Xtra-Centrerad-SVART.png","width":300,"height":99,"caption":"Melkerson y Nott SL"},"image":{"@id":"https:\/\/lightweb.dev\/l\/svm-temp\/#\/schema\/logo\/image\/"},"sameAs":["https:\/\/www.facebook.com\/svenskamagasinet","https:\/\/x.com\/SvenskaMagasine"]},{"@type":"Person","@id":"https:\/\/lightweb.dev\/l\/svm-temp\/#\/schema\/person\/7a82b8a73d171d32360a564b6d03508e","name":"Ola Josefsson","description":"Bevakar Solkusten och Spanien sedan 1994.","sameAs":["https:\/\/lightweb.dev\/l\/svm-temp"],"url":"https:\/\/lightweb.dev\/l\/svm-temp\/reporter\/ola-josefsson\/"}]}},"_links":{"self":[{"href":"https:\/\/lightweb.dev\/l\/svm-temp\/wp-json\/wp\/v2\/posts\/55615","targetHints":{"allow":["GET"]}}],"collection":[{"href":"https:\/\/lightweb.dev\/l\/svm-temp\/wp-json\/wp\/v2\/posts"}],"about":[{"href":"https:\/\/lightweb.dev\/l\/svm-temp\/wp-json\/wp\/v2\/types\/post"}],"author":[{"embeddable":true,"href":"https:\/\/lightweb.dev\/l\/svm-temp\/wp-json\/wp\/v2\/users\/7"}],"replies":[{"embeddable":true,"href":"https:\/\/lightweb.dev\/l\/svm-temp\/wp-json\/wp\/v2\/comments?post=55615"}],"version-history":[{"count":0,"href":"https:\/\/lightweb.dev\/l\/svm-temp\/wp-json\/wp\/v2\/posts\/55615\/revisions"}],"wp:featuredmedia":[{"embeddable":true,"href":"https:\/\/lightweb.dev\/l\/svm-temp\/wp-json\/wp\/v2\/media\/55616"}],"wp:attachment":[{"href":"https:\/\/lightweb.dev\/l\/svm-temp\/wp-json\/wp\/v2\/media?parent=55615"}],"wp:term":[{"taxonomy":"category","embeddable":true,"href":"https:\/\/lightweb.dev\/l\/svm-temp\/wp-json\/wp\/v2\/categories?post=55615"},{"taxonomy":"post_tag","embeddable":true,"href":"https:\/\/lightweb.dev\/l\/svm-temp\/wp-json\/wp\/v2\/tags?post=55615"}],"curies":[{"name":"wp","href":"https:\/\/api.w.org\/{rel}","templated":true}]}}