{"id":55663,"date":"2022-08-05T05:55:54","date_gmt":"2022-08-05T03:55:54","guid":{"rendered":"https:\/\/lightweb.dev\/l\/svm-temp\/?p=55663"},"modified":"2022-08-19T15:01:50","modified_gmt":"2022-08-19T13:01:50","slug":"evalottas-sommartips","status":"publish","type":"post","link":"https:\/\/lightweb.dev\/l\/svm-temp\/artiklar\/evalottas-sommartips\/","title":{"rendered":"EvaLottas sommartips"},"content":{"rendered":"<h2><strong>B\u00e4sta utflykten\u00a0Upplevelsen<\/strong><\/h2>\n<p><img loading=\"lazy\" decoding=\"async\" class=\"alignnone size-medium wp-image-55665\" src=\"https:\/\/lightweb.dev\/l\/svm-temp\/wp-content\/uploads\/2022\/07\/shutterstock_2160444279-Stor-300x159.jpeg\" alt=\"\" width=\"300\" height=\"159\" srcset=\"https:\/\/lightweb.dev\/l\/svm-temp\/wp-content\/uploads\/2022\/07\/shutterstock_2160444279-Stor-300x159.jpeg 300w, https:\/\/lightweb.dev\/l\/svm-temp\/wp-content\/uploads\/2022\/07\/shutterstock_2160444279-Stor-600x317.jpeg 600w, https:\/\/lightweb.dev\/l\/svm-temp\/wp-content\/uploads\/2022\/07\/shutterstock_2160444279-Stor-900x476.jpeg 900w, https:\/\/lightweb.dev\/l\/svm-temp\/wp-content\/uploads\/2022\/07\/shutterstock_2160444279-Stor-768x406.jpeg 768w, https:\/\/lightweb.dev\/l\/svm-temp\/wp-content\/uploads\/2022\/07\/shutterstock_2160444279-Stor-610x323.jpeg 610w, https:\/\/lightweb.dev\/l\/svm-temp\/wp-content\/uploads\/2022\/07\/shutterstock_2160444279-Stor-1080x571.jpeg 1080w, https:\/\/lightweb.dev\/l\/svm-temp\/wp-content\/uploads\/2022\/07\/shutterstock_2160444279-Stor-640x339.jpeg 640w, https:\/\/lightweb.dev\/l\/svm-temp\/wp-content\/uploads\/2022\/07\/shutterstock_2160444279-Stor.jpeg 1280w\" sizes=\"(max-width: 300px) 100vw, 300px\" \/><\/p>\n<p>Jag \u00e5terkommer mer \u00e4n g\u00e4rna till Tarifa, Europas sydligast udde d\u00e4r Atlanten och Medelhavet m\u00f6ts n\u00e4ra Gibraltars inlopp. Tarifa har en fantastisk sandstrand att promenera p\u00e5 och mitt tips \u00e4r att ta med en strandstol och njuta av den magiska solnedg\u00e5ngen, otroligt m\u00e5nga surfare g\u00f6r dig s\u00e4llskap och du f\u00e5r r\u00e4kna med att om det bl\u00e5ser s\u00e5 har du sand \u00f6verallt n\u00e4r du \u00e5ker hem.<\/p>\n<h2><strong>MAT &amp; DRYCK Smaken<\/strong><\/h2>\n<p><img loading=\"lazy\" decoding=\"async\" class=\"alignnone size-medium wp-image-55666\" src=\"https:\/\/lightweb.dev\/l\/svm-temp\/wp-content\/uploads\/2022\/07\/GambasPilPil_shutterstock_1642302601-Stor-300x200.jpeg\" alt=\"\" width=\"300\" height=\"200\" srcset=\"https:\/\/lightweb.dev\/l\/svm-temp\/wp-content\/uploads\/2022\/07\/GambasPilPil_shutterstock_1642302601-Stor-300x200.jpeg 300w, https:\/\/lightweb.dev\/l\/svm-temp\/wp-content\/uploads\/2022\/07\/GambasPilPil_shutterstock_1642302601-Stor-600x400.jpeg 600w, https:\/\/lightweb.dev\/l\/svm-temp\/wp-content\/uploads\/2022\/07\/GambasPilPil_shutterstock_1642302601-Stor-900x600.jpeg 900w, https:\/\/lightweb.dev\/l\/svm-temp\/wp-content\/uploads\/2022\/07\/GambasPilPil_shutterstock_1642302601-Stor-768x512.jpeg 768w, https:\/\/lightweb.dev\/l\/svm-temp\/wp-content\/uploads\/2022\/07\/GambasPilPil_shutterstock_1642302601-Stor-610x407.jpeg 610w, https:\/\/lightweb.dev\/l\/svm-temp\/wp-content\/uploads\/2022\/07\/GambasPilPil_shutterstock_1642302601-Stor-1080x720.jpeg 1080w, https:\/\/lightweb.dev\/l\/svm-temp\/wp-content\/uploads\/2022\/07\/GambasPilPil_shutterstock_1642302601-Stor-640x427.jpeg 640w, https:\/\/lightweb.dev\/l\/svm-temp\/wp-content\/uploads\/2022\/07\/GambasPilPil_shutterstock_1642302601-Stor.jpeg 1280w\" sizes=\"(max-width: 300px) 100vw, 300px\" \/><\/p>\n<p>Aldrig smakar iskallt r\u00f6dvin b\u00e4ttre \u00e4n i den spanska sommarv\u00e4rmen, jag har f\u00f6rs\u00f6kt att dricka det \u00e4ven i Sverige men det smakar inte i n\u00e4rheten s\u00e5 gott som h\u00e4r. Jag har efter lite mer \u00e4n ett \u00e5r nu i Spanien \u00e4ntligen l\u00e4rt mig att<br \/>\nuppskatta kryddstark mat, s\u00e5 klassikern gambas pil pil njuter jag numera g\u00e4rna av.<\/p>\n<h2>STRANDLIV\u00a0<b>Svalkan<\/b><\/h2>\n<p><img loading=\"lazy\" decoding=\"async\" class=\"alignnone size-medium wp-image-55668\" src=\"https:\/\/lightweb.dev\/l\/svm-temp\/wp-content\/uploads\/2022\/07\/photo0jpg-Stor-225x300.jpeg\" alt=\"\" width=\"225\" height=\"300\" srcset=\"https:\/\/lightweb.dev\/l\/svm-temp\/wp-content\/uploads\/2022\/07\/photo0jpg-Stor-225x300.jpeg 225w, https:\/\/lightweb.dev\/l\/svm-temp\/wp-content\/uploads\/2022\/07\/photo0jpg-Stor.jpeg 338w\" sizes=\"(max-width: 225px) 100vw, 225px\" \/><\/p>\n<p>Sedan min f\u00f6rsta semester i Marbella har jag alltid \u00e5terkommit till stranden\/baren Tramps n\u00e4ra Puerto Banus d\u00e4r vi njuter av en heldag n\u00e4r vi vill sola, fr\u00e5n morgonen till st\u00e4ngning. Du sitter p\u00e5\u00a0\u00a0stranden n\u00e4r du \u00e4ter din lunch och utsikten ut \u00f6ver havet, La Concha och Puerto Banus ger mig en riktig semesterfeeling, ro och fina minnen fr\u00e5n tiden d\u00e5 vi bodde d\u00e4r.<\/p>\n<h2>OM OCH OM IGEN!<b>Shopping &amp; sev\u00e4rt<\/b><\/h2>\n<p>M\u00e1laga \u00e4r en storstad p\u00e5 semesterparadiset Solkusten som du inte ska missa vid ditt bes\u00f6k h\u00e4r. Staden har de senaste \u00e5ren st\u00e4dats upp och det \u00e4r otroligt rent och snyggt. Missa inte katedralen och amfiteatern vid ditt bes\u00f6k, att promenera p\u00e5 kv\u00e4llen i gr\u00e4nderna i ett upplyst M\u00e1laga \u00e4r lika trevligt sommar som vinter och bjuder p\u00e5 fin shopping och sev\u00e4rdheter.<\/p>\n<h2>INTE VARIT \u00c4NNU&#8230; <b>Dr\u00f6mmen<\/b><\/h2>\n<div>\n<p><img loading=\"lazy\" decoding=\"async\" class=\"alignnone size-medium wp-image-55669\" src=\"https:\/\/lightweb.dev\/l\/svm-temp\/wp-content\/uploads\/2022\/07\/Sevilla_Cathedral_-_Southeast-Stor-300x224.jpeg\" alt=\"\" width=\"300\" height=\"224\" srcset=\"https:\/\/lightweb.dev\/l\/svm-temp\/wp-content\/uploads\/2022\/07\/Sevilla_Cathedral_-_Southeast-Stor-300x224.jpeg 300w, https:\/\/lightweb.dev\/l\/svm-temp\/wp-content\/uploads\/2022\/07\/Sevilla_Cathedral_-_Southeast-Stor-600x448.jpeg 600w, https:\/\/lightweb.dev\/l\/svm-temp\/wp-content\/uploads\/2022\/07\/Sevilla_Cathedral_-_Southeast-Stor-900x671.jpeg 900w, https:\/\/lightweb.dev\/l\/svm-temp\/wp-content\/uploads\/2022\/07\/Sevilla_Cathedral_-_Southeast-Stor-768x573.jpeg 768w, https:\/\/lightweb.dev\/l\/svm-temp\/wp-content\/uploads\/2022\/07\/Sevilla_Cathedral_-_Southeast-Stor-610x455.jpeg 610w, https:\/\/lightweb.dev\/l\/svm-temp\/wp-content\/uploads\/2022\/07\/Sevilla_Cathedral_-_Southeast-Stor-1080x806.jpeg 1080w, https:\/\/lightweb.dev\/l\/svm-temp\/wp-content\/uploads\/2022\/07\/Sevilla_Cathedral_-_Southeast-Stor-640x477.jpeg 640w, https:\/\/lightweb.dev\/l\/svm-temp\/wp-content\/uploads\/2022\/07\/Sevilla_Cathedral_-_Southeast-Stor.jpeg 1200w\" sizes=\"(max-width: 300px) 100vw, 300px\" \/><\/p>\n<p>Oj, jag har otroligt mycket mer att uppt\u00e4cka i Spanien, redan i sommar ska bilen tankas och vi ska g\u00f6ra en roadtrip, Sevilla lockar mig<\/p>\n<\/div>\n","protected":false},"excerpt":{"rendered":"<p>B\u00e4sta utflykten\u00a0Upplevelsen Jag \u00e5terkommer mer \u00e4n g\u00e4rna till Tarifa, Europas sydligast udde d\u00e4r Atlanten och Medelhavet m\u00f6ts n\u00e4ra Gibraltars inlopp. Tarifa har en fantastisk sandstrand att promenera p\u00e5 och mitt tips \u00e4r att ta med en strandstol och njuta av den magiska solnedg\u00e5ngen, otroligt m\u00e5nga surfare g\u00f6r dig s\u00e4llskap och du f\u00e5r r\u00e4kna med att [&hellip;]<\/p>\n","protected":false},"author":3,"featured_media":55664,"comment_status":"open","ping_status":"closed","sticky":false,"template":"","format":"standard","meta":{"_et_pb_use_builder":"","_et_pb_old_content":"","_et_gb_content_width":"","footnotes":""},"categories":[396,4],"tags":[],"class_list":["post-55663","post","type-post","status-publish","format-standard","has-post-thumbnail","hentry","category-arkiv-artiklar","category-artiklar"],"yoast_head":"<!-- This site is optimized with the Yoast SEO Premium plugin v26.2 (Yoast SEO v27.4) - https:\/\/yoast.com\/product\/yoast-seo-premium-wordpress\/ -->\n<title>EvaLottas sommartips - Svenska Magasinet<\/title>\n<meta name=\"robots\" content=\"noindex, follow, max-snippet:-1, max-image-preview:large, max-video-preview:-1\" \/>\n<meta property=\"og:locale\" content=\"sv_SE\" \/>\n<meta property=\"og:type\" content=\"article\" \/>\n<meta property=\"og:title\" content=\"EvaLottas sommartips\" \/>\n<meta property=\"og:description\" content=\"B\u00e4sta utflykten\u00a0Upplevelsen Jag \u00e5terkommer mer \u00e4n g\u00e4rna till Tarifa, Europas sydligast udde d\u00e4r Atlanten och Medelhavet m\u00f6ts n\u00e4ra Gibraltars inlopp. Tarifa har en fantastisk sandstrand att promenera p\u00e5 och mitt tips \u00e4r att ta med en strandstol och njuta av den magiska solnedg\u00e5ngen, otroligt m\u00e5nga surfare g\u00f6r dig s\u00e4llskap och du f\u00e5r r\u00e4kna med att [&hellip;]\" \/>\n<meta property=\"og:url\" content=\"https:\/\/lightweb.dev\/l\/svm-temp\/artiklar\/evalottas-sommartips\/\" \/>\n<meta property=\"og:site_name\" content=\"Svenska Magasinet\" \/>\n<meta property=\"article:publisher\" content=\"https:\/\/www.facebook.com\/svenskamagasinet\" \/>\n<meta property=\"article:published_time\" content=\"2022-08-05T03:55:54+00:00\" \/>\n<meta property=\"article:modified_time\" content=\"2022-08-19T13:01:50+00:00\" \/>\n<meta property=\"og:image\" content=\"https:\/\/lightweb.dev\/l\/svm-temp\/wp-content\/uploads\/2022\/07\/EvalottaPettersson-Stor.jpeg\" \/>\n\t<meta property=\"og:image:width\" content=\"709\" \/>\n\t<meta property=\"og:image:height\" content=\"945\" \/>\n\t<meta property=\"og:image:type\" content=\"image\/jpeg\" \/>\n<meta name=\"author\" content=\"EvaLotta Pettersson\" \/>\n<meta name=\"twitter:card\" content=\"summary_large_image\" \/>\n<meta name=\"twitter:creator\" content=\"@SvenskaMagasine\" \/>\n<meta name=\"twitter:site\" content=\"@SvenskaMagasine\" \/>\n<script type=\"application\/ld+json\" class=\"yoast-schema-graph\">{\"@context\":\"https:\\\/\\\/schema.org\",\"@graph\":[{\"@type\":\"Article\",\"@id\":\"https:\\\/\\\/lightweb.dev\\\/l\\\/svm-temp\\\/artiklar\\\/evalottas-sommartips\\\/#article\",\"isPartOf\":{\"@id\":\"https:\\\/\\\/lightweb.dev\\\/l\\\/svm-temp\\\/artiklar\\\/evalottas-sommartips\\\/\"},\"author\":{\"name\":\"EvaLotta Pettersson\",\"@id\":\"https:\\\/\\\/lightweb.dev\\\/l\\\/svm-temp\\\/#\\\/schema\\\/person\\\/e200f5f676934d5b2e68283741f7dd2a\"},\"headline\":\"EvaLottas sommartips\",\"datePublished\":\"2022-08-05T03:55:54+00:00\",\"dateModified\":\"2022-08-19T13:01:50+00:00\",\"mainEntityOfPage\":{\"@id\":\"https:\\\/\\\/lightweb.dev\\\/l\\\/svm-temp\\\/artiklar\\\/evalottas-sommartips\\\/\"},\"wordCount\":339,\"commentCount\":3,\"publisher\":{\"@id\":\"https:\\\/\\\/lightweb.dev\\\/l\\\/svm-temp\\\/#organization\"},\"image\":{\"@id\":\"https:\\\/\\\/lightweb.dev\\\/l\\\/svm-temp\\\/artiklar\\\/evalottas-sommartips\\\/#primaryimage\"},\"thumbnailUrl\":\"https:\\\/\\\/lightweb.dev\\\/l\\\/svm-temp\\\/wp-content\\\/uploads\\\/2022\\\/07\\\/EvalottaPettersson-Stor.jpeg\",\"articleSection\":[\"Arkiv\",\"Artiklar\"],\"inLanguage\":\"sv-SE\"},{\"@type\":\"WebPage\",\"@id\":\"https:\\\/\\\/lightweb.dev\\\/l\\\/svm-temp\\\/artiklar\\\/evalottas-sommartips\\\/\",\"url\":\"https:\\\/\\\/lightweb.dev\\\/l\\\/svm-temp\\\/artiklar\\\/evalottas-sommartips\\\/\",\"name\":\"EvaLottas sommartips - Svenska Magasinet\",\"isPartOf\":{\"@id\":\"https:\\\/\\\/lightweb.dev\\\/l\\\/svm-temp\\\/#website\"},\"primaryImageOfPage\":{\"@id\":\"https:\\\/\\\/lightweb.dev\\\/l\\\/svm-temp\\\/artiklar\\\/evalottas-sommartips\\\/#primaryimage\"},\"image\":{\"@id\":\"https:\\\/\\\/lightweb.dev\\\/l\\\/svm-temp\\\/artiklar\\\/evalottas-sommartips\\\/#primaryimage\"},\"thumbnailUrl\":\"https:\\\/\\\/lightweb.dev\\\/l\\\/svm-temp\\\/wp-content\\\/uploads\\\/2022\\\/07\\\/EvalottaPettersson-Stor.jpeg\",\"datePublished\":\"2022-08-05T03:55:54+00:00\",\"dateModified\":\"2022-08-19T13:01:50+00:00\",\"breadcrumb\":{\"@id\":\"https:\\\/\\\/lightweb.dev\\\/l\\\/svm-temp\\\/artiklar\\\/evalottas-sommartips\\\/#breadcrumb\"},\"inLanguage\":\"sv-SE\",\"potentialAction\":[{\"@type\":\"ReadAction\",\"target\":[\"https:\\\/\\\/lightweb.dev\\\/l\\\/svm-temp\\\/artiklar\\\/evalottas-sommartips\\\/\"]}]},{\"@type\":\"ImageObject\",\"inLanguage\":\"sv-SE\",\"@id\":\"https:\\\/\\\/lightweb.dev\\\/l\\\/svm-temp\\\/artiklar\\\/evalottas-sommartips\\\/#primaryimage\",\"url\":\"https:\\\/\\\/lightweb.dev\\\/l\\\/svm-temp\\\/wp-content\\\/uploads\\\/2022\\\/07\\\/EvalottaPettersson-Stor.jpeg\",\"contentUrl\":\"https:\\\/\\\/lightweb.dev\\\/l\\\/svm-temp\\\/wp-content\\\/uploads\\\/2022\\\/07\\\/EvalottaPettersson-Stor.jpeg\",\"width\":709,\"height\":945,\"caption\":\"Av EvaLotta Pettersson, chefredakt\u00f6r. evalotta@svenskamagasinet.nu. Tlf +34 637 559 039\"},{\"@type\":\"BreadcrumbList\",\"@id\":\"https:\\\/\\\/lightweb.dev\\\/l\\\/svm-temp\\\/artiklar\\\/evalottas-sommartips\\\/#breadcrumb\",\"itemListElement\":[{\"@type\":\"ListItem\",\"position\":1,\"name\":\"Hem\",\"item\":\"https:\\\/\\\/lightweb.dev\\\/l\\\/svm-temp\\\/\"},{\"@type\":\"ListItem\",\"position\":2,\"name\":\"EvaLottas sommartips\"}]},{\"@type\":\"WebSite\",\"@id\":\"https:\\\/\\\/lightweb.dev\\\/l\\\/svm-temp\\\/#website\",\"url\":\"https:\\\/\\\/lightweb.dev\\\/l\\\/svm-temp\\\/\",\"name\":\"Svenska Magasinet\",\"description\":\"Dina Spanska nyheter p&aring; Svenska\",\"publisher\":{\"@id\":\"https:\\\/\\\/lightweb.dev\\\/l\\\/svm-temp\\\/#organization\"},\"potentialAction\":[{\"@type\":\"SearchAction\",\"target\":{\"@type\":\"EntryPoint\",\"urlTemplate\":\"https:\\\/\\\/lightweb.dev\\\/l\\\/svm-temp\\\/?s={search_term_string}\"},\"query-input\":{\"@type\":\"PropertyValueSpecification\",\"valueRequired\":true,\"valueName\":\"search_term_string\"}}],\"inLanguage\":\"sv-SE\"},{\"@type\":\"Organization\",\"@id\":\"https:\\\/\\\/lightweb.dev\\\/l\\\/svm-temp\\\/#organization\",\"name\":\"Melkerson y Nott SL\",\"alternateName\":\"Svenska Magasinet\",\"url\":\"https:\\\/\\\/lightweb.dev\\\/l\\\/svm-temp\\\/\",\"logo\":{\"@type\":\"ImageObject\",\"inLanguage\":\"sv-SE\",\"@id\":\"https:\\\/\\\/lightweb.dev\\\/l\\\/svm-temp\\\/#\\\/schema\\\/logo\\\/image\\\/\",\"url\":\"https:\\\/\\\/lightweb.dev\\\/l\\\/svm-temp\\\/wp-content\\\/uploads\\\/2025\\\/02\\\/SvM-logo-Xtra-Centrerad-SVART.png\",\"contentUrl\":\"https:\\\/\\\/lightweb.dev\\\/l\\\/svm-temp\\\/wp-content\\\/uploads\\\/2025\\\/02\\\/SvM-logo-Xtra-Centrerad-SVART.png\",\"width\":300,\"height\":99,\"caption\":\"Melkerson y Nott SL\"},\"image\":{\"@id\":\"https:\\\/\\\/lightweb.dev\\\/l\\\/svm-temp\\\/#\\\/schema\\\/logo\\\/image\\\/\"},\"sameAs\":[\"https:\\\/\\\/www.facebook.com\\\/svenskamagasinet\",\"https:\\\/\\\/x.com\\\/SvenskaMagasine\"]},{\"@type\":\"Person\",\"@id\":\"https:\\\/\\\/lightweb.dev\\\/l\\\/svm-temp\\\/#\\\/schema\\\/person\\\/e200f5f676934d5b2e68283741f7dd2a\",\"name\":\"EvaLotta Pettersson\",\"description\":\"VD\",\"sameAs\":[\"https:\\\/\\\/lightweb.dev\\\/l\\\/svm-temp\"],\"url\":\"https:\\\/\\\/lightweb.dev\\\/l\\\/svm-temp\\\/reporter\\\/evalottap\\\/\"}]}<\/script>\n<!-- \/ Yoast SEO Premium plugin. -->","yoast_head_json":{"title":"EvaLottas sommartips - Svenska Magasinet","robots":{"index":"noindex","follow":"follow","max-snippet":"max-snippet:-1","max-image-preview":"max-image-preview:large","max-video-preview":"max-video-preview:-1"},"og_locale":"sv_SE","og_type":"article","og_title":"EvaLottas sommartips","og_description":"B\u00e4sta utflykten\u00a0Upplevelsen Jag \u00e5terkommer mer \u00e4n g\u00e4rna till Tarifa, Europas sydligast udde d\u00e4r Atlanten och Medelhavet m\u00f6ts n\u00e4ra Gibraltars inlopp. Tarifa har en fantastisk sandstrand att promenera p\u00e5 och mitt tips \u00e4r att ta med en strandstol och njuta av den magiska solnedg\u00e5ngen, otroligt m\u00e5nga surfare g\u00f6r dig s\u00e4llskap och du f\u00e5r r\u00e4kna med att [&hellip;]","og_url":"https:\/\/lightweb.dev\/l\/svm-temp\/artiklar\/evalottas-sommartips\/","og_site_name":"Svenska Magasinet","article_publisher":"https:\/\/www.facebook.com\/svenskamagasinet","article_published_time":"2022-08-05T03:55:54+00:00","article_modified_time":"2022-08-19T13:01:50+00:00","og_image":[{"width":709,"height":945,"url":"https:\/\/lightweb.dev\/l\/svm-temp\/wp-content\/uploads\/2022\/07\/EvalottaPettersson-Stor.jpeg","type":"image\/jpeg"}],"author":"EvaLotta Pettersson","twitter_card":"summary_large_image","twitter_creator":"@SvenskaMagasine","twitter_site":"@SvenskaMagasine","schema":{"@context":"https:\/\/schema.org","@graph":[{"@type":"Article","@id":"https:\/\/lightweb.dev\/l\/svm-temp\/artiklar\/evalottas-sommartips\/#article","isPartOf":{"@id":"https:\/\/lightweb.dev\/l\/svm-temp\/artiklar\/evalottas-sommartips\/"},"author":{"name":"EvaLotta Pettersson","@id":"https:\/\/lightweb.dev\/l\/svm-temp\/#\/schema\/person\/e200f5f676934d5b2e68283741f7dd2a"},"headline":"EvaLottas sommartips","datePublished":"2022-08-05T03:55:54+00:00","dateModified":"2022-08-19T13:01:50+00:00","mainEntityOfPage":{"@id":"https:\/\/lightweb.dev\/l\/svm-temp\/artiklar\/evalottas-sommartips\/"},"wordCount":339,"commentCount":3,"publisher":{"@id":"https:\/\/lightweb.dev\/l\/svm-temp\/#organization"},"image":{"@id":"https:\/\/lightweb.dev\/l\/svm-temp\/artiklar\/evalottas-sommartips\/#primaryimage"},"thumbnailUrl":"https:\/\/lightweb.dev\/l\/svm-temp\/wp-content\/uploads\/2022\/07\/EvalottaPettersson-Stor.jpeg","articleSection":["Arkiv","Artiklar"],"inLanguage":"sv-SE"},{"@type":"WebPage","@id":"https:\/\/lightweb.dev\/l\/svm-temp\/artiklar\/evalottas-sommartips\/","url":"https:\/\/lightweb.dev\/l\/svm-temp\/artiklar\/evalottas-sommartips\/","name":"EvaLottas sommartips - Svenska Magasinet","isPartOf":{"@id":"https:\/\/lightweb.dev\/l\/svm-temp\/#website"},"primaryImageOfPage":{"@id":"https:\/\/lightweb.dev\/l\/svm-temp\/artiklar\/evalottas-sommartips\/#primaryimage"},"image":{"@id":"https:\/\/lightweb.dev\/l\/svm-temp\/artiklar\/evalottas-sommartips\/#primaryimage"},"thumbnailUrl":"https:\/\/lightweb.dev\/l\/svm-temp\/wp-content\/uploads\/2022\/07\/EvalottaPettersson-Stor.jpeg","datePublished":"2022-08-05T03:55:54+00:00","dateModified":"2022-08-19T13:01:50+00:00","breadcrumb":{"@id":"https:\/\/lightweb.dev\/l\/svm-temp\/artiklar\/evalottas-sommartips\/#breadcrumb"},"inLanguage":"sv-SE","potentialAction":[{"@type":"ReadAction","target":["https:\/\/lightweb.dev\/l\/svm-temp\/artiklar\/evalottas-sommartips\/"]}]},{"@type":"ImageObject","inLanguage":"sv-SE","@id":"https:\/\/lightweb.dev\/l\/svm-temp\/artiklar\/evalottas-sommartips\/#primaryimage","url":"https:\/\/lightweb.dev\/l\/svm-temp\/wp-content\/uploads\/2022\/07\/EvalottaPettersson-Stor.jpeg","contentUrl":"https:\/\/lightweb.dev\/l\/svm-temp\/wp-content\/uploads\/2022\/07\/EvalottaPettersson-Stor.jpeg","width":709,"height":945,"caption":"Av EvaLotta Pettersson, chefredakt\u00f6r. evalotta@svenskamagasinet.nu. Tlf +34 637 559 039"},{"@type":"BreadcrumbList","@id":"https:\/\/lightweb.dev\/l\/svm-temp\/artiklar\/evalottas-sommartips\/#breadcrumb","itemListElement":[{"@type":"ListItem","position":1,"name":"Hem","item":"https:\/\/lightweb.dev\/l\/svm-temp\/"},{"@type":"ListItem","position":2,"name":"EvaLottas sommartips"}]},{"@type":"WebSite","@id":"https:\/\/lightweb.dev\/l\/svm-temp\/#website","url":"https:\/\/lightweb.dev\/l\/svm-temp\/","name":"Svenska Magasinet","description":"Dina Spanska nyheter p&aring; Svenska","publisher":{"@id":"https:\/\/lightweb.dev\/l\/svm-temp\/#organization"},"potentialAction":[{"@type":"SearchAction","target":{"@type":"EntryPoint","urlTemplate":"https:\/\/lightweb.dev\/l\/svm-temp\/?s={search_term_string}"},"query-input":{"@type":"PropertyValueSpecification","valueRequired":true,"valueName":"search_term_string"}}],"inLanguage":"sv-SE"},{"@type":"Organization","@id":"https:\/\/lightweb.dev\/l\/svm-temp\/#organization","name":"Melkerson y Nott SL","alternateName":"Svenska Magasinet","url":"https:\/\/lightweb.dev\/l\/svm-temp\/","logo":{"@type":"ImageObject","inLanguage":"sv-SE","@id":"https:\/\/lightweb.dev\/l\/svm-temp\/#\/schema\/logo\/image\/","url":"https:\/\/lightweb.dev\/l\/svm-temp\/wp-content\/uploads\/2025\/02\/SvM-logo-Xtra-Centrerad-SVART.png","contentUrl":"https:\/\/lightweb.dev\/l\/svm-temp\/wp-content\/uploads\/2025\/02\/SvM-logo-Xtra-Centrerad-SVART.png","width":300,"height":99,"caption":"Melkerson y Nott SL"},"image":{"@id":"https:\/\/lightweb.dev\/l\/svm-temp\/#\/schema\/logo\/image\/"},"sameAs":["https:\/\/www.facebook.com\/svenskamagasinet","https:\/\/x.com\/SvenskaMagasine"]},{"@type":"Person","@id":"https:\/\/lightweb.dev\/l\/svm-temp\/#\/schema\/person\/e200f5f676934d5b2e68283741f7dd2a","name":"EvaLotta Pettersson","description":"VD","sameAs":["https:\/\/lightweb.dev\/l\/svm-temp"],"url":"https:\/\/lightweb.dev\/l\/svm-temp\/reporter\/evalottap\/"}]}},"_links":{"self":[{"href":"https:\/\/lightweb.dev\/l\/svm-temp\/wp-json\/wp\/v2\/posts\/55663","targetHints":{"allow":["GET"]}}],"collection":[{"href":"https:\/\/lightweb.dev\/l\/svm-temp\/wp-json\/wp\/v2\/posts"}],"about":[{"href":"https:\/\/lightweb.dev\/l\/svm-temp\/wp-json\/wp\/v2\/types\/post"}],"author":[{"embeddable":true,"href":"https:\/\/lightweb.dev\/l\/svm-temp\/wp-json\/wp\/v2\/users\/3"}],"replies":[{"embeddable":true,"href":"https:\/\/lightweb.dev\/l\/svm-temp\/wp-json\/wp\/v2\/comments?post=55663"}],"version-history":[{"count":0,"href":"https:\/\/lightweb.dev\/l\/svm-temp\/wp-json\/wp\/v2\/posts\/55663\/revisions"}],"wp:featuredmedia":[{"embeddable":true,"href":"https:\/\/lightweb.dev\/l\/svm-temp\/wp-json\/wp\/v2\/media\/55664"}],"wp:attachment":[{"href":"https:\/\/lightweb.dev\/l\/svm-temp\/wp-json\/wp\/v2\/media?parent=55663"}],"wp:term":[{"taxonomy":"category","embeddable":true,"href":"https:\/\/lightweb.dev\/l\/svm-temp\/wp-json\/wp\/v2\/categories?post=55663"},{"taxonomy":"post_tag","embeddable":true,"href":"https:\/\/lightweb.dev\/l\/svm-temp\/wp-json\/wp\/v2\/tags?post=55663"}],"curies":[{"name":"wp","href":"https:\/\/api.w.org\/{rel}","templated":true}]}}