{"id":56264,"date":"2022-08-04T15:52:58","date_gmt":"2022-08-04T13:52:58","guid":{"rendered":"https:\/\/lightweb.dev\/l\/svm-temp\/?p=56264"},"modified":"2022-08-04T15:52:58","modified_gmt":"2022-08-04T13:52:58","slug":"efter-20-dagar-ar-branden-i-mijasbergen-slackt","status":"publish","type":"post","link":"https:\/\/lightweb.dev\/l\/svm-temp\/nyheter\/efter-20-dagar-ar-branden-i-mijasbergen-slackt\/","title":{"rendered":"Efter 20 dagar \u00e4r branden i Mijasbergen sl\u00e4ckt"},"content":{"rendered":"<p><strong>Branden som utbr\u00f6t i El Higuer\u00f3n i Mijas kommun och spred sig snabbt till Alhaur\u00edn el Grande den 15 juli \u00e4r officiellt sl\u00e4ckt. Det meddelar brandbek\u00e4mpningsmyndigheten Infoca. Totalt brandh\u00e4rjades 1.800 hektar i huvudsak skogsomr\u00e5den vilket g\u00f6r det till en av Andalusiens st\u00f6rre br\u00e4nder hittills i sommar.<\/strong><\/p>\n<p>H\u00f6ga temperaturer och en frisk \u201dlevantevind\u201d fr\u00e5n \u00f6ster bidrog till att elden spred sig snabbt.<\/p>\n<p>Efter fem dagar var branden under kontroll. Med risk f\u00f6r hotspots och pl\u00f6tsliga uppflammanden har eftersl\u00e4ckningsarbetet fortsatt fram till g\u00e5rdagen.<\/p>\n<p>Totalt 2.200 bost\u00e4der evakuerades i de nio bostadsomr\u00e5dena Ardalejo, Buenavista, San Jorge, La Ch\u00edchara, Pescadores, El Chorro, \u00f6vre delen av Do\u00f1a Paca i Alhaur\u00edn el Grande samt Lauro Golf och Pinos de Alhaur\u00edn i Alhaur\u00edn de la Torre.<\/p>\n<div id=\"attachment_56266\" style=\"width: 310px\" class=\"wp-caption alignleft\"><img loading=\"lazy\" decoding=\"async\" aria-describedby=\"caption-attachment-56266\" class=\"size-medium wp-image-56266\" src=\"https:\/\/lightweb.dev\/l\/svm-temp\/wp-content\/uploads\/2022\/08\/FZQX7a0WQAk89OB-Stor-300x225.jpeg\" alt=\"\" width=\"300\" height=\"225\" srcset=\"https:\/\/lightweb.dev\/l\/svm-temp\/wp-content\/uploads\/2022\/08\/FZQX7a0WQAk89OB-Stor-300x225.jpeg 300w, https:\/\/lightweb.dev\/l\/svm-temp\/wp-content\/uploads\/2022\/08\/FZQX7a0WQAk89OB-Stor-600x450.jpeg 600w, https:\/\/lightweb.dev\/l\/svm-temp\/wp-content\/uploads\/2022\/08\/FZQX7a0WQAk89OB-Stor-900x675.jpeg 900w, https:\/\/lightweb.dev\/l\/svm-temp\/wp-content\/uploads\/2022\/08\/FZQX7a0WQAk89OB-Stor-768x576.jpeg 768w, https:\/\/lightweb.dev\/l\/svm-temp\/wp-content\/uploads\/2022\/08\/FZQX7a0WQAk89OB-Stor-610x458.jpeg 610w, https:\/\/lightweb.dev\/l\/svm-temp\/wp-content\/uploads\/2022\/08\/FZQX7a0WQAk89OB-Stor.jpeg 1024w\" sizes=\"(max-width: 300px) 100vw, 300px\" \/><p id=\"caption-attachment-56266\" class=\"wp-caption-text\">(Foto: Infoca)<\/p><\/div>\n<p>Ett tjugotal brandflyg deltog totalt i sl\u00e4ckningsarbetet f\u00f6rutom 400 brandm\u00e4n.<\/p>\n","protected":false},"excerpt":{"rendered":"<p>Branden som utbr\u00f6t i El Higuer\u00f3n i Mijas kommun och spred sig snabbt till Alhaur\u00edn el Grande den 15 juli \u00e4r officiellt sl\u00e4ckt. Det meddelar brandbek\u00e4mpningsmyndigheten Infoca. Totalt brandh\u00e4rjades 1.800 hektar i huvudsak skogsomr\u00e5den vilket g\u00f6r det till en av Andalusiens st\u00f6rre br\u00e4nder hittills i sommar. H\u00f6ga temperaturer och en frisk \u201dlevantevind\u201d fr\u00e5n \u00f6ster bidrog [&hellip;]<\/p>\n","protected":false},"author":7,"featured_media":56265,"comment_status":"open","ping_status":"open","sticky":false,"template":"","format":"standard","meta":{"_et_pb_use_builder":"","_et_pb_old_content":"","_et_gb_content_width":"","footnotes":""},"categories":[395,3],"tags":[],"class_list":["post-56264","post","type-post","status-publish","format-standard","has-post-thumbnail","hentry","category-arkiv-nyheter","category-nyheter"],"yoast_head":"<!-- This site is optimized with the Yoast SEO Premium plugin v26.2 (Yoast SEO v27.4) - https:\/\/yoast.com\/product\/yoast-seo-premium-wordpress\/ -->\n<title>Efter 20 dagar \u00e4r branden i Mijasbergen sl\u00e4ckt - Svenska Magasinet<\/title>\n<meta name=\"description\" content=\"Branden som utbr\u00f6t i El Higuer\u00f3n i Mijas kommun och spred sig snabbt till Alhaur\u00edn el Grande den 15 juli \u00e4r officiellt sl\u00e4ckt.\" \/>\n<meta name=\"robots\" content=\"noindex, follow, max-snippet:-1, max-image-preview:large, max-video-preview:-1\" \/>\n<meta property=\"og:locale\" content=\"sv_SE\" \/>\n<meta property=\"og:type\" content=\"article\" \/>\n<meta property=\"og:title\" content=\"Efter 20 dagar \u00e4r branden i Mijasbergen sl\u00e4ckt\" \/>\n<meta property=\"og:description\" content=\"Branden som utbr\u00f6t i El Higuer\u00f3n i Mijas kommun och spred sig snabbt till Alhaur\u00edn el Grande den 15 juli \u00e4r officiellt sl\u00e4ckt.\" \/>\n<meta property=\"og:url\" content=\"https:\/\/lightweb.dev\/l\/svm-temp\/nyheter\/efter-20-dagar-ar-branden-i-mijasbergen-slackt\/\" \/>\n<meta property=\"og:site_name\" content=\"Svenska Magasinet\" \/>\n<meta property=\"article:publisher\" content=\"https:\/\/www.facebook.com\/svenskamagasinet\" \/>\n<meta property=\"article:published_time\" content=\"2022-08-04T13:52:58+00:00\" \/>\n<meta property=\"og:image\" content=\"https:\/\/lightweb.dev\/l\/svm-temp\/wp-content\/uploads\/2022\/08\/IMG-1841-Stor.jpeg\" \/>\n\t<meta property=\"og:image:width\" content=\"1280\" \/>\n\t<meta property=\"og:image:height\" content=\"960\" \/>\n\t<meta property=\"og:image:type\" content=\"image\/jpeg\" \/>\n<meta name=\"author\" content=\"Ola Josefsson\" \/>\n<meta name=\"twitter:card\" content=\"summary_large_image\" \/>\n<meta name=\"twitter:creator\" content=\"@SvenskaMagasine\" \/>\n<meta name=\"twitter:site\" content=\"@SvenskaMagasine\" \/>\n<script type=\"application\/ld+json\" class=\"yoast-schema-graph\">{\"@context\":\"https:\\\/\\\/schema.org\",\"@graph\":[{\"@type\":\"Article\",\"@id\":\"https:\\\/\\\/lightweb.dev\\\/l\\\/svm-temp\\\/nyheter\\\/efter-20-dagar-ar-branden-i-mijasbergen-slackt\\\/#article\",\"isPartOf\":{\"@id\":\"https:\\\/\\\/lightweb.dev\\\/l\\\/svm-temp\\\/nyheter\\\/efter-20-dagar-ar-branden-i-mijasbergen-slackt\\\/\"},\"author\":{\"name\":\"Ola Josefsson\",\"@id\":\"https:\\\/\\\/lightweb.dev\\\/l\\\/svm-temp\\\/#\\\/schema\\\/person\\\/7a82b8a73d171d32360a564b6d03508e\"},\"headline\":\"Efter 20 dagar \u00e4r branden i Mijasbergen sl\u00e4ckt\",\"datePublished\":\"2022-08-04T13:52:58+00:00\",\"mainEntityOfPage\":{\"@id\":\"https:\\\/\\\/lightweb.dev\\\/l\\\/svm-temp\\\/nyheter\\\/efter-20-dagar-ar-branden-i-mijasbergen-slackt\\\/\"},\"wordCount\":168,\"commentCount\":1,\"publisher\":{\"@id\":\"https:\\\/\\\/lightweb.dev\\\/l\\\/svm-temp\\\/#organization\"},\"image\":{\"@id\":\"https:\\\/\\\/lightweb.dev\\\/l\\\/svm-temp\\\/nyheter\\\/efter-20-dagar-ar-branden-i-mijasbergen-slackt\\\/#primaryimage\"},\"thumbnailUrl\":\"https:\\\/\\\/lightweb.dev\\\/l\\\/svm-temp\\\/wp-content\\\/uploads\\\/2022\\\/08\\\/IMG-1841-Stor.jpeg\",\"articleSection\":[\"Arkiv\",\"Nyheter\"],\"inLanguage\":\"sv-SE\"},{\"@type\":\"WebPage\",\"@id\":\"https:\\\/\\\/lightweb.dev\\\/l\\\/svm-temp\\\/nyheter\\\/efter-20-dagar-ar-branden-i-mijasbergen-slackt\\\/\",\"url\":\"https:\\\/\\\/lightweb.dev\\\/l\\\/svm-temp\\\/nyheter\\\/efter-20-dagar-ar-branden-i-mijasbergen-slackt\\\/\",\"name\":\"Efter 20 dagar \u00e4r branden i Mijasbergen sl\u00e4ckt - Svenska Magasinet\",\"isPartOf\":{\"@id\":\"https:\\\/\\\/lightweb.dev\\\/l\\\/svm-temp\\\/#website\"},\"primaryImageOfPage\":{\"@id\":\"https:\\\/\\\/lightweb.dev\\\/l\\\/svm-temp\\\/nyheter\\\/efter-20-dagar-ar-branden-i-mijasbergen-slackt\\\/#primaryimage\"},\"image\":{\"@id\":\"https:\\\/\\\/lightweb.dev\\\/l\\\/svm-temp\\\/nyheter\\\/efter-20-dagar-ar-branden-i-mijasbergen-slackt\\\/#primaryimage\"},\"thumbnailUrl\":\"https:\\\/\\\/lightweb.dev\\\/l\\\/svm-temp\\\/wp-content\\\/uploads\\\/2022\\\/08\\\/IMG-1841-Stor.jpeg\",\"datePublished\":\"2022-08-04T13:52:58+00:00\",\"description\":\"Branden som utbr\u00f6t i El Higuer\u00f3n i Mijas kommun och spred sig snabbt till Alhaur\u00edn el Grande den 15 juli \u00e4r officiellt sl\u00e4ckt.\",\"breadcrumb\":{\"@id\":\"https:\\\/\\\/lightweb.dev\\\/l\\\/svm-temp\\\/nyheter\\\/efter-20-dagar-ar-branden-i-mijasbergen-slackt\\\/#breadcrumb\"},\"inLanguage\":\"sv-SE\",\"potentialAction\":[{\"@type\":\"ReadAction\",\"target\":[\"https:\\\/\\\/lightweb.dev\\\/l\\\/svm-temp\\\/nyheter\\\/efter-20-dagar-ar-branden-i-mijasbergen-slackt\\\/\"]}]},{\"@type\":\"ImageObject\",\"inLanguage\":\"sv-SE\",\"@id\":\"https:\\\/\\\/lightweb.dev\\\/l\\\/svm-temp\\\/nyheter\\\/efter-20-dagar-ar-branden-i-mijasbergen-slackt\\\/#primaryimage\",\"url\":\"https:\\\/\\\/lightweb.dev\\\/l\\\/svm-temp\\\/wp-content\\\/uploads\\\/2022\\\/08\\\/IMG-1841-Stor.jpeg\",\"contentUrl\":\"https:\\\/\\\/lightweb.dev\\\/l\\\/svm-temp\\\/wp-content\\\/uploads\\\/2022\\\/08\\\/IMG-1841-Stor.jpeg\",\"width\":1280,\"height\":960,\"caption\":\"Efter tjugo dagar \u00e4r branden i Mijasbergen sl\u00e4ckt\"},{\"@type\":\"BreadcrumbList\",\"@id\":\"https:\\\/\\\/lightweb.dev\\\/l\\\/svm-temp\\\/nyheter\\\/efter-20-dagar-ar-branden-i-mijasbergen-slackt\\\/#breadcrumb\",\"itemListElement\":[{\"@type\":\"ListItem\",\"position\":1,\"name\":\"Hem\",\"item\":\"https:\\\/\\\/lightweb.dev\\\/l\\\/svm-temp\\\/\"},{\"@type\":\"ListItem\",\"position\":2,\"name\":\"Efter 20 dagar \u00e4r branden i Mijasbergen sl\u00e4ckt\"}]},{\"@type\":\"WebSite\",\"@id\":\"https:\\\/\\\/lightweb.dev\\\/l\\\/svm-temp\\\/#website\",\"url\":\"https:\\\/\\\/lightweb.dev\\\/l\\\/svm-temp\\\/\",\"name\":\"Svenska Magasinet\",\"description\":\"Dina Spanska nyheter p&aring; Svenska\",\"publisher\":{\"@id\":\"https:\\\/\\\/lightweb.dev\\\/l\\\/svm-temp\\\/#organization\"},\"potentialAction\":[{\"@type\":\"SearchAction\",\"target\":{\"@type\":\"EntryPoint\",\"urlTemplate\":\"https:\\\/\\\/lightweb.dev\\\/l\\\/svm-temp\\\/?s={search_term_string}\"},\"query-input\":{\"@type\":\"PropertyValueSpecification\",\"valueRequired\":true,\"valueName\":\"search_term_string\"}}],\"inLanguage\":\"sv-SE\"},{\"@type\":\"Organization\",\"@id\":\"https:\\\/\\\/lightweb.dev\\\/l\\\/svm-temp\\\/#organization\",\"name\":\"Melkerson y Nott SL\",\"alternateName\":\"Svenska Magasinet\",\"url\":\"https:\\\/\\\/lightweb.dev\\\/l\\\/svm-temp\\\/\",\"logo\":{\"@type\":\"ImageObject\",\"inLanguage\":\"sv-SE\",\"@id\":\"https:\\\/\\\/lightweb.dev\\\/l\\\/svm-temp\\\/#\\\/schema\\\/logo\\\/image\\\/\",\"url\":\"https:\\\/\\\/lightweb.dev\\\/l\\\/svm-temp\\\/wp-content\\\/uploads\\\/2025\\\/02\\\/SvM-logo-Xtra-Centrerad-SVART.png\",\"contentUrl\":\"https:\\\/\\\/lightweb.dev\\\/l\\\/svm-temp\\\/wp-content\\\/uploads\\\/2025\\\/02\\\/SvM-logo-Xtra-Centrerad-SVART.png\",\"width\":300,\"height\":99,\"caption\":\"Melkerson y Nott SL\"},\"image\":{\"@id\":\"https:\\\/\\\/lightweb.dev\\\/l\\\/svm-temp\\\/#\\\/schema\\\/logo\\\/image\\\/\"},\"sameAs\":[\"https:\\\/\\\/www.facebook.com\\\/svenskamagasinet\",\"https:\\\/\\\/x.com\\\/SvenskaMagasine\"]},{\"@type\":\"Person\",\"@id\":\"https:\\\/\\\/lightweb.dev\\\/l\\\/svm-temp\\\/#\\\/schema\\\/person\\\/7a82b8a73d171d32360a564b6d03508e\",\"name\":\"Ola Josefsson\",\"description\":\"Bevakar Solkusten och Spanien sedan 1994.\",\"sameAs\":[\"https:\\\/\\\/lightweb.dev\\\/l\\\/svm-temp\"],\"url\":\"https:\\\/\\\/lightweb.dev\\\/l\\\/svm-temp\\\/reporter\\\/ola-josefsson\\\/\"}]}<\/script>\n<!-- \/ Yoast SEO Premium plugin. -->","yoast_head_json":{"title":"Efter 20 dagar \u00e4r branden i Mijasbergen sl\u00e4ckt - Svenska Magasinet","description":"Branden som utbr\u00f6t i El Higuer\u00f3n i Mijas kommun och spred sig snabbt till Alhaur\u00edn el Grande den 15 juli \u00e4r officiellt sl\u00e4ckt.","robots":{"index":"noindex","follow":"follow","max-snippet":"max-snippet:-1","max-image-preview":"max-image-preview:large","max-video-preview":"max-video-preview:-1"},"og_locale":"sv_SE","og_type":"article","og_title":"Efter 20 dagar \u00e4r branden i Mijasbergen sl\u00e4ckt","og_description":"Branden som utbr\u00f6t i El Higuer\u00f3n i Mijas kommun och spred sig snabbt till Alhaur\u00edn el Grande den 15 juli \u00e4r officiellt sl\u00e4ckt.","og_url":"https:\/\/lightweb.dev\/l\/svm-temp\/nyheter\/efter-20-dagar-ar-branden-i-mijasbergen-slackt\/","og_site_name":"Svenska Magasinet","article_publisher":"https:\/\/www.facebook.com\/svenskamagasinet","article_published_time":"2022-08-04T13:52:58+00:00","og_image":[{"width":1280,"height":960,"url":"https:\/\/lightweb.dev\/l\/svm-temp\/wp-content\/uploads\/2022\/08\/IMG-1841-Stor.jpeg","type":"image\/jpeg"}],"author":"Ola Josefsson","twitter_card":"summary_large_image","twitter_creator":"@SvenskaMagasine","twitter_site":"@SvenskaMagasine","schema":{"@context":"https:\/\/schema.org","@graph":[{"@type":"Article","@id":"https:\/\/lightweb.dev\/l\/svm-temp\/nyheter\/efter-20-dagar-ar-branden-i-mijasbergen-slackt\/#article","isPartOf":{"@id":"https:\/\/lightweb.dev\/l\/svm-temp\/nyheter\/efter-20-dagar-ar-branden-i-mijasbergen-slackt\/"},"author":{"name":"Ola Josefsson","@id":"https:\/\/lightweb.dev\/l\/svm-temp\/#\/schema\/person\/7a82b8a73d171d32360a564b6d03508e"},"headline":"Efter 20 dagar \u00e4r branden i Mijasbergen sl\u00e4ckt","datePublished":"2022-08-04T13:52:58+00:00","mainEntityOfPage":{"@id":"https:\/\/lightweb.dev\/l\/svm-temp\/nyheter\/efter-20-dagar-ar-branden-i-mijasbergen-slackt\/"},"wordCount":168,"commentCount":1,"publisher":{"@id":"https:\/\/lightweb.dev\/l\/svm-temp\/#organization"},"image":{"@id":"https:\/\/lightweb.dev\/l\/svm-temp\/nyheter\/efter-20-dagar-ar-branden-i-mijasbergen-slackt\/#primaryimage"},"thumbnailUrl":"https:\/\/lightweb.dev\/l\/svm-temp\/wp-content\/uploads\/2022\/08\/IMG-1841-Stor.jpeg","articleSection":["Arkiv","Nyheter"],"inLanguage":"sv-SE"},{"@type":"WebPage","@id":"https:\/\/lightweb.dev\/l\/svm-temp\/nyheter\/efter-20-dagar-ar-branden-i-mijasbergen-slackt\/","url":"https:\/\/lightweb.dev\/l\/svm-temp\/nyheter\/efter-20-dagar-ar-branden-i-mijasbergen-slackt\/","name":"Efter 20 dagar \u00e4r branden i Mijasbergen sl\u00e4ckt - Svenska Magasinet","isPartOf":{"@id":"https:\/\/lightweb.dev\/l\/svm-temp\/#website"},"primaryImageOfPage":{"@id":"https:\/\/lightweb.dev\/l\/svm-temp\/nyheter\/efter-20-dagar-ar-branden-i-mijasbergen-slackt\/#primaryimage"},"image":{"@id":"https:\/\/lightweb.dev\/l\/svm-temp\/nyheter\/efter-20-dagar-ar-branden-i-mijasbergen-slackt\/#primaryimage"},"thumbnailUrl":"https:\/\/lightweb.dev\/l\/svm-temp\/wp-content\/uploads\/2022\/08\/IMG-1841-Stor.jpeg","datePublished":"2022-08-04T13:52:58+00:00","description":"Branden som utbr\u00f6t i El Higuer\u00f3n i Mijas kommun och spred sig snabbt till Alhaur\u00edn el Grande den 15 juli \u00e4r officiellt sl\u00e4ckt.","breadcrumb":{"@id":"https:\/\/lightweb.dev\/l\/svm-temp\/nyheter\/efter-20-dagar-ar-branden-i-mijasbergen-slackt\/#breadcrumb"},"inLanguage":"sv-SE","potentialAction":[{"@type":"ReadAction","target":["https:\/\/lightweb.dev\/l\/svm-temp\/nyheter\/efter-20-dagar-ar-branden-i-mijasbergen-slackt\/"]}]},{"@type":"ImageObject","inLanguage":"sv-SE","@id":"https:\/\/lightweb.dev\/l\/svm-temp\/nyheter\/efter-20-dagar-ar-branden-i-mijasbergen-slackt\/#primaryimage","url":"https:\/\/lightweb.dev\/l\/svm-temp\/wp-content\/uploads\/2022\/08\/IMG-1841-Stor.jpeg","contentUrl":"https:\/\/lightweb.dev\/l\/svm-temp\/wp-content\/uploads\/2022\/08\/IMG-1841-Stor.jpeg","width":1280,"height":960,"caption":"Efter tjugo dagar \u00e4r branden i Mijasbergen sl\u00e4ckt"},{"@type":"BreadcrumbList","@id":"https:\/\/lightweb.dev\/l\/svm-temp\/nyheter\/efter-20-dagar-ar-branden-i-mijasbergen-slackt\/#breadcrumb","itemListElement":[{"@type":"ListItem","position":1,"name":"Hem","item":"https:\/\/lightweb.dev\/l\/svm-temp\/"},{"@type":"ListItem","position":2,"name":"Efter 20 dagar \u00e4r branden i Mijasbergen sl\u00e4ckt"}]},{"@type":"WebSite","@id":"https:\/\/lightweb.dev\/l\/svm-temp\/#website","url":"https:\/\/lightweb.dev\/l\/svm-temp\/","name":"Svenska Magasinet","description":"Dina Spanska nyheter p&aring; Svenska","publisher":{"@id":"https:\/\/lightweb.dev\/l\/svm-temp\/#organization"},"potentialAction":[{"@type":"SearchAction","target":{"@type":"EntryPoint","urlTemplate":"https:\/\/lightweb.dev\/l\/svm-temp\/?s={search_term_string}"},"query-input":{"@type":"PropertyValueSpecification","valueRequired":true,"valueName":"search_term_string"}}],"inLanguage":"sv-SE"},{"@type":"Organization","@id":"https:\/\/lightweb.dev\/l\/svm-temp\/#organization","name":"Melkerson y Nott SL","alternateName":"Svenska Magasinet","url":"https:\/\/lightweb.dev\/l\/svm-temp\/","logo":{"@type":"ImageObject","inLanguage":"sv-SE","@id":"https:\/\/lightweb.dev\/l\/svm-temp\/#\/schema\/logo\/image\/","url":"https:\/\/lightweb.dev\/l\/svm-temp\/wp-content\/uploads\/2025\/02\/SvM-logo-Xtra-Centrerad-SVART.png","contentUrl":"https:\/\/lightweb.dev\/l\/svm-temp\/wp-content\/uploads\/2025\/02\/SvM-logo-Xtra-Centrerad-SVART.png","width":300,"height":99,"caption":"Melkerson y Nott SL"},"image":{"@id":"https:\/\/lightweb.dev\/l\/svm-temp\/#\/schema\/logo\/image\/"},"sameAs":["https:\/\/www.facebook.com\/svenskamagasinet","https:\/\/x.com\/SvenskaMagasine"]},{"@type":"Person","@id":"https:\/\/lightweb.dev\/l\/svm-temp\/#\/schema\/person\/7a82b8a73d171d32360a564b6d03508e","name":"Ola Josefsson","description":"Bevakar Solkusten och Spanien sedan 1994.","sameAs":["https:\/\/lightweb.dev\/l\/svm-temp"],"url":"https:\/\/lightweb.dev\/l\/svm-temp\/reporter\/ola-josefsson\/"}]}},"_links":{"self":[{"href":"https:\/\/lightweb.dev\/l\/svm-temp\/wp-json\/wp\/v2\/posts\/56264","targetHints":{"allow":["GET"]}}],"collection":[{"href":"https:\/\/lightweb.dev\/l\/svm-temp\/wp-json\/wp\/v2\/posts"}],"about":[{"href":"https:\/\/lightweb.dev\/l\/svm-temp\/wp-json\/wp\/v2\/types\/post"}],"author":[{"embeddable":true,"href":"https:\/\/lightweb.dev\/l\/svm-temp\/wp-json\/wp\/v2\/users\/7"}],"replies":[{"embeddable":true,"href":"https:\/\/lightweb.dev\/l\/svm-temp\/wp-json\/wp\/v2\/comments?post=56264"}],"version-history":[{"count":0,"href":"https:\/\/lightweb.dev\/l\/svm-temp\/wp-json\/wp\/v2\/posts\/56264\/revisions"}],"wp:featuredmedia":[{"embeddable":true,"href":"https:\/\/lightweb.dev\/l\/svm-temp\/wp-json\/wp\/v2\/media\/56265"}],"wp:attachment":[{"href":"https:\/\/lightweb.dev\/l\/svm-temp\/wp-json\/wp\/v2\/media?parent=56264"}],"wp:term":[{"taxonomy":"category","embeddable":true,"href":"https:\/\/lightweb.dev\/l\/svm-temp\/wp-json\/wp\/v2\/categories?post=56264"},{"taxonomy":"post_tag","embeddable":true,"href":"https:\/\/lightweb.dev\/l\/svm-temp\/wp-json\/wp\/v2\/tags?post=56264"}],"curies":[{"name":"wp","href":"https:\/\/api.w.org\/{rel}","templated":true}]}}