{"id":56272,"date":"2022-08-05T09:48:32","date_gmt":"2022-08-05T07:48:32","guid":{"rendered":"https:\/\/lightweb.dev\/l\/svm-temp\/?p=56272"},"modified":"2022-08-05T11:09:30","modified_gmt":"2022-08-05T09:09:30","slug":"rekordvarmt-badvatten-pa-solkusten-asiatisk-alg-breder-ut-sig","status":"publish","type":"post","link":"https:\/\/lightweb.dev\/l\/svm-temp\/nyheter\/rekordvarmt-badvatten-pa-solkusten-asiatisk-alg-breder-ut-sig\/","title":{"rendered":"Rekordvarmt badvatten p\u00e5 Solkusten \u2013 asiatisk alg breder ut sig"},"content":{"rendered":"<p><strong>N\u00e4r det inte bl\u00e5ser sydv\u00e4stlig vind som f\u00f6r in svalt vatten fr\u00e5n Atlanten genom Gibraltar sund s\u00e5 blir badvattnet varmt p\u00e5 Solkusten. I \u00e5r \u00e4r det varmare \u00e4n n\u00e5gonsin med temperaturer p\u00e5 upp emot 28 grader. Det kan j\u00e4mf\u00f6ras med ett genomsnitt p\u00e5 23 grader de senaste somrarna.<\/strong><\/p>\n<p>Den varma luftmassan bidrar ocks\u00e5 till ett varmare har.<\/p>\n<p>Chefen vid v\u00e4derlekstj\u00e4nsten Aemet i M\u00e1laga, Jes\u00fas Riesco f\u00f6rklarar att havsvattnet v\u00e4rms upp d\u00e5 luftmassan \u00e4r mycket varm. Och s\u00e5 har det varit sedan juni m\u00e5nad.<\/p>\n<p>&#8211; Havsvattnet blir varmare genom v\u00e4rmev\u00e4xling, s\u00e4ger Jes\u00fas Riesco till <a href=\"https:\/\/www.diariosur.es\/malaga\/caliente-agua-playas-temperatura-mediterraneo-malaga-20220804132315-nt.html?vli=su_plant-c-not_7&amp;vca=0300-320-buenos_dias_0350&amp;vso=nw&amp;vmc=buenos_dias_0350&amp;vtm_proceso=&amp;vus=c444e38dd6124672b896cf0c2eb3fb4c&amp;j=289058&amp;sfmc_sub=27402994&amp;l=140_HTML&amp;u=13808457&amp;mid=510003294&amp;jb=2\"><strong>Diario SUR.<\/strong><\/a><\/p>\n<p>Klockan 10 p\u00e5 torsdagen uppm\u00e4ttes 27 grader i havet vid m\u00e4tstationen i M\u00e1laga hamn. Temperaturen n\u00e5dde 28 grader senare under dagen. Det \u00e4r fyra grader varmare \u00e4n normalt.<\/p>\n<p>Det varmare havsvattnet p\u00e5verkar det marina livet.<\/p>\n<p>Forskaren vid det spanska institutet f\u00f6r oceanografi, Jos\u00e9 Carlos Baez, s\u00e4ger till tidningen att det varmare vattnet p\u00e5verkar sj\u00f6borrar negativt samt livsn\u00f6dv\u00e4ndiga alger, posidonia eller neptunigr\u00e4s.<\/p>\n<p>Varmare havsvatten gynnar utbredningen av den invasiva arten av alger som kommer fr\u00e5n Asien (Rugulopteryx okamurae). Den finns numera utmed hela Medelhavskusten.<\/p>\n<div id=\"attachment_56274\" style=\"width: 310px\" class=\"wp-caption alignleft\"><img loading=\"lazy\" decoding=\"async\" aria-describedby=\"caption-attachment-56274\" class=\"size-medium wp-image-56274\" src=\"https:\/\/lightweb.dev\/l\/svm-temp\/wp-content\/uploads\/2022\/08\/IMG-1851-Stor-300x225.jpeg\" alt=\"\" width=\"300\" height=\"225\" srcset=\"https:\/\/lightweb.dev\/l\/svm-temp\/wp-content\/uploads\/2022\/08\/IMG-1851-Stor-300x225.jpeg 300w, https:\/\/lightweb.dev\/l\/svm-temp\/wp-content\/uploads\/2022\/08\/IMG-1851-Stor-600x450.jpeg 600w, https:\/\/lightweb.dev\/l\/svm-temp\/wp-content\/uploads\/2022\/08\/IMG-1851-Stor-900x675.jpeg 900w, https:\/\/lightweb.dev\/l\/svm-temp\/wp-content\/uploads\/2022\/08\/IMG-1851-Stor-768x576.jpeg 768w, https:\/\/lightweb.dev\/l\/svm-temp\/wp-content\/uploads\/2022\/08\/IMG-1851-Stor-610x458.jpeg 610w, https:\/\/lightweb.dev\/l\/svm-temp\/wp-content\/uploads\/2022\/08\/IMG-1851-Stor-1080x810.jpeg 1080w, https:\/\/lightweb.dev\/l\/svm-temp\/wp-content\/uploads\/2022\/08\/IMG-1851-Stor.jpeg 1280w\" sizes=\"(max-width: 300px) 100vw, 300px\" \/><p id=\"caption-attachment-56274\" class=\"wp-caption-text\">Enbart l\u00e4ngs kusten i Mijas Costa tog myndigheterna upp 2.200 ton under juni av den invasiva algen fr\u00e5n Asien<\/p><\/div>\n<p>Den som har \u00e4gnat de senaste veckorna \u00e5t att snorkla l\u00e4ngs kusten kan se att den r\u00f6da asiatiska algen breder ut sig. Det g\u00e4ller fr\u00e4mst i omr\u00e5det mellan Estepona och Fuengirola.<\/p>\n<p>Det finns stora m\u00e4ngder av den p\u00e5 botten och l\u00e4ngs str\u00e4nder d\u00e4r v\u00e5gor spolat upp den.<\/p>\n","protected":false},"excerpt":{"rendered":"<p>N\u00e4r det inte bl\u00e5ser sydv\u00e4stlig vind som f\u00f6r in svalt vatten fr\u00e5n Atlanten genom Gibraltar sund s\u00e5 blir badvattnet varmt p\u00e5 Solkusten. I \u00e5r \u00e4r det varmare \u00e4n n\u00e5gonsin med temperaturer p\u00e5 upp emot 28 grader. Det kan j\u00e4mf\u00f6ras med ett genomsnitt p\u00e5 23 grader de senaste somrarna. Den varma luftmassan bidrar ocks\u00e5 till ett [&hellip;]<\/p>\n","protected":false},"author":7,"featured_media":56273,"comment_status":"open","ping_status":"open","sticky":false,"template":"","format":"standard","meta":{"_et_pb_use_builder":"","_et_pb_old_content":"","_et_gb_content_width":"","footnotes":""},"categories":[395,3],"tags":[],"class_list":["post-56272","post","type-post","status-publish","format-standard","has-post-thumbnail","hentry","category-arkiv-nyheter","category-nyheter"],"yoast_head":"<!-- This site is optimized with the Yoast SEO Premium plugin v26.2 (Yoast SEO v27.4) - https:\/\/yoast.com\/product\/yoast-seo-premium-wordpress\/ -->\n<title>Rekordvarmt badvatten p\u00e5 Solkusten \u2013 asiatisk alg breder ut sig - Svenska Magasinet<\/title>\n<meta name=\"description\" content=\"N\u00e4r det inte bl\u00e5ser sydv\u00e4stlig vind som f\u00f6r in svalt vatten fr\u00e5n Atlanten genom Gibraltar sund s\u00e5 blir badvattnet varmt p\u00e5 Solkusten. I \u00e5r \u00e4r det varmare \u00e4n n\u00e5gonsin med temperaturer p\u00e5 upp emot 28 grader.\" \/>\n<meta name=\"robots\" content=\"noindex, follow, max-snippet:-1, max-image-preview:large, max-video-preview:-1\" \/>\n<meta property=\"og:locale\" content=\"sv_SE\" \/>\n<meta property=\"og:type\" content=\"article\" \/>\n<meta property=\"og:title\" content=\"Rekordvarmt badvatten p\u00e5 Solkusten \u2013 asiatisk alg breder ut sig\" \/>\n<meta property=\"og:description\" content=\"N\u00e4r det inte bl\u00e5ser sydv\u00e4stlig vind som f\u00f6r in svalt vatten fr\u00e5n Atlanten genom Gibraltar sund s\u00e5 blir badvattnet varmt p\u00e5 Solkusten. I \u00e5r \u00e4r det varmare \u00e4n n\u00e5gonsin med temperaturer p\u00e5 upp emot 28 grader.\" \/>\n<meta property=\"og:url\" content=\"https:\/\/lightweb.dev\/l\/svm-temp\/nyheter\/rekordvarmt-badvatten-pa-solkusten-asiatisk-alg-breder-ut-sig\/\" \/>\n<meta property=\"og:site_name\" content=\"Svenska Magasinet\" \/>\n<meta property=\"article:publisher\" content=\"https:\/\/www.facebook.com\/svenskamagasinet\" \/>\n<meta property=\"article:published_time\" content=\"2022-08-05T07:48:32+00:00\" \/>\n<meta property=\"article:modified_time\" content=\"2022-08-05T09:09:30+00:00\" \/>\n<meta property=\"og:image\" content=\"https:\/\/lightweb.dev\/l\/svm-temp\/wp-content\/uploads\/2022\/08\/IMG-7998-Stor.jpeg\" \/>\n\t<meta property=\"og:image:width\" content=\"1280\" \/>\n\t<meta property=\"og:image:height\" content=\"960\" \/>\n\t<meta property=\"og:image:type\" content=\"image\/jpeg\" \/>\n<meta name=\"author\" content=\"Ola Josefsson\" \/>\n<meta name=\"twitter:card\" content=\"summary_large_image\" \/>\n<meta name=\"twitter:creator\" content=\"@SvenskaMagasine\" \/>\n<meta name=\"twitter:site\" content=\"@SvenskaMagasine\" \/>\n<script type=\"application\/ld+json\" class=\"yoast-schema-graph\">{\"@context\":\"https:\\\/\\\/schema.org\",\"@graph\":[{\"@type\":\"Article\",\"@id\":\"https:\\\/\\\/lightweb.dev\\\/l\\\/svm-temp\\\/nyheter\\\/rekordvarmt-badvatten-pa-solkusten-asiatisk-alg-breder-ut-sig\\\/#article\",\"isPartOf\":{\"@id\":\"https:\\\/\\\/lightweb.dev\\\/l\\\/svm-temp\\\/nyheter\\\/rekordvarmt-badvatten-pa-solkusten-asiatisk-alg-breder-ut-sig\\\/\"},\"author\":{\"name\":\"Ola Josefsson\",\"@id\":\"https:\\\/\\\/lightweb.dev\\\/l\\\/svm-temp\\\/#\\\/schema\\\/person\\\/7a82b8a73d171d32360a564b6d03508e\"},\"headline\":\"Rekordvarmt badvatten p\u00e5 Solkusten \u2013 asiatisk alg breder ut sig\",\"datePublished\":\"2022-08-05T07:48:32+00:00\",\"dateModified\":\"2022-08-05T09:09:30+00:00\",\"mainEntityOfPage\":{\"@id\":\"https:\\\/\\\/lightweb.dev\\\/l\\\/svm-temp\\\/nyheter\\\/rekordvarmt-badvatten-pa-solkusten-asiatisk-alg-breder-ut-sig\\\/\"},\"wordCount\":298,\"commentCount\":2,\"publisher\":{\"@id\":\"https:\\\/\\\/lightweb.dev\\\/l\\\/svm-temp\\\/#organization\"},\"image\":{\"@id\":\"https:\\\/\\\/lightweb.dev\\\/l\\\/svm-temp\\\/nyheter\\\/rekordvarmt-badvatten-pa-solkusten-asiatisk-alg-breder-ut-sig\\\/#primaryimage\"},\"thumbnailUrl\":\"https:\\\/\\\/lightweb.dev\\\/l\\\/svm-temp\\\/wp-content\\\/uploads\\\/2022\\\/08\\\/IMG-7998-Stor.jpeg\",\"articleSection\":[\"Arkiv\",\"Nyheter\"],\"inLanguage\":\"sv-SE\"},{\"@type\":\"WebPage\",\"@id\":\"https:\\\/\\\/lightweb.dev\\\/l\\\/svm-temp\\\/nyheter\\\/rekordvarmt-badvatten-pa-solkusten-asiatisk-alg-breder-ut-sig\\\/\",\"url\":\"https:\\\/\\\/lightweb.dev\\\/l\\\/svm-temp\\\/nyheter\\\/rekordvarmt-badvatten-pa-solkusten-asiatisk-alg-breder-ut-sig\\\/\",\"name\":\"Rekordvarmt badvatten p\u00e5 Solkusten \u2013 asiatisk alg breder ut sig - Svenska Magasinet\",\"isPartOf\":{\"@id\":\"https:\\\/\\\/lightweb.dev\\\/l\\\/svm-temp\\\/#website\"},\"primaryImageOfPage\":{\"@id\":\"https:\\\/\\\/lightweb.dev\\\/l\\\/svm-temp\\\/nyheter\\\/rekordvarmt-badvatten-pa-solkusten-asiatisk-alg-breder-ut-sig\\\/#primaryimage\"},\"image\":{\"@id\":\"https:\\\/\\\/lightweb.dev\\\/l\\\/svm-temp\\\/nyheter\\\/rekordvarmt-badvatten-pa-solkusten-asiatisk-alg-breder-ut-sig\\\/#primaryimage\"},\"thumbnailUrl\":\"https:\\\/\\\/lightweb.dev\\\/l\\\/svm-temp\\\/wp-content\\\/uploads\\\/2022\\\/08\\\/IMG-7998-Stor.jpeg\",\"datePublished\":\"2022-08-05T07:48:32+00:00\",\"dateModified\":\"2022-08-05T09:09:30+00:00\",\"description\":\"N\u00e4r det inte bl\u00e5ser sydv\u00e4stlig vind som f\u00f6r in svalt vatten fr\u00e5n Atlanten genom Gibraltar sund s\u00e5 blir badvattnet varmt p\u00e5 Solkusten. I \u00e5r \u00e4r det varmare \u00e4n n\u00e5gonsin med temperaturer p\u00e5 upp emot 28 grader.\",\"breadcrumb\":{\"@id\":\"https:\\\/\\\/lightweb.dev\\\/l\\\/svm-temp\\\/nyheter\\\/rekordvarmt-badvatten-pa-solkusten-asiatisk-alg-breder-ut-sig\\\/#breadcrumb\"},\"inLanguage\":\"sv-SE\",\"potentialAction\":[{\"@type\":\"ReadAction\",\"target\":[\"https:\\\/\\\/lightweb.dev\\\/l\\\/svm-temp\\\/nyheter\\\/rekordvarmt-badvatten-pa-solkusten-asiatisk-alg-breder-ut-sig\\\/\"]}]},{\"@type\":\"ImageObject\",\"inLanguage\":\"sv-SE\",\"@id\":\"https:\\\/\\\/lightweb.dev\\\/l\\\/svm-temp\\\/nyheter\\\/rekordvarmt-badvatten-pa-solkusten-asiatisk-alg-breder-ut-sig\\\/#primaryimage\",\"url\":\"https:\\\/\\\/lightweb.dev\\\/l\\\/svm-temp\\\/wp-content\\\/uploads\\\/2022\\\/08\\\/IMG-7998-Stor.jpeg\",\"contentUrl\":\"https:\\\/\\\/lightweb.dev\\\/l\\\/svm-temp\\\/wp-content\\\/uploads\\\/2022\\\/08\\\/IMG-7998-Stor.jpeg\",\"width\":1280,\"height\":960,\"caption\":\"Badvattnet \u00e4r varmare i \u00e5r \u00e4n normalt\"},{\"@type\":\"BreadcrumbList\",\"@id\":\"https:\\\/\\\/lightweb.dev\\\/l\\\/svm-temp\\\/nyheter\\\/rekordvarmt-badvatten-pa-solkusten-asiatisk-alg-breder-ut-sig\\\/#breadcrumb\",\"itemListElement\":[{\"@type\":\"ListItem\",\"position\":1,\"name\":\"Hem\",\"item\":\"https:\\\/\\\/lightweb.dev\\\/l\\\/svm-temp\\\/\"},{\"@type\":\"ListItem\",\"position\":2,\"name\":\"Rekordvarmt badvatten p\u00e5 Solkusten \u2013 asiatisk alg breder ut sig\"}]},{\"@type\":\"WebSite\",\"@id\":\"https:\\\/\\\/lightweb.dev\\\/l\\\/svm-temp\\\/#website\",\"url\":\"https:\\\/\\\/lightweb.dev\\\/l\\\/svm-temp\\\/\",\"name\":\"Svenska Magasinet\",\"description\":\"Dina Spanska nyheter p&aring; Svenska\",\"publisher\":{\"@id\":\"https:\\\/\\\/lightweb.dev\\\/l\\\/svm-temp\\\/#organization\"},\"potentialAction\":[{\"@type\":\"SearchAction\",\"target\":{\"@type\":\"EntryPoint\",\"urlTemplate\":\"https:\\\/\\\/lightweb.dev\\\/l\\\/svm-temp\\\/?s={search_term_string}\"},\"query-input\":{\"@type\":\"PropertyValueSpecification\",\"valueRequired\":true,\"valueName\":\"search_term_string\"}}],\"inLanguage\":\"sv-SE\"},{\"@type\":\"Organization\",\"@id\":\"https:\\\/\\\/lightweb.dev\\\/l\\\/svm-temp\\\/#organization\",\"name\":\"Melkerson y Nott SL\",\"alternateName\":\"Svenska Magasinet\",\"url\":\"https:\\\/\\\/lightweb.dev\\\/l\\\/svm-temp\\\/\",\"logo\":{\"@type\":\"ImageObject\",\"inLanguage\":\"sv-SE\",\"@id\":\"https:\\\/\\\/lightweb.dev\\\/l\\\/svm-temp\\\/#\\\/schema\\\/logo\\\/image\\\/\",\"url\":\"https:\\\/\\\/lightweb.dev\\\/l\\\/svm-temp\\\/wp-content\\\/uploads\\\/2025\\\/02\\\/SvM-logo-Xtra-Centrerad-SVART.png\",\"contentUrl\":\"https:\\\/\\\/lightweb.dev\\\/l\\\/svm-temp\\\/wp-content\\\/uploads\\\/2025\\\/02\\\/SvM-logo-Xtra-Centrerad-SVART.png\",\"width\":300,\"height\":99,\"caption\":\"Melkerson y Nott SL\"},\"image\":{\"@id\":\"https:\\\/\\\/lightweb.dev\\\/l\\\/svm-temp\\\/#\\\/schema\\\/logo\\\/image\\\/\"},\"sameAs\":[\"https:\\\/\\\/www.facebook.com\\\/svenskamagasinet\",\"https:\\\/\\\/x.com\\\/SvenskaMagasine\"]},{\"@type\":\"Person\",\"@id\":\"https:\\\/\\\/lightweb.dev\\\/l\\\/svm-temp\\\/#\\\/schema\\\/person\\\/7a82b8a73d171d32360a564b6d03508e\",\"name\":\"Ola Josefsson\",\"description\":\"Bevakar Solkusten och Spanien sedan 1994.\",\"sameAs\":[\"https:\\\/\\\/lightweb.dev\\\/l\\\/svm-temp\"],\"url\":\"https:\\\/\\\/lightweb.dev\\\/l\\\/svm-temp\\\/reporter\\\/ola-josefsson\\\/\"}]}<\/script>\n<!-- \/ Yoast SEO Premium plugin. -->","yoast_head_json":{"title":"Rekordvarmt badvatten p\u00e5 Solkusten \u2013 asiatisk alg breder ut sig - Svenska Magasinet","description":"N\u00e4r det inte bl\u00e5ser sydv\u00e4stlig vind som f\u00f6r in svalt vatten fr\u00e5n Atlanten genom Gibraltar sund s\u00e5 blir badvattnet varmt p\u00e5 Solkusten. I \u00e5r \u00e4r det varmare \u00e4n n\u00e5gonsin med temperaturer p\u00e5 upp emot 28 grader.","robots":{"index":"noindex","follow":"follow","max-snippet":"max-snippet:-1","max-image-preview":"max-image-preview:large","max-video-preview":"max-video-preview:-1"},"og_locale":"sv_SE","og_type":"article","og_title":"Rekordvarmt badvatten p\u00e5 Solkusten \u2013 asiatisk alg breder ut sig","og_description":"N\u00e4r det inte bl\u00e5ser sydv\u00e4stlig vind som f\u00f6r in svalt vatten fr\u00e5n Atlanten genom Gibraltar sund s\u00e5 blir badvattnet varmt p\u00e5 Solkusten. I \u00e5r \u00e4r det varmare \u00e4n n\u00e5gonsin med temperaturer p\u00e5 upp emot 28 grader.","og_url":"https:\/\/lightweb.dev\/l\/svm-temp\/nyheter\/rekordvarmt-badvatten-pa-solkusten-asiatisk-alg-breder-ut-sig\/","og_site_name":"Svenska Magasinet","article_publisher":"https:\/\/www.facebook.com\/svenskamagasinet","article_published_time":"2022-08-05T07:48:32+00:00","article_modified_time":"2022-08-05T09:09:30+00:00","og_image":[{"width":1280,"height":960,"url":"https:\/\/lightweb.dev\/l\/svm-temp\/wp-content\/uploads\/2022\/08\/IMG-7998-Stor.jpeg","type":"image\/jpeg"}],"author":"Ola Josefsson","twitter_card":"summary_large_image","twitter_creator":"@SvenskaMagasine","twitter_site":"@SvenskaMagasine","schema":{"@context":"https:\/\/schema.org","@graph":[{"@type":"Article","@id":"https:\/\/lightweb.dev\/l\/svm-temp\/nyheter\/rekordvarmt-badvatten-pa-solkusten-asiatisk-alg-breder-ut-sig\/#article","isPartOf":{"@id":"https:\/\/lightweb.dev\/l\/svm-temp\/nyheter\/rekordvarmt-badvatten-pa-solkusten-asiatisk-alg-breder-ut-sig\/"},"author":{"name":"Ola Josefsson","@id":"https:\/\/lightweb.dev\/l\/svm-temp\/#\/schema\/person\/7a82b8a73d171d32360a564b6d03508e"},"headline":"Rekordvarmt badvatten p\u00e5 Solkusten \u2013 asiatisk alg breder ut sig","datePublished":"2022-08-05T07:48:32+00:00","dateModified":"2022-08-05T09:09:30+00:00","mainEntityOfPage":{"@id":"https:\/\/lightweb.dev\/l\/svm-temp\/nyheter\/rekordvarmt-badvatten-pa-solkusten-asiatisk-alg-breder-ut-sig\/"},"wordCount":298,"commentCount":2,"publisher":{"@id":"https:\/\/lightweb.dev\/l\/svm-temp\/#organization"},"image":{"@id":"https:\/\/lightweb.dev\/l\/svm-temp\/nyheter\/rekordvarmt-badvatten-pa-solkusten-asiatisk-alg-breder-ut-sig\/#primaryimage"},"thumbnailUrl":"https:\/\/lightweb.dev\/l\/svm-temp\/wp-content\/uploads\/2022\/08\/IMG-7998-Stor.jpeg","articleSection":["Arkiv","Nyheter"],"inLanguage":"sv-SE"},{"@type":"WebPage","@id":"https:\/\/lightweb.dev\/l\/svm-temp\/nyheter\/rekordvarmt-badvatten-pa-solkusten-asiatisk-alg-breder-ut-sig\/","url":"https:\/\/lightweb.dev\/l\/svm-temp\/nyheter\/rekordvarmt-badvatten-pa-solkusten-asiatisk-alg-breder-ut-sig\/","name":"Rekordvarmt badvatten p\u00e5 Solkusten \u2013 asiatisk alg breder ut sig - Svenska Magasinet","isPartOf":{"@id":"https:\/\/lightweb.dev\/l\/svm-temp\/#website"},"primaryImageOfPage":{"@id":"https:\/\/lightweb.dev\/l\/svm-temp\/nyheter\/rekordvarmt-badvatten-pa-solkusten-asiatisk-alg-breder-ut-sig\/#primaryimage"},"image":{"@id":"https:\/\/lightweb.dev\/l\/svm-temp\/nyheter\/rekordvarmt-badvatten-pa-solkusten-asiatisk-alg-breder-ut-sig\/#primaryimage"},"thumbnailUrl":"https:\/\/lightweb.dev\/l\/svm-temp\/wp-content\/uploads\/2022\/08\/IMG-7998-Stor.jpeg","datePublished":"2022-08-05T07:48:32+00:00","dateModified":"2022-08-05T09:09:30+00:00","description":"N\u00e4r det inte bl\u00e5ser sydv\u00e4stlig vind som f\u00f6r in svalt vatten fr\u00e5n Atlanten genom Gibraltar sund s\u00e5 blir badvattnet varmt p\u00e5 Solkusten. I \u00e5r \u00e4r det varmare \u00e4n n\u00e5gonsin med temperaturer p\u00e5 upp emot 28 grader.","breadcrumb":{"@id":"https:\/\/lightweb.dev\/l\/svm-temp\/nyheter\/rekordvarmt-badvatten-pa-solkusten-asiatisk-alg-breder-ut-sig\/#breadcrumb"},"inLanguage":"sv-SE","potentialAction":[{"@type":"ReadAction","target":["https:\/\/lightweb.dev\/l\/svm-temp\/nyheter\/rekordvarmt-badvatten-pa-solkusten-asiatisk-alg-breder-ut-sig\/"]}]},{"@type":"ImageObject","inLanguage":"sv-SE","@id":"https:\/\/lightweb.dev\/l\/svm-temp\/nyheter\/rekordvarmt-badvatten-pa-solkusten-asiatisk-alg-breder-ut-sig\/#primaryimage","url":"https:\/\/lightweb.dev\/l\/svm-temp\/wp-content\/uploads\/2022\/08\/IMG-7998-Stor.jpeg","contentUrl":"https:\/\/lightweb.dev\/l\/svm-temp\/wp-content\/uploads\/2022\/08\/IMG-7998-Stor.jpeg","width":1280,"height":960,"caption":"Badvattnet \u00e4r varmare i \u00e5r \u00e4n normalt"},{"@type":"BreadcrumbList","@id":"https:\/\/lightweb.dev\/l\/svm-temp\/nyheter\/rekordvarmt-badvatten-pa-solkusten-asiatisk-alg-breder-ut-sig\/#breadcrumb","itemListElement":[{"@type":"ListItem","position":1,"name":"Hem","item":"https:\/\/lightweb.dev\/l\/svm-temp\/"},{"@type":"ListItem","position":2,"name":"Rekordvarmt badvatten p\u00e5 Solkusten \u2013 asiatisk alg breder ut sig"}]},{"@type":"WebSite","@id":"https:\/\/lightweb.dev\/l\/svm-temp\/#website","url":"https:\/\/lightweb.dev\/l\/svm-temp\/","name":"Svenska Magasinet","description":"Dina Spanska nyheter p&aring; Svenska","publisher":{"@id":"https:\/\/lightweb.dev\/l\/svm-temp\/#organization"},"potentialAction":[{"@type":"SearchAction","target":{"@type":"EntryPoint","urlTemplate":"https:\/\/lightweb.dev\/l\/svm-temp\/?s={search_term_string}"},"query-input":{"@type":"PropertyValueSpecification","valueRequired":true,"valueName":"search_term_string"}}],"inLanguage":"sv-SE"},{"@type":"Organization","@id":"https:\/\/lightweb.dev\/l\/svm-temp\/#organization","name":"Melkerson y Nott SL","alternateName":"Svenska Magasinet","url":"https:\/\/lightweb.dev\/l\/svm-temp\/","logo":{"@type":"ImageObject","inLanguage":"sv-SE","@id":"https:\/\/lightweb.dev\/l\/svm-temp\/#\/schema\/logo\/image\/","url":"https:\/\/lightweb.dev\/l\/svm-temp\/wp-content\/uploads\/2025\/02\/SvM-logo-Xtra-Centrerad-SVART.png","contentUrl":"https:\/\/lightweb.dev\/l\/svm-temp\/wp-content\/uploads\/2025\/02\/SvM-logo-Xtra-Centrerad-SVART.png","width":300,"height":99,"caption":"Melkerson y Nott SL"},"image":{"@id":"https:\/\/lightweb.dev\/l\/svm-temp\/#\/schema\/logo\/image\/"},"sameAs":["https:\/\/www.facebook.com\/svenskamagasinet","https:\/\/x.com\/SvenskaMagasine"]},{"@type":"Person","@id":"https:\/\/lightweb.dev\/l\/svm-temp\/#\/schema\/person\/7a82b8a73d171d32360a564b6d03508e","name":"Ola Josefsson","description":"Bevakar Solkusten och Spanien sedan 1994.","sameAs":["https:\/\/lightweb.dev\/l\/svm-temp"],"url":"https:\/\/lightweb.dev\/l\/svm-temp\/reporter\/ola-josefsson\/"}]}},"_links":{"self":[{"href":"https:\/\/lightweb.dev\/l\/svm-temp\/wp-json\/wp\/v2\/posts\/56272","targetHints":{"allow":["GET"]}}],"collection":[{"href":"https:\/\/lightweb.dev\/l\/svm-temp\/wp-json\/wp\/v2\/posts"}],"about":[{"href":"https:\/\/lightweb.dev\/l\/svm-temp\/wp-json\/wp\/v2\/types\/post"}],"author":[{"embeddable":true,"href":"https:\/\/lightweb.dev\/l\/svm-temp\/wp-json\/wp\/v2\/users\/7"}],"replies":[{"embeddable":true,"href":"https:\/\/lightweb.dev\/l\/svm-temp\/wp-json\/wp\/v2\/comments?post=56272"}],"version-history":[{"count":0,"href":"https:\/\/lightweb.dev\/l\/svm-temp\/wp-json\/wp\/v2\/posts\/56272\/revisions"}],"wp:featuredmedia":[{"embeddable":true,"href":"https:\/\/lightweb.dev\/l\/svm-temp\/wp-json\/wp\/v2\/media\/56273"}],"wp:attachment":[{"href":"https:\/\/lightweb.dev\/l\/svm-temp\/wp-json\/wp\/v2\/media?parent=56272"}],"wp:term":[{"taxonomy":"category","embeddable":true,"href":"https:\/\/lightweb.dev\/l\/svm-temp\/wp-json\/wp\/v2\/categories?post=56272"},{"taxonomy":"post_tag","embeddable":true,"href":"https:\/\/lightweb.dev\/l\/svm-temp\/wp-json\/wp\/v2\/tags?post=56272"}],"curies":[{"name":"wp","href":"https:\/\/api.w.org\/{rel}","templated":true}]}}