{"id":56280,"date":"2022-08-05T11:01:08","date_gmt":"2022-08-05T09:01:08","guid":{"rendered":"https:\/\/lightweb.dev\/l\/svm-temp\/?p=56280"},"modified":"2022-08-22T11:24:32","modified_gmt":"2022-08-22T09:24:32","slug":"fredagsvinet-bolagets-valsignelser","status":"publish","type":"post","link":"https:\/\/lightweb.dev\/l\/svm-temp\/artiklar\/fredagsvinet-bolagets-valsignelser\/","title":{"rendered":"Fredagsvinet: Bolagets v\u00e4lsignelser"},"content":{"rendered":"<p><strong>I M\u00e1lagaprovinsen inleddes sk\u00f6rden av druvor f\u00f6r en vecka sedan. Den 29 juli inleddes sk\u00f6rden i Axarqu\u00eda och i de norra delarna av provinsen av moscatel de Alejandr\u00eda och moscatel Morisco.<\/strong><\/p>\n<p>Tack vare v\u00e5rens nederb\u00f6rd f\u00f6rv\u00e4ntas sk\u00f6rden bli som ifjol eller till och med n\u00e5got h\u00f6gre och n\u00e5r cirka 2,8 miljoner kilo.<\/p>\n<p>Enligt uppgifter fr\u00e5n kontrollorganet Consejo Regulador var v\u00e5ren bl\u00f6t vilket inverkade p\u00e5 vinstockarna som var en eller tv\u00e5 veckor sena. Det kompenserades senare under v\u00e5ren och f\u00f6rsommaren d\u00e5 temperaturen har legat 2 till 3 grader \u00f6ver det normala.<\/p>\n<p>Nederb\u00f6rden \u00e4r 26 procent mindre sett under ett \u00e5r. Det regn som f\u00f6ll i mars var viktigt f\u00f6r vinstockarna. Det rapporteras \u00e4ven om uteblivna skadeinsekter och sjukdomar.<\/p>\n<p>Regnig v\u00e5r, varm och torr sommar under mognaden och inga skadeinsekter. Sammantaget bidrar detta till att kvalit\u00e9n p\u00e5 druvorna blir mycket bra.<\/p>\n<h2>Sverige<\/h2>\n<p>Jag tillbringade fyra veckor i Sverige och tog del av Systembolagets v\u00e4lsignelser. Jag \u00e4r ingen f\u00f6respr\u00e5kare av bolaget d\u00e5 jag ser vin som en m\u00e5ltidsdryck fr\u00e5n jordbruket som \u00e4ven ska kunna inhandlas i livsmedelsbutiken. Jag gillar inte heller vin p\u00e5 burk eller boxviner. Faktum \u00e4r att jag aldrig har k\u00f6pt vare sig burkvin eller boxvin.<\/p>\n<p>Men jag kan konstatera att spanska Castillo de Credos Blanco fr\u00e5n Bodegas Vinartis som \u00e4gs av familjen familjen Garc\u00eda Carri\u00f3n sedan 2008 fortsatt \u00e4r Systembolagets mest s\u00e5lda vita box.<\/p>\n<p>I \u00f6vrigt hittade jag n\u00e5gra riktigt trevliga spanska viner p\u00e5 hyllorna.<\/p>\n<p><strong>Elias Mora 2018<\/strong><\/p>\n<p>Jag provade Elias Mora 2017 Crianza p\u00e5 druvan Tinta de Toro fr\u00e5n Bodega Elias Mora i Torodistriktet vid Veremas vinm\u00e4ssa i M\u00e1laga ifjol. D\u00e5 minns jag att jag gillade vinet skarpt. D\u00e4rf\u00f6r var det till stor gl\u00e4dje n\u00e4r jag vann det p\u00e5 bolaget. Visserligen \u00e5rg\u00e5ng 2018. H\u00e4rlig fatkarakt\u00e4r, mogna b\u00e4r, gl\u00e4dje i gomseglet. 159 SEK.<\/p>\n<p><strong>Joaqu\u00edn Rebolledo Godello<\/strong><\/p>\n<p>Jag rekommenderade n\u00e5gra v\u00e4nner i Sverige att prova vita spanska viner p\u00e5 druvan Godello vilket de gjorde \u2013 och det blev mycket uppskattat. S\u00e5 n\u00e4r jag var p\u00e5 en bjudning s\u00e5 d\u00f6k vinet upp p\u00e5 bordet. Ett h\u00e4rligt friskt spanskt med fin syra: Joaqu\u00edn Rebolledo p\u00e5 min gr\u00f6na favoritdruva Godello producerad vid Bodegas Joaqu\u00edn Rebolledo i Valdeorras. Nyanser av b\u00e5de \u00f6rter, p\u00e4ron, persika, honungsmelon, mineral och citrus. 119 SEK.<\/p>\n<p><strong>Alter Blanco 2020<\/strong><\/p>\n<p>N\u00e4r vi \u00e4nd\u00e5 \u00e4r inne p\u00e5 bra viner fr\u00e5n Spaniens nordv\u00e4stra h\u00f6rn s\u00e5 forts\u00e4tter vi med Alter Blanco 2020 fr\u00e5n distriktet Ribeiro som \u00e4r det \u00e4ldsta vindistriktet i Galicien. Producerat vid Priorato de Razamonde p\u00e5 80% treixadura, 15% godello och 5% loureira. Med inslag av gr\u00f6na \u00e4pplen, p\u00e4ron, persika och lime. Utm\u00e4rkt till fisk och r\u00e4kor. 109 SEK.<\/p>\n<p>Fler vintips regelbundet under hashtag <a href=\"https:\/\/twitter.com\/search?q=%23spanskaviner&amp;src=typed_query&amp;f=live\"><strong>#spanskaviner<\/strong><\/a><\/p>\n<p><strong>H\u00e4ng med p\u00e5 vinresa i h\u00f6st! L\u00e4s mer h\u00e4r:<\/strong><\/p>\n<p class=\"entry-title\"><a href=\"https:\/\/lightweb.dev\/l\/svm-temp\/nyheter\/vinresa-till-la-rioja-cigales-och-ribera-del-duero-30-september-till-4-oktober-2022\/?swcfpc=1\"><strong>Vinresa till La Rioja, Cigales och Ribera del Duero (30 september till 4 oktober 2022)<\/strong><\/a><\/p>\n","protected":false},"excerpt":{"rendered":"<p>I M\u00e1lagaprovinsen inleddes sk\u00f6rden av druvor f\u00f6r en vecka sedan. Den 29 juli inleddes sk\u00f6rden i Axarqu\u00eda och i de norra delarna av provinsen av moscatel de Alejandr\u00eda och moscatel Morisco. Tack vare v\u00e5rens nederb\u00f6rd f\u00f6rv\u00e4ntas sk\u00f6rden bli som ifjol eller till och med n\u00e5got h\u00f6gre och n\u00e5r cirka 2,8 miljoner kilo. Enligt uppgifter fr\u00e5n [&hellip;]<\/p>\n","protected":false},"author":7,"featured_media":56281,"comment_status":"open","ping_status":"open","sticky":false,"template":"","format":"standard","meta":{"_et_pb_use_builder":"","_et_pb_old_content":"","_et_gb_content_width":"","footnotes":""},"categories":[4,38],"tags":[],"class_list":["post-56280","post","type-post","status-publish","format-standard","has-post-thumbnail","hentry","category-artiklar","category-mat-vin"],"yoast_head":"<!-- This site is optimized with the Yoast SEO Premium plugin v26.2 (Yoast SEO v27.4) - https:\/\/yoast.com\/product\/yoast-seo-premium-wordpress\/ -->\n<title>Fredagsvinet: Bolagets v\u00e4lsignelser - Svenska Magasinet<\/title>\n<meta name=\"description\" content=\"I M\u00e1lagaprovinsen inleddes sk\u00f6rden av druvor f\u00f6r en vecka sedan. Den 29 juli inleddes sk\u00f6rden i Axarqu\u00eda och i de norra delarna av provinsen av moscatel de Alejandr\u00eda och moscatel Morisco.\" \/>\n<meta name=\"robots\" content=\"noindex, follow, max-snippet:-1, max-image-preview:large, max-video-preview:-1\" \/>\n<meta property=\"og:locale\" content=\"sv_SE\" \/>\n<meta property=\"og:type\" content=\"article\" \/>\n<meta property=\"og:title\" content=\"Fredagsvinet: Bolagets v\u00e4lsignelser\" \/>\n<meta property=\"og:description\" content=\"I M\u00e1lagaprovinsen inleddes sk\u00f6rden av druvor f\u00f6r en vecka sedan. Den 29 juli inleddes sk\u00f6rden i Axarqu\u00eda och i de norra delarna av provinsen av moscatel de Alejandr\u00eda och moscatel Morisco.\" \/>\n<meta property=\"og:url\" content=\"https:\/\/lightweb.dev\/l\/svm-temp\/nyheter\/fredagsvinet-bolagets-valsignelser\/\" \/>\n<meta property=\"og:site_name\" content=\"Svenska Magasinet\" \/>\n<meta property=\"article:publisher\" content=\"https:\/\/www.facebook.com\/svenskamagasinet\" \/>\n<meta property=\"article:published_time\" content=\"2022-08-05T09:01:08+00:00\" \/>\n<meta property=\"article:modified_time\" content=\"2022-08-22T09:24:32+00:00\" \/>\n<meta property=\"og:image\" content=\"https:\/\/lightweb.dev\/l\/svm-temp\/wp-content\/uploads\/2022\/08\/20220729165456-696x452-Stor.jpeg\" \/>\n\t<meta property=\"og:image:width\" content=\"696\" \/>\n\t<meta property=\"og:image:height\" content=\"452\" \/>\n\t<meta property=\"og:image:type\" content=\"image\/jpeg\" \/>\n<meta name=\"author\" content=\"Ola Josefsson\" \/>\n<meta name=\"twitter:card\" content=\"summary_large_image\" \/>\n<meta name=\"twitter:creator\" content=\"@SvenskaMagasine\" \/>\n<meta name=\"twitter:site\" content=\"@SvenskaMagasine\" \/>\n<script type=\"application\/ld+json\" class=\"yoast-schema-graph\">{\"@context\":\"https:\\\/\\\/schema.org\",\"@graph\":[{\"@type\":\"Article\",\"@id\":\"https:\\\/\\\/lightweb.dev\\\/l\\\/svm-temp\\\/nyheter\\\/fredagsvinet-bolagets-valsignelser\\\/#article\",\"isPartOf\":{\"@id\":\"https:\\\/\\\/lightweb.dev\\\/l\\\/svm-temp\\\/nyheter\\\/fredagsvinet-bolagets-valsignelser\\\/\"},\"author\":{\"name\":\"Ola Josefsson\",\"@id\":\"https:\\\/\\\/lightweb.dev\\\/l\\\/svm-temp\\\/#\\\/schema\\\/person\\\/7a82b8a73d171d32360a564b6d03508e\"},\"headline\":\"Fredagsvinet: Bolagets v\u00e4lsignelser\",\"datePublished\":\"2022-08-05T09:01:08+00:00\",\"dateModified\":\"2022-08-22T09:24:32+00:00\",\"mainEntityOfPage\":{\"@id\":\"https:\\\/\\\/lightweb.dev\\\/l\\\/svm-temp\\\/nyheter\\\/fredagsvinet-bolagets-valsignelser\\\/\"},\"wordCount\":511,\"commentCount\":1,\"publisher\":{\"@id\":\"https:\\\/\\\/lightweb.dev\\\/l\\\/svm-temp\\\/#organization\"},\"image\":{\"@id\":\"https:\\\/\\\/lightweb.dev\\\/l\\\/svm-temp\\\/nyheter\\\/fredagsvinet-bolagets-valsignelser\\\/#primaryimage\"},\"thumbnailUrl\":\"https:\\\/\\\/lightweb.dev\\\/l\\\/svm-temp\\\/wp-content\\\/uploads\\\/2022\\\/08\\\/20220729165456-696x452-Stor.jpeg\",\"articleSection\":[\"Artiklar\",\"Mat &amp; vin\"],\"inLanguage\":\"sv-SE\"},{\"@type\":\"WebPage\",\"@id\":\"https:\\\/\\\/lightweb.dev\\\/l\\\/svm-temp\\\/nyheter\\\/fredagsvinet-bolagets-valsignelser\\\/\",\"url\":\"https:\\\/\\\/lightweb.dev\\\/l\\\/svm-temp\\\/nyheter\\\/fredagsvinet-bolagets-valsignelser\\\/\",\"name\":\"Fredagsvinet: Bolagets v\u00e4lsignelser - Svenska Magasinet\",\"isPartOf\":{\"@id\":\"https:\\\/\\\/lightweb.dev\\\/l\\\/svm-temp\\\/#website\"},\"primaryImageOfPage\":{\"@id\":\"https:\\\/\\\/lightweb.dev\\\/l\\\/svm-temp\\\/nyheter\\\/fredagsvinet-bolagets-valsignelser\\\/#primaryimage\"},\"image\":{\"@id\":\"https:\\\/\\\/lightweb.dev\\\/l\\\/svm-temp\\\/nyheter\\\/fredagsvinet-bolagets-valsignelser\\\/#primaryimage\"},\"thumbnailUrl\":\"https:\\\/\\\/lightweb.dev\\\/l\\\/svm-temp\\\/wp-content\\\/uploads\\\/2022\\\/08\\\/20220729165456-696x452-Stor.jpeg\",\"datePublished\":\"2022-08-05T09:01:08+00:00\",\"dateModified\":\"2022-08-22T09:24:32+00:00\",\"description\":\"I M\u00e1lagaprovinsen inleddes sk\u00f6rden av druvor f\u00f6r en vecka sedan. Den 29 juli inleddes sk\u00f6rden i Axarqu\u00eda och i de norra delarna av provinsen av moscatel de Alejandr\u00eda och moscatel Morisco.\",\"breadcrumb\":{\"@id\":\"https:\\\/\\\/lightweb.dev\\\/l\\\/svm-temp\\\/nyheter\\\/fredagsvinet-bolagets-valsignelser\\\/#breadcrumb\"},\"inLanguage\":\"sv-SE\",\"potentialAction\":[{\"@type\":\"ReadAction\",\"target\":[\"https:\\\/\\\/lightweb.dev\\\/l\\\/svm-temp\\\/nyheter\\\/fredagsvinet-bolagets-valsignelser\\\/\"]}]},{\"@type\":\"ImageObject\",\"inLanguage\":\"sv-SE\",\"@id\":\"https:\\\/\\\/lightweb.dev\\\/l\\\/svm-temp\\\/nyheter\\\/fredagsvinet-bolagets-valsignelser\\\/#primaryimage\",\"url\":\"https:\\\/\\\/lightweb.dev\\\/l\\\/svm-temp\\\/wp-content\\\/uploads\\\/2022\\\/08\\\/20220729165456-696x452-Stor.jpeg\",\"contentUrl\":\"https:\\\/\\\/lightweb.dev\\\/l\\\/svm-temp\\\/wp-content\\\/uploads\\\/2022\\\/08\\\/20220729165456-696x452-Stor.jpeg\",\"width\":696,\"height\":452,\"caption\":\"Nu inleds sk\u00f6rden av Moscatel de Alejandr\u00eda och Moscatel Morisco i M\u00e1lagaprovinsen. (Foto: CRDO M\u00c1LAGA, SIERRAS DE M\u00c1LAGA Y PASAS DE M\u00c1LAGA)\"},{\"@type\":\"BreadcrumbList\",\"@id\":\"https:\\\/\\\/lightweb.dev\\\/l\\\/svm-temp\\\/nyheter\\\/fredagsvinet-bolagets-valsignelser\\\/#breadcrumb\",\"itemListElement\":[{\"@type\":\"ListItem\",\"position\":1,\"name\":\"Hem\",\"item\":\"https:\\\/\\\/lightweb.dev\\\/l\\\/svm-temp\\\/\"},{\"@type\":\"ListItem\",\"position\":2,\"name\":\"Fredagsvinet: Bolagets v\u00e4lsignelser\"}]},{\"@type\":\"WebSite\",\"@id\":\"https:\\\/\\\/lightweb.dev\\\/l\\\/svm-temp\\\/#website\",\"url\":\"https:\\\/\\\/lightweb.dev\\\/l\\\/svm-temp\\\/\",\"name\":\"Svenska Magasinet\",\"description\":\"Dina Spanska nyheter p&aring; Svenska\",\"publisher\":{\"@id\":\"https:\\\/\\\/lightweb.dev\\\/l\\\/svm-temp\\\/#organization\"},\"potentialAction\":[{\"@type\":\"SearchAction\",\"target\":{\"@type\":\"EntryPoint\",\"urlTemplate\":\"https:\\\/\\\/lightweb.dev\\\/l\\\/svm-temp\\\/?s={search_term_string}\"},\"query-input\":{\"@type\":\"PropertyValueSpecification\",\"valueRequired\":true,\"valueName\":\"search_term_string\"}}],\"inLanguage\":\"sv-SE\"},{\"@type\":\"Organization\",\"@id\":\"https:\\\/\\\/lightweb.dev\\\/l\\\/svm-temp\\\/#organization\",\"name\":\"Melkerson y Nott SL\",\"alternateName\":\"Svenska Magasinet\",\"url\":\"https:\\\/\\\/lightweb.dev\\\/l\\\/svm-temp\\\/\",\"logo\":{\"@type\":\"ImageObject\",\"inLanguage\":\"sv-SE\",\"@id\":\"https:\\\/\\\/lightweb.dev\\\/l\\\/svm-temp\\\/#\\\/schema\\\/logo\\\/image\\\/\",\"url\":\"https:\\\/\\\/lightweb.dev\\\/l\\\/svm-temp\\\/wp-content\\\/uploads\\\/2025\\\/02\\\/SvM-logo-Xtra-Centrerad-SVART.png\",\"contentUrl\":\"https:\\\/\\\/lightweb.dev\\\/l\\\/svm-temp\\\/wp-content\\\/uploads\\\/2025\\\/02\\\/SvM-logo-Xtra-Centrerad-SVART.png\",\"width\":300,\"height\":99,\"caption\":\"Melkerson y Nott SL\"},\"image\":{\"@id\":\"https:\\\/\\\/lightweb.dev\\\/l\\\/svm-temp\\\/#\\\/schema\\\/logo\\\/image\\\/\"},\"sameAs\":[\"https:\\\/\\\/www.facebook.com\\\/svenskamagasinet\",\"https:\\\/\\\/x.com\\\/SvenskaMagasine\"]},{\"@type\":\"Person\",\"@id\":\"https:\\\/\\\/lightweb.dev\\\/l\\\/svm-temp\\\/#\\\/schema\\\/person\\\/7a82b8a73d171d32360a564b6d03508e\",\"name\":\"Ola Josefsson\",\"description\":\"Bevakar Solkusten och Spanien sedan 1994.\",\"sameAs\":[\"https:\\\/\\\/lightweb.dev\\\/l\\\/svm-temp\"],\"url\":\"https:\\\/\\\/lightweb.dev\\\/l\\\/svm-temp\\\/reporter\\\/ola-josefsson\\\/\"}]}<\/script>\n<!-- \/ Yoast SEO Premium plugin. -->","yoast_head_json":{"title":"Fredagsvinet: Bolagets v\u00e4lsignelser - Svenska Magasinet","description":"I M\u00e1lagaprovinsen inleddes sk\u00f6rden av druvor f\u00f6r en vecka sedan. Den 29 juli inleddes sk\u00f6rden i Axarqu\u00eda och i de norra delarna av provinsen av moscatel de Alejandr\u00eda och moscatel Morisco.","robots":{"index":"noindex","follow":"follow","max-snippet":"max-snippet:-1","max-image-preview":"max-image-preview:large","max-video-preview":"max-video-preview:-1"},"og_locale":"sv_SE","og_type":"article","og_title":"Fredagsvinet: Bolagets v\u00e4lsignelser","og_description":"I M\u00e1lagaprovinsen inleddes sk\u00f6rden av druvor f\u00f6r en vecka sedan. Den 29 juli inleddes sk\u00f6rden i Axarqu\u00eda och i de norra delarna av provinsen av moscatel de Alejandr\u00eda och moscatel Morisco.","og_url":"https:\/\/lightweb.dev\/l\/svm-temp\/nyheter\/fredagsvinet-bolagets-valsignelser\/","og_site_name":"Svenska Magasinet","article_publisher":"https:\/\/www.facebook.com\/svenskamagasinet","article_published_time":"2022-08-05T09:01:08+00:00","article_modified_time":"2022-08-22T09:24:32+00:00","og_image":[{"width":696,"height":452,"url":"https:\/\/lightweb.dev\/l\/svm-temp\/wp-content\/uploads\/2022\/08\/20220729165456-696x452-Stor.jpeg","type":"image\/jpeg"}],"author":"Ola Josefsson","twitter_card":"summary_large_image","twitter_creator":"@SvenskaMagasine","twitter_site":"@SvenskaMagasine","schema":{"@context":"https:\/\/schema.org","@graph":[{"@type":"Article","@id":"https:\/\/lightweb.dev\/l\/svm-temp\/nyheter\/fredagsvinet-bolagets-valsignelser\/#article","isPartOf":{"@id":"https:\/\/lightweb.dev\/l\/svm-temp\/nyheter\/fredagsvinet-bolagets-valsignelser\/"},"author":{"name":"Ola Josefsson","@id":"https:\/\/lightweb.dev\/l\/svm-temp\/#\/schema\/person\/7a82b8a73d171d32360a564b6d03508e"},"headline":"Fredagsvinet: Bolagets v\u00e4lsignelser","datePublished":"2022-08-05T09:01:08+00:00","dateModified":"2022-08-22T09:24:32+00:00","mainEntityOfPage":{"@id":"https:\/\/lightweb.dev\/l\/svm-temp\/nyheter\/fredagsvinet-bolagets-valsignelser\/"},"wordCount":511,"commentCount":1,"publisher":{"@id":"https:\/\/lightweb.dev\/l\/svm-temp\/#organization"},"image":{"@id":"https:\/\/lightweb.dev\/l\/svm-temp\/nyheter\/fredagsvinet-bolagets-valsignelser\/#primaryimage"},"thumbnailUrl":"https:\/\/lightweb.dev\/l\/svm-temp\/wp-content\/uploads\/2022\/08\/20220729165456-696x452-Stor.jpeg","articleSection":["Artiklar","Mat &amp; vin"],"inLanguage":"sv-SE"},{"@type":"WebPage","@id":"https:\/\/lightweb.dev\/l\/svm-temp\/nyheter\/fredagsvinet-bolagets-valsignelser\/","url":"https:\/\/lightweb.dev\/l\/svm-temp\/nyheter\/fredagsvinet-bolagets-valsignelser\/","name":"Fredagsvinet: Bolagets v\u00e4lsignelser - Svenska Magasinet","isPartOf":{"@id":"https:\/\/lightweb.dev\/l\/svm-temp\/#website"},"primaryImageOfPage":{"@id":"https:\/\/lightweb.dev\/l\/svm-temp\/nyheter\/fredagsvinet-bolagets-valsignelser\/#primaryimage"},"image":{"@id":"https:\/\/lightweb.dev\/l\/svm-temp\/nyheter\/fredagsvinet-bolagets-valsignelser\/#primaryimage"},"thumbnailUrl":"https:\/\/lightweb.dev\/l\/svm-temp\/wp-content\/uploads\/2022\/08\/20220729165456-696x452-Stor.jpeg","datePublished":"2022-08-05T09:01:08+00:00","dateModified":"2022-08-22T09:24:32+00:00","description":"I M\u00e1lagaprovinsen inleddes sk\u00f6rden av druvor f\u00f6r en vecka sedan. Den 29 juli inleddes sk\u00f6rden i Axarqu\u00eda och i de norra delarna av provinsen av moscatel de Alejandr\u00eda och moscatel Morisco.","breadcrumb":{"@id":"https:\/\/lightweb.dev\/l\/svm-temp\/nyheter\/fredagsvinet-bolagets-valsignelser\/#breadcrumb"},"inLanguage":"sv-SE","potentialAction":[{"@type":"ReadAction","target":["https:\/\/lightweb.dev\/l\/svm-temp\/nyheter\/fredagsvinet-bolagets-valsignelser\/"]}]},{"@type":"ImageObject","inLanguage":"sv-SE","@id":"https:\/\/lightweb.dev\/l\/svm-temp\/nyheter\/fredagsvinet-bolagets-valsignelser\/#primaryimage","url":"https:\/\/lightweb.dev\/l\/svm-temp\/wp-content\/uploads\/2022\/08\/20220729165456-696x452-Stor.jpeg","contentUrl":"https:\/\/lightweb.dev\/l\/svm-temp\/wp-content\/uploads\/2022\/08\/20220729165456-696x452-Stor.jpeg","width":696,"height":452,"caption":"Nu inleds sk\u00f6rden av Moscatel de Alejandr\u00eda och Moscatel Morisco i M\u00e1lagaprovinsen. (Foto: CRDO M\u00c1LAGA, SIERRAS DE M\u00c1LAGA Y PASAS DE M\u00c1LAGA)"},{"@type":"BreadcrumbList","@id":"https:\/\/lightweb.dev\/l\/svm-temp\/nyheter\/fredagsvinet-bolagets-valsignelser\/#breadcrumb","itemListElement":[{"@type":"ListItem","position":1,"name":"Hem","item":"https:\/\/lightweb.dev\/l\/svm-temp\/"},{"@type":"ListItem","position":2,"name":"Fredagsvinet: Bolagets v\u00e4lsignelser"}]},{"@type":"WebSite","@id":"https:\/\/lightweb.dev\/l\/svm-temp\/#website","url":"https:\/\/lightweb.dev\/l\/svm-temp\/","name":"Svenska Magasinet","description":"Dina Spanska nyheter p&aring; Svenska","publisher":{"@id":"https:\/\/lightweb.dev\/l\/svm-temp\/#organization"},"potentialAction":[{"@type":"SearchAction","target":{"@type":"EntryPoint","urlTemplate":"https:\/\/lightweb.dev\/l\/svm-temp\/?s={search_term_string}"},"query-input":{"@type":"PropertyValueSpecification","valueRequired":true,"valueName":"search_term_string"}}],"inLanguage":"sv-SE"},{"@type":"Organization","@id":"https:\/\/lightweb.dev\/l\/svm-temp\/#organization","name":"Melkerson y Nott SL","alternateName":"Svenska Magasinet","url":"https:\/\/lightweb.dev\/l\/svm-temp\/","logo":{"@type":"ImageObject","inLanguage":"sv-SE","@id":"https:\/\/lightweb.dev\/l\/svm-temp\/#\/schema\/logo\/image\/","url":"https:\/\/lightweb.dev\/l\/svm-temp\/wp-content\/uploads\/2025\/02\/SvM-logo-Xtra-Centrerad-SVART.png","contentUrl":"https:\/\/lightweb.dev\/l\/svm-temp\/wp-content\/uploads\/2025\/02\/SvM-logo-Xtra-Centrerad-SVART.png","width":300,"height":99,"caption":"Melkerson y Nott SL"},"image":{"@id":"https:\/\/lightweb.dev\/l\/svm-temp\/#\/schema\/logo\/image\/"},"sameAs":["https:\/\/www.facebook.com\/svenskamagasinet","https:\/\/x.com\/SvenskaMagasine"]},{"@type":"Person","@id":"https:\/\/lightweb.dev\/l\/svm-temp\/#\/schema\/person\/7a82b8a73d171d32360a564b6d03508e","name":"Ola Josefsson","description":"Bevakar Solkusten och Spanien sedan 1994.","sameAs":["https:\/\/lightweb.dev\/l\/svm-temp"],"url":"https:\/\/lightweb.dev\/l\/svm-temp\/reporter\/ola-josefsson\/"}]}},"_links":{"self":[{"href":"https:\/\/lightweb.dev\/l\/svm-temp\/wp-json\/wp\/v2\/posts\/56280","targetHints":{"allow":["GET"]}}],"collection":[{"href":"https:\/\/lightweb.dev\/l\/svm-temp\/wp-json\/wp\/v2\/posts"}],"about":[{"href":"https:\/\/lightweb.dev\/l\/svm-temp\/wp-json\/wp\/v2\/types\/post"}],"author":[{"embeddable":true,"href":"https:\/\/lightweb.dev\/l\/svm-temp\/wp-json\/wp\/v2\/users\/7"}],"replies":[{"embeddable":true,"href":"https:\/\/lightweb.dev\/l\/svm-temp\/wp-json\/wp\/v2\/comments?post=56280"}],"version-history":[{"count":0,"href":"https:\/\/lightweb.dev\/l\/svm-temp\/wp-json\/wp\/v2\/posts\/56280\/revisions"}],"wp:featuredmedia":[{"embeddable":true,"href":"https:\/\/lightweb.dev\/l\/svm-temp\/wp-json\/wp\/v2\/media\/56281"}],"wp:attachment":[{"href":"https:\/\/lightweb.dev\/l\/svm-temp\/wp-json\/wp\/v2\/media?parent=56280"}],"wp:term":[{"taxonomy":"category","embeddable":true,"href":"https:\/\/lightweb.dev\/l\/svm-temp\/wp-json\/wp\/v2\/categories?post=56280"},{"taxonomy":"post_tag","embeddable":true,"href":"https:\/\/lightweb.dev\/l\/svm-temp\/wp-json\/wp\/v2\/tags?post=56280"}],"curies":[{"name":"wp","href":"https:\/\/api.w.org\/{rel}","templated":true}]}}