{"id":56459,"date":"2022-08-12T19:28:22","date_gmt":"2022-08-12T17:28:22","guid":{"rendered":"https:\/\/lightweb.dev\/l\/svm-temp\/?p=56459"},"modified":"2022-08-12T19:44:25","modified_gmt":"2022-08-12T17:44:25","slug":"den-spanska-fotbollen-drar-igang","status":"publish","type":"post","link":"https:\/\/lightweb.dev\/l\/svm-temp\/nyheter\/den-spanska-fotbollen-drar-igang\/","title":{"rendered":"Den spanska fotbollen drar ig\u00e5ng"},"content":{"rendered":"<p><strong>I helgen b\u00f6rjar den spanska ligafotbollen. La Liga, som den kallas i folkmun, \u00e4r bland de b\u00e4sta i v\u00e4rlden. H\u00e4r ber\u00e4ttar vi lite om ligans svenska spelare och om klubbarna fr\u00e5n st\u00e4derna n\u00e4ra solkusten.\u00a0<\/strong><\/p>\n<p><span style=\"font-weight: 400\">La liga \u00e4r v\u00e4rldens n\u00e4st h\u00f6gst rankade fotbollsserie och d\u00e4r spelar v\u00e4rldsstj\u00e4rnor som Karim Benze<\/span><span style=\"font-weight: 400\">ma, Luka Modri\u0107, Rob<\/span><span style=\"font-weight: 400\">ert Lewandowski och m\u00e5nga fler i n\u00e5gra av v\u00e4rldens b\u00e4sta klubbar. I ligan finns \u00e4ven en del svenskar och den som bor p\u00e5 sydkusten kommer att ha m\u00e5nga chanser att se dessa spela under s\u00e4songen.\u00a0<\/span><\/p>\n<p><span style=\"font-weight: 400\">Sedan 2019 spelar en av svensk fotbolls klarast lysande stj\u00e4rnor, landslagsanfallaren Alexander Isak, i den baskiska klubben Real Sociedad. Isak \u00e4r bara 22 \u00e5r gammal men har varit utlandsporffs sedan 2017. Han har spelat 3 s\u00e4songer f\u00f6r sin spanska klubb och gjort 32 m\u00e5l. Han har \u00e4ven hunnit spela 37 landskamper f\u00f6r Sverige och gjort nio m\u00e5l i bl\u00e5gult.\u00a0<\/span><\/p>\n<p><span style=\"font-weight: 400\">En ny bekantskap f\u00f6r svenska fotbollsfans \u00e4r Williot Swedberg som trots att han bara \u00e4r 18 \u00e5r gammal har v\u00e4rvats till den galiciska klubben Celta de Vigo. Swedberg debuterade p\u00e5 a-lagsniv\u00e5 f\u00f6rra s\u00e4songen med Stockholmsklubben Hammarby. Swedberg byttes in i en allsvensk match mot Degerfors och gjorde m\u00e5l redan efter tv\u00e5 minuter. Tidigare i \u00e5r etablerade han sig sedan som en viktigt spelare f\u00f6r Hammarby och gjorde fem m\u00e5l p\u00e5 lagets fem f\u00f6rsta matcher i den svenska ligan.\u00a0<\/span><\/p>\n<p><span style=\"font-weight: 400\">Swedberg anses vara en av v\u00e4rldens st\u00f6rsta talanger i sin \u00e5lder. Han v\u00e4rvades denna sommar till sin nya klubb f\u00f6r omkring fem miljoner euro, vilket \u00e4r Hammarbys st\u00f6rsta f\u00f6rs\u00e4ljning genom tiderna, och en av de dyraste i Allsvenskans historia. Dyrast n\u00e5gonsin var ovan n\u00e4mnda Alexander Isak, som s\u00e5ldes fr\u00e5n AIK till tyska Borussia Dortmund f\u00f6r drygt nio miljoner euro.\u00a0<\/span><\/p>\n<p><span style=\"font-weight: 400\">Andalusien representeras av fyra olika klubbar fr\u00e5n tre st\u00e4der. UD Almeria och <\/span><span style=\"font-weight: 400\">C\u00e1diz CF <\/span><span style=\"font-weight: 400\">kommer b\u00e5da fr\u00e5n st\u00e4derna med samma namn och i Sevilla hittar vi Real Betis samt Sevilla FC.\u00a0<\/span><\/p>\n<p><span style=\"font-weight: 400\">Sevillalagen \u00e4r de klart starkaste bland dessa klubbar och gjorde upp om fj\u00e4rdeplatsen, som ger spel i Champions League, f\u00f6rra s\u00e4songen. I den kampen drog Sevilla FC det l\u00e4ngsta str\u00e5et och slutade en po\u00e4ng f\u00f6re Betis.\u00a0<\/span><\/p>\n<p><span style=\"font-weight: 400\">C\u00e1diz <\/span><span style=\"font-weight: 400\">k\u00e4mpade i den andra \u00e4nden av tabellen f\u00f6r att undvika nedflyttning. Det blev en h\u00e5rd kamp mot ett annat andalusiskt lag, Granada CF, som <\/span><span style=\"font-weight: 400\">C\u00e1diz <\/span><span style=\"font-weight: 400\">vann med endast en po\u00e4ngs marginal.\u00a0<\/span><\/p>\n<p><span style=\"font-weight: 400\">Almeria \u00e4r nya i h\u00f6gstadivisionen efter att ha vunnit den spanska andraligan tidigare i v\u00e5r.\u00a0<\/span><\/p>\n<p><span style=\"font-weight: 400\">La Liga har spelats sedan 1929. Real Madrid har vunnit flest g\u00e5nger med 35 titlar, de \u00e4r \u00e4ven regerande m\u00e4stare denna s\u00e4song. N\u00e4st flest segrar har FC Barcelona med sina 26 vinster f\u00f6re Atletico Madrid som har vunnit 11 g\u00e5nger. De tv\u00e5 Sevillalagen, Real Betis och Sevilla, \u00e4r de enda klubbarna fr\u00e5n s\u00f6dra Spanien som vunnit ligan. De har vunnit en g\u00e5ng var och detta skedde 1935 respektive 1946.<\/span><\/p>\n<p><span style=\"font-weight: 400\">N\u00e5gra svenska spelare har vunnit den spanska liga-titeln. P\u00e5 2000-talet har b\u00e5de Henrik Larsson och Zlatan Ibrahimovi<\/span><span style=\"font-weight: 400\">\u0107<\/span><span style=\"font-weight: 400\"> gjort det med Barcelona och l\u00e4ngre tillbaka i tiden, under det tidiga 60-talet, vann Agne Simonsson med Real Madrid.\u00a0<\/span><\/p>\n<p><span style=\"font-weight: 400\">Datum f\u00f6r matcherna och var de spelas kan ni se p\u00e5 <a href=\"https:\/\/www.laliga.com\/en-GB\">ligans hemsida<\/a>.<\/span><\/p>\n","protected":false},"excerpt":{"rendered":"<p>I helgen b\u00f6rjar den spanska ligafotbollen. La Liga, som den kallas i folkmun, \u00e4r bland de b\u00e4sta i v\u00e4rlden. H\u00e4r ber\u00e4ttar vi lite om ligans svenska spelare och om klubbarna fr\u00e5n st\u00e4derna n\u00e4ra solkusten.\u00a0 La liga \u00e4r v\u00e4rldens n\u00e4st h\u00f6gst rankade fotbollsserie och d\u00e4r spelar v\u00e4rldsstj\u00e4rnor som Karim Benzema, Luka Modri\u0107, Robert Lewandowski och m\u00e5nga [&hellip;]<\/p>\n","protected":false},"author":14,"featured_media":56462,"comment_status":"open","ping_status":"open","sticky":false,"template":"","format":"standard","meta":{"_et_pb_use_builder":"","_et_pb_old_content":"","_et_gb_content_width":"","footnotes":""},"categories":[3,352],"tags":[],"class_list":["post-56459","post","type-post","status-publish","format-standard","has-post-thumbnail","hentry","category-nyheter","category-sport"],"yoast_head":"<!-- This site is optimized with the Yoast SEO Premium plugin v26.2 (Yoast SEO v27.4) - https:\/\/yoast.com\/product\/yoast-seo-premium-wordpress\/ -->\n<title>Den spanska fotbollen drar ig\u00e5ng - Svenska Magasinet<\/title>\n<meta name=\"robots\" content=\"noindex, follow, max-snippet:-1, max-image-preview:large, max-video-preview:-1\" \/>\n<meta property=\"og:locale\" content=\"sv_SE\" \/>\n<meta property=\"og:type\" content=\"article\" \/>\n<meta property=\"og:title\" content=\"Den spanska fotbollen drar ig\u00e5ng\" \/>\n<meta property=\"og:description\" content=\"I helgen b\u00f6rjar den spanska ligafotbollen. La Liga, som den kallas i folkmun, \u00e4r bland de b\u00e4sta i v\u00e4rlden. H\u00e4r ber\u00e4ttar vi lite om ligans svenska spelare och om klubbarna fr\u00e5n st\u00e4derna n\u00e4ra solkusten.\u00a0 La liga \u00e4r v\u00e4rldens n\u00e4st h\u00f6gst rankade fotbollsserie och d\u00e4r spelar v\u00e4rldsstj\u00e4rnor som Karim Benzema, Luka Modri\u0107, Robert Lewandowski och m\u00e5nga [&hellip;]\" \/>\n<meta property=\"og:url\" content=\"https:\/\/lightweb.dev\/l\/svm-temp\/artiklar\/golf-sport\/den-spanska-fotbollen-drar-igang\/\" \/>\n<meta property=\"og:site_name\" content=\"Svenska Magasinet\" \/>\n<meta property=\"article:publisher\" content=\"https:\/\/www.facebook.com\/svenskamagasinet\" \/>\n<meta property=\"article:published_time\" content=\"2022-08-12T17:28:22+00:00\" \/>\n<meta property=\"article:modified_time\" content=\"2022-08-12T17:44:25+00:00\" \/>\n<meta property=\"og:image\" content=\"https:\/\/lightweb.dev\/l\/svm-temp\/wp-content\/uploads\/2022\/08\/1528798214_541981_1528798870_noticia_normal.jpg\" \/>\n\t<meta property=\"og:image:width\" content=\"980\" \/>\n\t<meta property=\"og:image:height\" content=\"514\" \/>\n\t<meta property=\"og:image:type\" content=\"image\/jpeg\" \/>\n<meta name=\"author\" content=\"Robbie Eriksson\" \/>\n<meta name=\"twitter:card\" content=\"summary_large_image\" \/>\n<meta name=\"twitter:creator\" content=\"@SvenskaMagasine\" \/>\n<meta name=\"twitter:site\" content=\"@SvenskaMagasine\" \/>\n<script type=\"application\/ld+json\" class=\"yoast-schema-graph\">{\"@context\":\"https:\\\/\\\/schema.org\",\"@graph\":[{\"@type\":\"Article\",\"@id\":\"https:\\\/\\\/lightweb.dev\\\/l\\\/svm-temp\\\/artiklar\\\/golf-sport\\\/den-spanska-fotbollen-drar-igang\\\/#article\",\"isPartOf\":{\"@id\":\"https:\\\/\\\/lightweb.dev\\\/l\\\/svm-temp\\\/artiklar\\\/golf-sport\\\/den-spanska-fotbollen-drar-igang\\\/\"},\"author\":{\"name\":\"Robbie Eriksson\",\"@id\":\"https:\\\/\\\/lightweb.dev\\\/l\\\/svm-temp\\\/#\\\/schema\\\/person\\\/caffe038990d25722f5a04a03c906a2b\"},\"headline\":\"Den spanska fotbollen drar ig\u00e5ng\",\"datePublished\":\"2022-08-12T17:28:22+00:00\",\"dateModified\":\"2022-08-12T17:44:25+00:00\",\"mainEntityOfPage\":{\"@id\":\"https:\\\/\\\/lightweb.dev\\\/l\\\/svm-temp\\\/artiklar\\\/golf-sport\\\/den-spanska-fotbollen-drar-igang\\\/\"},\"wordCount\":590,\"commentCount\":1,\"publisher\":{\"@id\":\"https:\\\/\\\/lightweb.dev\\\/l\\\/svm-temp\\\/#organization\"},\"image\":{\"@id\":\"https:\\\/\\\/lightweb.dev\\\/l\\\/svm-temp\\\/artiklar\\\/golf-sport\\\/den-spanska-fotbollen-drar-igang\\\/#primaryimage\"},\"thumbnailUrl\":\"https:\\\/\\\/lightweb.dev\\\/l\\\/svm-temp\\\/wp-content\\\/uploads\\\/2022\\\/08\\\/1528798214_541981_1528798870_noticia_normal.jpg\",\"articleSection\":[\"Nyheter\",\"Sport\"],\"inLanguage\":\"sv-SE\"},{\"@type\":\"WebPage\",\"@id\":\"https:\\\/\\\/lightweb.dev\\\/l\\\/svm-temp\\\/artiklar\\\/golf-sport\\\/den-spanska-fotbollen-drar-igang\\\/\",\"url\":\"https:\\\/\\\/lightweb.dev\\\/l\\\/svm-temp\\\/artiklar\\\/golf-sport\\\/den-spanska-fotbollen-drar-igang\\\/\",\"name\":\"Den spanska fotbollen drar ig\u00e5ng - Svenska Magasinet\",\"isPartOf\":{\"@id\":\"https:\\\/\\\/lightweb.dev\\\/l\\\/svm-temp\\\/#website\"},\"primaryImageOfPage\":{\"@id\":\"https:\\\/\\\/lightweb.dev\\\/l\\\/svm-temp\\\/artiklar\\\/golf-sport\\\/den-spanska-fotbollen-drar-igang\\\/#primaryimage\"},\"image\":{\"@id\":\"https:\\\/\\\/lightweb.dev\\\/l\\\/svm-temp\\\/artiklar\\\/golf-sport\\\/den-spanska-fotbollen-drar-igang\\\/#primaryimage\"},\"thumbnailUrl\":\"https:\\\/\\\/lightweb.dev\\\/l\\\/svm-temp\\\/wp-content\\\/uploads\\\/2022\\\/08\\\/1528798214_541981_1528798870_noticia_normal.jpg\",\"datePublished\":\"2022-08-12T17:28:22+00:00\",\"dateModified\":\"2022-08-12T17:44:25+00:00\",\"breadcrumb\":{\"@id\":\"https:\\\/\\\/lightweb.dev\\\/l\\\/svm-temp\\\/artiklar\\\/golf-sport\\\/den-spanska-fotbollen-drar-igang\\\/#breadcrumb\"},\"inLanguage\":\"sv-SE\",\"potentialAction\":[{\"@type\":\"ReadAction\",\"target\":[\"https:\\\/\\\/lightweb.dev\\\/l\\\/svm-temp\\\/artiklar\\\/golf-sport\\\/den-spanska-fotbollen-drar-igang\\\/\"]}]},{\"@type\":\"ImageObject\",\"inLanguage\":\"sv-SE\",\"@id\":\"https:\\\/\\\/lightweb.dev\\\/l\\\/svm-temp\\\/artiklar\\\/golf-sport\\\/den-spanska-fotbollen-drar-igang\\\/#primaryimage\",\"url\":\"https:\\\/\\\/lightweb.dev\\\/l\\\/svm-temp\\\/wp-content\\\/uploads\\\/2022\\\/08\\\/1528798214_541981_1528798870_noticia_normal.jpg\",\"contentUrl\":\"https:\\\/\\\/lightweb.dev\\\/l\\\/svm-temp\\\/wp-content\\\/uploads\\\/2022\\\/08\\\/1528798214_541981_1528798870_noticia_normal.jpg\",\"width\":980,\"height\":514},{\"@type\":\"BreadcrumbList\",\"@id\":\"https:\\\/\\\/lightweb.dev\\\/l\\\/svm-temp\\\/artiklar\\\/golf-sport\\\/den-spanska-fotbollen-drar-igang\\\/#breadcrumb\",\"itemListElement\":[{\"@type\":\"ListItem\",\"position\":1,\"name\":\"Hem\",\"item\":\"https:\\\/\\\/lightweb.dev\\\/l\\\/svm-temp\\\/\"},{\"@type\":\"ListItem\",\"position\":2,\"name\":\"Den spanska fotbollen drar ig\u00e5ng\"}]},{\"@type\":\"WebSite\",\"@id\":\"https:\\\/\\\/lightweb.dev\\\/l\\\/svm-temp\\\/#website\",\"url\":\"https:\\\/\\\/lightweb.dev\\\/l\\\/svm-temp\\\/\",\"name\":\"Svenska Magasinet\",\"description\":\"Dina Spanska nyheter p&aring; Svenska\",\"publisher\":{\"@id\":\"https:\\\/\\\/lightweb.dev\\\/l\\\/svm-temp\\\/#organization\"},\"potentialAction\":[{\"@type\":\"SearchAction\",\"target\":{\"@type\":\"EntryPoint\",\"urlTemplate\":\"https:\\\/\\\/lightweb.dev\\\/l\\\/svm-temp\\\/?s={search_term_string}\"},\"query-input\":{\"@type\":\"PropertyValueSpecification\",\"valueRequired\":true,\"valueName\":\"search_term_string\"}}],\"inLanguage\":\"sv-SE\"},{\"@type\":\"Organization\",\"@id\":\"https:\\\/\\\/lightweb.dev\\\/l\\\/svm-temp\\\/#organization\",\"name\":\"Melkerson y Nott SL\",\"alternateName\":\"Svenska Magasinet\",\"url\":\"https:\\\/\\\/lightweb.dev\\\/l\\\/svm-temp\\\/\",\"logo\":{\"@type\":\"ImageObject\",\"inLanguage\":\"sv-SE\",\"@id\":\"https:\\\/\\\/lightweb.dev\\\/l\\\/svm-temp\\\/#\\\/schema\\\/logo\\\/image\\\/\",\"url\":\"https:\\\/\\\/lightweb.dev\\\/l\\\/svm-temp\\\/wp-content\\\/uploads\\\/2025\\\/02\\\/SvM-logo-Xtra-Centrerad-SVART.png\",\"contentUrl\":\"https:\\\/\\\/lightweb.dev\\\/l\\\/svm-temp\\\/wp-content\\\/uploads\\\/2025\\\/02\\\/SvM-logo-Xtra-Centrerad-SVART.png\",\"width\":300,\"height\":99,\"caption\":\"Melkerson y Nott SL\"},\"image\":{\"@id\":\"https:\\\/\\\/lightweb.dev\\\/l\\\/svm-temp\\\/#\\\/schema\\\/logo\\\/image\\\/\"},\"sameAs\":[\"https:\\\/\\\/www.facebook.com\\\/svenskamagasinet\",\"https:\\\/\\\/x.com\\\/SvenskaMagasine\"]},{\"@type\":\"Person\",\"@id\":\"https:\\\/\\\/lightweb.dev\\\/l\\\/svm-temp\\\/#\\\/schema\\\/person\\\/caffe038990d25722f5a04a03c906a2b\",\"name\":\"Robbie Eriksson\",\"sameAs\":[\"https:\\\/\\\/lightweb.dev\\\/l\\\/svm-temp\"],\"url\":\"https:\\\/\\\/lightweb.dev\\\/l\\\/svm-temp\\\/reporter\\\/robbie-eriksson\\\/\"}]}<\/script>\n<!-- \/ Yoast SEO Premium plugin. -->","yoast_head_json":{"title":"Den spanska fotbollen drar ig\u00e5ng - Svenska Magasinet","robots":{"index":"noindex","follow":"follow","max-snippet":"max-snippet:-1","max-image-preview":"max-image-preview:large","max-video-preview":"max-video-preview:-1"},"og_locale":"sv_SE","og_type":"article","og_title":"Den spanska fotbollen drar ig\u00e5ng","og_description":"I helgen b\u00f6rjar den spanska ligafotbollen. La Liga, som den kallas i folkmun, \u00e4r bland de b\u00e4sta i v\u00e4rlden. H\u00e4r ber\u00e4ttar vi lite om ligans svenska spelare och om klubbarna fr\u00e5n st\u00e4derna n\u00e4ra solkusten.\u00a0 La liga \u00e4r v\u00e4rldens n\u00e4st h\u00f6gst rankade fotbollsserie och d\u00e4r spelar v\u00e4rldsstj\u00e4rnor som Karim Benzema, Luka Modri\u0107, Robert Lewandowski och m\u00e5nga [&hellip;]","og_url":"https:\/\/lightweb.dev\/l\/svm-temp\/artiklar\/golf-sport\/den-spanska-fotbollen-drar-igang\/","og_site_name":"Svenska Magasinet","article_publisher":"https:\/\/www.facebook.com\/svenskamagasinet","article_published_time":"2022-08-12T17:28:22+00:00","article_modified_time":"2022-08-12T17:44:25+00:00","og_image":[{"width":980,"height":514,"url":"https:\/\/lightweb.dev\/l\/svm-temp\/wp-content\/uploads\/2022\/08\/1528798214_541981_1528798870_noticia_normal.jpg","type":"image\/jpeg"}],"author":"Robbie Eriksson","twitter_card":"summary_large_image","twitter_creator":"@SvenskaMagasine","twitter_site":"@SvenskaMagasine","schema":{"@context":"https:\/\/schema.org","@graph":[{"@type":"Article","@id":"https:\/\/lightweb.dev\/l\/svm-temp\/artiklar\/golf-sport\/den-spanska-fotbollen-drar-igang\/#article","isPartOf":{"@id":"https:\/\/lightweb.dev\/l\/svm-temp\/artiklar\/golf-sport\/den-spanska-fotbollen-drar-igang\/"},"author":{"name":"Robbie Eriksson","@id":"https:\/\/lightweb.dev\/l\/svm-temp\/#\/schema\/person\/caffe038990d25722f5a04a03c906a2b"},"headline":"Den spanska fotbollen drar ig\u00e5ng","datePublished":"2022-08-12T17:28:22+00:00","dateModified":"2022-08-12T17:44:25+00:00","mainEntityOfPage":{"@id":"https:\/\/lightweb.dev\/l\/svm-temp\/artiklar\/golf-sport\/den-spanska-fotbollen-drar-igang\/"},"wordCount":590,"commentCount":1,"publisher":{"@id":"https:\/\/lightweb.dev\/l\/svm-temp\/#organization"},"image":{"@id":"https:\/\/lightweb.dev\/l\/svm-temp\/artiklar\/golf-sport\/den-spanska-fotbollen-drar-igang\/#primaryimage"},"thumbnailUrl":"https:\/\/lightweb.dev\/l\/svm-temp\/wp-content\/uploads\/2022\/08\/1528798214_541981_1528798870_noticia_normal.jpg","articleSection":["Nyheter","Sport"],"inLanguage":"sv-SE"},{"@type":"WebPage","@id":"https:\/\/lightweb.dev\/l\/svm-temp\/artiklar\/golf-sport\/den-spanska-fotbollen-drar-igang\/","url":"https:\/\/lightweb.dev\/l\/svm-temp\/artiklar\/golf-sport\/den-spanska-fotbollen-drar-igang\/","name":"Den spanska fotbollen drar ig\u00e5ng - Svenska Magasinet","isPartOf":{"@id":"https:\/\/lightweb.dev\/l\/svm-temp\/#website"},"primaryImageOfPage":{"@id":"https:\/\/lightweb.dev\/l\/svm-temp\/artiklar\/golf-sport\/den-spanska-fotbollen-drar-igang\/#primaryimage"},"image":{"@id":"https:\/\/lightweb.dev\/l\/svm-temp\/artiklar\/golf-sport\/den-spanska-fotbollen-drar-igang\/#primaryimage"},"thumbnailUrl":"https:\/\/lightweb.dev\/l\/svm-temp\/wp-content\/uploads\/2022\/08\/1528798214_541981_1528798870_noticia_normal.jpg","datePublished":"2022-08-12T17:28:22+00:00","dateModified":"2022-08-12T17:44:25+00:00","breadcrumb":{"@id":"https:\/\/lightweb.dev\/l\/svm-temp\/artiklar\/golf-sport\/den-spanska-fotbollen-drar-igang\/#breadcrumb"},"inLanguage":"sv-SE","potentialAction":[{"@type":"ReadAction","target":["https:\/\/lightweb.dev\/l\/svm-temp\/artiklar\/golf-sport\/den-spanska-fotbollen-drar-igang\/"]}]},{"@type":"ImageObject","inLanguage":"sv-SE","@id":"https:\/\/lightweb.dev\/l\/svm-temp\/artiklar\/golf-sport\/den-spanska-fotbollen-drar-igang\/#primaryimage","url":"https:\/\/lightweb.dev\/l\/svm-temp\/wp-content\/uploads\/2022\/08\/1528798214_541981_1528798870_noticia_normal.jpg","contentUrl":"https:\/\/lightweb.dev\/l\/svm-temp\/wp-content\/uploads\/2022\/08\/1528798214_541981_1528798870_noticia_normal.jpg","width":980,"height":514},{"@type":"BreadcrumbList","@id":"https:\/\/lightweb.dev\/l\/svm-temp\/artiklar\/golf-sport\/den-spanska-fotbollen-drar-igang\/#breadcrumb","itemListElement":[{"@type":"ListItem","position":1,"name":"Hem","item":"https:\/\/lightweb.dev\/l\/svm-temp\/"},{"@type":"ListItem","position":2,"name":"Den spanska fotbollen drar ig\u00e5ng"}]},{"@type":"WebSite","@id":"https:\/\/lightweb.dev\/l\/svm-temp\/#website","url":"https:\/\/lightweb.dev\/l\/svm-temp\/","name":"Svenska Magasinet","description":"Dina Spanska nyheter p&aring; Svenska","publisher":{"@id":"https:\/\/lightweb.dev\/l\/svm-temp\/#organization"},"potentialAction":[{"@type":"SearchAction","target":{"@type":"EntryPoint","urlTemplate":"https:\/\/lightweb.dev\/l\/svm-temp\/?s={search_term_string}"},"query-input":{"@type":"PropertyValueSpecification","valueRequired":true,"valueName":"search_term_string"}}],"inLanguage":"sv-SE"},{"@type":"Organization","@id":"https:\/\/lightweb.dev\/l\/svm-temp\/#organization","name":"Melkerson y Nott SL","alternateName":"Svenska Magasinet","url":"https:\/\/lightweb.dev\/l\/svm-temp\/","logo":{"@type":"ImageObject","inLanguage":"sv-SE","@id":"https:\/\/lightweb.dev\/l\/svm-temp\/#\/schema\/logo\/image\/","url":"https:\/\/lightweb.dev\/l\/svm-temp\/wp-content\/uploads\/2025\/02\/SvM-logo-Xtra-Centrerad-SVART.png","contentUrl":"https:\/\/lightweb.dev\/l\/svm-temp\/wp-content\/uploads\/2025\/02\/SvM-logo-Xtra-Centrerad-SVART.png","width":300,"height":99,"caption":"Melkerson y Nott SL"},"image":{"@id":"https:\/\/lightweb.dev\/l\/svm-temp\/#\/schema\/logo\/image\/"},"sameAs":["https:\/\/www.facebook.com\/svenskamagasinet","https:\/\/x.com\/SvenskaMagasine"]},{"@type":"Person","@id":"https:\/\/lightweb.dev\/l\/svm-temp\/#\/schema\/person\/caffe038990d25722f5a04a03c906a2b","name":"Robbie Eriksson","sameAs":["https:\/\/lightweb.dev\/l\/svm-temp"],"url":"https:\/\/lightweb.dev\/l\/svm-temp\/reporter\/robbie-eriksson\/"}]}},"_links":{"self":[{"href":"https:\/\/lightweb.dev\/l\/svm-temp\/wp-json\/wp\/v2\/posts\/56459","targetHints":{"allow":["GET"]}}],"collection":[{"href":"https:\/\/lightweb.dev\/l\/svm-temp\/wp-json\/wp\/v2\/posts"}],"about":[{"href":"https:\/\/lightweb.dev\/l\/svm-temp\/wp-json\/wp\/v2\/types\/post"}],"author":[{"embeddable":true,"href":"https:\/\/lightweb.dev\/l\/svm-temp\/wp-json\/wp\/v2\/users\/14"}],"replies":[{"embeddable":true,"href":"https:\/\/lightweb.dev\/l\/svm-temp\/wp-json\/wp\/v2\/comments?post=56459"}],"version-history":[{"count":0,"href":"https:\/\/lightweb.dev\/l\/svm-temp\/wp-json\/wp\/v2\/posts\/56459\/revisions"}],"wp:featuredmedia":[{"embeddable":true,"href":"https:\/\/lightweb.dev\/l\/svm-temp\/wp-json\/wp\/v2\/media\/56462"}],"wp:attachment":[{"href":"https:\/\/lightweb.dev\/l\/svm-temp\/wp-json\/wp\/v2\/media?parent=56459"}],"wp:term":[{"taxonomy":"category","embeddable":true,"href":"https:\/\/lightweb.dev\/l\/svm-temp\/wp-json\/wp\/v2\/categories?post=56459"},{"taxonomy":"post_tag","embeddable":true,"href":"https:\/\/lightweb.dev\/l\/svm-temp\/wp-json\/wp\/v2\/tags?post=56459"}],"curies":[{"name":"wp","href":"https:\/\/api.w.org\/{rel}","templated":true}]}}