{"id":56465,"date":"2022-08-15T09:59:55","date_gmt":"2022-08-15T07:59:55","guid":{"rendered":"https:\/\/lightweb.dev\/l\/svm-temp\/?p=56465"},"modified":"2022-08-15T15:12:02","modified_gmt":"2022-08-15T13:12:02","slug":"blixtnedslag-orsakade-storbrand-pa-costa-blanca","status":"publish","type":"post","link":"https:\/\/lightweb.dev\/l\/svm-temp\/nyheter\/blixtnedslag-orsakade-storbrand-pa-costa-blanca\/","title":{"rendered":"Blixtnedslag orsakade storbrand p\u00e5 Costa Blanca"},"content":{"rendered":"<p><strong>Fram till nu har 6.500 hektar mark brandh\u00e4rjats i huvudsak tallskog efter ett blixtnedslag i l\u00f6rdags i Vall d&#8217;Ebo i Alicanteprovinsen p\u00e5 Costa Blanca. Omkring 1.500 inv\u00e5nare har evakuerats hittills och fler evakueras medan elden sprider sig.<\/strong><\/p>\n<p>Sl\u00e4ckningsarbetet beskrivs som komplicerat d\u00e5 vinden \u00e4r nyckfull och \u00e4ndrar riktning.<\/p>\n<p>Boende i samh\u00e4llena Benirrama och Benial\u00ed i La Vall de Gallinera har evakuerats. \u00c4ven boende i Alcal\u00e1 de la Jovada uppmanas att l\u00e4mna sina hem som en s\u00e4kerhets\u00e5tg\u00e4rd p\u00e5 grund av vindf\u00f6rh\u00e5llandena som hela tiden \u00e4ndras. Evakueringar har gjorts i sex kommuner.<\/p>\n<p><img loading=\"lazy\" decoding=\"async\" class=\"size-medium wp-image-56469 alignleft\" src=\"https:\/\/lightweb.dev\/l\/svm-temp\/wp-content\/uploads\/2022\/08\/FaHplJpXkAAc2_A-Stor-300x176.jpeg\" alt=\"\" width=\"300\" height=\"176\" srcset=\"https:\/\/lightweb.dev\/l\/svm-temp\/wp-content\/uploads\/2022\/08\/FaHplJpXkAAc2_A-Stor-300x176.jpeg 300w, https:\/\/lightweb.dev\/l\/svm-temp\/wp-content\/uploads\/2022\/08\/FaHplJpXkAAc2_A-Stor-600x353.jpeg 600w, https:\/\/lightweb.dev\/l\/svm-temp\/wp-content\/uploads\/2022\/08\/FaHplJpXkAAc2_A-Stor-900x529.jpeg 900w, https:\/\/lightweb.dev\/l\/svm-temp\/wp-content\/uploads\/2022\/08\/FaHplJpXkAAc2_A-Stor-768x451.jpeg 768w, https:\/\/lightweb.dev\/l\/svm-temp\/wp-content\/uploads\/2022\/08\/FaHplJpXkAAc2_A-Stor-610x358.jpeg 610w, https:\/\/lightweb.dev\/l\/svm-temp\/wp-content\/uploads\/2022\/08\/FaHplJpXkAAc2_A-Stor-1080x635.jpeg 1080w, https:\/\/lightweb.dev\/l\/svm-temp\/wp-content\/uploads\/2022\/08\/FaHplJpXkAAc2_A-Stor.jpeg 1280w\" sizes=\"(max-width: 300px) 100vw, 300px\" \/><\/p>\n<p>Den regionansvarige f\u00f6r s\u00e4kerhet och n\u00f6dsituationer, Jos\u00e9 Mar\u00eda \u00c1ngel, s\u00e4ger enligt dagstidningen <a href=\"https:\/\/www.abc.es\/espana\/comunidad-valenciana\/incendio-amenaza-parque-natural-castellon-arrasa-3500-20220815115257-nt.html\"><strong>ABC<\/strong><\/a> att besked har g\u00e5tt ut till kommunernas borgm\u00e4stare. De uppmanas att samarbeta med s\u00e4kerhetsstyrkor som \u00e4r p\u00e5 plats f\u00f6r att samordna insatsen.<\/p>\n<p>\u00c4ven R\u00f6da Korset \u00e4r p\u00e5 plats f\u00f6r att hj\u00e4lpa till med att evakuera boende till lokaler i Espacio Vecinal de Pego.<\/p>\n<p>Branden startade i l\u00f6rdags kv\u00e4ll klockan 21.40 efter ett blixtnedslag i Vall d&#8217;Ebo. I omr\u00e5det finns mycket tallskog och vegetation, skriver provinsens brandf\u00f6rsvar Consorcio Provincial de Bomberos p\u00e5 Twitter.<\/p>\n<p class=\"entry-title\">L\u00e4s mer: <a href=\"https:\/\/lightweb.dev\/l\/svm-temp\/nyheter\/varsta-sommaren-pa-decennier-mer-an-237-000-hektar-har-brandharjats\/\"><strong>V\u00e4rsta sommaren p\u00e5 decennier \u2013 mer \u00e4n 237.000 hektar har brandh\u00e4rjats<\/strong><\/a><\/p>\n<p>F\u00f6rutom markpersonal bek\u00e4mpas branden fr\u00e5n luften av tretton helikoptrar och brandflyg.<\/p>\n<p>R\u00f6k fr\u00e5n branden kan ses fr\u00e5n l\u00e5ngt h\u00e5ll, \u00e4ven fr\u00e5n Calpe p\u00e5 norra delen av Costa Blanca.<\/p>\n<p>Totalt sex kommuner \u00e4r p\u00e5verkade av branden runt Marina Alta. Det beskrivs som den mest omfattande branden sedan 2012 d\u00e5 Cortes de Pall\u00e0s drabbades av en liknande brand.<\/p>\n<p><span class=\"Cu5Im6j2zUfPl9bRr3Vi9WdnIHxAyqsd0ZhrAJcGH63kulGWtpPMyLDbYF0ekUQ5E7Vw4L\"><\/p>\n<blockquote class=\"twitter-tweet\" data-width=\"550\" data-dnt=\"true\">\n<p lang=\"es\" dir=\"ltr\">Queremos compartir im\u00e1genes que hablan bien a las claras de la dureza del incendio de Vall D&#39; Ebo y de la labor de los todos los bomberos que trabajan en labores de extinci\u00f3n. Desalojamos por precauci\u00f3n una urbanizaci\u00f3n de Pego y de Benirrama, Benial\u00ed y Alcal\u00e1 de la Jovada \ud83d\udc68\u200d\ud83d\ude92\u2764\ufe0f <a href=\"https:\/\/t.co\/YixSNzAJtd\">pic.twitter.com\/YixSNzAJtd<\/a><\/p>\n<p>&mdash; Consorcio Bomberos Alicante (@BomberosDipuALC) <a href=\"https:\/\/twitter.com\/BomberosDipuALC\/status\/1558858918717259776?ref_src=twsrc%5Etfw\">August 14, 2022<\/a><\/p><\/blockquote>\n<p><script async src=\"https:\/\/platform.twitter.com\/widgets.js\" charset=\"utf-8\"><\/script><\/span><\/p>\n","protected":false},"excerpt":{"rendered":"<p>Fram till nu har 6.500 hektar mark brandh\u00e4rjats i huvudsak tallskog efter ett blixtnedslag i l\u00f6rdags i Vall d&#8217;Ebo i Alicanteprovinsen p\u00e5 Costa Blanca. Omkring 1.500 inv\u00e5nare har evakuerats hittills och fler evakueras medan elden sprider sig. Sl\u00e4ckningsarbetet beskrivs som komplicerat d\u00e5 vinden \u00e4r nyckfull och \u00e4ndrar riktning. Boende i samh\u00e4llena Benirrama och Benial\u00ed i [&hellip;]<\/p>\n","protected":false},"author":7,"featured_media":56476,"comment_status":"open","ping_status":"open","sticky":false,"template":"","format":"standard","meta":{"_et_pb_use_builder":"","_et_pb_old_content":"","_et_gb_content_width":"","footnotes":""},"categories":[395,3],"tags":[],"class_list":["post-56465","post","type-post","status-publish","format-standard","has-post-thumbnail","hentry","category-arkiv-nyheter","category-nyheter"],"yoast_head":"<!-- This site is optimized with the Yoast SEO Premium plugin v26.2 (Yoast SEO v27.4) - https:\/\/yoast.com\/product\/yoast-seo-premium-wordpress\/ -->\n<title>Blixtnedslag orsakade storbrand p\u00e5 Costa Blanca - Svenska Magasinet<\/title>\n<meta name=\"robots\" content=\"noindex, follow, max-snippet:-1, max-image-preview:large, max-video-preview:-1\" \/>\n<meta property=\"og:locale\" content=\"sv_SE\" \/>\n<meta property=\"og:type\" content=\"article\" \/>\n<meta property=\"og:title\" content=\"Blixtnedslag orsakade storbrand p\u00e5 Costa Blanca\" \/>\n<meta property=\"og:description\" content=\"Fram till nu har 6.500 hektar mark brandh\u00e4rjats i huvudsak tallskog efter ett blixtnedslag i l\u00f6rdags i Vall d&#8217;Ebo i Alicanteprovinsen p\u00e5 Costa Blanca. Omkring 1.500 inv\u00e5nare har evakuerats hittills och fler evakueras medan elden sprider sig. Sl\u00e4ckningsarbetet beskrivs som komplicerat d\u00e5 vinden \u00e4r nyckfull och \u00e4ndrar riktning. Boende i samh\u00e4llena Benirrama och Benial\u00ed i [&hellip;]\" \/>\n<meta property=\"og:url\" content=\"https:\/\/lightweb.dev\/l\/svm-temp\/nyheter\/blixtnedslag-orsakade-storbrand-pa-costa-blanca\/\" \/>\n<meta property=\"og:site_name\" content=\"Svenska Magasinet\" \/>\n<meta property=\"article:publisher\" content=\"https:\/\/www.facebook.com\/svenskamagasinet\" \/>\n<meta property=\"article:published_time\" content=\"2022-08-15T07:59:55+00:00\" \/>\n<meta property=\"article:modified_time\" content=\"2022-08-15T13:12:02+00:00\" \/>\n<meta property=\"og:image\" content=\"https:\/\/lightweb.dev\/l\/svm-temp\/wp-content\/uploads\/2022\/08\/FaMA4vJXEAAzE-V-Stor.jpeg\" \/>\n\t<meta property=\"og:image:width\" content=\"1280\" \/>\n\t<meta property=\"og:image:height\" content=\"853\" \/>\n\t<meta property=\"og:image:type\" content=\"image\/jpeg\" \/>\n<meta name=\"author\" content=\"Ola Josefsson\" \/>\n<meta name=\"twitter:card\" content=\"summary_large_image\" \/>\n<meta name=\"twitter:creator\" content=\"@SvenskaMagasine\" \/>\n<meta name=\"twitter:site\" content=\"@SvenskaMagasine\" \/>\n<script type=\"application\/ld+json\" class=\"yoast-schema-graph\">{\"@context\":\"https:\\\/\\\/schema.org\",\"@graph\":[{\"@type\":\"Article\",\"@id\":\"https:\\\/\\\/lightweb.dev\\\/l\\\/svm-temp\\\/nyheter\\\/blixtnedslag-orsakade-storbrand-pa-costa-blanca\\\/#article\",\"isPartOf\":{\"@id\":\"https:\\\/\\\/lightweb.dev\\\/l\\\/svm-temp\\\/nyheter\\\/blixtnedslag-orsakade-storbrand-pa-costa-blanca\\\/\"},\"author\":{\"name\":\"Ola Josefsson\",\"@id\":\"https:\\\/\\\/lightweb.dev\\\/l\\\/svm-temp\\\/#\\\/schema\\\/person\\\/7a82b8a73d171d32360a564b6d03508e\"},\"headline\":\"Blixtnedslag orsakade storbrand p\u00e5 Costa Blanca\",\"datePublished\":\"2022-08-15T07:59:55+00:00\",\"dateModified\":\"2022-08-15T13:12:02+00:00\",\"mainEntityOfPage\":{\"@id\":\"https:\\\/\\\/lightweb.dev\\\/l\\\/svm-temp\\\/nyheter\\\/blixtnedslag-orsakade-storbrand-pa-costa-blanca\\\/\"},\"wordCount\":301,\"commentCount\":1,\"publisher\":{\"@id\":\"https:\\\/\\\/lightweb.dev\\\/l\\\/svm-temp\\\/#organization\"},\"image\":{\"@id\":\"https:\\\/\\\/lightweb.dev\\\/l\\\/svm-temp\\\/nyheter\\\/blixtnedslag-orsakade-storbrand-pa-costa-blanca\\\/#primaryimage\"},\"thumbnailUrl\":\"https:\\\/\\\/lightweb.dev\\\/l\\\/svm-temp\\\/wp-content\\\/uploads\\\/2022\\\/08\\\/FaMA4vJXEAAzE-V-Stor.jpeg\",\"articleSection\":[\"Arkiv\",\"Nyheter\"],\"inLanguage\":\"sv-SE\"},{\"@type\":\"WebPage\",\"@id\":\"https:\\\/\\\/lightweb.dev\\\/l\\\/svm-temp\\\/nyheter\\\/blixtnedslag-orsakade-storbrand-pa-costa-blanca\\\/\",\"url\":\"https:\\\/\\\/lightweb.dev\\\/l\\\/svm-temp\\\/nyheter\\\/blixtnedslag-orsakade-storbrand-pa-costa-blanca\\\/\",\"name\":\"Blixtnedslag orsakade storbrand p\u00e5 Costa Blanca - Svenska Magasinet\",\"isPartOf\":{\"@id\":\"https:\\\/\\\/lightweb.dev\\\/l\\\/svm-temp\\\/#website\"},\"primaryImageOfPage\":{\"@id\":\"https:\\\/\\\/lightweb.dev\\\/l\\\/svm-temp\\\/nyheter\\\/blixtnedslag-orsakade-storbrand-pa-costa-blanca\\\/#primaryimage\"},\"image\":{\"@id\":\"https:\\\/\\\/lightweb.dev\\\/l\\\/svm-temp\\\/nyheter\\\/blixtnedslag-orsakade-storbrand-pa-costa-blanca\\\/#primaryimage\"},\"thumbnailUrl\":\"https:\\\/\\\/lightweb.dev\\\/l\\\/svm-temp\\\/wp-content\\\/uploads\\\/2022\\\/08\\\/FaMA4vJXEAAzE-V-Stor.jpeg\",\"datePublished\":\"2022-08-15T07:59:55+00:00\",\"dateModified\":\"2022-08-15T13:12:02+00:00\",\"breadcrumb\":{\"@id\":\"https:\\\/\\\/lightweb.dev\\\/l\\\/svm-temp\\\/nyheter\\\/blixtnedslag-orsakade-storbrand-pa-costa-blanca\\\/#breadcrumb\"},\"inLanguage\":\"sv-SE\",\"potentialAction\":[{\"@type\":\"ReadAction\",\"target\":[\"https:\\\/\\\/lightweb.dev\\\/l\\\/svm-temp\\\/nyheter\\\/blixtnedslag-orsakade-storbrand-pa-costa-blanca\\\/\"]}]},{\"@type\":\"ImageObject\",\"inLanguage\":\"sv-SE\",\"@id\":\"https:\\\/\\\/lightweb.dev\\\/l\\\/svm-temp\\\/nyheter\\\/blixtnedslag-orsakade-storbrand-pa-costa-blanca\\\/#primaryimage\",\"url\":\"https:\\\/\\\/lightweb.dev\\\/l\\\/svm-temp\\\/wp-content\\\/uploads\\\/2022\\\/08\\\/FaMA4vJXEAAzE-V-Stor.jpeg\",\"contentUrl\":\"https:\\\/\\\/lightweb.dev\\\/l\\\/svm-temp\\\/wp-content\\\/uploads\\\/2022\\\/08\\\/FaMA4vJXEAAzE-V-Stor.jpeg\",\"width\":1280,\"height\":853,\"caption\":\"Totalt 3.500 hektar har brunnit efter blixtnedslaget i l\u00f6rdags kv\u00e4ll (Foto: Twitter @BomberosDipuALC)\"},{\"@type\":\"BreadcrumbList\",\"@id\":\"https:\\\/\\\/lightweb.dev\\\/l\\\/svm-temp\\\/nyheter\\\/blixtnedslag-orsakade-storbrand-pa-costa-blanca\\\/#breadcrumb\",\"itemListElement\":[{\"@type\":\"ListItem\",\"position\":1,\"name\":\"Hem\",\"item\":\"https:\\\/\\\/lightweb.dev\\\/l\\\/svm-temp\\\/\"},{\"@type\":\"ListItem\",\"position\":2,\"name\":\"Blixtnedslag orsakade storbrand p\u00e5 Costa Blanca\"}]},{\"@type\":\"WebSite\",\"@id\":\"https:\\\/\\\/lightweb.dev\\\/l\\\/svm-temp\\\/#website\",\"url\":\"https:\\\/\\\/lightweb.dev\\\/l\\\/svm-temp\\\/\",\"name\":\"Svenska Magasinet\",\"description\":\"Dina Spanska nyheter p&aring; Svenska\",\"publisher\":{\"@id\":\"https:\\\/\\\/lightweb.dev\\\/l\\\/svm-temp\\\/#organization\"},\"potentialAction\":[{\"@type\":\"SearchAction\",\"target\":{\"@type\":\"EntryPoint\",\"urlTemplate\":\"https:\\\/\\\/lightweb.dev\\\/l\\\/svm-temp\\\/?s={search_term_string}\"},\"query-input\":{\"@type\":\"PropertyValueSpecification\",\"valueRequired\":true,\"valueName\":\"search_term_string\"}}],\"inLanguage\":\"sv-SE\"},{\"@type\":\"Organization\",\"@id\":\"https:\\\/\\\/lightweb.dev\\\/l\\\/svm-temp\\\/#organization\",\"name\":\"Melkerson y Nott SL\",\"alternateName\":\"Svenska Magasinet\",\"url\":\"https:\\\/\\\/lightweb.dev\\\/l\\\/svm-temp\\\/\",\"logo\":{\"@type\":\"ImageObject\",\"inLanguage\":\"sv-SE\",\"@id\":\"https:\\\/\\\/lightweb.dev\\\/l\\\/svm-temp\\\/#\\\/schema\\\/logo\\\/image\\\/\",\"url\":\"https:\\\/\\\/lightweb.dev\\\/l\\\/svm-temp\\\/wp-content\\\/uploads\\\/2025\\\/02\\\/SvM-logo-Xtra-Centrerad-SVART.png\",\"contentUrl\":\"https:\\\/\\\/lightweb.dev\\\/l\\\/svm-temp\\\/wp-content\\\/uploads\\\/2025\\\/02\\\/SvM-logo-Xtra-Centrerad-SVART.png\",\"width\":300,\"height\":99,\"caption\":\"Melkerson y Nott SL\"},\"image\":{\"@id\":\"https:\\\/\\\/lightweb.dev\\\/l\\\/svm-temp\\\/#\\\/schema\\\/logo\\\/image\\\/\"},\"sameAs\":[\"https:\\\/\\\/www.facebook.com\\\/svenskamagasinet\",\"https:\\\/\\\/x.com\\\/SvenskaMagasine\"]},{\"@type\":\"Person\",\"@id\":\"https:\\\/\\\/lightweb.dev\\\/l\\\/svm-temp\\\/#\\\/schema\\\/person\\\/7a82b8a73d171d32360a564b6d03508e\",\"name\":\"Ola Josefsson\",\"description\":\"Bevakar Solkusten och Spanien sedan 1994.\",\"sameAs\":[\"https:\\\/\\\/lightweb.dev\\\/l\\\/svm-temp\"],\"url\":\"https:\\\/\\\/lightweb.dev\\\/l\\\/svm-temp\\\/reporter\\\/ola-josefsson\\\/\"}]}<\/script>\n<!-- \/ Yoast SEO Premium plugin. -->","yoast_head_json":{"title":"Blixtnedslag orsakade storbrand p\u00e5 Costa Blanca - Svenska Magasinet","robots":{"index":"noindex","follow":"follow","max-snippet":"max-snippet:-1","max-image-preview":"max-image-preview:large","max-video-preview":"max-video-preview:-1"},"og_locale":"sv_SE","og_type":"article","og_title":"Blixtnedslag orsakade storbrand p\u00e5 Costa Blanca","og_description":"Fram till nu har 6.500 hektar mark brandh\u00e4rjats i huvudsak tallskog efter ett blixtnedslag i l\u00f6rdags i Vall d&#8217;Ebo i Alicanteprovinsen p\u00e5 Costa Blanca. Omkring 1.500 inv\u00e5nare har evakuerats hittills och fler evakueras medan elden sprider sig. Sl\u00e4ckningsarbetet beskrivs som komplicerat d\u00e5 vinden \u00e4r nyckfull och \u00e4ndrar riktning. Boende i samh\u00e4llena Benirrama och Benial\u00ed i [&hellip;]","og_url":"https:\/\/lightweb.dev\/l\/svm-temp\/nyheter\/blixtnedslag-orsakade-storbrand-pa-costa-blanca\/","og_site_name":"Svenska Magasinet","article_publisher":"https:\/\/www.facebook.com\/svenskamagasinet","article_published_time":"2022-08-15T07:59:55+00:00","article_modified_time":"2022-08-15T13:12:02+00:00","og_image":[{"width":1280,"height":853,"url":"https:\/\/lightweb.dev\/l\/svm-temp\/wp-content\/uploads\/2022\/08\/FaMA4vJXEAAzE-V-Stor.jpeg","type":"image\/jpeg"}],"author":"Ola Josefsson","twitter_card":"summary_large_image","twitter_creator":"@SvenskaMagasine","twitter_site":"@SvenskaMagasine","schema":{"@context":"https:\/\/schema.org","@graph":[{"@type":"Article","@id":"https:\/\/lightweb.dev\/l\/svm-temp\/nyheter\/blixtnedslag-orsakade-storbrand-pa-costa-blanca\/#article","isPartOf":{"@id":"https:\/\/lightweb.dev\/l\/svm-temp\/nyheter\/blixtnedslag-orsakade-storbrand-pa-costa-blanca\/"},"author":{"name":"Ola Josefsson","@id":"https:\/\/lightweb.dev\/l\/svm-temp\/#\/schema\/person\/7a82b8a73d171d32360a564b6d03508e"},"headline":"Blixtnedslag orsakade storbrand p\u00e5 Costa Blanca","datePublished":"2022-08-15T07:59:55+00:00","dateModified":"2022-08-15T13:12:02+00:00","mainEntityOfPage":{"@id":"https:\/\/lightweb.dev\/l\/svm-temp\/nyheter\/blixtnedslag-orsakade-storbrand-pa-costa-blanca\/"},"wordCount":301,"commentCount":1,"publisher":{"@id":"https:\/\/lightweb.dev\/l\/svm-temp\/#organization"},"image":{"@id":"https:\/\/lightweb.dev\/l\/svm-temp\/nyheter\/blixtnedslag-orsakade-storbrand-pa-costa-blanca\/#primaryimage"},"thumbnailUrl":"https:\/\/lightweb.dev\/l\/svm-temp\/wp-content\/uploads\/2022\/08\/FaMA4vJXEAAzE-V-Stor.jpeg","articleSection":["Arkiv","Nyheter"],"inLanguage":"sv-SE"},{"@type":"WebPage","@id":"https:\/\/lightweb.dev\/l\/svm-temp\/nyheter\/blixtnedslag-orsakade-storbrand-pa-costa-blanca\/","url":"https:\/\/lightweb.dev\/l\/svm-temp\/nyheter\/blixtnedslag-orsakade-storbrand-pa-costa-blanca\/","name":"Blixtnedslag orsakade storbrand p\u00e5 Costa Blanca - Svenska Magasinet","isPartOf":{"@id":"https:\/\/lightweb.dev\/l\/svm-temp\/#website"},"primaryImageOfPage":{"@id":"https:\/\/lightweb.dev\/l\/svm-temp\/nyheter\/blixtnedslag-orsakade-storbrand-pa-costa-blanca\/#primaryimage"},"image":{"@id":"https:\/\/lightweb.dev\/l\/svm-temp\/nyheter\/blixtnedslag-orsakade-storbrand-pa-costa-blanca\/#primaryimage"},"thumbnailUrl":"https:\/\/lightweb.dev\/l\/svm-temp\/wp-content\/uploads\/2022\/08\/FaMA4vJXEAAzE-V-Stor.jpeg","datePublished":"2022-08-15T07:59:55+00:00","dateModified":"2022-08-15T13:12:02+00:00","breadcrumb":{"@id":"https:\/\/lightweb.dev\/l\/svm-temp\/nyheter\/blixtnedslag-orsakade-storbrand-pa-costa-blanca\/#breadcrumb"},"inLanguage":"sv-SE","potentialAction":[{"@type":"ReadAction","target":["https:\/\/lightweb.dev\/l\/svm-temp\/nyheter\/blixtnedslag-orsakade-storbrand-pa-costa-blanca\/"]}]},{"@type":"ImageObject","inLanguage":"sv-SE","@id":"https:\/\/lightweb.dev\/l\/svm-temp\/nyheter\/blixtnedslag-orsakade-storbrand-pa-costa-blanca\/#primaryimage","url":"https:\/\/lightweb.dev\/l\/svm-temp\/wp-content\/uploads\/2022\/08\/FaMA4vJXEAAzE-V-Stor.jpeg","contentUrl":"https:\/\/lightweb.dev\/l\/svm-temp\/wp-content\/uploads\/2022\/08\/FaMA4vJXEAAzE-V-Stor.jpeg","width":1280,"height":853,"caption":"Totalt 3.500 hektar har brunnit efter blixtnedslaget i l\u00f6rdags kv\u00e4ll (Foto: Twitter @BomberosDipuALC)"},{"@type":"BreadcrumbList","@id":"https:\/\/lightweb.dev\/l\/svm-temp\/nyheter\/blixtnedslag-orsakade-storbrand-pa-costa-blanca\/#breadcrumb","itemListElement":[{"@type":"ListItem","position":1,"name":"Hem","item":"https:\/\/lightweb.dev\/l\/svm-temp\/"},{"@type":"ListItem","position":2,"name":"Blixtnedslag orsakade storbrand p\u00e5 Costa Blanca"}]},{"@type":"WebSite","@id":"https:\/\/lightweb.dev\/l\/svm-temp\/#website","url":"https:\/\/lightweb.dev\/l\/svm-temp\/","name":"Svenska Magasinet","description":"Dina Spanska nyheter p&aring; Svenska","publisher":{"@id":"https:\/\/lightweb.dev\/l\/svm-temp\/#organization"},"potentialAction":[{"@type":"SearchAction","target":{"@type":"EntryPoint","urlTemplate":"https:\/\/lightweb.dev\/l\/svm-temp\/?s={search_term_string}"},"query-input":{"@type":"PropertyValueSpecification","valueRequired":true,"valueName":"search_term_string"}}],"inLanguage":"sv-SE"},{"@type":"Organization","@id":"https:\/\/lightweb.dev\/l\/svm-temp\/#organization","name":"Melkerson y Nott SL","alternateName":"Svenska Magasinet","url":"https:\/\/lightweb.dev\/l\/svm-temp\/","logo":{"@type":"ImageObject","inLanguage":"sv-SE","@id":"https:\/\/lightweb.dev\/l\/svm-temp\/#\/schema\/logo\/image\/","url":"https:\/\/lightweb.dev\/l\/svm-temp\/wp-content\/uploads\/2025\/02\/SvM-logo-Xtra-Centrerad-SVART.png","contentUrl":"https:\/\/lightweb.dev\/l\/svm-temp\/wp-content\/uploads\/2025\/02\/SvM-logo-Xtra-Centrerad-SVART.png","width":300,"height":99,"caption":"Melkerson y Nott SL"},"image":{"@id":"https:\/\/lightweb.dev\/l\/svm-temp\/#\/schema\/logo\/image\/"},"sameAs":["https:\/\/www.facebook.com\/svenskamagasinet","https:\/\/x.com\/SvenskaMagasine"]},{"@type":"Person","@id":"https:\/\/lightweb.dev\/l\/svm-temp\/#\/schema\/person\/7a82b8a73d171d32360a564b6d03508e","name":"Ola Josefsson","description":"Bevakar Solkusten och Spanien sedan 1994.","sameAs":["https:\/\/lightweb.dev\/l\/svm-temp"],"url":"https:\/\/lightweb.dev\/l\/svm-temp\/reporter\/ola-josefsson\/"}]}},"_links":{"self":[{"href":"https:\/\/lightweb.dev\/l\/svm-temp\/wp-json\/wp\/v2\/posts\/56465","targetHints":{"allow":["GET"]}}],"collection":[{"href":"https:\/\/lightweb.dev\/l\/svm-temp\/wp-json\/wp\/v2\/posts"}],"about":[{"href":"https:\/\/lightweb.dev\/l\/svm-temp\/wp-json\/wp\/v2\/types\/post"}],"author":[{"embeddable":true,"href":"https:\/\/lightweb.dev\/l\/svm-temp\/wp-json\/wp\/v2\/users\/7"}],"replies":[{"embeddable":true,"href":"https:\/\/lightweb.dev\/l\/svm-temp\/wp-json\/wp\/v2\/comments?post=56465"}],"version-history":[{"count":0,"href":"https:\/\/lightweb.dev\/l\/svm-temp\/wp-json\/wp\/v2\/posts\/56465\/revisions"}],"wp:featuredmedia":[{"embeddable":true,"href":"https:\/\/lightweb.dev\/l\/svm-temp\/wp-json\/wp\/v2\/media\/56476"}],"wp:attachment":[{"href":"https:\/\/lightweb.dev\/l\/svm-temp\/wp-json\/wp\/v2\/media?parent=56465"}],"wp:term":[{"taxonomy":"category","embeddable":true,"href":"https:\/\/lightweb.dev\/l\/svm-temp\/wp-json\/wp\/v2\/categories?post=56465"},{"taxonomy":"post_tag","embeddable":true,"href":"https:\/\/lightweb.dev\/l\/svm-temp\/wp-json\/wp\/v2\/tags?post=56465"}],"curies":[{"name":"wp","href":"https:\/\/api.w.org\/{rel}","templated":true}]}}