{"id":56572,"date":"2022-08-18T15:23:11","date_gmt":"2022-08-18T13:23:11","guid":{"rendered":"https:\/\/lightweb.dev\/l\/svm-temp\/?p=56572"},"modified":"2022-08-18T15:23:11","modified_gmt":"2022-08-18T13:23:11","slug":"iberia-express-utlyser-tio-dagars-strejk","status":"publish","type":"post","link":"https:\/\/lightweb.dev\/l\/svm-temp\/nyheter\/iberia-express-utlyser-tio-dagars-strejk\/","title":{"rendered":"Iberia Express utlyser tio dagars strejk"},"content":{"rendered":"<p><strong>\u00d6ver 350.000 resen\u00e4rer i Spanien har drabbats av inst\u00e4llda eller f\u00f6rsenade flyg i sommar. Nu ut\u00f6kas flygstrejkerna fr\u00e5n Ryanair och Easyjet till att \u00e4ven g\u00e4lla 500 anst\u00e4llda vid Iberia Express.<\/strong><\/p>\n<p>Att det skulle bli en komplicerad sommar f\u00f6rutsp\u00e5dde IAG:s VD Luis Gallego f\u00f6r n\u00e5gra m\u00e5nader sedan.<\/p>\n<p>Resandet har tagit fart efter pandemin samtidigt som det r\u00e5der personalbrist vid b\u00e5de flygbolag och flygplatser. Under pandemin bantades personalstyrkan v\u00e4sentligt inom flera omr\u00e5den.<\/p>\n<p>Strejker bland kabinanst\u00e4llda hos Ryanair och piloter vid Easyjet utvidgas nu till att \u00e4ven g\u00e4lla kabinpersonal hos Iberia Express. De utlyser en tiodagarsstrejk fr\u00e5n 28 augusti till 6 september f\u00f6r att kr\u00e4va b\u00e4ttre arbetsvillkor.<\/p>\n<p>Avbrutna l\u00f6nef\u00f6rhandlingar mellan flygbolaget och fackf\u00f6rbundet USO ska ligga till grund f\u00f6r den utlysta strejken som intr\u00e4ffar n\u00e4r m\u00e5nga spanjorer avslutar sin semester och ska ta sig hem.<\/p>\n<p>I december 2021 inleddes f\u00f6rhandlingar men flygbolaget har enligt fackf\u00f6rbundet \u201dinte visat n\u00e5got intresse av att f\u00f6rb\u00e4ttra arbetsvillkoren\u201d skriver den spanska aff\u00e4rstidningen <a href=\"https:\/\/www.expansion.com\/empresas\/transporte\/2022\/08\/17\/62fcd843e5fdeacc3c8b4605.html\"><strong>Expansi\u00f3n.<\/strong><\/a><\/p>\n<p>Flygbolaget uttrycker sin totala of\u00f6rst\u00e5else \u00f6ver den utlysta strejken n\u00e4r f\u00f6rhandlingarna samtidigt har intensifierats. En strejk ska ju vara den sista utv\u00e4gen, s\u00e4ger bolaget som v\u00e4djar till fackf\u00f6rbundet USO att ompr\u00f6va sitt beslut och avbryta strejken.<\/p>\n<p>Tidigare har Ryanairs kabinpersonal meddelat att de forts\u00e4tter strejka m\u00e5ndag till torsdag fram till januari 2023. Samtidigt forts\u00e4tter pilotstrejken vid Easyjet under helgen i augusti.<\/p>\n<p>De senaste tre m\u00e5naderna har 355.000 resen\u00e4rer i Spanien drabbats av inst\u00e4llda eller f\u00f6rsenade flyg. Det \u00e4r fler \u00e4n i USA men f\u00e4rre \u00e4n de som drabbats i Tyskland och Frankrike, skriver spanska medier p\u00e5 torsdagen.<\/p>\n<p>Enligt uppgifter fr\u00e5n AirHelp s\u00e5 blev 155 flyg inst\u00e4llda i Spanien i maj, 622 i juni och lika m\u00e5nga, 622, i juli. Totalt sedan maj \u00e4r det 3,8 miljoner flygpassagerare som har r\u00e4tt till kompensation f\u00f6r inst\u00e4llda eller f\u00f6rsenade flyg.<\/p>\n<p class=\"entry-title\">L\u00e4s mer: <a href=\"https:\/\/lightweb.dev\/l\/svm-temp\/nyheter\/iag-slutfor-kopet-av-air-europa\/\"><strong>IAG slutf\u00f6r k\u00f6pet av Air Europa<\/strong><\/a><\/p>\n","protected":false},"excerpt":{"rendered":"<p>\u00d6ver 350.000 resen\u00e4rer i Spanien har drabbats av inst\u00e4llda eller f\u00f6rsenade flyg i sommar. Nu ut\u00f6kas flygstrejkerna fr\u00e5n Ryanair och Easyjet till att \u00e4ven g\u00e4lla 500 anst\u00e4llda vid Iberia Express. Att det skulle bli en komplicerad sommar f\u00f6rutsp\u00e5dde IAG:s VD Luis Gallego f\u00f6r n\u00e5gra m\u00e5nader sedan. Resandet har tagit fart efter pandemin samtidigt som det [&hellip;]<\/p>\n","protected":false},"author":7,"featured_media":56573,"comment_status":"open","ping_status":"open","sticky":false,"template":"","format":"standard","meta":{"_et_pb_use_builder":"","_et_pb_old_content":"","_et_gb_content_width":"","footnotes":""},"categories":[395,3],"tags":[],"class_list":["post-56572","post","type-post","status-publish","format-standard","has-post-thumbnail","hentry","category-arkiv-nyheter","category-nyheter"],"yoast_head":"<!-- This site is optimized with the Yoast SEO Premium plugin v26.2 (Yoast SEO v27.4) - https:\/\/yoast.com\/product\/yoast-seo-premium-wordpress\/ -->\n<title>Iberia Express utlyser tio dagars strejk - Svenska Magasinet<\/title>\n<meta name=\"description\" content=\"\u00d6ver 350.000 resen\u00e4rer i Spanien har drabbats av inst\u00e4llda eller f\u00f6rsenade flyg i sommar. Nu ut\u00f6kas flygstrejkerna fr\u00e5n Ryanair och Easyjet till att \u00e4ven g\u00e4lla 500 anst\u00e4llda vid Iberia Express.\" \/>\n<meta name=\"robots\" content=\"noindex, follow, max-snippet:-1, max-image-preview:large, max-video-preview:-1\" \/>\n<meta property=\"og:locale\" content=\"sv_SE\" \/>\n<meta property=\"og:type\" content=\"article\" \/>\n<meta property=\"og:title\" content=\"Iberia Express utlyser tio dagars strejk\" \/>\n<meta property=\"og:description\" content=\"\u00d6ver 350.000 resen\u00e4rer i Spanien har drabbats av inst\u00e4llda eller f\u00f6rsenade flyg i sommar. Nu ut\u00f6kas flygstrejkerna fr\u00e5n Ryanair och Easyjet till att \u00e4ven g\u00e4lla 500 anst\u00e4llda vid Iberia Express.\" \/>\n<meta property=\"og:url\" content=\"https:\/\/lightweb.dev\/l\/svm-temp\/nyheter\/iberia-express-utlyser-tio-dagars-strejk\/\" \/>\n<meta property=\"og:site_name\" content=\"Svenska Magasinet\" \/>\n<meta property=\"article:publisher\" content=\"https:\/\/www.facebook.com\/svenskamagasinet\" \/>\n<meta property=\"article:published_time\" content=\"2022-08-18T13:23:11+00:00\" \/>\n<meta property=\"og:image\" content=\"https:\/\/lightweb.dev\/l\/svm-temp\/wp-content\/uploads\/2022\/08\/Avio\u0301n-en-AS-Madrid-Barajas.-Foto-ENAIRE-Stor.jpeg\" \/>\n\t<meta property=\"og:image:width\" content=\"1280\" \/>\n\t<meta property=\"og:image:height\" content=\"853\" \/>\n\t<meta property=\"og:image:type\" content=\"image\/jpeg\" \/>\n<meta name=\"author\" content=\"Ola Josefsson\" \/>\n<meta name=\"twitter:card\" content=\"summary_large_image\" \/>\n<meta name=\"twitter:creator\" content=\"@SvenskaMagasine\" \/>\n<meta name=\"twitter:site\" content=\"@SvenskaMagasine\" \/>\n<script type=\"application\/ld+json\" class=\"yoast-schema-graph\">{\"@context\":\"https:\\\/\\\/schema.org\",\"@graph\":[{\"@type\":\"Article\",\"@id\":\"https:\\\/\\\/lightweb.dev\\\/l\\\/svm-temp\\\/nyheter\\\/iberia-express-utlyser-tio-dagars-strejk\\\/#article\",\"isPartOf\":{\"@id\":\"https:\\\/\\\/lightweb.dev\\\/l\\\/svm-temp\\\/nyheter\\\/iberia-express-utlyser-tio-dagars-strejk\\\/\"},\"author\":{\"name\":\"Ola Josefsson\",\"@id\":\"https:\\\/\\\/lightweb.dev\\\/l\\\/svm-temp\\\/#\\\/schema\\\/person\\\/7a82b8a73d171d32360a564b6d03508e\"},\"headline\":\"Iberia Express utlyser tio dagars strejk\",\"datePublished\":\"2022-08-18T13:23:11+00:00\",\"mainEntityOfPage\":{\"@id\":\"https:\\\/\\\/lightweb.dev\\\/l\\\/svm-temp\\\/nyheter\\\/iberia-express-utlyser-tio-dagars-strejk\\\/\"},\"wordCount\":359,\"commentCount\":1,\"publisher\":{\"@id\":\"https:\\\/\\\/lightweb.dev\\\/l\\\/svm-temp\\\/#organization\"},\"image\":{\"@id\":\"https:\\\/\\\/lightweb.dev\\\/l\\\/svm-temp\\\/nyheter\\\/iberia-express-utlyser-tio-dagars-strejk\\\/#primaryimage\"},\"thumbnailUrl\":\"https:\\\/\\\/lightweb.dev\\\/l\\\/svm-temp\\\/wp-content\\\/uploads\\\/2022\\\/08\\\/Avio\u0301n-en-AS-Madrid-Barajas.-Foto-ENAIRE-Stor.jpeg\",\"articleSection\":[\"Arkiv\",\"Nyheter\"],\"inLanguage\":\"sv-SE\"},{\"@type\":\"WebPage\",\"@id\":\"https:\\\/\\\/lightweb.dev\\\/l\\\/svm-temp\\\/nyheter\\\/iberia-express-utlyser-tio-dagars-strejk\\\/\",\"url\":\"https:\\\/\\\/lightweb.dev\\\/l\\\/svm-temp\\\/nyheter\\\/iberia-express-utlyser-tio-dagars-strejk\\\/\",\"name\":\"Iberia Express utlyser tio dagars strejk - Svenska Magasinet\",\"isPartOf\":{\"@id\":\"https:\\\/\\\/lightweb.dev\\\/l\\\/svm-temp\\\/#website\"},\"primaryImageOfPage\":{\"@id\":\"https:\\\/\\\/lightweb.dev\\\/l\\\/svm-temp\\\/nyheter\\\/iberia-express-utlyser-tio-dagars-strejk\\\/#primaryimage\"},\"image\":{\"@id\":\"https:\\\/\\\/lightweb.dev\\\/l\\\/svm-temp\\\/nyheter\\\/iberia-express-utlyser-tio-dagars-strejk\\\/#primaryimage\"},\"thumbnailUrl\":\"https:\\\/\\\/lightweb.dev\\\/l\\\/svm-temp\\\/wp-content\\\/uploads\\\/2022\\\/08\\\/Avio\u0301n-en-AS-Madrid-Barajas.-Foto-ENAIRE-Stor.jpeg\",\"datePublished\":\"2022-08-18T13:23:11+00:00\",\"description\":\"\u00d6ver 350.000 resen\u00e4rer i Spanien har drabbats av inst\u00e4llda eller f\u00f6rsenade flyg i sommar. Nu ut\u00f6kas flygstrejkerna fr\u00e5n Ryanair och Easyjet till att \u00e4ven g\u00e4lla 500 anst\u00e4llda vid Iberia Express.\",\"breadcrumb\":{\"@id\":\"https:\\\/\\\/lightweb.dev\\\/l\\\/svm-temp\\\/nyheter\\\/iberia-express-utlyser-tio-dagars-strejk\\\/#breadcrumb\"},\"inLanguage\":\"sv-SE\",\"potentialAction\":[{\"@type\":\"ReadAction\",\"target\":[\"https:\\\/\\\/lightweb.dev\\\/l\\\/svm-temp\\\/nyheter\\\/iberia-express-utlyser-tio-dagars-strejk\\\/\"]}]},{\"@type\":\"ImageObject\",\"inLanguage\":\"sv-SE\",\"@id\":\"https:\\\/\\\/lightweb.dev\\\/l\\\/svm-temp\\\/nyheter\\\/iberia-express-utlyser-tio-dagars-strejk\\\/#primaryimage\",\"url\":\"https:\\\/\\\/lightweb.dev\\\/l\\\/svm-temp\\\/wp-content\\\/uploads\\\/2022\\\/08\\\/Avio\u0301n-en-AS-Madrid-Barajas.-Foto-ENAIRE-Stor.jpeg\",\"contentUrl\":\"https:\\\/\\\/lightweb.dev\\\/l\\\/svm-temp\\\/wp-content\\\/uploads\\\/2022\\\/08\\\/Avio\u0301n-en-AS-Madrid-Barajas.-Foto-ENAIRE-Stor.jpeg\",\"width\":1280,\"height\":853,\"caption\":\"500 kabinanst\u00e4llda vid Iberia Express i fr\u00e4mst Madrid g\u00e5r ut i strejk\"},{\"@type\":\"BreadcrumbList\",\"@id\":\"https:\\\/\\\/lightweb.dev\\\/l\\\/svm-temp\\\/nyheter\\\/iberia-express-utlyser-tio-dagars-strejk\\\/#breadcrumb\",\"itemListElement\":[{\"@type\":\"ListItem\",\"position\":1,\"name\":\"Hem\",\"item\":\"https:\\\/\\\/lightweb.dev\\\/l\\\/svm-temp\\\/\"},{\"@type\":\"ListItem\",\"position\":2,\"name\":\"Iberia Express utlyser tio dagars strejk\"}]},{\"@type\":\"WebSite\",\"@id\":\"https:\\\/\\\/lightweb.dev\\\/l\\\/svm-temp\\\/#website\",\"url\":\"https:\\\/\\\/lightweb.dev\\\/l\\\/svm-temp\\\/\",\"name\":\"Svenska Magasinet\",\"description\":\"Dina Spanska nyheter p&aring; Svenska\",\"publisher\":{\"@id\":\"https:\\\/\\\/lightweb.dev\\\/l\\\/svm-temp\\\/#organization\"},\"potentialAction\":[{\"@type\":\"SearchAction\",\"target\":{\"@type\":\"EntryPoint\",\"urlTemplate\":\"https:\\\/\\\/lightweb.dev\\\/l\\\/svm-temp\\\/?s={search_term_string}\"},\"query-input\":{\"@type\":\"PropertyValueSpecification\",\"valueRequired\":true,\"valueName\":\"search_term_string\"}}],\"inLanguage\":\"sv-SE\"},{\"@type\":\"Organization\",\"@id\":\"https:\\\/\\\/lightweb.dev\\\/l\\\/svm-temp\\\/#organization\",\"name\":\"Melkerson y Nott SL\",\"alternateName\":\"Svenska Magasinet\",\"url\":\"https:\\\/\\\/lightweb.dev\\\/l\\\/svm-temp\\\/\",\"logo\":{\"@type\":\"ImageObject\",\"inLanguage\":\"sv-SE\",\"@id\":\"https:\\\/\\\/lightweb.dev\\\/l\\\/svm-temp\\\/#\\\/schema\\\/logo\\\/image\\\/\",\"url\":\"https:\\\/\\\/lightweb.dev\\\/l\\\/svm-temp\\\/wp-content\\\/uploads\\\/2025\\\/02\\\/SvM-logo-Xtra-Centrerad-SVART.png\",\"contentUrl\":\"https:\\\/\\\/lightweb.dev\\\/l\\\/svm-temp\\\/wp-content\\\/uploads\\\/2025\\\/02\\\/SvM-logo-Xtra-Centrerad-SVART.png\",\"width\":300,\"height\":99,\"caption\":\"Melkerson y Nott SL\"},\"image\":{\"@id\":\"https:\\\/\\\/lightweb.dev\\\/l\\\/svm-temp\\\/#\\\/schema\\\/logo\\\/image\\\/\"},\"sameAs\":[\"https:\\\/\\\/www.facebook.com\\\/svenskamagasinet\",\"https:\\\/\\\/x.com\\\/SvenskaMagasine\"]},{\"@type\":\"Person\",\"@id\":\"https:\\\/\\\/lightweb.dev\\\/l\\\/svm-temp\\\/#\\\/schema\\\/person\\\/7a82b8a73d171d32360a564b6d03508e\",\"name\":\"Ola Josefsson\",\"description\":\"Bevakar Solkusten och Spanien sedan 1994.\",\"sameAs\":[\"https:\\\/\\\/lightweb.dev\\\/l\\\/svm-temp\"],\"url\":\"https:\\\/\\\/lightweb.dev\\\/l\\\/svm-temp\\\/reporter\\\/ola-josefsson\\\/\"}]}<\/script>\n<!-- \/ Yoast SEO Premium plugin. -->","yoast_head_json":{"title":"Iberia Express utlyser tio dagars strejk - Svenska Magasinet","description":"\u00d6ver 350.000 resen\u00e4rer i Spanien har drabbats av inst\u00e4llda eller f\u00f6rsenade flyg i sommar. Nu ut\u00f6kas flygstrejkerna fr\u00e5n Ryanair och Easyjet till att \u00e4ven g\u00e4lla 500 anst\u00e4llda vid Iberia Express.","robots":{"index":"noindex","follow":"follow","max-snippet":"max-snippet:-1","max-image-preview":"max-image-preview:large","max-video-preview":"max-video-preview:-1"},"og_locale":"sv_SE","og_type":"article","og_title":"Iberia Express utlyser tio dagars strejk","og_description":"\u00d6ver 350.000 resen\u00e4rer i Spanien har drabbats av inst\u00e4llda eller f\u00f6rsenade flyg i sommar. Nu ut\u00f6kas flygstrejkerna fr\u00e5n Ryanair och Easyjet till att \u00e4ven g\u00e4lla 500 anst\u00e4llda vid Iberia Express.","og_url":"https:\/\/lightweb.dev\/l\/svm-temp\/nyheter\/iberia-express-utlyser-tio-dagars-strejk\/","og_site_name":"Svenska Magasinet","article_publisher":"https:\/\/www.facebook.com\/svenskamagasinet","article_published_time":"2022-08-18T13:23:11+00:00","og_image":[{"width":1280,"height":853,"url":"https:\/\/lightweb.dev\/l\/svm-temp\/wp-content\/uploads\/2022\/08\/Avio\u0301n-en-AS-Madrid-Barajas.-Foto-ENAIRE-Stor.jpeg","type":"image\/jpeg"}],"author":"Ola Josefsson","twitter_card":"summary_large_image","twitter_creator":"@SvenskaMagasine","twitter_site":"@SvenskaMagasine","schema":{"@context":"https:\/\/schema.org","@graph":[{"@type":"Article","@id":"https:\/\/lightweb.dev\/l\/svm-temp\/nyheter\/iberia-express-utlyser-tio-dagars-strejk\/#article","isPartOf":{"@id":"https:\/\/lightweb.dev\/l\/svm-temp\/nyheter\/iberia-express-utlyser-tio-dagars-strejk\/"},"author":{"name":"Ola Josefsson","@id":"https:\/\/lightweb.dev\/l\/svm-temp\/#\/schema\/person\/7a82b8a73d171d32360a564b6d03508e"},"headline":"Iberia Express utlyser tio dagars strejk","datePublished":"2022-08-18T13:23:11+00:00","mainEntityOfPage":{"@id":"https:\/\/lightweb.dev\/l\/svm-temp\/nyheter\/iberia-express-utlyser-tio-dagars-strejk\/"},"wordCount":359,"commentCount":1,"publisher":{"@id":"https:\/\/lightweb.dev\/l\/svm-temp\/#organization"},"image":{"@id":"https:\/\/lightweb.dev\/l\/svm-temp\/nyheter\/iberia-express-utlyser-tio-dagars-strejk\/#primaryimage"},"thumbnailUrl":"https:\/\/lightweb.dev\/l\/svm-temp\/wp-content\/uploads\/2022\/08\/Avio\u0301n-en-AS-Madrid-Barajas.-Foto-ENAIRE-Stor.jpeg","articleSection":["Arkiv","Nyheter"],"inLanguage":"sv-SE"},{"@type":"WebPage","@id":"https:\/\/lightweb.dev\/l\/svm-temp\/nyheter\/iberia-express-utlyser-tio-dagars-strejk\/","url":"https:\/\/lightweb.dev\/l\/svm-temp\/nyheter\/iberia-express-utlyser-tio-dagars-strejk\/","name":"Iberia Express utlyser tio dagars strejk - Svenska Magasinet","isPartOf":{"@id":"https:\/\/lightweb.dev\/l\/svm-temp\/#website"},"primaryImageOfPage":{"@id":"https:\/\/lightweb.dev\/l\/svm-temp\/nyheter\/iberia-express-utlyser-tio-dagars-strejk\/#primaryimage"},"image":{"@id":"https:\/\/lightweb.dev\/l\/svm-temp\/nyheter\/iberia-express-utlyser-tio-dagars-strejk\/#primaryimage"},"thumbnailUrl":"https:\/\/lightweb.dev\/l\/svm-temp\/wp-content\/uploads\/2022\/08\/Avio\u0301n-en-AS-Madrid-Barajas.-Foto-ENAIRE-Stor.jpeg","datePublished":"2022-08-18T13:23:11+00:00","description":"\u00d6ver 350.000 resen\u00e4rer i Spanien har drabbats av inst\u00e4llda eller f\u00f6rsenade flyg i sommar. Nu ut\u00f6kas flygstrejkerna fr\u00e5n Ryanair och Easyjet till att \u00e4ven g\u00e4lla 500 anst\u00e4llda vid Iberia Express.","breadcrumb":{"@id":"https:\/\/lightweb.dev\/l\/svm-temp\/nyheter\/iberia-express-utlyser-tio-dagars-strejk\/#breadcrumb"},"inLanguage":"sv-SE","potentialAction":[{"@type":"ReadAction","target":["https:\/\/lightweb.dev\/l\/svm-temp\/nyheter\/iberia-express-utlyser-tio-dagars-strejk\/"]}]},{"@type":"ImageObject","inLanguage":"sv-SE","@id":"https:\/\/lightweb.dev\/l\/svm-temp\/nyheter\/iberia-express-utlyser-tio-dagars-strejk\/#primaryimage","url":"https:\/\/lightweb.dev\/l\/svm-temp\/wp-content\/uploads\/2022\/08\/Avio\u0301n-en-AS-Madrid-Barajas.-Foto-ENAIRE-Stor.jpeg","contentUrl":"https:\/\/lightweb.dev\/l\/svm-temp\/wp-content\/uploads\/2022\/08\/Avio\u0301n-en-AS-Madrid-Barajas.-Foto-ENAIRE-Stor.jpeg","width":1280,"height":853,"caption":"500 kabinanst\u00e4llda vid Iberia Express i fr\u00e4mst Madrid g\u00e5r ut i strejk"},{"@type":"BreadcrumbList","@id":"https:\/\/lightweb.dev\/l\/svm-temp\/nyheter\/iberia-express-utlyser-tio-dagars-strejk\/#breadcrumb","itemListElement":[{"@type":"ListItem","position":1,"name":"Hem","item":"https:\/\/lightweb.dev\/l\/svm-temp\/"},{"@type":"ListItem","position":2,"name":"Iberia Express utlyser tio dagars strejk"}]},{"@type":"WebSite","@id":"https:\/\/lightweb.dev\/l\/svm-temp\/#website","url":"https:\/\/lightweb.dev\/l\/svm-temp\/","name":"Svenska Magasinet","description":"Dina Spanska nyheter p&aring; Svenska","publisher":{"@id":"https:\/\/lightweb.dev\/l\/svm-temp\/#organization"},"potentialAction":[{"@type":"SearchAction","target":{"@type":"EntryPoint","urlTemplate":"https:\/\/lightweb.dev\/l\/svm-temp\/?s={search_term_string}"},"query-input":{"@type":"PropertyValueSpecification","valueRequired":true,"valueName":"search_term_string"}}],"inLanguage":"sv-SE"},{"@type":"Organization","@id":"https:\/\/lightweb.dev\/l\/svm-temp\/#organization","name":"Melkerson y Nott SL","alternateName":"Svenska Magasinet","url":"https:\/\/lightweb.dev\/l\/svm-temp\/","logo":{"@type":"ImageObject","inLanguage":"sv-SE","@id":"https:\/\/lightweb.dev\/l\/svm-temp\/#\/schema\/logo\/image\/","url":"https:\/\/lightweb.dev\/l\/svm-temp\/wp-content\/uploads\/2025\/02\/SvM-logo-Xtra-Centrerad-SVART.png","contentUrl":"https:\/\/lightweb.dev\/l\/svm-temp\/wp-content\/uploads\/2025\/02\/SvM-logo-Xtra-Centrerad-SVART.png","width":300,"height":99,"caption":"Melkerson y Nott SL"},"image":{"@id":"https:\/\/lightweb.dev\/l\/svm-temp\/#\/schema\/logo\/image\/"},"sameAs":["https:\/\/www.facebook.com\/svenskamagasinet","https:\/\/x.com\/SvenskaMagasine"]},{"@type":"Person","@id":"https:\/\/lightweb.dev\/l\/svm-temp\/#\/schema\/person\/7a82b8a73d171d32360a564b6d03508e","name":"Ola Josefsson","description":"Bevakar Solkusten och Spanien sedan 1994.","sameAs":["https:\/\/lightweb.dev\/l\/svm-temp"],"url":"https:\/\/lightweb.dev\/l\/svm-temp\/reporter\/ola-josefsson\/"}]}},"_links":{"self":[{"href":"https:\/\/lightweb.dev\/l\/svm-temp\/wp-json\/wp\/v2\/posts\/56572","targetHints":{"allow":["GET"]}}],"collection":[{"href":"https:\/\/lightweb.dev\/l\/svm-temp\/wp-json\/wp\/v2\/posts"}],"about":[{"href":"https:\/\/lightweb.dev\/l\/svm-temp\/wp-json\/wp\/v2\/types\/post"}],"author":[{"embeddable":true,"href":"https:\/\/lightweb.dev\/l\/svm-temp\/wp-json\/wp\/v2\/users\/7"}],"replies":[{"embeddable":true,"href":"https:\/\/lightweb.dev\/l\/svm-temp\/wp-json\/wp\/v2\/comments?post=56572"}],"version-history":[{"count":0,"href":"https:\/\/lightweb.dev\/l\/svm-temp\/wp-json\/wp\/v2\/posts\/56572\/revisions"}],"wp:featuredmedia":[{"embeddable":true,"href":"https:\/\/lightweb.dev\/l\/svm-temp\/wp-json\/wp\/v2\/media\/56573"}],"wp:attachment":[{"href":"https:\/\/lightweb.dev\/l\/svm-temp\/wp-json\/wp\/v2\/media?parent=56572"}],"wp:term":[{"taxonomy":"category","embeddable":true,"href":"https:\/\/lightweb.dev\/l\/svm-temp\/wp-json\/wp\/v2\/categories?post=56572"},{"taxonomy":"post_tag","embeddable":true,"href":"https:\/\/lightweb.dev\/l\/svm-temp\/wp-json\/wp\/v2\/tags?post=56572"}],"curies":[{"name":"wp","href":"https:\/\/api.w.org\/{rel}","templated":true}]}}