{"id":56577,"date":"2022-08-19T10:13:28","date_gmt":"2022-08-19T08:13:28","guid":{"rendered":"https:\/\/lightweb.dev\/l\/svm-temp\/?p=56577"},"modified":"2022-08-19T10:14:41","modified_gmt":"2022-08-19T08:14:41","slug":"fortsatt-besvarligt-i-valenciaregionen","status":"publish","type":"post","link":"https:\/\/lightweb.dev\/l\/svm-temp\/nyheter\/fortsatt-besvarligt-i-valenciaregionen\/","title":{"rendered":"Fortsatt besv\u00e4rligt i Valenciaregionen"},"content":{"rendered":"<p><strong>H\u00e4lften av den mark som brandh\u00e4rjats i EU hittills i sommar har drabbat Spanien. Enligt den europeiska satelliten Copernicus har 283.169 hektar mark i Spanien drabbats av br\u00e4nder i sommar. Det betyder att siffran hittills i \u00e5r \u00e4r st\u00f6rre \u00e4n f\u00f6r hela 2012 som var rekord\u00e5ret med mest omfattande br\u00e4nder i landet.<\/strong><\/p>\n<p>\u00d6ver 26.000 hektar har brandh\u00e4rjats i det som beskrivs som Valenciaregionens tv\u00e5 v\u00e4rsta naturkatastrofer p\u00e5 ett decennium. Branden i Bej\u00eds i Castell\u00f3nprovinsen \u00e4r fortsatt utan kontroll. Hittills har 13.100 hektar mark p\u00e5verkats. Tack vare nederb\u00f6rd s\u00e5 beskrivs l\u00e4get som gynnsamt i Vall d&#8217;Ebo i Alicanteprovinsen d\u00e4r 12.000 hektar har drabbats.<\/p>\n<p>I Vall d&#8217;Ebo har 1.500 evakuerade i elva kommuner b\u00f6rjat \u00e5terv\u00e4nda till sina hem. Delar av den markpersonal som bek\u00e4mpat branden i Vall d\u00c9bo har flyttat \u00f6ver till Bej\u00eds.<\/p>\n<p>Sju brandflyg forts\u00e4tter eftersl\u00e4ckningsarbetet i Alicanteprovinsen.<\/p>\n<p>I Bej\u00eds \u00e4r l\u00e4get fortsatt allvarligt d\u00e4r branden sprider sig s\u00f6derut. Flera samh\u00e4llen har evakuerats i Andilla kommun. I Alcublas uppmanas befolkningen h\u00e5lla sig inomhus p\u00e5 grund av r\u00f6kutvecklingen i omr\u00e5det.<\/p>\n<p>&#8211; Att temperaturen stiger och vindriktningen f\u00f6r\u00e4ndras f\u00f6rsv\u00e5rar l\u00e4get, s\u00e4ger Valenciaregionens president Ximo Puig.<\/p>\n<p>Omkring 36 brandflyg medverkar i sl\u00e4ckningsarbetet runt Bej\u00eds.<\/p>\n<p>Ximo Puig s\u00e4ger att regionregeringen troligtvis kommer att be Spanien centralregeringen att utlysa Vall d&#8217;Ebo och Bej\u00eds som katastrofomr\u00e5de \u00e4ven om prioriteringen just nu \u00e4r att sl\u00e4cka branden och skydda m\u00e4nniskor.<\/p>\n<p>&#8211; Lyckligtvis \u00e5terh\u00e4mtar sig Medelhavsskogen. Den \u00e4r motst\u00e5ndskraftig. Men det kommer att ta \u00e5rtionden innan vi kan \u00e5terv\u00e4nda till den skog som vi hade tidigare i Vall d&#8217;Ebo eller Alto Palancia (Castell\u00f3n), s\u00e4ger Ximo Puig till radiokanalen Cadena SER.<\/p>\n<p><span class=\"1ZaeLV8RTpWIfb6Pw\"><\/p>\n<blockquote class=\"twitter-tweet\" data-width=\"550\" data-dnt=\"true\">\n<p lang=\"es\" dir=\"ltr\">\ud83d\udcf9Nos siguen llegando im\u00e1genes de la actuaci\u00f3n del Servicio de Bomberos y Bomberas Forestales de la <a href=\"https:\/\/twitter.com\/GVAsgise?ref_src=twsrc%5Etfw\">@GVAsgise<\/a> en el <a href=\"https:\/\/twitter.com\/hashtag\/IFBej%C3%ADs?src=hash&amp;ref_src=twsrc%5Etfw\">#IFBej\u00eds<\/a>, junto a las <a href=\"https:\/\/twitter.com\/hashtag\/BRIF?src=hash&amp;ref_src=twsrc%5Etfw\">#BRIF<\/a> y el <a href=\"https:\/\/twitter.com\/BombersDipcas?ref_src=twsrc%5Etfw\">@BombersDipcas<\/a>.<a href=\"https:\/\/twitter.com\/hashtag\/LosDeAmarillo?src=hash&amp;ref_src=twsrc%5Etfw\">#LosDeAmarillo<\/a> <a href=\"https:\/\/t.co\/PiExvILF73\">pic.twitter.com\/PiExvILF73<\/a><\/p>\n<p>&mdash; Servei Bomber(e)s Forestals GVA (@GVAsgise) <a href=\"https:\/\/twitter.com\/GVAsgise\/status\/1560279422694936576?ref_src=twsrc%5Etfw\">August 18, 2022<\/a><\/p><\/blockquote>\n<p><script async src=\"https:\/\/platform.twitter.com\/widgets.js\" charset=\"utf-8\"><\/script><\/span><\/p>\n","protected":false},"excerpt":{"rendered":"<p>H\u00e4lften av den mark som brandh\u00e4rjats i EU hittills i sommar har drabbat Spanien. Enligt den europeiska satelliten Copernicus har 283.169 hektar mark i Spanien drabbats av br\u00e4nder i sommar. Det betyder att siffran hittills i \u00e5r \u00e4r st\u00f6rre \u00e4n f\u00f6r hela 2012 som var rekord\u00e5ret med mest omfattande br\u00e4nder i landet. \u00d6ver 26.000 hektar [&hellip;]<\/p>\n","protected":false},"author":7,"featured_media":56578,"comment_status":"open","ping_status":"open","sticky":false,"template":"","format":"standard","meta":{"_et_pb_use_builder":"","_et_pb_old_content":"","_et_gb_content_width":"","footnotes":""},"categories":[395,3],"tags":[],"class_list":["post-56577","post","type-post","status-publish","format-standard","has-post-thumbnail","hentry","category-arkiv-nyheter","category-nyheter"],"yoast_head":"<!-- This site is optimized with the Yoast SEO Premium plugin v26.2 (Yoast SEO v27.4) - https:\/\/yoast.com\/product\/yoast-seo-premium-wordpress\/ -->\n<title>Fortsatt besv\u00e4rligt i Valenciaregionen - Svenska Magasinet<\/title>\n<meta name=\"description\" content=\"H\u00e4lften av den mark som brandh\u00e4rjats i EU hittills i sommar har drabbat Spanien. Enligt den europeiska satelliten Copernicus har 283.169 hektar mark i Spanien drabbats av br\u00e4nder i sommar. Det betyder att siffran hittills i \u00e5r \u00e4r st\u00f6rre \u00e4n f\u00f6r hela 2012 som var rekord\u00e5ret med mest omfattande br\u00e4nder i landet.\" \/>\n<meta name=\"robots\" content=\"noindex, follow, max-snippet:-1, max-image-preview:large, max-video-preview:-1\" \/>\n<meta property=\"og:locale\" content=\"sv_SE\" \/>\n<meta property=\"og:type\" content=\"article\" \/>\n<meta property=\"og:title\" content=\"Fortsatt besv\u00e4rligt i Valenciaregionen\" \/>\n<meta property=\"og:description\" content=\"H\u00e4lften av den mark som brandh\u00e4rjats i EU hittills i sommar har drabbat Spanien. Enligt den europeiska satelliten Copernicus har 283.169 hektar mark i Spanien drabbats av br\u00e4nder i sommar. Det betyder att siffran hittills i \u00e5r \u00e4r st\u00f6rre \u00e4n f\u00f6r hela 2012 som var rekord\u00e5ret med mest omfattande br\u00e4nder i landet.\" \/>\n<meta property=\"og:url\" content=\"https:\/\/lightweb.dev\/l\/svm-temp\/nyheter\/fortsatt-besvarligt-i-valenciaregionen\/\" \/>\n<meta property=\"og:site_name\" content=\"Svenska Magasinet\" \/>\n<meta property=\"article:publisher\" content=\"https:\/\/www.facebook.com\/svenskamagasinet\" \/>\n<meta property=\"article:published_time\" content=\"2022-08-19T08:13:28+00:00\" \/>\n<meta property=\"article:modified_time\" content=\"2022-08-19T08:14:41+00:00\" \/>\n<meta property=\"og:image\" content=\"https:\/\/lightweb.dev\/l\/svm-temp\/wp-content\/uploads\/2022\/08\/bomberos-castellon-incendio-U86567720866MJK-624x350@abc-Stor.jpeg\" \/>\n\t<meta property=\"og:image:width\" content=\"624\" \/>\n\t<meta property=\"og:image:height\" content=\"350\" \/>\n\t<meta property=\"og:image:type\" content=\"image\/jpeg\" \/>\n<meta name=\"author\" content=\"Ola Josefsson\" \/>\n<meta name=\"twitter:card\" content=\"summary_large_image\" \/>\n<meta name=\"twitter:creator\" content=\"@SvenskaMagasine\" \/>\n<meta name=\"twitter:site\" content=\"@SvenskaMagasine\" \/>\n<script type=\"application\/ld+json\" class=\"yoast-schema-graph\">{\"@context\":\"https:\\\/\\\/schema.org\",\"@graph\":[{\"@type\":\"Article\",\"@id\":\"https:\\\/\\\/lightweb.dev\\\/l\\\/svm-temp\\\/nyheter\\\/fortsatt-besvarligt-i-valenciaregionen\\\/#article\",\"isPartOf\":{\"@id\":\"https:\\\/\\\/lightweb.dev\\\/l\\\/svm-temp\\\/nyheter\\\/fortsatt-besvarligt-i-valenciaregionen\\\/\"},\"author\":{\"name\":\"Ola Josefsson\",\"@id\":\"https:\\\/\\\/lightweb.dev\\\/l\\\/svm-temp\\\/#\\\/schema\\\/person\\\/7a82b8a73d171d32360a564b6d03508e\"},\"headline\":\"Fortsatt besv\u00e4rligt i Valenciaregionen\",\"datePublished\":\"2022-08-19T08:13:28+00:00\",\"dateModified\":\"2022-08-19T08:14:41+00:00\",\"mainEntityOfPage\":{\"@id\":\"https:\\\/\\\/lightweb.dev\\\/l\\\/svm-temp\\\/nyheter\\\/fortsatt-besvarligt-i-valenciaregionen\\\/\"},\"wordCount\":322,\"commentCount\":1,\"publisher\":{\"@id\":\"https:\\\/\\\/lightweb.dev\\\/l\\\/svm-temp\\\/#organization\"},\"image\":{\"@id\":\"https:\\\/\\\/lightweb.dev\\\/l\\\/svm-temp\\\/nyheter\\\/fortsatt-besvarligt-i-valenciaregionen\\\/#primaryimage\"},\"thumbnailUrl\":\"https:\\\/\\\/lightweb.dev\\\/l\\\/svm-temp\\\/wp-content\\\/uploads\\\/2022\\\/08\\\/bomberos-castellon-incendio-U86567720866MJK-624x350@abc-Stor.jpeg\",\"articleSection\":[\"Arkiv\",\"Nyheter\"],\"inLanguage\":\"sv-SE\"},{\"@type\":\"WebPage\",\"@id\":\"https:\\\/\\\/lightweb.dev\\\/l\\\/svm-temp\\\/nyheter\\\/fortsatt-besvarligt-i-valenciaregionen\\\/\",\"url\":\"https:\\\/\\\/lightweb.dev\\\/l\\\/svm-temp\\\/nyheter\\\/fortsatt-besvarligt-i-valenciaregionen\\\/\",\"name\":\"Fortsatt besv\u00e4rligt i Valenciaregionen - Svenska Magasinet\",\"isPartOf\":{\"@id\":\"https:\\\/\\\/lightweb.dev\\\/l\\\/svm-temp\\\/#website\"},\"primaryImageOfPage\":{\"@id\":\"https:\\\/\\\/lightweb.dev\\\/l\\\/svm-temp\\\/nyheter\\\/fortsatt-besvarligt-i-valenciaregionen\\\/#primaryimage\"},\"image\":{\"@id\":\"https:\\\/\\\/lightweb.dev\\\/l\\\/svm-temp\\\/nyheter\\\/fortsatt-besvarligt-i-valenciaregionen\\\/#primaryimage\"},\"thumbnailUrl\":\"https:\\\/\\\/lightweb.dev\\\/l\\\/svm-temp\\\/wp-content\\\/uploads\\\/2022\\\/08\\\/bomberos-castellon-incendio-U86567720866MJK-624x350@abc-Stor.jpeg\",\"datePublished\":\"2022-08-19T08:13:28+00:00\",\"dateModified\":\"2022-08-19T08:14:41+00:00\",\"description\":\"H\u00e4lften av den mark som brandh\u00e4rjats i EU hittills i sommar har drabbat Spanien. Enligt den europeiska satelliten Copernicus har 283.169 hektar mark i Spanien drabbats av br\u00e4nder i sommar. Det betyder att siffran hittills i \u00e5r \u00e4r st\u00f6rre \u00e4n f\u00f6r hela 2012 som var rekord\u00e5ret med mest omfattande br\u00e4nder i landet.\",\"breadcrumb\":{\"@id\":\"https:\\\/\\\/lightweb.dev\\\/l\\\/svm-temp\\\/nyheter\\\/fortsatt-besvarligt-i-valenciaregionen\\\/#breadcrumb\"},\"inLanguage\":\"sv-SE\",\"potentialAction\":[{\"@type\":\"ReadAction\",\"target\":[\"https:\\\/\\\/lightweb.dev\\\/l\\\/svm-temp\\\/nyheter\\\/fortsatt-besvarligt-i-valenciaregionen\\\/\"]}]},{\"@type\":\"ImageObject\",\"inLanguage\":\"sv-SE\",\"@id\":\"https:\\\/\\\/lightweb.dev\\\/l\\\/svm-temp\\\/nyheter\\\/fortsatt-besvarligt-i-valenciaregionen\\\/#primaryimage\",\"url\":\"https:\\\/\\\/lightweb.dev\\\/l\\\/svm-temp\\\/wp-content\\\/uploads\\\/2022\\\/08\\\/bomberos-castellon-incendio-U86567720866MJK-624x350@abc-Stor.jpeg\",\"contentUrl\":\"https:\\\/\\\/lightweb.dev\\\/l\\\/svm-temp\\\/wp-content\\\/uploads\\\/2022\\\/08\\\/bomberos-castellon-incendio-U86567720866MJK-624x350@abc-Stor.jpeg\",\"width\":624,\"height\":350,\"caption\":\"Branden i Bej\u00eds i Castell\u00f3nprovinsen \u00e4r fortsatt utan kontroll. (Foto: BOMBERSDIPCAS)\"},{\"@type\":\"BreadcrumbList\",\"@id\":\"https:\\\/\\\/lightweb.dev\\\/l\\\/svm-temp\\\/nyheter\\\/fortsatt-besvarligt-i-valenciaregionen\\\/#breadcrumb\",\"itemListElement\":[{\"@type\":\"ListItem\",\"position\":1,\"name\":\"Hem\",\"item\":\"https:\\\/\\\/lightweb.dev\\\/l\\\/svm-temp\\\/\"},{\"@type\":\"ListItem\",\"position\":2,\"name\":\"Fortsatt besv\u00e4rligt i Valenciaregionen\"}]},{\"@type\":\"WebSite\",\"@id\":\"https:\\\/\\\/lightweb.dev\\\/l\\\/svm-temp\\\/#website\",\"url\":\"https:\\\/\\\/lightweb.dev\\\/l\\\/svm-temp\\\/\",\"name\":\"Svenska Magasinet\",\"description\":\"Dina Spanska nyheter p&aring; Svenska\",\"publisher\":{\"@id\":\"https:\\\/\\\/lightweb.dev\\\/l\\\/svm-temp\\\/#organization\"},\"potentialAction\":[{\"@type\":\"SearchAction\",\"target\":{\"@type\":\"EntryPoint\",\"urlTemplate\":\"https:\\\/\\\/lightweb.dev\\\/l\\\/svm-temp\\\/?s={search_term_string}\"},\"query-input\":{\"@type\":\"PropertyValueSpecification\",\"valueRequired\":true,\"valueName\":\"search_term_string\"}}],\"inLanguage\":\"sv-SE\"},{\"@type\":\"Organization\",\"@id\":\"https:\\\/\\\/lightweb.dev\\\/l\\\/svm-temp\\\/#organization\",\"name\":\"Melkerson y Nott SL\",\"alternateName\":\"Svenska Magasinet\",\"url\":\"https:\\\/\\\/lightweb.dev\\\/l\\\/svm-temp\\\/\",\"logo\":{\"@type\":\"ImageObject\",\"inLanguage\":\"sv-SE\",\"@id\":\"https:\\\/\\\/lightweb.dev\\\/l\\\/svm-temp\\\/#\\\/schema\\\/logo\\\/image\\\/\",\"url\":\"https:\\\/\\\/lightweb.dev\\\/l\\\/svm-temp\\\/wp-content\\\/uploads\\\/2025\\\/02\\\/SvM-logo-Xtra-Centrerad-SVART.png\",\"contentUrl\":\"https:\\\/\\\/lightweb.dev\\\/l\\\/svm-temp\\\/wp-content\\\/uploads\\\/2025\\\/02\\\/SvM-logo-Xtra-Centrerad-SVART.png\",\"width\":300,\"height\":99,\"caption\":\"Melkerson y Nott SL\"},\"image\":{\"@id\":\"https:\\\/\\\/lightweb.dev\\\/l\\\/svm-temp\\\/#\\\/schema\\\/logo\\\/image\\\/\"},\"sameAs\":[\"https:\\\/\\\/www.facebook.com\\\/svenskamagasinet\",\"https:\\\/\\\/x.com\\\/SvenskaMagasine\"]},{\"@type\":\"Person\",\"@id\":\"https:\\\/\\\/lightweb.dev\\\/l\\\/svm-temp\\\/#\\\/schema\\\/person\\\/7a82b8a73d171d32360a564b6d03508e\",\"name\":\"Ola Josefsson\",\"description\":\"Bevakar Solkusten och Spanien sedan 1994.\",\"sameAs\":[\"https:\\\/\\\/lightweb.dev\\\/l\\\/svm-temp\"],\"url\":\"https:\\\/\\\/lightweb.dev\\\/l\\\/svm-temp\\\/reporter\\\/ola-josefsson\\\/\"}]}<\/script>\n<!-- \/ Yoast SEO Premium plugin. -->","yoast_head_json":{"title":"Fortsatt besv\u00e4rligt i Valenciaregionen - Svenska Magasinet","description":"H\u00e4lften av den mark som brandh\u00e4rjats i EU hittills i sommar har drabbat Spanien. Enligt den europeiska satelliten Copernicus har 283.169 hektar mark i Spanien drabbats av br\u00e4nder i sommar. Det betyder att siffran hittills i \u00e5r \u00e4r st\u00f6rre \u00e4n f\u00f6r hela 2012 som var rekord\u00e5ret med mest omfattande br\u00e4nder i landet.","robots":{"index":"noindex","follow":"follow","max-snippet":"max-snippet:-1","max-image-preview":"max-image-preview:large","max-video-preview":"max-video-preview:-1"},"og_locale":"sv_SE","og_type":"article","og_title":"Fortsatt besv\u00e4rligt i Valenciaregionen","og_description":"H\u00e4lften av den mark som brandh\u00e4rjats i EU hittills i sommar har drabbat Spanien. Enligt den europeiska satelliten Copernicus har 283.169 hektar mark i Spanien drabbats av br\u00e4nder i sommar. Det betyder att siffran hittills i \u00e5r \u00e4r st\u00f6rre \u00e4n f\u00f6r hela 2012 som var rekord\u00e5ret med mest omfattande br\u00e4nder i landet.","og_url":"https:\/\/lightweb.dev\/l\/svm-temp\/nyheter\/fortsatt-besvarligt-i-valenciaregionen\/","og_site_name":"Svenska Magasinet","article_publisher":"https:\/\/www.facebook.com\/svenskamagasinet","article_published_time":"2022-08-19T08:13:28+00:00","article_modified_time":"2022-08-19T08:14:41+00:00","og_image":[{"width":624,"height":350,"url":"https:\/\/lightweb.dev\/l\/svm-temp\/wp-content\/uploads\/2022\/08\/bomberos-castellon-incendio-U86567720866MJK-624x350@abc-Stor.jpeg","type":"image\/jpeg"}],"author":"Ola Josefsson","twitter_card":"summary_large_image","twitter_creator":"@SvenskaMagasine","twitter_site":"@SvenskaMagasine","schema":{"@context":"https:\/\/schema.org","@graph":[{"@type":"Article","@id":"https:\/\/lightweb.dev\/l\/svm-temp\/nyheter\/fortsatt-besvarligt-i-valenciaregionen\/#article","isPartOf":{"@id":"https:\/\/lightweb.dev\/l\/svm-temp\/nyheter\/fortsatt-besvarligt-i-valenciaregionen\/"},"author":{"name":"Ola Josefsson","@id":"https:\/\/lightweb.dev\/l\/svm-temp\/#\/schema\/person\/7a82b8a73d171d32360a564b6d03508e"},"headline":"Fortsatt besv\u00e4rligt i Valenciaregionen","datePublished":"2022-08-19T08:13:28+00:00","dateModified":"2022-08-19T08:14:41+00:00","mainEntityOfPage":{"@id":"https:\/\/lightweb.dev\/l\/svm-temp\/nyheter\/fortsatt-besvarligt-i-valenciaregionen\/"},"wordCount":322,"commentCount":1,"publisher":{"@id":"https:\/\/lightweb.dev\/l\/svm-temp\/#organization"},"image":{"@id":"https:\/\/lightweb.dev\/l\/svm-temp\/nyheter\/fortsatt-besvarligt-i-valenciaregionen\/#primaryimage"},"thumbnailUrl":"https:\/\/lightweb.dev\/l\/svm-temp\/wp-content\/uploads\/2022\/08\/bomberos-castellon-incendio-U86567720866MJK-624x350@abc-Stor.jpeg","articleSection":["Arkiv","Nyheter"],"inLanguage":"sv-SE"},{"@type":"WebPage","@id":"https:\/\/lightweb.dev\/l\/svm-temp\/nyheter\/fortsatt-besvarligt-i-valenciaregionen\/","url":"https:\/\/lightweb.dev\/l\/svm-temp\/nyheter\/fortsatt-besvarligt-i-valenciaregionen\/","name":"Fortsatt besv\u00e4rligt i Valenciaregionen - Svenska Magasinet","isPartOf":{"@id":"https:\/\/lightweb.dev\/l\/svm-temp\/#website"},"primaryImageOfPage":{"@id":"https:\/\/lightweb.dev\/l\/svm-temp\/nyheter\/fortsatt-besvarligt-i-valenciaregionen\/#primaryimage"},"image":{"@id":"https:\/\/lightweb.dev\/l\/svm-temp\/nyheter\/fortsatt-besvarligt-i-valenciaregionen\/#primaryimage"},"thumbnailUrl":"https:\/\/lightweb.dev\/l\/svm-temp\/wp-content\/uploads\/2022\/08\/bomberos-castellon-incendio-U86567720866MJK-624x350@abc-Stor.jpeg","datePublished":"2022-08-19T08:13:28+00:00","dateModified":"2022-08-19T08:14:41+00:00","description":"H\u00e4lften av den mark som brandh\u00e4rjats i EU hittills i sommar har drabbat Spanien. Enligt den europeiska satelliten Copernicus har 283.169 hektar mark i Spanien drabbats av br\u00e4nder i sommar. Det betyder att siffran hittills i \u00e5r \u00e4r st\u00f6rre \u00e4n f\u00f6r hela 2012 som var rekord\u00e5ret med mest omfattande br\u00e4nder i landet.","breadcrumb":{"@id":"https:\/\/lightweb.dev\/l\/svm-temp\/nyheter\/fortsatt-besvarligt-i-valenciaregionen\/#breadcrumb"},"inLanguage":"sv-SE","potentialAction":[{"@type":"ReadAction","target":["https:\/\/lightweb.dev\/l\/svm-temp\/nyheter\/fortsatt-besvarligt-i-valenciaregionen\/"]}]},{"@type":"ImageObject","inLanguage":"sv-SE","@id":"https:\/\/lightweb.dev\/l\/svm-temp\/nyheter\/fortsatt-besvarligt-i-valenciaregionen\/#primaryimage","url":"https:\/\/lightweb.dev\/l\/svm-temp\/wp-content\/uploads\/2022\/08\/bomberos-castellon-incendio-U86567720866MJK-624x350@abc-Stor.jpeg","contentUrl":"https:\/\/lightweb.dev\/l\/svm-temp\/wp-content\/uploads\/2022\/08\/bomberos-castellon-incendio-U86567720866MJK-624x350@abc-Stor.jpeg","width":624,"height":350,"caption":"Branden i Bej\u00eds i Castell\u00f3nprovinsen \u00e4r fortsatt utan kontroll. (Foto: BOMBERSDIPCAS)"},{"@type":"BreadcrumbList","@id":"https:\/\/lightweb.dev\/l\/svm-temp\/nyheter\/fortsatt-besvarligt-i-valenciaregionen\/#breadcrumb","itemListElement":[{"@type":"ListItem","position":1,"name":"Hem","item":"https:\/\/lightweb.dev\/l\/svm-temp\/"},{"@type":"ListItem","position":2,"name":"Fortsatt besv\u00e4rligt i Valenciaregionen"}]},{"@type":"WebSite","@id":"https:\/\/lightweb.dev\/l\/svm-temp\/#website","url":"https:\/\/lightweb.dev\/l\/svm-temp\/","name":"Svenska Magasinet","description":"Dina Spanska nyheter p&aring; Svenska","publisher":{"@id":"https:\/\/lightweb.dev\/l\/svm-temp\/#organization"},"potentialAction":[{"@type":"SearchAction","target":{"@type":"EntryPoint","urlTemplate":"https:\/\/lightweb.dev\/l\/svm-temp\/?s={search_term_string}"},"query-input":{"@type":"PropertyValueSpecification","valueRequired":true,"valueName":"search_term_string"}}],"inLanguage":"sv-SE"},{"@type":"Organization","@id":"https:\/\/lightweb.dev\/l\/svm-temp\/#organization","name":"Melkerson y Nott SL","alternateName":"Svenska Magasinet","url":"https:\/\/lightweb.dev\/l\/svm-temp\/","logo":{"@type":"ImageObject","inLanguage":"sv-SE","@id":"https:\/\/lightweb.dev\/l\/svm-temp\/#\/schema\/logo\/image\/","url":"https:\/\/lightweb.dev\/l\/svm-temp\/wp-content\/uploads\/2025\/02\/SvM-logo-Xtra-Centrerad-SVART.png","contentUrl":"https:\/\/lightweb.dev\/l\/svm-temp\/wp-content\/uploads\/2025\/02\/SvM-logo-Xtra-Centrerad-SVART.png","width":300,"height":99,"caption":"Melkerson y Nott SL"},"image":{"@id":"https:\/\/lightweb.dev\/l\/svm-temp\/#\/schema\/logo\/image\/"},"sameAs":["https:\/\/www.facebook.com\/svenskamagasinet","https:\/\/x.com\/SvenskaMagasine"]},{"@type":"Person","@id":"https:\/\/lightweb.dev\/l\/svm-temp\/#\/schema\/person\/7a82b8a73d171d32360a564b6d03508e","name":"Ola Josefsson","description":"Bevakar Solkusten och Spanien sedan 1994.","sameAs":["https:\/\/lightweb.dev\/l\/svm-temp"],"url":"https:\/\/lightweb.dev\/l\/svm-temp\/reporter\/ola-josefsson\/"}]}},"_links":{"self":[{"href":"https:\/\/lightweb.dev\/l\/svm-temp\/wp-json\/wp\/v2\/posts\/56577","targetHints":{"allow":["GET"]}}],"collection":[{"href":"https:\/\/lightweb.dev\/l\/svm-temp\/wp-json\/wp\/v2\/posts"}],"about":[{"href":"https:\/\/lightweb.dev\/l\/svm-temp\/wp-json\/wp\/v2\/types\/post"}],"author":[{"embeddable":true,"href":"https:\/\/lightweb.dev\/l\/svm-temp\/wp-json\/wp\/v2\/users\/7"}],"replies":[{"embeddable":true,"href":"https:\/\/lightweb.dev\/l\/svm-temp\/wp-json\/wp\/v2\/comments?post=56577"}],"version-history":[{"count":0,"href":"https:\/\/lightweb.dev\/l\/svm-temp\/wp-json\/wp\/v2\/posts\/56577\/revisions"}],"wp:featuredmedia":[{"embeddable":true,"href":"https:\/\/lightweb.dev\/l\/svm-temp\/wp-json\/wp\/v2\/media\/56578"}],"wp:attachment":[{"href":"https:\/\/lightweb.dev\/l\/svm-temp\/wp-json\/wp\/v2\/media?parent=56577"}],"wp:term":[{"taxonomy":"category","embeddable":true,"href":"https:\/\/lightweb.dev\/l\/svm-temp\/wp-json\/wp\/v2\/categories?post=56577"},{"taxonomy":"post_tag","embeddable":true,"href":"https:\/\/lightweb.dev\/l\/svm-temp\/wp-json\/wp\/v2\/tags?post=56577"}],"curies":[{"name":"wp","href":"https:\/\/api.w.org\/{rel}","templated":true}]}}