{"id":56582,"date":"2022-08-19T10:46:36","date_gmt":"2022-08-19T08:46:36","guid":{"rendered":"https:\/\/lightweb.dev\/l\/svm-temp\/?p=56582"},"modified":"2022-08-19T10:46:36","modified_gmt":"2022-08-19T08:46:36","slug":"spanien-redovisar-lagsta-fodelsetalen-nagonsin","status":"publish","type":"post","link":"https:\/\/lightweb.dev\/l\/svm-temp\/nyheter\/spanien-redovisar-lagsta-fodelsetalen-nagonsin\/","title":{"rendered":"Spanien redovisar l\u00e4gsta f\u00f6delsetalen n\u00e5gonsin"},"content":{"rendered":"<p><strong>Aldrig n\u00e5gonsin har det f\u00f6tts s\u00e5 f\u00e5 antal barn i Spanien. Senaste halv\u00e5ret f\u00f6ddes 159.705 barn vilket g\u00f6r det till den l\u00e4gsta siffran sedan m\u00e4tningarna startade 1941. Under de senaste fjorton \u00e5ren har trenden med l\u00e4gre f\u00f6delsetal varit tydlig.<\/strong><\/p>\n<p>Det talades om \u201dpandemieffekten\u201d n\u00e4r antalet f\u00f6dslar backade 2020 och 2021 d\u00e5 beslutet att skaffa barn blev uppskjutet p\u00e5 grund av r\u00e4dsla f\u00f6r covid. Nu \u00e4r det skyh\u00f6g inflationen och ekonomisk os\u00e4kerhet och kriget i Ukraina.<\/p>\n<p>Det talas i Spanien om allvarliga demografiska problem som landet st\u00e5r inf\u00f6r och som kr\u00e4ver djupg\u00e5ende ekonomiska och sociala reformer.<\/p>\n<p>Senaste \u00e5rtiondena har Spanien f\u00f6r\u00e4ndrats med en omfattande integrationen av kvinnor p\u00e5 arbetsmarknaden med nya prioriteringar som att g\u00f6ra karri\u00e4r. Det talas mindre om att bilda familj och skaffa barn. Det har bidragit till att f\u00f6delsetalen har kollapsat.<\/p>\n<p>Trenden med f\u00e4rre f\u00f6dslar avbr\u00f6ts mellan 1998 och 2008. Det var en period som k\u00e4nnetecknades av stark ekonomisk tillv\u00e4xt och syssels\u00e4ttning. Sedan kom den ekonomiska krisen och l\u00e5gkonjunkturen som sammanf\u00f6ll med en stark tillstr\u00f6mning av invandrare.<\/p>\n<p>Otrygga jobb med l\u00e5ga l\u00f6ner bland unga, o\u00f6verkomliga priser p\u00e5 bost\u00e4der och ytterligare hinder har bildat en ond cirkel i ett samh\u00e4lle som \u00e5ldras.<\/p>\n<p>\u00c4ven i M\u00e1lagaprovinsen befinner sig f\u00f6delsetalen i fritt fall med mindre \u00e4n tusen nya f\u00f6dda per m\u00e5nad. Mellan januari och juni f\u00f6ddes 5.859 barn i provinsen enligt siffror fr\u00e5n INE (Instituto Nacional de Estad\u00edstica) vilket blir i genomsnitt 976 i m\u00e5naden.<\/p>\n","protected":false},"excerpt":{"rendered":"<p>Aldrig n\u00e5gonsin har det f\u00f6tts s\u00e5 f\u00e5 antal barn i Spanien. Senaste halv\u00e5ret f\u00f6ddes 159.705 barn vilket g\u00f6r det till den l\u00e4gsta siffran sedan m\u00e4tningarna startade 1941. Under de senaste fjorton \u00e5ren har trenden med l\u00e4gre f\u00f6delsetal varit tydlig. Det talades om \u201dpandemieffekten\u201d n\u00e4r antalet f\u00f6dslar backade 2020 och 2021 d\u00e5 beslutet att skaffa barn [&hellip;]<\/p>\n","protected":false},"author":7,"featured_media":56583,"comment_status":"open","ping_status":"open","sticky":false,"template":"","format":"standard","meta":{"_et_pb_use_builder":"","_et_pb_old_content":"","_et_gb_content_width":"","footnotes":""},"categories":[395,3],"tags":[],"class_list":["post-56582","post","type-post","status-publish","format-standard","has-post-thumbnail","hentry","category-arkiv-nyheter","category-nyheter"],"yoast_head":"<!-- This site is optimized with the Yoast SEO Premium plugin v26.2 (Yoast SEO v27.4) - https:\/\/yoast.com\/product\/yoast-seo-premium-wordpress\/ -->\n<title>Spanien redovisar l\u00e4gsta f\u00f6delsetalen n\u00e5gonsin - Svenska Magasinet<\/title>\n<meta name=\"description\" content=\"Aldrig n\u00e5gonsin har det f\u00f6tts s\u00e5 f\u00e5 antal barn i Spanien. Senaste halv\u00e5ret f\u00f6ddes 159.705 barn vilket g\u00f6r det till den l\u00e4gsta siffran sedan m\u00e4tningarna startade 1941. Under de senaste fjorton \u00e5ren har trenden med l\u00e4gre f\u00f6delsetal varit tydlig.\" \/>\n<meta name=\"robots\" content=\"noindex, follow, max-snippet:-1, max-image-preview:large, max-video-preview:-1\" \/>\n<meta property=\"og:locale\" content=\"sv_SE\" \/>\n<meta property=\"og:type\" content=\"article\" \/>\n<meta property=\"og:title\" content=\"Spanien redovisar l\u00e4gsta f\u00f6delsetalen n\u00e5gonsin\" \/>\n<meta property=\"og:description\" content=\"Aldrig n\u00e5gonsin har det f\u00f6tts s\u00e5 f\u00e5 antal barn i Spanien. Senaste halv\u00e5ret f\u00f6ddes 159.705 barn vilket g\u00f6r det till den l\u00e4gsta siffran sedan m\u00e4tningarna startade 1941. Under de senaste fjorton \u00e5ren har trenden med l\u00e4gre f\u00f6delsetal varit tydlig.\" \/>\n<meta property=\"og:url\" content=\"https:\/\/lightweb.dev\/l\/svm-temp\/nyheter\/spanien-redovisar-lagsta-fodelsetalen-nagonsin\/\" \/>\n<meta property=\"og:site_name\" content=\"Svenska Magasinet\" \/>\n<meta property=\"article:publisher\" content=\"https:\/\/www.facebook.com\/svenskamagasinet\" \/>\n<meta property=\"article:published_time\" content=\"2022-08-19T08:46:36+00:00\" \/>\n<meta property=\"og:image\" content=\"https:\/\/lightweb.dev\/l\/svm-temp\/wp-content\/uploads\/2022\/08\/DSC_5851-Stor.jpeg\" \/>\n\t<meta property=\"og:image:width\" content=\"1280\" \/>\n\t<meta property=\"og:image:height\" content=\"857\" \/>\n\t<meta property=\"og:image:type\" content=\"image\/jpeg\" \/>\n<meta name=\"author\" content=\"Ola Josefsson\" \/>\n<meta name=\"twitter:card\" content=\"summary_large_image\" \/>\n<meta name=\"twitter:creator\" content=\"@SvenskaMagasine\" \/>\n<meta name=\"twitter:site\" content=\"@SvenskaMagasine\" \/>\n<script type=\"application\/ld+json\" class=\"yoast-schema-graph\">{\"@context\":\"https:\\\/\\\/schema.org\",\"@graph\":[{\"@type\":\"Article\",\"@id\":\"https:\\\/\\\/lightweb.dev\\\/l\\\/svm-temp\\\/nyheter\\\/spanien-redovisar-lagsta-fodelsetalen-nagonsin\\\/#article\",\"isPartOf\":{\"@id\":\"https:\\\/\\\/lightweb.dev\\\/l\\\/svm-temp\\\/nyheter\\\/spanien-redovisar-lagsta-fodelsetalen-nagonsin\\\/\"},\"author\":{\"name\":\"Ola Josefsson\",\"@id\":\"https:\\\/\\\/lightweb.dev\\\/l\\\/svm-temp\\\/#\\\/schema\\\/person\\\/7a82b8a73d171d32360a564b6d03508e\"},\"headline\":\"Spanien redovisar l\u00e4gsta f\u00f6delsetalen n\u00e5gonsin\",\"datePublished\":\"2022-08-19T08:46:36+00:00\",\"mainEntityOfPage\":{\"@id\":\"https:\\\/\\\/lightweb.dev\\\/l\\\/svm-temp\\\/nyheter\\\/spanien-redovisar-lagsta-fodelsetalen-nagonsin\\\/\"},\"wordCount\":280,\"commentCount\":1,\"publisher\":{\"@id\":\"https:\\\/\\\/lightweb.dev\\\/l\\\/svm-temp\\\/#organization\"},\"image\":{\"@id\":\"https:\\\/\\\/lightweb.dev\\\/l\\\/svm-temp\\\/nyheter\\\/spanien-redovisar-lagsta-fodelsetalen-nagonsin\\\/#primaryimage\"},\"thumbnailUrl\":\"https:\\\/\\\/lightweb.dev\\\/l\\\/svm-temp\\\/wp-content\\\/uploads\\\/2022\\\/08\\\/DSC_5851-Stor.jpeg\",\"articleSection\":[\"Arkiv\",\"Nyheter\"],\"inLanguage\":\"sv-SE\"},{\"@type\":\"WebPage\",\"@id\":\"https:\\\/\\\/lightweb.dev\\\/l\\\/svm-temp\\\/nyheter\\\/spanien-redovisar-lagsta-fodelsetalen-nagonsin\\\/\",\"url\":\"https:\\\/\\\/lightweb.dev\\\/l\\\/svm-temp\\\/nyheter\\\/spanien-redovisar-lagsta-fodelsetalen-nagonsin\\\/\",\"name\":\"Spanien redovisar l\u00e4gsta f\u00f6delsetalen n\u00e5gonsin - Svenska Magasinet\",\"isPartOf\":{\"@id\":\"https:\\\/\\\/lightweb.dev\\\/l\\\/svm-temp\\\/#website\"},\"primaryImageOfPage\":{\"@id\":\"https:\\\/\\\/lightweb.dev\\\/l\\\/svm-temp\\\/nyheter\\\/spanien-redovisar-lagsta-fodelsetalen-nagonsin\\\/#primaryimage\"},\"image\":{\"@id\":\"https:\\\/\\\/lightweb.dev\\\/l\\\/svm-temp\\\/nyheter\\\/spanien-redovisar-lagsta-fodelsetalen-nagonsin\\\/#primaryimage\"},\"thumbnailUrl\":\"https:\\\/\\\/lightweb.dev\\\/l\\\/svm-temp\\\/wp-content\\\/uploads\\\/2022\\\/08\\\/DSC_5851-Stor.jpeg\",\"datePublished\":\"2022-08-19T08:46:36+00:00\",\"description\":\"Aldrig n\u00e5gonsin har det f\u00f6tts s\u00e5 f\u00e5 antal barn i Spanien. Senaste halv\u00e5ret f\u00f6ddes 159.705 barn vilket g\u00f6r det till den l\u00e4gsta siffran sedan m\u00e4tningarna startade 1941. Under de senaste fjorton \u00e5ren har trenden med l\u00e4gre f\u00f6delsetal varit tydlig.\",\"breadcrumb\":{\"@id\":\"https:\\\/\\\/lightweb.dev\\\/l\\\/svm-temp\\\/nyheter\\\/spanien-redovisar-lagsta-fodelsetalen-nagonsin\\\/#breadcrumb\"},\"inLanguage\":\"sv-SE\",\"potentialAction\":[{\"@type\":\"ReadAction\",\"target\":[\"https:\\\/\\\/lightweb.dev\\\/l\\\/svm-temp\\\/nyheter\\\/spanien-redovisar-lagsta-fodelsetalen-nagonsin\\\/\"]}]},{\"@type\":\"ImageObject\",\"inLanguage\":\"sv-SE\",\"@id\":\"https:\\\/\\\/lightweb.dev\\\/l\\\/svm-temp\\\/nyheter\\\/spanien-redovisar-lagsta-fodelsetalen-nagonsin\\\/#primaryimage\",\"url\":\"https:\\\/\\\/lightweb.dev\\\/l\\\/svm-temp\\\/wp-content\\\/uploads\\\/2022\\\/08\\\/DSC_5851-Stor.jpeg\",\"contentUrl\":\"https:\\\/\\\/lightweb.dev\\\/l\\\/svm-temp\\\/wp-content\\\/uploads\\\/2022\\\/08\\\/DSC_5851-Stor.jpeg\",\"width\":1280,\"height\":857},{\"@type\":\"BreadcrumbList\",\"@id\":\"https:\\\/\\\/lightweb.dev\\\/l\\\/svm-temp\\\/nyheter\\\/spanien-redovisar-lagsta-fodelsetalen-nagonsin\\\/#breadcrumb\",\"itemListElement\":[{\"@type\":\"ListItem\",\"position\":1,\"name\":\"Hem\",\"item\":\"https:\\\/\\\/lightweb.dev\\\/l\\\/svm-temp\\\/\"},{\"@type\":\"ListItem\",\"position\":2,\"name\":\"Spanien redovisar l\u00e4gsta f\u00f6delsetalen n\u00e5gonsin\"}]},{\"@type\":\"WebSite\",\"@id\":\"https:\\\/\\\/lightweb.dev\\\/l\\\/svm-temp\\\/#website\",\"url\":\"https:\\\/\\\/lightweb.dev\\\/l\\\/svm-temp\\\/\",\"name\":\"Svenska Magasinet\",\"description\":\"Dina Spanska nyheter p&aring; Svenska\",\"publisher\":{\"@id\":\"https:\\\/\\\/lightweb.dev\\\/l\\\/svm-temp\\\/#organization\"},\"potentialAction\":[{\"@type\":\"SearchAction\",\"target\":{\"@type\":\"EntryPoint\",\"urlTemplate\":\"https:\\\/\\\/lightweb.dev\\\/l\\\/svm-temp\\\/?s={search_term_string}\"},\"query-input\":{\"@type\":\"PropertyValueSpecification\",\"valueRequired\":true,\"valueName\":\"search_term_string\"}}],\"inLanguage\":\"sv-SE\"},{\"@type\":\"Organization\",\"@id\":\"https:\\\/\\\/lightweb.dev\\\/l\\\/svm-temp\\\/#organization\",\"name\":\"Melkerson y Nott SL\",\"alternateName\":\"Svenska Magasinet\",\"url\":\"https:\\\/\\\/lightweb.dev\\\/l\\\/svm-temp\\\/\",\"logo\":{\"@type\":\"ImageObject\",\"inLanguage\":\"sv-SE\",\"@id\":\"https:\\\/\\\/lightweb.dev\\\/l\\\/svm-temp\\\/#\\\/schema\\\/logo\\\/image\\\/\",\"url\":\"https:\\\/\\\/lightweb.dev\\\/l\\\/svm-temp\\\/wp-content\\\/uploads\\\/2025\\\/02\\\/SvM-logo-Xtra-Centrerad-SVART.png\",\"contentUrl\":\"https:\\\/\\\/lightweb.dev\\\/l\\\/svm-temp\\\/wp-content\\\/uploads\\\/2025\\\/02\\\/SvM-logo-Xtra-Centrerad-SVART.png\",\"width\":300,\"height\":99,\"caption\":\"Melkerson y Nott SL\"},\"image\":{\"@id\":\"https:\\\/\\\/lightweb.dev\\\/l\\\/svm-temp\\\/#\\\/schema\\\/logo\\\/image\\\/\"},\"sameAs\":[\"https:\\\/\\\/www.facebook.com\\\/svenskamagasinet\",\"https:\\\/\\\/x.com\\\/SvenskaMagasine\"]},{\"@type\":\"Person\",\"@id\":\"https:\\\/\\\/lightweb.dev\\\/l\\\/svm-temp\\\/#\\\/schema\\\/person\\\/7a82b8a73d171d32360a564b6d03508e\",\"name\":\"Ola Josefsson\",\"description\":\"Bevakar Solkusten och Spanien sedan 1994.\",\"sameAs\":[\"https:\\\/\\\/lightweb.dev\\\/l\\\/svm-temp\"],\"url\":\"https:\\\/\\\/lightweb.dev\\\/l\\\/svm-temp\\\/reporter\\\/ola-josefsson\\\/\"}]}<\/script>\n<!-- \/ Yoast SEO Premium plugin. -->","yoast_head_json":{"title":"Spanien redovisar l\u00e4gsta f\u00f6delsetalen n\u00e5gonsin - Svenska Magasinet","description":"Aldrig n\u00e5gonsin har det f\u00f6tts s\u00e5 f\u00e5 antal barn i Spanien. Senaste halv\u00e5ret f\u00f6ddes 159.705 barn vilket g\u00f6r det till den l\u00e4gsta siffran sedan m\u00e4tningarna startade 1941. Under de senaste fjorton \u00e5ren har trenden med l\u00e4gre f\u00f6delsetal varit tydlig.","robots":{"index":"noindex","follow":"follow","max-snippet":"max-snippet:-1","max-image-preview":"max-image-preview:large","max-video-preview":"max-video-preview:-1"},"og_locale":"sv_SE","og_type":"article","og_title":"Spanien redovisar l\u00e4gsta f\u00f6delsetalen n\u00e5gonsin","og_description":"Aldrig n\u00e5gonsin har det f\u00f6tts s\u00e5 f\u00e5 antal barn i Spanien. Senaste halv\u00e5ret f\u00f6ddes 159.705 barn vilket g\u00f6r det till den l\u00e4gsta siffran sedan m\u00e4tningarna startade 1941. Under de senaste fjorton \u00e5ren har trenden med l\u00e4gre f\u00f6delsetal varit tydlig.","og_url":"https:\/\/lightweb.dev\/l\/svm-temp\/nyheter\/spanien-redovisar-lagsta-fodelsetalen-nagonsin\/","og_site_name":"Svenska Magasinet","article_publisher":"https:\/\/www.facebook.com\/svenskamagasinet","article_published_time":"2022-08-19T08:46:36+00:00","og_image":[{"width":1280,"height":857,"url":"https:\/\/lightweb.dev\/l\/svm-temp\/wp-content\/uploads\/2022\/08\/DSC_5851-Stor.jpeg","type":"image\/jpeg"}],"author":"Ola Josefsson","twitter_card":"summary_large_image","twitter_creator":"@SvenskaMagasine","twitter_site":"@SvenskaMagasine","schema":{"@context":"https:\/\/schema.org","@graph":[{"@type":"Article","@id":"https:\/\/lightweb.dev\/l\/svm-temp\/nyheter\/spanien-redovisar-lagsta-fodelsetalen-nagonsin\/#article","isPartOf":{"@id":"https:\/\/lightweb.dev\/l\/svm-temp\/nyheter\/spanien-redovisar-lagsta-fodelsetalen-nagonsin\/"},"author":{"name":"Ola Josefsson","@id":"https:\/\/lightweb.dev\/l\/svm-temp\/#\/schema\/person\/7a82b8a73d171d32360a564b6d03508e"},"headline":"Spanien redovisar l\u00e4gsta f\u00f6delsetalen n\u00e5gonsin","datePublished":"2022-08-19T08:46:36+00:00","mainEntityOfPage":{"@id":"https:\/\/lightweb.dev\/l\/svm-temp\/nyheter\/spanien-redovisar-lagsta-fodelsetalen-nagonsin\/"},"wordCount":280,"commentCount":1,"publisher":{"@id":"https:\/\/lightweb.dev\/l\/svm-temp\/#organization"},"image":{"@id":"https:\/\/lightweb.dev\/l\/svm-temp\/nyheter\/spanien-redovisar-lagsta-fodelsetalen-nagonsin\/#primaryimage"},"thumbnailUrl":"https:\/\/lightweb.dev\/l\/svm-temp\/wp-content\/uploads\/2022\/08\/DSC_5851-Stor.jpeg","articleSection":["Arkiv","Nyheter"],"inLanguage":"sv-SE"},{"@type":"WebPage","@id":"https:\/\/lightweb.dev\/l\/svm-temp\/nyheter\/spanien-redovisar-lagsta-fodelsetalen-nagonsin\/","url":"https:\/\/lightweb.dev\/l\/svm-temp\/nyheter\/spanien-redovisar-lagsta-fodelsetalen-nagonsin\/","name":"Spanien redovisar l\u00e4gsta f\u00f6delsetalen n\u00e5gonsin - Svenska Magasinet","isPartOf":{"@id":"https:\/\/lightweb.dev\/l\/svm-temp\/#website"},"primaryImageOfPage":{"@id":"https:\/\/lightweb.dev\/l\/svm-temp\/nyheter\/spanien-redovisar-lagsta-fodelsetalen-nagonsin\/#primaryimage"},"image":{"@id":"https:\/\/lightweb.dev\/l\/svm-temp\/nyheter\/spanien-redovisar-lagsta-fodelsetalen-nagonsin\/#primaryimage"},"thumbnailUrl":"https:\/\/lightweb.dev\/l\/svm-temp\/wp-content\/uploads\/2022\/08\/DSC_5851-Stor.jpeg","datePublished":"2022-08-19T08:46:36+00:00","description":"Aldrig n\u00e5gonsin har det f\u00f6tts s\u00e5 f\u00e5 antal barn i Spanien. Senaste halv\u00e5ret f\u00f6ddes 159.705 barn vilket g\u00f6r det till den l\u00e4gsta siffran sedan m\u00e4tningarna startade 1941. Under de senaste fjorton \u00e5ren har trenden med l\u00e4gre f\u00f6delsetal varit tydlig.","breadcrumb":{"@id":"https:\/\/lightweb.dev\/l\/svm-temp\/nyheter\/spanien-redovisar-lagsta-fodelsetalen-nagonsin\/#breadcrumb"},"inLanguage":"sv-SE","potentialAction":[{"@type":"ReadAction","target":["https:\/\/lightweb.dev\/l\/svm-temp\/nyheter\/spanien-redovisar-lagsta-fodelsetalen-nagonsin\/"]}]},{"@type":"ImageObject","inLanguage":"sv-SE","@id":"https:\/\/lightweb.dev\/l\/svm-temp\/nyheter\/spanien-redovisar-lagsta-fodelsetalen-nagonsin\/#primaryimage","url":"https:\/\/lightweb.dev\/l\/svm-temp\/wp-content\/uploads\/2022\/08\/DSC_5851-Stor.jpeg","contentUrl":"https:\/\/lightweb.dev\/l\/svm-temp\/wp-content\/uploads\/2022\/08\/DSC_5851-Stor.jpeg","width":1280,"height":857},{"@type":"BreadcrumbList","@id":"https:\/\/lightweb.dev\/l\/svm-temp\/nyheter\/spanien-redovisar-lagsta-fodelsetalen-nagonsin\/#breadcrumb","itemListElement":[{"@type":"ListItem","position":1,"name":"Hem","item":"https:\/\/lightweb.dev\/l\/svm-temp\/"},{"@type":"ListItem","position":2,"name":"Spanien redovisar l\u00e4gsta f\u00f6delsetalen n\u00e5gonsin"}]},{"@type":"WebSite","@id":"https:\/\/lightweb.dev\/l\/svm-temp\/#website","url":"https:\/\/lightweb.dev\/l\/svm-temp\/","name":"Svenska Magasinet","description":"Dina Spanska nyheter p&aring; Svenska","publisher":{"@id":"https:\/\/lightweb.dev\/l\/svm-temp\/#organization"},"potentialAction":[{"@type":"SearchAction","target":{"@type":"EntryPoint","urlTemplate":"https:\/\/lightweb.dev\/l\/svm-temp\/?s={search_term_string}"},"query-input":{"@type":"PropertyValueSpecification","valueRequired":true,"valueName":"search_term_string"}}],"inLanguage":"sv-SE"},{"@type":"Organization","@id":"https:\/\/lightweb.dev\/l\/svm-temp\/#organization","name":"Melkerson y Nott SL","alternateName":"Svenska Magasinet","url":"https:\/\/lightweb.dev\/l\/svm-temp\/","logo":{"@type":"ImageObject","inLanguage":"sv-SE","@id":"https:\/\/lightweb.dev\/l\/svm-temp\/#\/schema\/logo\/image\/","url":"https:\/\/lightweb.dev\/l\/svm-temp\/wp-content\/uploads\/2025\/02\/SvM-logo-Xtra-Centrerad-SVART.png","contentUrl":"https:\/\/lightweb.dev\/l\/svm-temp\/wp-content\/uploads\/2025\/02\/SvM-logo-Xtra-Centrerad-SVART.png","width":300,"height":99,"caption":"Melkerson y Nott SL"},"image":{"@id":"https:\/\/lightweb.dev\/l\/svm-temp\/#\/schema\/logo\/image\/"},"sameAs":["https:\/\/www.facebook.com\/svenskamagasinet","https:\/\/x.com\/SvenskaMagasine"]},{"@type":"Person","@id":"https:\/\/lightweb.dev\/l\/svm-temp\/#\/schema\/person\/7a82b8a73d171d32360a564b6d03508e","name":"Ola Josefsson","description":"Bevakar Solkusten och Spanien sedan 1994.","sameAs":["https:\/\/lightweb.dev\/l\/svm-temp"],"url":"https:\/\/lightweb.dev\/l\/svm-temp\/reporter\/ola-josefsson\/"}]}},"_links":{"self":[{"href":"https:\/\/lightweb.dev\/l\/svm-temp\/wp-json\/wp\/v2\/posts\/56582","targetHints":{"allow":["GET"]}}],"collection":[{"href":"https:\/\/lightweb.dev\/l\/svm-temp\/wp-json\/wp\/v2\/posts"}],"about":[{"href":"https:\/\/lightweb.dev\/l\/svm-temp\/wp-json\/wp\/v2\/types\/post"}],"author":[{"embeddable":true,"href":"https:\/\/lightweb.dev\/l\/svm-temp\/wp-json\/wp\/v2\/users\/7"}],"replies":[{"embeddable":true,"href":"https:\/\/lightweb.dev\/l\/svm-temp\/wp-json\/wp\/v2\/comments?post=56582"}],"version-history":[{"count":0,"href":"https:\/\/lightweb.dev\/l\/svm-temp\/wp-json\/wp\/v2\/posts\/56582\/revisions"}],"wp:featuredmedia":[{"embeddable":true,"href":"https:\/\/lightweb.dev\/l\/svm-temp\/wp-json\/wp\/v2\/media\/56583"}],"wp:attachment":[{"href":"https:\/\/lightweb.dev\/l\/svm-temp\/wp-json\/wp\/v2\/media?parent=56582"}],"wp:term":[{"taxonomy":"category","embeddable":true,"href":"https:\/\/lightweb.dev\/l\/svm-temp\/wp-json\/wp\/v2\/categories?post=56582"},{"taxonomy":"post_tag","embeddable":true,"href":"https:\/\/lightweb.dev\/l\/svm-temp\/wp-json\/wp\/v2\/tags?post=56582"}],"curies":[{"name":"wp","href":"https:\/\/api.w.org\/{rel}","templated":true}]}}