{"id":56600,"date":"2022-08-19T13:45:55","date_gmt":"2022-08-19T11:45:55","guid":{"rendered":"https:\/\/lightweb.dev\/l\/svm-temp\/?p=56600"},"modified":"2022-08-19T15:16:27","modified_gmt":"2022-08-19T13:16:27","slug":"coto-la-zagaleta-i-benahavis-nummer-1-i-spanien","status":"publish","type":"post","link":"https:\/\/lightweb.dev\/l\/svm-temp\/nyheter\/coto-la-zagaleta-i-benahavis-nummer-1-i-spanien\/","title":{"rendered":"Coto La Zagaleta i Benahav\u00eds nummer 1 i Spanien"},"content":{"rendered":"<p><strong>9.956.525 euro kostar det i genomsnitt att k\u00f6pa en rej\u00e4l bostad i Coto La Zagaleta i Benahav\u00eds kommun p\u00e5 Costa del Sol. Det tillh\u00f6r ett av de mest fashionabla omr\u00e5dena i Spanien.<\/strong><\/p>\n<p>De tio dyraste gatorna eller bostadsomr\u00e5dena i Spanien hittar vi i Andalusien, Madrid och p\u00e5 Balearerna. H\u00e4r ligger priserna fr\u00e5n 6,22 till 9,95 miljoner euro enligt en studie utf\u00f6rd av Idealista.<\/p>\n<p>Coto La Zagaleta med cirka 230 hus och herrg\u00e5rdar \u00e4r nummer 1 landet och ett av de mest fashionabla omr\u00e5dena i Europa som erbjuder lyx och avskildhet. H\u00e4r ligger genomsnittspriset p\u00e5 i runda tal 9,95 miljoner euro.<\/p>\n<p>Omkring 1.500 personer \u00e4r anst\u00e4llda i omr\u00e5det f\u00f6r att garantera h\u00f6gsta s\u00e4kerhet, service och lyx.<\/p>\n<p>Om du letar efter n\u00e5got ut\u00f6ver det vanliga ligger \u00e4ven calle Sant Carles i Calvi\u00e1 (Mallorca) bra till med genomsnittspriser p\u00e5 9,45 miljoner euro f\u00f6ljt av calle del Camino del Sur i La Moraleja (Madrid) p\u00e5 8,43 miljoner euro.<\/p>\n<p>Andra fashionabla platser \u00e4r calle Pagell i Andratx (Mallorca), calle Binicaubell (Palma) eller Paseo de los Lagos i Pozuelo de Alarc\u00f3n (Madrid).<\/p>\n","protected":false},"excerpt":{"rendered":"<p>9.956.525 euro kostar det i genomsnitt att k\u00f6pa en rej\u00e4l bostad i Coto La Zagaleta i Benahav\u00eds kommun p\u00e5 Costa del Sol. Det tillh\u00f6r ett av de mest fashionabla omr\u00e5dena i Spanien. De tio dyraste gatorna eller bostadsomr\u00e5dena i Spanien hittar vi i Andalusien, Madrid och p\u00e5 Balearerna. H\u00e4r ligger priserna fr\u00e5n 6,22 till 9,95 [&hellip;]<\/p>\n","protected":false},"author":7,"featured_media":56601,"comment_status":"open","ping_status":"open","sticky":false,"template":"","format":"standard","meta":{"_et_pb_use_builder":"","_et_pb_old_content":"","_et_gb_content_width":"","footnotes":""},"categories":[395,3],"tags":[],"class_list":["post-56600","post","type-post","status-publish","format-standard","has-post-thumbnail","hentry","category-arkiv-nyheter","category-nyheter"],"yoast_head":"<!-- This site is optimized with the Yoast SEO Premium plugin v26.2 (Yoast SEO v27.4) - https:\/\/yoast.com\/product\/yoast-seo-premium-wordpress\/ -->\n<title>Coto La Zagaleta i Benahav\u00eds nummer 1 i Spanien - Svenska Magasinet<\/title>\n<meta name=\"description\" content=\"9.956.525 euro kostar det i genomsnitt att k\u00f6pa en rej\u00e4l bostad i Coto La Zagaleta i Benahav\u00eds kommun p\u00e5 Costa del Sol. Det tillh\u00f6r ett av de mest fashionabla omr\u00e5dena i Spanien.\" \/>\n<meta name=\"robots\" content=\"noindex, follow, max-snippet:-1, max-image-preview:large, max-video-preview:-1\" \/>\n<meta property=\"og:locale\" content=\"sv_SE\" \/>\n<meta property=\"og:type\" content=\"article\" \/>\n<meta property=\"og:title\" content=\"Coto La Zagaleta i Benahav\u00eds nummer 1 i Spanien\" \/>\n<meta property=\"og:description\" content=\"9.956.525 euro kostar det i genomsnitt att k\u00f6pa en rej\u00e4l bostad i Coto La Zagaleta i Benahav\u00eds kommun p\u00e5 Costa del Sol. Det tillh\u00f6r ett av de mest fashionabla omr\u00e5dena i Spanien.\" \/>\n<meta property=\"og:url\" content=\"https:\/\/lightweb.dev\/l\/svm-temp\/nyheter\/coto-la-zagaleta-i-benahavis-nummer-1-i-spanien\/\" \/>\n<meta property=\"og:site_name\" content=\"Svenska Magasinet\" \/>\n<meta property=\"article:publisher\" content=\"https:\/\/www.facebook.com\/svenskamagasinet\" \/>\n<meta property=\"article:published_time\" content=\"2022-08-19T11:45:55+00:00\" \/>\n<meta property=\"article:modified_time\" content=\"2022-08-19T13:16:27+00:00\" \/>\n<meta property=\"og:image\" content=\"https:\/\/lightweb.dev\/l\/svm-temp\/wp-content\/uploads\/2022\/08\/la_zagaleta-Stor.jpeg\" \/>\n\t<meta property=\"og:image:width\" content=\"744\" \/>\n\t<meta property=\"og:image:height\" content=\"389\" \/>\n\t<meta property=\"og:image:type\" content=\"image\/jpeg\" \/>\n<meta name=\"author\" content=\"Ola Josefsson\" \/>\n<meta name=\"twitter:card\" content=\"summary_large_image\" \/>\n<meta name=\"twitter:creator\" content=\"@SvenskaMagasine\" \/>\n<meta name=\"twitter:site\" content=\"@SvenskaMagasine\" \/>\n<script type=\"application\/ld+json\" class=\"yoast-schema-graph\">{\"@context\":\"https:\\\/\\\/schema.org\",\"@graph\":[{\"@type\":\"Article\",\"@id\":\"https:\\\/\\\/lightweb.dev\\\/l\\\/svm-temp\\\/nyheter\\\/coto-la-zagaleta-i-benahavis-nummer-1-i-spanien\\\/#article\",\"isPartOf\":{\"@id\":\"https:\\\/\\\/lightweb.dev\\\/l\\\/svm-temp\\\/nyheter\\\/coto-la-zagaleta-i-benahavis-nummer-1-i-spanien\\\/\"},\"author\":{\"name\":\"Ola Josefsson\",\"@id\":\"https:\\\/\\\/lightweb.dev\\\/l\\\/svm-temp\\\/#\\\/schema\\\/person\\\/7a82b8a73d171d32360a564b6d03508e\"},\"headline\":\"Coto La Zagaleta i Benahav\u00eds nummer 1 i Spanien\",\"datePublished\":\"2022-08-19T11:45:55+00:00\",\"dateModified\":\"2022-08-19T13:16:27+00:00\",\"mainEntityOfPage\":{\"@id\":\"https:\\\/\\\/lightweb.dev\\\/l\\\/svm-temp\\\/nyheter\\\/coto-la-zagaleta-i-benahavis-nummer-1-i-spanien\\\/\"},\"wordCount\":197,\"commentCount\":2,\"publisher\":{\"@id\":\"https:\\\/\\\/lightweb.dev\\\/l\\\/svm-temp\\\/#organization\"},\"image\":{\"@id\":\"https:\\\/\\\/lightweb.dev\\\/l\\\/svm-temp\\\/nyheter\\\/coto-la-zagaleta-i-benahavis-nummer-1-i-spanien\\\/#primaryimage\"},\"thumbnailUrl\":\"https:\\\/\\\/lightweb.dev\\\/l\\\/svm-temp\\\/wp-content\\\/uploads\\\/2022\\\/08\\\/la_zagaleta-Stor.jpeg\",\"articleSection\":[\"Arkiv\",\"Nyheter\"],\"inLanguage\":\"sv-SE\"},{\"@type\":\"WebPage\",\"@id\":\"https:\\\/\\\/lightweb.dev\\\/l\\\/svm-temp\\\/nyheter\\\/coto-la-zagaleta-i-benahavis-nummer-1-i-spanien\\\/\",\"url\":\"https:\\\/\\\/lightweb.dev\\\/l\\\/svm-temp\\\/nyheter\\\/coto-la-zagaleta-i-benahavis-nummer-1-i-spanien\\\/\",\"name\":\"Coto La Zagaleta i Benahav\u00eds nummer 1 i Spanien - Svenska Magasinet\",\"isPartOf\":{\"@id\":\"https:\\\/\\\/lightweb.dev\\\/l\\\/svm-temp\\\/#website\"},\"primaryImageOfPage\":{\"@id\":\"https:\\\/\\\/lightweb.dev\\\/l\\\/svm-temp\\\/nyheter\\\/coto-la-zagaleta-i-benahavis-nummer-1-i-spanien\\\/#primaryimage\"},\"image\":{\"@id\":\"https:\\\/\\\/lightweb.dev\\\/l\\\/svm-temp\\\/nyheter\\\/coto-la-zagaleta-i-benahavis-nummer-1-i-spanien\\\/#primaryimage\"},\"thumbnailUrl\":\"https:\\\/\\\/lightweb.dev\\\/l\\\/svm-temp\\\/wp-content\\\/uploads\\\/2022\\\/08\\\/la_zagaleta-Stor.jpeg\",\"datePublished\":\"2022-08-19T11:45:55+00:00\",\"dateModified\":\"2022-08-19T13:16:27+00:00\",\"description\":\"9.956.525 euro kostar det i genomsnitt att k\u00f6pa en rej\u00e4l bostad i Coto La Zagaleta i Benahav\u00eds kommun p\u00e5 Costa del Sol. Det tillh\u00f6r ett av de mest fashionabla omr\u00e5dena i Spanien.\",\"breadcrumb\":{\"@id\":\"https:\\\/\\\/lightweb.dev\\\/l\\\/svm-temp\\\/nyheter\\\/coto-la-zagaleta-i-benahavis-nummer-1-i-spanien\\\/#breadcrumb\"},\"inLanguage\":\"sv-SE\",\"potentialAction\":[{\"@type\":\"ReadAction\",\"target\":[\"https:\\\/\\\/lightweb.dev\\\/l\\\/svm-temp\\\/nyheter\\\/coto-la-zagaleta-i-benahavis-nummer-1-i-spanien\\\/\"]}]},{\"@type\":\"ImageObject\",\"inLanguage\":\"sv-SE\",\"@id\":\"https:\\\/\\\/lightweb.dev\\\/l\\\/svm-temp\\\/nyheter\\\/coto-la-zagaleta-i-benahavis-nummer-1-i-spanien\\\/#primaryimage\",\"url\":\"https:\\\/\\\/lightweb.dev\\\/l\\\/svm-temp\\\/wp-content\\\/uploads\\\/2022\\\/08\\\/la_zagaleta-Stor.jpeg\",\"contentUrl\":\"https:\\\/\\\/lightweb.dev\\\/l\\\/svm-temp\\\/wp-content\\\/uploads\\\/2022\\\/08\\\/la_zagaleta-Stor.jpeg\",\"width\":744,\"height\":389,\"caption\":\"Coto La Zagaleta som har cirka 230 hus och herrg\u00e5rdar \u00e4r nummer i 1 landet och ett av de mest fashionabla omr\u00e5dena i Europa (Foto: Idealista)\"},{\"@type\":\"BreadcrumbList\",\"@id\":\"https:\\\/\\\/lightweb.dev\\\/l\\\/svm-temp\\\/nyheter\\\/coto-la-zagaleta-i-benahavis-nummer-1-i-spanien\\\/#breadcrumb\",\"itemListElement\":[{\"@type\":\"ListItem\",\"position\":1,\"name\":\"Hem\",\"item\":\"https:\\\/\\\/lightweb.dev\\\/l\\\/svm-temp\\\/\"},{\"@type\":\"ListItem\",\"position\":2,\"name\":\"Coto La Zagaleta i Benahav\u00eds nummer 1 i Spanien\"}]},{\"@type\":\"WebSite\",\"@id\":\"https:\\\/\\\/lightweb.dev\\\/l\\\/svm-temp\\\/#website\",\"url\":\"https:\\\/\\\/lightweb.dev\\\/l\\\/svm-temp\\\/\",\"name\":\"Svenska Magasinet\",\"description\":\"Dina Spanska nyheter p&aring; Svenska\",\"publisher\":{\"@id\":\"https:\\\/\\\/lightweb.dev\\\/l\\\/svm-temp\\\/#organization\"},\"potentialAction\":[{\"@type\":\"SearchAction\",\"target\":{\"@type\":\"EntryPoint\",\"urlTemplate\":\"https:\\\/\\\/lightweb.dev\\\/l\\\/svm-temp\\\/?s={search_term_string}\"},\"query-input\":{\"@type\":\"PropertyValueSpecification\",\"valueRequired\":true,\"valueName\":\"search_term_string\"}}],\"inLanguage\":\"sv-SE\"},{\"@type\":\"Organization\",\"@id\":\"https:\\\/\\\/lightweb.dev\\\/l\\\/svm-temp\\\/#organization\",\"name\":\"Melkerson y Nott SL\",\"alternateName\":\"Svenska Magasinet\",\"url\":\"https:\\\/\\\/lightweb.dev\\\/l\\\/svm-temp\\\/\",\"logo\":{\"@type\":\"ImageObject\",\"inLanguage\":\"sv-SE\",\"@id\":\"https:\\\/\\\/lightweb.dev\\\/l\\\/svm-temp\\\/#\\\/schema\\\/logo\\\/image\\\/\",\"url\":\"https:\\\/\\\/lightweb.dev\\\/l\\\/svm-temp\\\/wp-content\\\/uploads\\\/2025\\\/02\\\/SvM-logo-Xtra-Centrerad-SVART.png\",\"contentUrl\":\"https:\\\/\\\/lightweb.dev\\\/l\\\/svm-temp\\\/wp-content\\\/uploads\\\/2025\\\/02\\\/SvM-logo-Xtra-Centrerad-SVART.png\",\"width\":300,\"height\":99,\"caption\":\"Melkerson y Nott SL\"},\"image\":{\"@id\":\"https:\\\/\\\/lightweb.dev\\\/l\\\/svm-temp\\\/#\\\/schema\\\/logo\\\/image\\\/\"},\"sameAs\":[\"https:\\\/\\\/www.facebook.com\\\/svenskamagasinet\",\"https:\\\/\\\/x.com\\\/SvenskaMagasine\"]},{\"@type\":\"Person\",\"@id\":\"https:\\\/\\\/lightweb.dev\\\/l\\\/svm-temp\\\/#\\\/schema\\\/person\\\/7a82b8a73d171d32360a564b6d03508e\",\"name\":\"Ola Josefsson\",\"description\":\"Bevakar Solkusten och Spanien sedan 1994.\",\"sameAs\":[\"https:\\\/\\\/lightweb.dev\\\/l\\\/svm-temp\"],\"url\":\"https:\\\/\\\/lightweb.dev\\\/l\\\/svm-temp\\\/reporter\\\/ola-josefsson\\\/\"}]}<\/script>\n<!-- \/ Yoast SEO Premium plugin. -->","yoast_head_json":{"title":"Coto La Zagaleta i Benahav\u00eds nummer 1 i Spanien - Svenska Magasinet","description":"9.956.525 euro kostar det i genomsnitt att k\u00f6pa en rej\u00e4l bostad i Coto La Zagaleta i Benahav\u00eds kommun p\u00e5 Costa del Sol. Det tillh\u00f6r ett av de mest fashionabla omr\u00e5dena i Spanien.","robots":{"index":"noindex","follow":"follow","max-snippet":"max-snippet:-1","max-image-preview":"max-image-preview:large","max-video-preview":"max-video-preview:-1"},"og_locale":"sv_SE","og_type":"article","og_title":"Coto La Zagaleta i Benahav\u00eds nummer 1 i Spanien","og_description":"9.956.525 euro kostar det i genomsnitt att k\u00f6pa en rej\u00e4l bostad i Coto La Zagaleta i Benahav\u00eds kommun p\u00e5 Costa del Sol. Det tillh\u00f6r ett av de mest fashionabla omr\u00e5dena i Spanien.","og_url":"https:\/\/lightweb.dev\/l\/svm-temp\/nyheter\/coto-la-zagaleta-i-benahavis-nummer-1-i-spanien\/","og_site_name":"Svenska Magasinet","article_publisher":"https:\/\/www.facebook.com\/svenskamagasinet","article_published_time":"2022-08-19T11:45:55+00:00","article_modified_time":"2022-08-19T13:16:27+00:00","og_image":[{"width":744,"height":389,"url":"https:\/\/lightweb.dev\/l\/svm-temp\/wp-content\/uploads\/2022\/08\/la_zagaleta-Stor.jpeg","type":"image\/jpeg"}],"author":"Ola Josefsson","twitter_card":"summary_large_image","twitter_creator":"@SvenskaMagasine","twitter_site":"@SvenskaMagasine","schema":{"@context":"https:\/\/schema.org","@graph":[{"@type":"Article","@id":"https:\/\/lightweb.dev\/l\/svm-temp\/nyheter\/coto-la-zagaleta-i-benahavis-nummer-1-i-spanien\/#article","isPartOf":{"@id":"https:\/\/lightweb.dev\/l\/svm-temp\/nyheter\/coto-la-zagaleta-i-benahavis-nummer-1-i-spanien\/"},"author":{"name":"Ola Josefsson","@id":"https:\/\/lightweb.dev\/l\/svm-temp\/#\/schema\/person\/7a82b8a73d171d32360a564b6d03508e"},"headline":"Coto La Zagaleta i Benahav\u00eds nummer 1 i Spanien","datePublished":"2022-08-19T11:45:55+00:00","dateModified":"2022-08-19T13:16:27+00:00","mainEntityOfPage":{"@id":"https:\/\/lightweb.dev\/l\/svm-temp\/nyheter\/coto-la-zagaleta-i-benahavis-nummer-1-i-spanien\/"},"wordCount":197,"commentCount":2,"publisher":{"@id":"https:\/\/lightweb.dev\/l\/svm-temp\/#organization"},"image":{"@id":"https:\/\/lightweb.dev\/l\/svm-temp\/nyheter\/coto-la-zagaleta-i-benahavis-nummer-1-i-spanien\/#primaryimage"},"thumbnailUrl":"https:\/\/lightweb.dev\/l\/svm-temp\/wp-content\/uploads\/2022\/08\/la_zagaleta-Stor.jpeg","articleSection":["Arkiv","Nyheter"],"inLanguage":"sv-SE"},{"@type":"WebPage","@id":"https:\/\/lightweb.dev\/l\/svm-temp\/nyheter\/coto-la-zagaleta-i-benahavis-nummer-1-i-spanien\/","url":"https:\/\/lightweb.dev\/l\/svm-temp\/nyheter\/coto-la-zagaleta-i-benahavis-nummer-1-i-spanien\/","name":"Coto La Zagaleta i Benahav\u00eds nummer 1 i Spanien - Svenska Magasinet","isPartOf":{"@id":"https:\/\/lightweb.dev\/l\/svm-temp\/#website"},"primaryImageOfPage":{"@id":"https:\/\/lightweb.dev\/l\/svm-temp\/nyheter\/coto-la-zagaleta-i-benahavis-nummer-1-i-spanien\/#primaryimage"},"image":{"@id":"https:\/\/lightweb.dev\/l\/svm-temp\/nyheter\/coto-la-zagaleta-i-benahavis-nummer-1-i-spanien\/#primaryimage"},"thumbnailUrl":"https:\/\/lightweb.dev\/l\/svm-temp\/wp-content\/uploads\/2022\/08\/la_zagaleta-Stor.jpeg","datePublished":"2022-08-19T11:45:55+00:00","dateModified":"2022-08-19T13:16:27+00:00","description":"9.956.525 euro kostar det i genomsnitt att k\u00f6pa en rej\u00e4l bostad i Coto La Zagaleta i Benahav\u00eds kommun p\u00e5 Costa del Sol. Det tillh\u00f6r ett av de mest fashionabla omr\u00e5dena i Spanien.","breadcrumb":{"@id":"https:\/\/lightweb.dev\/l\/svm-temp\/nyheter\/coto-la-zagaleta-i-benahavis-nummer-1-i-spanien\/#breadcrumb"},"inLanguage":"sv-SE","potentialAction":[{"@type":"ReadAction","target":["https:\/\/lightweb.dev\/l\/svm-temp\/nyheter\/coto-la-zagaleta-i-benahavis-nummer-1-i-spanien\/"]}]},{"@type":"ImageObject","inLanguage":"sv-SE","@id":"https:\/\/lightweb.dev\/l\/svm-temp\/nyheter\/coto-la-zagaleta-i-benahavis-nummer-1-i-spanien\/#primaryimage","url":"https:\/\/lightweb.dev\/l\/svm-temp\/wp-content\/uploads\/2022\/08\/la_zagaleta-Stor.jpeg","contentUrl":"https:\/\/lightweb.dev\/l\/svm-temp\/wp-content\/uploads\/2022\/08\/la_zagaleta-Stor.jpeg","width":744,"height":389,"caption":"Coto La Zagaleta som har cirka 230 hus och herrg\u00e5rdar \u00e4r nummer i 1 landet och ett av de mest fashionabla omr\u00e5dena i Europa (Foto: Idealista)"},{"@type":"BreadcrumbList","@id":"https:\/\/lightweb.dev\/l\/svm-temp\/nyheter\/coto-la-zagaleta-i-benahavis-nummer-1-i-spanien\/#breadcrumb","itemListElement":[{"@type":"ListItem","position":1,"name":"Hem","item":"https:\/\/lightweb.dev\/l\/svm-temp\/"},{"@type":"ListItem","position":2,"name":"Coto La Zagaleta i Benahav\u00eds nummer 1 i Spanien"}]},{"@type":"WebSite","@id":"https:\/\/lightweb.dev\/l\/svm-temp\/#website","url":"https:\/\/lightweb.dev\/l\/svm-temp\/","name":"Svenska Magasinet","description":"Dina Spanska nyheter p&aring; Svenska","publisher":{"@id":"https:\/\/lightweb.dev\/l\/svm-temp\/#organization"},"potentialAction":[{"@type":"SearchAction","target":{"@type":"EntryPoint","urlTemplate":"https:\/\/lightweb.dev\/l\/svm-temp\/?s={search_term_string}"},"query-input":{"@type":"PropertyValueSpecification","valueRequired":true,"valueName":"search_term_string"}}],"inLanguage":"sv-SE"},{"@type":"Organization","@id":"https:\/\/lightweb.dev\/l\/svm-temp\/#organization","name":"Melkerson y Nott SL","alternateName":"Svenska Magasinet","url":"https:\/\/lightweb.dev\/l\/svm-temp\/","logo":{"@type":"ImageObject","inLanguage":"sv-SE","@id":"https:\/\/lightweb.dev\/l\/svm-temp\/#\/schema\/logo\/image\/","url":"https:\/\/lightweb.dev\/l\/svm-temp\/wp-content\/uploads\/2025\/02\/SvM-logo-Xtra-Centrerad-SVART.png","contentUrl":"https:\/\/lightweb.dev\/l\/svm-temp\/wp-content\/uploads\/2025\/02\/SvM-logo-Xtra-Centrerad-SVART.png","width":300,"height":99,"caption":"Melkerson y Nott SL"},"image":{"@id":"https:\/\/lightweb.dev\/l\/svm-temp\/#\/schema\/logo\/image\/"},"sameAs":["https:\/\/www.facebook.com\/svenskamagasinet","https:\/\/x.com\/SvenskaMagasine"]},{"@type":"Person","@id":"https:\/\/lightweb.dev\/l\/svm-temp\/#\/schema\/person\/7a82b8a73d171d32360a564b6d03508e","name":"Ola Josefsson","description":"Bevakar Solkusten och Spanien sedan 1994.","sameAs":["https:\/\/lightweb.dev\/l\/svm-temp"],"url":"https:\/\/lightweb.dev\/l\/svm-temp\/reporter\/ola-josefsson\/"}]}},"_links":{"self":[{"href":"https:\/\/lightweb.dev\/l\/svm-temp\/wp-json\/wp\/v2\/posts\/56600","targetHints":{"allow":["GET"]}}],"collection":[{"href":"https:\/\/lightweb.dev\/l\/svm-temp\/wp-json\/wp\/v2\/posts"}],"about":[{"href":"https:\/\/lightweb.dev\/l\/svm-temp\/wp-json\/wp\/v2\/types\/post"}],"author":[{"embeddable":true,"href":"https:\/\/lightweb.dev\/l\/svm-temp\/wp-json\/wp\/v2\/users\/7"}],"replies":[{"embeddable":true,"href":"https:\/\/lightweb.dev\/l\/svm-temp\/wp-json\/wp\/v2\/comments?post=56600"}],"version-history":[{"count":0,"href":"https:\/\/lightweb.dev\/l\/svm-temp\/wp-json\/wp\/v2\/posts\/56600\/revisions"}],"wp:featuredmedia":[{"embeddable":true,"href":"https:\/\/lightweb.dev\/l\/svm-temp\/wp-json\/wp\/v2\/media\/56601"}],"wp:attachment":[{"href":"https:\/\/lightweb.dev\/l\/svm-temp\/wp-json\/wp\/v2\/media?parent=56600"}],"wp:term":[{"taxonomy":"category","embeddable":true,"href":"https:\/\/lightweb.dev\/l\/svm-temp\/wp-json\/wp\/v2\/categories?post=56600"},{"taxonomy":"post_tag","embeddable":true,"href":"https:\/\/lightweb.dev\/l\/svm-temp\/wp-json\/wp\/v2\/tags?post=56600"}],"curies":[{"name":"wp","href":"https:\/\/api.w.org\/{rel}","templated":true}]}}