{"id":56654,"date":"2022-08-22T12:16:10","date_gmt":"2022-08-22T10:16:10","guid":{"rendered":"https:\/\/lightweb.dev\/l\/svm-temp\/?p=56654"},"modified":"2022-08-26T11:31:10","modified_gmt":"2022-08-26T09:31:10","slug":"ny-stallplats-for-husbilar-i-la-herradura","status":"publish","type":"post","link":"https:\/\/lightweb.dev\/l\/svm-temp\/nyheter\/ny-stallplats-for-husbilar-i-la-herradura\/","title":{"rendered":"Ny st\u00e4llplats f\u00f6r husbilar i La Herradura"},"content":{"rendered":"<p><strong>En 4.500 kvadratmeter stor st\u00e4llplats f\u00f6r 40 husbilar har \u00f6ppnat i La Herradura i Almu\u00f1\u00e9cars kommun p\u00e5 Costa Tropical. \u00c1rea Camper ligger n\u00e4ra centrum och strand.<\/strong><\/p>\n<p>Pandemin har resulterat i husbilsboom i Spanien. Det har ocks\u00e5 gjort att boende och f\u00f6retagare har protesterat och lett till en strid om fricamping.<\/p>\n<p>Tidigare i \u00e5r rapporterade Svenska Magasinet om det som beskrivs vara ett v\u00e4xande problem med husbilar som ockuperar parkeringsplatser under l\u00e5ng tid.<\/p>\n<h2 class=\"entry-title\">L\u00e4s mer: <a href=\"https:\/\/lightweb.dev\/l\/svm-temp\/artiklar\/striden-om-fricamping-okar\/\">Striden om fricamping \u00f6kar<\/a><\/h2>\n<p>F\u00f6retagare och strandrestauranger vill se b\u00e4ttre kontroll f\u00f6r att f\u00e5 stopp p\u00e5 illegal camping vilket ocks\u00e5 skadar campingplatser.<\/p>\n<p>Under en helg i vintras var det 47 husbilar uppst\u00e4llda l\u00e4ngs strandpromenaden i det lilla samh\u00e4llet La Herradura.<\/p>\n<p><img loading=\"lazy\" decoding=\"async\" class=\"size-medium wp-image-56657 alignleft\" src=\"https:\/\/lightweb.dev\/l\/svm-temp\/wp-content\/uploads\/2022\/08\/ENCARNA-RAMOS-ATIENDE-CLIENTES-AREA-CAMPER-LA-HERRADURA-22-3-Stor-300x225.jpeg\" alt=\"\" width=\"300\" height=\"225\" srcset=\"https:\/\/lightweb.dev\/l\/svm-temp\/wp-content\/uploads\/2022\/08\/ENCARNA-RAMOS-ATIENDE-CLIENTES-AREA-CAMPER-LA-HERRADURA-22-3-Stor-300x225.jpeg 300w, https:\/\/lightweb.dev\/l\/svm-temp\/wp-content\/uploads\/2022\/08\/ENCARNA-RAMOS-ATIENDE-CLIENTES-AREA-CAMPER-LA-HERRADURA-22-3-Stor-600x449.jpeg 600w, https:\/\/lightweb.dev\/l\/svm-temp\/wp-content\/uploads\/2022\/08\/ENCARNA-RAMOS-ATIENDE-CLIENTES-AREA-CAMPER-LA-HERRADURA-22-3-Stor-900x674.jpeg 900w, https:\/\/lightweb.dev\/l\/svm-temp\/wp-content\/uploads\/2022\/08\/ENCARNA-RAMOS-ATIENDE-CLIENTES-AREA-CAMPER-LA-HERRADURA-22-3-Stor-768x575.jpeg 768w, https:\/\/lightweb.dev\/l\/svm-temp\/wp-content\/uploads\/2022\/08\/ENCARNA-RAMOS-ATIENDE-CLIENTES-AREA-CAMPER-LA-HERRADURA-22-3-Stor-610x457.jpeg 610w, https:\/\/lightweb.dev\/l\/svm-temp\/wp-content\/uploads\/2022\/08\/ENCARNA-RAMOS-ATIENDE-CLIENTES-AREA-CAMPER-LA-HERRADURA-22-3-Stor-1080x808.jpeg 1080w, https:\/\/lightweb.dev\/l\/svm-temp\/wp-content\/uploads\/2022\/08\/ENCARNA-RAMOS-ATIENDE-CLIENTES-AREA-CAMPER-LA-HERRADURA-22-3-Stor.jpeg 1280w\" sizes=\"(max-width: 300px) 100vw, 300px\" \/><\/p>\n<p>&nbsp;<\/p>\n<p>&nbsp;<\/p>\n<p>&nbsp;<\/p>\n<p>&nbsp;<\/p>\n<p>&nbsp;<\/p>\n<p>&nbsp;<\/p>\n<p>&nbsp;<\/p>\n<p>Nu har problemet blivit l\u00f6st i Almu\u00f1\u00e9car l\u00f6st problemet efter att ett familje\u00e4gt f\u00f6retag har hyrt en tomt och dragit in el och byggt ut med tv\u00e4ttstuga och bad.<\/p>\n<p>P\u00e5 tomten finns sedan tidigare cherimoya- och avokadotr\u00e4d som nu ger sk\u00f6n skugga till bes\u00f6karna.<\/p>\n<div id=\"attachment_56656\" style=\"width: 310px\" class=\"wp-caption alignleft\"><img loading=\"lazy\" decoding=\"async\" aria-describedby=\"caption-attachment-56656\" class=\"size-medium wp-image-56656\" src=\"https:\/\/lightweb.dev\/l\/svm-temp\/wp-content\/uploads\/2022\/08\/ENCARNA-RAMOS-ATIENDE-CLIENTA-AREA-CA\u0301MPER-LA-HERRADURA-22-Stor-300x225.jpeg\" alt=\"\" width=\"300\" height=\"225\" srcset=\"https:\/\/lightweb.dev\/l\/svm-temp\/wp-content\/uploads\/2022\/08\/ENCARNA-RAMOS-ATIENDE-CLIENTA-AREA-CA\u0301MPER-LA-HERRADURA-22-Stor-300x225.jpeg 300w, https:\/\/lightweb.dev\/l\/svm-temp\/wp-content\/uploads\/2022\/08\/ENCARNA-RAMOS-ATIENDE-CLIENTA-AREA-CA\u0301MPER-LA-HERRADURA-22-Stor-600x449.jpeg 600w, https:\/\/lightweb.dev\/l\/svm-temp\/wp-content\/uploads\/2022\/08\/ENCARNA-RAMOS-ATIENDE-CLIENTA-AREA-CA\u0301MPER-LA-HERRADURA-22-Stor-900x674.jpeg 900w, https:\/\/lightweb.dev\/l\/svm-temp\/wp-content\/uploads\/2022\/08\/ENCARNA-RAMOS-ATIENDE-CLIENTA-AREA-CA\u0301MPER-LA-HERRADURA-22-Stor-768x575.jpeg 768w, https:\/\/lightweb.dev\/l\/svm-temp\/wp-content\/uploads\/2022\/08\/ENCARNA-RAMOS-ATIENDE-CLIENTA-AREA-CA\u0301MPER-LA-HERRADURA-22-Stor-610x457.jpeg 610w, https:\/\/lightweb.dev\/l\/svm-temp\/wp-content\/uploads\/2022\/08\/ENCARNA-RAMOS-ATIENDE-CLIENTA-AREA-CA\u0301MPER-LA-HERRADURA-22-Stor-1080x808.jpeg 1080w, https:\/\/lightweb.dev\/l\/svm-temp\/wp-content\/uploads\/2022\/08\/ENCARNA-RAMOS-ATIENDE-CLIENTA-AREA-CA\u0301MPER-LA-HERRADURA-22-Stor.jpeg 1280w\" sizes=\"(max-width: 300px) 100vw, 300px\" \/><p id=\"caption-attachment-56656\" class=\"wp-caption-text\">Det finns \u00e4ven andra tr\u00e4d som ger skugga \u00e4ven om det \u00e4r solen som utl\u00e4nningarna \u00e4r ute efter, s\u00e4ger den ansvarige f\u00f6r omr\u00e5det, Encarna Ramos som h\u00e4r tar emot en bes\u00f6kare.<\/p><\/div>\n<p>Numera f\u00e5r inte husbilar parkera l\u00e4ngs strandpromenaden i kommunen.<\/p>\n<p>Det nya initiativet med st\u00e4llplats f\u00f6r husbilar har blivit succ\u00e9. \u00c1rea Camper La Herradura har \u00f6ppet mellan klockan 08.30 till 22.<\/p>\n","protected":false},"excerpt":{"rendered":"<p>En 4.500 kvadratmeter stor st\u00e4llplats f\u00f6r 40 husbilar har \u00f6ppnat i La Herradura i Almu\u00f1\u00e9cars kommun p\u00e5 Costa Tropical. \u00c1rea Camper ligger n\u00e4ra centrum och strand. Pandemin har resulterat i husbilsboom i Spanien. Det har ocks\u00e5 gjort att boende och f\u00f6retagare har protesterat och lett till en strid om fricamping. Tidigare i \u00e5r rapporterade Svenska [&hellip;]<\/p>\n","protected":false},"author":7,"featured_media":56655,"comment_status":"open","ping_status":"open","sticky":false,"template":"","format":"standard","meta":{"_et_pb_use_builder":"","_et_pb_old_content":"","_et_gb_content_width":"","footnotes":""},"categories":[395,3],"tags":[],"class_list":["post-56654","post","type-post","status-publish","format-standard","has-post-thumbnail","hentry","category-arkiv-nyheter","category-nyheter"],"yoast_head":"<!-- This site is optimized with the Yoast SEO Premium plugin v26.2 (Yoast SEO v27.4) - https:\/\/yoast.com\/product\/yoast-seo-premium-wordpress\/ -->\n<title>Ny st\u00e4llplats f\u00f6r husbilar i La Herradura - Svenska Magasinet<\/title>\n<meta name=\"description\" content=\"En 4.500 kvadratmeter stor st\u00e4llplats f\u00f6r 40 husbilar har \u00f6ppnat i La Herradura i Almu\u00f1\u00e9cars kommun p\u00e5 Costa Tropical. \u00c1rea Camper ligger n\u00e4ra centrum och strand.\" \/>\n<meta name=\"robots\" content=\"noindex, follow, max-snippet:-1, max-image-preview:large, max-video-preview:-1\" \/>\n<meta property=\"og:locale\" content=\"sv_SE\" \/>\n<meta property=\"og:type\" content=\"article\" \/>\n<meta property=\"og:title\" content=\"Ny st\u00e4llplats f\u00f6r husbilar i La Herradura\" \/>\n<meta property=\"og:description\" content=\"En 4.500 kvadratmeter stor st\u00e4llplats f\u00f6r 40 husbilar har \u00f6ppnat i La Herradura i Almu\u00f1\u00e9cars kommun p\u00e5 Costa Tropical. \u00c1rea Camper ligger n\u00e4ra centrum och strand.\" \/>\n<meta property=\"og:url\" content=\"https:\/\/lightweb.dev\/l\/svm-temp\/nyheter\/ny-stallplats-for-husbilar-i-la-herradura\/\" \/>\n<meta property=\"og:site_name\" content=\"Svenska Magasinet\" \/>\n<meta property=\"article:publisher\" content=\"https:\/\/www.facebook.com\/svenskamagasinet\" \/>\n<meta property=\"article:published_time\" content=\"2022-08-22T10:16:10+00:00\" \/>\n<meta property=\"article:modified_time\" content=\"2022-08-26T09:31:10+00:00\" \/>\n<meta property=\"og:image\" content=\"https:\/\/lightweb.dev\/l\/svm-temp\/wp-content\/uploads\/2022\/08\/AREA-CAMPER-LA-HERRADURA-AUTOCARAVANAS-AGOSTO-22-1-Stor.jpeg\" \/>\n\t<meta property=\"og:image:width\" content=\"1280\" \/>\n\t<meta property=\"og:image:height\" content=\"958\" \/>\n\t<meta property=\"og:image:type\" content=\"image\/jpeg\" \/>\n<meta name=\"author\" content=\"Ola Josefsson\" \/>\n<meta name=\"twitter:card\" content=\"summary_large_image\" \/>\n<meta name=\"twitter:creator\" content=\"@SvenskaMagasine\" \/>\n<meta name=\"twitter:site\" content=\"@SvenskaMagasine\" \/>\n<script type=\"application\/ld+json\" class=\"yoast-schema-graph\">{\"@context\":\"https:\\\/\\\/schema.org\",\"@graph\":[{\"@type\":\"Article\",\"@id\":\"https:\\\/\\\/lightweb.dev\\\/l\\\/svm-temp\\\/nyheter\\\/ny-stallplats-for-husbilar-i-la-herradura\\\/#article\",\"isPartOf\":{\"@id\":\"https:\\\/\\\/lightweb.dev\\\/l\\\/svm-temp\\\/nyheter\\\/ny-stallplats-for-husbilar-i-la-herradura\\\/\"},\"author\":{\"name\":\"Ola Josefsson\",\"@id\":\"https:\\\/\\\/lightweb.dev\\\/l\\\/svm-temp\\\/#\\\/schema\\\/person\\\/7a82b8a73d171d32360a564b6d03508e\"},\"headline\":\"Ny st\u00e4llplats f\u00f6r husbilar i La Herradura\",\"datePublished\":\"2022-08-22T10:16:10+00:00\",\"dateModified\":\"2022-08-26T09:31:10+00:00\",\"mainEntityOfPage\":{\"@id\":\"https:\\\/\\\/lightweb.dev\\\/l\\\/svm-temp\\\/nyheter\\\/ny-stallplats-for-husbilar-i-la-herradura\\\/\"},\"wordCount\":271,\"commentCount\":2,\"publisher\":{\"@id\":\"https:\\\/\\\/lightweb.dev\\\/l\\\/svm-temp\\\/#organization\"},\"image\":{\"@id\":\"https:\\\/\\\/lightweb.dev\\\/l\\\/svm-temp\\\/nyheter\\\/ny-stallplats-for-husbilar-i-la-herradura\\\/#primaryimage\"},\"thumbnailUrl\":\"https:\\\/\\\/lightweb.dev\\\/l\\\/svm-temp\\\/wp-content\\\/uploads\\\/2022\\\/08\\\/AREA-CAMPER-LA-HERRADURA-AUTOCARAVANAS-AGOSTO-22-1-Stor.jpeg\",\"articleSection\":[\"Arkiv\",\"Nyheter\"],\"inLanguage\":\"sv-SE\"},{\"@type\":\"WebPage\",\"@id\":\"https:\\\/\\\/lightweb.dev\\\/l\\\/svm-temp\\\/nyheter\\\/ny-stallplats-for-husbilar-i-la-herradura\\\/\",\"url\":\"https:\\\/\\\/lightweb.dev\\\/l\\\/svm-temp\\\/nyheter\\\/ny-stallplats-for-husbilar-i-la-herradura\\\/\",\"name\":\"Ny st\u00e4llplats f\u00f6r husbilar i La Herradura - Svenska Magasinet\",\"isPartOf\":{\"@id\":\"https:\\\/\\\/lightweb.dev\\\/l\\\/svm-temp\\\/#website\"},\"primaryImageOfPage\":{\"@id\":\"https:\\\/\\\/lightweb.dev\\\/l\\\/svm-temp\\\/nyheter\\\/ny-stallplats-for-husbilar-i-la-herradura\\\/#primaryimage\"},\"image\":{\"@id\":\"https:\\\/\\\/lightweb.dev\\\/l\\\/svm-temp\\\/nyheter\\\/ny-stallplats-for-husbilar-i-la-herradura\\\/#primaryimage\"},\"thumbnailUrl\":\"https:\\\/\\\/lightweb.dev\\\/l\\\/svm-temp\\\/wp-content\\\/uploads\\\/2022\\\/08\\\/AREA-CAMPER-LA-HERRADURA-AUTOCARAVANAS-AGOSTO-22-1-Stor.jpeg\",\"datePublished\":\"2022-08-22T10:16:10+00:00\",\"dateModified\":\"2022-08-26T09:31:10+00:00\",\"description\":\"En 4.500 kvadratmeter stor st\u00e4llplats f\u00f6r 40 husbilar har \u00f6ppnat i La Herradura i Almu\u00f1\u00e9cars kommun p\u00e5 Costa Tropical. \u00c1rea Camper ligger n\u00e4ra centrum och strand.\",\"breadcrumb\":{\"@id\":\"https:\\\/\\\/lightweb.dev\\\/l\\\/svm-temp\\\/nyheter\\\/ny-stallplats-for-husbilar-i-la-herradura\\\/#breadcrumb\"},\"inLanguage\":\"sv-SE\",\"potentialAction\":[{\"@type\":\"ReadAction\",\"target\":[\"https:\\\/\\\/lightweb.dev\\\/l\\\/svm-temp\\\/nyheter\\\/ny-stallplats-for-husbilar-i-la-herradura\\\/\"]}]},{\"@type\":\"ImageObject\",\"inLanguage\":\"sv-SE\",\"@id\":\"https:\\\/\\\/lightweb.dev\\\/l\\\/svm-temp\\\/nyheter\\\/ny-stallplats-for-husbilar-i-la-herradura\\\/#primaryimage\",\"url\":\"https:\\\/\\\/lightweb.dev\\\/l\\\/svm-temp\\\/wp-content\\\/uploads\\\/2022\\\/08\\\/AREA-CAMPER-LA-HERRADURA-AUTOCARAVANAS-AGOSTO-22-1-Stor.jpeg\",\"contentUrl\":\"https:\\\/\\\/lightweb.dev\\\/l\\\/svm-temp\\\/wp-content\\\/uploads\\\/2022\\\/08\\\/AREA-CAMPER-LA-HERRADURA-AUTOCARAVANAS-AGOSTO-22-1-Stor.jpeg\",\"width\":1280,\"height\":958,\"caption\":\"P\u00e5 tomten finns sedan tidigare cherimoya- och avokadotr\u00e4d som nu ger sk\u00f6n skugga till bes\u00f6karna.\"},{\"@type\":\"BreadcrumbList\",\"@id\":\"https:\\\/\\\/lightweb.dev\\\/l\\\/svm-temp\\\/nyheter\\\/ny-stallplats-for-husbilar-i-la-herradura\\\/#breadcrumb\",\"itemListElement\":[{\"@type\":\"ListItem\",\"position\":1,\"name\":\"Hem\",\"item\":\"https:\\\/\\\/lightweb.dev\\\/l\\\/svm-temp\\\/\"},{\"@type\":\"ListItem\",\"position\":2,\"name\":\"Ny st\u00e4llplats f\u00f6r husbilar i La Herradura\"}]},{\"@type\":\"WebSite\",\"@id\":\"https:\\\/\\\/lightweb.dev\\\/l\\\/svm-temp\\\/#website\",\"url\":\"https:\\\/\\\/lightweb.dev\\\/l\\\/svm-temp\\\/\",\"name\":\"Svenska Magasinet\",\"description\":\"Dina Spanska nyheter p&aring; Svenska\",\"publisher\":{\"@id\":\"https:\\\/\\\/lightweb.dev\\\/l\\\/svm-temp\\\/#organization\"},\"potentialAction\":[{\"@type\":\"SearchAction\",\"target\":{\"@type\":\"EntryPoint\",\"urlTemplate\":\"https:\\\/\\\/lightweb.dev\\\/l\\\/svm-temp\\\/?s={search_term_string}\"},\"query-input\":{\"@type\":\"PropertyValueSpecification\",\"valueRequired\":true,\"valueName\":\"search_term_string\"}}],\"inLanguage\":\"sv-SE\"},{\"@type\":\"Organization\",\"@id\":\"https:\\\/\\\/lightweb.dev\\\/l\\\/svm-temp\\\/#organization\",\"name\":\"Melkerson y Nott SL\",\"alternateName\":\"Svenska Magasinet\",\"url\":\"https:\\\/\\\/lightweb.dev\\\/l\\\/svm-temp\\\/\",\"logo\":{\"@type\":\"ImageObject\",\"inLanguage\":\"sv-SE\",\"@id\":\"https:\\\/\\\/lightweb.dev\\\/l\\\/svm-temp\\\/#\\\/schema\\\/logo\\\/image\\\/\",\"url\":\"https:\\\/\\\/lightweb.dev\\\/l\\\/svm-temp\\\/wp-content\\\/uploads\\\/2025\\\/02\\\/SvM-logo-Xtra-Centrerad-SVART.png\",\"contentUrl\":\"https:\\\/\\\/lightweb.dev\\\/l\\\/svm-temp\\\/wp-content\\\/uploads\\\/2025\\\/02\\\/SvM-logo-Xtra-Centrerad-SVART.png\",\"width\":300,\"height\":99,\"caption\":\"Melkerson y Nott SL\"},\"image\":{\"@id\":\"https:\\\/\\\/lightweb.dev\\\/l\\\/svm-temp\\\/#\\\/schema\\\/logo\\\/image\\\/\"},\"sameAs\":[\"https:\\\/\\\/www.facebook.com\\\/svenskamagasinet\",\"https:\\\/\\\/x.com\\\/SvenskaMagasine\"]},{\"@type\":\"Person\",\"@id\":\"https:\\\/\\\/lightweb.dev\\\/l\\\/svm-temp\\\/#\\\/schema\\\/person\\\/7a82b8a73d171d32360a564b6d03508e\",\"name\":\"Ola Josefsson\",\"description\":\"Bevakar Solkusten och Spanien sedan 1994.\",\"sameAs\":[\"https:\\\/\\\/lightweb.dev\\\/l\\\/svm-temp\"],\"url\":\"https:\\\/\\\/lightweb.dev\\\/l\\\/svm-temp\\\/reporter\\\/ola-josefsson\\\/\"}]}<\/script>\n<!-- \/ Yoast SEO Premium plugin. -->","yoast_head_json":{"title":"Ny st\u00e4llplats f\u00f6r husbilar i La Herradura - Svenska Magasinet","description":"En 4.500 kvadratmeter stor st\u00e4llplats f\u00f6r 40 husbilar har \u00f6ppnat i La Herradura i Almu\u00f1\u00e9cars kommun p\u00e5 Costa Tropical. \u00c1rea Camper ligger n\u00e4ra centrum och strand.","robots":{"index":"noindex","follow":"follow","max-snippet":"max-snippet:-1","max-image-preview":"max-image-preview:large","max-video-preview":"max-video-preview:-1"},"og_locale":"sv_SE","og_type":"article","og_title":"Ny st\u00e4llplats f\u00f6r husbilar i La Herradura","og_description":"En 4.500 kvadratmeter stor st\u00e4llplats f\u00f6r 40 husbilar har \u00f6ppnat i La Herradura i Almu\u00f1\u00e9cars kommun p\u00e5 Costa Tropical. \u00c1rea Camper ligger n\u00e4ra centrum och strand.","og_url":"https:\/\/lightweb.dev\/l\/svm-temp\/nyheter\/ny-stallplats-for-husbilar-i-la-herradura\/","og_site_name":"Svenska Magasinet","article_publisher":"https:\/\/www.facebook.com\/svenskamagasinet","article_published_time":"2022-08-22T10:16:10+00:00","article_modified_time":"2022-08-26T09:31:10+00:00","og_image":[{"width":1280,"height":958,"url":"https:\/\/lightweb.dev\/l\/svm-temp\/wp-content\/uploads\/2022\/08\/AREA-CAMPER-LA-HERRADURA-AUTOCARAVANAS-AGOSTO-22-1-Stor.jpeg","type":"image\/jpeg"}],"author":"Ola Josefsson","twitter_card":"summary_large_image","twitter_creator":"@SvenskaMagasine","twitter_site":"@SvenskaMagasine","schema":{"@context":"https:\/\/schema.org","@graph":[{"@type":"Article","@id":"https:\/\/lightweb.dev\/l\/svm-temp\/nyheter\/ny-stallplats-for-husbilar-i-la-herradura\/#article","isPartOf":{"@id":"https:\/\/lightweb.dev\/l\/svm-temp\/nyheter\/ny-stallplats-for-husbilar-i-la-herradura\/"},"author":{"name":"Ola Josefsson","@id":"https:\/\/lightweb.dev\/l\/svm-temp\/#\/schema\/person\/7a82b8a73d171d32360a564b6d03508e"},"headline":"Ny st\u00e4llplats f\u00f6r husbilar i La Herradura","datePublished":"2022-08-22T10:16:10+00:00","dateModified":"2022-08-26T09:31:10+00:00","mainEntityOfPage":{"@id":"https:\/\/lightweb.dev\/l\/svm-temp\/nyheter\/ny-stallplats-for-husbilar-i-la-herradura\/"},"wordCount":271,"commentCount":2,"publisher":{"@id":"https:\/\/lightweb.dev\/l\/svm-temp\/#organization"},"image":{"@id":"https:\/\/lightweb.dev\/l\/svm-temp\/nyheter\/ny-stallplats-for-husbilar-i-la-herradura\/#primaryimage"},"thumbnailUrl":"https:\/\/lightweb.dev\/l\/svm-temp\/wp-content\/uploads\/2022\/08\/AREA-CAMPER-LA-HERRADURA-AUTOCARAVANAS-AGOSTO-22-1-Stor.jpeg","articleSection":["Arkiv","Nyheter"],"inLanguage":"sv-SE"},{"@type":"WebPage","@id":"https:\/\/lightweb.dev\/l\/svm-temp\/nyheter\/ny-stallplats-for-husbilar-i-la-herradura\/","url":"https:\/\/lightweb.dev\/l\/svm-temp\/nyheter\/ny-stallplats-for-husbilar-i-la-herradura\/","name":"Ny st\u00e4llplats f\u00f6r husbilar i La Herradura - Svenska Magasinet","isPartOf":{"@id":"https:\/\/lightweb.dev\/l\/svm-temp\/#website"},"primaryImageOfPage":{"@id":"https:\/\/lightweb.dev\/l\/svm-temp\/nyheter\/ny-stallplats-for-husbilar-i-la-herradura\/#primaryimage"},"image":{"@id":"https:\/\/lightweb.dev\/l\/svm-temp\/nyheter\/ny-stallplats-for-husbilar-i-la-herradura\/#primaryimage"},"thumbnailUrl":"https:\/\/lightweb.dev\/l\/svm-temp\/wp-content\/uploads\/2022\/08\/AREA-CAMPER-LA-HERRADURA-AUTOCARAVANAS-AGOSTO-22-1-Stor.jpeg","datePublished":"2022-08-22T10:16:10+00:00","dateModified":"2022-08-26T09:31:10+00:00","description":"En 4.500 kvadratmeter stor st\u00e4llplats f\u00f6r 40 husbilar har \u00f6ppnat i La Herradura i Almu\u00f1\u00e9cars kommun p\u00e5 Costa Tropical. \u00c1rea Camper ligger n\u00e4ra centrum och strand.","breadcrumb":{"@id":"https:\/\/lightweb.dev\/l\/svm-temp\/nyheter\/ny-stallplats-for-husbilar-i-la-herradura\/#breadcrumb"},"inLanguage":"sv-SE","potentialAction":[{"@type":"ReadAction","target":["https:\/\/lightweb.dev\/l\/svm-temp\/nyheter\/ny-stallplats-for-husbilar-i-la-herradura\/"]}]},{"@type":"ImageObject","inLanguage":"sv-SE","@id":"https:\/\/lightweb.dev\/l\/svm-temp\/nyheter\/ny-stallplats-for-husbilar-i-la-herradura\/#primaryimage","url":"https:\/\/lightweb.dev\/l\/svm-temp\/wp-content\/uploads\/2022\/08\/AREA-CAMPER-LA-HERRADURA-AUTOCARAVANAS-AGOSTO-22-1-Stor.jpeg","contentUrl":"https:\/\/lightweb.dev\/l\/svm-temp\/wp-content\/uploads\/2022\/08\/AREA-CAMPER-LA-HERRADURA-AUTOCARAVANAS-AGOSTO-22-1-Stor.jpeg","width":1280,"height":958,"caption":"P\u00e5 tomten finns sedan tidigare cherimoya- och avokadotr\u00e4d som nu ger sk\u00f6n skugga till bes\u00f6karna."},{"@type":"BreadcrumbList","@id":"https:\/\/lightweb.dev\/l\/svm-temp\/nyheter\/ny-stallplats-for-husbilar-i-la-herradura\/#breadcrumb","itemListElement":[{"@type":"ListItem","position":1,"name":"Hem","item":"https:\/\/lightweb.dev\/l\/svm-temp\/"},{"@type":"ListItem","position":2,"name":"Ny st\u00e4llplats f\u00f6r husbilar i La Herradura"}]},{"@type":"WebSite","@id":"https:\/\/lightweb.dev\/l\/svm-temp\/#website","url":"https:\/\/lightweb.dev\/l\/svm-temp\/","name":"Svenska Magasinet","description":"Dina Spanska nyheter p&aring; Svenska","publisher":{"@id":"https:\/\/lightweb.dev\/l\/svm-temp\/#organization"},"potentialAction":[{"@type":"SearchAction","target":{"@type":"EntryPoint","urlTemplate":"https:\/\/lightweb.dev\/l\/svm-temp\/?s={search_term_string}"},"query-input":{"@type":"PropertyValueSpecification","valueRequired":true,"valueName":"search_term_string"}}],"inLanguage":"sv-SE"},{"@type":"Organization","@id":"https:\/\/lightweb.dev\/l\/svm-temp\/#organization","name":"Melkerson y Nott SL","alternateName":"Svenska Magasinet","url":"https:\/\/lightweb.dev\/l\/svm-temp\/","logo":{"@type":"ImageObject","inLanguage":"sv-SE","@id":"https:\/\/lightweb.dev\/l\/svm-temp\/#\/schema\/logo\/image\/","url":"https:\/\/lightweb.dev\/l\/svm-temp\/wp-content\/uploads\/2025\/02\/SvM-logo-Xtra-Centrerad-SVART.png","contentUrl":"https:\/\/lightweb.dev\/l\/svm-temp\/wp-content\/uploads\/2025\/02\/SvM-logo-Xtra-Centrerad-SVART.png","width":300,"height":99,"caption":"Melkerson y Nott SL"},"image":{"@id":"https:\/\/lightweb.dev\/l\/svm-temp\/#\/schema\/logo\/image\/"},"sameAs":["https:\/\/www.facebook.com\/svenskamagasinet","https:\/\/x.com\/SvenskaMagasine"]},{"@type":"Person","@id":"https:\/\/lightweb.dev\/l\/svm-temp\/#\/schema\/person\/7a82b8a73d171d32360a564b6d03508e","name":"Ola Josefsson","description":"Bevakar Solkusten och Spanien sedan 1994.","sameAs":["https:\/\/lightweb.dev\/l\/svm-temp"],"url":"https:\/\/lightweb.dev\/l\/svm-temp\/reporter\/ola-josefsson\/"}]}},"_links":{"self":[{"href":"https:\/\/lightweb.dev\/l\/svm-temp\/wp-json\/wp\/v2\/posts\/56654","targetHints":{"allow":["GET"]}}],"collection":[{"href":"https:\/\/lightweb.dev\/l\/svm-temp\/wp-json\/wp\/v2\/posts"}],"about":[{"href":"https:\/\/lightweb.dev\/l\/svm-temp\/wp-json\/wp\/v2\/types\/post"}],"author":[{"embeddable":true,"href":"https:\/\/lightweb.dev\/l\/svm-temp\/wp-json\/wp\/v2\/users\/7"}],"replies":[{"embeddable":true,"href":"https:\/\/lightweb.dev\/l\/svm-temp\/wp-json\/wp\/v2\/comments?post=56654"}],"version-history":[{"count":0,"href":"https:\/\/lightweb.dev\/l\/svm-temp\/wp-json\/wp\/v2\/posts\/56654\/revisions"}],"wp:featuredmedia":[{"embeddable":true,"href":"https:\/\/lightweb.dev\/l\/svm-temp\/wp-json\/wp\/v2\/media\/56655"}],"wp:attachment":[{"href":"https:\/\/lightweb.dev\/l\/svm-temp\/wp-json\/wp\/v2\/media?parent=56654"}],"wp:term":[{"taxonomy":"category","embeddable":true,"href":"https:\/\/lightweb.dev\/l\/svm-temp\/wp-json\/wp\/v2\/categories?post=56654"},{"taxonomy":"post_tag","embeddable":true,"href":"https:\/\/lightweb.dev\/l\/svm-temp\/wp-json\/wp\/v2\/tags?post=56654"}],"curies":[{"name":"wp","href":"https:\/\/api.w.org\/{rel}","templated":true}]}}