{"id":5670,"date":"2015-06-09T00:00:00","date_gmt":"2015-06-08T22:00:00","guid":{"rendered":"https:\/\/lightweb.dev\/l\/svm-temp\/advokatspalten-jag-far-inte-ut-mina-klientmedel-vad-kan-jag-gora-2\/"},"modified":"2015-06-09T00:00:00","modified_gmt":"2015-06-08T22:00:00","slug":"advokatspalten-jag-far-inte-ut-mina-klientmedel-vad-kan-jag-gora-2","status":"publish","type":"post","link":"https:\/\/lightweb.dev\/l\/svm-temp\/artiklar\/advokatspalten-jag-far-inte-ut-mina-klientmedel-vad-kan-jag-gora-2\/","title":{"rendered":"Advokatspalten: Jag f\u00e5r inte ut mina klientmedel, vad kan jag g\u00f6ra?"},"content":{"rendered":"<p> Min man och jag \u00e4gde en trevlig v\u00e5ning i Estepona. F\u00f6r ett par \u00e5r sedan gick han bort och jag har best\u00e4mt mig f\u00f6r att flytta tillbaka till G\u00f6teborg och f\u00e5 n\u00e4rmare till barn och barnbarn. V\u00e5ningen s\u00e5lde jag f\u00f6rra \u00e5ret och anlitade i samband med det en internationell advokatbyr\u00e5. Abogadon fick fullmakt att sk\u00f6ta f\u00f6rs\u00e4ljningen och ta emot betalningen, sj\u00e4lv befann jag mig hemma i G\u00f6teborg.  Nu har snart ett \u00e5r g\u00e5tt sedan f\u00f6rs\u00e4ljningen och jag har efter flera p\u00e5tryckningar fortfarande inte f\u00e5tt mina pengar. Vad kan jag g\u00f6ra? Av Jonas Nordgren, Bitr\u00e4dande jurist vid Advokatfirman G\u00f6ran Rise<\/p>\n<p>Det \u00e4r vanligt att del av f\u00f6rs\u00e4ljningslikviden st\u00e5r kvar p\u00e5 s\u00e4ljarens ombuds klientmedelskonto en tid efter att f\u00f6rs\u00e4ljningen genomf\u00f6rts f\u00f6r att anv\u00e4ndas vid avr\u00e4kning f\u00f6r plusval\u00eda-skatt, fakturor f\u00f6r el- och vatten, m.m.<\/p>\n<p>Om ditt ombud efter flera p\u00e5tryckningar inte redovisar dina klientmedel \u00e4r det allvarligt. Advokat \u00e4r skyldig att h\u00e5lla klientmedel \u00e5tskilda fr\u00e5n \u00f6vriga medel och f\u00f6ra en s\u00e4rskild redovisning \u00f6ver s\u00e5dana medel. Beg\u00e4r klienten att f\u00e5 ta del av underlag f\u00f6r transaktioner p\u00e5 klientmedelskontot skall detta utan dr\u00f6jsm\u00e5l f\u00f6retes klienten och innest\u00e5ende medel utbetalas enligt instruktion fr\u00e5n klienten.<\/p>\n<p>Om ditt ombud inte betalar ut dina klientmedel frivilligt kan vi hj\u00e4lpa dig med att kontakta honom eller henne f\u00f6r att beg\u00e4ra omedelbar utbetalning. F\u00f6rhoppningsvis r\u00f6r det sig inte om n\u00e5got annat \u00e4n ett missf\u00f6rst\u00e5nd och innest\u00e5ende medel betalas snabbt ut.<\/p>\n<p>Om ombudet inte betalar inom rimlig tid efter att en formell beg\u00e4ran om betalning har framst\u00e4lls, \u00e4r n\u00e4sta steg att ge in en anm\u00e4lan till det lokala advokatsamfundet. Resulterar inte det i att innest\u00e5ende medel utbetalas, f\u00e5r man v\u00e4cka talan vid domstol och \u00e4ven g\u00f6ra en anm\u00e4lan om brott.<\/p>\n<p>Vi har p\u00e5 advokatfirman bitr\u00e4tt flera klienter i den h\u00e4r typen av k\u00e4nsliga \u00e4renden och resultatet har i de flesta fallen varit gott och klienterna har f\u00e5tt sina pengar &#8211; ibland efter att vi vidtagit r\u00e4ttsliga \u00e5tg\u00e4rder.<\/p>\n<p>Du \u00e4r v\u00e4lkommen att kontakta oss f\u00f6r ett f\u00f6rsta m\u00f6te. D\u00e5 l\u00e4mnar vi dig, utan kostnad, en offert p\u00e5 arbetet efter att vi f\u00e5tt m\u00f6jlighet att prata med dig och bildat oss en uppfattning om f\u00f6ruts\u00e4ttningarna i ditt \u00e4rende.<\/p>\n","protected":false},"excerpt":{"rendered":"<p>Min man och jag \u00e4gde en trevlig v\u00e5ning i Estepona. F\u00f6r ett par \u00e5r sedan gick han bort och jag har best\u00e4mt mig f\u00f6r att flytta tillbaka till G\u00f6teborg och f\u00e5 n\u00e4rmare till barn och barnbarn. V\u00e5ningen s\u00e5lde jag f\u00f6rra \u00e5ret och anlitade i samband med det en internationell advokatbyr\u00e5. Abogadon fick fullmakt att sk\u00f6ta [&hellip;]<\/p>\n","protected":false},"author":8,"featured_media":5671,"comment_status":"open","ping_status":"open","sticky":false,"template":"","format":"standard","meta":{"_et_pb_use_builder":"","_et_pb_old_content":"","_et_gb_content_width":"","footnotes":""},"categories":[396,4],"tags":[],"class_list":["post-5670","post","type-post","status-publish","format-standard","has-post-thumbnail","hentry","category-arkiv-artiklar","category-artiklar"],"yoast_head":"<!-- This site is optimized with the Yoast SEO Premium plugin v26.2 (Yoast SEO v27.4) - https:\/\/yoast.com\/product\/yoast-seo-premium-wordpress\/ -->\n<title>Advokatspalten: Jag f\u00e5r inte ut mina klientmedel, vad kan jag g\u00f6ra? - Svenska Magasinet<\/title>\n<meta name=\"robots\" content=\"noindex, follow, max-snippet:-1, max-image-preview:large, max-video-preview:-1\" \/>\n<meta property=\"og:locale\" content=\"sv_SE\" \/>\n<meta property=\"og:type\" content=\"article\" \/>\n<meta property=\"og:title\" content=\"Advokatspalten: Jag f\u00e5r inte ut mina klientmedel, vad kan jag g\u00f6ra?\" \/>\n<meta property=\"og:description\" content=\"Min man och jag \u00e4gde en trevlig v\u00e5ning i Estepona. F\u00f6r ett par \u00e5r sedan gick han bort och jag har best\u00e4mt mig f\u00f6r att flytta tillbaka till G\u00f6teborg och f\u00e5 n\u00e4rmare till barn och barnbarn. V\u00e5ningen s\u00e5lde jag f\u00f6rra \u00e5ret och anlitade i samband med det en internationell advokatbyr\u00e5. Abogadon fick fullmakt att sk\u00f6ta [&hellip;]\" \/>\n<meta property=\"og:url\" content=\"https:\/\/lightweb.dev\/l\/svm-temp\/artiklar\/advokatspalten-jag-far-inte-ut-mina-klientmedel-vad-kan-jag-gora-2\/\" \/>\n<meta property=\"og:site_name\" content=\"Svenska Magasinet\" \/>\n<meta property=\"article:publisher\" content=\"https:\/\/www.facebook.com\/svenskamagasinet\" \/>\n<meta property=\"article:published_time\" content=\"2015-06-08T22:00:00+00:00\" \/>\n<meta property=\"og:image\" content=\"https:\/\/lightweb.dev\/l\/svm-temp\/wp-content\/uploads\/2022\/04\/advokatspalten-jag-fr-inte-ut-mina-klientmedel-vad-kan-jag-gra-1.png\" \/>\n\t<meta property=\"og:image:width\" content=\"280\" \/>\n\t<meta property=\"og:image:height\" content=\"421\" \/>\n\t<meta property=\"og:image:type\" content=\"image\/png\" \/>\n<meta name=\"author\" content=\"Redaktionen SvM\" \/>\n<meta name=\"twitter:card\" content=\"summary_large_image\" \/>\n<meta name=\"twitter:creator\" content=\"@SvenskaMagasine\" \/>\n<meta name=\"twitter:site\" content=\"@SvenskaMagasine\" \/>\n<script type=\"application\/ld+json\" class=\"yoast-schema-graph\">{\"@context\":\"https:\\\/\\\/schema.org\",\"@graph\":[{\"@type\":\"Article\",\"@id\":\"https:\\\/\\\/lightweb.dev\\\/l\\\/svm-temp\\\/artiklar\\\/advokatspalten-jag-far-inte-ut-mina-klientmedel-vad-kan-jag-gora-2\\\/#article\",\"isPartOf\":{\"@id\":\"https:\\\/\\\/lightweb.dev\\\/l\\\/svm-temp\\\/artiklar\\\/advokatspalten-jag-far-inte-ut-mina-klientmedel-vad-kan-jag-gora-2\\\/\"},\"author\":{\"name\":\"Redaktionen SvM\",\"@id\":\"https:\\\/\\\/lightweb.dev\\\/l\\\/svm-temp\\\/#\\\/schema\\\/person\\\/206a3bda5b607b0c25e1749191e4d837\"},\"headline\":\"Advokatspalten: Jag f\u00e5r inte ut mina klientmedel, vad kan jag g\u00f6ra?\",\"datePublished\":\"2015-06-08T22:00:00+00:00\",\"mainEntityOfPage\":{\"@id\":\"https:\\\/\\\/lightweb.dev\\\/l\\\/svm-temp\\\/artiklar\\\/advokatspalten-jag-far-inte-ut-mina-klientmedel-vad-kan-jag-gora-2\\\/\"},\"wordCount\":449,\"commentCount\":0,\"publisher\":{\"@id\":\"https:\\\/\\\/lightweb.dev\\\/l\\\/svm-temp\\\/#organization\"},\"image\":{\"@id\":\"https:\\\/\\\/lightweb.dev\\\/l\\\/svm-temp\\\/artiklar\\\/advokatspalten-jag-far-inte-ut-mina-klientmedel-vad-kan-jag-gora-2\\\/#primaryimage\"},\"thumbnailUrl\":\"https:\\\/\\\/lightweb.dev\\\/l\\\/svm-temp\\\/wp-content\\\/uploads\\\/2022\\\/04\\\/advokatspalten-jag-fr-inte-ut-mina-klientmedel-vad-kan-jag-gra-1.png\",\"articleSection\":[\"Arkiv\",\"Artiklar\"],\"inLanguage\":\"sv-SE\"},{\"@type\":\"WebPage\",\"@id\":\"https:\\\/\\\/lightweb.dev\\\/l\\\/svm-temp\\\/artiklar\\\/advokatspalten-jag-far-inte-ut-mina-klientmedel-vad-kan-jag-gora-2\\\/\",\"url\":\"https:\\\/\\\/lightweb.dev\\\/l\\\/svm-temp\\\/artiklar\\\/advokatspalten-jag-far-inte-ut-mina-klientmedel-vad-kan-jag-gora-2\\\/\",\"name\":\"Advokatspalten: Jag f\u00e5r inte ut mina klientmedel, vad kan jag g\u00f6ra? - Svenska Magasinet\",\"isPartOf\":{\"@id\":\"https:\\\/\\\/lightweb.dev\\\/l\\\/svm-temp\\\/#website\"},\"primaryImageOfPage\":{\"@id\":\"https:\\\/\\\/lightweb.dev\\\/l\\\/svm-temp\\\/artiklar\\\/advokatspalten-jag-far-inte-ut-mina-klientmedel-vad-kan-jag-gora-2\\\/#primaryimage\"},\"image\":{\"@id\":\"https:\\\/\\\/lightweb.dev\\\/l\\\/svm-temp\\\/artiklar\\\/advokatspalten-jag-far-inte-ut-mina-klientmedel-vad-kan-jag-gora-2\\\/#primaryimage\"},\"thumbnailUrl\":\"https:\\\/\\\/lightweb.dev\\\/l\\\/svm-temp\\\/wp-content\\\/uploads\\\/2022\\\/04\\\/advokatspalten-jag-fr-inte-ut-mina-klientmedel-vad-kan-jag-gra-1.png\",\"datePublished\":\"2015-06-08T22:00:00+00:00\",\"breadcrumb\":{\"@id\":\"https:\\\/\\\/lightweb.dev\\\/l\\\/svm-temp\\\/artiklar\\\/advokatspalten-jag-far-inte-ut-mina-klientmedel-vad-kan-jag-gora-2\\\/#breadcrumb\"},\"inLanguage\":\"sv-SE\",\"potentialAction\":[{\"@type\":\"ReadAction\",\"target\":[\"https:\\\/\\\/lightweb.dev\\\/l\\\/svm-temp\\\/artiklar\\\/advokatspalten-jag-far-inte-ut-mina-klientmedel-vad-kan-jag-gora-2\\\/\"]}]},{\"@type\":\"ImageObject\",\"inLanguage\":\"sv-SE\",\"@id\":\"https:\\\/\\\/lightweb.dev\\\/l\\\/svm-temp\\\/artiklar\\\/advokatspalten-jag-far-inte-ut-mina-klientmedel-vad-kan-jag-gora-2\\\/#primaryimage\",\"url\":\"https:\\\/\\\/lightweb.dev\\\/l\\\/svm-temp\\\/wp-content\\\/uploads\\\/2022\\\/04\\\/advokatspalten-jag-fr-inte-ut-mina-klientmedel-vad-kan-jag-gra-1.png\",\"contentUrl\":\"https:\\\/\\\/lightweb.dev\\\/l\\\/svm-temp\\\/wp-content\\\/uploads\\\/2022\\\/04\\\/advokatspalten-jag-fr-inte-ut-mina-klientmedel-vad-kan-jag-gra-1.png\",\"width\":280,\"height\":421},{\"@type\":\"BreadcrumbList\",\"@id\":\"https:\\\/\\\/lightweb.dev\\\/l\\\/svm-temp\\\/artiklar\\\/advokatspalten-jag-far-inte-ut-mina-klientmedel-vad-kan-jag-gora-2\\\/#breadcrumb\",\"itemListElement\":[{\"@type\":\"ListItem\",\"position\":1,\"name\":\"Hem\",\"item\":\"https:\\\/\\\/lightweb.dev\\\/l\\\/svm-temp\\\/\"},{\"@type\":\"ListItem\",\"position\":2,\"name\":\"Advokatspalten: Jag f\u00e5r inte ut mina klientmedel, vad kan jag g\u00f6ra?\"}]},{\"@type\":\"WebSite\",\"@id\":\"https:\\\/\\\/lightweb.dev\\\/l\\\/svm-temp\\\/#website\",\"url\":\"https:\\\/\\\/lightweb.dev\\\/l\\\/svm-temp\\\/\",\"name\":\"Svenska Magasinet\",\"description\":\"Dina Spanska nyheter p&aring; Svenska\",\"publisher\":{\"@id\":\"https:\\\/\\\/lightweb.dev\\\/l\\\/svm-temp\\\/#organization\"},\"potentialAction\":[{\"@type\":\"SearchAction\",\"target\":{\"@type\":\"EntryPoint\",\"urlTemplate\":\"https:\\\/\\\/lightweb.dev\\\/l\\\/svm-temp\\\/?s={search_term_string}\"},\"query-input\":{\"@type\":\"PropertyValueSpecification\",\"valueRequired\":true,\"valueName\":\"search_term_string\"}}],\"inLanguage\":\"sv-SE\"},{\"@type\":\"Organization\",\"@id\":\"https:\\\/\\\/lightweb.dev\\\/l\\\/svm-temp\\\/#organization\",\"name\":\"Melkerson y Nott SL\",\"alternateName\":\"Svenska Magasinet\",\"url\":\"https:\\\/\\\/lightweb.dev\\\/l\\\/svm-temp\\\/\",\"logo\":{\"@type\":\"ImageObject\",\"inLanguage\":\"sv-SE\",\"@id\":\"https:\\\/\\\/lightweb.dev\\\/l\\\/svm-temp\\\/#\\\/schema\\\/logo\\\/image\\\/\",\"url\":\"https:\\\/\\\/lightweb.dev\\\/l\\\/svm-temp\\\/wp-content\\\/uploads\\\/2025\\\/02\\\/SvM-logo-Xtra-Centrerad-SVART.png\",\"contentUrl\":\"https:\\\/\\\/lightweb.dev\\\/l\\\/svm-temp\\\/wp-content\\\/uploads\\\/2025\\\/02\\\/SvM-logo-Xtra-Centrerad-SVART.png\",\"width\":300,\"height\":99,\"caption\":\"Melkerson y Nott SL\"},\"image\":{\"@id\":\"https:\\\/\\\/lightweb.dev\\\/l\\\/svm-temp\\\/#\\\/schema\\\/logo\\\/image\\\/\"},\"sameAs\":[\"https:\\\/\\\/www.facebook.com\\\/svenskamagasinet\",\"https:\\\/\\\/x.com\\\/SvenskaMagasine\"]},{\"@type\":\"Person\",\"@id\":\"https:\\\/\\\/lightweb.dev\\\/l\\\/svm-temp\\\/#\\\/schema\\\/person\\\/206a3bda5b607b0c25e1749191e4d837\",\"name\":\"Redaktionen SvM\",\"description\":\"Redaktionen\",\"sameAs\":[\"https:\\\/\\\/lightweb.dev\\\/l\\\/svm-temp\"],\"url\":\"https:\\\/\\\/lightweb.dev\\\/l\\\/svm-temp\\\/reporter\\\/redaktionen\\\/\"}]}<\/script>\n<!-- \/ Yoast SEO Premium plugin. -->","yoast_head_json":{"title":"Advokatspalten: Jag f\u00e5r inte ut mina klientmedel, vad kan jag g\u00f6ra? - Svenska Magasinet","robots":{"index":"noindex","follow":"follow","max-snippet":"max-snippet:-1","max-image-preview":"max-image-preview:large","max-video-preview":"max-video-preview:-1"},"og_locale":"sv_SE","og_type":"article","og_title":"Advokatspalten: Jag f\u00e5r inte ut mina klientmedel, vad kan jag g\u00f6ra?","og_description":"Min man och jag \u00e4gde en trevlig v\u00e5ning i Estepona. F\u00f6r ett par \u00e5r sedan gick han bort och jag har best\u00e4mt mig f\u00f6r att flytta tillbaka till G\u00f6teborg och f\u00e5 n\u00e4rmare till barn och barnbarn. V\u00e5ningen s\u00e5lde jag f\u00f6rra \u00e5ret och anlitade i samband med det en internationell advokatbyr\u00e5. Abogadon fick fullmakt att sk\u00f6ta [&hellip;]","og_url":"https:\/\/lightweb.dev\/l\/svm-temp\/artiklar\/advokatspalten-jag-far-inte-ut-mina-klientmedel-vad-kan-jag-gora-2\/","og_site_name":"Svenska Magasinet","article_publisher":"https:\/\/www.facebook.com\/svenskamagasinet","article_published_time":"2015-06-08T22:00:00+00:00","og_image":[{"width":280,"height":421,"url":"https:\/\/lightweb.dev\/l\/svm-temp\/wp-content\/uploads\/2022\/04\/advokatspalten-jag-fr-inte-ut-mina-klientmedel-vad-kan-jag-gra-1.png","type":"image\/png"}],"author":"Redaktionen SvM","twitter_card":"summary_large_image","twitter_creator":"@SvenskaMagasine","twitter_site":"@SvenskaMagasine","schema":{"@context":"https:\/\/schema.org","@graph":[{"@type":"Article","@id":"https:\/\/lightweb.dev\/l\/svm-temp\/artiklar\/advokatspalten-jag-far-inte-ut-mina-klientmedel-vad-kan-jag-gora-2\/#article","isPartOf":{"@id":"https:\/\/lightweb.dev\/l\/svm-temp\/artiklar\/advokatspalten-jag-far-inte-ut-mina-klientmedel-vad-kan-jag-gora-2\/"},"author":{"name":"Redaktionen SvM","@id":"https:\/\/lightweb.dev\/l\/svm-temp\/#\/schema\/person\/206a3bda5b607b0c25e1749191e4d837"},"headline":"Advokatspalten: Jag f\u00e5r inte ut mina klientmedel, vad kan jag g\u00f6ra?","datePublished":"2015-06-08T22:00:00+00:00","mainEntityOfPage":{"@id":"https:\/\/lightweb.dev\/l\/svm-temp\/artiklar\/advokatspalten-jag-far-inte-ut-mina-klientmedel-vad-kan-jag-gora-2\/"},"wordCount":449,"commentCount":0,"publisher":{"@id":"https:\/\/lightweb.dev\/l\/svm-temp\/#organization"},"image":{"@id":"https:\/\/lightweb.dev\/l\/svm-temp\/artiklar\/advokatspalten-jag-far-inte-ut-mina-klientmedel-vad-kan-jag-gora-2\/#primaryimage"},"thumbnailUrl":"https:\/\/lightweb.dev\/l\/svm-temp\/wp-content\/uploads\/2022\/04\/advokatspalten-jag-fr-inte-ut-mina-klientmedel-vad-kan-jag-gra-1.png","articleSection":["Arkiv","Artiklar"],"inLanguage":"sv-SE"},{"@type":"WebPage","@id":"https:\/\/lightweb.dev\/l\/svm-temp\/artiklar\/advokatspalten-jag-far-inte-ut-mina-klientmedel-vad-kan-jag-gora-2\/","url":"https:\/\/lightweb.dev\/l\/svm-temp\/artiklar\/advokatspalten-jag-far-inte-ut-mina-klientmedel-vad-kan-jag-gora-2\/","name":"Advokatspalten: Jag f\u00e5r inte ut mina klientmedel, vad kan jag g\u00f6ra? - Svenska Magasinet","isPartOf":{"@id":"https:\/\/lightweb.dev\/l\/svm-temp\/#website"},"primaryImageOfPage":{"@id":"https:\/\/lightweb.dev\/l\/svm-temp\/artiklar\/advokatspalten-jag-far-inte-ut-mina-klientmedel-vad-kan-jag-gora-2\/#primaryimage"},"image":{"@id":"https:\/\/lightweb.dev\/l\/svm-temp\/artiklar\/advokatspalten-jag-far-inte-ut-mina-klientmedel-vad-kan-jag-gora-2\/#primaryimage"},"thumbnailUrl":"https:\/\/lightweb.dev\/l\/svm-temp\/wp-content\/uploads\/2022\/04\/advokatspalten-jag-fr-inte-ut-mina-klientmedel-vad-kan-jag-gra-1.png","datePublished":"2015-06-08T22:00:00+00:00","breadcrumb":{"@id":"https:\/\/lightweb.dev\/l\/svm-temp\/artiklar\/advokatspalten-jag-far-inte-ut-mina-klientmedel-vad-kan-jag-gora-2\/#breadcrumb"},"inLanguage":"sv-SE","potentialAction":[{"@type":"ReadAction","target":["https:\/\/lightweb.dev\/l\/svm-temp\/artiklar\/advokatspalten-jag-far-inte-ut-mina-klientmedel-vad-kan-jag-gora-2\/"]}]},{"@type":"ImageObject","inLanguage":"sv-SE","@id":"https:\/\/lightweb.dev\/l\/svm-temp\/artiklar\/advokatspalten-jag-far-inte-ut-mina-klientmedel-vad-kan-jag-gora-2\/#primaryimage","url":"https:\/\/lightweb.dev\/l\/svm-temp\/wp-content\/uploads\/2022\/04\/advokatspalten-jag-fr-inte-ut-mina-klientmedel-vad-kan-jag-gra-1.png","contentUrl":"https:\/\/lightweb.dev\/l\/svm-temp\/wp-content\/uploads\/2022\/04\/advokatspalten-jag-fr-inte-ut-mina-klientmedel-vad-kan-jag-gra-1.png","width":280,"height":421},{"@type":"BreadcrumbList","@id":"https:\/\/lightweb.dev\/l\/svm-temp\/artiklar\/advokatspalten-jag-far-inte-ut-mina-klientmedel-vad-kan-jag-gora-2\/#breadcrumb","itemListElement":[{"@type":"ListItem","position":1,"name":"Hem","item":"https:\/\/lightweb.dev\/l\/svm-temp\/"},{"@type":"ListItem","position":2,"name":"Advokatspalten: Jag f\u00e5r inte ut mina klientmedel, vad kan jag g\u00f6ra?"}]},{"@type":"WebSite","@id":"https:\/\/lightweb.dev\/l\/svm-temp\/#website","url":"https:\/\/lightweb.dev\/l\/svm-temp\/","name":"Svenska Magasinet","description":"Dina Spanska nyheter p&aring; Svenska","publisher":{"@id":"https:\/\/lightweb.dev\/l\/svm-temp\/#organization"},"potentialAction":[{"@type":"SearchAction","target":{"@type":"EntryPoint","urlTemplate":"https:\/\/lightweb.dev\/l\/svm-temp\/?s={search_term_string}"},"query-input":{"@type":"PropertyValueSpecification","valueRequired":true,"valueName":"search_term_string"}}],"inLanguage":"sv-SE"},{"@type":"Organization","@id":"https:\/\/lightweb.dev\/l\/svm-temp\/#organization","name":"Melkerson y Nott SL","alternateName":"Svenska Magasinet","url":"https:\/\/lightweb.dev\/l\/svm-temp\/","logo":{"@type":"ImageObject","inLanguage":"sv-SE","@id":"https:\/\/lightweb.dev\/l\/svm-temp\/#\/schema\/logo\/image\/","url":"https:\/\/lightweb.dev\/l\/svm-temp\/wp-content\/uploads\/2025\/02\/SvM-logo-Xtra-Centrerad-SVART.png","contentUrl":"https:\/\/lightweb.dev\/l\/svm-temp\/wp-content\/uploads\/2025\/02\/SvM-logo-Xtra-Centrerad-SVART.png","width":300,"height":99,"caption":"Melkerson y Nott SL"},"image":{"@id":"https:\/\/lightweb.dev\/l\/svm-temp\/#\/schema\/logo\/image\/"},"sameAs":["https:\/\/www.facebook.com\/svenskamagasinet","https:\/\/x.com\/SvenskaMagasine"]},{"@type":"Person","@id":"https:\/\/lightweb.dev\/l\/svm-temp\/#\/schema\/person\/206a3bda5b607b0c25e1749191e4d837","name":"Redaktionen SvM","description":"Redaktionen","sameAs":["https:\/\/lightweb.dev\/l\/svm-temp"],"url":"https:\/\/lightweb.dev\/l\/svm-temp\/reporter\/redaktionen\/"}]}},"_links":{"self":[{"href":"https:\/\/lightweb.dev\/l\/svm-temp\/wp-json\/wp\/v2\/posts\/5670","targetHints":{"allow":["GET"]}}],"collection":[{"href":"https:\/\/lightweb.dev\/l\/svm-temp\/wp-json\/wp\/v2\/posts"}],"about":[{"href":"https:\/\/lightweb.dev\/l\/svm-temp\/wp-json\/wp\/v2\/types\/post"}],"author":[{"embeddable":true,"href":"https:\/\/lightweb.dev\/l\/svm-temp\/wp-json\/wp\/v2\/users\/8"}],"replies":[{"embeddable":true,"href":"https:\/\/lightweb.dev\/l\/svm-temp\/wp-json\/wp\/v2\/comments?post=5670"}],"version-history":[{"count":0,"href":"https:\/\/lightweb.dev\/l\/svm-temp\/wp-json\/wp\/v2\/posts\/5670\/revisions"}],"wp:featuredmedia":[{"embeddable":true,"href":"https:\/\/lightweb.dev\/l\/svm-temp\/wp-json\/wp\/v2\/media\/5671"}],"wp:attachment":[{"href":"https:\/\/lightweb.dev\/l\/svm-temp\/wp-json\/wp\/v2\/media?parent=5670"}],"wp:term":[{"taxonomy":"category","embeddable":true,"href":"https:\/\/lightweb.dev\/l\/svm-temp\/wp-json\/wp\/v2\/categories?post=5670"},{"taxonomy":"post_tag","embeddable":true,"href":"https:\/\/lightweb.dev\/l\/svm-temp\/wp-json\/wp\/v2\/tags?post=5670"}],"curies":[{"name":"wp","href":"https:\/\/api.w.org\/{rel}","templated":true}]}}