{"id":56866,"date":"2022-08-29T10:37:57","date_gmt":"2022-08-29T08:37:57","guid":{"rendered":"https:\/\/lightweb.dev\/l\/svm-temp\/?p=56866"},"modified":"2022-08-29T10:37:57","modified_gmt":"2022-08-29T08:37:57","slug":"estepona-forsta-delen-av-avenida-de-espana-klar","status":"publish","type":"post","link":"https:\/\/lightweb.dev\/l\/svm-temp\/nyheter\/estepona-forsta-delen-av-avenida-de-espana-klar\/","title":{"rendered":"Estepona: F\u00f6rsta delen av Avenida de Espa\u00f1a klar"},"content":{"rendered":"<p><strong>Ombyggnaden av Avenida de Espa\u00f1a fortg\u00e5r och nyligen invigdes den f\u00f6rsta omgjorda delen av borgm\u00e4staren Jos\u00e9 Mar\u00eda Garc\u00eda Urbano. Han till\u00e4gger att avsnittet mellan avenida Juan Carlos och calle Delf\u00edn snart ocks\u00e5 \u00e4r klar.<\/strong><\/p>\n<p>Nyligen invigdes den f\u00f6rsta av totalt fyra delar av Avenida de Espa\u00f1a i Estepona som byggs om. Det \u00e4r ett av de stora projekten som ska f\u00f6rb\u00e4ttra b\u00e5de utseende och tillg\u00e4ngligheten utmed gamla N-340.<\/p>\n<p><img loading=\"lazy\" decoding=\"async\" class=\"size-medium wp-image-56869 alignleft\" src=\"https:\/\/lightweb.dev\/l\/svm-temp\/wp-content\/uploads\/2022\/08\/FbHrJBWVQAIVjRx-Stor-300x225.jpeg\" alt=\"\" width=\"300\" height=\"225\" srcset=\"https:\/\/lightweb.dev\/l\/svm-temp\/wp-content\/uploads\/2022\/08\/FbHrJBWVQAIVjRx-Stor-300x225.jpeg 300w, https:\/\/lightweb.dev\/l\/svm-temp\/wp-content\/uploads\/2022\/08\/FbHrJBWVQAIVjRx-Stor-600x450.jpeg 600w, https:\/\/lightweb.dev\/l\/svm-temp\/wp-content\/uploads\/2022\/08\/FbHrJBWVQAIVjRx-Stor-900x675.jpeg 900w, https:\/\/lightweb.dev\/l\/svm-temp\/wp-content\/uploads\/2022\/08\/FbHrJBWVQAIVjRx-Stor-768x576.jpeg 768w, https:\/\/lightweb.dev\/l\/svm-temp\/wp-content\/uploads\/2022\/08\/FbHrJBWVQAIVjRx-Stor-610x458.jpeg 610w, https:\/\/lightweb.dev\/l\/svm-temp\/wp-content\/uploads\/2022\/08\/FbHrJBWVQAIVjRx-Stor-1080x810.jpeg 1080w, https:\/\/lightweb.dev\/l\/svm-temp\/wp-content\/uploads\/2022\/08\/FbHrJBWVQAIVjRx-Stor.jpeg 1280w\" sizes=\"(max-width: 300px) 100vw, 300px\" \/><\/p>\n<p>Avsnittet som invigdes i f\u00f6rra veckan \u00e4r delen mellan calle Terraza och rondellen vid Avenida Carlos I.<\/p>\n<p>Fr\u00e5n nu blir trottoaren endast f\u00f6r fotg\u00e4ngare medan en cykelbana med k\u00f6rbanor \u00e5t b\u00e5da h\u00e5llen har anlagts. Hela omr\u00e5det har f\u00e5tt nya tr\u00e4d och planteringar.<\/p>\n<p>&nbsp;<\/p>\n<p>&nbsp;<\/p>\n<p><img loading=\"lazy\" decoding=\"async\" class=\"alignnone size-medium wp-image-56870\" src=\"https:\/\/lightweb.dev\/l\/svm-temp\/wp-content\/uploads\/2022\/08\/FbHrJBMUUAA0lo8-Stor-300x225.jpeg\" alt=\"\" width=\"300\" height=\"225\" srcset=\"https:\/\/lightweb.dev\/l\/svm-temp\/wp-content\/uploads\/2022\/08\/FbHrJBMUUAA0lo8-Stor-300x225.jpeg 300w, https:\/\/lightweb.dev\/l\/svm-temp\/wp-content\/uploads\/2022\/08\/FbHrJBMUUAA0lo8-Stor-600x450.jpeg 600w, https:\/\/lightweb.dev\/l\/svm-temp\/wp-content\/uploads\/2022\/08\/FbHrJBMUUAA0lo8-Stor-900x675.jpeg 900w, https:\/\/lightweb.dev\/l\/svm-temp\/wp-content\/uploads\/2022\/08\/FbHrJBMUUAA0lo8-Stor-768x576.jpeg 768w, https:\/\/lightweb.dev\/l\/svm-temp\/wp-content\/uploads\/2022\/08\/FbHrJBMUUAA0lo8-Stor-610x458.jpeg 610w, https:\/\/lightweb.dev\/l\/svm-temp\/wp-content\/uploads\/2022\/08\/FbHrJBMUUAA0lo8-Stor-1080x810.jpeg 1080w, https:\/\/lightweb.dev\/l\/svm-temp\/wp-content\/uploads\/2022\/08\/FbHrJBMUUAA0lo8-Stor.jpeg 1280w\" sizes=\"(max-width: 300px) 100vw, 300px\" \/><\/p>\n","protected":false},"excerpt":{"rendered":"<p>Ombyggnaden av Avenida de Espa\u00f1a fortg\u00e5r och nyligen invigdes den f\u00f6rsta omgjorda delen av borgm\u00e4staren Jos\u00e9 Mar\u00eda Garc\u00eda Urbano. Han till\u00e4gger att avsnittet mellan avenida Juan Carlos och calle Delf\u00edn snart ocks\u00e5 \u00e4r klar. Nyligen invigdes den f\u00f6rsta av totalt fyra delar av Avenida de Espa\u00f1a i Estepona som byggs om. Det \u00e4r ett av [&hellip;]<\/p>\n","protected":false},"author":7,"featured_media":56868,"comment_status":"open","ping_status":"open","sticky":false,"template":"","format":"standard","meta":{"_et_pb_use_builder":"","_et_pb_old_content":"","_et_gb_content_width":"","footnotes":""},"categories":[395,3],"tags":[],"class_list":["post-56866","post","type-post","status-publish","format-standard","has-post-thumbnail","hentry","category-arkiv-nyheter","category-nyheter"],"yoast_head":"<!-- This site is optimized with the Yoast SEO Premium plugin v26.2 (Yoast SEO v27.4) - https:\/\/yoast.com\/product\/yoast-seo-premium-wordpress\/ -->\n<title>Estepona: F\u00f6rsta delen av Avenida de Espa\u00f1a klar - Svenska Magasinet<\/title>\n<meta name=\"description\" content=\"Ombyggnaden av Avenida de Espa\u00f1a fortg\u00e5r och nyligen invigdes den f\u00f6rsta omgjorda delen av borgm\u00e4staren Jos\u00e9 Mar\u00eda Garc\u00eda Urbano. Han till\u00e4gger att avsnittet mellan avenida Juan Carlos och calle Delf\u00edn snart ocks\u00e5 \u00e4r klar.\" \/>\n<meta name=\"robots\" content=\"noindex, follow, max-snippet:-1, max-image-preview:large, max-video-preview:-1\" \/>\n<meta property=\"og:locale\" content=\"sv_SE\" \/>\n<meta property=\"og:type\" content=\"article\" \/>\n<meta property=\"og:title\" content=\"Estepona: F\u00f6rsta delen av Avenida de Espa\u00f1a klar\" \/>\n<meta property=\"og:description\" content=\"Ombyggnaden av Avenida de Espa\u00f1a fortg\u00e5r och nyligen invigdes den f\u00f6rsta omgjorda delen av borgm\u00e4staren Jos\u00e9 Mar\u00eda Garc\u00eda Urbano. Han till\u00e4gger att avsnittet mellan avenida Juan Carlos och calle Delf\u00edn snart ocks\u00e5 \u00e4r klar.\" \/>\n<meta property=\"og:url\" content=\"https:\/\/lightweb.dev\/l\/svm-temp\/nyheter\/estepona-forsta-delen-av-avenida-de-espana-klar\/\" \/>\n<meta property=\"og:site_name\" content=\"Svenska Magasinet\" \/>\n<meta property=\"article:publisher\" content=\"https:\/\/www.facebook.com\/svenskamagasinet\" \/>\n<meta property=\"article:published_time\" content=\"2022-08-29T08:37:57+00:00\" \/>\n<meta property=\"og:image\" content=\"https:\/\/lightweb.dev\/l\/svm-temp\/wp-content\/uploads\/2022\/08\/FbHrJBWUsAUgHgG-Stor.jpeg\" \/>\n\t<meta property=\"og:image:width\" content=\"960\" \/>\n\t<meta property=\"og:image:height\" content=\"1280\" \/>\n\t<meta property=\"og:image:type\" content=\"image\/jpeg\" \/>\n<meta name=\"author\" content=\"Ola Josefsson\" \/>\n<meta name=\"twitter:card\" content=\"summary_large_image\" \/>\n<meta name=\"twitter:creator\" content=\"@SvenskaMagasine\" \/>\n<meta name=\"twitter:site\" content=\"@SvenskaMagasine\" \/>\n<script type=\"application\/ld+json\" class=\"yoast-schema-graph\">{\"@context\":\"https:\\\/\\\/schema.org\",\"@graph\":[{\"@type\":\"Article\",\"@id\":\"https:\\\/\\\/lightweb.dev\\\/l\\\/svm-temp\\\/nyheter\\\/estepona-forsta-delen-av-avenida-de-espana-klar\\\/#article\",\"isPartOf\":{\"@id\":\"https:\\\/\\\/lightweb.dev\\\/l\\\/svm-temp\\\/nyheter\\\/estepona-forsta-delen-av-avenida-de-espana-klar\\\/\"},\"author\":{\"name\":\"Ola Josefsson\",\"@id\":\"https:\\\/\\\/lightweb.dev\\\/l\\\/svm-temp\\\/#\\\/schema\\\/person\\\/7a82b8a73d171d32360a564b6d03508e\"},\"headline\":\"Estepona: F\u00f6rsta delen av Avenida de Espa\u00f1a klar\",\"datePublished\":\"2022-08-29T08:37:57+00:00\",\"mainEntityOfPage\":{\"@id\":\"https:\\\/\\\/lightweb.dev\\\/l\\\/svm-temp\\\/nyheter\\\/estepona-forsta-delen-av-avenida-de-espana-klar\\\/\"},\"wordCount\":146,\"commentCount\":1,\"publisher\":{\"@id\":\"https:\\\/\\\/lightweb.dev\\\/l\\\/svm-temp\\\/#organization\"},\"image\":{\"@id\":\"https:\\\/\\\/lightweb.dev\\\/l\\\/svm-temp\\\/nyheter\\\/estepona-forsta-delen-av-avenida-de-espana-klar\\\/#primaryimage\"},\"thumbnailUrl\":\"https:\\\/\\\/lightweb.dev\\\/l\\\/svm-temp\\\/wp-content\\\/uploads\\\/2022\\\/08\\\/FbHrJBWUsAUgHgG-Stor.jpeg\",\"articleSection\":[\"Arkiv\",\"Nyheter\"],\"inLanguage\":\"sv-SE\"},{\"@type\":\"WebPage\",\"@id\":\"https:\\\/\\\/lightweb.dev\\\/l\\\/svm-temp\\\/nyheter\\\/estepona-forsta-delen-av-avenida-de-espana-klar\\\/\",\"url\":\"https:\\\/\\\/lightweb.dev\\\/l\\\/svm-temp\\\/nyheter\\\/estepona-forsta-delen-av-avenida-de-espana-klar\\\/\",\"name\":\"Estepona: F\u00f6rsta delen av Avenida de Espa\u00f1a klar - Svenska Magasinet\",\"isPartOf\":{\"@id\":\"https:\\\/\\\/lightweb.dev\\\/l\\\/svm-temp\\\/#website\"},\"primaryImageOfPage\":{\"@id\":\"https:\\\/\\\/lightweb.dev\\\/l\\\/svm-temp\\\/nyheter\\\/estepona-forsta-delen-av-avenida-de-espana-klar\\\/#primaryimage\"},\"image\":{\"@id\":\"https:\\\/\\\/lightweb.dev\\\/l\\\/svm-temp\\\/nyheter\\\/estepona-forsta-delen-av-avenida-de-espana-klar\\\/#primaryimage\"},\"thumbnailUrl\":\"https:\\\/\\\/lightweb.dev\\\/l\\\/svm-temp\\\/wp-content\\\/uploads\\\/2022\\\/08\\\/FbHrJBWUsAUgHgG-Stor.jpeg\",\"datePublished\":\"2022-08-29T08:37:57+00:00\",\"description\":\"Ombyggnaden av Avenida de Espa\u00f1a fortg\u00e5r och nyligen invigdes den f\u00f6rsta omgjorda delen av borgm\u00e4staren Jos\u00e9 Mar\u00eda Garc\u00eda Urbano. Han till\u00e4gger att avsnittet mellan avenida Juan Carlos och calle Delf\u00edn snart ocks\u00e5 \u00e4r klar.\",\"breadcrumb\":{\"@id\":\"https:\\\/\\\/lightweb.dev\\\/l\\\/svm-temp\\\/nyheter\\\/estepona-forsta-delen-av-avenida-de-espana-klar\\\/#breadcrumb\"},\"inLanguage\":\"sv-SE\",\"potentialAction\":[{\"@type\":\"ReadAction\",\"target\":[\"https:\\\/\\\/lightweb.dev\\\/l\\\/svm-temp\\\/nyheter\\\/estepona-forsta-delen-av-avenida-de-espana-klar\\\/\"]}]},{\"@type\":\"ImageObject\",\"inLanguage\":\"sv-SE\",\"@id\":\"https:\\\/\\\/lightweb.dev\\\/l\\\/svm-temp\\\/nyheter\\\/estepona-forsta-delen-av-avenida-de-espana-klar\\\/#primaryimage\",\"url\":\"https:\\\/\\\/lightweb.dev\\\/l\\\/svm-temp\\\/wp-content\\\/uploads\\\/2022\\\/08\\\/FbHrJBWUsAUgHgG-Stor.jpeg\",\"contentUrl\":\"https:\\\/\\\/lightweb.dev\\\/l\\\/svm-temp\\\/wp-content\\\/uploads\\\/2022\\\/08\\\/FbHrJBWUsAUgHgG-Stor.jpeg\",\"width\":960,\"height\":1280},{\"@type\":\"BreadcrumbList\",\"@id\":\"https:\\\/\\\/lightweb.dev\\\/l\\\/svm-temp\\\/nyheter\\\/estepona-forsta-delen-av-avenida-de-espana-klar\\\/#breadcrumb\",\"itemListElement\":[{\"@type\":\"ListItem\",\"position\":1,\"name\":\"Hem\",\"item\":\"https:\\\/\\\/lightweb.dev\\\/l\\\/svm-temp\\\/\"},{\"@type\":\"ListItem\",\"position\":2,\"name\":\"Estepona: F\u00f6rsta delen av Avenida de Espa\u00f1a klar\"}]},{\"@type\":\"WebSite\",\"@id\":\"https:\\\/\\\/lightweb.dev\\\/l\\\/svm-temp\\\/#website\",\"url\":\"https:\\\/\\\/lightweb.dev\\\/l\\\/svm-temp\\\/\",\"name\":\"Svenska Magasinet\",\"description\":\"Dina Spanska nyheter p&aring; Svenska\",\"publisher\":{\"@id\":\"https:\\\/\\\/lightweb.dev\\\/l\\\/svm-temp\\\/#organization\"},\"potentialAction\":[{\"@type\":\"SearchAction\",\"target\":{\"@type\":\"EntryPoint\",\"urlTemplate\":\"https:\\\/\\\/lightweb.dev\\\/l\\\/svm-temp\\\/?s={search_term_string}\"},\"query-input\":{\"@type\":\"PropertyValueSpecification\",\"valueRequired\":true,\"valueName\":\"search_term_string\"}}],\"inLanguage\":\"sv-SE\"},{\"@type\":\"Organization\",\"@id\":\"https:\\\/\\\/lightweb.dev\\\/l\\\/svm-temp\\\/#organization\",\"name\":\"Melkerson y Nott SL\",\"alternateName\":\"Svenska Magasinet\",\"url\":\"https:\\\/\\\/lightweb.dev\\\/l\\\/svm-temp\\\/\",\"logo\":{\"@type\":\"ImageObject\",\"inLanguage\":\"sv-SE\",\"@id\":\"https:\\\/\\\/lightweb.dev\\\/l\\\/svm-temp\\\/#\\\/schema\\\/logo\\\/image\\\/\",\"url\":\"https:\\\/\\\/lightweb.dev\\\/l\\\/svm-temp\\\/wp-content\\\/uploads\\\/2025\\\/02\\\/SvM-logo-Xtra-Centrerad-SVART.png\",\"contentUrl\":\"https:\\\/\\\/lightweb.dev\\\/l\\\/svm-temp\\\/wp-content\\\/uploads\\\/2025\\\/02\\\/SvM-logo-Xtra-Centrerad-SVART.png\",\"width\":300,\"height\":99,\"caption\":\"Melkerson y Nott SL\"},\"image\":{\"@id\":\"https:\\\/\\\/lightweb.dev\\\/l\\\/svm-temp\\\/#\\\/schema\\\/logo\\\/image\\\/\"},\"sameAs\":[\"https:\\\/\\\/www.facebook.com\\\/svenskamagasinet\",\"https:\\\/\\\/x.com\\\/SvenskaMagasine\"]},{\"@type\":\"Person\",\"@id\":\"https:\\\/\\\/lightweb.dev\\\/l\\\/svm-temp\\\/#\\\/schema\\\/person\\\/7a82b8a73d171d32360a564b6d03508e\",\"name\":\"Ola Josefsson\",\"description\":\"Bevakar Solkusten och Spanien sedan 1994.\",\"sameAs\":[\"https:\\\/\\\/lightweb.dev\\\/l\\\/svm-temp\"],\"url\":\"https:\\\/\\\/lightweb.dev\\\/l\\\/svm-temp\\\/reporter\\\/ola-josefsson\\\/\"}]}<\/script>\n<!-- \/ Yoast SEO Premium plugin. -->","yoast_head_json":{"title":"Estepona: F\u00f6rsta delen av Avenida de Espa\u00f1a klar - Svenska Magasinet","description":"Ombyggnaden av Avenida de Espa\u00f1a fortg\u00e5r och nyligen invigdes den f\u00f6rsta omgjorda delen av borgm\u00e4staren Jos\u00e9 Mar\u00eda Garc\u00eda Urbano. Han till\u00e4gger att avsnittet mellan avenida Juan Carlos och calle Delf\u00edn snart ocks\u00e5 \u00e4r klar.","robots":{"index":"noindex","follow":"follow","max-snippet":"max-snippet:-1","max-image-preview":"max-image-preview:large","max-video-preview":"max-video-preview:-1"},"og_locale":"sv_SE","og_type":"article","og_title":"Estepona: F\u00f6rsta delen av Avenida de Espa\u00f1a klar","og_description":"Ombyggnaden av Avenida de Espa\u00f1a fortg\u00e5r och nyligen invigdes den f\u00f6rsta omgjorda delen av borgm\u00e4staren Jos\u00e9 Mar\u00eda Garc\u00eda Urbano. Han till\u00e4gger att avsnittet mellan avenida Juan Carlos och calle Delf\u00edn snart ocks\u00e5 \u00e4r klar.","og_url":"https:\/\/lightweb.dev\/l\/svm-temp\/nyheter\/estepona-forsta-delen-av-avenida-de-espana-klar\/","og_site_name":"Svenska Magasinet","article_publisher":"https:\/\/www.facebook.com\/svenskamagasinet","article_published_time":"2022-08-29T08:37:57+00:00","og_image":[{"width":960,"height":1280,"url":"https:\/\/lightweb.dev\/l\/svm-temp\/wp-content\/uploads\/2022\/08\/FbHrJBWUsAUgHgG-Stor.jpeg","type":"image\/jpeg"}],"author":"Ola Josefsson","twitter_card":"summary_large_image","twitter_creator":"@SvenskaMagasine","twitter_site":"@SvenskaMagasine","schema":{"@context":"https:\/\/schema.org","@graph":[{"@type":"Article","@id":"https:\/\/lightweb.dev\/l\/svm-temp\/nyheter\/estepona-forsta-delen-av-avenida-de-espana-klar\/#article","isPartOf":{"@id":"https:\/\/lightweb.dev\/l\/svm-temp\/nyheter\/estepona-forsta-delen-av-avenida-de-espana-klar\/"},"author":{"name":"Ola Josefsson","@id":"https:\/\/lightweb.dev\/l\/svm-temp\/#\/schema\/person\/7a82b8a73d171d32360a564b6d03508e"},"headline":"Estepona: F\u00f6rsta delen av Avenida de Espa\u00f1a klar","datePublished":"2022-08-29T08:37:57+00:00","mainEntityOfPage":{"@id":"https:\/\/lightweb.dev\/l\/svm-temp\/nyheter\/estepona-forsta-delen-av-avenida-de-espana-klar\/"},"wordCount":146,"commentCount":1,"publisher":{"@id":"https:\/\/lightweb.dev\/l\/svm-temp\/#organization"},"image":{"@id":"https:\/\/lightweb.dev\/l\/svm-temp\/nyheter\/estepona-forsta-delen-av-avenida-de-espana-klar\/#primaryimage"},"thumbnailUrl":"https:\/\/lightweb.dev\/l\/svm-temp\/wp-content\/uploads\/2022\/08\/FbHrJBWUsAUgHgG-Stor.jpeg","articleSection":["Arkiv","Nyheter"],"inLanguage":"sv-SE"},{"@type":"WebPage","@id":"https:\/\/lightweb.dev\/l\/svm-temp\/nyheter\/estepona-forsta-delen-av-avenida-de-espana-klar\/","url":"https:\/\/lightweb.dev\/l\/svm-temp\/nyheter\/estepona-forsta-delen-av-avenida-de-espana-klar\/","name":"Estepona: F\u00f6rsta delen av Avenida de Espa\u00f1a klar - Svenska Magasinet","isPartOf":{"@id":"https:\/\/lightweb.dev\/l\/svm-temp\/#website"},"primaryImageOfPage":{"@id":"https:\/\/lightweb.dev\/l\/svm-temp\/nyheter\/estepona-forsta-delen-av-avenida-de-espana-klar\/#primaryimage"},"image":{"@id":"https:\/\/lightweb.dev\/l\/svm-temp\/nyheter\/estepona-forsta-delen-av-avenida-de-espana-klar\/#primaryimage"},"thumbnailUrl":"https:\/\/lightweb.dev\/l\/svm-temp\/wp-content\/uploads\/2022\/08\/FbHrJBWUsAUgHgG-Stor.jpeg","datePublished":"2022-08-29T08:37:57+00:00","description":"Ombyggnaden av Avenida de Espa\u00f1a fortg\u00e5r och nyligen invigdes den f\u00f6rsta omgjorda delen av borgm\u00e4staren Jos\u00e9 Mar\u00eda Garc\u00eda Urbano. Han till\u00e4gger att avsnittet mellan avenida Juan Carlos och calle Delf\u00edn snart ocks\u00e5 \u00e4r klar.","breadcrumb":{"@id":"https:\/\/lightweb.dev\/l\/svm-temp\/nyheter\/estepona-forsta-delen-av-avenida-de-espana-klar\/#breadcrumb"},"inLanguage":"sv-SE","potentialAction":[{"@type":"ReadAction","target":["https:\/\/lightweb.dev\/l\/svm-temp\/nyheter\/estepona-forsta-delen-av-avenida-de-espana-klar\/"]}]},{"@type":"ImageObject","inLanguage":"sv-SE","@id":"https:\/\/lightweb.dev\/l\/svm-temp\/nyheter\/estepona-forsta-delen-av-avenida-de-espana-klar\/#primaryimage","url":"https:\/\/lightweb.dev\/l\/svm-temp\/wp-content\/uploads\/2022\/08\/FbHrJBWUsAUgHgG-Stor.jpeg","contentUrl":"https:\/\/lightweb.dev\/l\/svm-temp\/wp-content\/uploads\/2022\/08\/FbHrJBWUsAUgHgG-Stor.jpeg","width":960,"height":1280},{"@type":"BreadcrumbList","@id":"https:\/\/lightweb.dev\/l\/svm-temp\/nyheter\/estepona-forsta-delen-av-avenida-de-espana-klar\/#breadcrumb","itemListElement":[{"@type":"ListItem","position":1,"name":"Hem","item":"https:\/\/lightweb.dev\/l\/svm-temp\/"},{"@type":"ListItem","position":2,"name":"Estepona: F\u00f6rsta delen av Avenida de Espa\u00f1a klar"}]},{"@type":"WebSite","@id":"https:\/\/lightweb.dev\/l\/svm-temp\/#website","url":"https:\/\/lightweb.dev\/l\/svm-temp\/","name":"Svenska Magasinet","description":"Dina Spanska nyheter p&aring; Svenska","publisher":{"@id":"https:\/\/lightweb.dev\/l\/svm-temp\/#organization"},"potentialAction":[{"@type":"SearchAction","target":{"@type":"EntryPoint","urlTemplate":"https:\/\/lightweb.dev\/l\/svm-temp\/?s={search_term_string}"},"query-input":{"@type":"PropertyValueSpecification","valueRequired":true,"valueName":"search_term_string"}}],"inLanguage":"sv-SE"},{"@type":"Organization","@id":"https:\/\/lightweb.dev\/l\/svm-temp\/#organization","name":"Melkerson y Nott SL","alternateName":"Svenska Magasinet","url":"https:\/\/lightweb.dev\/l\/svm-temp\/","logo":{"@type":"ImageObject","inLanguage":"sv-SE","@id":"https:\/\/lightweb.dev\/l\/svm-temp\/#\/schema\/logo\/image\/","url":"https:\/\/lightweb.dev\/l\/svm-temp\/wp-content\/uploads\/2025\/02\/SvM-logo-Xtra-Centrerad-SVART.png","contentUrl":"https:\/\/lightweb.dev\/l\/svm-temp\/wp-content\/uploads\/2025\/02\/SvM-logo-Xtra-Centrerad-SVART.png","width":300,"height":99,"caption":"Melkerson y Nott SL"},"image":{"@id":"https:\/\/lightweb.dev\/l\/svm-temp\/#\/schema\/logo\/image\/"},"sameAs":["https:\/\/www.facebook.com\/svenskamagasinet","https:\/\/x.com\/SvenskaMagasine"]},{"@type":"Person","@id":"https:\/\/lightweb.dev\/l\/svm-temp\/#\/schema\/person\/7a82b8a73d171d32360a564b6d03508e","name":"Ola Josefsson","description":"Bevakar Solkusten och Spanien sedan 1994.","sameAs":["https:\/\/lightweb.dev\/l\/svm-temp"],"url":"https:\/\/lightweb.dev\/l\/svm-temp\/reporter\/ola-josefsson\/"}]}},"_links":{"self":[{"href":"https:\/\/lightweb.dev\/l\/svm-temp\/wp-json\/wp\/v2\/posts\/56866","targetHints":{"allow":["GET"]}}],"collection":[{"href":"https:\/\/lightweb.dev\/l\/svm-temp\/wp-json\/wp\/v2\/posts"}],"about":[{"href":"https:\/\/lightweb.dev\/l\/svm-temp\/wp-json\/wp\/v2\/types\/post"}],"author":[{"embeddable":true,"href":"https:\/\/lightweb.dev\/l\/svm-temp\/wp-json\/wp\/v2\/users\/7"}],"replies":[{"embeddable":true,"href":"https:\/\/lightweb.dev\/l\/svm-temp\/wp-json\/wp\/v2\/comments?post=56866"}],"version-history":[{"count":0,"href":"https:\/\/lightweb.dev\/l\/svm-temp\/wp-json\/wp\/v2\/posts\/56866\/revisions"}],"wp:featuredmedia":[{"embeddable":true,"href":"https:\/\/lightweb.dev\/l\/svm-temp\/wp-json\/wp\/v2\/media\/56868"}],"wp:attachment":[{"href":"https:\/\/lightweb.dev\/l\/svm-temp\/wp-json\/wp\/v2\/media?parent=56866"}],"wp:term":[{"taxonomy":"category","embeddable":true,"href":"https:\/\/lightweb.dev\/l\/svm-temp\/wp-json\/wp\/v2\/categories?post=56866"},{"taxonomy":"post_tag","embeddable":true,"href":"https:\/\/lightweb.dev\/l\/svm-temp\/wp-json\/wp\/v2\/tags?post=56866"}],"curies":[{"name":"wp","href":"https:\/\/api.w.org\/{rel}","templated":true}]}}