{"id":56872,"date":"2022-08-29T12:03:17","date_gmt":"2022-08-29T10:03:17","guid":{"rendered":"https:\/\/lightweb.dev\/l\/svm-temp\/?p=56872"},"modified":"2022-08-29T15:50:40","modified_gmt":"2022-08-29T13:50:40","slug":"spanien-slar-rekord-i-pensionsutgifter","status":"publish","type":"post","link":"https:\/\/lightweb.dev\/l\/svm-temp\/nyheter\/spanien-slar-rekord-i-pensionsutgifter\/","title":{"rendered":"Spanien sl\u00e5r rekord i pensionsutgifter"},"content":{"rendered":"<p><strong>I augusti s\u00e4tter Spanien rekord i pensionsutgifter med 10,85 miljarder euro vilket \u00e4r 4,6 procent mer \u00e4n f\u00f6r ett \u00e5r sedan. Det gr\u00e4ver djupa h\u00e5ll i den spanska kassakistan och genererar ett stort underskott i socialf\u00f6rs\u00e4kringen.<\/strong><\/p>\n<p>EU pressar p\u00e5 att Spanien m\u00e5ste ta tag i sina utgifter och reformera. Och den spanska regeringen har f\u00f6rbundit sig att reformera pensionssystemet. Det var ett krav f\u00f6r att landet skulle f\u00e5 bidrag efter pandemin. Men det kommer \u00e4ven att tvinga dem till impopul\u00e4ra \u00e5tg\u00e4rder den n\u00e4rmaste tiden.<\/p>\n<p>Och det \u00e4r inte s\u00e5 enkelt eftersom Superval\u00e5ret 2023 st\u00e5r inf\u00f6r d\u00f6rren med kommunalval, regionval och allm\u00e4nna val. Att presentera impopul\u00e4ra paket inf\u00f6r ett s\u00e5dant viktigt \u00e5r \u00e4r en sv\u00e5r balansg\u00e5ng.<\/p>\n<p>Med h\u00f6g inflation och skenande priser minskar k\u00f6pkraften hos spanska pension\u00e4rer.<\/p>\n<p><strong>F\u00f6r Spaniens regering<\/strong> g\u00e4ller det nu att vidta br\u00e5dskande \u00e5tg\u00e4rder som garanterar pensionssystemets h\u00e5llbarhet p\u00e5 medell\u00e5ng och l\u00e5ng sikt.<\/p>\n<p>&#8211; Ett beslut kommer i september, s\u00e4ger socialf\u00f6rs\u00e4kringsministern Jos\u00e9 Luis Escriv\u00e1.<\/p>\n<p>Under 1950-talets slut och 1960-talets b\u00f6rjan var det babyboom i Spanien. Den \u00e4r den generationen som v\u00e4ntas g\u00e5 i pension de n\u00e4rmaste \u00e5ren. Det bidrar till h\u00f6jda pensionsutgifter.<\/p>\n<h2 class=\"entry-title\">L\u00e4s mer: <a href=\"https:\/\/lightweb.dev\/l\/svm-temp\/nyheter\/spanien-redovisar-lagsta-fodelsetalen-nagonsin\/\">Spanien redovisar l\u00e4gsta f\u00f6delsetalen n\u00e5gonsin<\/a><\/h2>\n<p><strong>Vilka beslut kan Spanien f\u00f6rv\u00e4ntas att ta?<\/strong> Antingen att regeringen h\u00f6jer pensions\u00e5ldern en annan \u00e4r att f\u00f6rl\u00e4nga perioden \u00f6ver vilken pensionsbeloppet ber\u00e4knas (de senaste 25 \u00e5ren).<\/p>\n<p>Totalt betalade socialf\u00f6rs\u00e4kringssystemet Seguridad Social ut 9.948.815 pensioner i augusti vilket var en \u00f6kning med 0,9 procent j\u00e4mf\u00f6rt med samma m\u00e5nad ifjol. 6,25 miljoner g\u00e4ller pensioner och 2,35 miljoner g\u00e4ller \u00e4nkepensioner.<\/p>\n<p>De nya pensionsutbetalningarna ligger n\u00e5got h\u00f6gre, 1.396,1 euro, j\u00e4mf\u00f6rt med de tidigare p\u00e5 1.320 euro och g\u00e4llde 14 utbetalningar om \u00e5ret.<\/p>\n","protected":false},"excerpt":{"rendered":"<p>I augusti s\u00e4tter Spanien rekord i pensionsutgifter med 10,85 miljarder euro vilket \u00e4r 4,6 procent mer \u00e4n f\u00f6r ett \u00e5r sedan. Det gr\u00e4ver djupa h\u00e5ll i den spanska kassakistan och genererar ett stort underskott i socialf\u00f6rs\u00e4kringen. EU pressar p\u00e5 att Spanien m\u00e5ste ta tag i sina utgifter och reformera. Och den spanska regeringen har f\u00f6rbundit [&hellip;]<\/p>\n","protected":false},"author":7,"featured_media":56874,"comment_status":"open","ping_status":"open","sticky":false,"template":"","format":"standard","meta":{"_et_pb_use_builder":"","_et_pb_old_content":"","_et_gb_content_width":"","footnotes":""},"categories":[351,3],"tags":[],"class_list":["post-56872","post","type-post","status-publish","format-standard","has-post-thumbnail","hentry","category-ekonomi-nyheter","category-nyheter"],"yoast_head":"<!-- This site is optimized with the Yoast SEO Premium plugin v26.2 (Yoast SEO v27.4) - https:\/\/yoast.com\/product\/yoast-seo-premium-wordpress\/ -->\n<title>Spanien sl\u00e5r rekord i pensionsutgifter - Svenska Magasinet<\/title>\n<meta name=\"description\" content=\"I augusti s\u00e4tter Spanien rekord i pensionsutgifter som n\u00e5r 10,85 miljarder euro vilket \u00e4r 4,6 procent mer \u00e4n f\u00f6r ett \u00e5r sedan. Det gr\u00e4ver djupa h\u00e5ll i den spanska kassakistan och genererar ett stort underskott i socialf\u00f6rs\u00e4kringen.\" \/>\n<meta name=\"robots\" content=\"noindex, follow, max-snippet:-1, max-image-preview:large, max-video-preview:-1\" \/>\n<meta property=\"og:locale\" content=\"sv_SE\" \/>\n<meta property=\"og:type\" content=\"article\" \/>\n<meta property=\"og:title\" content=\"Spanien sl\u00e5r rekord i pensionsutgifter\" \/>\n<meta property=\"og:description\" content=\"I augusti s\u00e4tter Spanien rekord i pensionsutgifter som n\u00e5r 10,85 miljarder euro vilket \u00e4r 4,6 procent mer \u00e4n f\u00f6r ett \u00e5r sedan. Det gr\u00e4ver djupa h\u00e5ll i den spanska kassakistan och genererar ett stort underskott i socialf\u00f6rs\u00e4kringen.\" \/>\n<meta property=\"og:url\" content=\"https:\/\/lightweb.dev\/l\/svm-temp\/artiklar\/ekonomi\/spanien-slar-rekord-i-pensionsutgifter\/\" \/>\n<meta property=\"og:site_name\" content=\"Svenska Magasinet\" \/>\n<meta property=\"article:publisher\" content=\"https:\/\/www.facebook.com\/svenskamagasinet\" \/>\n<meta property=\"article:published_time\" content=\"2022-08-29T10:03:17+00:00\" \/>\n<meta property=\"article:modified_time\" content=\"2022-08-29T13:50:40+00:00\" \/>\n<meta property=\"og:image\" content=\"https:\/\/lightweb.dev\/l\/svm-temp\/wp-content\/uploads\/2022\/08\/04-Stor-1.jpeg\" \/>\n\t<meta property=\"og:image:width\" content=\"1280\" \/>\n\t<meta property=\"og:image:height\" content=\"857\" \/>\n\t<meta property=\"og:image:type\" content=\"image\/jpeg\" \/>\n<meta name=\"author\" content=\"Ola Josefsson\" \/>\n<meta name=\"twitter:card\" content=\"summary_large_image\" \/>\n<meta name=\"twitter:creator\" content=\"@SvenskaMagasine\" \/>\n<meta name=\"twitter:site\" content=\"@SvenskaMagasine\" \/>\n<script type=\"application\/ld+json\" class=\"yoast-schema-graph\">{\"@context\":\"https:\\\/\\\/schema.org\",\"@graph\":[{\"@type\":\"Article\",\"@id\":\"https:\\\/\\\/lightweb.dev\\\/l\\\/svm-temp\\\/artiklar\\\/ekonomi\\\/spanien-slar-rekord-i-pensionsutgifter\\\/#article\",\"isPartOf\":{\"@id\":\"https:\\\/\\\/lightweb.dev\\\/l\\\/svm-temp\\\/artiklar\\\/ekonomi\\\/spanien-slar-rekord-i-pensionsutgifter\\\/\"},\"author\":{\"name\":\"Ola Josefsson\",\"@id\":\"https:\\\/\\\/lightweb.dev\\\/l\\\/svm-temp\\\/#\\\/schema\\\/person\\\/7a82b8a73d171d32360a564b6d03508e\"},\"headline\":\"Spanien sl\u00e5r rekord i pensionsutgifter\",\"datePublished\":\"2022-08-29T10:03:17+00:00\",\"dateModified\":\"2022-08-29T13:50:40+00:00\",\"mainEntityOfPage\":{\"@id\":\"https:\\\/\\\/lightweb.dev\\\/l\\\/svm-temp\\\/artiklar\\\/ekonomi\\\/spanien-slar-rekord-i-pensionsutgifter\\\/\"},\"wordCount\":326,\"commentCount\":3,\"publisher\":{\"@id\":\"https:\\\/\\\/lightweb.dev\\\/l\\\/svm-temp\\\/#organization\"},\"image\":{\"@id\":\"https:\\\/\\\/lightweb.dev\\\/l\\\/svm-temp\\\/artiklar\\\/ekonomi\\\/spanien-slar-rekord-i-pensionsutgifter\\\/#primaryimage\"},\"thumbnailUrl\":\"https:\\\/\\\/lightweb.dev\\\/l\\\/svm-temp\\\/wp-content\\\/uploads\\\/2022\\\/08\\\/04-Stor-1.jpeg\",\"articleSection\":[\"Ekonomi\",\"Nyheter\"],\"inLanguage\":\"sv-SE\"},{\"@type\":\"WebPage\",\"@id\":\"https:\\\/\\\/lightweb.dev\\\/l\\\/svm-temp\\\/artiklar\\\/ekonomi\\\/spanien-slar-rekord-i-pensionsutgifter\\\/\",\"url\":\"https:\\\/\\\/lightweb.dev\\\/l\\\/svm-temp\\\/artiklar\\\/ekonomi\\\/spanien-slar-rekord-i-pensionsutgifter\\\/\",\"name\":\"Spanien sl\u00e5r rekord i pensionsutgifter - Svenska Magasinet\",\"isPartOf\":{\"@id\":\"https:\\\/\\\/lightweb.dev\\\/l\\\/svm-temp\\\/#website\"},\"primaryImageOfPage\":{\"@id\":\"https:\\\/\\\/lightweb.dev\\\/l\\\/svm-temp\\\/artiklar\\\/ekonomi\\\/spanien-slar-rekord-i-pensionsutgifter\\\/#primaryimage\"},\"image\":{\"@id\":\"https:\\\/\\\/lightweb.dev\\\/l\\\/svm-temp\\\/artiklar\\\/ekonomi\\\/spanien-slar-rekord-i-pensionsutgifter\\\/#primaryimage\"},\"thumbnailUrl\":\"https:\\\/\\\/lightweb.dev\\\/l\\\/svm-temp\\\/wp-content\\\/uploads\\\/2022\\\/08\\\/04-Stor-1.jpeg\",\"datePublished\":\"2022-08-29T10:03:17+00:00\",\"dateModified\":\"2022-08-29T13:50:40+00:00\",\"description\":\"I augusti s\u00e4tter Spanien rekord i pensionsutgifter som n\u00e5r 10,85 miljarder euro vilket \u00e4r 4,6 procent mer \u00e4n f\u00f6r ett \u00e5r sedan. Det gr\u00e4ver djupa h\u00e5ll i den spanska kassakistan och genererar ett stort underskott i socialf\u00f6rs\u00e4kringen.\",\"breadcrumb\":{\"@id\":\"https:\\\/\\\/lightweb.dev\\\/l\\\/svm-temp\\\/artiklar\\\/ekonomi\\\/spanien-slar-rekord-i-pensionsutgifter\\\/#breadcrumb\"},\"inLanguage\":\"sv-SE\",\"potentialAction\":[{\"@type\":\"ReadAction\",\"target\":[\"https:\\\/\\\/lightweb.dev\\\/l\\\/svm-temp\\\/artiklar\\\/ekonomi\\\/spanien-slar-rekord-i-pensionsutgifter\\\/\"]}]},{\"@type\":\"ImageObject\",\"inLanguage\":\"sv-SE\",\"@id\":\"https:\\\/\\\/lightweb.dev\\\/l\\\/svm-temp\\\/artiklar\\\/ekonomi\\\/spanien-slar-rekord-i-pensionsutgifter\\\/#primaryimage\",\"url\":\"https:\\\/\\\/lightweb.dev\\\/l\\\/svm-temp\\\/wp-content\\\/uploads\\\/2022\\\/08\\\/04-Stor-1.jpeg\",\"contentUrl\":\"https:\\\/\\\/lightweb.dev\\\/l\\\/svm-temp\\\/wp-content\\\/uploads\\\/2022\\\/08\\\/04-Stor-1.jpeg\",\"width\":1280,\"height\":857},{\"@type\":\"BreadcrumbList\",\"@id\":\"https:\\\/\\\/lightweb.dev\\\/l\\\/svm-temp\\\/artiklar\\\/ekonomi\\\/spanien-slar-rekord-i-pensionsutgifter\\\/#breadcrumb\",\"itemListElement\":[{\"@type\":\"ListItem\",\"position\":1,\"name\":\"Hem\",\"item\":\"https:\\\/\\\/lightweb.dev\\\/l\\\/svm-temp\\\/\"},{\"@type\":\"ListItem\",\"position\":2,\"name\":\"Spanien sl\u00e5r rekord i pensionsutgifter\"}]},{\"@type\":\"WebSite\",\"@id\":\"https:\\\/\\\/lightweb.dev\\\/l\\\/svm-temp\\\/#website\",\"url\":\"https:\\\/\\\/lightweb.dev\\\/l\\\/svm-temp\\\/\",\"name\":\"Svenska Magasinet\",\"description\":\"Dina Spanska nyheter p&aring; Svenska\",\"publisher\":{\"@id\":\"https:\\\/\\\/lightweb.dev\\\/l\\\/svm-temp\\\/#organization\"},\"potentialAction\":[{\"@type\":\"SearchAction\",\"target\":{\"@type\":\"EntryPoint\",\"urlTemplate\":\"https:\\\/\\\/lightweb.dev\\\/l\\\/svm-temp\\\/?s={search_term_string}\"},\"query-input\":{\"@type\":\"PropertyValueSpecification\",\"valueRequired\":true,\"valueName\":\"search_term_string\"}}],\"inLanguage\":\"sv-SE\"},{\"@type\":\"Organization\",\"@id\":\"https:\\\/\\\/lightweb.dev\\\/l\\\/svm-temp\\\/#organization\",\"name\":\"Melkerson y Nott SL\",\"alternateName\":\"Svenska Magasinet\",\"url\":\"https:\\\/\\\/lightweb.dev\\\/l\\\/svm-temp\\\/\",\"logo\":{\"@type\":\"ImageObject\",\"inLanguage\":\"sv-SE\",\"@id\":\"https:\\\/\\\/lightweb.dev\\\/l\\\/svm-temp\\\/#\\\/schema\\\/logo\\\/image\\\/\",\"url\":\"https:\\\/\\\/lightweb.dev\\\/l\\\/svm-temp\\\/wp-content\\\/uploads\\\/2025\\\/02\\\/SvM-logo-Xtra-Centrerad-SVART.png\",\"contentUrl\":\"https:\\\/\\\/lightweb.dev\\\/l\\\/svm-temp\\\/wp-content\\\/uploads\\\/2025\\\/02\\\/SvM-logo-Xtra-Centrerad-SVART.png\",\"width\":300,\"height\":99,\"caption\":\"Melkerson y Nott SL\"},\"image\":{\"@id\":\"https:\\\/\\\/lightweb.dev\\\/l\\\/svm-temp\\\/#\\\/schema\\\/logo\\\/image\\\/\"},\"sameAs\":[\"https:\\\/\\\/www.facebook.com\\\/svenskamagasinet\",\"https:\\\/\\\/x.com\\\/SvenskaMagasine\"]},{\"@type\":\"Person\",\"@id\":\"https:\\\/\\\/lightweb.dev\\\/l\\\/svm-temp\\\/#\\\/schema\\\/person\\\/7a82b8a73d171d32360a564b6d03508e\",\"name\":\"Ola Josefsson\",\"description\":\"Bevakar Solkusten och Spanien sedan 1994.\",\"sameAs\":[\"https:\\\/\\\/lightweb.dev\\\/l\\\/svm-temp\"],\"url\":\"https:\\\/\\\/lightweb.dev\\\/l\\\/svm-temp\\\/reporter\\\/ola-josefsson\\\/\"}]}<\/script>\n<!-- \/ Yoast SEO Premium plugin. -->","yoast_head_json":{"title":"Spanien sl\u00e5r rekord i pensionsutgifter - Svenska Magasinet","description":"I augusti s\u00e4tter Spanien rekord i pensionsutgifter som n\u00e5r 10,85 miljarder euro vilket \u00e4r 4,6 procent mer \u00e4n f\u00f6r ett \u00e5r sedan. Det gr\u00e4ver djupa h\u00e5ll i den spanska kassakistan och genererar ett stort underskott i socialf\u00f6rs\u00e4kringen.","robots":{"index":"noindex","follow":"follow","max-snippet":"max-snippet:-1","max-image-preview":"max-image-preview:large","max-video-preview":"max-video-preview:-1"},"og_locale":"sv_SE","og_type":"article","og_title":"Spanien sl\u00e5r rekord i pensionsutgifter","og_description":"I augusti s\u00e4tter Spanien rekord i pensionsutgifter som n\u00e5r 10,85 miljarder euro vilket \u00e4r 4,6 procent mer \u00e4n f\u00f6r ett \u00e5r sedan. Det gr\u00e4ver djupa h\u00e5ll i den spanska kassakistan och genererar ett stort underskott i socialf\u00f6rs\u00e4kringen.","og_url":"https:\/\/lightweb.dev\/l\/svm-temp\/artiklar\/ekonomi\/spanien-slar-rekord-i-pensionsutgifter\/","og_site_name":"Svenska Magasinet","article_publisher":"https:\/\/www.facebook.com\/svenskamagasinet","article_published_time":"2022-08-29T10:03:17+00:00","article_modified_time":"2022-08-29T13:50:40+00:00","og_image":[{"width":1280,"height":857,"url":"https:\/\/lightweb.dev\/l\/svm-temp\/wp-content\/uploads\/2022\/08\/04-Stor-1.jpeg","type":"image\/jpeg"}],"author":"Ola Josefsson","twitter_card":"summary_large_image","twitter_creator":"@SvenskaMagasine","twitter_site":"@SvenskaMagasine","schema":{"@context":"https:\/\/schema.org","@graph":[{"@type":"Article","@id":"https:\/\/lightweb.dev\/l\/svm-temp\/artiklar\/ekonomi\/spanien-slar-rekord-i-pensionsutgifter\/#article","isPartOf":{"@id":"https:\/\/lightweb.dev\/l\/svm-temp\/artiklar\/ekonomi\/spanien-slar-rekord-i-pensionsutgifter\/"},"author":{"name":"Ola Josefsson","@id":"https:\/\/lightweb.dev\/l\/svm-temp\/#\/schema\/person\/7a82b8a73d171d32360a564b6d03508e"},"headline":"Spanien sl\u00e5r rekord i pensionsutgifter","datePublished":"2022-08-29T10:03:17+00:00","dateModified":"2022-08-29T13:50:40+00:00","mainEntityOfPage":{"@id":"https:\/\/lightweb.dev\/l\/svm-temp\/artiklar\/ekonomi\/spanien-slar-rekord-i-pensionsutgifter\/"},"wordCount":326,"commentCount":3,"publisher":{"@id":"https:\/\/lightweb.dev\/l\/svm-temp\/#organization"},"image":{"@id":"https:\/\/lightweb.dev\/l\/svm-temp\/artiklar\/ekonomi\/spanien-slar-rekord-i-pensionsutgifter\/#primaryimage"},"thumbnailUrl":"https:\/\/lightweb.dev\/l\/svm-temp\/wp-content\/uploads\/2022\/08\/04-Stor-1.jpeg","articleSection":["Ekonomi","Nyheter"],"inLanguage":"sv-SE"},{"@type":"WebPage","@id":"https:\/\/lightweb.dev\/l\/svm-temp\/artiklar\/ekonomi\/spanien-slar-rekord-i-pensionsutgifter\/","url":"https:\/\/lightweb.dev\/l\/svm-temp\/artiklar\/ekonomi\/spanien-slar-rekord-i-pensionsutgifter\/","name":"Spanien sl\u00e5r rekord i pensionsutgifter - Svenska Magasinet","isPartOf":{"@id":"https:\/\/lightweb.dev\/l\/svm-temp\/#website"},"primaryImageOfPage":{"@id":"https:\/\/lightweb.dev\/l\/svm-temp\/artiklar\/ekonomi\/spanien-slar-rekord-i-pensionsutgifter\/#primaryimage"},"image":{"@id":"https:\/\/lightweb.dev\/l\/svm-temp\/artiklar\/ekonomi\/spanien-slar-rekord-i-pensionsutgifter\/#primaryimage"},"thumbnailUrl":"https:\/\/lightweb.dev\/l\/svm-temp\/wp-content\/uploads\/2022\/08\/04-Stor-1.jpeg","datePublished":"2022-08-29T10:03:17+00:00","dateModified":"2022-08-29T13:50:40+00:00","description":"I augusti s\u00e4tter Spanien rekord i pensionsutgifter som n\u00e5r 10,85 miljarder euro vilket \u00e4r 4,6 procent mer \u00e4n f\u00f6r ett \u00e5r sedan. Det gr\u00e4ver djupa h\u00e5ll i den spanska kassakistan och genererar ett stort underskott i socialf\u00f6rs\u00e4kringen.","breadcrumb":{"@id":"https:\/\/lightweb.dev\/l\/svm-temp\/artiklar\/ekonomi\/spanien-slar-rekord-i-pensionsutgifter\/#breadcrumb"},"inLanguage":"sv-SE","potentialAction":[{"@type":"ReadAction","target":["https:\/\/lightweb.dev\/l\/svm-temp\/artiklar\/ekonomi\/spanien-slar-rekord-i-pensionsutgifter\/"]}]},{"@type":"ImageObject","inLanguage":"sv-SE","@id":"https:\/\/lightweb.dev\/l\/svm-temp\/artiklar\/ekonomi\/spanien-slar-rekord-i-pensionsutgifter\/#primaryimage","url":"https:\/\/lightweb.dev\/l\/svm-temp\/wp-content\/uploads\/2022\/08\/04-Stor-1.jpeg","contentUrl":"https:\/\/lightweb.dev\/l\/svm-temp\/wp-content\/uploads\/2022\/08\/04-Stor-1.jpeg","width":1280,"height":857},{"@type":"BreadcrumbList","@id":"https:\/\/lightweb.dev\/l\/svm-temp\/artiklar\/ekonomi\/spanien-slar-rekord-i-pensionsutgifter\/#breadcrumb","itemListElement":[{"@type":"ListItem","position":1,"name":"Hem","item":"https:\/\/lightweb.dev\/l\/svm-temp\/"},{"@type":"ListItem","position":2,"name":"Spanien sl\u00e5r rekord i pensionsutgifter"}]},{"@type":"WebSite","@id":"https:\/\/lightweb.dev\/l\/svm-temp\/#website","url":"https:\/\/lightweb.dev\/l\/svm-temp\/","name":"Svenska Magasinet","description":"Dina Spanska nyheter p&aring; Svenska","publisher":{"@id":"https:\/\/lightweb.dev\/l\/svm-temp\/#organization"},"potentialAction":[{"@type":"SearchAction","target":{"@type":"EntryPoint","urlTemplate":"https:\/\/lightweb.dev\/l\/svm-temp\/?s={search_term_string}"},"query-input":{"@type":"PropertyValueSpecification","valueRequired":true,"valueName":"search_term_string"}}],"inLanguage":"sv-SE"},{"@type":"Organization","@id":"https:\/\/lightweb.dev\/l\/svm-temp\/#organization","name":"Melkerson y Nott SL","alternateName":"Svenska Magasinet","url":"https:\/\/lightweb.dev\/l\/svm-temp\/","logo":{"@type":"ImageObject","inLanguage":"sv-SE","@id":"https:\/\/lightweb.dev\/l\/svm-temp\/#\/schema\/logo\/image\/","url":"https:\/\/lightweb.dev\/l\/svm-temp\/wp-content\/uploads\/2025\/02\/SvM-logo-Xtra-Centrerad-SVART.png","contentUrl":"https:\/\/lightweb.dev\/l\/svm-temp\/wp-content\/uploads\/2025\/02\/SvM-logo-Xtra-Centrerad-SVART.png","width":300,"height":99,"caption":"Melkerson y Nott SL"},"image":{"@id":"https:\/\/lightweb.dev\/l\/svm-temp\/#\/schema\/logo\/image\/"},"sameAs":["https:\/\/www.facebook.com\/svenskamagasinet","https:\/\/x.com\/SvenskaMagasine"]},{"@type":"Person","@id":"https:\/\/lightweb.dev\/l\/svm-temp\/#\/schema\/person\/7a82b8a73d171d32360a564b6d03508e","name":"Ola Josefsson","description":"Bevakar Solkusten och Spanien sedan 1994.","sameAs":["https:\/\/lightweb.dev\/l\/svm-temp"],"url":"https:\/\/lightweb.dev\/l\/svm-temp\/reporter\/ola-josefsson\/"}]}},"_links":{"self":[{"href":"https:\/\/lightweb.dev\/l\/svm-temp\/wp-json\/wp\/v2\/posts\/56872","targetHints":{"allow":["GET"]}}],"collection":[{"href":"https:\/\/lightweb.dev\/l\/svm-temp\/wp-json\/wp\/v2\/posts"}],"about":[{"href":"https:\/\/lightweb.dev\/l\/svm-temp\/wp-json\/wp\/v2\/types\/post"}],"author":[{"embeddable":true,"href":"https:\/\/lightweb.dev\/l\/svm-temp\/wp-json\/wp\/v2\/users\/7"}],"replies":[{"embeddable":true,"href":"https:\/\/lightweb.dev\/l\/svm-temp\/wp-json\/wp\/v2\/comments?post=56872"}],"version-history":[{"count":0,"href":"https:\/\/lightweb.dev\/l\/svm-temp\/wp-json\/wp\/v2\/posts\/56872\/revisions"}],"wp:featuredmedia":[{"embeddable":true,"href":"https:\/\/lightweb.dev\/l\/svm-temp\/wp-json\/wp\/v2\/media\/56874"}],"wp:attachment":[{"href":"https:\/\/lightweb.dev\/l\/svm-temp\/wp-json\/wp\/v2\/media?parent=56872"}],"wp:term":[{"taxonomy":"category","embeddable":true,"href":"https:\/\/lightweb.dev\/l\/svm-temp\/wp-json\/wp\/v2\/categories?post=56872"},{"taxonomy":"post_tag","embeddable":true,"href":"https:\/\/lightweb.dev\/l\/svm-temp\/wp-json\/wp\/v2\/tags?post=56872"}],"curies":[{"name":"wp","href":"https:\/\/api.w.org\/{rel}","templated":true}]}}