{"id":56885,"date":"2022-08-29T15:38:21","date_gmt":"2022-08-29T13:38:21","guid":{"rendered":"https:\/\/lightweb.dev\/l\/svm-temp\/?p=56885"},"modified":"2022-08-29T15:38:21","modified_gmt":"2022-08-29T13:38:21","slug":"gront-ljus-till-samtyckeslag-bara-ett-ja-ar-ja","status":"publish","type":"post","link":"https:\/\/lightweb.dev\/l\/svm-temp\/nyheter\/gront-ljus-till-samtyckeslag-bara-ett-ja-ar-ja\/","title":{"rendered":"Gr\u00f6nt ljus till samtyckeslag \u2013 bara ett \u201dja\u201d \u00e4r \u201dja\u201d"},"content":{"rendered":"<p><strong>Det spanska parlamentet har med stor majoritet godk\u00e4nt den s\u00e5 kallade lagen att \u201dendast ett ja \u00e4r ja\u201d (ley de solo s\u00ed es s\u00ed) som likst\u00e4ller sex utan tydligt samtycke med v\u00e5ldt\u00e4kt.<\/strong><\/p>\n<p>\u2013 Ingen kvinna kommer n\u00e5gonsin att beh\u00f6va bevisa att v\u00e5ld eller hot anv\u00e4nts f\u00f6r att det ska betraktas som ett sexuellt \u00f6vergrepp, s\u00e4ger j\u00e4mst\u00e4lldhetsministern Irene Montero.<\/p>\n<p>Den nya lagen utg\u00f6r ett framsteg. Fram till nu har v\u00e5ldt\u00e4ktsoffer varit tvungna att bevisa att personen gjort motst\u00e5nd n\u00e4r de utsatts f\u00f6r v\u00e5ld eller hot.<\/p>\n<p>Den nya samtyckeslagen kommer efter en uppm\u00e4rksammad gruppv\u00e5ldt\u00e4kt p\u00e5 en 18-\u00e5rig kvinna fr\u00e5n Madrid under San Ferm\u00edn i Pamplona 2016. Domen den g\u00e5ngen beskrevs som kontroversiella d\u00e5 den avsl\u00f6jade skillnader i kriterier f\u00f6r hur domstolar s\u00e5g p\u00e5 sexuella \u00f6vergrepp och v\u00e5ldt\u00e4kt.<\/p>\n<p>Fem m\u00e4n d\u00f6mdes till nio \u00e5rs f\u00e4ngelse av Navarras regiondomstol f\u00f6r att ha gjort sig skyldiga till sexuella \u00f6vergrepp sedan kvinnan inte gjort tydligt motst\u00e5nd. H\u00f6gsta domstolen d\u00f6mde senare m\u00e4nnen till 15 \u00e5rs f\u00e4ngelse f\u00f6r v\u00e5ldt\u00e4kt.<\/p>\n<p>Den nya lagen sk\u00e4rper \u00e4ven straffet f\u00f6r allt v\u00e5ld mot kvinnor. Den f\u00f6rebygger, hj\u00e4lper och skyddar offer f\u00f6r k\u00f6nsstympning, tv\u00e5ngs\u00e4ktenskap, sexuella trakasserier och m\u00e4nniskohandel.<\/p>\n<p>Samtyckeslagen r\u00f6stades igenom med siffrorna 205 f\u00f6r och 141 emot.<\/p>\n","protected":false},"excerpt":{"rendered":"<p>Det spanska parlamentet har med stor majoritet godk\u00e4nt den s\u00e5 kallade lagen att \u201dendast ett ja \u00e4r ja\u201d (ley de solo s\u00ed es s\u00ed) som likst\u00e4ller sex utan tydligt samtycke med v\u00e5ldt\u00e4kt. \u2013 Ingen kvinna kommer n\u00e5gonsin att beh\u00f6va bevisa att v\u00e5ld eller hot anv\u00e4nts f\u00f6r att det ska betraktas som ett sexuellt \u00f6vergrepp, s\u00e4ger [&hellip;]<\/p>\n","protected":false},"author":7,"featured_media":56887,"comment_status":"open","ping_status":"open","sticky":false,"template":"","format":"standard","meta":{"_et_pb_use_builder":"","_et_pb_old_content":"","_et_gb_content_width":"","footnotes":""},"categories":[395,3],"tags":[],"class_list":["post-56885","post","type-post","status-publish","format-standard","has-post-thumbnail","hentry","category-arkiv-nyheter","category-nyheter"],"yoast_head":"<!-- This site is optimized with the Yoast SEO Premium plugin v26.2 (Yoast SEO v27.4) - https:\/\/yoast.com\/product\/yoast-seo-premium-wordpress\/ -->\n<title>Gr\u00f6nt ljus till samtyckeslag \u2013 bara ett \u201dja\u201d \u00e4r \u201dja\u201d - Svenska Magasinet<\/title>\n<meta name=\"description\" content=\"Det spanska parlamentet har med stor majoritet godk\u00e4nt den s\u00e5 kallade lagen att \u201dendast ett ja \u00e4r ja\u201d (ley de solo s\u00ed es s\u00ed) som likst\u00e4ller sex utan tydligt samtycke med v\u00e5ldt\u00e4kt.\" \/>\n<meta name=\"robots\" content=\"noindex, follow, max-snippet:-1, max-image-preview:large, max-video-preview:-1\" \/>\n<meta property=\"og:locale\" content=\"sv_SE\" \/>\n<meta property=\"og:type\" content=\"article\" \/>\n<meta property=\"og:title\" content=\"Gr\u00f6nt ljus till samtyckeslag \u2013 bara ett \u201dja\u201d \u00e4r \u201dja\u201d\" \/>\n<meta property=\"og:description\" content=\"Det spanska parlamentet har med stor majoritet godk\u00e4nt den s\u00e5 kallade lagen att \u201dendast ett ja \u00e4r ja\u201d (ley de solo s\u00ed es s\u00ed) som likst\u00e4ller sex utan tydligt samtycke med v\u00e5ldt\u00e4kt.\" \/>\n<meta property=\"og:url\" content=\"https:\/\/lightweb.dev\/l\/svm-temp\/nyheter\/gront-ljus-till-samtyckeslag-bara-ett-ja-ar-ja\/\" \/>\n<meta property=\"og:site_name\" content=\"Svenska Magasinet\" \/>\n<meta property=\"article:publisher\" content=\"https:\/\/www.facebook.com\/svenskamagasinet\" \/>\n<meta property=\"article:published_time\" content=\"2022-08-29T13:38:21+00:00\" \/>\n<meta property=\"og:image\" content=\"https:\/\/lightweb.dev\/l\/svm-temp\/wp-content\/uploads\/2022\/08\/Ska\u0308rmavbild-2022-08-29-kl.-15.34.06-Stor.jpeg\" \/>\n\t<meta property=\"og:image:width\" content=\"1280\" \/>\n\t<meta property=\"og:image:height\" content=\"805\" \/>\n\t<meta property=\"og:image:type\" content=\"image\/jpeg\" \/>\n<meta name=\"author\" content=\"Ola Josefsson\" \/>\n<meta name=\"twitter:card\" content=\"summary_large_image\" \/>\n<meta name=\"twitter:creator\" content=\"@SvenskaMagasine\" \/>\n<meta name=\"twitter:site\" content=\"@SvenskaMagasine\" \/>\n<script type=\"application\/ld+json\" class=\"yoast-schema-graph\">{\"@context\":\"https:\\\/\\\/schema.org\",\"@graph\":[{\"@type\":\"Article\",\"@id\":\"https:\\\/\\\/lightweb.dev\\\/l\\\/svm-temp\\\/nyheter\\\/gront-ljus-till-samtyckeslag-bara-ett-ja-ar-ja\\\/#article\",\"isPartOf\":{\"@id\":\"https:\\\/\\\/lightweb.dev\\\/l\\\/svm-temp\\\/nyheter\\\/gront-ljus-till-samtyckeslag-bara-ett-ja-ar-ja\\\/\"},\"author\":{\"name\":\"Ola Josefsson\",\"@id\":\"https:\\\/\\\/lightweb.dev\\\/l\\\/svm-temp\\\/#\\\/schema\\\/person\\\/7a82b8a73d171d32360a564b6d03508e\"},\"headline\":\"Gr\u00f6nt ljus till samtyckeslag \u2013 bara ett \u201dja\u201d \u00e4r \u201dja\u201d\",\"datePublished\":\"2022-08-29T13:38:21+00:00\",\"mainEntityOfPage\":{\"@id\":\"https:\\\/\\\/lightweb.dev\\\/l\\\/svm-temp\\\/nyheter\\\/gront-ljus-till-samtyckeslag-bara-ett-ja-ar-ja\\\/\"},\"wordCount\":255,\"commentCount\":1,\"publisher\":{\"@id\":\"https:\\\/\\\/lightweb.dev\\\/l\\\/svm-temp\\\/#organization\"},\"image\":{\"@id\":\"https:\\\/\\\/lightweb.dev\\\/l\\\/svm-temp\\\/nyheter\\\/gront-ljus-till-samtyckeslag-bara-ett-ja-ar-ja\\\/#primaryimage\"},\"thumbnailUrl\":\"https:\\\/\\\/lightweb.dev\\\/l\\\/svm-temp\\\/wp-content\\\/uploads\\\/2022\\\/08\\\/Ska\u0308rmavbild-2022-08-29-kl.-15.34.06-Stor.jpeg\",\"articleSection\":[\"Arkiv\",\"Nyheter\"],\"inLanguage\":\"sv-SE\"},{\"@type\":\"WebPage\",\"@id\":\"https:\\\/\\\/lightweb.dev\\\/l\\\/svm-temp\\\/nyheter\\\/gront-ljus-till-samtyckeslag-bara-ett-ja-ar-ja\\\/\",\"url\":\"https:\\\/\\\/lightweb.dev\\\/l\\\/svm-temp\\\/nyheter\\\/gront-ljus-till-samtyckeslag-bara-ett-ja-ar-ja\\\/\",\"name\":\"Gr\u00f6nt ljus till samtyckeslag \u2013 bara ett \u201dja\u201d \u00e4r \u201dja\u201d - Svenska Magasinet\",\"isPartOf\":{\"@id\":\"https:\\\/\\\/lightweb.dev\\\/l\\\/svm-temp\\\/#website\"},\"primaryImageOfPage\":{\"@id\":\"https:\\\/\\\/lightweb.dev\\\/l\\\/svm-temp\\\/nyheter\\\/gront-ljus-till-samtyckeslag-bara-ett-ja-ar-ja\\\/#primaryimage\"},\"image\":{\"@id\":\"https:\\\/\\\/lightweb.dev\\\/l\\\/svm-temp\\\/nyheter\\\/gront-ljus-till-samtyckeslag-bara-ett-ja-ar-ja\\\/#primaryimage\"},\"thumbnailUrl\":\"https:\\\/\\\/lightweb.dev\\\/l\\\/svm-temp\\\/wp-content\\\/uploads\\\/2022\\\/08\\\/Ska\u0308rmavbild-2022-08-29-kl.-15.34.06-Stor.jpeg\",\"datePublished\":\"2022-08-29T13:38:21+00:00\",\"description\":\"Det spanska parlamentet har med stor majoritet godk\u00e4nt den s\u00e5 kallade lagen att \u201dendast ett ja \u00e4r ja\u201d (ley de solo s\u00ed es s\u00ed) som likst\u00e4ller sex utan tydligt samtycke med v\u00e5ldt\u00e4kt.\",\"breadcrumb\":{\"@id\":\"https:\\\/\\\/lightweb.dev\\\/l\\\/svm-temp\\\/nyheter\\\/gront-ljus-till-samtyckeslag-bara-ett-ja-ar-ja\\\/#breadcrumb\"},\"inLanguage\":\"sv-SE\",\"potentialAction\":[{\"@type\":\"ReadAction\",\"target\":[\"https:\\\/\\\/lightweb.dev\\\/l\\\/svm-temp\\\/nyheter\\\/gront-ljus-till-samtyckeslag-bara-ett-ja-ar-ja\\\/\"]}]},{\"@type\":\"ImageObject\",\"inLanguage\":\"sv-SE\",\"@id\":\"https:\\\/\\\/lightweb.dev\\\/l\\\/svm-temp\\\/nyheter\\\/gront-ljus-till-samtyckeslag-bara-ett-ja-ar-ja\\\/#primaryimage\",\"url\":\"https:\\\/\\\/lightweb.dev\\\/l\\\/svm-temp\\\/wp-content\\\/uploads\\\/2022\\\/08\\\/Ska\u0308rmavbild-2022-08-29-kl.-15.34.06-Stor.jpeg\",\"contentUrl\":\"https:\\\/\\\/lightweb.dev\\\/l\\\/svm-temp\\\/wp-content\\\/uploads\\\/2022\\\/08\\\/Ska\u0308rmavbild-2022-08-29-kl.-15.34.06-Stor.jpeg\",\"width\":1280,\"height\":805,\"caption\":\"Ingen kvinna kommer n\u00e5gonsin att beh\u00f6va bevisa att v\u00e5ld eller hot anv\u00e4nts f\u00f6r att det ska betraktas som ett sexuellt \u00f6vergrepp, s\u00e4ger j\u00e4mst\u00e4lldhetsministern Irene Montero.\"},{\"@type\":\"BreadcrumbList\",\"@id\":\"https:\\\/\\\/lightweb.dev\\\/l\\\/svm-temp\\\/nyheter\\\/gront-ljus-till-samtyckeslag-bara-ett-ja-ar-ja\\\/#breadcrumb\",\"itemListElement\":[{\"@type\":\"ListItem\",\"position\":1,\"name\":\"Hem\",\"item\":\"https:\\\/\\\/lightweb.dev\\\/l\\\/svm-temp\\\/\"},{\"@type\":\"ListItem\",\"position\":2,\"name\":\"Gr\u00f6nt ljus till samtyckeslag \u2013 bara ett \u201dja\u201d \u00e4r \u201dja\u201d\"}]},{\"@type\":\"WebSite\",\"@id\":\"https:\\\/\\\/lightweb.dev\\\/l\\\/svm-temp\\\/#website\",\"url\":\"https:\\\/\\\/lightweb.dev\\\/l\\\/svm-temp\\\/\",\"name\":\"Svenska Magasinet\",\"description\":\"Dina Spanska nyheter p&aring; Svenska\",\"publisher\":{\"@id\":\"https:\\\/\\\/lightweb.dev\\\/l\\\/svm-temp\\\/#organization\"},\"potentialAction\":[{\"@type\":\"SearchAction\",\"target\":{\"@type\":\"EntryPoint\",\"urlTemplate\":\"https:\\\/\\\/lightweb.dev\\\/l\\\/svm-temp\\\/?s={search_term_string}\"},\"query-input\":{\"@type\":\"PropertyValueSpecification\",\"valueRequired\":true,\"valueName\":\"search_term_string\"}}],\"inLanguage\":\"sv-SE\"},{\"@type\":\"Organization\",\"@id\":\"https:\\\/\\\/lightweb.dev\\\/l\\\/svm-temp\\\/#organization\",\"name\":\"Melkerson y Nott SL\",\"alternateName\":\"Svenska Magasinet\",\"url\":\"https:\\\/\\\/lightweb.dev\\\/l\\\/svm-temp\\\/\",\"logo\":{\"@type\":\"ImageObject\",\"inLanguage\":\"sv-SE\",\"@id\":\"https:\\\/\\\/lightweb.dev\\\/l\\\/svm-temp\\\/#\\\/schema\\\/logo\\\/image\\\/\",\"url\":\"https:\\\/\\\/lightweb.dev\\\/l\\\/svm-temp\\\/wp-content\\\/uploads\\\/2025\\\/02\\\/SvM-logo-Xtra-Centrerad-SVART.png\",\"contentUrl\":\"https:\\\/\\\/lightweb.dev\\\/l\\\/svm-temp\\\/wp-content\\\/uploads\\\/2025\\\/02\\\/SvM-logo-Xtra-Centrerad-SVART.png\",\"width\":300,\"height\":99,\"caption\":\"Melkerson y Nott SL\"},\"image\":{\"@id\":\"https:\\\/\\\/lightweb.dev\\\/l\\\/svm-temp\\\/#\\\/schema\\\/logo\\\/image\\\/\"},\"sameAs\":[\"https:\\\/\\\/www.facebook.com\\\/svenskamagasinet\",\"https:\\\/\\\/x.com\\\/SvenskaMagasine\"]},{\"@type\":\"Person\",\"@id\":\"https:\\\/\\\/lightweb.dev\\\/l\\\/svm-temp\\\/#\\\/schema\\\/person\\\/7a82b8a73d171d32360a564b6d03508e\",\"name\":\"Ola Josefsson\",\"description\":\"Bevakar Solkusten och Spanien sedan 1994.\",\"sameAs\":[\"https:\\\/\\\/lightweb.dev\\\/l\\\/svm-temp\"],\"url\":\"https:\\\/\\\/lightweb.dev\\\/l\\\/svm-temp\\\/reporter\\\/ola-josefsson\\\/\"}]}<\/script>\n<!-- \/ Yoast SEO Premium plugin. -->","yoast_head_json":{"title":"Gr\u00f6nt ljus till samtyckeslag \u2013 bara ett \u201dja\u201d \u00e4r \u201dja\u201d - Svenska Magasinet","description":"Det spanska parlamentet har med stor majoritet godk\u00e4nt den s\u00e5 kallade lagen att \u201dendast ett ja \u00e4r ja\u201d (ley de solo s\u00ed es s\u00ed) som likst\u00e4ller sex utan tydligt samtycke med v\u00e5ldt\u00e4kt.","robots":{"index":"noindex","follow":"follow","max-snippet":"max-snippet:-1","max-image-preview":"max-image-preview:large","max-video-preview":"max-video-preview:-1"},"og_locale":"sv_SE","og_type":"article","og_title":"Gr\u00f6nt ljus till samtyckeslag \u2013 bara ett \u201dja\u201d \u00e4r \u201dja\u201d","og_description":"Det spanska parlamentet har med stor majoritet godk\u00e4nt den s\u00e5 kallade lagen att \u201dendast ett ja \u00e4r ja\u201d (ley de solo s\u00ed es s\u00ed) som likst\u00e4ller sex utan tydligt samtycke med v\u00e5ldt\u00e4kt.","og_url":"https:\/\/lightweb.dev\/l\/svm-temp\/nyheter\/gront-ljus-till-samtyckeslag-bara-ett-ja-ar-ja\/","og_site_name":"Svenska Magasinet","article_publisher":"https:\/\/www.facebook.com\/svenskamagasinet","article_published_time":"2022-08-29T13:38:21+00:00","og_image":[{"width":1280,"height":805,"url":"https:\/\/lightweb.dev\/l\/svm-temp\/wp-content\/uploads\/2022\/08\/Ska\u0308rmavbild-2022-08-29-kl.-15.34.06-Stor.jpeg","type":"image\/jpeg"}],"author":"Ola Josefsson","twitter_card":"summary_large_image","twitter_creator":"@SvenskaMagasine","twitter_site":"@SvenskaMagasine","schema":{"@context":"https:\/\/schema.org","@graph":[{"@type":"Article","@id":"https:\/\/lightweb.dev\/l\/svm-temp\/nyheter\/gront-ljus-till-samtyckeslag-bara-ett-ja-ar-ja\/#article","isPartOf":{"@id":"https:\/\/lightweb.dev\/l\/svm-temp\/nyheter\/gront-ljus-till-samtyckeslag-bara-ett-ja-ar-ja\/"},"author":{"name":"Ola Josefsson","@id":"https:\/\/lightweb.dev\/l\/svm-temp\/#\/schema\/person\/7a82b8a73d171d32360a564b6d03508e"},"headline":"Gr\u00f6nt ljus till samtyckeslag \u2013 bara ett \u201dja\u201d \u00e4r \u201dja\u201d","datePublished":"2022-08-29T13:38:21+00:00","mainEntityOfPage":{"@id":"https:\/\/lightweb.dev\/l\/svm-temp\/nyheter\/gront-ljus-till-samtyckeslag-bara-ett-ja-ar-ja\/"},"wordCount":255,"commentCount":1,"publisher":{"@id":"https:\/\/lightweb.dev\/l\/svm-temp\/#organization"},"image":{"@id":"https:\/\/lightweb.dev\/l\/svm-temp\/nyheter\/gront-ljus-till-samtyckeslag-bara-ett-ja-ar-ja\/#primaryimage"},"thumbnailUrl":"https:\/\/lightweb.dev\/l\/svm-temp\/wp-content\/uploads\/2022\/08\/Ska\u0308rmavbild-2022-08-29-kl.-15.34.06-Stor.jpeg","articleSection":["Arkiv","Nyheter"],"inLanguage":"sv-SE"},{"@type":"WebPage","@id":"https:\/\/lightweb.dev\/l\/svm-temp\/nyheter\/gront-ljus-till-samtyckeslag-bara-ett-ja-ar-ja\/","url":"https:\/\/lightweb.dev\/l\/svm-temp\/nyheter\/gront-ljus-till-samtyckeslag-bara-ett-ja-ar-ja\/","name":"Gr\u00f6nt ljus till samtyckeslag \u2013 bara ett \u201dja\u201d \u00e4r \u201dja\u201d - Svenska Magasinet","isPartOf":{"@id":"https:\/\/lightweb.dev\/l\/svm-temp\/#website"},"primaryImageOfPage":{"@id":"https:\/\/lightweb.dev\/l\/svm-temp\/nyheter\/gront-ljus-till-samtyckeslag-bara-ett-ja-ar-ja\/#primaryimage"},"image":{"@id":"https:\/\/lightweb.dev\/l\/svm-temp\/nyheter\/gront-ljus-till-samtyckeslag-bara-ett-ja-ar-ja\/#primaryimage"},"thumbnailUrl":"https:\/\/lightweb.dev\/l\/svm-temp\/wp-content\/uploads\/2022\/08\/Ska\u0308rmavbild-2022-08-29-kl.-15.34.06-Stor.jpeg","datePublished":"2022-08-29T13:38:21+00:00","description":"Det spanska parlamentet har med stor majoritet godk\u00e4nt den s\u00e5 kallade lagen att \u201dendast ett ja \u00e4r ja\u201d (ley de solo s\u00ed es s\u00ed) som likst\u00e4ller sex utan tydligt samtycke med v\u00e5ldt\u00e4kt.","breadcrumb":{"@id":"https:\/\/lightweb.dev\/l\/svm-temp\/nyheter\/gront-ljus-till-samtyckeslag-bara-ett-ja-ar-ja\/#breadcrumb"},"inLanguage":"sv-SE","potentialAction":[{"@type":"ReadAction","target":["https:\/\/lightweb.dev\/l\/svm-temp\/nyheter\/gront-ljus-till-samtyckeslag-bara-ett-ja-ar-ja\/"]}]},{"@type":"ImageObject","inLanguage":"sv-SE","@id":"https:\/\/lightweb.dev\/l\/svm-temp\/nyheter\/gront-ljus-till-samtyckeslag-bara-ett-ja-ar-ja\/#primaryimage","url":"https:\/\/lightweb.dev\/l\/svm-temp\/wp-content\/uploads\/2022\/08\/Ska\u0308rmavbild-2022-08-29-kl.-15.34.06-Stor.jpeg","contentUrl":"https:\/\/lightweb.dev\/l\/svm-temp\/wp-content\/uploads\/2022\/08\/Ska\u0308rmavbild-2022-08-29-kl.-15.34.06-Stor.jpeg","width":1280,"height":805,"caption":"Ingen kvinna kommer n\u00e5gonsin att beh\u00f6va bevisa att v\u00e5ld eller hot anv\u00e4nts f\u00f6r att det ska betraktas som ett sexuellt \u00f6vergrepp, s\u00e4ger j\u00e4mst\u00e4lldhetsministern Irene Montero."},{"@type":"BreadcrumbList","@id":"https:\/\/lightweb.dev\/l\/svm-temp\/nyheter\/gront-ljus-till-samtyckeslag-bara-ett-ja-ar-ja\/#breadcrumb","itemListElement":[{"@type":"ListItem","position":1,"name":"Hem","item":"https:\/\/lightweb.dev\/l\/svm-temp\/"},{"@type":"ListItem","position":2,"name":"Gr\u00f6nt ljus till samtyckeslag \u2013 bara ett \u201dja\u201d \u00e4r \u201dja\u201d"}]},{"@type":"WebSite","@id":"https:\/\/lightweb.dev\/l\/svm-temp\/#website","url":"https:\/\/lightweb.dev\/l\/svm-temp\/","name":"Svenska Magasinet","description":"Dina Spanska nyheter p&aring; Svenska","publisher":{"@id":"https:\/\/lightweb.dev\/l\/svm-temp\/#organization"},"potentialAction":[{"@type":"SearchAction","target":{"@type":"EntryPoint","urlTemplate":"https:\/\/lightweb.dev\/l\/svm-temp\/?s={search_term_string}"},"query-input":{"@type":"PropertyValueSpecification","valueRequired":true,"valueName":"search_term_string"}}],"inLanguage":"sv-SE"},{"@type":"Organization","@id":"https:\/\/lightweb.dev\/l\/svm-temp\/#organization","name":"Melkerson y Nott SL","alternateName":"Svenska Magasinet","url":"https:\/\/lightweb.dev\/l\/svm-temp\/","logo":{"@type":"ImageObject","inLanguage":"sv-SE","@id":"https:\/\/lightweb.dev\/l\/svm-temp\/#\/schema\/logo\/image\/","url":"https:\/\/lightweb.dev\/l\/svm-temp\/wp-content\/uploads\/2025\/02\/SvM-logo-Xtra-Centrerad-SVART.png","contentUrl":"https:\/\/lightweb.dev\/l\/svm-temp\/wp-content\/uploads\/2025\/02\/SvM-logo-Xtra-Centrerad-SVART.png","width":300,"height":99,"caption":"Melkerson y Nott SL"},"image":{"@id":"https:\/\/lightweb.dev\/l\/svm-temp\/#\/schema\/logo\/image\/"},"sameAs":["https:\/\/www.facebook.com\/svenskamagasinet","https:\/\/x.com\/SvenskaMagasine"]},{"@type":"Person","@id":"https:\/\/lightweb.dev\/l\/svm-temp\/#\/schema\/person\/7a82b8a73d171d32360a564b6d03508e","name":"Ola Josefsson","description":"Bevakar Solkusten och Spanien sedan 1994.","sameAs":["https:\/\/lightweb.dev\/l\/svm-temp"],"url":"https:\/\/lightweb.dev\/l\/svm-temp\/reporter\/ola-josefsson\/"}]}},"_links":{"self":[{"href":"https:\/\/lightweb.dev\/l\/svm-temp\/wp-json\/wp\/v2\/posts\/56885","targetHints":{"allow":["GET"]}}],"collection":[{"href":"https:\/\/lightweb.dev\/l\/svm-temp\/wp-json\/wp\/v2\/posts"}],"about":[{"href":"https:\/\/lightweb.dev\/l\/svm-temp\/wp-json\/wp\/v2\/types\/post"}],"author":[{"embeddable":true,"href":"https:\/\/lightweb.dev\/l\/svm-temp\/wp-json\/wp\/v2\/users\/7"}],"replies":[{"embeddable":true,"href":"https:\/\/lightweb.dev\/l\/svm-temp\/wp-json\/wp\/v2\/comments?post=56885"}],"version-history":[{"count":0,"href":"https:\/\/lightweb.dev\/l\/svm-temp\/wp-json\/wp\/v2\/posts\/56885\/revisions"}],"wp:featuredmedia":[{"embeddable":true,"href":"https:\/\/lightweb.dev\/l\/svm-temp\/wp-json\/wp\/v2\/media\/56887"}],"wp:attachment":[{"href":"https:\/\/lightweb.dev\/l\/svm-temp\/wp-json\/wp\/v2\/media?parent=56885"}],"wp:term":[{"taxonomy":"category","embeddable":true,"href":"https:\/\/lightweb.dev\/l\/svm-temp\/wp-json\/wp\/v2\/categories?post=56885"},{"taxonomy":"post_tag","embeddable":true,"href":"https:\/\/lightweb.dev\/l\/svm-temp\/wp-json\/wp\/v2\/tags?post=56885"}],"curies":[{"name":"wp","href":"https:\/\/api.w.org\/{rel}","templated":true}]}}