{"id":56891,"date":"2022-08-30T10:10:09","date_gmt":"2022-08-30T08:10:09","guid":{"rendered":"https:\/\/lightweb.dev\/l\/svm-temp\/?p=56891"},"modified":"2022-08-30T10:20:12","modified_gmt":"2022-08-30T08:20:12","slug":"la-vuelta-de-espana-passerar-costa-tropical-och-costa-del-sol","status":"publish","type":"post","link":"https:\/\/lightweb.dev\/l\/svm-temp\/nyheter\/la-vuelta-de-espana-passerar-costa-tropical-och-costa-del-sol\/","title":{"rendered":"La Vuelta de Espa\u00f1a passerar Costa Tropical och Costa del Sol"},"content":{"rendered":"<p><strong>S\u00e5 \u00e4r det d\u00e5 dags f\u00f6r en av v\u00e4rldens st\u00f6rsta cykelt\u00e4vlingar La Vuelta de Espa\u00f1a d\u00e4r den tolfte etappen passerar b\u00e5de Costa Tropical och Costa del Sol p\u00e5 torsdag.<\/strong><\/p>\n<p>Etapp nummer 12 g\u00e5r fr\u00e5n Salobre\u00f1a (Granada) till Pe\u00f1as Blancas norr om Estepona. Etapp 13 g\u00e5r p\u00e5 fredag fr\u00e5n Ronda till Montilla (C\u00f3rdoba).<\/p>\n<p>Trafikansvariga g\u00e5r redan nu ut och varnar f\u00f6r att det blir en del trafikstockningar under torsdagen. Det g\u00e4ller Marbella d\u00e4r cyklisterna v\u00e4ntas passera mellan klockan 15.15 och 16.45. \u00c4ven vid slutspurten p\u00e5 v\u00e4g upp emot Pe\u00f1as Blancas norr om Estepona som ber\u00e4knas ske omkring klockan 17.15 l\u00e4r det bli trafikproblem.<\/p>\n<p>Trafikanter uppmanas att planera sina rutter och tider noggrant och vara beredda p\u00e5 k\u00f6bildningar.<\/p>\n<p><strong>Cyklisterna kommer in i Marbella kommun fr\u00e5n Oj\u00e9n<\/strong> och upptar hela v\u00e4gbanan via Serenata, Huerta Los Cristales, Severo Ochoa (Asepeyo), Severo Ochoa, Ram\u00f3n y Cajal, Ricardo Soriano, plaza Monse\u00f1or Rodrigo Bocanegra, Hohenlohe, Bulevar Rey Fahd, tillfartsv\u00e4gen till A-7:an f\u00f6rbi BMW och vidare mot tunneln vid San Pedro och mot Estepona.<\/p>\n<p>P\u00e5 ovanst\u00e5ende v\u00e4gar blir det inte m\u00f6jligt att parkera bilen p\u00e5 torsdag.<\/p>\n<p><strong>Cyklisterna f\u00f6rv\u00e4ntas n\u00e5 Estepona<\/strong> cirka klockan 16.46 via avenida Litoral. Cykelloppet forts\u00e4tter sedan l\u00e4ngs avenida Espa\u00f1a, calle Terraza, avenida Andaluc\u00eda, avenida de Los Reales och vidare mot Pe\u00f1as Blancas d\u00e4r m\u00e5lg\u00e5ngen \u00e4r placerad.<\/p>\n<p>Tisdagens etapp g\u00e5r mellan Elche och Alicante p\u00e5 Costa Blanca.<\/p>\n","protected":false},"excerpt":{"rendered":"<p>S\u00e5 \u00e4r det d\u00e5 dags f\u00f6r en av v\u00e4rldens st\u00f6rsta cykelt\u00e4vlingar La Vuelta de Espa\u00f1a d\u00e4r den tolfte etappen passerar b\u00e5de Costa Tropical och Costa del Sol p\u00e5 torsdag. Etapp nummer 12 g\u00e5r fr\u00e5n Salobre\u00f1a (Granada) till Pe\u00f1as Blancas norr om Estepona. Etapp 13 g\u00e5r p\u00e5 fredag fr\u00e5n Ronda till Montilla (C\u00f3rdoba). Trafikansvariga g\u00e5r redan [&hellip;]<\/p>\n","protected":false},"author":7,"featured_media":56895,"comment_status":"open","ping_status":"open","sticky":false,"template":"","format":"standard","meta":{"_et_pb_use_builder":"","_et_pb_old_content":"","_et_gb_content_width":"","footnotes":""},"categories":[3,352],"tags":[],"class_list":["post-56891","post","type-post","status-publish","format-standard","has-post-thumbnail","hentry","category-nyheter","category-sport"],"yoast_head":"<!-- This site is optimized with the Yoast SEO Premium plugin v26.2 (Yoast SEO v27.4) - https:\/\/yoast.com\/product\/yoast-seo-premium-wordpress\/ -->\n<title>La Vuelta de Espa\u00f1a passerar Costa Tropical och Costa del Sol - Svenska Magasinet<\/title>\n<meta name=\"description\" content=\"S\u00e5 \u00e4r det d\u00e5 dags f\u00f6r en av v\u00e4rldens st\u00f6rsta cykelt\u00e4vlingar La Vuelta de Espa\u00f1a d\u00e4r den tolfte etappen passerar b\u00e5de Costa Tropical och Costa del Sol p\u00e5 torsdag.\" \/>\n<meta name=\"robots\" content=\"noindex, follow, max-snippet:-1, max-image-preview:large, max-video-preview:-1\" \/>\n<meta property=\"og:locale\" content=\"sv_SE\" \/>\n<meta property=\"og:type\" content=\"article\" \/>\n<meta property=\"og:title\" content=\"La Vuelta de Espa\u00f1a passerar Costa Tropical och Costa del Sol\" \/>\n<meta property=\"og:description\" content=\"S\u00e5 \u00e4r det d\u00e5 dags f\u00f6r en av v\u00e4rldens st\u00f6rsta cykelt\u00e4vlingar La Vuelta de Espa\u00f1a d\u00e4r den tolfte etappen passerar b\u00e5de Costa Tropical och Costa del Sol p\u00e5 torsdag.\" \/>\n<meta property=\"og:url\" content=\"https:\/\/lightweb.dev\/l\/svm-temp\/nyheter\/la-vuelta-de-espana-passerar-costa-tropical-och-costa-del-sol\/\" \/>\n<meta property=\"og:site_name\" content=\"Svenska Magasinet\" \/>\n<meta property=\"article:publisher\" content=\"https:\/\/www.facebook.com\/svenskamagasinet\" \/>\n<meta property=\"article:published_time\" content=\"2022-08-30T08:10:09+00:00\" \/>\n<meta property=\"article:modified_time\" content=\"2022-08-30T08:20:12+00:00\" \/>\n<meta property=\"og:image\" content=\"https:\/\/lightweb.dev\/l\/svm-temp\/wp-content\/uploads\/2022\/08\/Recorrido-Vuelta-a-Espana-2022-Stor.jpeg\" \/>\n\t<meta property=\"og:image:width\" content=\"1023\" \/>\n\t<meta property=\"og:image:height\" content=\"1280\" \/>\n\t<meta property=\"og:image:type\" content=\"image\/jpeg\" \/>\n<meta name=\"author\" content=\"Ola Josefsson\" \/>\n<meta name=\"twitter:card\" content=\"summary_large_image\" \/>\n<meta name=\"twitter:creator\" content=\"@SvenskaMagasine\" \/>\n<meta name=\"twitter:site\" content=\"@SvenskaMagasine\" \/>\n<script type=\"application\/ld+json\" class=\"yoast-schema-graph\">{\"@context\":\"https:\\\/\\\/schema.org\",\"@graph\":[{\"@type\":\"Article\",\"@id\":\"https:\\\/\\\/lightweb.dev\\\/l\\\/svm-temp\\\/nyheter\\\/la-vuelta-de-espana-passerar-costa-tropical-och-costa-del-sol\\\/#article\",\"isPartOf\":{\"@id\":\"https:\\\/\\\/lightweb.dev\\\/l\\\/svm-temp\\\/nyheter\\\/la-vuelta-de-espana-passerar-costa-tropical-och-costa-del-sol\\\/\"},\"author\":{\"name\":\"Ola Josefsson\",\"@id\":\"https:\\\/\\\/lightweb.dev\\\/l\\\/svm-temp\\\/#\\\/schema\\\/person\\\/7a82b8a73d171d32360a564b6d03508e\"},\"headline\":\"La Vuelta de Espa\u00f1a passerar Costa Tropical och Costa del Sol\",\"datePublished\":\"2022-08-30T08:10:09+00:00\",\"dateModified\":\"2022-08-30T08:20:12+00:00\",\"mainEntityOfPage\":{\"@id\":\"https:\\\/\\\/lightweb.dev\\\/l\\\/svm-temp\\\/nyheter\\\/la-vuelta-de-espana-passerar-costa-tropical-och-costa-del-sol\\\/\"},\"wordCount\":273,\"commentCount\":1,\"publisher\":{\"@id\":\"https:\\\/\\\/lightweb.dev\\\/l\\\/svm-temp\\\/#organization\"},\"image\":{\"@id\":\"https:\\\/\\\/lightweb.dev\\\/l\\\/svm-temp\\\/nyheter\\\/la-vuelta-de-espana-passerar-costa-tropical-och-costa-del-sol\\\/#primaryimage\"},\"thumbnailUrl\":\"https:\\\/\\\/lightweb.dev\\\/l\\\/svm-temp\\\/wp-content\\\/uploads\\\/2022\\\/08\\\/Recorrido-Vuelta-a-Espana-2022-Stor.jpeg\",\"articleSection\":[\"Nyheter\",\"Sport\"],\"inLanguage\":\"sv-SE\"},{\"@type\":\"WebPage\",\"@id\":\"https:\\\/\\\/lightweb.dev\\\/l\\\/svm-temp\\\/nyheter\\\/la-vuelta-de-espana-passerar-costa-tropical-och-costa-del-sol\\\/\",\"url\":\"https:\\\/\\\/lightweb.dev\\\/l\\\/svm-temp\\\/nyheter\\\/la-vuelta-de-espana-passerar-costa-tropical-och-costa-del-sol\\\/\",\"name\":\"La Vuelta de Espa\u00f1a passerar Costa Tropical och Costa del Sol - Svenska Magasinet\",\"isPartOf\":{\"@id\":\"https:\\\/\\\/lightweb.dev\\\/l\\\/svm-temp\\\/#website\"},\"primaryImageOfPage\":{\"@id\":\"https:\\\/\\\/lightweb.dev\\\/l\\\/svm-temp\\\/nyheter\\\/la-vuelta-de-espana-passerar-costa-tropical-och-costa-del-sol\\\/#primaryimage\"},\"image\":{\"@id\":\"https:\\\/\\\/lightweb.dev\\\/l\\\/svm-temp\\\/nyheter\\\/la-vuelta-de-espana-passerar-costa-tropical-och-costa-del-sol\\\/#primaryimage\"},\"thumbnailUrl\":\"https:\\\/\\\/lightweb.dev\\\/l\\\/svm-temp\\\/wp-content\\\/uploads\\\/2022\\\/08\\\/Recorrido-Vuelta-a-Espana-2022-Stor.jpeg\",\"datePublished\":\"2022-08-30T08:10:09+00:00\",\"dateModified\":\"2022-08-30T08:20:12+00:00\",\"description\":\"S\u00e5 \u00e4r det d\u00e5 dags f\u00f6r en av v\u00e4rldens st\u00f6rsta cykelt\u00e4vlingar La Vuelta de Espa\u00f1a d\u00e4r den tolfte etappen passerar b\u00e5de Costa Tropical och Costa del Sol p\u00e5 torsdag.\",\"breadcrumb\":{\"@id\":\"https:\\\/\\\/lightweb.dev\\\/l\\\/svm-temp\\\/nyheter\\\/la-vuelta-de-espana-passerar-costa-tropical-och-costa-del-sol\\\/#breadcrumb\"},\"inLanguage\":\"sv-SE\",\"potentialAction\":[{\"@type\":\"ReadAction\",\"target\":[\"https:\\\/\\\/lightweb.dev\\\/l\\\/svm-temp\\\/nyheter\\\/la-vuelta-de-espana-passerar-costa-tropical-och-costa-del-sol\\\/\"]}]},{\"@type\":\"ImageObject\",\"inLanguage\":\"sv-SE\",\"@id\":\"https:\\\/\\\/lightweb.dev\\\/l\\\/svm-temp\\\/nyheter\\\/la-vuelta-de-espana-passerar-costa-tropical-och-costa-del-sol\\\/#primaryimage\",\"url\":\"https:\\\/\\\/lightweb.dev\\\/l\\\/svm-temp\\\/wp-content\\\/uploads\\\/2022\\\/08\\\/Recorrido-Vuelta-a-Espana-2022-Stor.jpeg\",\"contentUrl\":\"https:\\\/\\\/lightweb.dev\\\/l\\\/svm-temp\\\/wp-content\\\/uploads\\\/2022\\\/08\\\/Recorrido-Vuelta-a-Espana-2022-Stor.jpeg\",\"width\":1023,\"height\":1280,\"caption\":\"Etapp nummer 12 g\u00e5r fr\u00e5n Salobre\u00f1a (Granada) till Pe\u00f1as Blancas norr om Estepona.\"},{\"@type\":\"BreadcrumbList\",\"@id\":\"https:\\\/\\\/lightweb.dev\\\/l\\\/svm-temp\\\/nyheter\\\/la-vuelta-de-espana-passerar-costa-tropical-och-costa-del-sol\\\/#breadcrumb\",\"itemListElement\":[{\"@type\":\"ListItem\",\"position\":1,\"name\":\"Hem\",\"item\":\"https:\\\/\\\/lightweb.dev\\\/l\\\/svm-temp\\\/\"},{\"@type\":\"ListItem\",\"position\":2,\"name\":\"La Vuelta de Espa\u00f1a passerar Costa Tropical och Costa del Sol\"}]},{\"@type\":\"WebSite\",\"@id\":\"https:\\\/\\\/lightweb.dev\\\/l\\\/svm-temp\\\/#website\",\"url\":\"https:\\\/\\\/lightweb.dev\\\/l\\\/svm-temp\\\/\",\"name\":\"Svenska Magasinet\",\"description\":\"Dina Spanska nyheter p&aring; Svenska\",\"publisher\":{\"@id\":\"https:\\\/\\\/lightweb.dev\\\/l\\\/svm-temp\\\/#organization\"},\"potentialAction\":[{\"@type\":\"SearchAction\",\"target\":{\"@type\":\"EntryPoint\",\"urlTemplate\":\"https:\\\/\\\/lightweb.dev\\\/l\\\/svm-temp\\\/?s={search_term_string}\"},\"query-input\":{\"@type\":\"PropertyValueSpecification\",\"valueRequired\":true,\"valueName\":\"search_term_string\"}}],\"inLanguage\":\"sv-SE\"},{\"@type\":\"Organization\",\"@id\":\"https:\\\/\\\/lightweb.dev\\\/l\\\/svm-temp\\\/#organization\",\"name\":\"Melkerson y Nott SL\",\"alternateName\":\"Svenska Magasinet\",\"url\":\"https:\\\/\\\/lightweb.dev\\\/l\\\/svm-temp\\\/\",\"logo\":{\"@type\":\"ImageObject\",\"inLanguage\":\"sv-SE\",\"@id\":\"https:\\\/\\\/lightweb.dev\\\/l\\\/svm-temp\\\/#\\\/schema\\\/logo\\\/image\\\/\",\"url\":\"https:\\\/\\\/lightweb.dev\\\/l\\\/svm-temp\\\/wp-content\\\/uploads\\\/2025\\\/02\\\/SvM-logo-Xtra-Centrerad-SVART.png\",\"contentUrl\":\"https:\\\/\\\/lightweb.dev\\\/l\\\/svm-temp\\\/wp-content\\\/uploads\\\/2025\\\/02\\\/SvM-logo-Xtra-Centrerad-SVART.png\",\"width\":300,\"height\":99,\"caption\":\"Melkerson y Nott SL\"},\"image\":{\"@id\":\"https:\\\/\\\/lightweb.dev\\\/l\\\/svm-temp\\\/#\\\/schema\\\/logo\\\/image\\\/\"},\"sameAs\":[\"https:\\\/\\\/www.facebook.com\\\/svenskamagasinet\",\"https:\\\/\\\/x.com\\\/SvenskaMagasine\"]},{\"@type\":\"Person\",\"@id\":\"https:\\\/\\\/lightweb.dev\\\/l\\\/svm-temp\\\/#\\\/schema\\\/person\\\/7a82b8a73d171d32360a564b6d03508e\",\"name\":\"Ola Josefsson\",\"description\":\"Bevakar Solkusten och Spanien sedan 1994.\",\"sameAs\":[\"https:\\\/\\\/lightweb.dev\\\/l\\\/svm-temp\"],\"url\":\"https:\\\/\\\/lightweb.dev\\\/l\\\/svm-temp\\\/reporter\\\/ola-josefsson\\\/\"}]}<\/script>\n<!-- \/ Yoast SEO Premium plugin. -->","yoast_head_json":{"title":"La Vuelta de Espa\u00f1a passerar Costa Tropical och Costa del Sol - Svenska Magasinet","description":"S\u00e5 \u00e4r det d\u00e5 dags f\u00f6r en av v\u00e4rldens st\u00f6rsta cykelt\u00e4vlingar La Vuelta de Espa\u00f1a d\u00e4r den tolfte etappen passerar b\u00e5de Costa Tropical och Costa del Sol p\u00e5 torsdag.","robots":{"index":"noindex","follow":"follow","max-snippet":"max-snippet:-1","max-image-preview":"max-image-preview:large","max-video-preview":"max-video-preview:-1"},"og_locale":"sv_SE","og_type":"article","og_title":"La Vuelta de Espa\u00f1a passerar Costa Tropical och Costa del Sol","og_description":"S\u00e5 \u00e4r det d\u00e5 dags f\u00f6r en av v\u00e4rldens st\u00f6rsta cykelt\u00e4vlingar La Vuelta de Espa\u00f1a d\u00e4r den tolfte etappen passerar b\u00e5de Costa Tropical och Costa del Sol p\u00e5 torsdag.","og_url":"https:\/\/lightweb.dev\/l\/svm-temp\/nyheter\/la-vuelta-de-espana-passerar-costa-tropical-och-costa-del-sol\/","og_site_name":"Svenska Magasinet","article_publisher":"https:\/\/www.facebook.com\/svenskamagasinet","article_published_time":"2022-08-30T08:10:09+00:00","article_modified_time":"2022-08-30T08:20:12+00:00","og_image":[{"width":1023,"height":1280,"url":"https:\/\/lightweb.dev\/l\/svm-temp\/wp-content\/uploads\/2022\/08\/Recorrido-Vuelta-a-Espana-2022-Stor.jpeg","type":"image\/jpeg"}],"author":"Ola Josefsson","twitter_card":"summary_large_image","twitter_creator":"@SvenskaMagasine","twitter_site":"@SvenskaMagasine","schema":{"@context":"https:\/\/schema.org","@graph":[{"@type":"Article","@id":"https:\/\/lightweb.dev\/l\/svm-temp\/nyheter\/la-vuelta-de-espana-passerar-costa-tropical-och-costa-del-sol\/#article","isPartOf":{"@id":"https:\/\/lightweb.dev\/l\/svm-temp\/nyheter\/la-vuelta-de-espana-passerar-costa-tropical-och-costa-del-sol\/"},"author":{"name":"Ola Josefsson","@id":"https:\/\/lightweb.dev\/l\/svm-temp\/#\/schema\/person\/7a82b8a73d171d32360a564b6d03508e"},"headline":"La Vuelta de Espa\u00f1a passerar Costa Tropical och Costa del Sol","datePublished":"2022-08-30T08:10:09+00:00","dateModified":"2022-08-30T08:20:12+00:00","mainEntityOfPage":{"@id":"https:\/\/lightweb.dev\/l\/svm-temp\/nyheter\/la-vuelta-de-espana-passerar-costa-tropical-och-costa-del-sol\/"},"wordCount":273,"commentCount":1,"publisher":{"@id":"https:\/\/lightweb.dev\/l\/svm-temp\/#organization"},"image":{"@id":"https:\/\/lightweb.dev\/l\/svm-temp\/nyheter\/la-vuelta-de-espana-passerar-costa-tropical-och-costa-del-sol\/#primaryimage"},"thumbnailUrl":"https:\/\/lightweb.dev\/l\/svm-temp\/wp-content\/uploads\/2022\/08\/Recorrido-Vuelta-a-Espana-2022-Stor.jpeg","articleSection":["Nyheter","Sport"],"inLanguage":"sv-SE"},{"@type":"WebPage","@id":"https:\/\/lightweb.dev\/l\/svm-temp\/nyheter\/la-vuelta-de-espana-passerar-costa-tropical-och-costa-del-sol\/","url":"https:\/\/lightweb.dev\/l\/svm-temp\/nyheter\/la-vuelta-de-espana-passerar-costa-tropical-och-costa-del-sol\/","name":"La Vuelta de Espa\u00f1a passerar Costa Tropical och Costa del Sol - Svenska Magasinet","isPartOf":{"@id":"https:\/\/lightweb.dev\/l\/svm-temp\/#website"},"primaryImageOfPage":{"@id":"https:\/\/lightweb.dev\/l\/svm-temp\/nyheter\/la-vuelta-de-espana-passerar-costa-tropical-och-costa-del-sol\/#primaryimage"},"image":{"@id":"https:\/\/lightweb.dev\/l\/svm-temp\/nyheter\/la-vuelta-de-espana-passerar-costa-tropical-och-costa-del-sol\/#primaryimage"},"thumbnailUrl":"https:\/\/lightweb.dev\/l\/svm-temp\/wp-content\/uploads\/2022\/08\/Recorrido-Vuelta-a-Espana-2022-Stor.jpeg","datePublished":"2022-08-30T08:10:09+00:00","dateModified":"2022-08-30T08:20:12+00:00","description":"S\u00e5 \u00e4r det d\u00e5 dags f\u00f6r en av v\u00e4rldens st\u00f6rsta cykelt\u00e4vlingar La Vuelta de Espa\u00f1a d\u00e4r den tolfte etappen passerar b\u00e5de Costa Tropical och Costa del Sol p\u00e5 torsdag.","breadcrumb":{"@id":"https:\/\/lightweb.dev\/l\/svm-temp\/nyheter\/la-vuelta-de-espana-passerar-costa-tropical-och-costa-del-sol\/#breadcrumb"},"inLanguage":"sv-SE","potentialAction":[{"@type":"ReadAction","target":["https:\/\/lightweb.dev\/l\/svm-temp\/nyheter\/la-vuelta-de-espana-passerar-costa-tropical-och-costa-del-sol\/"]}]},{"@type":"ImageObject","inLanguage":"sv-SE","@id":"https:\/\/lightweb.dev\/l\/svm-temp\/nyheter\/la-vuelta-de-espana-passerar-costa-tropical-och-costa-del-sol\/#primaryimage","url":"https:\/\/lightweb.dev\/l\/svm-temp\/wp-content\/uploads\/2022\/08\/Recorrido-Vuelta-a-Espana-2022-Stor.jpeg","contentUrl":"https:\/\/lightweb.dev\/l\/svm-temp\/wp-content\/uploads\/2022\/08\/Recorrido-Vuelta-a-Espana-2022-Stor.jpeg","width":1023,"height":1280,"caption":"Etapp nummer 12 g\u00e5r fr\u00e5n Salobre\u00f1a (Granada) till Pe\u00f1as Blancas norr om Estepona."},{"@type":"BreadcrumbList","@id":"https:\/\/lightweb.dev\/l\/svm-temp\/nyheter\/la-vuelta-de-espana-passerar-costa-tropical-och-costa-del-sol\/#breadcrumb","itemListElement":[{"@type":"ListItem","position":1,"name":"Hem","item":"https:\/\/lightweb.dev\/l\/svm-temp\/"},{"@type":"ListItem","position":2,"name":"La Vuelta de Espa\u00f1a passerar Costa Tropical och Costa del Sol"}]},{"@type":"WebSite","@id":"https:\/\/lightweb.dev\/l\/svm-temp\/#website","url":"https:\/\/lightweb.dev\/l\/svm-temp\/","name":"Svenska Magasinet","description":"Dina Spanska nyheter p&aring; Svenska","publisher":{"@id":"https:\/\/lightweb.dev\/l\/svm-temp\/#organization"},"potentialAction":[{"@type":"SearchAction","target":{"@type":"EntryPoint","urlTemplate":"https:\/\/lightweb.dev\/l\/svm-temp\/?s={search_term_string}"},"query-input":{"@type":"PropertyValueSpecification","valueRequired":true,"valueName":"search_term_string"}}],"inLanguage":"sv-SE"},{"@type":"Organization","@id":"https:\/\/lightweb.dev\/l\/svm-temp\/#organization","name":"Melkerson y Nott SL","alternateName":"Svenska Magasinet","url":"https:\/\/lightweb.dev\/l\/svm-temp\/","logo":{"@type":"ImageObject","inLanguage":"sv-SE","@id":"https:\/\/lightweb.dev\/l\/svm-temp\/#\/schema\/logo\/image\/","url":"https:\/\/lightweb.dev\/l\/svm-temp\/wp-content\/uploads\/2025\/02\/SvM-logo-Xtra-Centrerad-SVART.png","contentUrl":"https:\/\/lightweb.dev\/l\/svm-temp\/wp-content\/uploads\/2025\/02\/SvM-logo-Xtra-Centrerad-SVART.png","width":300,"height":99,"caption":"Melkerson y Nott SL"},"image":{"@id":"https:\/\/lightweb.dev\/l\/svm-temp\/#\/schema\/logo\/image\/"},"sameAs":["https:\/\/www.facebook.com\/svenskamagasinet","https:\/\/x.com\/SvenskaMagasine"]},{"@type":"Person","@id":"https:\/\/lightweb.dev\/l\/svm-temp\/#\/schema\/person\/7a82b8a73d171d32360a564b6d03508e","name":"Ola Josefsson","description":"Bevakar Solkusten och Spanien sedan 1994.","sameAs":["https:\/\/lightweb.dev\/l\/svm-temp"],"url":"https:\/\/lightweb.dev\/l\/svm-temp\/reporter\/ola-josefsson\/"}]}},"_links":{"self":[{"href":"https:\/\/lightweb.dev\/l\/svm-temp\/wp-json\/wp\/v2\/posts\/56891","targetHints":{"allow":["GET"]}}],"collection":[{"href":"https:\/\/lightweb.dev\/l\/svm-temp\/wp-json\/wp\/v2\/posts"}],"about":[{"href":"https:\/\/lightweb.dev\/l\/svm-temp\/wp-json\/wp\/v2\/types\/post"}],"author":[{"embeddable":true,"href":"https:\/\/lightweb.dev\/l\/svm-temp\/wp-json\/wp\/v2\/users\/7"}],"replies":[{"embeddable":true,"href":"https:\/\/lightweb.dev\/l\/svm-temp\/wp-json\/wp\/v2\/comments?post=56891"}],"version-history":[{"count":0,"href":"https:\/\/lightweb.dev\/l\/svm-temp\/wp-json\/wp\/v2\/posts\/56891\/revisions"}],"wp:featuredmedia":[{"embeddable":true,"href":"https:\/\/lightweb.dev\/l\/svm-temp\/wp-json\/wp\/v2\/media\/56895"}],"wp:attachment":[{"href":"https:\/\/lightweb.dev\/l\/svm-temp\/wp-json\/wp\/v2\/media?parent=56891"}],"wp:term":[{"taxonomy":"category","embeddable":true,"href":"https:\/\/lightweb.dev\/l\/svm-temp\/wp-json\/wp\/v2\/categories?post=56891"},{"taxonomy":"post_tag","embeddable":true,"href":"https:\/\/lightweb.dev\/l\/svm-temp\/wp-json\/wp\/v2\/tags?post=56891"}],"curies":[{"name":"wp","href":"https:\/\/api.w.org\/{rel}","templated":true}]}}