{"id":56913,"date":"2022-08-30T12:04:25","date_gmt":"2022-08-30T10:04:25","guid":{"rendered":"https:\/\/lightweb.dev\/l\/svm-temp\/?p=56913"},"modified":"2022-08-30T12:06:16","modified_gmt":"2022-08-30T10:06:16","slug":"vastra-solkusten-lockar-flest-bostadskopare","status":"publish","type":"post","link":"https:\/\/lightweb.dev\/l\/svm-temp\/nyheter\/vastra-solkusten-lockar-flest-bostadskopare\/","title":{"rendered":"V\u00e4stra Solkusten lockar flest bostadsk\u00f6pare"},"content":{"rendered":"<p><strong>V\u00e4stra delen av Costa del Sol var ett av kustomr\u00e5dena i Spanien med flest k\u00f6pare under fjol\u00e5ret. Av totalt 25.907 bostadsk\u00f6p i provinsen M\u00e1laga under 2021 hade Marbella (4.634), Mijas (3.310) och Estepona (3.150) flest bostadsk\u00f6p om vi inte r\u00e4knar med provinsstaden M\u00e1laga som \u00e4r st\u00f6rst till antalet inv\u00e5nare.<\/strong><\/p>\n<p>Det \u00e4r normalt att provinsst\u00e4der som Alicante och M\u00e1laga ligger h\u00f6gt p\u00e5 listan tillsammans med Torrevieja som traditionellt drar bostadsk\u00f6pare. \u00c4ven Orihuela, Cartagena och Elche som ligger mellan Alicante och Murcia hamnar h\u00f6gt upp p\u00e5 k\u00f6plistan.<\/p>\n<p>Men d\u00e4refter kommer platser p\u00e5 v\u00e4stra Costa del Sol som Marbella, Estepona och Mijas.<\/p>\n<p>Bland provinserna l\u00e5g Alicante i topp p\u00e5 omkring 31.000 k\u00f6p f\u00f6ljt av Barcelona p\u00e5 26.000, M\u00e1laga (25.907) och Valencia med cirka 17.000, enligt siffror som dagstidningen <a href=\"https:\/\/www.laopiniondemalaga.es\/malaga\/2022\/08\/29\/litoral-malagueno-situa-activos-compra-74058775.html?utm_source=newsletter&amp;amp%3Butm_medium=email&amp;amp%3Butm_campaign=autonewsletter&amp;amp%3Butm_content=Titulares%20del%20d%C3%ADa&amp;pnespid=CqJypEJW9XVLmUqX85qICkcRpwInn74opFhTD6UJNJ3KEsJOvu2CCddOQDM5_vclChwXUT4\">La Opini\u00f3n de M\u00e1laga<\/a> tagit fram.<\/p>\n<p>Intresset bland utl\u00e4nningar f\u00f6r att k\u00f6pa en bostad under den spanska solen \u00e4r stabilt \u00e4ven om det under den senaste tiden m\u00e4rkts en inbromsning p\u00e5 den svenska marknaden, n\u00e5got som <a href=\"https:\/\/lightweb.dev\/l\/svm-temp\/arkiv\/antalet-svenska-bostadskop-backar\/\">SvM<\/a> nyligen ber\u00e4ttade.<\/p>\n<p>&#8211; Det har skett en anm\u00e4rkningsv\u00e4rd \u00e5terh\u00e4mtning i bostadsf\u00f6rs\u00e4ljningen j\u00e4mf\u00f6rt med 2019 och \u00e5ren som f\u00f6ljde med pandemin, s\u00e4ger konsulten vid v\u00e4rderingsf\u00f6retaget Tinsa, Andrea de la Hoz.<\/p>\n<p>Parallellt s\u00e5 har turistuthyrningen upplevt en kraftig prisuppg\u00e5ng hittills i \u00e5r. Det r\u00f6r sig om 5 till 10 procent medan vissa omr\u00e5den p\u00e5 Costa del Sol visar en uppg\u00e5ng p\u00e5 20 procent.<\/p>\n","protected":false},"excerpt":{"rendered":"<p>V\u00e4stra delen av Costa del Sol var ett av kustomr\u00e5dena i Spanien med flest k\u00f6pare under fjol\u00e5ret. Av totalt 25.907 bostadsk\u00f6p i provinsen M\u00e1laga under 2021 hade Marbella (4.634), Mijas (3.310) och Estepona (3.150) flest bostadsk\u00f6p om vi inte r\u00e4knar med provinsstaden M\u00e1laga som \u00e4r st\u00f6rst till antalet inv\u00e5nare. Det \u00e4r normalt att provinsst\u00e4der som [&hellip;]<\/p>\n","protected":false},"author":7,"featured_media":56915,"comment_status":"open","ping_status":"open","sticky":false,"template":"","format":"standard","meta":{"_et_pb_use_builder":"","_et_pb_old_content":"","_et_gb_content_width":"","footnotes":""},"categories":[395,3],"tags":[],"class_list":["post-56913","post","type-post","status-publish","format-standard","has-post-thumbnail","hentry","category-arkiv-nyheter","category-nyheter"],"yoast_head":"<!-- This site is optimized with the Yoast SEO Premium plugin v26.2 (Yoast SEO v27.4) - https:\/\/yoast.com\/product\/yoast-seo-premium-wordpress\/ -->\n<title>V\u00e4stra Solkusten lockar flest bostadsk\u00f6pare - Svenska Magasinet<\/title>\n<meta name=\"description\" content=\"V\u00e4stra delen av Costa del Sol var ett av kustomr\u00e5dena i Spanien med flest k\u00f6pare under fjol\u00e5ret. Av totalt 25.907 bostadsk\u00f6p i provinsen M\u00e1laga under 2021 hade Marbella (4.634), Mijas (3.310) och Estepona (3.150) flest bostadsk\u00f6p om vi inte r\u00e4knar med provinsstaden M\u00e1laga som \u00e4r st\u00f6rst till antalet inv\u00e5nare.\" \/>\n<meta name=\"robots\" content=\"noindex, follow, max-snippet:-1, max-image-preview:large, max-video-preview:-1\" \/>\n<meta property=\"og:locale\" content=\"sv_SE\" \/>\n<meta property=\"og:type\" content=\"article\" \/>\n<meta property=\"og:title\" content=\"V\u00e4stra Solkusten lockar flest bostadsk\u00f6pare\" \/>\n<meta property=\"og:description\" content=\"V\u00e4stra delen av Costa del Sol var ett av kustomr\u00e5dena i Spanien med flest k\u00f6pare under fjol\u00e5ret. Av totalt 25.907 bostadsk\u00f6p i provinsen M\u00e1laga under 2021 hade Marbella (4.634), Mijas (3.310) och Estepona (3.150) flest bostadsk\u00f6p om vi inte r\u00e4knar med provinsstaden M\u00e1laga som \u00e4r st\u00f6rst till antalet inv\u00e5nare.\" \/>\n<meta property=\"og:url\" content=\"https:\/\/lightweb.dev\/l\/svm-temp\/artiklar\/hem-bostad\/vastra-solkusten-lockar-flest-bostadskopare\/\" \/>\n<meta property=\"og:site_name\" content=\"Svenska Magasinet\" \/>\n<meta property=\"article:publisher\" content=\"https:\/\/www.facebook.com\/svenskamagasinet\" \/>\n<meta property=\"article:published_time\" content=\"2022-08-30T10:04:25+00:00\" \/>\n<meta property=\"article:modified_time\" content=\"2022-08-30T10:06:16+00:00\" \/>\n<meta property=\"og:image\" content=\"https:\/\/lightweb.dev\/l\/svm-temp\/wp-content\/uploads\/2022\/08\/DSC_4213-Stor.jpeg\" \/>\n\t<meta property=\"og:image:width\" content=\"1280\" \/>\n\t<meta property=\"og:image:height\" content=\"857\" \/>\n\t<meta property=\"og:image:type\" content=\"image\/jpeg\" \/>\n<meta name=\"author\" content=\"Ola Josefsson\" \/>\n<meta name=\"twitter:card\" content=\"summary_large_image\" \/>\n<meta name=\"twitter:creator\" content=\"@SvenskaMagasine\" \/>\n<meta name=\"twitter:site\" content=\"@SvenskaMagasine\" \/>\n<script type=\"application\/ld+json\" class=\"yoast-schema-graph\">{\"@context\":\"https:\\\/\\\/schema.org\",\"@graph\":[{\"@type\":\"Article\",\"@id\":\"https:\\\/\\\/lightweb.dev\\\/l\\\/svm-temp\\\/artiklar\\\/hem-bostad\\\/vastra-solkusten-lockar-flest-bostadskopare\\\/#article\",\"isPartOf\":{\"@id\":\"https:\\\/\\\/lightweb.dev\\\/l\\\/svm-temp\\\/artiklar\\\/hem-bostad\\\/vastra-solkusten-lockar-flest-bostadskopare\\\/\"},\"author\":{\"name\":\"Ola Josefsson\",\"@id\":\"https:\\\/\\\/lightweb.dev\\\/l\\\/svm-temp\\\/#\\\/schema\\\/person\\\/7a82b8a73d171d32360a564b6d03508e\"},\"headline\":\"V\u00e4stra Solkusten lockar flest bostadsk\u00f6pare\",\"datePublished\":\"2022-08-30T10:04:25+00:00\",\"dateModified\":\"2022-08-30T10:06:16+00:00\",\"mainEntityOfPage\":{\"@id\":\"https:\\\/\\\/lightweb.dev\\\/l\\\/svm-temp\\\/artiklar\\\/hem-bostad\\\/vastra-solkusten-lockar-flest-bostadskopare\\\/\"},\"wordCount\":263,\"commentCount\":2,\"publisher\":{\"@id\":\"https:\\\/\\\/lightweb.dev\\\/l\\\/svm-temp\\\/#organization\"},\"image\":{\"@id\":\"https:\\\/\\\/lightweb.dev\\\/l\\\/svm-temp\\\/artiklar\\\/hem-bostad\\\/vastra-solkusten-lockar-flest-bostadskopare\\\/#primaryimage\"},\"thumbnailUrl\":\"https:\\\/\\\/lightweb.dev\\\/l\\\/svm-temp\\\/wp-content\\\/uploads\\\/2022\\\/08\\\/DSC_4213-Stor.jpeg\",\"articleSection\":[\"Arkiv\",\"Nyheter\"],\"inLanguage\":\"sv-SE\"},{\"@type\":\"WebPage\",\"@id\":\"https:\\\/\\\/lightweb.dev\\\/l\\\/svm-temp\\\/artiklar\\\/hem-bostad\\\/vastra-solkusten-lockar-flest-bostadskopare\\\/\",\"url\":\"https:\\\/\\\/lightweb.dev\\\/l\\\/svm-temp\\\/artiklar\\\/hem-bostad\\\/vastra-solkusten-lockar-flest-bostadskopare\\\/\",\"name\":\"V\u00e4stra Solkusten lockar flest bostadsk\u00f6pare - Svenska Magasinet\",\"isPartOf\":{\"@id\":\"https:\\\/\\\/lightweb.dev\\\/l\\\/svm-temp\\\/#website\"},\"primaryImageOfPage\":{\"@id\":\"https:\\\/\\\/lightweb.dev\\\/l\\\/svm-temp\\\/artiklar\\\/hem-bostad\\\/vastra-solkusten-lockar-flest-bostadskopare\\\/#primaryimage\"},\"image\":{\"@id\":\"https:\\\/\\\/lightweb.dev\\\/l\\\/svm-temp\\\/artiklar\\\/hem-bostad\\\/vastra-solkusten-lockar-flest-bostadskopare\\\/#primaryimage\"},\"thumbnailUrl\":\"https:\\\/\\\/lightweb.dev\\\/l\\\/svm-temp\\\/wp-content\\\/uploads\\\/2022\\\/08\\\/DSC_4213-Stor.jpeg\",\"datePublished\":\"2022-08-30T10:04:25+00:00\",\"dateModified\":\"2022-08-30T10:06:16+00:00\",\"description\":\"V\u00e4stra delen av Costa del Sol var ett av kustomr\u00e5dena i Spanien med flest k\u00f6pare under fjol\u00e5ret. Av totalt 25.907 bostadsk\u00f6p i provinsen M\u00e1laga under 2021 hade Marbella (4.634), Mijas (3.310) och Estepona (3.150) flest bostadsk\u00f6p om vi inte r\u00e4knar med provinsstaden M\u00e1laga som \u00e4r st\u00f6rst till antalet inv\u00e5nare.\",\"breadcrumb\":{\"@id\":\"https:\\\/\\\/lightweb.dev\\\/l\\\/svm-temp\\\/artiklar\\\/hem-bostad\\\/vastra-solkusten-lockar-flest-bostadskopare\\\/#breadcrumb\"},\"inLanguage\":\"sv-SE\",\"potentialAction\":[{\"@type\":\"ReadAction\",\"target\":[\"https:\\\/\\\/lightweb.dev\\\/l\\\/svm-temp\\\/artiklar\\\/hem-bostad\\\/vastra-solkusten-lockar-flest-bostadskopare\\\/\"]}]},{\"@type\":\"ImageObject\",\"inLanguage\":\"sv-SE\",\"@id\":\"https:\\\/\\\/lightweb.dev\\\/l\\\/svm-temp\\\/artiklar\\\/hem-bostad\\\/vastra-solkusten-lockar-flest-bostadskopare\\\/#primaryimage\",\"url\":\"https:\\\/\\\/lightweb.dev\\\/l\\\/svm-temp\\\/wp-content\\\/uploads\\\/2022\\\/08\\\/DSC_4213-Stor.jpeg\",\"contentUrl\":\"https:\\\/\\\/lightweb.dev\\\/l\\\/svm-temp\\\/wp-content\\\/uploads\\\/2022\\\/08\\\/DSC_4213-Stor.jpeg\",\"width\":1280,\"height\":857},{\"@type\":\"BreadcrumbList\",\"@id\":\"https:\\\/\\\/lightweb.dev\\\/l\\\/svm-temp\\\/artiklar\\\/hem-bostad\\\/vastra-solkusten-lockar-flest-bostadskopare\\\/#breadcrumb\",\"itemListElement\":[{\"@type\":\"ListItem\",\"position\":1,\"name\":\"Hem\",\"item\":\"https:\\\/\\\/lightweb.dev\\\/l\\\/svm-temp\\\/\"},{\"@type\":\"ListItem\",\"position\":2,\"name\":\"V\u00e4stra Solkusten lockar flest bostadsk\u00f6pare\"}]},{\"@type\":\"WebSite\",\"@id\":\"https:\\\/\\\/lightweb.dev\\\/l\\\/svm-temp\\\/#website\",\"url\":\"https:\\\/\\\/lightweb.dev\\\/l\\\/svm-temp\\\/\",\"name\":\"Svenska Magasinet\",\"description\":\"Dina Spanska nyheter p&aring; Svenska\",\"publisher\":{\"@id\":\"https:\\\/\\\/lightweb.dev\\\/l\\\/svm-temp\\\/#organization\"},\"potentialAction\":[{\"@type\":\"SearchAction\",\"target\":{\"@type\":\"EntryPoint\",\"urlTemplate\":\"https:\\\/\\\/lightweb.dev\\\/l\\\/svm-temp\\\/?s={search_term_string}\"},\"query-input\":{\"@type\":\"PropertyValueSpecification\",\"valueRequired\":true,\"valueName\":\"search_term_string\"}}],\"inLanguage\":\"sv-SE\"},{\"@type\":\"Organization\",\"@id\":\"https:\\\/\\\/lightweb.dev\\\/l\\\/svm-temp\\\/#organization\",\"name\":\"Melkerson y Nott SL\",\"alternateName\":\"Svenska Magasinet\",\"url\":\"https:\\\/\\\/lightweb.dev\\\/l\\\/svm-temp\\\/\",\"logo\":{\"@type\":\"ImageObject\",\"inLanguage\":\"sv-SE\",\"@id\":\"https:\\\/\\\/lightweb.dev\\\/l\\\/svm-temp\\\/#\\\/schema\\\/logo\\\/image\\\/\",\"url\":\"https:\\\/\\\/lightweb.dev\\\/l\\\/svm-temp\\\/wp-content\\\/uploads\\\/2025\\\/02\\\/SvM-logo-Xtra-Centrerad-SVART.png\",\"contentUrl\":\"https:\\\/\\\/lightweb.dev\\\/l\\\/svm-temp\\\/wp-content\\\/uploads\\\/2025\\\/02\\\/SvM-logo-Xtra-Centrerad-SVART.png\",\"width\":300,\"height\":99,\"caption\":\"Melkerson y Nott SL\"},\"image\":{\"@id\":\"https:\\\/\\\/lightweb.dev\\\/l\\\/svm-temp\\\/#\\\/schema\\\/logo\\\/image\\\/\"},\"sameAs\":[\"https:\\\/\\\/www.facebook.com\\\/svenskamagasinet\",\"https:\\\/\\\/x.com\\\/SvenskaMagasine\"]},{\"@type\":\"Person\",\"@id\":\"https:\\\/\\\/lightweb.dev\\\/l\\\/svm-temp\\\/#\\\/schema\\\/person\\\/7a82b8a73d171d32360a564b6d03508e\",\"name\":\"Ola Josefsson\",\"description\":\"Bevakar Solkusten och Spanien sedan 1994.\",\"sameAs\":[\"https:\\\/\\\/lightweb.dev\\\/l\\\/svm-temp\"],\"url\":\"https:\\\/\\\/lightweb.dev\\\/l\\\/svm-temp\\\/reporter\\\/ola-josefsson\\\/\"}]}<\/script>\n<!-- \/ Yoast SEO Premium plugin. -->","yoast_head_json":{"title":"V\u00e4stra Solkusten lockar flest bostadsk\u00f6pare - Svenska Magasinet","description":"V\u00e4stra delen av Costa del Sol var ett av kustomr\u00e5dena i Spanien med flest k\u00f6pare under fjol\u00e5ret. Av totalt 25.907 bostadsk\u00f6p i provinsen M\u00e1laga under 2021 hade Marbella (4.634), Mijas (3.310) och Estepona (3.150) flest bostadsk\u00f6p om vi inte r\u00e4knar med provinsstaden M\u00e1laga som \u00e4r st\u00f6rst till antalet inv\u00e5nare.","robots":{"index":"noindex","follow":"follow","max-snippet":"max-snippet:-1","max-image-preview":"max-image-preview:large","max-video-preview":"max-video-preview:-1"},"og_locale":"sv_SE","og_type":"article","og_title":"V\u00e4stra Solkusten lockar flest bostadsk\u00f6pare","og_description":"V\u00e4stra delen av Costa del Sol var ett av kustomr\u00e5dena i Spanien med flest k\u00f6pare under fjol\u00e5ret. Av totalt 25.907 bostadsk\u00f6p i provinsen M\u00e1laga under 2021 hade Marbella (4.634), Mijas (3.310) och Estepona (3.150) flest bostadsk\u00f6p om vi inte r\u00e4knar med provinsstaden M\u00e1laga som \u00e4r st\u00f6rst till antalet inv\u00e5nare.","og_url":"https:\/\/lightweb.dev\/l\/svm-temp\/artiklar\/hem-bostad\/vastra-solkusten-lockar-flest-bostadskopare\/","og_site_name":"Svenska Magasinet","article_publisher":"https:\/\/www.facebook.com\/svenskamagasinet","article_published_time":"2022-08-30T10:04:25+00:00","article_modified_time":"2022-08-30T10:06:16+00:00","og_image":[{"width":1280,"height":857,"url":"https:\/\/lightweb.dev\/l\/svm-temp\/wp-content\/uploads\/2022\/08\/DSC_4213-Stor.jpeg","type":"image\/jpeg"}],"author":"Ola Josefsson","twitter_card":"summary_large_image","twitter_creator":"@SvenskaMagasine","twitter_site":"@SvenskaMagasine","schema":{"@context":"https:\/\/schema.org","@graph":[{"@type":"Article","@id":"https:\/\/lightweb.dev\/l\/svm-temp\/artiklar\/hem-bostad\/vastra-solkusten-lockar-flest-bostadskopare\/#article","isPartOf":{"@id":"https:\/\/lightweb.dev\/l\/svm-temp\/artiklar\/hem-bostad\/vastra-solkusten-lockar-flest-bostadskopare\/"},"author":{"name":"Ola Josefsson","@id":"https:\/\/lightweb.dev\/l\/svm-temp\/#\/schema\/person\/7a82b8a73d171d32360a564b6d03508e"},"headline":"V\u00e4stra Solkusten lockar flest bostadsk\u00f6pare","datePublished":"2022-08-30T10:04:25+00:00","dateModified":"2022-08-30T10:06:16+00:00","mainEntityOfPage":{"@id":"https:\/\/lightweb.dev\/l\/svm-temp\/artiklar\/hem-bostad\/vastra-solkusten-lockar-flest-bostadskopare\/"},"wordCount":263,"commentCount":2,"publisher":{"@id":"https:\/\/lightweb.dev\/l\/svm-temp\/#organization"},"image":{"@id":"https:\/\/lightweb.dev\/l\/svm-temp\/artiklar\/hem-bostad\/vastra-solkusten-lockar-flest-bostadskopare\/#primaryimage"},"thumbnailUrl":"https:\/\/lightweb.dev\/l\/svm-temp\/wp-content\/uploads\/2022\/08\/DSC_4213-Stor.jpeg","articleSection":["Arkiv","Nyheter"],"inLanguage":"sv-SE"},{"@type":"WebPage","@id":"https:\/\/lightweb.dev\/l\/svm-temp\/artiklar\/hem-bostad\/vastra-solkusten-lockar-flest-bostadskopare\/","url":"https:\/\/lightweb.dev\/l\/svm-temp\/artiklar\/hem-bostad\/vastra-solkusten-lockar-flest-bostadskopare\/","name":"V\u00e4stra Solkusten lockar flest bostadsk\u00f6pare - Svenska Magasinet","isPartOf":{"@id":"https:\/\/lightweb.dev\/l\/svm-temp\/#website"},"primaryImageOfPage":{"@id":"https:\/\/lightweb.dev\/l\/svm-temp\/artiklar\/hem-bostad\/vastra-solkusten-lockar-flest-bostadskopare\/#primaryimage"},"image":{"@id":"https:\/\/lightweb.dev\/l\/svm-temp\/artiklar\/hem-bostad\/vastra-solkusten-lockar-flest-bostadskopare\/#primaryimage"},"thumbnailUrl":"https:\/\/lightweb.dev\/l\/svm-temp\/wp-content\/uploads\/2022\/08\/DSC_4213-Stor.jpeg","datePublished":"2022-08-30T10:04:25+00:00","dateModified":"2022-08-30T10:06:16+00:00","description":"V\u00e4stra delen av Costa del Sol var ett av kustomr\u00e5dena i Spanien med flest k\u00f6pare under fjol\u00e5ret. Av totalt 25.907 bostadsk\u00f6p i provinsen M\u00e1laga under 2021 hade Marbella (4.634), Mijas (3.310) och Estepona (3.150) flest bostadsk\u00f6p om vi inte r\u00e4knar med provinsstaden M\u00e1laga som \u00e4r st\u00f6rst till antalet inv\u00e5nare.","breadcrumb":{"@id":"https:\/\/lightweb.dev\/l\/svm-temp\/artiklar\/hem-bostad\/vastra-solkusten-lockar-flest-bostadskopare\/#breadcrumb"},"inLanguage":"sv-SE","potentialAction":[{"@type":"ReadAction","target":["https:\/\/lightweb.dev\/l\/svm-temp\/artiklar\/hem-bostad\/vastra-solkusten-lockar-flest-bostadskopare\/"]}]},{"@type":"ImageObject","inLanguage":"sv-SE","@id":"https:\/\/lightweb.dev\/l\/svm-temp\/artiklar\/hem-bostad\/vastra-solkusten-lockar-flest-bostadskopare\/#primaryimage","url":"https:\/\/lightweb.dev\/l\/svm-temp\/wp-content\/uploads\/2022\/08\/DSC_4213-Stor.jpeg","contentUrl":"https:\/\/lightweb.dev\/l\/svm-temp\/wp-content\/uploads\/2022\/08\/DSC_4213-Stor.jpeg","width":1280,"height":857},{"@type":"BreadcrumbList","@id":"https:\/\/lightweb.dev\/l\/svm-temp\/artiklar\/hem-bostad\/vastra-solkusten-lockar-flest-bostadskopare\/#breadcrumb","itemListElement":[{"@type":"ListItem","position":1,"name":"Hem","item":"https:\/\/lightweb.dev\/l\/svm-temp\/"},{"@type":"ListItem","position":2,"name":"V\u00e4stra Solkusten lockar flest bostadsk\u00f6pare"}]},{"@type":"WebSite","@id":"https:\/\/lightweb.dev\/l\/svm-temp\/#website","url":"https:\/\/lightweb.dev\/l\/svm-temp\/","name":"Svenska Magasinet","description":"Dina Spanska nyheter p&aring; Svenska","publisher":{"@id":"https:\/\/lightweb.dev\/l\/svm-temp\/#organization"},"potentialAction":[{"@type":"SearchAction","target":{"@type":"EntryPoint","urlTemplate":"https:\/\/lightweb.dev\/l\/svm-temp\/?s={search_term_string}"},"query-input":{"@type":"PropertyValueSpecification","valueRequired":true,"valueName":"search_term_string"}}],"inLanguage":"sv-SE"},{"@type":"Organization","@id":"https:\/\/lightweb.dev\/l\/svm-temp\/#organization","name":"Melkerson y Nott SL","alternateName":"Svenska Magasinet","url":"https:\/\/lightweb.dev\/l\/svm-temp\/","logo":{"@type":"ImageObject","inLanguage":"sv-SE","@id":"https:\/\/lightweb.dev\/l\/svm-temp\/#\/schema\/logo\/image\/","url":"https:\/\/lightweb.dev\/l\/svm-temp\/wp-content\/uploads\/2025\/02\/SvM-logo-Xtra-Centrerad-SVART.png","contentUrl":"https:\/\/lightweb.dev\/l\/svm-temp\/wp-content\/uploads\/2025\/02\/SvM-logo-Xtra-Centrerad-SVART.png","width":300,"height":99,"caption":"Melkerson y Nott SL"},"image":{"@id":"https:\/\/lightweb.dev\/l\/svm-temp\/#\/schema\/logo\/image\/"},"sameAs":["https:\/\/www.facebook.com\/svenskamagasinet","https:\/\/x.com\/SvenskaMagasine"]},{"@type":"Person","@id":"https:\/\/lightweb.dev\/l\/svm-temp\/#\/schema\/person\/7a82b8a73d171d32360a564b6d03508e","name":"Ola Josefsson","description":"Bevakar Solkusten och Spanien sedan 1994.","sameAs":["https:\/\/lightweb.dev\/l\/svm-temp"],"url":"https:\/\/lightweb.dev\/l\/svm-temp\/reporter\/ola-josefsson\/"}]}},"_links":{"self":[{"href":"https:\/\/lightweb.dev\/l\/svm-temp\/wp-json\/wp\/v2\/posts\/56913","targetHints":{"allow":["GET"]}}],"collection":[{"href":"https:\/\/lightweb.dev\/l\/svm-temp\/wp-json\/wp\/v2\/posts"}],"about":[{"href":"https:\/\/lightweb.dev\/l\/svm-temp\/wp-json\/wp\/v2\/types\/post"}],"author":[{"embeddable":true,"href":"https:\/\/lightweb.dev\/l\/svm-temp\/wp-json\/wp\/v2\/users\/7"}],"replies":[{"embeddable":true,"href":"https:\/\/lightweb.dev\/l\/svm-temp\/wp-json\/wp\/v2\/comments?post=56913"}],"version-history":[{"count":0,"href":"https:\/\/lightweb.dev\/l\/svm-temp\/wp-json\/wp\/v2\/posts\/56913\/revisions"}],"wp:featuredmedia":[{"embeddable":true,"href":"https:\/\/lightweb.dev\/l\/svm-temp\/wp-json\/wp\/v2\/media\/56915"}],"wp:attachment":[{"href":"https:\/\/lightweb.dev\/l\/svm-temp\/wp-json\/wp\/v2\/media?parent=56913"}],"wp:term":[{"taxonomy":"category","embeddable":true,"href":"https:\/\/lightweb.dev\/l\/svm-temp\/wp-json\/wp\/v2\/categories?post=56913"},{"taxonomy":"post_tag","embeddable":true,"href":"https:\/\/lightweb.dev\/l\/svm-temp\/wp-json\/wp\/v2\/tags?post=56913"}],"curies":[{"name":"wp","href":"https:\/\/api.w.org\/{rel}","templated":true}]}}