{"id":56924,"date":"2022-08-30T12:54:35","date_gmt":"2022-08-30T10:54:35","guid":{"rendered":"https:\/\/lightweb.dev\/l\/svm-temp\/?p=56924"},"modified":"2022-08-30T12:54:35","modified_gmt":"2022-08-30T10:54:35","slug":"budgeten-for-2023-kan-falla-regeringen","status":"publish","type":"post","link":"https:\/\/lightweb.dev\/l\/svm-temp\/nyheter\/budgeten-for-2023-kan-falla-regeringen\/","title":{"rendered":"Budgeten f\u00f6r 2023 kan f\u00e4lla regeringen"},"content":{"rendered":"<p><strong>Budgetarbetet f\u00f6r 2023 beskrivs som en av de mest komplicerade n\u00e5gonsin. Spanien har f\u00f6rbundet sig att \u00f6ka f\u00f6rsvarsutgifterna till det dubbla. Det var Pedro S\u00e1nchez besked vid Natom\u00f6tet i Madrid i somras.<\/strong><\/p>\n<p>Det \u00e4r ut\u00f6kade f\u00f6rsvarsutgifter som g\u00f6r att gapet mellan PSOE och Unidas Podemos vidgas. Regeringskoalitionen \u00e4r p\u00e5 kollisionskurs. Yolanda D\u00edaz \u00e4r tydlig med att ut\u00f6kade f\u00f6rsvarsutgifter till n\u00e4sta budget inte g\u00e4ller vilket Pedro S\u00e1nchez lovade Natos ledare.<\/p>\n<p>2023 \u00e4r det b\u00e5de lokalval, regionval och allm\u00e4nna val i Spanien. De flesta m\u00e4tningar just nu visar att h\u00f6gern skulle vinna om det vore val i Spanien idag.<\/p>\n<p>Och s\u00e5 har vi d\u00e5 detta med budgetarbetet.<\/p>\n<p>Enligt det socialdemokratiska regeringspartiet PSOE inleddes samtalen i b\u00f6rjan p\u00e5 augusti. Enligt de f\u00f6rsta kommentarerna f\u00f6rv\u00e4ntas samtalen g\u00e5 bra.<\/p>\n<p>Men PSOE:s optimism kolliderar med de uttalanden som vice regeringschefen Yolanda D\u00edaz gjorde under g\u00e5rdagen d\u00e4r hon f\u00f6rnekade all \u00f6verenskommelse i milit\u00e4ra fr\u00e5gor och inte minst n\u00e4r det g\u00e4ller Nato.<\/p>\n<p>&#8211; Det som vi har f\u00f6rhandlat fram under sommaren g\u00e4ller inte ut\u00f6kade f\u00f6rsvarsutgifter, s\u00e4ger Yolanda D\u00edaz.<\/p>\n<p>PSOE \u00e4r beroende av bland annat Podemos, Izquierda Unida och M\u00e1s Pa\u00eds f\u00f6r att f\u00e5 budgetst\u00f6d.<\/p>\n<p>Vid Natom\u00f6tet i Madrid i juni st\u00f6dde Unidas Podemos flera motdemonstrationer f\u00f6r att m\u00f6tet h\u00f6lls i Madrid.<\/p>\n<p>Spaniens f\u00f6rsvarsutgifter \u00e4r i dagsl\u00e4get en (1) procent av BNP.<\/p>\n<p><strong>F\u00f6r \u00f6vrigt blir det en hel del Sverige och Spanien i EU n\u00e4sta \u00e5r.<\/strong> Den 1 januari 2023 tar Sverige \u00f6ver som ordf\u00f6rande i EU:s ministerr\u00e5d. Fr\u00e5n 1 juli tar Spanien \u00f6ver.<\/p>\n","protected":false},"excerpt":{"rendered":"<p>Budgetarbetet f\u00f6r 2023 beskrivs som en av de mest komplicerade n\u00e5gonsin. Spanien har f\u00f6rbundet sig att \u00f6ka f\u00f6rsvarsutgifterna till det dubbla. Det var Pedro S\u00e1nchez besked vid Natom\u00f6tet i Madrid i somras. Det \u00e4r ut\u00f6kade f\u00f6rsvarsutgifter som g\u00f6r att gapet mellan PSOE och Unidas Podemos vidgas. Regeringskoalitionen \u00e4r p\u00e5 kollisionskurs. Yolanda D\u00edaz \u00e4r tydlig med [&hellip;]<\/p>\n","protected":false},"author":7,"featured_media":56926,"comment_status":"open","ping_status":"open","sticky":false,"template":"","format":"standard","meta":{"_et_pb_use_builder":"","_et_pb_old_content":"","_et_gb_content_width":"","footnotes":""},"categories":[395,3],"tags":[],"class_list":["post-56924","post","type-post","status-publish","format-standard","has-post-thumbnail","hentry","category-arkiv-nyheter","category-nyheter"],"yoast_head":"<!-- This site is optimized with the Yoast SEO Premium plugin v26.2 (Yoast SEO v27.4) - https:\/\/yoast.com\/product\/yoast-seo-premium-wordpress\/ -->\n<title>Budgeten f\u00f6r 2023 kan f\u00e4lla regeringen - Svenska Magasinet<\/title>\n<meta name=\"description\" content=\"Budgetarbetet f\u00f6r 2023 beskrivs som en av de mest komplicerade n\u00e5gonsin. Spanien har f\u00f6rbundet sig att \u00f6ka f\u00f6rsvarsutgifterna till det dubbla. Det var Pedro S\u00e1nchez besked vid Natotoppm\u00f6tet i Madrid i somras.\" \/>\n<meta name=\"robots\" content=\"noindex, follow, max-snippet:-1, max-image-preview:large, max-video-preview:-1\" \/>\n<meta property=\"og:locale\" content=\"sv_SE\" \/>\n<meta property=\"og:type\" content=\"article\" \/>\n<meta property=\"og:title\" content=\"Budgeten f\u00f6r 2023 kan f\u00e4lla regeringen\" \/>\n<meta property=\"og:description\" content=\"Budgetarbetet f\u00f6r 2023 beskrivs som en av de mest komplicerade n\u00e5gonsin. Spanien har f\u00f6rbundet sig att \u00f6ka f\u00f6rsvarsutgifterna till det dubbla. Det var Pedro S\u00e1nchez besked vid Natotoppm\u00f6tet i Madrid i somras.\" \/>\n<meta property=\"og:url\" content=\"https:\/\/lightweb.dev\/l\/svm-temp\/nyheter\/budgeten-for-2023-kan-falla-regeringen\/\" \/>\n<meta property=\"og:site_name\" content=\"Svenska Magasinet\" \/>\n<meta property=\"article:publisher\" content=\"https:\/\/www.facebook.com\/svenskamagasinet\" \/>\n<meta property=\"article:published_time\" content=\"2022-08-30T10:54:35+00:00\" \/>\n<meta property=\"og:image\" content=\"https:\/\/lightweb.dev\/l\/svm-temp\/wp-content\/uploads\/2022\/08\/Ska\u0308rmavbild-2022-08-30-kl.-12.49.35-Stor.jpeg\" \/>\n\t<meta property=\"og:image:width\" content=\"1063\" \/>\n\t<meta property=\"og:image:height\" content=\"650\" \/>\n\t<meta property=\"og:image:type\" content=\"image\/jpeg\" \/>\n<meta name=\"author\" content=\"Ola Josefsson\" \/>\n<meta name=\"twitter:card\" content=\"summary_large_image\" \/>\n<meta name=\"twitter:creator\" content=\"@SvenskaMagasine\" \/>\n<meta name=\"twitter:site\" content=\"@SvenskaMagasine\" \/>\n<script type=\"application\/ld+json\" class=\"yoast-schema-graph\">{\"@context\":\"https:\\\/\\\/schema.org\",\"@graph\":[{\"@type\":\"Article\",\"@id\":\"https:\\\/\\\/lightweb.dev\\\/l\\\/svm-temp\\\/nyheter\\\/budgeten-for-2023-kan-falla-regeringen\\\/#article\",\"isPartOf\":{\"@id\":\"https:\\\/\\\/lightweb.dev\\\/l\\\/svm-temp\\\/nyheter\\\/budgeten-for-2023-kan-falla-regeringen\\\/\"},\"author\":{\"name\":\"Ola Josefsson\",\"@id\":\"https:\\\/\\\/lightweb.dev\\\/l\\\/svm-temp\\\/#\\\/schema\\\/person\\\/7a82b8a73d171d32360a564b6d03508e\"},\"headline\":\"Budgeten f\u00f6r 2023 kan f\u00e4lla regeringen\",\"datePublished\":\"2022-08-30T10:54:35+00:00\",\"mainEntityOfPage\":{\"@id\":\"https:\\\/\\\/lightweb.dev\\\/l\\\/svm-temp\\\/nyheter\\\/budgeten-for-2023-kan-falla-regeringen\\\/\"},\"wordCount\":301,\"commentCount\":1,\"publisher\":{\"@id\":\"https:\\\/\\\/lightweb.dev\\\/l\\\/svm-temp\\\/#organization\"},\"image\":{\"@id\":\"https:\\\/\\\/lightweb.dev\\\/l\\\/svm-temp\\\/nyheter\\\/budgeten-for-2023-kan-falla-regeringen\\\/#primaryimage\"},\"thumbnailUrl\":\"https:\\\/\\\/lightweb.dev\\\/l\\\/svm-temp\\\/wp-content\\\/uploads\\\/2022\\\/08\\\/Ska\u0308rmavbild-2022-08-30-kl.-12.49.35-Stor.jpeg\",\"articleSection\":[\"Arkiv\",\"Nyheter\"],\"inLanguage\":\"sv-SE\"},{\"@type\":\"WebPage\",\"@id\":\"https:\\\/\\\/lightweb.dev\\\/l\\\/svm-temp\\\/nyheter\\\/budgeten-for-2023-kan-falla-regeringen\\\/\",\"url\":\"https:\\\/\\\/lightweb.dev\\\/l\\\/svm-temp\\\/nyheter\\\/budgeten-for-2023-kan-falla-regeringen\\\/\",\"name\":\"Budgeten f\u00f6r 2023 kan f\u00e4lla regeringen - Svenska Magasinet\",\"isPartOf\":{\"@id\":\"https:\\\/\\\/lightweb.dev\\\/l\\\/svm-temp\\\/#website\"},\"primaryImageOfPage\":{\"@id\":\"https:\\\/\\\/lightweb.dev\\\/l\\\/svm-temp\\\/nyheter\\\/budgeten-for-2023-kan-falla-regeringen\\\/#primaryimage\"},\"image\":{\"@id\":\"https:\\\/\\\/lightweb.dev\\\/l\\\/svm-temp\\\/nyheter\\\/budgeten-for-2023-kan-falla-regeringen\\\/#primaryimage\"},\"thumbnailUrl\":\"https:\\\/\\\/lightweb.dev\\\/l\\\/svm-temp\\\/wp-content\\\/uploads\\\/2022\\\/08\\\/Ska\u0308rmavbild-2022-08-30-kl.-12.49.35-Stor.jpeg\",\"datePublished\":\"2022-08-30T10:54:35+00:00\",\"description\":\"Budgetarbetet f\u00f6r 2023 beskrivs som en av de mest komplicerade n\u00e5gonsin. Spanien har f\u00f6rbundet sig att \u00f6ka f\u00f6rsvarsutgifterna till det dubbla. Det var Pedro S\u00e1nchez besked vid Natotoppm\u00f6tet i Madrid i somras.\",\"breadcrumb\":{\"@id\":\"https:\\\/\\\/lightweb.dev\\\/l\\\/svm-temp\\\/nyheter\\\/budgeten-for-2023-kan-falla-regeringen\\\/#breadcrumb\"},\"inLanguage\":\"sv-SE\",\"potentialAction\":[{\"@type\":\"ReadAction\",\"target\":[\"https:\\\/\\\/lightweb.dev\\\/l\\\/svm-temp\\\/nyheter\\\/budgeten-for-2023-kan-falla-regeringen\\\/\"]}]},{\"@type\":\"ImageObject\",\"inLanguage\":\"sv-SE\",\"@id\":\"https:\\\/\\\/lightweb.dev\\\/l\\\/svm-temp\\\/nyheter\\\/budgeten-for-2023-kan-falla-regeringen\\\/#primaryimage\",\"url\":\"https:\\\/\\\/lightweb.dev\\\/l\\\/svm-temp\\\/wp-content\\\/uploads\\\/2022\\\/08\\\/Ska\u0308rmavbild-2022-08-30-kl.-12.49.35-Stor.jpeg\",\"contentUrl\":\"https:\\\/\\\/lightweb.dev\\\/l\\\/svm-temp\\\/wp-content\\\/uploads\\\/2022\\\/08\\\/Ska\u0308rmavbild-2022-08-30-kl.-12.49.35-Stor.jpeg\",\"width\":1063,\"height\":650,\"caption\":\"Israel drar tillbaka sin ambassad\u00f6r i Spanien efter uttalanden av Pedro S\u00e1nchez.\"},{\"@type\":\"BreadcrumbList\",\"@id\":\"https:\\\/\\\/lightweb.dev\\\/l\\\/svm-temp\\\/nyheter\\\/budgeten-for-2023-kan-falla-regeringen\\\/#breadcrumb\",\"itemListElement\":[{\"@type\":\"ListItem\",\"position\":1,\"name\":\"Hem\",\"item\":\"https:\\\/\\\/lightweb.dev\\\/l\\\/svm-temp\\\/\"},{\"@type\":\"ListItem\",\"position\":2,\"name\":\"Budgeten f\u00f6r 2023 kan f\u00e4lla regeringen\"}]},{\"@type\":\"WebSite\",\"@id\":\"https:\\\/\\\/lightweb.dev\\\/l\\\/svm-temp\\\/#website\",\"url\":\"https:\\\/\\\/lightweb.dev\\\/l\\\/svm-temp\\\/\",\"name\":\"Svenska Magasinet\",\"description\":\"Dina Spanska nyheter p&aring; Svenska\",\"publisher\":{\"@id\":\"https:\\\/\\\/lightweb.dev\\\/l\\\/svm-temp\\\/#organization\"},\"potentialAction\":[{\"@type\":\"SearchAction\",\"target\":{\"@type\":\"EntryPoint\",\"urlTemplate\":\"https:\\\/\\\/lightweb.dev\\\/l\\\/svm-temp\\\/?s={search_term_string}\"},\"query-input\":{\"@type\":\"PropertyValueSpecification\",\"valueRequired\":true,\"valueName\":\"search_term_string\"}}],\"inLanguage\":\"sv-SE\"},{\"@type\":\"Organization\",\"@id\":\"https:\\\/\\\/lightweb.dev\\\/l\\\/svm-temp\\\/#organization\",\"name\":\"Melkerson y Nott SL\",\"alternateName\":\"Svenska Magasinet\",\"url\":\"https:\\\/\\\/lightweb.dev\\\/l\\\/svm-temp\\\/\",\"logo\":{\"@type\":\"ImageObject\",\"inLanguage\":\"sv-SE\",\"@id\":\"https:\\\/\\\/lightweb.dev\\\/l\\\/svm-temp\\\/#\\\/schema\\\/logo\\\/image\\\/\",\"url\":\"https:\\\/\\\/lightweb.dev\\\/l\\\/svm-temp\\\/wp-content\\\/uploads\\\/2025\\\/02\\\/SvM-logo-Xtra-Centrerad-SVART.png\",\"contentUrl\":\"https:\\\/\\\/lightweb.dev\\\/l\\\/svm-temp\\\/wp-content\\\/uploads\\\/2025\\\/02\\\/SvM-logo-Xtra-Centrerad-SVART.png\",\"width\":300,\"height\":99,\"caption\":\"Melkerson y Nott SL\"},\"image\":{\"@id\":\"https:\\\/\\\/lightweb.dev\\\/l\\\/svm-temp\\\/#\\\/schema\\\/logo\\\/image\\\/\"},\"sameAs\":[\"https:\\\/\\\/www.facebook.com\\\/svenskamagasinet\",\"https:\\\/\\\/x.com\\\/SvenskaMagasine\"]},{\"@type\":\"Person\",\"@id\":\"https:\\\/\\\/lightweb.dev\\\/l\\\/svm-temp\\\/#\\\/schema\\\/person\\\/7a82b8a73d171d32360a564b6d03508e\",\"name\":\"Ola Josefsson\",\"description\":\"Bevakar Solkusten och Spanien sedan 1994.\",\"sameAs\":[\"https:\\\/\\\/lightweb.dev\\\/l\\\/svm-temp\"],\"url\":\"https:\\\/\\\/lightweb.dev\\\/l\\\/svm-temp\\\/reporter\\\/ola-josefsson\\\/\"}]}<\/script>\n<!-- \/ Yoast SEO Premium plugin. -->","yoast_head_json":{"title":"Budgeten f\u00f6r 2023 kan f\u00e4lla regeringen - Svenska Magasinet","description":"Budgetarbetet f\u00f6r 2023 beskrivs som en av de mest komplicerade n\u00e5gonsin. Spanien har f\u00f6rbundet sig att \u00f6ka f\u00f6rsvarsutgifterna till det dubbla. Det var Pedro S\u00e1nchez besked vid Natotoppm\u00f6tet i Madrid i somras.","robots":{"index":"noindex","follow":"follow","max-snippet":"max-snippet:-1","max-image-preview":"max-image-preview:large","max-video-preview":"max-video-preview:-1"},"og_locale":"sv_SE","og_type":"article","og_title":"Budgeten f\u00f6r 2023 kan f\u00e4lla regeringen","og_description":"Budgetarbetet f\u00f6r 2023 beskrivs som en av de mest komplicerade n\u00e5gonsin. Spanien har f\u00f6rbundet sig att \u00f6ka f\u00f6rsvarsutgifterna till det dubbla. Det var Pedro S\u00e1nchez besked vid Natotoppm\u00f6tet i Madrid i somras.","og_url":"https:\/\/lightweb.dev\/l\/svm-temp\/nyheter\/budgeten-for-2023-kan-falla-regeringen\/","og_site_name":"Svenska Magasinet","article_publisher":"https:\/\/www.facebook.com\/svenskamagasinet","article_published_time":"2022-08-30T10:54:35+00:00","og_image":[{"width":1063,"height":650,"url":"https:\/\/lightweb.dev\/l\/svm-temp\/wp-content\/uploads\/2022\/08\/Ska\u0308rmavbild-2022-08-30-kl.-12.49.35-Stor.jpeg","type":"image\/jpeg"}],"author":"Ola Josefsson","twitter_card":"summary_large_image","twitter_creator":"@SvenskaMagasine","twitter_site":"@SvenskaMagasine","schema":{"@context":"https:\/\/schema.org","@graph":[{"@type":"Article","@id":"https:\/\/lightweb.dev\/l\/svm-temp\/nyheter\/budgeten-for-2023-kan-falla-regeringen\/#article","isPartOf":{"@id":"https:\/\/lightweb.dev\/l\/svm-temp\/nyheter\/budgeten-for-2023-kan-falla-regeringen\/"},"author":{"name":"Ola Josefsson","@id":"https:\/\/lightweb.dev\/l\/svm-temp\/#\/schema\/person\/7a82b8a73d171d32360a564b6d03508e"},"headline":"Budgeten f\u00f6r 2023 kan f\u00e4lla regeringen","datePublished":"2022-08-30T10:54:35+00:00","mainEntityOfPage":{"@id":"https:\/\/lightweb.dev\/l\/svm-temp\/nyheter\/budgeten-for-2023-kan-falla-regeringen\/"},"wordCount":301,"commentCount":1,"publisher":{"@id":"https:\/\/lightweb.dev\/l\/svm-temp\/#organization"},"image":{"@id":"https:\/\/lightweb.dev\/l\/svm-temp\/nyheter\/budgeten-for-2023-kan-falla-regeringen\/#primaryimage"},"thumbnailUrl":"https:\/\/lightweb.dev\/l\/svm-temp\/wp-content\/uploads\/2022\/08\/Ska\u0308rmavbild-2022-08-30-kl.-12.49.35-Stor.jpeg","articleSection":["Arkiv","Nyheter"],"inLanguage":"sv-SE"},{"@type":"WebPage","@id":"https:\/\/lightweb.dev\/l\/svm-temp\/nyheter\/budgeten-for-2023-kan-falla-regeringen\/","url":"https:\/\/lightweb.dev\/l\/svm-temp\/nyheter\/budgeten-for-2023-kan-falla-regeringen\/","name":"Budgeten f\u00f6r 2023 kan f\u00e4lla regeringen - Svenska Magasinet","isPartOf":{"@id":"https:\/\/lightweb.dev\/l\/svm-temp\/#website"},"primaryImageOfPage":{"@id":"https:\/\/lightweb.dev\/l\/svm-temp\/nyheter\/budgeten-for-2023-kan-falla-regeringen\/#primaryimage"},"image":{"@id":"https:\/\/lightweb.dev\/l\/svm-temp\/nyheter\/budgeten-for-2023-kan-falla-regeringen\/#primaryimage"},"thumbnailUrl":"https:\/\/lightweb.dev\/l\/svm-temp\/wp-content\/uploads\/2022\/08\/Ska\u0308rmavbild-2022-08-30-kl.-12.49.35-Stor.jpeg","datePublished":"2022-08-30T10:54:35+00:00","description":"Budgetarbetet f\u00f6r 2023 beskrivs som en av de mest komplicerade n\u00e5gonsin. Spanien har f\u00f6rbundet sig att \u00f6ka f\u00f6rsvarsutgifterna till det dubbla. Det var Pedro S\u00e1nchez besked vid Natotoppm\u00f6tet i Madrid i somras.","breadcrumb":{"@id":"https:\/\/lightweb.dev\/l\/svm-temp\/nyheter\/budgeten-for-2023-kan-falla-regeringen\/#breadcrumb"},"inLanguage":"sv-SE","potentialAction":[{"@type":"ReadAction","target":["https:\/\/lightweb.dev\/l\/svm-temp\/nyheter\/budgeten-for-2023-kan-falla-regeringen\/"]}]},{"@type":"ImageObject","inLanguage":"sv-SE","@id":"https:\/\/lightweb.dev\/l\/svm-temp\/nyheter\/budgeten-for-2023-kan-falla-regeringen\/#primaryimage","url":"https:\/\/lightweb.dev\/l\/svm-temp\/wp-content\/uploads\/2022\/08\/Ska\u0308rmavbild-2022-08-30-kl.-12.49.35-Stor.jpeg","contentUrl":"https:\/\/lightweb.dev\/l\/svm-temp\/wp-content\/uploads\/2022\/08\/Ska\u0308rmavbild-2022-08-30-kl.-12.49.35-Stor.jpeg","width":1063,"height":650,"caption":"Israel drar tillbaka sin ambassad\u00f6r i Spanien efter uttalanden av Pedro S\u00e1nchez."},{"@type":"BreadcrumbList","@id":"https:\/\/lightweb.dev\/l\/svm-temp\/nyheter\/budgeten-for-2023-kan-falla-regeringen\/#breadcrumb","itemListElement":[{"@type":"ListItem","position":1,"name":"Hem","item":"https:\/\/lightweb.dev\/l\/svm-temp\/"},{"@type":"ListItem","position":2,"name":"Budgeten f\u00f6r 2023 kan f\u00e4lla regeringen"}]},{"@type":"WebSite","@id":"https:\/\/lightweb.dev\/l\/svm-temp\/#website","url":"https:\/\/lightweb.dev\/l\/svm-temp\/","name":"Svenska Magasinet","description":"Dina Spanska nyheter p&aring; Svenska","publisher":{"@id":"https:\/\/lightweb.dev\/l\/svm-temp\/#organization"},"potentialAction":[{"@type":"SearchAction","target":{"@type":"EntryPoint","urlTemplate":"https:\/\/lightweb.dev\/l\/svm-temp\/?s={search_term_string}"},"query-input":{"@type":"PropertyValueSpecification","valueRequired":true,"valueName":"search_term_string"}}],"inLanguage":"sv-SE"},{"@type":"Organization","@id":"https:\/\/lightweb.dev\/l\/svm-temp\/#organization","name":"Melkerson y Nott SL","alternateName":"Svenska Magasinet","url":"https:\/\/lightweb.dev\/l\/svm-temp\/","logo":{"@type":"ImageObject","inLanguage":"sv-SE","@id":"https:\/\/lightweb.dev\/l\/svm-temp\/#\/schema\/logo\/image\/","url":"https:\/\/lightweb.dev\/l\/svm-temp\/wp-content\/uploads\/2025\/02\/SvM-logo-Xtra-Centrerad-SVART.png","contentUrl":"https:\/\/lightweb.dev\/l\/svm-temp\/wp-content\/uploads\/2025\/02\/SvM-logo-Xtra-Centrerad-SVART.png","width":300,"height":99,"caption":"Melkerson y Nott SL"},"image":{"@id":"https:\/\/lightweb.dev\/l\/svm-temp\/#\/schema\/logo\/image\/"},"sameAs":["https:\/\/www.facebook.com\/svenskamagasinet","https:\/\/x.com\/SvenskaMagasine"]},{"@type":"Person","@id":"https:\/\/lightweb.dev\/l\/svm-temp\/#\/schema\/person\/7a82b8a73d171d32360a564b6d03508e","name":"Ola Josefsson","description":"Bevakar Solkusten och Spanien sedan 1994.","sameAs":["https:\/\/lightweb.dev\/l\/svm-temp"],"url":"https:\/\/lightweb.dev\/l\/svm-temp\/reporter\/ola-josefsson\/"}]}},"_links":{"self":[{"href":"https:\/\/lightweb.dev\/l\/svm-temp\/wp-json\/wp\/v2\/posts\/56924","targetHints":{"allow":["GET"]}}],"collection":[{"href":"https:\/\/lightweb.dev\/l\/svm-temp\/wp-json\/wp\/v2\/posts"}],"about":[{"href":"https:\/\/lightweb.dev\/l\/svm-temp\/wp-json\/wp\/v2\/types\/post"}],"author":[{"embeddable":true,"href":"https:\/\/lightweb.dev\/l\/svm-temp\/wp-json\/wp\/v2\/users\/7"}],"replies":[{"embeddable":true,"href":"https:\/\/lightweb.dev\/l\/svm-temp\/wp-json\/wp\/v2\/comments?post=56924"}],"version-history":[{"count":0,"href":"https:\/\/lightweb.dev\/l\/svm-temp\/wp-json\/wp\/v2\/posts\/56924\/revisions"}],"wp:featuredmedia":[{"embeddable":true,"href":"https:\/\/lightweb.dev\/l\/svm-temp\/wp-json\/wp\/v2\/media\/56926"}],"wp:attachment":[{"href":"https:\/\/lightweb.dev\/l\/svm-temp\/wp-json\/wp\/v2\/media?parent=56924"}],"wp:term":[{"taxonomy":"category","embeddable":true,"href":"https:\/\/lightweb.dev\/l\/svm-temp\/wp-json\/wp\/v2\/categories?post=56924"},{"taxonomy":"post_tag","embeddable":true,"href":"https:\/\/lightweb.dev\/l\/svm-temp\/wp-json\/wp\/v2\/tags?post=56924"}],"curies":[{"name":"wp","href":"https:\/\/api.w.org\/{rel}","templated":true}]}}